{"id":30829,"date":"2015-05-12T00:00:00","date_gmt":"2015-05-12T04:00:00","guid":{"rendered":"http:\/\/192.81.217.108\/interamerica\/2015\/05\/la-iglesia-en-interamerica-reconoce-contribucion-de-dos-destacados-teologos\/"},"modified":"2015-05-12T00:00:00","modified_gmt":"2015-05-12T04:00:00","slug":"la-iglesia-en-interamerica-reconoce-contribucion-de-dos-destacados-teologos","status":"publish","type":"post","link":"https:\/\/interamerica.org\/es\/2015\/05\/la-iglesia-en-interamerica-reconoce-contribucion-de-dos-destacados-teologos\/","title":{"rendered":"La iglesia en Interam\u00e9rica reconoce contribuci\u00f3n de dos destacados te\u00f3logos"},"content":{"rendered":"<p>11 de mayo de 2015 | Miami, Florida, Estados Unidos | DIA<\/p>\n<div id=\"attachment_16844\" style=\"width: 370px\" class=\"wp-caption alignright\"><a href=\"\/interamerica\/wp-content\/uploads\/2017\/06\/AMR-IATS.png\" rel=\"fancybox\" title=\"La iglesia en Interam\u00e9rica reconoce contribuci\u00f3n de dos destacados te\u00f3logos\"><img fetchpriority=\"high\" decoding=\"async\" aria-describedby=\"caption-attachment-16844\" class=\" wp-image-16844 \" src=\"\/interamerica\/wp-content\/uploads\/2017\/06\/AMR-IATS.png\" alt=\"\" width=\"360\" height=\"256\" \/><\/a><p id=\"caption-attachment-16844\" class=\"wp-caption-text\">Los l\u00edderes de la Iglesia Adventista en la Divisi\u00f3n Interamericana posan para una fotograf\u00eda, despu\u00e9s de otorgar al doctor \u00c1ngel Manuel Rodr\u00edguez (tercero desde la izquierda), junto a su esposa Guivi, el Premio a la Excelencia en Educaci\u00f3n Teol\u00f3gica y Ministerial, durante una ceremonia especial que destac\u00f3 su contribuci\u00f3n el pasado 10 de mayo de 2015 en Miami, Florida, Estados Unidos. Imagen de Liza Christian\/DIA<\/p><\/div>\n<p>La Iglesia Adventista de Interam\u00e9rica, junto con su Seminario Teol\u00f3gico Interamericano (SETAI), reconoci\u00f3 a dos de sus destacados te\u00f3logos durante una breve ceremonia de premiaci\u00f3n en el d\u00eda de ayer en Miami, Florida, Estados Unidos.<\/p>\n<p>El doctor \u00c1ngel Manuel Rodr\u00edguez, originalmente de Puerto Rico, quien hace cinco a\u00f1os se retir\u00f3 del Instituto de Investigaciones B\u00edblicas de la Iglesia Adventista mundial en Silver Spring, Maryland, Estados Unidos, fue honrado con un Premio a la Excelencia en Educaci\u00f3n Teol\u00f3gica y Ministerial por haber dedicado d\u00e9cadas de su vida a la educaci\u00f3n ministerial, contribuir a la reflexi\u00f3n teol\u00f3gica, motivar a otros a generar investigaciones de estudios serios y articular ideas profundas en forma comprensible.<\/p>\n<p>\u00abEl doctor \u00c1ngel Manuel Rodr\u00edguez ha sido seleccionado para recibir este Premio a la Excelencia por haber marcado un sendero que otros pueden seguir\u00bb, dijo el doctor Efra\u00edn Vel\u00e1zquez, vicepresidente del SETAI, al leer pasajes de la revista teol\u00f3gica del SETAI,\u00a0<em>Teobiblica<\/em>, frente a decenas de los principales l\u00edderes de toda la Iglesia Adventista en Interam\u00e9rica que est\u00e1n reunidos en Miami para las reuniones de la Junta Directiva de la iglesia en el territorio.<\/p>\n<p>El doctor Jaime Castrej\u00f3n entreg\u00f3 el premio que es un s\u00edmbolo del Seminario que enfatiza los fundamentos y la proclamaci\u00f3n.<\/p>\n<p>El doctor Rodr\u00edguez fue seleccionado por sus contribuciones al estudio del tema del santuario, en especial durante esa doctrina estaba siendo escudri\u00f1ada en todo el mundo. \u00abGracias a las preguntas que presentaron \u00e9l y otros estudiosos y a las respuestas que generaron, hemos logrado profundizar nuestros conocimientos de una doctrina fundamental para la comprensi\u00f3n de las Escrituras y el plan de salvaci\u00f3n\u00bb, expres\u00f3 el art\u00edculo sobre Rodr\u00edguez.<\/p>\n<p>Al mismo tiempo, el doctor Rodr\u00edguez logr\u00f3 explicar a otros que no pertenecen a la Iglesia Adventista cu\u00e1les son nuestras creencias fundamentales sin por ello comprometer o efectuar variaciones en ellas.<\/p>\n<p>El doctor Rodr\u00edguez fue reconocido como uno de los pilares de la Iglesia Adventista.<\/p>\n<p>El pastor Israel Leito, presidente de la DIA, agradeci\u00f3 al doctor Rodr\u00edguez por su papel a la hora de basar todas sus discusiones sobre crisis teol\u00f3gicas y cuestiones administrativas en la Biblia.<\/p>\n<p>Abrumado por las expresiones de gratitud de parte de los l\u00edderes de la iglesia, el doctor Rodr\u00edguez confes\u00f3 que jam\u00e1s esper\u00f3 que su ministerio tuviera los efectos que tantos le describieron.<\/p>\n<div id=\"attachment_16845\" style=\"width: 370px\" class=\"wp-caption alignleft\"><a href=\"\/interamerica\/wp-content\/uploads\/2017\/06\/FullSizeRender400.png\" rel=\"fancybox\" title=\"La iglesia en Interam\u00e9rica reconoce contribuci\u00f3n de dos destacados te\u00f3logos\"><img decoding=\"async\" aria-describedby=\"caption-attachment-16845\" class=\" wp-image-16845 \" src=\"\/interamerica\/wp-content\/uploads\/2017\/06\/FullSizeRender400.png\" alt=\"\" width=\"360\" height=\"261\" \/><\/a><p id=\"caption-attachment-16845\" class=\"wp-caption-text\">El doctor Jaime Castrejon, presidente del SETAI, muestra el premio recibido junto a los l\u00edderes del SETAI y los administradores de la DIA, despu\u00e9s de ser reconocido con el Premio a la Excelencia en la Educaci\u00f3n Teol\u00f3gica y Ministerial a lo largo de sus a\u00f1os de servicio a la Iglesia Adventista de Interam\u00e9rica, el pasado 10 de mayo de 2015, en Miami, Florida, Estados Unidos. Imagen por cortes\u00eda de Efra\u00edn Vel\u00e1zquez\/DIA<\/p><\/div>\n<p>El doctor Rodr\u00edguez enfatiz\u00f3 sus humildes comienzos en Puerto Rico, y destac\u00f3 que \u00abla teolog\u00eda que no es colocada al servicio de la iglesia, carece de sentido\u00bb.<\/p>\n<p>Los l\u00edderes de la iglesia tambi\u00e9n reconocieron al doctor Jaime Castrej\u00f3n, presidente del SETAI, quien fue fundamental para la organizaci\u00f3n del seminario teol\u00f3gico durante la d\u00e9cada de 1990, y quien ayud\u00f3 a que recibiera la plena acreditaci\u00f3n en 2011.<\/p>\n<p>Castrej\u00f3n recibi\u00f3 el Premio a la Excelencia en Educaci\u00f3n Teol\u00f3gica y Ministerial por haber dedicado d\u00e9cadas de su vida a la educaci\u00f3n ministerial tanto a nivel institucional como de divisi\u00f3n, y por su contribuci\u00f3n como punto de referencia de la administraci\u00f3n de la educaci\u00f3n superior.<\/p>\n<p>\u00abSus incontables contribuciones a la educaci\u00f3n teol\u00f3gica destacan su posici\u00f3n como pilar del cuerpo ministerial de Interam\u00e9rica\u00bb, expres\u00f3 el pastor Leito. \u00abLa Divisi\u00f3n Interamericana le agradece por las d\u00e9cadas de ministerio y por el legado que usted deja en la regi\u00f3n\u00bb.<\/p>\n<p>El doctor Elie Henry, secretario ejecutivo de la DIA, tambi\u00e9n agradeci\u00f3 al doctor Castrej\u00f3n en nombre de todos los administradores de las uniones, por su extensa antig\u00fcedad en el territorio, y con vacilaci\u00f3n acept\u00f3 la carta donde Castrej\u00f3n expresa su intenci\u00f3n de jubilarse.<\/p>\n<p>Castrej\u00f3n, que es originario de M\u00e9xico, ha cumplido servicios en la sede de la Divisi\u00f3n Interamericana desde 1990.<\/p>\n<p>El doctor Castrej\u00f3n comenz\u00f3 su trabajo como secretario ministerial asociado en 1985, y m\u00e1s tarde pas\u00f3 a dirigir la Asociaci\u00f3n Ministerial en la sede de la DIA hasta el a\u00f1o 2000. Castrej\u00f3n, que fue fundamental para la obra de la Universidad de Montemorelos en el norte de M\u00e9xico, tambi\u00e9n lanz\u00f3 el Seminario Teol\u00f3gico Interamericano. Durante a\u00f1os, \u00e9l solo dirigi\u00f3 el seminario, e inici\u00f3 los esfuerzos para que sus programas fueran finalmente acreditados.<\/p>\n<p>Castrej\u00f3n ha sido un pilar para el seminario, y su legado ha sido fundamental, expres\u00f3 Henry.<\/p>\n<p><em>Traducci\u00f3n de Marcos Paseggi<\/em><\/p>\n","protected":false},"excerpt":{"rendered":"<p>La Iglesia Adventista de Interam\u00e9rica, junto con su Seminario Teol\u00f3gico Interamericano (SETAI), reconoci\u00f3 a dos de sus destacados te\u00f3logos durante una breve ceremonia de premiaci\u00f3n en el d\u00eda de ayer en Miami, Florida, Estados Unidos. <\/p>\n<p>El doctor \u00c1ngel Manuel Rodr\u00edguez, originalmente de Puerto Rico, quien hace cinco a\u00f1os se retir\u00f3 del Instituto de Investigaciones B\u00edblicas de la Iglesia Adventista mundial en Silver Spring, Maryland, Estados Unidos, fue honrado con un Premio a la Excelencia en Educaci\u00f3n Teol\u00f3gica y Ministerial por haber dedicado d\u00e9cadas de su vida a la educaci\u00f3n ministerial, contribuir a la reflexi\u00f3n teol\u00f3gica, motivar a otros a generar investigaciones de estudios serios y articular ideas profundas en forma comprensible.<\/p>\n","protected":false},"author":1,"featured_media":25279,"comment_status":"closed","ping_status":"closed","sticky":false,"template":"","format":"standard","meta":{"_acf_changed":false,"footnotes":""},"categories":[16,15],"tags":[],"class_list":["post-30829","post","type-post","status-publish","format-standard","has-post-thumbnail","hentry","category-desde-la-sede","category-rss-espanol"],"acf":[],"yoast_head":"<!-- This site is optimized with the Yoast SEO plugin v27.3 - https:\/\/yoast.com\/product\/yoast-seo-wordpress\/ -->\n<title>La iglesia en Interam\u00e9rica reconoce contribuci\u00f3n de dos destacados te\u00f3logos - Iglesia Adventista del S\u00e9ptimo D\u00eda - Divisi\u00f3n Interamericana<\/title>\n<meta name=\"robots\" content=\"index, follow, max-snippet:-1, max-image-preview:large, max-video-preview:-1\" \/>\n<link rel=\"canonical\" href=\"https:\/\/interamerica.org\/es\/2015\/05\/la-iglesia-en-interamerica-reconoce-contribucion-de-dos-destacados-teologos\/\" \/>\n<meta property=\"og:locale\" content=\"es_ES\" \/>\n<meta property=\"og:type\" content=\"article\" \/>\n<meta property=\"og:title\" content=\"La iglesia en Interam\u00e9rica reconoce contribuci\u00f3n de dos destacados te\u00f3logos - Iglesia Adventista del S\u00e9ptimo D\u00eda - Divisi\u00f3n Interamericana\" \/>\n<meta property=\"og:description\" content=\"La Iglesia Adventista de Interam\u00e9rica, junto con su Seminario Teol\u00f3gico Interamericano (SETAI), reconoci\u00f3 a dos de sus destacados te\u00f3logos durante una breve ceremonia de premiaci\u00f3n en el d\u00eda de ayer en Miami, Florida, Estados Unidos.  El doctor \u00c1ngel Manuel Rodr\u00edguez, originalmente de Puerto Rico, quien hace cinco a\u00f1os se retir\u00f3 del Instituto de Investigaciones B\u00edblicas de la Iglesia Adventista mundial en Silver Spring, Maryland, Estados Unidos, fue honrado con un Premio a la Excelencia en Educaci\u00f3n Teol\u00f3gica y Ministerial por haber dedicado d\u00e9cadas de su vida a la educaci\u00f3n ministerial, contribuir a la reflexi\u00f3n teol\u00f3gica, motivar a otros a generar investigaciones de estudios serios y articular ideas profundas en forma comprensible.\" \/>\n<meta property=\"og:url\" content=\"https:\/\/interamerica.org\/es\/2015\/05\/la-iglesia-en-interamerica-reconoce-contribucion-de-dos-destacados-teologos\/\" \/>\n<meta property=\"og:site_name\" content=\"Iglesia Adventista del S\u00e9ptimo D\u00eda - Divisi\u00f3n Interamericana\" \/>\n<meta property=\"article:published_time\" content=\"2015-05-12T04:00:00+00:00\" \/>\n<meta property=\"og:image\" content=\"https:\/\/interamerica.org\/wp-content\/uploads\/2017\/06\/AMR-IATS.png\" \/>\n\t<meta property=\"og:image:width\" content=\"400\" \/>\n\t<meta property=\"og:image:height\" content=\"284\" \/>\n\t<meta property=\"og:image:type\" content=\"image\/png\" \/>\n<meta name=\"author\" content=\"Lorenzo Verduzco\" \/>\n<meta name=\"twitter:card\" content=\"summary_large_image\" \/>\n<meta name=\"twitter:label1\" content=\"Escrito por\" \/>\n\t<meta name=\"twitter:data1\" content=\"Lorenzo Verduzco\" \/>\n\t<meta name=\"twitter:label2\" content=\"Tiempo de lectura\" \/>\n\t<meta name=\"twitter:data2\" content=\"5 minutos\" \/>\n<script type=\"application\/ld+json\" class=\"yoast-schema-graph\">{\"@context\":\"https:\\\/\\\/schema.org\",\"@graph\":[{\"@type\":\"Article\",\"@id\":\"https:\\\/\\\/interamerica.org\\\/es\\\/2015\\\/05\\\/la-iglesia-en-interamerica-reconoce-contribucion-de-dos-destacados-teologos\\\/#article\",\"isPartOf\":{\"@id\":\"https:\\\/\\\/interamerica.org\\\/es\\\/2015\\\/05\\\/la-iglesia-en-interamerica-reconoce-contribucion-de-dos-destacados-teologos\\\/\"},\"author\":{\"name\":\"Lorenzo Verduzco\",\"@id\":\"https:\\\/\\\/interamerica.org\\\/es\\\/#\\\/schema\\\/person\\\/68ede8bdc292885bb76c1e3810e73c39\"},\"headline\":\"La iglesia en Interam\u00e9rica reconoce contribuci\u00f3n de dos destacados te\u00f3logos\",\"datePublished\":\"2015-05-12T04:00:00+00:00\",\"mainEntityOfPage\":{\"@id\":\"https:\\\/\\\/interamerica.org\\\/es\\\/2015\\\/05\\\/la-iglesia-en-interamerica-reconoce-contribucion-de-dos-destacados-teologos\\\/\"},\"wordCount\":949,\"image\":{\"@id\":\"https:\\\/\\\/interamerica.org\\\/es\\\/2015\\\/05\\\/la-iglesia-en-interamerica-reconoce-contribucion-de-dos-destacados-teologos\\\/#primaryimage\"},\"thumbnailUrl\":\"https:\\\/\\\/interamerica.org\\\/wp-content\\\/uploads\\\/2017\\\/06\\\/AMR-IATS.png\",\"articleSection\":[\"Desde la sede\",\"RSS Espa\u00f1ol\"],\"inLanguage\":\"es\"},{\"@type\":\"WebPage\",\"@id\":\"https:\\\/\\\/interamerica.org\\\/es\\\/2015\\\/05\\\/la-iglesia-en-interamerica-reconoce-contribucion-de-dos-destacados-teologos\\\/\",\"url\":\"https:\\\/\\\/interamerica.org\\\/es\\\/2015\\\/05\\\/la-iglesia-en-interamerica-reconoce-contribucion-de-dos-destacados-teologos\\\/\",\"name\":\"La iglesia en Interam\u00e9rica reconoce contribuci\u00f3n de dos destacados te\u00f3logos - Iglesia Adventista del S\u00e9ptimo D\u00eda - Divisi\u00f3n Interamericana\",\"isPartOf\":{\"@id\":\"https:\\\/\\\/interamerica.org\\\/es\\\/#website\"},\"primaryImageOfPage\":{\"@id\":\"https:\\\/\\\/interamerica.org\\\/es\\\/2015\\\/05\\\/la-iglesia-en-interamerica-reconoce-contribucion-de-dos-destacados-teologos\\\/#primaryimage\"},\"image\":{\"@id\":\"https:\\\/\\\/interamerica.org\\\/es\\\/2015\\\/05\\\/la-iglesia-en-interamerica-reconoce-contribucion-de-dos-destacados-teologos\\\/#primaryimage\"},\"thumbnailUrl\":\"https:\\\/\\\/interamerica.org\\\/wp-content\\\/uploads\\\/2017\\\/06\\\/AMR-IATS.png\",\"datePublished\":\"2015-05-12T04:00:00+00:00\",\"author\":{\"@id\":\"https:\\\/\\\/interamerica.org\\\/es\\\/#\\\/schema\\\/person\\\/68ede8bdc292885bb76c1e3810e73c39\"},\"breadcrumb\":{\"@id\":\"https:\\\/\\\/interamerica.org\\\/es\\\/2015\\\/05\\\/la-iglesia-en-interamerica-reconoce-contribucion-de-dos-destacados-teologos\\\/#breadcrumb\"},\"inLanguage\":\"es\",\"potentialAction\":[{\"@type\":\"ReadAction\",\"target\":[\"https:\\\/\\\/interamerica.org\\\/es\\\/2015\\\/05\\\/la-iglesia-en-interamerica-reconoce-contribucion-de-dos-destacados-teologos\\\/\"]}]},{\"@type\":\"ImageObject\",\"inLanguage\":\"es\",\"@id\":\"https:\\\/\\\/interamerica.org\\\/es\\\/2015\\\/05\\\/la-iglesia-en-interamerica-reconoce-contribucion-de-dos-destacados-teologos\\\/#primaryimage\",\"url\":\"https:\\\/\\\/interamerica.org\\\/wp-content\\\/uploads\\\/2017\\\/06\\\/AMR-IATS.png\",\"contentUrl\":\"https:\\\/\\\/interamerica.org\\\/wp-content\\\/uploads\\\/2017\\\/06\\\/AMR-IATS.png\",\"width\":400,\"height\":284},{\"@type\":\"BreadcrumbList\",\"@id\":\"https:\\\/\\\/interamerica.org\\\/es\\\/2015\\\/05\\\/la-iglesia-en-interamerica-reconoce-contribucion-de-dos-destacados-teologos\\\/#breadcrumb\",\"itemListElement\":[{\"@type\":\"ListItem\",\"position\":1,\"name\":\"Home\",\"item\":\"https:\\\/\\\/interamerica.org\\\/es\\\/\"},{\"@type\":\"ListItem\",\"position\":2,\"name\":\"La iglesia en Interam\u00e9rica reconoce contribuci\u00f3n de dos destacados te\u00f3logos\"}]},{\"@type\":\"WebSite\",\"@id\":\"https:\\\/\\\/interamerica.org\\\/es\\\/#website\",\"url\":\"https:\\\/\\\/interamerica.org\\\/es\\\/\",\"name\":\"Iglesia Adventista del S\u00e9ptimo D\u00eda - Divisi\u00f3n Interamericana\",\"description\":\"\",\"potentialAction\":[{\"@type\":\"SearchAction\",\"target\":{\"@type\":\"EntryPoint\",\"urlTemplate\":\"https:\\\/\\\/interamerica.org\\\/es\\\/?s={search_term_string}\"},\"query-input\":{\"@type\":\"PropertyValueSpecification\",\"valueRequired\":true,\"valueName\":\"search_term_string\"}}],\"inLanguage\":\"es\"},{\"@type\":\"Person\",\"@id\":\"https:\\\/\\\/interamerica.org\\\/es\\\/#\\\/schema\\\/person\\\/68ede8bdc292885bb76c1e3810e73c39\",\"name\":\"Lorenzo Verduzco\",\"image\":{\"@type\":\"ImageObject\",\"inLanguage\":\"es\",\"@id\":\"https:\\\/\\\/secure.gravatar.com\\\/avatar\\\/fb81a55b6218459490a9c1dc841a34909185b81904c5337b4b27f7a6fd60c49e?s=96&d=mm&r=g\",\"url\":\"https:\\\/\\\/secure.gravatar.com\\\/avatar\\\/fb81a55b6218459490a9c1dc841a34909185b81904c5337b4b27f7a6fd60c49e?s=96&d=mm&r=g\",\"contentUrl\":\"https:\\\/\\\/secure.gravatar.com\\\/avatar\\\/fb81a55b6218459490a9c1dc841a34909185b81904c5337b4b27f7a6fd60c49e?s=96&d=mm&r=g\",\"caption\":\"Lorenzo Verduzco\"}}]}<\/script>\n<!-- \/ Yoast SEO plugin. -->","yoast_head_json":{"title":"La iglesia en Interam\u00e9rica reconoce contribuci\u00f3n de dos destacados te\u00f3logos - Iglesia Adventista del S\u00e9ptimo D\u00eda - Divisi\u00f3n Interamericana","robots":{"index":"index","follow":"follow","max-snippet":"max-snippet:-1","max-image-preview":"max-image-preview:large","max-video-preview":"max-video-preview:-1"},"canonical":"https:\/\/interamerica.org\/es\/2015\/05\/la-iglesia-en-interamerica-reconoce-contribucion-de-dos-destacados-teologos\/","og_locale":"es_ES","og_type":"article","og_title":"La iglesia en Interam\u00e9rica reconoce contribuci\u00f3n de dos destacados te\u00f3logos - Iglesia Adventista del S\u00e9ptimo D\u00eda - Divisi\u00f3n Interamericana","og_description":"La Iglesia Adventista de Interam\u00e9rica, junto con su Seminario Teol\u00f3gico Interamericano (SETAI), reconoci\u00f3 a dos de sus destacados te\u00f3logos durante una breve ceremonia de premiaci\u00f3n en el d\u00eda de ayer en Miami, Florida, Estados Unidos.  El doctor \u00c1ngel Manuel Rodr\u00edguez, originalmente de Puerto Rico, quien hace cinco a\u00f1os se retir\u00f3 del Instituto de Investigaciones B\u00edblicas de la Iglesia Adventista mundial en Silver Spring, Maryland, Estados Unidos, fue honrado con un Premio a la Excelencia en Educaci\u00f3n Teol\u00f3gica y Ministerial por haber dedicado d\u00e9cadas de su vida a la educaci\u00f3n ministerial, contribuir a la reflexi\u00f3n teol\u00f3gica, motivar a otros a generar investigaciones de estudios serios y articular ideas profundas en forma comprensible.","og_url":"https:\/\/interamerica.org\/es\/2015\/05\/la-iglesia-en-interamerica-reconoce-contribucion-de-dos-destacados-teologos\/","og_site_name":"Iglesia Adventista del S\u00e9ptimo D\u00eda - Divisi\u00f3n Interamericana","article_published_time":"2015-05-12T04:00:00+00:00","og_image":[{"width":400,"height":284,"url":"https:\/\/interamerica.org\/wp-content\/uploads\/2017\/06\/AMR-IATS.png","type":"image\/png"}],"author":"Lorenzo Verduzco","twitter_card":"summary_large_image","twitter_misc":{"Escrito por":"Lorenzo Verduzco","Tiempo de lectura":"5 minutos"},"schema":{"@context":"https:\/\/schema.org","@graph":[{"@type":"Article","@id":"https:\/\/interamerica.org\/es\/2015\/05\/la-iglesia-en-interamerica-reconoce-contribucion-de-dos-destacados-teologos\/#article","isPartOf":{"@id":"https:\/\/interamerica.org\/es\/2015\/05\/la-iglesia-en-interamerica-reconoce-contribucion-de-dos-destacados-teologos\/"},"author":{"name":"Lorenzo Verduzco","@id":"https:\/\/interamerica.org\/es\/#\/schema\/person\/68ede8bdc292885bb76c1e3810e73c39"},"headline":"La iglesia en Interam\u00e9rica reconoce contribuci\u00f3n de dos destacados te\u00f3logos","datePublished":"2015-05-12T04:00:00+00:00","mainEntityOfPage":{"@id":"https:\/\/interamerica.org\/es\/2015\/05\/la-iglesia-en-interamerica-reconoce-contribucion-de-dos-destacados-teologos\/"},"wordCount":949,"image":{"@id":"https:\/\/interamerica.org\/es\/2015\/05\/la-iglesia-en-interamerica-reconoce-contribucion-de-dos-destacados-teologos\/#primaryimage"},"thumbnailUrl":"https:\/\/interamerica.org\/wp-content\/uploads\/2017\/06\/AMR-IATS.png","articleSection":["Desde la sede","RSS Espa\u00f1ol"],"inLanguage":"es"},{"@type":"WebPage","@id":"https:\/\/interamerica.org\/es\/2015\/05\/la-iglesia-en-interamerica-reconoce-contribucion-de-dos-destacados-teologos\/","url":"https:\/\/interamerica.org\/es\/2015\/05\/la-iglesia-en-interamerica-reconoce-contribucion-de-dos-destacados-teologos\/","name":"La iglesia en Interam\u00e9rica reconoce contribuci\u00f3n de dos destacados te\u00f3logos - Iglesia Adventista del S\u00e9ptimo D\u00eda - Divisi\u00f3n Interamericana","isPartOf":{"@id":"https:\/\/interamerica.org\/es\/#website"},"primaryImageOfPage":{"@id":"https:\/\/interamerica.org\/es\/2015\/05\/la-iglesia-en-interamerica-reconoce-contribucion-de-dos-destacados-teologos\/#primaryimage"},"image":{"@id":"https:\/\/interamerica.org\/es\/2015\/05\/la-iglesia-en-interamerica-reconoce-contribucion-de-dos-destacados-teologos\/#primaryimage"},"thumbnailUrl":"https:\/\/interamerica.org\/wp-content\/uploads\/2017\/06\/AMR-IATS.png","datePublished":"2015-05-12T04:00:00+00:00","author":{"@id":"https:\/\/interamerica.org\/es\/#\/schema\/person\/68ede8bdc292885bb76c1e3810e73c39"},"breadcrumb":{"@id":"https:\/\/interamerica.org\/es\/2015\/05\/la-iglesia-en-interamerica-reconoce-contribucion-de-dos-destacados-teologos\/#breadcrumb"},"inLanguage":"es","potentialAction":[{"@type":"ReadAction","target":["https:\/\/interamerica.org\/es\/2015\/05\/la-iglesia-en-interamerica-reconoce-contribucion-de-dos-destacados-teologos\/"]}]},{"@type":"ImageObject","inLanguage":"es","@id":"https:\/\/interamerica.org\/es\/2015\/05\/la-iglesia-en-interamerica-reconoce-contribucion-de-dos-destacados-teologos\/#primaryimage","url":"https:\/\/interamerica.org\/wp-content\/uploads\/2017\/06\/AMR-IATS.png","contentUrl":"https:\/\/interamerica.org\/wp-content\/uploads\/2017\/06\/AMR-IATS.png","width":400,"height":284},{"@type":"BreadcrumbList","@id":"https:\/\/interamerica.org\/es\/2015\/05\/la-iglesia-en-interamerica-reconoce-contribucion-de-dos-destacados-teologos\/#breadcrumb","itemListElement":[{"@type":"ListItem","position":1,"name":"Home","item":"https:\/\/interamerica.org\/es\/"},{"@type":"ListItem","position":2,"name":"La iglesia en Interam\u00e9rica reconoce contribuci\u00f3n de dos destacados te\u00f3logos"}]},{"@type":"WebSite","@id":"https:\/\/interamerica.org\/es\/#website","url":"https:\/\/interamerica.org\/es\/","name":"Iglesia Adventista del S\u00e9ptimo D\u00eda - Divisi\u00f3n Interamericana","description":"","potentialAction":[{"@type":"SearchAction","target":{"@type":"EntryPoint","urlTemplate":"https:\/\/interamerica.org\/es\/?s={search_term_string}"},"query-input":{"@type":"PropertyValueSpecification","valueRequired":true,"valueName":"search_term_string"}}],"inLanguage":"es"},{"@type":"Person","@id":"https:\/\/interamerica.org\/es\/#\/schema\/person\/68ede8bdc292885bb76c1e3810e73c39","name":"Lorenzo Verduzco","image":{"@type":"ImageObject","inLanguage":"es","@id":"https:\/\/secure.gravatar.com\/avatar\/fb81a55b6218459490a9c1dc841a34909185b81904c5337b4b27f7a6fd60c49e?s=96&d=mm&r=g","url":"https:\/\/secure.gravatar.com\/avatar\/fb81a55b6218459490a9c1dc841a34909185b81904c5337b4b27f7a6fd60c49e?s=96&d=mm&r=g","contentUrl":"https:\/\/secure.gravatar.com\/avatar\/fb81a55b6218459490a9c1dc841a34909185b81904c5337b4b27f7a6fd60c49e?s=96&d=mm&r=g","caption":"Lorenzo Verduzco"}}]}},"_links":{"self":[{"href":"https:\/\/interamerica.org\/es\/wp-json\/wp\/v2\/posts\/30829","targetHints":{"allow":["GET"]}}],"collection":[{"href":"https:\/\/interamerica.org\/es\/wp-json\/wp\/v2\/posts"}],"about":[{"href":"https:\/\/interamerica.org\/es\/wp-json\/wp\/v2\/types\/post"}],"author":[{"embeddable":true,"href":"https:\/\/interamerica.org\/es\/wp-json\/wp\/v2\/users\/1"}],"replies":[{"embeddable":true,"href":"https:\/\/interamerica.org\/es\/wp-json\/wp\/v2\/comments?post=30829"}],"version-history":[{"count":0,"href":"https:\/\/interamerica.org\/es\/wp-json\/wp\/v2\/posts\/30829\/revisions"}],"wp:featuredmedia":[{"embeddable":true,"href":"https:\/\/interamerica.org\/es\/wp-json\/wp\/v2\/media\/25279"}],"wp:attachment":[{"href":"https:\/\/interamerica.org\/es\/wp-json\/wp\/v2\/media?parent=30829"}],"wp:term":[{"taxonomy":"category","embeddable":true,"href":"https:\/\/interamerica.org\/es\/wp-json\/wp\/v2\/categories?post=30829"},{"taxonomy":"post_tag","embeddable":true,"href":"https:\/\/interamerica.org\/es\/wp-json\/wp\/v2\/tags?post=30829"}],"curies":[{"name":"wp","href":"https:\/\/api.w.org\/{rel}","templated":true}]}}