{"id":30830,"date":"2015-05-12T00:00:00","date_gmt":"2015-05-12T04:00:00","guid":{"rendered":"http:\/\/192.81.217.108\/interamerica\/2015\/05\/universidad-adventista-de-puerto-rico-comienza-a-construir-su-primer-templo\/"},"modified":"2015-05-12T00:00:00","modified_gmt":"2015-05-12T04:00:00","slug":"universidad-adventista-de-puerto-rico-comienza-a-construir-su-primer-templo","status":"publish","type":"post","link":"https:\/\/interamerica.org\/es\/2015\/05\/universidad-adventista-de-puerto-rico-comienza-a-construir-su-primer-templo\/","title":{"rendered":"Universidad Adventista de Puerto Rico comienza a construir su primer templo"},"content":{"rendered":"<div id=\"attachment_16870\" style=\"width: 610px\" class=\"wp-caption aligncenter\"><a href=\"\/interamerica\/wp-content\/uploads\/2017\/06\/AAUtemple-AerealView600.png\" rel=\"fancybox\" title=\"Universidad Adventista de Puerto Rico comienza a construir su primer templo\"><img fetchpriority=\"high\" decoding=\"async\" aria-describedby=\"caption-attachment-16870\" class=\"size-full wp-image-16870\" src=\"\/interamerica\/wp-content\/uploads\/2017\/06\/AAUtemple-AerealView600.png\" alt=\"\" width=\"600\" height=\"450\" \/><\/a><p id=\"caption-attachment-16870\" class=\"wp-caption-text\">Vista a\u00e9rea del lugar de la construcci\u00f3n donde hace poco se comenz\u00f3 a levantar el primer templo del campus de la Universidad Adventista de las Antillas en Mayag\u00fcez, Puerto Rico. Los l\u00edderes y los miembros de iglesia de toda la isla se reunieron el 26 de abril para ser testigos del progreso del nuevo templo y para contribuir fondos para la edificaci\u00f3n de tres pisos. Im\u00e1genes por cortes\u00eda de la Universidad Adventista de las Antillas.<\/p><\/div>\n<p>11 de mayo de 2015 | Mayag\u00fcez, Puerto Rico | Lorell Varela\/DIA<\/p>\n<p>Los adventistas del s\u00e9ptimo d\u00eda de Puerto Rico se reunieron para contribuir con la construcci\u00f3n de la primera iglesia construida en el campus de la Universidad Adventista de las Antillas, una instituci\u00f3n de 53 a\u00f1os de antig\u00fcedad. M\u00e1s de tres mil l\u00edderes y miembros de iglesia de toda la isla se reunieron en el campus el pasado 26 de abril para una celebraci\u00f3n para ser testigos del hist\u00f3rico evento y participar de momentos espirituales, reflexiones sobre las bendiciones y actividades divertidas para toda la familia.<\/p>\n<div id=\"attachment_16872\" style=\"width: 410px\" class=\"wp-caption alignright\"><a href=\"\/interamerica\/wp-content\/uploads\/2017\/06\/AAUCapilla400.png\" rel=\"fancybox\" title=\"Universidad Adventista de Puerto Rico comienza a construir su primer templo\"><img decoding=\"async\" aria-describedby=\"caption-attachment-16872\" class=\"size-full wp-image-16872\" src=\"\/interamerica\/wp-content\/uploads\/2017\/06\/AAUCapilla400.png\" alt=\"\" width=\"400\" height=\"266\" \/><\/a><p id=\"caption-attachment-16872\" class=\"wp-caption-text\">La capilla de la universidad ha sido usada como templo desde que se estableci\u00f3 la instituci\u00f3n.<\/p><\/div>\n<p>El evento fue parte de una celebraci\u00f3n de hermandad que se lleva a cabo en la isla cada cinco a\u00f1os. En esta ocasi\u00f3n, se destac\u00f3 el proyecto de construir un nuevo templo. La edificaci\u00f3n costar\u00e1 3,5 millones de d\u00f3lares, y tendr\u00e1 lugar para unas 750 personas sentadas.<\/p>\n<p>\u00abHace unos cincuenta a\u00f1os, la Universidad Adventista de las Antillas era un lugar que no contaba con las comodidades que disfrutamos hoy\u00bb, dijo Abiezer Rodr\u00edguez, pastor de la universidad. \u00abEra una estructura antigua de madera que estaba cubierta de cables bajo los cuales estudiaban los alumnos, y contaba con unas pocas habitaciones. Solo unos pocos estudiantes pod\u00edan llegar hasta el campus, debido a que las rutas no eran accesibles, entre otros desaf\u00edos\u00bb, a\u00f1adi\u00f3 Rodr\u00edguez.<\/p>\n<p>Una peque\u00f1a capilla que fue construida hace d\u00e9cadas hac\u00eda las veces de iglesia.<\/p>\n<p>\u00abEn el presente, despu\u00e9s de cincuenta a\u00f1os, esta universidad ha crecido, pero el sue\u00f1o de tener un templo, una casa de adoraci\u00f3n para Dios, a\u00fan no ha sido cumplido\u00bb, a\u00f1adi\u00f3.<\/p>\n<p>El pastor Israel Leito, presidente de la Iglesia Adventista en Interam\u00e9rica habl\u00f3 durante el evento, y anim\u00f3 a la congregaci\u00f3n para que siga buscando una iglesia unificada. \u00abEl \u00e9nfasis de la iglesia siempre deber\u00eda ser Cristo\u00bb, dijo el pastor Leito. \u00abY en medio de la diversidad que vemos en la iglesia, tiene que haber unidad y fidelidad a la verdad de Dios\u00bb.<\/p>\n<div id=\"attachment_16874\" style=\"width: 410px\" class=\"wp-caption alignright\"><a href=\"\/interamerica\/wp-content\/uploads\/2017\/06\/AAU-aereal400.png\" rel=\"fancybox\" title=\"Universidad Adventista de Puerto Rico comienza a construir su primer templo\"><img decoding=\"async\" aria-describedby=\"caption-attachment-16874\" class=\"size-full wp-image-16874\" src=\"\/interamerica\/wp-content\/uploads\/2017\/06\/AAU-aereal400.png\" alt=\"\" width=\"400\" height=\"300\" \/><\/a><p id=\"caption-attachment-16874\" class=\"wp-caption-text\">Otra vista a\u00e9rea de la construcci\u00f3n del nuevo templo en el campus de la Universidad Adventista de las Antillas.<\/p><\/div>\n<p>El doctor Obed Jim\u00e9nez, rector de la Universidad Adventista de las Antillas, se sinti\u00f3 complacido de que miles de miembros de iglesia de toda la isla se hayan congregado para ver que la universidad adventista tenga su propio templo en el campus. Jim\u00e9nez agradeci\u00f3 a los feligreses por contribuir con m\u00e1s de 175 mil d\u00f3lares para el proyecto de construcci\u00f3n del templo.<\/p>\n<p>\u00abRogamos que oren para que nuestra instituci\u00f3n pueda disfrutar de un templo dedicado como lugar de adoraci\u00f3n para Dios para las generaciones venideras\u00bb, dijo el doctor Jim\u00e9nez.<\/p>\n<p>Los directivos de la universidad dijeron que la construcci\u00f3n comenz\u00f3 la construcci\u00f3n con fondos de la universidad, donaciones de exalumnos y fondos de la Asociaci\u00f3n Puertorrique\u00f1a del Oeste. Est\u00e1 planeado terminar la construcci\u00f3n para abril de 2016.<\/p>\n<p>El nuevo templo tendr\u00e1 tres niveles: el primer nivel albergar\u00e1 el departamento de Teolog\u00eda y salas de Escuela Sab\u00e1tica para los ni\u00f1os y los j\u00f3venes. El segundo nivel contar\u00e1 con un auditorio con capacidad para quinientas personas sentadas, y tambi\u00e9n el departamento de Asuntos Religiosas. El tercer nivel incluir\u00e1 un estudio de producci\u00f3n de multimedios.<\/p>\n<p>La Universidad Adventista de las Antillas surgi\u00f3 a partir de las instituciones educativas en Puerto Rico y Cuba. En 1961, la instituci\u00f3n recibi\u00f3 la autorizaci\u00f3n de ofrecer programas que eran ofrecidos en el Colegio Terciario Adventista de Santa Clara, Cuba.<\/p>\n<div id=\"attachment_16873\" style=\"width: 410px\" class=\"wp-caption alignleft\"><a href=\"\/interamerica\/wp-content\/uploads\/2017\/06\/AAU-templeDrawing.png\" rel=\"fancybox\" title=\"Universidad Adventista de Puerto Rico comienza a construir su primer templo\"><img loading=\"lazy\" decoding=\"async\" aria-describedby=\"caption-attachment-16873\" class=\"size-full wp-image-16873\" src=\"\/interamerica\/wp-content\/uploads\/2017\/06\/AAU-templeDrawing.png\" alt=\"\" width=\"400\" height=\"300\" \/><\/a><p id=\"caption-attachment-16873\" class=\"wp-caption-text\">Bosquejos de las nuevas instalaciones de tres pisos donde estar\u00e1 el templo, oficinas, salas de Escuela Sab\u00e1tica y un estudio de producci\u00f3n de multimedios.<\/p><\/div>\n<p>La Universidad Adventista de las Antillas est\u00e1 ubicada en Mayag\u00fcez, Puerto Rico. El campus ocupa unas 115 hect\u00e1reas en una regi\u00f3n monta\u00f1osa frente al Oc\u00e9ano Atl\u00e1ntico.<\/p>\n<p>La universidad cuenta actualmente con 1337 estudiantes de m\u00e1s de treinta a\u00f1os y ofrece 27 t\u00edtulos de grado, siete maestr\u00edas y cuenta con m\u00e1s de 5500 de estudiantes de posgrado.<\/p>\n<p>La universidad ofrece un t\u00edtulo de enfermer\u00eda en anestesia y un programa doctoral en fisioterapia que comenzar\u00e1 el a\u00f1o que viene.<\/p>\n<p>La Universidad Adventista de las Antillas ha sido distinguida en Puerto Rico por su excelencia acad\u00e9mica, ambiente espiritual y diversidad cultural.<\/p>\n<p>Para saber m\u00e1s sobre la Universidad Adventista de las Antillas, visite <a href=\"http:\/\/www.uaa.edu\/esp\/\">uaa.edu<\/a><\/p>\n<p>Usted puede donar para ayudar a completar del nuevo templo en el sitio\u00a0<a href=\"www.iglesiauaa.org\">iglesiauaa.org<\/a><\/p>\n<p><em>Traducci\u00f3n de Marcos Paseggi<\/em><\/p>\n","protected":false},"excerpt":{"rendered":"<p>Los adventistas del s\u00e9ptimo d\u00eda de Puerto Rico se reunieron para contribuir con la construcci\u00f3n de la primera iglesia construida en el campus de la Universidad Adventista de las Antillas, una instituci\u00f3n de 53 a\u00f1os de antig\u00fcedad. M\u00e1s de tres mil l\u00edderes y miembros de iglesia de toda la isla se reunieron en el campus el pasado 26 de abril para una celebraci\u00f3n para ser testigos del hist\u00f3rico evento y participar de momentos espirituales, reflexiones sobre las bendiciones y actividades divertidas para toda la familia.<\/p>\n","protected":false},"author":1,"featured_media":25286,"comment_status":"closed","ping_status":"closed","sticky":false,"template":"","format":"standard","meta":{"_acf_changed":false,"footnotes":""},"categories":[17,15],"tags":[],"class_list":["post-30830","post","type-post","status-publish","format-standard","has-post-thumbnail","hentry","category-desde-el-campo","category-rss-espanol"],"acf":[],"yoast_head":"<!-- This site is optimized with the Yoast SEO plugin v27.3 - https:\/\/yoast.com\/product\/yoast-seo-wordpress\/ -->\n<title>Universidad Adventista de Puerto Rico comienza a construir su primer templo - Iglesia Adventista del S\u00e9ptimo D\u00eda - Divisi\u00f3n Interamericana<\/title>\n<meta name=\"robots\" content=\"index, follow, max-snippet:-1, max-image-preview:large, max-video-preview:-1\" \/>\n<link rel=\"canonical\" href=\"https:\/\/interamerica.org\/es\/2015\/05\/universidad-adventista-de-puerto-rico-comienza-a-construir-su-primer-templo\/\" \/>\n<meta property=\"og:locale\" content=\"es_ES\" \/>\n<meta property=\"og:type\" content=\"article\" \/>\n<meta property=\"og:title\" content=\"Universidad Adventista de Puerto Rico comienza a construir su primer templo - Iglesia Adventista del S\u00e9ptimo D\u00eda - Divisi\u00f3n Interamericana\" \/>\n<meta property=\"og:description\" content=\"Los adventistas del s\u00e9ptimo d\u00eda de Puerto Rico se reunieron para contribuir con la construcci\u00f3n de la primera iglesia construida en el campus de la Universidad Adventista de las Antillas, una instituci\u00f3n de 53 a\u00f1os de antig\u00fcedad. M\u00e1s de tres mil l\u00edderes y miembros de iglesia de toda la isla se reunieron en el campus el pasado 26 de abril para una celebraci\u00f3n para ser testigos del hist\u00f3rico evento y participar de momentos espirituales, reflexiones sobre las bendiciones y actividades divertidas para toda la familia.\" \/>\n<meta property=\"og:url\" content=\"https:\/\/interamerica.org\/es\/2015\/05\/universidad-adventista-de-puerto-rico-comienza-a-construir-su-primer-templo\/\" \/>\n<meta property=\"og:site_name\" content=\"Iglesia Adventista del S\u00e9ptimo D\u00eda - Divisi\u00f3n Interamericana\" \/>\n<meta property=\"article:published_time\" content=\"2015-05-12T04:00:00+00:00\" \/>\n<meta property=\"og:image\" content=\"https:\/\/interamerica.org\/wp-content\/uploads\/2017\/06\/AAUtemple-AerealView6001.png\" \/>\n\t<meta property=\"og:image:width\" content=\"600\" \/>\n\t<meta property=\"og:image:height\" content=\"450\" \/>\n\t<meta property=\"og:image:type\" content=\"image\/png\" \/>\n<meta name=\"author\" content=\"Lorenzo Verduzco\" \/>\n<meta name=\"twitter:card\" content=\"summary_large_image\" \/>\n<meta name=\"twitter:label1\" content=\"Escrito por\" \/>\n\t<meta name=\"twitter:data1\" content=\"Lorenzo Verduzco\" \/>\n\t<meta name=\"twitter:label2\" content=\"Tiempo de lectura\" \/>\n\t<meta name=\"twitter:data2\" content=\"5 minutos\" \/>\n<script type=\"application\/ld+json\" class=\"yoast-schema-graph\">{\"@context\":\"https:\\\/\\\/schema.org\",\"@graph\":[{\"@type\":\"Article\",\"@id\":\"https:\\\/\\\/interamerica.org\\\/es\\\/2015\\\/05\\\/universidad-adventista-de-puerto-rico-comienza-a-construir-su-primer-templo\\\/#article\",\"isPartOf\":{\"@id\":\"https:\\\/\\\/interamerica.org\\\/es\\\/2015\\\/05\\\/universidad-adventista-de-puerto-rico-comienza-a-construir-su-primer-templo\\\/\"},\"author\":{\"name\":\"Lorenzo Verduzco\",\"@id\":\"https:\\\/\\\/interamerica.org\\\/es\\\/#\\\/schema\\\/person\\\/68ede8bdc292885bb76c1e3810e73c39\"},\"headline\":\"Universidad Adventista de Puerto Rico comienza a construir su primer templo\",\"datePublished\":\"2015-05-12T04:00:00+00:00\",\"mainEntityOfPage\":{\"@id\":\"https:\\\/\\\/interamerica.org\\\/es\\\/2015\\\/05\\\/universidad-adventista-de-puerto-rico-comienza-a-construir-su-primer-templo\\\/\"},\"wordCount\":916,\"image\":{\"@id\":\"https:\\\/\\\/interamerica.org\\\/es\\\/2015\\\/05\\\/universidad-adventista-de-puerto-rico-comienza-a-construir-su-primer-templo\\\/#primaryimage\"},\"thumbnailUrl\":\"https:\\\/\\\/interamerica.org\\\/wp-content\\\/uploads\\\/2017\\\/06\\\/AAUtemple-AerealView6001.png\",\"articleSection\":[\"Desde el campo\",\"RSS Espa\u00f1ol\"],\"inLanguage\":\"es\"},{\"@type\":\"WebPage\",\"@id\":\"https:\\\/\\\/interamerica.org\\\/es\\\/2015\\\/05\\\/universidad-adventista-de-puerto-rico-comienza-a-construir-su-primer-templo\\\/\",\"url\":\"https:\\\/\\\/interamerica.org\\\/es\\\/2015\\\/05\\\/universidad-adventista-de-puerto-rico-comienza-a-construir-su-primer-templo\\\/\",\"name\":\"Universidad Adventista de Puerto Rico comienza a construir su primer templo - Iglesia Adventista del S\u00e9ptimo D\u00eda - Divisi\u00f3n Interamericana\",\"isPartOf\":{\"@id\":\"https:\\\/\\\/interamerica.org\\\/es\\\/#website\"},\"primaryImageOfPage\":{\"@id\":\"https:\\\/\\\/interamerica.org\\\/es\\\/2015\\\/05\\\/universidad-adventista-de-puerto-rico-comienza-a-construir-su-primer-templo\\\/#primaryimage\"},\"image\":{\"@id\":\"https:\\\/\\\/interamerica.org\\\/es\\\/2015\\\/05\\\/universidad-adventista-de-puerto-rico-comienza-a-construir-su-primer-templo\\\/#primaryimage\"},\"thumbnailUrl\":\"https:\\\/\\\/interamerica.org\\\/wp-content\\\/uploads\\\/2017\\\/06\\\/AAUtemple-AerealView6001.png\",\"datePublished\":\"2015-05-12T04:00:00+00:00\",\"author\":{\"@id\":\"https:\\\/\\\/interamerica.org\\\/es\\\/#\\\/schema\\\/person\\\/68ede8bdc292885bb76c1e3810e73c39\"},\"breadcrumb\":{\"@id\":\"https:\\\/\\\/interamerica.org\\\/es\\\/2015\\\/05\\\/universidad-adventista-de-puerto-rico-comienza-a-construir-su-primer-templo\\\/#breadcrumb\"},\"inLanguage\":\"es\",\"potentialAction\":[{\"@type\":\"ReadAction\",\"target\":[\"https:\\\/\\\/interamerica.org\\\/es\\\/2015\\\/05\\\/universidad-adventista-de-puerto-rico-comienza-a-construir-su-primer-templo\\\/\"]}]},{\"@type\":\"ImageObject\",\"inLanguage\":\"es\",\"@id\":\"https:\\\/\\\/interamerica.org\\\/es\\\/2015\\\/05\\\/universidad-adventista-de-puerto-rico-comienza-a-construir-su-primer-templo\\\/#primaryimage\",\"url\":\"https:\\\/\\\/interamerica.org\\\/wp-content\\\/uploads\\\/2017\\\/06\\\/AAUtemple-AerealView6001.png\",\"contentUrl\":\"https:\\\/\\\/interamerica.org\\\/wp-content\\\/uploads\\\/2017\\\/06\\\/AAUtemple-AerealView6001.png\",\"width\":600,\"height\":450},{\"@type\":\"BreadcrumbList\",\"@id\":\"https:\\\/\\\/interamerica.org\\\/es\\\/2015\\\/05\\\/universidad-adventista-de-puerto-rico-comienza-a-construir-su-primer-templo\\\/#breadcrumb\",\"itemListElement\":[{\"@type\":\"ListItem\",\"position\":1,\"name\":\"Home\",\"item\":\"https:\\\/\\\/interamerica.org\\\/es\\\/\"},{\"@type\":\"ListItem\",\"position\":2,\"name\":\"Universidad Adventista de Puerto Rico comienza a construir su primer templo\"}]},{\"@type\":\"WebSite\",\"@id\":\"https:\\\/\\\/interamerica.org\\\/es\\\/#website\",\"url\":\"https:\\\/\\\/interamerica.org\\\/es\\\/\",\"name\":\"Iglesia Adventista del S\u00e9ptimo D\u00eda - Divisi\u00f3n Interamericana\",\"description\":\"\",\"potentialAction\":[{\"@type\":\"SearchAction\",\"target\":{\"@type\":\"EntryPoint\",\"urlTemplate\":\"https:\\\/\\\/interamerica.org\\\/es\\\/?s={search_term_string}\"},\"query-input\":{\"@type\":\"PropertyValueSpecification\",\"valueRequired\":true,\"valueName\":\"search_term_string\"}}],\"inLanguage\":\"es\"},{\"@type\":\"Person\",\"@id\":\"https:\\\/\\\/interamerica.org\\\/es\\\/#\\\/schema\\\/person\\\/68ede8bdc292885bb76c1e3810e73c39\",\"name\":\"Lorenzo Verduzco\",\"image\":{\"@type\":\"ImageObject\",\"inLanguage\":\"es\",\"@id\":\"https:\\\/\\\/secure.gravatar.com\\\/avatar\\\/fb81a55b6218459490a9c1dc841a34909185b81904c5337b4b27f7a6fd60c49e?s=96&d=mm&r=g\",\"url\":\"https:\\\/\\\/secure.gravatar.com\\\/avatar\\\/fb81a55b6218459490a9c1dc841a34909185b81904c5337b4b27f7a6fd60c49e?s=96&d=mm&r=g\",\"contentUrl\":\"https:\\\/\\\/secure.gravatar.com\\\/avatar\\\/fb81a55b6218459490a9c1dc841a34909185b81904c5337b4b27f7a6fd60c49e?s=96&d=mm&r=g\",\"caption\":\"Lorenzo Verduzco\"}}]}<\/script>\n<!-- \/ Yoast SEO plugin. -->","yoast_head_json":{"title":"Universidad Adventista de Puerto Rico comienza a construir su primer templo - Iglesia Adventista del S\u00e9ptimo D\u00eda - Divisi\u00f3n Interamericana","robots":{"index":"index","follow":"follow","max-snippet":"max-snippet:-1","max-image-preview":"max-image-preview:large","max-video-preview":"max-video-preview:-1"},"canonical":"https:\/\/interamerica.org\/es\/2015\/05\/universidad-adventista-de-puerto-rico-comienza-a-construir-su-primer-templo\/","og_locale":"es_ES","og_type":"article","og_title":"Universidad Adventista de Puerto Rico comienza a construir su primer templo - Iglesia Adventista del S\u00e9ptimo D\u00eda - Divisi\u00f3n Interamericana","og_description":"Los adventistas del s\u00e9ptimo d\u00eda de Puerto Rico se reunieron para contribuir con la construcci\u00f3n de la primera iglesia construida en el campus de la Universidad Adventista de las Antillas, una instituci\u00f3n de 53 a\u00f1os de antig\u00fcedad. M\u00e1s de tres mil l\u00edderes y miembros de iglesia de toda la isla se reunieron en el campus el pasado 26 de abril para una celebraci\u00f3n para ser testigos del hist\u00f3rico evento y participar de momentos espirituales, reflexiones sobre las bendiciones y actividades divertidas para toda la familia.","og_url":"https:\/\/interamerica.org\/es\/2015\/05\/universidad-adventista-de-puerto-rico-comienza-a-construir-su-primer-templo\/","og_site_name":"Iglesia Adventista del S\u00e9ptimo D\u00eda - Divisi\u00f3n Interamericana","article_published_time":"2015-05-12T04:00:00+00:00","og_image":[{"width":600,"height":450,"url":"https:\/\/interamerica.org\/wp-content\/uploads\/2017\/06\/AAUtemple-AerealView6001.png","type":"image\/png"}],"author":"Lorenzo Verduzco","twitter_card":"summary_large_image","twitter_misc":{"Escrito por":"Lorenzo Verduzco","Tiempo de lectura":"5 minutos"},"schema":{"@context":"https:\/\/schema.org","@graph":[{"@type":"Article","@id":"https:\/\/interamerica.org\/es\/2015\/05\/universidad-adventista-de-puerto-rico-comienza-a-construir-su-primer-templo\/#article","isPartOf":{"@id":"https:\/\/interamerica.org\/es\/2015\/05\/universidad-adventista-de-puerto-rico-comienza-a-construir-su-primer-templo\/"},"author":{"name":"Lorenzo Verduzco","@id":"https:\/\/interamerica.org\/es\/#\/schema\/person\/68ede8bdc292885bb76c1e3810e73c39"},"headline":"Universidad Adventista de Puerto Rico comienza a construir su primer templo","datePublished":"2015-05-12T04:00:00+00:00","mainEntityOfPage":{"@id":"https:\/\/interamerica.org\/es\/2015\/05\/universidad-adventista-de-puerto-rico-comienza-a-construir-su-primer-templo\/"},"wordCount":916,"image":{"@id":"https:\/\/interamerica.org\/es\/2015\/05\/universidad-adventista-de-puerto-rico-comienza-a-construir-su-primer-templo\/#primaryimage"},"thumbnailUrl":"https:\/\/interamerica.org\/wp-content\/uploads\/2017\/06\/AAUtemple-AerealView6001.png","articleSection":["Desde el campo","RSS Espa\u00f1ol"],"inLanguage":"es"},{"@type":"WebPage","@id":"https:\/\/interamerica.org\/es\/2015\/05\/universidad-adventista-de-puerto-rico-comienza-a-construir-su-primer-templo\/","url":"https:\/\/interamerica.org\/es\/2015\/05\/universidad-adventista-de-puerto-rico-comienza-a-construir-su-primer-templo\/","name":"Universidad Adventista de Puerto Rico comienza a construir su primer templo - Iglesia Adventista del S\u00e9ptimo D\u00eda - Divisi\u00f3n Interamericana","isPartOf":{"@id":"https:\/\/interamerica.org\/es\/#website"},"primaryImageOfPage":{"@id":"https:\/\/interamerica.org\/es\/2015\/05\/universidad-adventista-de-puerto-rico-comienza-a-construir-su-primer-templo\/#primaryimage"},"image":{"@id":"https:\/\/interamerica.org\/es\/2015\/05\/universidad-adventista-de-puerto-rico-comienza-a-construir-su-primer-templo\/#primaryimage"},"thumbnailUrl":"https:\/\/interamerica.org\/wp-content\/uploads\/2017\/06\/AAUtemple-AerealView6001.png","datePublished":"2015-05-12T04:00:00+00:00","author":{"@id":"https:\/\/interamerica.org\/es\/#\/schema\/person\/68ede8bdc292885bb76c1e3810e73c39"},"breadcrumb":{"@id":"https:\/\/interamerica.org\/es\/2015\/05\/universidad-adventista-de-puerto-rico-comienza-a-construir-su-primer-templo\/#breadcrumb"},"inLanguage":"es","potentialAction":[{"@type":"ReadAction","target":["https:\/\/interamerica.org\/es\/2015\/05\/universidad-adventista-de-puerto-rico-comienza-a-construir-su-primer-templo\/"]}]},{"@type":"ImageObject","inLanguage":"es","@id":"https:\/\/interamerica.org\/es\/2015\/05\/universidad-adventista-de-puerto-rico-comienza-a-construir-su-primer-templo\/#primaryimage","url":"https:\/\/interamerica.org\/wp-content\/uploads\/2017\/06\/AAUtemple-AerealView6001.png","contentUrl":"https:\/\/interamerica.org\/wp-content\/uploads\/2017\/06\/AAUtemple-AerealView6001.png","width":600,"height":450},{"@type":"BreadcrumbList","@id":"https:\/\/interamerica.org\/es\/2015\/05\/universidad-adventista-de-puerto-rico-comienza-a-construir-su-primer-templo\/#breadcrumb","itemListElement":[{"@type":"ListItem","position":1,"name":"Home","item":"https:\/\/interamerica.org\/es\/"},{"@type":"ListItem","position":2,"name":"Universidad Adventista de Puerto Rico comienza a construir su primer templo"}]},{"@type":"WebSite","@id":"https:\/\/interamerica.org\/es\/#website","url":"https:\/\/interamerica.org\/es\/","name":"Iglesia Adventista del S\u00e9ptimo D\u00eda - Divisi\u00f3n Interamericana","description":"","potentialAction":[{"@type":"SearchAction","target":{"@type":"EntryPoint","urlTemplate":"https:\/\/interamerica.org\/es\/?s={search_term_string}"},"query-input":{"@type":"PropertyValueSpecification","valueRequired":true,"valueName":"search_term_string"}}],"inLanguage":"es"},{"@type":"Person","@id":"https:\/\/interamerica.org\/es\/#\/schema\/person\/68ede8bdc292885bb76c1e3810e73c39","name":"Lorenzo Verduzco","image":{"@type":"ImageObject","inLanguage":"es","@id":"https:\/\/secure.gravatar.com\/avatar\/fb81a55b6218459490a9c1dc841a34909185b81904c5337b4b27f7a6fd60c49e?s=96&d=mm&r=g","url":"https:\/\/secure.gravatar.com\/avatar\/fb81a55b6218459490a9c1dc841a34909185b81904c5337b4b27f7a6fd60c49e?s=96&d=mm&r=g","contentUrl":"https:\/\/secure.gravatar.com\/avatar\/fb81a55b6218459490a9c1dc841a34909185b81904c5337b4b27f7a6fd60c49e?s=96&d=mm&r=g","caption":"Lorenzo Verduzco"}}]}},"_links":{"self":[{"href":"https:\/\/interamerica.org\/es\/wp-json\/wp\/v2\/posts\/30830","targetHints":{"allow":["GET"]}}],"collection":[{"href":"https:\/\/interamerica.org\/es\/wp-json\/wp\/v2\/posts"}],"about":[{"href":"https:\/\/interamerica.org\/es\/wp-json\/wp\/v2\/types\/post"}],"author":[{"embeddable":true,"href":"https:\/\/interamerica.org\/es\/wp-json\/wp\/v2\/users\/1"}],"replies":[{"embeddable":true,"href":"https:\/\/interamerica.org\/es\/wp-json\/wp\/v2\/comments?post=30830"}],"version-history":[{"count":0,"href":"https:\/\/interamerica.org\/es\/wp-json\/wp\/v2\/posts\/30830\/revisions"}],"wp:featuredmedia":[{"embeddable":true,"href":"https:\/\/interamerica.org\/es\/wp-json\/wp\/v2\/media\/25286"}],"wp:attachment":[{"href":"https:\/\/interamerica.org\/es\/wp-json\/wp\/v2\/media?parent=30830"}],"wp:term":[{"taxonomy":"category","embeddable":true,"href":"https:\/\/interamerica.org\/es\/wp-json\/wp\/v2\/categories?post=30830"},{"taxonomy":"post_tag","embeddable":true,"href":"https:\/\/interamerica.org\/es\/wp-json\/wp\/v2\/tags?post=30830"}],"curies":[{"name":"wp","href":"https:\/\/api.w.org\/{rel}","templated":true}]}}