{"id":30831,"date":"2015-05-13T00:00:00","date_gmt":"2015-05-13T04:00:00","guid":{"rendered":"http:\/\/192.81.217.108\/interamerica\/2015\/05\/en-interamerica-los-lideres-comienzan-las-juntas-reflexionando-en-el-ultimo-quinquenio\/"},"modified":"2015-05-13T00:00:00","modified_gmt":"2015-05-13T04:00:00","slug":"en-interamerica-los-lideres-comienzan-las-juntas-reflexionando-en-el-ultimo-quinquenio","status":"publish","type":"post","link":"https:\/\/interamerica.org\/es\/2015\/05\/en-interamerica-los-lideres-comienzan-las-juntas-reflexionando-en-el-ultimo-quinquenio\/","title":{"rendered":"En Interam\u00e9rica, los l\u00edderes comienzan las juntas reflexionando en el \u00faltimo quinquenio"},"content":{"rendered":"<p>12 de mayo de 2015 | Miami, Florida, Estados Unidos | Libna Stevens\/DIA<\/p>\n<div id=\"attachment_16898\" style=\"width: 298px\" class=\"wp-caption alignright\"><a href=\"\/interamerica\/wp-content\/uploads\/2017\/06\/ILeito-midyr.png\" rel=\"fancybox\" title=\"En Interam\u00e9rica, los l\u00edderes comienzan las juntas reflexionando en el \u00faltimo quinquenio\"><img fetchpriority=\"high\" decoding=\"async\" aria-describedby=\"caption-attachment-16898\" class=\" wp-image-16898  \" src=\"\/interamerica\/wp-content\/uploads\/2017\/06\/ILeito-midyr.png\" alt=\"\" width=\"288\" height=\"208\" \/><\/a><p id=\"caption-attachment-16898\" class=\"wp-caption-text\">Im\u00e1genes de Libna Stevens\/DIA<\/p><\/div>\n<p>Los principales l\u00edderes de toda Interam\u00e9rica comenzaron las juntas en el d\u00eda de hoy reflexionando en las bendiciones de Dios y el crecimiento continuo en todo el territorio durante el \u00faltimo quinquenio. Las reuniones, que se llevaron a cabo en Miami, Florida, Estados Unidos, contaron con un tono espiritual de acci\u00f3n de gracias, en el que los principales l\u00edderes participaron de lecturas de las Escrituras, c\u00e1nticos de alabanza, declaraciones inspiradas y momentos de oraci\u00f3n.<\/p>\n<p>\u00abEn lugar de pedir y pedir que Dios haga cosas por nosotros, es importante que esta ma\u00f1ana dediquemos tiempo a llevar a cabo este festival de alabanza y gratitud por lo que Dios ha hecho por su iglesia\u00bb, dijo el pastor Israel Leito, presidente de la Iglesia Adventista en Interam\u00e9rica, al comienzo del programa especial. \u00abNo son nuestros propios logros sino la obra de Jehov\u00e1\u00bb.<\/p>\n<div id=\"attachment_16901\" style=\"width: 295px\" class=\"wp-caption alignleft\"><a href=\"\/interamerica\/wp-content\/uploads\/2017\/06\/DinorahRivera400.png\" rel=\"fancybox\" title=\"En Interam\u00e9rica, los l\u00edderes comienzan las juntas reflexionando en el \u00faltimo quinquenio\"><img decoding=\"async\" aria-describedby=\"caption-attachment-16901\" class=\" wp-image-16901     \" src=\"\/interamerica\/wp-content\/uploads\/2017\/06\/DinorahRivera400.png\" alt=\"\" width=\"285\" height=\"194\" \/><\/a><p id=\"caption-attachment-16901\" class=\"wp-caption-text\">Dinorah Rivera, directora de Ministerios del Ni\u00f1o, explica a la comisi\u00f3n las iniciativas y actividades completadas durante el per\u00edodo 2010-2015 en toda Interam\u00e9rica.<\/p><\/div>\n<p>Los l\u00edderes hicieron una pausa para reflexionar en el progreso de la iglesia durante el \u00faltimo quinquenio (2010-2015), que seg\u00fan las estad\u00edsticas hasta el 30 de abril de 2015, muestra que 1.013.121 personas se unieron a la iglesia, y en el cual se organizaron nuevas uniones y otras regiones pasaron de misiones a la categor\u00eda superior de asociaciones en diversas partes del territorio. En el presente, la Divisi\u00f3n Interamericana cuenta con 3,7 millones de miembros, seg\u00fan los principales administradores de la iglesia.<\/p>\n<p>Bajo el lema \u00abGrande eres t\u00fa\u00bb, los l\u00edderes adventistas de cada uno de los ministerios y departamentos de la iglesia en la sede de la DIA compartieron las iniciativas, actividades, cumbres y capacitaciones que se llevaron a cabo en muchas de las veinte mil iglesias y congregaciones desde 2010.<\/p>\n<div id=\"attachment_16902\" style=\"width: 302px\" class=\"wp-caption alignright\"><a href=\"\/interamerica\/wp-content\/uploads\/2017\/06\/Quartet400.png\" rel=\"fancybox\" title=\"En Interam\u00e9rica, los l\u00edderes comienzan las juntas reflexionando en el \u00faltimo quinquenio\"><img decoding=\"async\" aria-describedby=\"caption-attachment-16902\" class=\" wp-image-16902   \" src=\"\/interamerica\/wp-content\/uploads\/2017\/06\/Quartet400.png\" alt=\"\" width=\"292\" height=\"222\" \/><\/a><p id=\"caption-attachment-16902\" class=\"wp-caption-text\">Los l\u00edderes adventistas participan de una parte musical especial durante la apertura de las juntas de la Divisi\u00f3n Interamericana en la ma\u00f1ana de hoy.<\/p><\/div>\n<p>Los l\u00edderes informaron de la capacitaci\u00f3n en evangelismo para miles de pastores y laicos, la decena de festivales de libertad religiosa que se llevaron a cabo, los miles de comunicadores que fueron capacitados, y las capacitaciones para los ministerios de ni\u00f1os y j\u00f3venes. La Iglesia Adventista de Interam\u00e9rica llev\u00f3 a cabo numerosos congresos docentes, implement\u00f3 un nuevo plan de evangelizaci\u00f3n por impresos, organiz\u00f3 una gran convenci\u00f3n de colportores, fortaleci\u00f3 a miles de familias, y promovi\u00f3 el mensaje de salud y actividades de salud en miles de iglesias y comunidades, entre muchas otras actividades.<\/p>\n<p>Los l\u00edderes de la iglesia tambi\u00e9n se mostraron agradecidos por la protecci\u00f3n de Dios durante los \u00faltimos cinco a\u00f1os.<\/p>\n<p>El doctor Elie Henry, secretario ejecutivo de la Divisi\u00f3n Interamericana, anim\u00f3 a los l\u00edderes para que sigan alabando a Dios tanto en los momentos de prosperidad como en los momentos dif\u00edciles.<\/p>\n<p>\u00abCuando las circunstancias comienzan a parecer imposibles y se desesperan con las finanzas de su regi\u00f3n, uni\u00f3n o los diversos campos, miren al Se\u00f1or y a su fuerza\u00bb, dijo el doctor Henry.<\/p>\n<p>. \u201cSeek his face always, remember His miracles in your life.\u201d<\/p>\n<div id=\"attachment_16900\" style=\"width: 298px\" class=\"wp-caption alignleft\"><a href=\"\/interamerica\/wp-content\/uploads\/2017\/06\/DutchCaribbean400.png\" rel=\"fancybox\" title=\"En Interam\u00e9rica, los l\u00edderes comienzan las juntas reflexionando en el \u00faltimo quinquenio\"><img loading=\"lazy\" decoding=\"async\" aria-describedby=\"caption-attachment-16900\" class=\"wp-image-16900 \" src=\"\/interamerica\/wp-content\/uploads\/2017\/06\/DutchCaribbean400.png\" alt=\"\" width=\"288\" height=\"200\" \/><\/a><p id=\"caption-attachment-16900\" class=\"wp-caption-text\">Los l\u00edderes de la Divisi\u00f3n Interamericana posan con los recientemente designados administradores del Caribe Holand\u00e9s: segundo desde la izquierda est\u00e1 Shurman Kook (presidente), cuarto desde la izquierda, Hans Ponte (secretario), y en el extremo derecho, Kenneth Luis (tesorero).<\/p><\/div>\n<p>El doctor Henry record\u00f3 a los l\u00edderes que el festival de alabanza y acci\u00f3n de gracias no solo busc\u00f3 mirar las bendiciones pasadas sino tambi\u00e9n \u00abmirar hacia el futuro, confiar en el Se\u00f1or y creer que Dios seguir\u00e1 haciendo su obra para nosotros y para la iglesia\u00bb.<\/p>\n<p>Los administradores de la DIA dieron la bienvenida oficial a los nuevos administradores de una nueva uni\u00f3n, la recientemente organizada Uni\u00f3n de Panam\u00e1.<\/p>\n<p>Al mismo tiempo, la junta directiva design\u00f3 tres nuevos administradores para la nueva Uni\u00f3n Misi\u00f3n del Caribe Holand\u00e9s, que se convierte as\u00ed en la 24\u00b0 gran regi\u00f3n del territorio. Los administradores designados fueron: Shurman Kook como presidente, Hans Ponte como secretario ejecutivo, y Kenneth Luis como tesorero.<\/p>\n<p>Los l\u00edderes tambi\u00e9n repasaron el n\u00famero de delegados que estar\u00e1 representando a la DIA durante el Congreso de la Asociaci\u00f3n General en San Antonio este pr\u00f3ximo verano. El n\u00famero total de delegados generales y regulares que pueden votar durante la sesi\u00f3n alcanza a 391, inform\u00f3 el doctor Henry.<\/p>\n<div id=\"attachment_16904\" style=\"width: 306px\" class=\"wp-caption alignright\"><a href=\"\/interamerica\/wp-content\/uploads\/2017\/06\/Henry-midyear.png\" rel=\"fancybox\" title=\"En Interam\u00e9rica, los l\u00edderes comienzan las juntas reflexionando en el \u00faltimo quinquenio\"><img loading=\"lazy\" decoding=\"async\" aria-describedby=\"caption-attachment-16904\" class=\" wp-image-16904   \" src=\"\/interamerica\/wp-content\/uploads\/2017\/06\/Henry-midyear.png\" alt=\"\" width=\"296\" height=\"220\" \/><\/a><p id=\"caption-attachment-16904\" class=\"wp-caption-text\">El doctor Elie Henry, secretario ejecutivo de la DIA, se refiere a los 391 delegados regulares y generales que representar\u00e1n al territorio durante el Congreso de la Asociaci\u00f3n General de julio pr\u00f3ximo.<\/p><\/div>\n<p>\u201cTenemos la delegaci\u00f3n m\u00e1s grande de entre todas las divisiones del mundo\u00bb, afirm\u00f3 Henry. Con los invitados especiales, el grupo total de la DIA llega a 482 personas.<\/p>\n<p>Se discutieron tambi\u00e9n la log\u00edstica del congreso, el alojamiento, y las reuniones y actividades especiales durante el evento.<\/p>\n<p>Los miembros de la junta vieron el video quinquenal de la DIA que ser\u00e1 presentado en San Antonio el 6 de julio de 2015.<\/p>\n<p>Se vot\u00f3 asimismo que la iniciativa \u00abVisi\u00f3n un mill\u00f3n\u00bb que busca traer m\u00e1s miembros a la iglesia contin\u00fae el a\u00f1o que viene. La ceremonia bautismal en vivo al fin de las intensivas campa\u00f1as de evangelizaci\u00f3n de \u00abVisi\u00f3n un mill\u00f3n\u00bb se llevar\u00e1 a cabo en Caracas, Venezuela, el pr\u00f3ximo 2 de abril de 2016.<\/p>\n<div id=\"attachment_16903\" style=\"width: 330px\" class=\"wp-caption alignleft\"><a href=\"\/interamerica\/wp-content\/uploads\/2017\/06\/leonardJohnsonPraying400.png\" rel=\"fancybox\" title=\"En Interam\u00e9rica, los l\u00edderes comienzan las juntas reflexionando en el \u00faltimo quinquenio\"><img loading=\"lazy\" decoding=\"async\" aria-describedby=\"caption-attachment-16903\" class=\" wp-image-16903 \" src=\"\/interamerica\/wp-content\/uploads\/2017\/06\/leonardJohnsonPraying400.png\" alt=\"\" width=\"320\" height=\"213\" \/><\/a><p id=\"caption-attachment-16903\" class=\"wp-caption-text\">El pastor Leonard Johnson, presidente de la Uni\u00f3n del Caribe Atl\u00e1ntico, eleva una plegaria durante una sesi\u00f3n especial en la que se or\u00f3 por los docentes y estudiantes de toda la DIA.<\/p><\/div>\n<p>Los l\u00edderes tambi\u00e9n votaron brindar herramientas a los maestros de Escuela Sab\u00e1tica para ayudar a los miembros para que puedan experimentar la renovaci\u00f3n espiritual por medio del inicio de una escuela de capacitaci\u00f3n para maestros de Escuela Sab\u00e1tica organizada por el departamento de Escuela Sab\u00e1tica de la DIA, en sociedad con la Universidad Herbert Fletcher de Interam\u00e9rica, a partir de octubre de 2016.<\/p>\n<p>Las reuniones de esta semana que son los \u00faltimos encuentros de la junta directiva antes del Congreso de la Asociaci\u00f3n General, marcar\u00e1n el ritmo del crecimiento de la iglesia en el vasto territorio de la DIA durante los pr\u00f3ximos cinco a\u00f1os.<\/p>\n<p>Las reuniones se extender\u00e1n hasta el pr\u00f3ximo 14 de mayo de 2015.<\/p>\n<p>Si desea m\u00e1s informaci\u00f3n, visite por favor el sitio\u00a0<a href=\"https:\/\/recursing-golick.147-182-135-0.plesk.page\">interamerica.org<\/a><\/p>\n<p>Si desea ver im\u00e1genes de las reuniones del d\u00eda de hoy, presione\u00a0<a href=\"https:\/\/www.flickr.com\/photos\/interamerica\/16962119473\/in\/dateposted-public\/\">AQU\u00cd<\/a><\/p>\n<p><em>Traducci\u00f3n de Marcos Paseggi<\/em><\/p>\n","protected":false},"excerpt":{"rendered":"<p>Los principales l\u00edderes de toda Interam\u00e9rica comenzaron las juntas en el d\u00eda de hoy reflexionando en las bendiciones de Dios y el crecimiento continuo en todo el territorio durante el \u00faltimo quinquenio. <\/p>\n<p>Las reuniones, que se llevaron a cabo en Miami, Florida, Estados Unidos, contaron con un tono espiritual de acci\u00f3n de gracias, en el que los principales l\u00edderes participaron de lecturas de las Escrituras, c\u00e1nticos de alabanza, declaraciones inspiradas y momentos de oraci\u00f3n.<\/p>\n","protected":false},"author":1,"featured_media":25309,"comment_status":"closed","ping_status":"closed","sticky":false,"template":"","format":"standard","meta":{"_acf_changed":false,"footnotes":""},"categories":[16,15],"tags":[],"class_list":["post-30831","post","type-post","status-publish","format-standard","has-post-thumbnail","hentry","category-desde-la-sede","category-rss-espanol"],"acf":[],"yoast_head":"<!-- This site is optimized with the Yoast SEO plugin v27.3 - https:\/\/yoast.com\/product\/yoast-seo-wordpress\/ -->\n<title>En Interam\u00e9rica, los l\u00edderes comienzan las juntas reflexionando en el \u00faltimo quinquenio - Iglesia Adventista del S\u00e9ptimo D\u00eda - Divisi\u00f3n Interamericana<\/title>\n<meta name=\"robots\" content=\"index, follow, max-snippet:-1, max-image-preview:large, max-video-preview:-1\" \/>\n<link rel=\"canonical\" href=\"https:\/\/interamerica.org\/es\/2015\/05\/en-interamerica-los-lideres-comienzan-las-juntas-reflexionando-en-el-ultimo-quinquenio\/\" \/>\n<meta property=\"og:locale\" content=\"es_ES\" \/>\n<meta property=\"og:type\" content=\"article\" \/>\n<meta property=\"og:title\" content=\"En Interam\u00e9rica, los l\u00edderes comienzan las juntas reflexionando en el \u00faltimo quinquenio - Iglesia Adventista del S\u00e9ptimo D\u00eda - Divisi\u00f3n Interamericana\" \/>\n<meta property=\"og:description\" content=\"Los principales l\u00edderes de toda Interam\u00e9rica comenzaron las juntas en el d\u00eda de hoy reflexionando en las bendiciones de Dios y el crecimiento continuo en todo el territorio durante el \u00faltimo quinquenio.  Las reuniones, que se llevaron a cabo en Miami, Florida, Estados Unidos, contaron con un tono espiritual de acci\u00f3n de gracias, en el que los principales l\u00edderes participaron de lecturas de las Escrituras, c\u00e1nticos de alabanza, declaraciones inspiradas y momentos de oraci\u00f3n.\" \/>\n<meta property=\"og:url\" content=\"https:\/\/interamerica.org\/es\/2015\/05\/en-interamerica-los-lideres-comienzan-las-juntas-reflexionando-en-el-ultimo-quinquenio\/\" \/>\n<meta property=\"og:site_name\" content=\"Iglesia Adventista del S\u00e9ptimo D\u00eda - Divisi\u00f3n Interamericana\" \/>\n<meta property=\"article:published_time\" content=\"2015-05-13T04:00:00+00:00\" \/>\n<meta property=\"og:image\" content=\"https:\/\/interamerica.org\/wp-content\/uploads\/2017\/06\/ILeito-midyr.png\" \/>\n\t<meta property=\"og:image:width\" content=\"400\" \/>\n\t<meta property=\"og:image:height\" content=\"289\" \/>\n\t<meta property=\"og:image:type\" content=\"image\/png\" \/>\n<meta name=\"author\" content=\"Lorenzo Verduzco\" \/>\n<meta name=\"twitter:card\" content=\"summary_large_image\" \/>\n<meta name=\"twitter:label1\" content=\"Escrito por\" \/>\n\t<meta name=\"twitter:data1\" content=\"Lorenzo Verduzco\" \/>\n\t<meta name=\"twitter:label2\" content=\"Tiempo de lectura\" \/>\n\t<meta name=\"twitter:data2\" content=\"6 minutos\" \/>\n<script type=\"application\/ld+json\" class=\"yoast-schema-graph\">{\"@context\":\"https:\\\/\\\/schema.org\",\"@graph\":[{\"@type\":\"Article\",\"@id\":\"https:\\\/\\\/interamerica.org\\\/es\\\/2015\\\/05\\\/en-interamerica-los-lideres-comienzan-las-juntas-reflexionando-en-el-ultimo-quinquenio\\\/#article\",\"isPartOf\":{\"@id\":\"https:\\\/\\\/interamerica.org\\\/es\\\/2015\\\/05\\\/en-interamerica-los-lideres-comienzan-las-juntas-reflexionando-en-el-ultimo-quinquenio\\\/\"},\"author\":{\"name\":\"Lorenzo Verduzco\",\"@id\":\"https:\\\/\\\/interamerica.org\\\/es\\\/#\\\/schema\\\/person\\\/68ede8bdc292885bb76c1e3810e73c39\"},\"headline\":\"En Interam\u00e9rica, los l\u00edderes comienzan las juntas reflexionando en el \u00faltimo quinquenio\",\"datePublished\":\"2015-05-13T04:00:00+00:00\",\"mainEntityOfPage\":{\"@id\":\"https:\\\/\\\/interamerica.org\\\/es\\\/2015\\\/05\\\/en-interamerica-los-lideres-comienzan-las-juntas-reflexionando-en-el-ultimo-quinquenio\\\/\"},\"wordCount\":1191,\"image\":{\"@id\":\"https:\\\/\\\/interamerica.org\\\/es\\\/2015\\\/05\\\/en-interamerica-los-lideres-comienzan-las-juntas-reflexionando-en-el-ultimo-quinquenio\\\/#primaryimage\"},\"thumbnailUrl\":\"https:\\\/\\\/interamerica.org\\\/wp-content\\\/uploads\\\/2017\\\/06\\\/ILeito-midyr.png\",\"articleSection\":[\"Desde la sede\",\"RSS Espa\u00f1ol\"],\"inLanguage\":\"es\"},{\"@type\":\"WebPage\",\"@id\":\"https:\\\/\\\/interamerica.org\\\/es\\\/2015\\\/05\\\/en-interamerica-los-lideres-comienzan-las-juntas-reflexionando-en-el-ultimo-quinquenio\\\/\",\"url\":\"https:\\\/\\\/interamerica.org\\\/es\\\/2015\\\/05\\\/en-interamerica-los-lideres-comienzan-las-juntas-reflexionando-en-el-ultimo-quinquenio\\\/\",\"name\":\"En Interam\u00e9rica, los l\u00edderes comienzan las juntas reflexionando en el \u00faltimo quinquenio - Iglesia Adventista del S\u00e9ptimo D\u00eda - Divisi\u00f3n Interamericana\",\"isPartOf\":{\"@id\":\"https:\\\/\\\/interamerica.org\\\/es\\\/#website\"},\"primaryImageOfPage\":{\"@id\":\"https:\\\/\\\/interamerica.org\\\/es\\\/2015\\\/05\\\/en-interamerica-los-lideres-comienzan-las-juntas-reflexionando-en-el-ultimo-quinquenio\\\/#primaryimage\"},\"image\":{\"@id\":\"https:\\\/\\\/interamerica.org\\\/es\\\/2015\\\/05\\\/en-interamerica-los-lideres-comienzan-las-juntas-reflexionando-en-el-ultimo-quinquenio\\\/#primaryimage\"},\"thumbnailUrl\":\"https:\\\/\\\/interamerica.org\\\/wp-content\\\/uploads\\\/2017\\\/06\\\/ILeito-midyr.png\",\"datePublished\":\"2015-05-13T04:00:00+00:00\",\"author\":{\"@id\":\"https:\\\/\\\/interamerica.org\\\/es\\\/#\\\/schema\\\/person\\\/68ede8bdc292885bb76c1e3810e73c39\"},\"breadcrumb\":{\"@id\":\"https:\\\/\\\/interamerica.org\\\/es\\\/2015\\\/05\\\/en-interamerica-los-lideres-comienzan-las-juntas-reflexionando-en-el-ultimo-quinquenio\\\/#breadcrumb\"},\"inLanguage\":\"es\",\"potentialAction\":[{\"@type\":\"ReadAction\",\"target\":[\"https:\\\/\\\/interamerica.org\\\/es\\\/2015\\\/05\\\/en-interamerica-los-lideres-comienzan-las-juntas-reflexionando-en-el-ultimo-quinquenio\\\/\"]}]},{\"@type\":\"ImageObject\",\"inLanguage\":\"es\",\"@id\":\"https:\\\/\\\/interamerica.org\\\/es\\\/2015\\\/05\\\/en-interamerica-los-lideres-comienzan-las-juntas-reflexionando-en-el-ultimo-quinquenio\\\/#primaryimage\",\"url\":\"https:\\\/\\\/interamerica.org\\\/wp-content\\\/uploads\\\/2017\\\/06\\\/ILeito-midyr.png\",\"contentUrl\":\"https:\\\/\\\/interamerica.org\\\/wp-content\\\/uploads\\\/2017\\\/06\\\/ILeito-midyr.png\",\"width\":400,\"height\":289},{\"@type\":\"BreadcrumbList\",\"@id\":\"https:\\\/\\\/interamerica.org\\\/es\\\/2015\\\/05\\\/en-interamerica-los-lideres-comienzan-las-juntas-reflexionando-en-el-ultimo-quinquenio\\\/#breadcrumb\",\"itemListElement\":[{\"@type\":\"ListItem\",\"position\":1,\"name\":\"Home\",\"item\":\"https:\\\/\\\/interamerica.org\\\/es\\\/\"},{\"@type\":\"ListItem\",\"position\":2,\"name\":\"En Interam\u00e9rica, los l\u00edderes comienzan las juntas reflexionando en el \u00faltimo quinquenio\"}]},{\"@type\":\"WebSite\",\"@id\":\"https:\\\/\\\/interamerica.org\\\/es\\\/#website\",\"url\":\"https:\\\/\\\/interamerica.org\\\/es\\\/\",\"name\":\"Iglesia Adventista del S\u00e9ptimo D\u00eda - Divisi\u00f3n Interamericana\",\"description\":\"\",\"potentialAction\":[{\"@type\":\"SearchAction\",\"target\":{\"@type\":\"EntryPoint\",\"urlTemplate\":\"https:\\\/\\\/interamerica.org\\\/es\\\/?s={search_term_string}\"},\"query-input\":{\"@type\":\"PropertyValueSpecification\",\"valueRequired\":true,\"valueName\":\"search_term_string\"}}],\"inLanguage\":\"es\"},{\"@type\":\"Person\",\"@id\":\"https:\\\/\\\/interamerica.org\\\/es\\\/#\\\/schema\\\/person\\\/68ede8bdc292885bb76c1e3810e73c39\",\"name\":\"Lorenzo Verduzco\",\"image\":{\"@type\":\"ImageObject\",\"inLanguage\":\"es\",\"@id\":\"https:\\\/\\\/secure.gravatar.com\\\/avatar\\\/fb81a55b6218459490a9c1dc841a34909185b81904c5337b4b27f7a6fd60c49e?s=96&d=mm&r=g\",\"url\":\"https:\\\/\\\/secure.gravatar.com\\\/avatar\\\/fb81a55b6218459490a9c1dc841a34909185b81904c5337b4b27f7a6fd60c49e?s=96&d=mm&r=g\",\"contentUrl\":\"https:\\\/\\\/secure.gravatar.com\\\/avatar\\\/fb81a55b6218459490a9c1dc841a34909185b81904c5337b4b27f7a6fd60c49e?s=96&d=mm&r=g\",\"caption\":\"Lorenzo Verduzco\"}}]}<\/script>\n<!-- \/ Yoast SEO plugin. -->","yoast_head_json":{"title":"En Interam\u00e9rica, los l\u00edderes comienzan las juntas reflexionando en el \u00faltimo quinquenio - Iglesia Adventista del S\u00e9ptimo D\u00eda - Divisi\u00f3n Interamericana","robots":{"index":"index","follow":"follow","max-snippet":"max-snippet:-1","max-image-preview":"max-image-preview:large","max-video-preview":"max-video-preview:-1"},"canonical":"https:\/\/interamerica.org\/es\/2015\/05\/en-interamerica-los-lideres-comienzan-las-juntas-reflexionando-en-el-ultimo-quinquenio\/","og_locale":"es_ES","og_type":"article","og_title":"En Interam\u00e9rica, los l\u00edderes comienzan las juntas reflexionando en el \u00faltimo quinquenio - Iglesia Adventista del S\u00e9ptimo D\u00eda - Divisi\u00f3n Interamericana","og_description":"Los principales l\u00edderes de toda Interam\u00e9rica comenzaron las juntas en el d\u00eda de hoy reflexionando en las bendiciones de Dios y el crecimiento continuo en todo el territorio durante el \u00faltimo quinquenio.  Las reuniones, que se llevaron a cabo en Miami, Florida, Estados Unidos, contaron con un tono espiritual de acci\u00f3n de gracias, en el que los principales l\u00edderes participaron de lecturas de las Escrituras, c\u00e1nticos de alabanza, declaraciones inspiradas y momentos de oraci\u00f3n.","og_url":"https:\/\/interamerica.org\/es\/2015\/05\/en-interamerica-los-lideres-comienzan-las-juntas-reflexionando-en-el-ultimo-quinquenio\/","og_site_name":"Iglesia Adventista del S\u00e9ptimo D\u00eda - Divisi\u00f3n Interamericana","article_published_time":"2015-05-13T04:00:00+00:00","og_image":[{"width":400,"height":289,"url":"https:\/\/interamerica.org\/wp-content\/uploads\/2017\/06\/ILeito-midyr.png","type":"image\/png"}],"author":"Lorenzo Verduzco","twitter_card":"summary_large_image","twitter_misc":{"Escrito por":"Lorenzo Verduzco","Tiempo de lectura":"6 minutos"},"schema":{"@context":"https:\/\/schema.org","@graph":[{"@type":"Article","@id":"https:\/\/interamerica.org\/es\/2015\/05\/en-interamerica-los-lideres-comienzan-las-juntas-reflexionando-en-el-ultimo-quinquenio\/#article","isPartOf":{"@id":"https:\/\/interamerica.org\/es\/2015\/05\/en-interamerica-los-lideres-comienzan-las-juntas-reflexionando-en-el-ultimo-quinquenio\/"},"author":{"name":"Lorenzo Verduzco","@id":"https:\/\/interamerica.org\/es\/#\/schema\/person\/68ede8bdc292885bb76c1e3810e73c39"},"headline":"En Interam\u00e9rica, los l\u00edderes comienzan las juntas reflexionando en el \u00faltimo quinquenio","datePublished":"2015-05-13T04:00:00+00:00","mainEntityOfPage":{"@id":"https:\/\/interamerica.org\/es\/2015\/05\/en-interamerica-los-lideres-comienzan-las-juntas-reflexionando-en-el-ultimo-quinquenio\/"},"wordCount":1191,"image":{"@id":"https:\/\/interamerica.org\/es\/2015\/05\/en-interamerica-los-lideres-comienzan-las-juntas-reflexionando-en-el-ultimo-quinquenio\/#primaryimage"},"thumbnailUrl":"https:\/\/interamerica.org\/wp-content\/uploads\/2017\/06\/ILeito-midyr.png","articleSection":["Desde la sede","RSS Espa\u00f1ol"],"inLanguage":"es"},{"@type":"WebPage","@id":"https:\/\/interamerica.org\/es\/2015\/05\/en-interamerica-los-lideres-comienzan-las-juntas-reflexionando-en-el-ultimo-quinquenio\/","url":"https:\/\/interamerica.org\/es\/2015\/05\/en-interamerica-los-lideres-comienzan-las-juntas-reflexionando-en-el-ultimo-quinquenio\/","name":"En Interam\u00e9rica, los l\u00edderes comienzan las juntas reflexionando en el \u00faltimo quinquenio - Iglesia Adventista del S\u00e9ptimo D\u00eda - Divisi\u00f3n Interamericana","isPartOf":{"@id":"https:\/\/interamerica.org\/es\/#website"},"primaryImageOfPage":{"@id":"https:\/\/interamerica.org\/es\/2015\/05\/en-interamerica-los-lideres-comienzan-las-juntas-reflexionando-en-el-ultimo-quinquenio\/#primaryimage"},"image":{"@id":"https:\/\/interamerica.org\/es\/2015\/05\/en-interamerica-los-lideres-comienzan-las-juntas-reflexionando-en-el-ultimo-quinquenio\/#primaryimage"},"thumbnailUrl":"https:\/\/interamerica.org\/wp-content\/uploads\/2017\/06\/ILeito-midyr.png","datePublished":"2015-05-13T04:00:00+00:00","author":{"@id":"https:\/\/interamerica.org\/es\/#\/schema\/person\/68ede8bdc292885bb76c1e3810e73c39"},"breadcrumb":{"@id":"https:\/\/interamerica.org\/es\/2015\/05\/en-interamerica-los-lideres-comienzan-las-juntas-reflexionando-en-el-ultimo-quinquenio\/#breadcrumb"},"inLanguage":"es","potentialAction":[{"@type":"ReadAction","target":["https:\/\/interamerica.org\/es\/2015\/05\/en-interamerica-los-lideres-comienzan-las-juntas-reflexionando-en-el-ultimo-quinquenio\/"]}]},{"@type":"ImageObject","inLanguage":"es","@id":"https:\/\/interamerica.org\/es\/2015\/05\/en-interamerica-los-lideres-comienzan-las-juntas-reflexionando-en-el-ultimo-quinquenio\/#primaryimage","url":"https:\/\/interamerica.org\/wp-content\/uploads\/2017\/06\/ILeito-midyr.png","contentUrl":"https:\/\/interamerica.org\/wp-content\/uploads\/2017\/06\/ILeito-midyr.png","width":400,"height":289},{"@type":"BreadcrumbList","@id":"https:\/\/interamerica.org\/es\/2015\/05\/en-interamerica-los-lideres-comienzan-las-juntas-reflexionando-en-el-ultimo-quinquenio\/#breadcrumb","itemListElement":[{"@type":"ListItem","position":1,"name":"Home","item":"https:\/\/interamerica.org\/es\/"},{"@type":"ListItem","position":2,"name":"En Interam\u00e9rica, los l\u00edderes comienzan las juntas reflexionando en el \u00faltimo quinquenio"}]},{"@type":"WebSite","@id":"https:\/\/interamerica.org\/es\/#website","url":"https:\/\/interamerica.org\/es\/","name":"Iglesia Adventista del S\u00e9ptimo D\u00eda - Divisi\u00f3n Interamericana","description":"","potentialAction":[{"@type":"SearchAction","target":{"@type":"EntryPoint","urlTemplate":"https:\/\/interamerica.org\/es\/?s={search_term_string}"},"query-input":{"@type":"PropertyValueSpecification","valueRequired":true,"valueName":"search_term_string"}}],"inLanguage":"es"},{"@type":"Person","@id":"https:\/\/interamerica.org\/es\/#\/schema\/person\/68ede8bdc292885bb76c1e3810e73c39","name":"Lorenzo Verduzco","image":{"@type":"ImageObject","inLanguage":"es","@id":"https:\/\/secure.gravatar.com\/avatar\/fb81a55b6218459490a9c1dc841a34909185b81904c5337b4b27f7a6fd60c49e?s=96&d=mm&r=g","url":"https:\/\/secure.gravatar.com\/avatar\/fb81a55b6218459490a9c1dc841a34909185b81904c5337b4b27f7a6fd60c49e?s=96&d=mm&r=g","contentUrl":"https:\/\/secure.gravatar.com\/avatar\/fb81a55b6218459490a9c1dc841a34909185b81904c5337b4b27f7a6fd60c49e?s=96&d=mm&r=g","caption":"Lorenzo Verduzco"}}]}},"_links":{"self":[{"href":"https:\/\/interamerica.org\/es\/wp-json\/wp\/v2\/posts\/30831","targetHints":{"allow":["GET"]}}],"collection":[{"href":"https:\/\/interamerica.org\/es\/wp-json\/wp\/v2\/posts"}],"about":[{"href":"https:\/\/interamerica.org\/es\/wp-json\/wp\/v2\/types\/post"}],"author":[{"embeddable":true,"href":"https:\/\/interamerica.org\/es\/wp-json\/wp\/v2\/users\/1"}],"replies":[{"embeddable":true,"href":"https:\/\/interamerica.org\/es\/wp-json\/wp\/v2\/comments?post=30831"}],"version-history":[{"count":0,"href":"https:\/\/interamerica.org\/es\/wp-json\/wp\/v2\/posts\/30831\/revisions"}],"wp:featuredmedia":[{"embeddable":true,"href":"https:\/\/interamerica.org\/es\/wp-json\/wp\/v2\/media\/25309"}],"wp:attachment":[{"href":"https:\/\/interamerica.org\/es\/wp-json\/wp\/v2\/media?parent=30831"}],"wp:term":[{"taxonomy":"category","embeddable":true,"href":"https:\/\/interamerica.org\/es\/wp-json\/wp\/v2\/categories?post=30831"},{"taxonomy":"post_tag","embeddable":true,"href":"https:\/\/interamerica.org\/es\/wp-json\/wp\/v2\/tags?post=30831"}],"curies":[{"name":"wp","href":"https:\/\/api.w.org\/{rel}","templated":true}]}}