{"id":30832,"date":"2015-05-14T00:00:00","date_gmt":"2015-05-14T04:00:00","guid":{"rendered":"http:\/\/192.81.217.108\/interamerica\/2015\/05\/lideres-de-la-iglesia-repasan-la-cuestion-de-la-ordenacion-el-crecimiento-y-votan-iniciativas\/"},"modified":"2015-05-14T00:00:00","modified_gmt":"2015-05-14T04:00:00","slug":"lideres-de-la-iglesia-repasan-la-cuestion-de-la-ordenacion-el-crecimiento-y-votan-iniciativas","status":"publish","type":"post","link":"https:\/\/interamerica.org\/es\/2015\/05\/lideres-de-la-iglesia-repasan-la-cuestion-de-la-ordenacion-el-crecimiento-y-votan-iniciativas\/","title":{"rendered":"L\u00edderes de la iglesia repasan la cuesti\u00f3n de la ordenaci\u00f3n, el crecimiento, y votan iniciativas"},"content":{"rendered":"<div id=\"attachment_16936\" style=\"width: 576px\" class=\"wp-caption aligncenter\"><a href=\"\/interamerica\/wp-content\/uploads\/2017\/06\/midyr-ordination600.png\" rel=\"fancybox\" title=\"L\u00edderes de la iglesia repasan la cuesti\u00f3n de la ordenaci\u00f3n, el crecimiento, y votan iniciativas\"><img fetchpriority=\"high\" decoding=\"async\" aria-describedby=\"caption-attachment-16936\" class=\"size-full wp-image-16936\" src=\"\/interamerica\/wp-content\/uploads\/2017\/06\/midyr-ordination600.png\" alt=\"\" width=\"566\" height=\"398\" \/><\/a><p id=\"caption-attachment-16936\" class=\"wp-caption-text\">El pastor Israel Leito (al centro), presidente de la Divisi\u00f3n Interamericana, habla a los miembros de la junta directiva junto con los representantes de Interam\u00e9rica a la Comisi\u00f3n de Estudio sobre la Teolog\u00eda de la Ordenaci\u00f3n, el doctor Elie Henry (derecha), secretario ejecutivo, y Carmen P\u00e9rez (izquierda), del Seminario Teol\u00f3gico Interamericano, antes de que repasen los hallazgos de la iglesia sobre la ordenaci\u00f3n de las mujeres. Im\u00e1genes de Libna Stevens\/DIA<\/p><\/div>\n<p>14 de mayo de 2015 | Miami, Florida, Estados Unidos | Libna Stevens\/DIA<\/p>\n<p>En el segundo d\u00eda de las reuniones administrativas de la Iglesia Adventista en Interam\u00e9rica, los miembros de la junta directiva de la regi\u00f3n repasaron una breve historia de los \u00faltimos hallazgos de la Comisi\u00f3n de Estudio sobre la Teolog\u00eda de la Ordenaci\u00f3n sobre la cuesti\u00f3n de la ordenaci\u00f3n de las mujeres. M\u00e1s de cien de los principales l\u00edderes tambi\u00e9n dedicaron tiempo a votar sobre las pr\u00f3ximas iniciativas y actividades durante las reuniones del d\u00eda de ayer en Miami, Florida, Estados Unidos.<\/p>\n<p>El pastor Israel Leito, presidente de la Divisi\u00f3n Interamericana, dijo a los miembros de la comisi\u00f3n que la Asociaci\u00f3n General hab\u00eda pedido a cada divisi\u00f3n de la iglesia que repasara los documentos relacionados con la ordenaci\u00f3n de la mujer.<\/p>\n<div id=\"attachment_16934\" style=\"width: 334px\" class=\"wp-caption alignleft\"><a href=\"\/interamerica\/wp-content\/uploads\/2017\/06\/RaquelKorniejczuk400.png\" rel=\"fancybox\" title=\"L\u00edderes de la iglesia repasan la cuesti\u00f3n de la ordenaci\u00f3n, el crecimiento, y votan iniciativas\"><img decoding=\"async\" aria-describedby=\"caption-attachment-16934\" class=\" wp-image-16934  \" src=\"\/interamerica\/wp-content\/uploads\/2017\/06\/RaquelKorniejczuk400.png\" alt=\"\" width=\"324\" height=\"217\" \/><\/a><p id=\"caption-attachment-16934\" class=\"wp-caption-text\">Raquel Korniejczuk, de la Universidad de Montemorelos, lee la declaraci\u00f3n de consenso sobre la Teolog\u00eda de la Ordenaci\u00f3n de la Iglesia Adventista durante el encuentro de la junta este 13 de mayo de 2015.<\/p><\/div>\n<p>\u00abDos de nuestros representantes de la Divisi\u00f3n Interamericana que tambi\u00e9n formaron parte de las reuniones de la TOSC en los debates y discusiones presentar\u00e1n una visi\u00f3n general de las posiciones teol\u00f3gicas\u00bb, dijo el pastor Leito.<\/p>\n<p>Carmen P\u00e9rez, vicepresidenta del Seminario Teol\u00f3gico Interamericano, y el pastor Elie Henry, secretario ejecutivo de la DIA, fueron los dos representantes que compartieron los hallazgos y documentos con los miembros de la comisi\u00f3n.<\/p>\n<p>Los l\u00edderes de la iglesia leyeron la\u00a0<a href=\"https:\/\/www.adventistarchives.org\/consensus-statement-on-a-seventh-day-adventist-theology-of-ordination.pdf\">Declaraci\u00f3n de Consenso sobre Teolog\u00eda de la Ordenaci\u00f3n, la Teolog\u00eda y la Pr\u00e1ctica de la Ordenaci\u00f3n Ministerial,<\/a>\u00a0analizaron las tres\u00a0<a href=\"https:\/\/www.adventistarchives.org\/\">Declaraciones de Avance sobre el Tema<\/a>\u00a0y repasaron la historia de la iglesia y de la ordenaci\u00f3n.<\/p>\n<p>\u201cQueremos que tengan en claro esos temas en la mente para que ustedes como delegados y bajo la influencia del Esp\u00edritu Santo tomen una decisi\u00f3n bien informada sobre la cuesti\u00f3n, como parte del cuerpo de la iglesia\u00bb, dijo el pastor Leito. \u00abM\u00e1s all\u00e1 de cu\u00e1l sea su opini\u00f3n, mantengamos el m\u00e1s elevado nivel de una actitud cristiana cuando el tema sea presentado durante el congreso\u00bb. El pastor Leito anim\u00f3 a los l\u00edderes para que se mantengan en medio de las dos opiniones extremas por el bien de la iglesia.<\/p>\n<p>La Divisi\u00f3n Interamericana tiene casi cuatrocientos delegados, lo que representa una de las delegaciones m\u00e1s grandes de la iglesia mundial, que podr\u00e1n votar sobre ese tema y muchas otras iniciativas y programas durante el 60\u00b0 Congreso de la Asociaci\u00f3n General en San Antonio, Texas, Estados Unidos, en julio pr\u00f3ximo.<\/p>\n<p>Los l\u00edderes de la iglesia oraron en favor del tema de la ordenaci\u00f3n de las mujeres, y tambi\u00e9n por la unidad de la iglesia y de todas las decisiones que tomar\u00e1 el cuerpo de la Iglesia Adventista mundial, y testificaron de su apoyo a seguir unidos para continuar avanzando con las decisiones que se tomen en relaci\u00f3n con la ordenaci\u00f3n.<\/p>\n<div id=\"attachment_16935\" style=\"width: 330px\" class=\"wp-caption alignleft\"><a href=\"\/interamerica\/wp-content\/uploads\/2017\/06\/midyr-praying400.png\" rel=\"fancybox\" title=\"L\u00edderes de la iglesia repasan la cuesti\u00f3n de la ordenaci\u00f3n, el crecimiento, y votan iniciativas\"><img decoding=\"async\" aria-describedby=\"caption-attachment-16935\" class=\" wp-image-16935 \" src=\"\/interamerica\/wp-content\/uploads\/2017\/06\/midyr-praying400.png\" alt=\"\" width=\"320\" height=\"205\" \/><\/a><p id=\"caption-attachment-16935\" class=\"wp-caption-text\">El doctor Gamaliel Florez, director de educaci\u00f3n de la Iglesia Adventista en Interam\u00e9rica, ora en favor de la cuesti\u00f3n de la ordenaci\u00f3n de las mujeres, que ser\u00e1 analizado en el pr\u00f3ximo Congreso de la Asociaci\u00f3n General en julio pr\u00f3ximo.<\/p><\/div>\n<p>\u00abTenemos ante nosotros un tema que no es nuevo\u00bb, dijo el pastor Melchor Ferreyra, director de ministerios personales de la DIA. \u00abCada vez que la iglesia enfrenta un tema que le presenta desaf\u00edos, la iglesia sale de all\u00ed en forma triunfante. Deber\u00edamos sentirnos libres de dar nuestra opini\u00f3n porque esta iglesia se encuentra en las manos de Dios\u00bb.<\/p>\n<p>El doctor\u00a0Leonard Johnson, presidente de la Iglesia Adventista en la Uni\u00f3n del Caribe Atl\u00e1ntico, dijo que m\u00e1s all\u00e1 de la posici\u00f3n a la que llegue la iglesia, es probable que se produzcan debates o discusiones. \u00abEspero que lleguemos a alg\u00fan tipo de consenso y decisi\u00f3n de manera que, para cuando dejemos el congreso, podamos respetarnos mutuamente a pesar de nuestras diferencias y la iglesia pueda seguir adelante\u00bb.<\/p>\n<p><a href=\"https:\/\/www.adventistarchives.org\/brc-inter-american-division-presentation.pdf\">La posici\u00f3n de la Divisi\u00f3n Interamericana<\/a>\u00a0presentada ante la TOSC el a\u00f1o pasado a\u00fan est\u00e1 en pie, dijo el pastor Leito. Parte de la posici\u00f3n de la DIA expresa: \u00abNo hay un mandato expl\u00edcito en la Biblia a favor de la ordenaci\u00f3n de las mujeres o los hombres al liderazgo de la iglesia, como as\u00ed tampoco hay una orden en contra de ello. La Divisi\u00f3n Interamericana est\u00e1 dispuesta a aceptar la decisi\u00f3n eclesi\u00e1stica tomada por la Iglesia Adventista del S\u00e9ptimo D\u00eda en sesi\u00f3n plenaria\u00bb.<\/p>\n<p>Los l\u00edderes de la iglesia apelaron a los miembros de la junta directiva para que animen al resto de los delegados para que dediquen tiempo a repasar los documentos y hallazgos sobre el tema de la ordenaci\u00f3n de las mujeres que se encuentran disponibles en l\u00ednea en <a href=\"https:\/\/www.adventistarchives.org\/about-tosc\">Adventistarchives.org<\/a><\/p>\n<p><strong>Informe de Secretar\u00eda<\/strong><\/p>\n<div id=\"attachment_16932\" style=\"width: 330px\" class=\"wp-caption alignleft\"><a href=\"\/interamerica\/wp-content\/uploads\/2017\/06\/ElieHenry400.png\" rel=\"fancybox\" title=\"L\u00edderes de la iglesia repasan la cuesti\u00f3n de la ordenaci\u00f3n, el crecimiento, y votan iniciativas\"><img loading=\"lazy\" decoding=\"async\" aria-describedby=\"caption-attachment-16932\" class=\" wp-image-16932 \" src=\"\/interamerica\/wp-content\/uploads\/2017\/06\/ElieHenry400.png\" alt=\"\" width=\"320\" height=\"198\" \/><\/a><p id=\"caption-attachment-16932\" class=\"wp-caption-text\">El doctor Elie Henry informa sobre el crecimiento regional y del n\u00famero de feligreses en Interam\u00e9rica.<\/p><\/div>\n<p>El pastor Elie Henry, secretario ejecutivo de la DIA, comparti\u00f3 los \u00faltimos datos sobre el crecimiento de la iglesia. En el presente, la Iglesia Adventista de Interam\u00e9rica cuenta con 24 uniones, diez de las cuales poseen el estatus de uniones asociaciones, trece tienen el estatus de uniones misiones, y una est\u00e1 categorizada como una uni\u00f3n de iglesias. Estas uniones est\u00e1n compuestas por 87 asociaciones, 38 misiones y 15 zonas regionales.<\/p>\n<p>El n\u00famero de miembros de la iglesia se mantiene en 3,6 millones, 20.896 iglesias y congregaciones, y 3421 ministros. Los bautismos y las profesiones de fe sumaron 937.316 durante el per\u00edodo 2010-2014. Las cifras indican que hubo un crecimiento del diez por ciento durante ese per\u00edodo de cuatro a\u00f1os, a\u00f1adi\u00f3 Henry.<\/p>\n<p>El secretario ejecutivo tambi\u00e9n inform\u00f3 que de las 24 uniones, unas 15 mil iglesias y congregaciones de doce uniones han ingresado los datos de su feligres\u00eda en el programa inform\u00e1tico que constituye la plataforma oficial de la iglesia para gestionar y auditar los miembros de las iglesias locales.<\/p>\n<p>Las cifras de la auditor\u00eda de miembros para el per\u00edodo 2010-2014 revelaron que hubo unas 600.190 personas que dejaron de ser miembros porque abandonaron la iglesia, por paradero desconocido o fallecimiento.<\/p>\n<p><strong>Escuela Sab\u00e1tica y Ministerios Personales<\/strong><\/p>\n<p>Los l\u00edderes de la iglesia tambi\u00e9n votaron hacer que los departamentos de Escuela Sab\u00e1tica y Ministerios Personales funcionen por separado. Durante a\u00f1os, ambos han funcionado juntos, pero los l\u00edderes ven que si ambos se separan se podr\u00e1 brindar mayor atenci\u00f3n a la tarea de fortalecer los ministerios de Escuela Sab\u00e1tica, dijo el pastor Leito.<\/p>\n<p>\u00abQueremos que sepan que despu\u00e9s del congreso los departamentos funcionar\u00e1n en forma separada en la divisi\u00f3n, y que ambos tendr\u00e1n su respectivo equipo de l\u00edderes\u00bb, dijo el pastor Leito a los principales administradores de las uniones. \u00abEsto es algo que tambi\u00e9n nos gustar\u00eda atender en el territorio de nuestra iglesia en la medida de lo posible\u00bb.<\/p>\n<div id=\"attachment_16941\" style=\"width: 330px\" class=\"wp-caption alignright\"><a href=\"\/interamerica\/wp-content\/uploads\/2017\/06\/HiramRuiz400.png\" rel=\"fancybox\" title=\"L\u00edderes de la iglesia repasan la cuesti\u00f3n de la ordenaci\u00f3n, el crecimiento, y votan iniciativas\"><img loading=\"lazy\" decoding=\"async\" aria-describedby=\"caption-attachment-16941\" class=\" wp-image-16941 \" src=\"\/interamerica\/wp-content\/uploads\/2017\/06\/HiramRuiz400.png\" alt=\"\" width=\"320\" height=\"211\" \/><\/a><p id=\"caption-attachment-16941\" class=\"wp-caption-text\">El pastor Hiram Ruiz, director de ministerios de campus p\u00fablicos de la DIA para la regi\u00f3n hispana, habla de la pr\u00f3xima cumbre de profesionales universitarios y adventistas que se llevar\u00e1 a cabo en Cuba del 17-22 de diciembre del 2015.<\/p><\/div>\n<p><strong>Plan estrat\u00e9gico del Canal de TV Hope Interam\u00e9rica<\/strong><\/p>\n<p><strong><\/strong>Los miembros de la Junta Directiva votaron adoptar el plan estrat\u00e9gico del Canal Hope Interam\u00e9rica para los pr\u00f3ximos cinco a\u00f1os, para que este gu\u00ede el crecimiento, la direcci\u00f3n y el desarrollo de sus tres canales de televisi\u00f3n en ingl\u00e9s, espa\u00f1ol y franc\u00e9s. El Canal Hope es la red oficial de televisi\u00f3n global de la Iglesia Adventista del S\u00e9ptimo D\u00eda, a la cual est\u00e1 afiliado el Canal Hope Interam\u00e9rica.<\/p>\n<p>La declaraci\u00f3n de misi\u00f3n del Canal Hope Interam\u00e9rica incluye compartir la esperanza del evangelio por medio de una programaci\u00f3n cristoc\u00e9ntrica en los idiomas y culturas de las personas de nuestro territorio para una vida mejor en el presente y en la eternidad.<\/p>\n<p><strong>Departamento de Ministerio de Universidades P\u00fablicas<\/strong><\/p>\n<p><strong><\/strong>Los l\u00edderes votaron la nueva descripci\u00f3n de tareas del director de ministerio de universidades p\u00fablicas de Interam\u00e9rica, un cargo que est\u00e1 siendo llenado por el pastor Hiram Ruiz para la regi\u00f3n hispana, y por el pastor Balvin Braham para las regiones angloparlante y francoparlante.<\/p>\n<p>El nuevo ministerio ser\u00e1 coordinado por los dos l\u00edderes, quienes brindar\u00e1n una visi\u00f3n y una planificaci\u00f3n estrat\u00e9gica para ministrar y apoyar a los adventistas que, por diversas razones, asisten a las colegios terciarios y universidades p\u00fablicas.<\/p>\n<p>\u00abLa iglesia ha estado perdiendo terreno en este segmento, y queremos asegurarnos de implementar la infraestructura que permita brindar m\u00e1s atenci\u00f3n y apoyo para retenci\u00f3n de nuestros estudiantes universitarios, por medio de los ministerios a los campus p\u00fablicos de nuestro territorio\u00bb, dijo el pastor Leito.<\/p>\n<div id=\"attachment_16933\" style=\"width: 330px\" class=\"wp-caption alignright\"><a href=\"\/interamerica\/wp-content\/uploads\/2017\/06\/CeciliaIglesias400.png\" rel=\"fancybox\" title=\"L\u00edderes de la iglesia repasan la cuesti\u00f3n de la ordenaci\u00f3n, el crecimiento, y votan iniciativas\"><img loading=\"lazy\" decoding=\"async\" aria-describedby=\"caption-attachment-16933\" class=\" wp-image-16933 \" src=\"\/interamerica\/wp-content\/uploads\/2017\/06\/CeciliaIglesias400.png\" alt=\"\" width=\"320\" height=\"238\" \/><\/a><p id=\"caption-attachment-16933\" class=\"wp-caption-text\">Cecilia Iglesias, directora de Ministerios de la Mujer en la Divisi\u00f3n Interamericana, comparte con los miembros de la junta la nueva iniciativa de evangelismo que motiva a las l\u00edderes de ministerios de la mujer a que compartan estudios b\u00edblicos en sus comunidades.<\/p><\/div>\n<p>Los l\u00edderes votaron llevar a cabo una cumbre especial para los profesionales universitarios y adventistas, evento que tendr\u00e1 lugar en Cuba antes de fin de a\u00f1o.<\/p>\n<p><strong>Ministerios de la Mujer<\/strong><\/p>\n<p>Ministerios de la Mujer est\u00e1 promoviendo un programa de evangelizaci\u00f3n denominado B=B, o Biblia es igual a Bautismos, por el cual unas 69 mil l\u00edderes certificadas de los Ministerios de la Mujer son animadas a adquirir la Biblia de la Mujer Adventista para usarla como una herramienta de evangelizaci\u00f3n que permita compartir el ministerio con otras mujeres.<\/p>\n<p>\u00abCada mujer que ha sido preparada para este ministerio tiene que hallar en su familia, amigas o conocidas al menos una mujer que se convierta en objeto de su cuidado, atenci\u00f3n y preparaci\u00f3n para ser llevada a los pies de Jes\u00fas\u00bb, expresa la iniciativa.<\/p>\n<p>En adici\u00f3n a esto, Ministerios de la Mujer vot\u00f3 adoptar un nuevo programa de certificaci\u00f3n denominado Programa Pensar Bien, Vivir Bien, que educar\u00e1 a las mujeres de la iglesia sobre la salud mental. El programa fue preparado por el Departamento de Ministerios de la Mujer de la Asociaci\u00f3n General, con la colaboraci\u00f3n de muchos profesionales de salud e individuos dedicados a los desaf\u00edos constantes que puede presentar la salud de las mujeres.<\/p>\n<p>Si desea saber m\u00e1s sobre las iniciativas y actividades de Interam\u00e9rica, visite\u00a0<a href=\"https:\/\/recursing-golick.147-182-135-0.plesk.page\">interamerica.org<\/a><\/p>\n<p><em>Traducci\u00f3n de Marcos Paseggi<\/em><\/p>\n","protected":false},"excerpt":{"rendered":"<p>En el segundo d\u00eda de las reuniones administrativas de la Iglesia Adventista en Interam\u00e9rica, los miembros de la junta directiva de la regi\u00f3n repasaron una breve historia de los \u00faltimos hallazgos de la Comisi\u00f3n de Estudio sobre la Teolog\u00eda de la Ordenaci\u00f3n sobre la cuesti\u00f3n de la ordenaci\u00f3n de las mujeres. <\/p>\n<p>M\u00e1s de cien de los principales l\u00edderes tambi\u00e9n dedicaron tiempo a votar sobre las pr\u00f3ximas iniciativas y actividades durante las reuniones del d\u00eda de ayer en Miami, Florida, Estados Unidos.<\/p>\n","protected":false},"author":1,"featured_media":25328,"comment_status":"closed","ping_status":"closed","sticky":false,"template":"","format":"standard","meta":{"_acf_changed":false,"footnotes":""},"categories":[16,15],"tags":[],"class_list":["post-30832","post","type-post","status-publish","format-standard","has-post-thumbnail","hentry","category-desde-la-sede","category-rss-espanol"],"acf":[],"yoast_head":"<!-- This site is optimized with the Yoast SEO plugin v27.3 - https:\/\/yoast.com\/product\/yoast-seo-wordpress\/ -->\n<title>L\u00edderes de la iglesia repasan la cuesti\u00f3n de la ordenaci\u00f3n, el crecimiento, y votan iniciativas - Iglesia Adventista del S\u00e9ptimo D\u00eda - Divisi\u00f3n Interamericana<\/title>\n<meta name=\"robots\" content=\"index, follow, max-snippet:-1, max-image-preview:large, max-video-preview:-1\" \/>\n<link rel=\"canonical\" href=\"https:\/\/interamerica.org\/es\/2015\/05\/lideres-de-la-iglesia-repasan-la-cuestion-de-la-ordenacion-el-crecimiento-y-votan-iniciativas\/\" \/>\n<meta property=\"og:locale\" content=\"es_ES\" \/>\n<meta property=\"og:type\" content=\"article\" \/>\n<meta property=\"og:title\" content=\"L\u00edderes de la iglesia repasan la cuesti\u00f3n de la ordenaci\u00f3n, el crecimiento, y votan iniciativas - Iglesia Adventista del S\u00e9ptimo D\u00eda - Divisi\u00f3n Interamericana\" \/>\n<meta property=\"og:description\" content=\"En el segundo d\u00eda de las reuniones administrativas de la Iglesia Adventista en Interam\u00e9rica, los miembros de la junta directiva de la regi\u00f3n repasaron una breve historia de los \u00faltimos hallazgos de la Comisi\u00f3n de Estudio sobre la Teolog\u00eda de la Ordenaci\u00f3n sobre la cuesti\u00f3n de la ordenaci\u00f3n de las mujeres.  M\u00e1s de cien de los principales l\u00edderes tambi\u00e9n dedicaron tiempo a votar sobre las pr\u00f3ximas iniciativas y actividades durante las reuniones del d\u00eda de ayer en Miami, Florida, Estados Unidos.\" \/>\n<meta property=\"og:url\" content=\"https:\/\/interamerica.org\/es\/2015\/05\/lideres-de-la-iglesia-repasan-la-cuestion-de-la-ordenacion-el-crecimiento-y-votan-iniciativas\/\" \/>\n<meta property=\"og:site_name\" content=\"Iglesia Adventista del S\u00e9ptimo D\u00eda - Divisi\u00f3n Interamericana\" \/>\n<meta property=\"article:published_time\" content=\"2015-05-14T04:00:00+00:00\" \/>\n<meta property=\"og:image\" content=\"https:\/\/interamerica.org\/wp-content\/uploads\/2017\/06\/midyr-ordination600.png\" \/>\n\t<meta property=\"og:image:width\" content=\"566\" \/>\n\t<meta property=\"og:image:height\" content=\"398\" \/>\n\t<meta property=\"og:image:type\" content=\"image\/png\" \/>\n<meta name=\"author\" content=\"Lorenzo Verduzco\" \/>\n<meta name=\"twitter:card\" content=\"summary_large_image\" \/>\n<meta name=\"twitter:label1\" content=\"Escrito por\" \/>\n\t<meta name=\"twitter:data1\" content=\"Lorenzo Verduzco\" \/>\n\t<meta name=\"twitter:label2\" content=\"Tiempo de lectura\" \/>\n\t<meta name=\"twitter:data2\" content=\"10 minutos\" \/>\n<script type=\"application\/ld+json\" class=\"yoast-schema-graph\">{\"@context\":\"https:\\\/\\\/schema.org\",\"@graph\":[{\"@type\":\"Article\",\"@id\":\"https:\\\/\\\/interamerica.org\\\/es\\\/2015\\\/05\\\/lideres-de-la-iglesia-repasan-la-cuestion-de-la-ordenacion-el-crecimiento-y-votan-iniciativas\\\/#article\",\"isPartOf\":{\"@id\":\"https:\\\/\\\/interamerica.org\\\/es\\\/2015\\\/05\\\/lideres-de-la-iglesia-repasan-la-cuestion-de-la-ordenacion-el-crecimiento-y-votan-iniciativas\\\/\"},\"author\":{\"name\":\"Lorenzo Verduzco\",\"@id\":\"https:\\\/\\\/interamerica.org\\\/es\\\/#\\\/schema\\\/person\\\/68ede8bdc292885bb76c1e3810e73c39\"},\"headline\":\"L\u00edderes de la iglesia repasan la cuesti\u00f3n de la ordenaci\u00f3n, el crecimiento, y votan iniciativas\",\"datePublished\":\"2015-05-14T04:00:00+00:00\",\"mainEntityOfPage\":{\"@id\":\"https:\\\/\\\/interamerica.org\\\/es\\\/2015\\\/05\\\/lideres-de-la-iglesia-repasan-la-cuestion-de-la-ordenacion-el-crecimiento-y-votan-iniciativas\\\/\"},\"wordCount\":1961,\"image\":{\"@id\":\"https:\\\/\\\/interamerica.org\\\/es\\\/2015\\\/05\\\/lideres-de-la-iglesia-repasan-la-cuestion-de-la-ordenacion-el-crecimiento-y-votan-iniciativas\\\/#primaryimage\"},\"thumbnailUrl\":\"https:\\\/\\\/interamerica.org\\\/wp-content\\\/uploads\\\/2017\\\/06\\\/midyr-ordination600.png\",\"articleSection\":[\"Desde la sede\",\"RSS Espa\u00f1ol\"],\"inLanguage\":\"es\"},{\"@type\":\"WebPage\",\"@id\":\"https:\\\/\\\/interamerica.org\\\/es\\\/2015\\\/05\\\/lideres-de-la-iglesia-repasan-la-cuestion-de-la-ordenacion-el-crecimiento-y-votan-iniciativas\\\/\",\"url\":\"https:\\\/\\\/interamerica.org\\\/es\\\/2015\\\/05\\\/lideres-de-la-iglesia-repasan-la-cuestion-de-la-ordenacion-el-crecimiento-y-votan-iniciativas\\\/\",\"name\":\"L\u00edderes de la iglesia repasan la cuesti\u00f3n de la ordenaci\u00f3n, el crecimiento, y votan iniciativas - Iglesia Adventista del S\u00e9ptimo D\u00eda - Divisi\u00f3n Interamericana\",\"isPartOf\":{\"@id\":\"https:\\\/\\\/interamerica.org\\\/es\\\/#website\"},\"primaryImageOfPage\":{\"@id\":\"https:\\\/\\\/interamerica.org\\\/es\\\/2015\\\/05\\\/lideres-de-la-iglesia-repasan-la-cuestion-de-la-ordenacion-el-crecimiento-y-votan-iniciativas\\\/#primaryimage\"},\"image\":{\"@id\":\"https:\\\/\\\/interamerica.org\\\/es\\\/2015\\\/05\\\/lideres-de-la-iglesia-repasan-la-cuestion-de-la-ordenacion-el-crecimiento-y-votan-iniciativas\\\/#primaryimage\"},\"thumbnailUrl\":\"https:\\\/\\\/interamerica.org\\\/wp-content\\\/uploads\\\/2017\\\/06\\\/midyr-ordination600.png\",\"datePublished\":\"2015-05-14T04:00:00+00:00\",\"author\":{\"@id\":\"https:\\\/\\\/interamerica.org\\\/es\\\/#\\\/schema\\\/person\\\/68ede8bdc292885bb76c1e3810e73c39\"},\"breadcrumb\":{\"@id\":\"https:\\\/\\\/interamerica.org\\\/es\\\/2015\\\/05\\\/lideres-de-la-iglesia-repasan-la-cuestion-de-la-ordenacion-el-crecimiento-y-votan-iniciativas\\\/#breadcrumb\"},\"inLanguage\":\"es\",\"potentialAction\":[{\"@type\":\"ReadAction\",\"target\":[\"https:\\\/\\\/interamerica.org\\\/es\\\/2015\\\/05\\\/lideres-de-la-iglesia-repasan-la-cuestion-de-la-ordenacion-el-crecimiento-y-votan-iniciativas\\\/\"]}]},{\"@type\":\"ImageObject\",\"inLanguage\":\"es\",\"@id\":\"https:\\\/\\\/interamerica.org\\\/es\\\/2015\\\/05\\\/lideres-de-la-iglesia-repasan-la-cuestion-de-la-ordenacion-el-crecimiento-y-votan-iniciativas\\\/#primaryimage\",\"url\":\"https:\\\/\\\/interamerica.org\\\/wp-content\\\/uploads\\\/2017\\\/06\\\/midyr-ordination600.png\",\"contentUrl\":\"https:\\\/\\\/interamerica.org\\\/wp-content\\\/uploads\\\/2017\\\/06\\\/midyr-ordination600.png\",\"width\":566,\"height\":398},{\"@type\":\"BreadcrumbList\",\"@id\":\"https:\\\/\\\/interamerica.org\\\/es\\\/2015\\\/05\\\/lideres-de-la-iglesia-repasan-la-cuestion-de-la-ordenacion-el-crecimiento-y-votan-iniciativas\\\/#breadcrumb\",\"itemListElement\":[{\"@type\":\"ListItem\",\"position\":1,\"name\":\"Home\",\"item\":\"https:\\\/\\\/interamerica.org\\\/es\\\/\"},{\"@type\":\"ListItem\",\"position\":2,\"name\":\"L\u00edderes de la iglesia repasan la cuesti\u00f3n de la ordenaci\u00f3n, el crecimiento, y votan iniciativas\"}]},{\"@type\":\"WebSite\",\"@id\":\"https:\\\/\\\/interamerica.org\\\/es\\\/#website\",\"url\":\"https:\\\/\\\/interamerica.org\\\/es\\\/\",\"name\":\"Iglesia Adventista del S\u00e9ptimo D\u00eda - Divisi\u00f3n Interamericana\",\"description\":\"\",\"potentialAction\":[{\"@type\":\"SearchAction\",\"target\":{\"@type\":\"EntryPoint\",\"urlTemplate\":\"https:\\\/\\\/interamerica.org\\\/es\\\/?s={search_term_string}\"},\"query-input\":{\"@type\":\"PropertyValueSpecification\",\"valueRequired\":true,\"valueName\":\"search_term_string\"}}],\"inLanguage\":\"es\"},{\"@type\":\"Person\",\"@id\":\"https:\\\/\\\/interamerica.org\\\/es\\\/#\\\/schema\\\/person\\\/68ede8bdc292885bb76c1e3810e73c39\",\"name\":\"Lorenzo Verduzco\",\"image\":{\"@type\":\"ImageObject\",\"inLanguage\":\"es\",\"@id\":\"https:\\\/\\\/secure.gravatar.com\\\/avatar\\\/fb81a55b6218459490a9c1dc841a34909185b81904c5337b4b27f7a6fd60c49e?s=96&d=mm&r=g\",\"url\":\"https:\\\/\\\/secure.gravatar.com\\\/avatar\\\/fb81a55b6218459490a9c1dc841a34909185b81904c5337b4b27f7a6fd60c49e?s=96&d=mm&r=g\",\"contentUrl\":\"https:\\\/\\\/secure.gravatar.com\\\/avatar\\\/fb81a55b6218459490a9c1dc841a34909185b81904c5337b4b27f7a6fd60c49e?s=96&d=mm&r=g\",\"caption\":\"Lorenzo Verduzco\"}}]}<\/script>\n<!-- \/ Yoast SEO plugin. -->","yoast_head_json":{"title":"L\u00edderes de la iglesia repasan la cuesti\u00f3n de la ordenaci\u00f3n, el crecimiento, y votan iniciativas - Iglesia Adventista del S\u00e9ptimo D\u00eda - Divisi\u00f3n Interamericana","robots":{"index":"index","follow":"follow","max-snippet":"max-snippet:-1","max-image-preview":"max-image-preview:large","max-video-preview":"max-video-preview:-1"},"canonical":"https:\/\/interamerica.org\/es\/2015\/05\/lideres-de-la-iglesia-repasan-la-cuestion-de-la-ordenacion-el-crecimiento-y-votan-iniciativas\/","og_locale":"es_ES","og_type":"article","og_title":"L\u00edderes de la iglesia repasan la cuesti\u00f3n de la ordenaci\u00f3n, el crecimiento, y votan iniciativas - Iglesia Adventista del S\u00e9ptimo D\u00eda - Divisi\u00f3n Interamericana","og_description":"En el segundo d\u00eda de las reuniones administrativas de la Iglesia Adventista en Interam\u00e9rica, los miembros de la junta directiva de la regi\u00f3n repasaron una breve historia de los \u00faltimos hallazgos de la Comisi\u00f3n de Estudio sobre la Teolog\u00eda de la Ordenaci\u00f3n sobre la cuesti\u00f3n de la ordenaci\u00f3n de las mujeres.  M\u00e1s de cien de los principales l\u00edderes tambi\u00e9n dedicaron tiempo a votar sobre las pr\u00f3ximas iniciativas y actividades durante las reuniones del d\u00eda de ayer en Miami, Florida, Estados Unidos.","og_url":"https:\/\/interamerica.org\/es\/2015\/05\/lideres-de-la-iglesia-repasan-la-cuestion-de-la-ordenacion-el-crecimiento-y-votan-iniciativas\/","og_site_name":"Iglesia Adventista del S\u00e9ptimo D\u00eda - Divisi\u00f3n Interamericana","article_published_time":"2015-05-14T04:00:00+00:00","og_image":[{"width":566,"height":398,"url":"https:\/\/interamerica.org\/wp-content\/uploads\/2017\/06\/midyr-ordination600.png","type":"image\/png"}],"author":"Lorenzo Verduzco","twitter_card":"summary_large_image","twitter_misc":{"Escrito por":"Lorenzo Verduzco","Tiempo de lectura":"10 minutos"},"schema":{"@context":"https:\/\/schema.org","@graph":[{"@type":"Article","@id":"https:\/\/interamerica.org\/es\/2015\/05\/lideres-de-la-iglesia-repasan-la-cuestion-de-la-ordenacion-el-crecimiento-y-votan-iniciativas\/#article","isPartOf":{"@id":"https:\/\/interamerica.org\/es\/2015\/05\/lideres-de-la-iglesia-repasan-la-cuestion-de-la-ordenacion-el-crecimiento-y-votan-iniciativas\/"},"author":{"name":"Lorenzo Verduzco","@id":"https:\/\/interamerica.org\/es\/#\/schema\/person\/68ede8bdc292885bb76c1e3810e73c39"},"headline":"L\u00edderes de la iglesia repasan la cuesti\u00f3n de la ordenaci\u00f3n, el crecimiento, y votan iniciativas","datePublished":"2015-05-14T04:00:00+00:00","mainEntityOfPage":{"@id":"https:\/\/interamerica.org\/es\/2015\/05\/lideres-de-la-iglesia-repasan-la-cuestion-de-la-ordenacion-el-crecimiento-y-votan-iniciativas\/"},"wordCount":1961,"image":{"@id":"https:\/\/interamerica.org\/es\/2015\/05\/lideres-de-la-iglesia-repasan-la-cuestion-de-la-ordenacion-el-crecimiento-y-votan-iniciativas\/#primaryimage"},"thumbnailUrl":"https:\/\/interamerica.org\/wp-content\/uploads\/2017\/06\/midyr-ordination600.png","articleSection":["Desde la sede","RSS Espa\u00f1ol"],"inLanguage":"es"},{"@type":"WebPage","@id":"https:\/\/interamerica.org\/es\/2015\/05\/lideres-de-la-iglesia-repasan-la-cuestion-de-la-ordenacion-el-crecimiento-y-votan-iniciativas\/","url":"https:\/\/interamerica.org\/es\/2015\/05\/lideres-de-la-iglesia-repasan-la-cuestion-de-la-ordenacion-el-crecimiento-y-votan-iniciativas\/","name":"L\u00edderes de la iglesia repasan la cuesti\u00f3n de la ordenaci\u00f3n, el crecimiento, y votan iniciativas - Iglesia Adventista del S\u00e9ptimo D\u00eda - Divisi\u00f3n Interamericana","isPartOf":{"@id":"https:\/\/interamerica.org\/es\/#website"},"primaryImageOfPage":{"@id":"https:\/\/interamerica.org\/es\/2015\/05\/lideres-de-la-iglesia-repasan-la-cuestion-de-la-ordenacion-el-crecimiento-y-votan-iniciativas\/#primaryimage"},"image":{"@id":"https:\/\/interamerica.org\/es\/2015\/05\/lideres-de-la-iglesia-repasan-la-cuestion-de-la-ordenacion-el-crecimiento-y-votan-iniciativas\/#primaryimage"},"thumbnailUrl":"https:\/\/interamerica.org\/wp-content\/uploads\/2017\/06\/midyr-ordination600.png","datePublished":"2015-05-14T04:00:00+00:00","author":{"@id":"https:\/\/interamerica.org\/es\/#\/schema\/person\/68ede8bdc292885bb76c1e3810e73c39"},"breadcrumb":{"@id":"https:\/\/interamerica.org\/es\/2015\/05\/lideres-de-la-iglesia-repasan-la-cuestion-de-la-ordenacion-el-crecimiento-y-votan-iniciativas\/#breadcrumb"},"inLanguage":"es","potentialAction":[{"@type":"ReadAction","target":["https:\/\/interamerica.org\/es\/2015\/05\/lideres-de-la-iglesia-repasan-la-cuestion-de-la-ordenacion-el-crecimiento-y-votan-iniciativas\/"]}]},{"@type":"ImageObject","inLanguage":"es","@id":"https:\/\/interamerica.org\/es\/2015\/05\/lideres-de-la-iglesia-repasan-la-cuestion-de-la-ordenacion-el-crecimiento-y-votan-iniciativas\/#primaryimage","url":"https:\/\/interamerica.org\/wp-content\/uploads\/2017\/06\/midyr-ordination600.png","contentUrl":"https:\/\/interamerica.org\/wp-content\/uploads\/2017\/06\/midyr-ordination600.png","width":566,"height":398},{"@type":"BreadcrumbList","@id":"https:\/\/interamerica.org\/es\/2015\/05\/lideres-de-la-iglesia-repasan-la-cuestion-de-la-ordenacion-el-crecimiento-y-votan-iniciativas\/#breadcrumb","itemListElement":[{"@type":"ListItem","position":1,"name":"Home","item":"https:\/\/interamerica.org\/es\/"},{"@type":"ListItem","position":2,"name":"L\u00edderes de la iglesia repasan la cuesti\u00f3n de la ordenaci\u00f3n, el crecimiento, y votan iniciativas"}]},{"@type":"WebSite","@id":"https:\/\/interamerica.org\/es\/#website","url":"https:\/\/interamerica.org\/es\/","name":"Iglesia Adventista del S\u00e9ptimo D\u00eda - Divisi\u00f3n Interamericana","description":"","potentialAction":[{"@type":"SearchAction","target":{"@type":"EntryPoint","urlTemplate":"https:\/\/interamerica.org\/es\/?s={search_term_string}"},"query-input":{"@type":"PropertyValueSpecification","valueRequired":true,"valueName":"search_term_string"}}],"inLanguage":"es"},{"@type":"Person","@id":"https:\/\/interamerica.org\/es\/#\/schema\/person\/68ede8bdc292885bb76c1e3810e73c39","name":"Lorenzo Verduzco","image":{"@type":"ImageObject","inLanguage":"es","@id":"https:\/\/secure.gravatar.com\/avatar\/fb81a55b6218459490a9c1dc841a34909185b81904c5337b4b27f7a6fd60c49e?s=96&d=mm&r=g","url":"https:\/\/secure.gravatar.com\/avatar\/fb81a55b6218459490a9c1dc841a34909185b81904c5337b4b27f7a6fd60c49e?s=96&d=mm&r=g","contentUrl":"https:\/\/secure.gravatar.com\/avatar\/fb81a55b6218459490a9c1dc841a34909185b81904c5337b4b27f7a6fd60c49e?s=96&d=mm&r=g","caption":"Lorenzo Verduzco"}}]}},"_links":{"self":[{"href":"https:\/\/interamerica.org\/es\/wp-json\/wp\/v2\/posts\/30832","targetHints":{"allow":["GET"]}}],"collection":[{"href":"https:\/\/interamerica.org\/es\/wp-json\/wp\/v2\/posts"}],"about":[{"href":"https:\/\/interamerica.org\/es\/wp-json\/wp\/v2\/types\/post"}],"author":[{"embeddable":true,"href":"https:\/\/interamerica.org\/es\/wp-json\/wp\/v2\/users\/1"}],"replies":[{"embeddable":true,"href":"https:\/\/interamerica.org\/es\/wp-json\/wp\/v2\/comments?post=30832"}],"version-history":[{"count":0,"href":"https:\/\/interamerica.org\/es\/wp-json\/wp\/v2\/posts\/30832\/revisions"}],"wp:featuredmedia":[{"embeddable":true,"href":"https:\/\/interamerica.org\/es\/wp-json\/wp\/v2\/media\/25328"}],"wp:attachment":[{"href":"https:\/\/interamerica.org\/es\/wp-json\/wp\/v2\/media?parent=30832"}],"wp:term":[{"taxonomy":"category","embeddable":true,"href":"https:\/\/interamerica.org\/es\/wp-json\/wp\/v2\/categories?post=30832"},{"taxonomy":"post_tag","embeddable":true,"href":"https:\/\/interamerica.org\/es\/wp-json\/wp\/v2\/tags?post=30832"}],"curies":[{"name":"wp","href":"https:\/\/api.w.org\/{rel}","templated":true}]}}