{"id":30833,"date":"2015-05-15T00:00:00","date_gmt":"2015-05-15T04:00:00","guid":{"rendered":"http:\/\/192.81.217.108\/interamerica\/2015\/05\/los-feligreses-de-interamerica-entre-los-mas-generosos-del-mundo\/"},"modified":"2015-05-15T00:00:00","modified_gmt":"2015-05-15T04:00:00","slug":"los-feligreses-de-interamerica-entre-los-mas-generosos-del-mundo","status":"publish","type":"post","link":"https:\/\/interamerica.org\/es\/2015\/05\/los-feligreses-de-interamerica-entre-los-mas-generosos-del-mundo\/","title":{"rendered":"Los feligreses de Interam\u00e9rica, entre los m\u00e1s generosos del mundo"},"content":{"rendered":"<p>15 de mayo de 2015 | Miami, Florida, Estados Unidos | Libna Stevens\/DIA<\/p>\n<div id=\"attachment_16973\" style=\"width: 330px\" class=\"wp-caption alignleft\"><a href=\"\/interamerica\/wp-content\/uploads\/2017\/06\/FilibertoVerduzco400.png\" rel=\"fancybox\" title=\"Los feligreses de Interam\u00e9rica, entre los m\u00e1s generosos del mundo\"><img fetchpriority=\"high\" decoding=\"async\" aria-describedby=\"caption-attachment-16973\" class=\" wp-image-16973 \" src=\"\/interamerica\/wp-content\/uploads\/2017\/06\/FilibertoVerduzco400.png\" alt=\"\" width=\"320\" height=\"237\" \/><\/a><p id=\"caption-attachment-16973\" class=\"wp-caption-text\">Filiberto Verduzco, tesorero de la Divisi\u00f3n Interamericana, destca la generosidad de los miembros de iglesia de todo el territorio de la Divisi\u00f3n Interamericana, durante el informe financiero de este 14 de mayo, como parte del tercer d\u00eda de reuniones de la junta directiva del territorio en Miami, Florida, Estados Unidos. Im\u00e1genes de Libna Stevens\/DIA<\/p><\/div>\n<p>\u00abLos feligreses de Interam\u00e9rica son el doble de generosos que el miembro promedio de otras partes del mundo\u00bb. Esas fueron las palabras de Filiberto Verduzco, tesorero de la Divisi\u00f3n Interamericana (DIA), al comenzar su informe financiero ante los miembros de la junta directiva que est\u00e1n reunidos para las reuniones anuales en Miami, Florida, Estados Unidos, que se est\u00e1n llevando a cabo esta semana.<\/p>\n<p>\u00abQuiero agradecer al Se\u00f1or p\u00fablicamente por lo bueno que \u00e9l ha sido con su iglesia en Interam\u00e9rica durante el \u00faltimo a\u00f1o\u00bb, dijo Verduzco. \u00abPor ello, no tenemos nada que temer, porque las evidencias de sus bendiciones son tan fuertes, que con esa seguridad alabamos al Se\u00f1or\u00bb.<\/p>\n<p>Hay unas pocas uniones en el territorio donde los administradores financieros han dejado su marca durante a\u00f1os\u00bb, dijo Verduzco. Por ejemplo, los feligreses de Hait\u00ed dan el 11,36 por ciento de ofrendas respecto del diezmo, lo que \u00ablos convierte en los miembros m\u00e1s generosos de la iglesia mundial\u00bb, a\u00f1adi\u00f3.<\/p>\n<p>En segundo lugar se encuentran los miembros de la Uni\u00f3n Dominicana, que dan aproximadamente el 10,48 por ciento de las ofrendas respecto de los diezmos.<\/p>\n<div id=\"attachment_16977\" style=\"width: 330px\" class=\"wp-caption alignright\"><a href=\"\/interamerica\/wp-content\/uploads\/2017\/06\/TitheGraph400.png\" rel=\"fancybox\" title=\"Los feligreses de Interam\u00e9rica, entre los m\u00e1s generosos del mundo\"><img decoding=\"async\" aria-describedby=\"caption-attachment-16977\" class=\" wp-image-16977 \" src=\"\/interamerica\/wp-content\/uploads\/2017\/06\/TitheGraph400.png\" alt=\"\" width=\"320\" height=\"210\" \/><\/a><p id=\"caption-attachment-16977\" class=\"wp-caption-text\">El gr\u00e1fico muestra los fondos de diezmo entregados por la Iglesia Adventista mundial en 2014.<\/p><\/div>\n<p>Otras ocho uniones de Venezuela, M\u00e9xico y Costa Rica, Nicaragua y El Salvador dan entre el 7,64 y el 9,62 por ciento de ofrendas en comparaci\u00f3n con los diezmos, explic\u00f3 Verduzco. El resto de las doce divisiones mundiales de la iglesia dan aproximadamente el siete por ciento de ofrendas en comparaci\u00f3n con los diezmos.<\/p>\n<p>\u00abEs incre\u00edblemente generoso de parte de nuestros miembros en Interam\u00e9rica\u00bb, a\u00f1adi\u00f3 Verduzco.<\/p>\n<p>El tesorero pas\u00f3 entonces a explicar que en 2014, la contribuci\u00f3n de diezmos a la iglesia mundial de parte de la DIA fue el diez por ciento del total de diezmos recolectados. Los diezmos recolectados por la Divisi\u00f3n Norteamericana (NAD) representan el cuarenta por ciento y el resto de las divisiones mundiales de la iglesia (con excepci\u00f3n de la NAD) contribuyen con el sesenta por ciento del total de diezmos recolectados en todo el mundo.<\/p>\n<div id=\"attachment_16972\" style=\"width: 330px\" class=\"wp-caption alignleft\"><a href=\"\/interamerica\/wp-content\/uploads\/2017\/06\/IvelisseHerrera400.png\" rel=\"fancybox\" title=\"Los feligreses de Interam\u00e9rica, entre los m\u00e1s generosos del mundo\"><img decoding=\"async\" aria-describedby=\"caption-attachment-16972\" class=\" wp-image-16972 \" src=\"\/interamerica\/wp-content\/uploads\/2017\/06\/IvelisseHerrera400.png\" alt=\"\" width=\"320\" height=\"205\" \/><\/a><p id=\"caption-attachment-16972\" class=\"wp-caption-text\">Ivelisse Herrera, subtesorera de la DIA, presenta las cifras durante el informe financiero.<\/p><\/div>\n<p>\u00abEsto nos muestra simplemente qu\u00e9 gran compromiso financiero tiene la iglesia en Interam\u00e9rica\u00bb, dijo Verduzco. \u00abTenemos una iglesia generosa que est\u00e1 comprometida con el cumplimiento de la misi\u00f3n de la iglesia no solo a nivel local sino tambi\u00e9n en el contexto de la iglesia mundial. Es por ello que creo que Dios da sus bendiciones\u00bb.<\/p>\n<p>Las bendiciones eclipsan el hecho de que la mayor\u00eda de las monedas del territorio son d\u00e9biles, y solo algunas de ellas son fuertes. Verduzco inform\u00f3 que durante los \u00faltimos cinco a\u00f1os, las monedas se han debilitado en forma marcada. A pesar de ello, se puede ver un incremento de diezmos, pero al medirlo anualmente se ha sentido una disminuci\u00f3n.<\/p>\n<p>En su informe, Verduzco dijo que el 72 por ciento de los ingresos operativos proviene de monedas d\u00e9biles y el 28 por ciento de monedas estables. Las monedas de M\u00e9xico, Jamaica, Colombia, Rep\u00fablica Dominicana, Venezuela y Hait\u00ed representan el 54 por ciento de los ingresos operativos. \u00abEsto ha presentado desaf\u00edos, pero Dios ha continuado ayud\u00e1ndonos\u00bb.<\/p>\n<p>Para diciembre de 2014, el capital operativo se encontraba en el 217 por ciento, y la liquidez, en el 232 por ciento.<\/p>\n<p><span style=\"font-size: medium;\"><strong>Financiaci\u00f3n para el Canal Hope Interam\u00e9rica:<\/strong><\/span>\u00a0Se inform\u00f3 tambi\u00e9n a los miembros de la junta el plan financiero y los fondos que se necesitan para operar los tres nuevos canales del Canal Hope Interam\u00e9rica, un emprendimiento que costar\u00e1 cerca de siete millones de d\u00f3lares durante los pr\u00f3ximos cinco a\u00f1os.<\/p>\n<p>Los l\u00edderes tomaron un voto de solicitar fondos espec\u00edficos a la Asociaci\u00f3n General para financiar parte de los gastos, que incluyen la conexi\u00f3n satelital, los equipos y materiales.<\/p>\n<div id=\"attachment_16974\" style=\"width: 330px\" class=\"wp-caption alignleft\"><a href=\"\/interamerica\/wp-content\/uploads\/2017\/06\/GuillermoGonzalez400.png\" rel=\"fancybox\" title=\"Los feligreses de Interam\u00e9rica, entre los m\u00e1s generosos del mundo\"><img loading=\"lazy\" decoding=\"async\" aria-describedby=\"caption-attachment-16974\" class=\" wp-image-16974 \" src=\"\/interamerica\/wp-content\/uploads\/2017\/06\/GuillermoGonzalez400.png\" alt=\"\" width=\"320\" height=\"214\" \/><\/a><p id=\"caption-attachment-16974\" class=\"wp-caption-text\">Guillermo Gonz\u00e1lez, tesorero asociado de la DIA, presenta el nuevo programa inform\u00e1tico de auditor\u00eda que ser\u00e1 implementado en 390 organizaciones y 12.100 iglesias del territorio.<\/p><\/div>\n<p><strong><span style=\"font-size: medium;\">El desaf\u00edo de auditar las organizaciones:<\/span><\/strong>\u00a0Se present\u00f3 tambi\u00e9n a los miembros de la junta un nuevo plan de auditor\u00edas o inspecciones financieras de las 390 organizaciones y 12.100 iglesias que no son auditadas por el Sistema de Auditor\u00eda de la Asociaci\u00f3n General (GCAS). Solo 189 organizaciones son auditadas por el GCAS, dijo Guillermo Gonz\u00e1lez, tesorero asociado de la DIA.<\/p>\n<p>Un nuevo programa inform\u00e1tico en l\u00ednea comenzar\u00e1 a ser implementado en todas las organizaciones de la DIA que necesiten ser auditadas. Este programa usar\u00e1 a todos los auditores locales, que responder\u00e1n a un auditor general.<\/p>\n<p>\u00abEl desaf\u00edo es muy grande, pero necesitamos implementar un sistema as\u00ed para gestionar mejor el sistema financiero en el territorio\u00bb, a\u00f1adi\u00f3 Gonz\u00e1lez. Se espera que el sistema sea implementado este a\u00f1o en todo el territorio.<\/p>\n<p><span style=\"font-size: medium;\"><strong>Arreglos financieros en M\u00e9xico:<\/strong><\/span>\u00a0En medio de los desaf\u00edos legales y financieros en algunos pa\u00edses de la DIA, M\u00e9xico ha presentado el mayor desaf\u00edo, dijo el pastor Israel Leito, presidente de la DIA, al hablar con m\u00e1s de cien miembros de la junta directiva del territorio.<\/p>\n<p>\u00abHemos tenido que crear un sistema para la gesti\u00f3n financiera de los fondos de la iglesia en las cinco regiones eclesi\u00e1sticas principales de M\u00e9xico\u00bb, a\u00f1adi\u00f3 el pastor Leito. La oficina establecida en Ciudad de M\u00e9xico ser\u00e1 una extensi\u00f3n de la DIA en cuestiones financieras.<\/p>\n<p>Florencio Su\u00e1rez, quien fue designado al frente de esa oficina hace seis meses, brindar\u00e1 su apoyo para desarrollar e implementar cuestiones que permitan gestionar mejor las finanzas dentro de M\u00e9xico.<\/p>\n<p><span style=\"font-size: medium;\"><strong>Ofrenda del decimotercer s\u00e1bado:<\/strong><\/span>\u00a0Los l\u00edderes votaron tres uniones como beneficiarias de la Ofrenda del Decimotercer S\u00e1bado de 2018: la Universidad Adventista de las Antillas, en la Uni\u00f3n Puertorrique\u00f1a, recibir\u00e1 fondos para la construcci\u00f3n de su templo. La Universidad Sure\u00f1a del Caribe, en Trinidad, recibir\u00e1 fondos para la construcci\u00f3n del templo en el campus. Y por su parte, el Hospital Adventista del Sureste, en la Uni\u00f3n Mexicana del Sureste, recibir\u00e1 fondos para mejorar sus instalaciones hospitalarias.<\/p>\n<p>Los l\u00edderes tambi\u00e9n votaron decidir tomar un voto sobre proyectos espec\u00edficos para los fondos de la Ofrenda del Decimotercer S\u00e1bado que env\u00edan las uniones de la DIA.<\/p>\n<p>\u00abEvaluaremos la importancia de los proyectos enviados y elegiremos sobre la base de los proyectos, y no de una lista secuencial de uniones\u00bb, dijo el pastor Leito.<\/p>\n<p>Asimismo, los l\u00edderes de la iglesia recibieron una actualizaci\u00f3n sobre los cambios de los planes de beneficios de protecci\u00f3n de los empleados, actualizaciones sobre los avances de la tecnolog\u00eda en la DIA, lo que incluye la estrategia de seguridad inform\u00e1tica, y tambi\u00e9n una inversi\u00f3n en sistemas telef\u00f3nicos y de videoconferencias que puedan ser utilizados en todo el territorio.<\/p>\n<p>Si desea saber m\u00e1s sobre la Divisi\u00f3n Interamericana, visite el sitio\u00a0<a href=\"https:\/\/recursing-golick.147-182-135-0.plesk.page\">interamerica.org<\/a><\/p>\n<p>Si desea ver una galer\u00eda de fotograf\u00edas de la DIA, presione\u00a0<a href=\"https:\/\/www.flickr.com\/photos\/interamerica\/17495664178\/in\/dateposted-public\/\">AQU\u00cd<\/a><\/p>\n<p><em>Traducci\u00f3n de Marcos Paseggi<\/em><\/p>\n","protected":false},"excerpt":{"rendered":"<p>\u00abLos feligreses de Interam\u00e9rica son el doble de generosos que el miembro promedio de otras partes del mundo\u00bb. Esas fueron las palabras de Filiberto Verduzco, tesorero de la Divisi\u00f3n Interamericana (DIA), al comenzar su informe financiero ante los miembros de la junta directiva que est\u00e1n reunidos para las reuniones anuales en Miami, Florida, Estados Unidos, que se est\u00e1n llevando a cabo esta semana.<\/p>\n","protected":false},"author":1,"featured_media":25347,"comment_status":"closed","ping_status":"closed","sticky":false,"template":"","format":"standard","meta":{"_acf_changed":false,"footnotes":""},"categories":[16,15],"tags":[],"class_list":["post-30833","post","type-post","status-publish","format-standard","has-post-thumbnail","hentry","category-desde-la-sede","category-rss-espanol"],"acf":[],"yoast_head":"<!-- This site is optimized with the Yoast SEO plugin v27.3 - https:\/\/yoast.com\/product\/yoast-seo-wordpress\/ -->\n<title>Los feligreses de Interam\u00e9rica, entre los m\u00e1s generosos del mundo - Iglesia Adventista del S\u00e9ptimo D\u00eda - Divisi\u00f3n Interamericana<\/title>\n<meta name=\"robots\" content=\"index, follow, max-snippet:-1, max-image-preview:large, max-video-preview:-1\" \/>\n<link rel=\"canonical\" href=\"https:\/\/interamerica.org\/es\/2015\/05\/los-feligreses-de-interamerica-entre-los-mas-generosos-del-mundo\/\" \/>\n<meta property=\"og:locale\" content=\"es_ES\" \/>\n<meta property=\"og:type\" content=\"article\" \/>\n<meta property=\"og:title\" content=\"Los feligreses de Interam\u00e9rica, entre los m\u00e1s generosos del mundo - Iglesia Adventista del S\u00e9ptimo D\u00eda - Divisi\u00f3n Interamericana\" \/>\n<meta property=\"og:description\" content=\"&quot;Los feligreses de Interam\u00e9rica son el doble de generosos que el miembro promedio de otras partes del mundo&quot;. Esas fueron las palabras de Filiberto Verduzco, tesorero de la Divisi\u00f3n Interamericana (DIA), al comenzar su informe financiero ante los miembros de la junta directiva que est\u00e1n reunidos para las reuniones anuales en Miami, Florida, Estados Unidos, que se est\u00e1n llevando a cabo esta semana.\" \/>\n<meta property=\"og:url\" content=\"https:\/\/interamerica.org\/es\/2015\/05\/los-feligreses-de-interamerica-entre-los-mas-generosos-del-mundo\/\" \/>\n<meta property=\"og:site_name\" content=\"Iglesia Adventista del S\u00e9ptimo D\u00eda - Divisi\u00f3n Interamericana\" \/>\n<meta property=\"article:published_time\" content=\"2015-05-15T04:00:00+00:00\" \/>\n<meta property=\"og:image\" content=\"https:\/\/interamerica.org\/wp-content\/uploads\/2017\/06\/FilibertoVerduzco400.png\" \/>\n\t<meta property=\"og:image:width\" content=\"400\" \/>\n\t<meta property=\"og:image:height\" content=\"296\" \/>\n\t<meta property=\"og:image:type\" content=\"image\/png\" \/>\n<meta name=\"author\" content=\"Lorenzo Verduzco\" \/>\n<meta name=\"twitter:card\" content=\"summary_large_image\" \/>\n<meta name=\"twitter:label1\" content=\"Escrito por\" \/>\n\t<meta name=\"twitter:data1\" content=\"Lorenzo Verduzco\" \/>\n\t<meta name=\"twitter:label2\" content=\"Tiempo de lectura\" \/>\n\t<meta name=\"twitter:data2\" content=\"6 minutos\" \/>\n<script type=\"application\/ld+json\" class=\"yoast-schema-graph\">{\"@context\":\"https:\\\/\\\/schema.org\",\"@graph\":[{\"@type\":\"Article\",\"@id\":\"https:\\\/\\\/interamerica.org\\\/es\\\/2015\\\/05\\\/los-feligreses-de-interamerica-entre-los-mas-generosos-del-mundo\\\/#article\",\"isPartOf\":{\"@id\":\"https:\\\/\\\/interamerica.org\\\/es\\\/2015\\\/05\\\/los-feligreses-de-interamerica-entre-los-mas-generosos-del-mundo\\\/\"},\"author\":{\"name\":\"Lorenzo Verduzco\",\"@id\":\"https:\\\/\\\/interamerica.org\\\/es\\\/#\\\/schema\\\/person\\\/68ede8bdc292885bb76c1e3810e73c39\"},\"headline\":\"Los feligreses de Interam\u00e9rica, entre los m\u00e1s generosos del mundo\",\"datePublished\":\"2015-05-15T04:00:00+00:00\",\"mainEntityOfPage\":{\"@id\":\"https:\\\/\\\/interamerica.org\\\/es\\\/2015\\\/05\\\/los-feligreses-de-interamerica-entre-los-mas-generosos-del-mundo\\\/\"},\"wordCount\":1305,\"image\":{\"@id\":\"https:\\\/\\\/interamerica.org\\\/es\\\/2015\\\/05\\\/los-feligreses-de-interamerica-entre-los-mas-generosos-del-mundo\\\/#primaryimage\"},\"thumbnailUrl\":\"https:\\\/\\\/interamerica.org\\\/wp-content\\\/uploads\\\/2017\\\/06\\\/FilibertoVerduzco400.png\",\"articleSection\":[\"Desde la sede\",\"RSS Espa\u00f1ol\"],\"inLanguage\":\"es\"},{\"@type\":\"WebPage\",\"@id\":\"https:\\\/\\\/interamerica.org\\\/es\\\/2015\\\/05\\\/los-feligreses-de-interamerica-entre-los-mas-generosos-del-mundo\\\/\",\"url\":\"https:\\\/\\\/interamerica.org\\\/es\\\/2015\\\/05\\\/los-feligreses-de-interamerica-entre-los-mas-generosos-del-mundo\\\/\",\"name\":\"Los feligreses de Interam\u00e9rica, entre los m\u00e1s generosos del mundo - Iglesia Adventista del S\u00e9ptimo D\u00eda - Divisi\u00f3n Interamericana\",\"isPartOf\":{\"@id\":\"https:\\\/\\\/interamerica.org\\\/es\\\/#website\"},\"primaryImageOfPage\":{\"@id\":\"https:\\\/\\\/interamerica.org\\\/es\\\/2015\\\/05\\\/los-feligreses-de-interamerica-entre-los-mas-generosos-del-mundo\\\/#primaryimage\"},\"image\":{\"@id\":\"https:\\\/\\\/interamerica.org\\\/es\\\/2015\\\/05\\\/los-feligreses-de-interamerica-entre-los-mas-generosos-del-mundo\\\/#primaryimage\"},\"thumbnailUrl\":\"https:\\\/\\\/interamerica.org\\\/wp-content\\\/uploads\\\/2017\\\/06\\\/FilibertoVerduzco400.png\",\"datePublished\":\"2015-05-15T04:00:00+00:00\",\"author\":{\"@id\":\"https:\\\/\\\/interamerica.org\\\/es\\\/#\\\/schema\\\/person\\\/68ede8bdc292885bb76c1e3810e73c39\"},\"breadcrumb\":{\"@id\":\"https:\\\/\\\/interamerica.org\\\/es\\\/2015\\\/05\\\/los-feligreses-de-interamerica-entre-los-mas-generosos-del-mundo\\\/#breadcrumb\"},\"inLanguage\":\"es\",\"potentialAction\":[{\"@type\":\"ReadAction\",\"target\":[\"https:\\\/\\\/interamerica.org\\\/es\\\/2015\\\/05\\\/los-feligreses-de-interamerica-entre-los-mas-generosos-del-mundo\\\/\"]}]},{\"@type\":\"ImageObject\",\"inLanguage\":\"es\",\"@id\":\"https:\\\/\\\/interamerica.org\\\/es\\\/2015\\\/05\\\/los-feligreses-de-interamerica-entre-los-mas-generosos-del-mundo\\\/#primaryimage\",\"url\":\"https:\\\/\\\/interamerica.org\\\/wp-content\\\/uploads\\\/2017\\\/06\\\/FilibertoVerduzco400.png\",\"contentUrl\":\"https:\\\/\\\/interamerica.org\\\/wp-content\\\/uploads\\\/2017\\\/06\\\/FilibertoVerduzco400.png\",\"width\":400,\"height\":296},{\"@type\":\"BreadcrumbList\",\"@id\":\"https:\\\/\\\/interamerica.org\\\/es\\\/2015\\\/05\\\/los-feligreses-de-interamerica-entre-los-mas-generosos-del-mundo\\\/#breadcrumb\",\"itemListElement\":[{\"@type\":\"ListItem\",\"position\":1,\"name\":\"Home\",\"item\":\"https:\\\/\\\/interamerica.org\\\/es\\\/\"},{\"@type\":\"ListItem\",\"position\":2,\"name\":\"Los feligreses de Interam\u00e9rica, entre los m\u00e1s generosos del mundo\"}]},{\"@type\":\"WebSite\",\"@id\":\"https:\\\/\\\/interamerica.org\\\/es\\\/#website\",\"url\":\"https:\\\/\\\/interamerica.org\\\/es\\\/\",\"name\":\"Iglesia Adventista del S\u00e9ptimo D\u00eda - Divisi\u00f3n Interamericana\",\"description\":\"\",\"potentialAction\":[{\"@type\":\"SearchAction\",\"target\":{\"@type\":\"EntryPoint\",\"urlTemplate\":\"https:\\\/\\\/interamerica.org\\\/es\\\/?s={search_term_string}\"},\"query-input\":{\"@type\":\"PropertyValueSpecification\",\"valueRequired\":true,\"valueName\":\"search_term_string\"}}],\"inLanguage\":\"es\"},{\"@type\":\"Person\",\"@id\":\"https:\\\/\\\/interamerica.org\\\/es\\\/#\\\/schema\\\/person\\\/68ede8bdc292885bb76c1e3810e73c39\",\"name\":\"Lorenzo Verduzco\",\"image\":{\"@type\":\"ImageObject\",\"inLanguage\":\"es\",\"@id\":\"https:\\\/\\\/secure.gravatar.com\\\/avatar\\\/fb81a55b6218459490a9c1dc841a34909185b81904c5337b4b27f7a6fd60c49e?s=96&d=mm&r=g\",\"url\":\"https:\\\/\\\/secure.gravatar.com\\\/avatar\\\/fb81a55b6218459490a9c1dc841a34909185b81904c5337b4b27f7a6fd60c49e?s=96&d=mm&r=g\",\"contentUrl\":\"https:\\\/\\\/secure.gravatar.com\\\/avatar\\\/fb81a55b6218459490a9c1dc841a34909185b81904c5337b4b27f7a6fd60c49e?s=96&d=mm&r=g\",\"caption\":\"Lorenzo Verduzco\"}}]}<\/script>\n<!-- \/ Yoast SEO plugin. -->","yoast_head_json":{"title":"Los feligreses de Interam\u00e9rica, entre los m\u00e1s generosos del mundo - Iglesia Adventista del S\u00e9ptimo D\u00eda - Divisi\u00f3n Interamericana","robots":{"index":"index","follow":"follow","max-snippet":"max-snippet:-1","max-image-preview":"max-image-preview:large","max-video-preview":"max-video-preview:-1"},"canonical":"https:\/\/interamerica.org\/es\/2015\/05\/los-feligreses-de-interamerica-entre-los-mas-generosos-del-mundo\/","og_locale":"es_ES","og_type":"article","og_title":"Los feligreses de Interam\u00e9rica, entre los m\u00e1s generosos del mundo - Iglesia Adventista del S\u00e9ptimo D\u00eda - Divisi\u00f3n Interamericana","og_description":"\"Los feligreses de Interam\u00e9rica son el doble de generosos que el miembro promedio de otras partes del mundo\". Esas fueron las palabras de Filiberto Verduzco, tesorero de la Divisi\u00f3n Interamericana (DIA), al comenzar su informe financiero ante los miembros de la junta directiva que est\u00e1n reunidos para las reuniones anuales en Miami, Florida, Estados Unidos, que se est\u00e1n llevando a cabo esta semana.","og_url":"https:\/\/interamerica.org\/es\/2015\/05\/los-feligreses-de-interamerica-entre-los-mas-generosos-del-mundo\/","og_site_name":"Iglesia Adventista del S\u00e9ptimo D\u00eda - Divisi\u00f3n Interamericana","article_published_time":"2015-05-15T04:00:00+00:00","og_image":[{"width":400,"height":296,"url":"https:\/\/interamerica.org\/wp-content\/uploads\/2017\/06\/FilibertoVerduzco400.png","type":"image\/png"}],"author":"Lorenzo Verduzco","twitter_card":"summary_large_image","twitter_misc":{"Escrito por":"Lorenzo Verduzco","Tiempo de lectura":"6 minutos"},"schema":{"@context":"https:\/\/schema.org","@graph":[{"@type":"Article","@id":"https:\/\/interamerica.org\/es\/2015\/05\/los-feligreses-de-interamerica-entre-los-mas-generosos-del-mundo\/#article","isPartOf":{"@id":"https:\/\/interamerica.org\/es\/2015\/05\/los-feligreses-de-interamerica-entre-los-mas-generosos-del-mundo\/"},"author":{"name":"Lorenzo Verduzco","@id":"https:\/\/interamerica.org\/es\/#\/schema\/person\/68ede8bdc292885bb76c1e3810e73c39"},"headline":"Los feligreses de Interam\u00e9rica, entre los m\u00e1s generosos del mundo","datePublished":"2015-05-15T04:00:00+00:00","mainEntityOfPage":{"@id":"https:\/\/interamerica.org\/es\/2015\/05\/los-feligreses-de-interamerica-entre-los-mas-generosos-del-mundo\/"},"wordCount":1305,"image":{"@id":"https:\/\/interamerica.org\/es\/2015\/05\/los-feligreses-de-interamerica-entre-los-mas-generosos-del-mundo\/#primaryimage"},"thumbnailUrl":"https:\/\/interamerica.org\/wp-content\/uploads\/2017\/06\/FilibertoVerduzco400.png","articleSection":["Desde la sede","RSS Espa\u00f1ol"],"inLanguage":"es"},{"@type":"WebPage","@id":"https:\/\/interamerica.org\/es\/2015\/05\/los-feligreses-de-interamerica-entre-los-mas-generosos-del-mundo\/","url":"https:\/\/interamerica.org\/es\/2015\/05\/los-feligreses-de-interamerica-entre-los-mas-generosos-del-mundo\/","name":"Los feligreses de Interam\u00e9rica, entre los m\u00e1s generosos del mundo - Iglesia Adventista del S\u00e9ptimo D\u00eda - Divisi\u00f3n Interamericana","isPartOf":{"@id":"https:\/\/interamerica.org\/es\/#website"},"primaryImageOfPage":{"@id":"https:\/\/interamerica.org\/es\/2015\/05\/los-feligreses-de-interamerica-entre-los-mas-generosos-del-mundo\/#primaryimage"},"image":{"@id":"https:\/\/interamerica.org\/es\/2015\/05\/los-feligreses-de-interamerica-entre-los-mas-generosos-del-mundo\/#primaryimage"},"thumbnailUrl":"https:\/\/interamerica.org\/wp-content\/uploads\/2017\/06\/FilibertoVerduzco400.png","datePublished":"2015-05-15T04:00:00+00:00","author":{"@id":"https:\/\/interamerica.org\/es\/#\/schema\/person\/68ede8bdc292885bb76c1e3810e73c39"},"breadcrumb":{"@id":"https:\/\/interamerica.org\/es\/2015\/05\/los-feligreses-de-interamerica-entre-los-mas-generosos-del-mundo\/#breadcrumb"},"inLanguage":"es","potentialAction":[{"@type":"ReadAction","target":["https:\/\/interamerica.org\/es\/2015\/05\/los-feligreses-de-interamerica-entre-los-mas-generosos-del-mundo\/"]}]},{"@type":"ImageObject","inLanguage":"es","@id":"https:\/\/interamerica.org\/es\/2015\/05\/los-feligreses-de-interamerica-entre-los-mas-generosos-del-mundo\/#primaryimage","url":"https:\/\/interamerica.org\/wp-content\/uploads\/2017\/06\/FilibertoVerduzco400.png","contentUrl":"https:\/\/interamerica.org\/wp-content\/uploads\/2017\/06\/FilibertoVerduzco400.png","width":400,"height":296},{"@type":"BreadcrumbList","@id":"https:\/\/interamerica.org\/es\/2015\/05\/los-feligreses-de-interamerica-entre-los-mas-generosos-del-mundo\/#breadcrumb","itemListElement":[{"@type":"ListItem","position":1,"name":"Home","item":"https:\/\/interamerica.org\/es\/"},{"@type":"ListItem","position":2,"name":"Los feligreses de Interam\u00e9rica, entre los m\u00e1s generosos del mundo"}]},{"@type":"WebSite","@id":"https:\/\/interamerica.org\/es\/#website","url":"https:\/\/interamerica.org\/es\/","name":"Iglesia Adventista del S\u00e9ptimo D\u00eda - Divisi\u00f3n Interamericana","description":"","potentialAction":[{"@type":"SearchAction","target":{"@type":"EntryPoint","urlTemplate":"https:\/\/interamerica.org\/es\/?s={search_term_string}"},"query-input":{"@type":"PropertyValueSpecification","valueRequired":true,"valueName":"search_term_string"}}],"inLanguage":"es"},{"@type":"Person","@id":"https:\/\/interamerica.org\/es\/#\/schema\/person\/68ede8bdc292885bb76c1e3810e73c39","name":"Lorenzo Verduzco","image":{"@type":"ImageObject","inLanguage":"es","@id":"https:\/\/secure.gravatar.com\/avatar\/fb81a55b6218459490a9c1dc841a34909185b81904c5337b4b27f7a6fd60c49e?s=96&d=mm&r=g","url":"https:\/\/secure.gravatar.com\/avatar\/fb81a55b6218459490a9c1dc841a34909185b81904c5337b4b27f7a6fd60c49e?s=96&d=mm&r=g","contentUrl":"https:\/\/secure.gravatar.com\/avatar\/fb81a55b6218459490a9c1dc841a34909185b81904c5337b4b27f7a6fd60c49e?s=96&d=mm&r=g","caption":"Lorenzo Verduzco"}}]}},"_links":{"self":[{"href":"https:\/\/interamerica.org\/es\/wp-json\/wp\/v2\/posts\/30833","targetHints":{"allow":["GET"]}}],"collection":[{"href":"https:\/\/interamerica.org\/es\/wp-json\/wp\/v2\/posts"}],"about":[{"href":"https:\/\/interamerica.org\/es\/wp-json\/wp\/v2\/types\/post"}],"author":[{"embeddable":true,"href":"https:\/\/interamerica.org\/es\/wp-json\/wp\/v2\/users\/1"}],"replies":[{"embeddable":true,"href":"https:\/\/interamerica.org\/es\/wp-json\/wp\/v2\/comments?post=30833"}],"version-history":[{"count":0,"href":"https:\/\/interamerica.org\/es\/wp-json\/wp\/v2\/posts\/30833\/revisions"}],"wp:featuredmedia":[{"embeddable":true,"href":"https:\/\/interamerica.org\/es\/wp-json\/wp\/v2\/media\/25347"}],"wp:attachment":[{"href":"https:\/\/interamerica.org\/es\/wp-json\/wp\/v2\/media?parent=30833"}],"wp:term":[{"taxonomy":"category","embeddable":true,"href":"https:\/\/interamerica.org\/es\/wp-json\/wp\/v2\/categories?post=30833"},{"taxonomy":"post_tag","embeddable":true,"href":"https:\/\/interamerica.org\/es\/wp-json\/wp\/v2\/tags?post=30833"}],"curies":[{"name":"wp","href":"https:\/\/api.w.org\/{rel}","templated":true}]}}