{"id":30834,"date":"2015-05-12T00:00:00","date_gmt":"2015-05-12T04:00:00","guid":{"rendered":"http:\/\/192.81.217.108\/interamerica\/2015\/05\/dirigente-adventista-en-nepal-solicita-oraciones-despues-de-nuevo-terremoto\/"},"modified":"2015-05-12T00:00:00","modified_gmt":"2015-05-12T04:00:00","slug":"dirigente-adventista-en-nepal-solicita-oraciones-despues-de-nuevo-terremoto","status":"publish","type":"post","link":"https:\/\/interamerica.org\/es\/2015\/05\/dirigente-adventista-en-nepal-solicita-oraciones-despues-de-nuevo-terremoto\/","title":{"rendered":"Dirigente adventista en Nepal solicita oraciones despu\u00e9s de nuevo terremoto"},"content":{"rendered":"<div id=\"attachment_16884\" style=\"width: 656px\" class=\"wp-caption aligncenter\"><a href=\"\/interamerica\/wp-content\/uploads\/2017\/06\/nepal-adventist-may12.jpg\" rel=\"fancybox\" title=\"Dirigente adventista en Nepal solicita oraciones despu\u00e9s de nuevo terremoto\"><img fetchpriority=\"high\" decoding=\"async\" aria-describedby=\"caption-attachment-16884\" class=\" wp-image-16884   \" src=\"\/interamerica\/wp-content\/uploads\/2017\/06\/nepal-adventist-may12.jpg\" alt=\"\" width=\"646\" height=\"324\" \/><\/a><p id=\"caption-attachment-16884\" class=\"wp-caption-text\">Personas observando el da\u00f1o en una calle de Kathmandu despu\u00e9s de ocurrido el terremoto el martes 12 de mayo. Imagen por Umesh Pokharel -AR<\/p><\/div>\n<p>12 de mayo de 2015 | Silver Spring, Maryland, Estados Unidos |Por Andrew McChesney, editor de noticias, Adventist Review<\/p>\n<p>Actualizado a las 12:30 p.m.<\/p>\n<p>El dirigente de la Iglesia Adventista en Nepal inform\u00f3 que la capital Kathmandu se encontraba sobrecogida por el terror, despu\u00e9s de que un gran terremoto la sacudi\u00f3 el martes, dos semanas despu\u00e9s de que otro sismo matara a m\u00e1s de 8,000 personas.<\/p>\n<p>Umesh Pokharel, presidente de la Secci\u00f3n de Nepal, que forma parte de la Divisi\u00f3n Sudasi\u00e1tica, les pidi\u00f3 a los creyentes de todo el mundo que oraran por este pa\u00eds.<\/p>\n<p>\u201cEste terremoto ha causado m\u00e1s da\u00f1os y la iglesia en Nepal necesita en forma especial sus oraciones y su apoyo\u201d, dijo el presidente Pokharel a la Adventist Review. \u201cComenzando ma\u00f1ana, la Secci\u00f3n Nepal necesita movilizarse para acercarse a las v\u00edctimas y atender sus necesidades\u201d.<\/p>\n<p>A\u00f1adi\u00f3 adem\u00e1s: \u201cEstamos casi al final de la historia de este mundo. Jes\u00fas ya viene muy pronto y necesitamos estar cerca de Dios y procurar hacer su voluntad\u201d.<\/p>\n<p>Describi\u00f3 adem\u00e1s el estado an\u00edmico de incertidumbre y temor en que se encontraba la capital el martes de noche. Muchas personas eligieron mejor no cocinar y consumir alimentos secos a fin de estar pendientes de las noticias y llamar a sus seres amados.<\/p>\n<div id=\"attachment_16888\" style=\"width: 339px\" class=\"wp-caption alignleft\"><a href=\"\/interamerica\/wp-content\/uploads\/2017\/06\/Nepal-Adventist-May12-3.jpg\" rel=\"fancybox\" title=\"Dirigente adventista en Nepal solicita oraciones despu\u00e9s de nuevo terremoto\"><img decoding=\"async\" aria-describedby=\"caption-attachment-16888\" class=\" wp-image-16888  \" src=\"\/interamerica\/wp-content\/uploads\/2017\/06\/Nepal-Adventist-May12-3.jpg\" alt=\"\" width=\"329\" height=\"368\" \/><\/a><p id=\"caption-attachment-16888\" class=\"wp-caption-text\">Personas rodeando un autob\u00fas que choc\u00f3 por causa del terremoto. Hubo veinticuatro personas heridas.<\/p><\/div>\n<p>\u201cLa gente tiene tanto miedo, que todos est\u00e1n durmiendo en refugios temporarios\u201d, dijo.<\/p>\n<p>No hab\u00eda corriente el\u00e9ctrica y las redes de comunicaci\u00f3n se encontraban colapsadas por la enorme cantidad de llamadas telef\u00f3nicas, explic\u00f3.<\/p>\n<p>El terremoto de magnitud 7.3, ocurri\u00f3 mientras el dirigente Pokharel celebraba una reuni\u00f3n en su oficina con otros directivos locales para considerar sus esfuerzos de ayuda humanitaria en relaci\u00f3n al terremoto pasado.<\/p>\n<p>\u201cEst\u00e1bamos evaluando el trabajo hecho y planificando la siguiente fase\u201d, dijo. \u201cDe pronto, ocurri\u00f3 el terremoto y de alguna manera pudimos salir del edificio.<\/p>\n<p>El presidente Pokharel ha dirigido a la Iglesia Adventista en Nepal en la distribuci\u00f3n de centenares de carpas o tiendas de campa\u00f1a, sacos de arroz, cajas de fideos o tallarines instant\u00e1neos y otras ayudas provistas a creyentes adventistas y sus vecinos, desde el terremoto del 25 de abril, de magnitud 7.8.<\/p>\n<p>Lee \u201cADRA, GlobalMedic Raise Medical Tents in Nepal\u201d (ADRA GlobalMedic instala tiendas de campa\u00f1a m\u00e9dicas en Nepal).<\/p>\n<p>Tanto \u00e9l como sus colegas se unieron a miles de residentes de Kathmandu que huyeron a las calles cuando tuvo lugar el terremoto alrededor de las 12:35 p.m. hora local, el martes.<\/p>\n<p>El terremoto mat\u00f3 a por lo menos 37 personas e hiri\u00f3 a m\u00e1s de 1,000, dijeron las autoridades de Nepal. Se inform\u00f3 de otras 17 personas que murieron en partes de la India.<\/p>\n<p>\u201cNos hemos refugiado afuera\u201d, dijo el presidente de la Secci\u00f3n Nepal. Este terremoto ha causado demasiados da\u00f1os.<\/p>\n<p>El presidente Pokharel envi\u00f3 fotos de personas aglomeradas en torno a edificios colapsados en Kathmandu la tarde del martes. Una fotograf\u00eda muestra un autob\u00fas que choc\u00f3 como resultado del terremoto. Hubo veinticuatro heridos como resultado., cuatro de ellos en condici\u00f3n cr\u00edtica por este accidente, a\u00f1adi\u00f3.<\/p>\n<p>Todos los comercios permanecen cerrados y el gobierno ha anunciado que las escuelas no abrir\u00e1n sus puertas hasta el fin de mayo, explic\u00f3 adem\u00e1s.<\/p>\n<p>Mientras tanto, la ansiedad se apodera de la ciudad, coment\u00f3. Muchas personas que han venido a Kathmandu por diferentes razones despu\u00e9s del terremoto, est\u00e1n ahora tratando de salir de aqu\u00ed. Dijo tambi\u00e9n que estaba sintiendo la presi\u00f3n de irse \u00e9l tambi\u00e9n.<\/p>\n<p>\u201cMis padres viven en otra ciudad cerca de la frontera con India y nos est\u00e1n pidiendo que nos vayamos all\u00e1\u201d, dijo. \u201cPero no puedo hacerlo porque necesitamos cuidar de nuestros miembros y estar con ellos en estos momentos de necesidad.<\/p>\n","protected":false},"excerpt":{"rendered":"<p>El dirigente de la Iglesia Adventista en Nepal inform\u00f3 que la capital  Kathmandu se encontraba sobrecogida por el terror, despu\u00e9s de que un gran terremoto la sacudi\u00f3 el martes, dos semanas despu\u00e9s de que otro sismo matara a m\u00e1s de  8,000 personas. <\/p>\n<p>Umesh Pokharel, presidente de la Secci\u00f3n de Nepal, que forma parte de la Divisi\u00f3n Sudasi\u00e1tica, les pidi\u00f3 a los creyentes de todo el mundo que oraran por este pa\u00eds.<\/p>\n","protected":false},"author":1,"featured_media":25302,"comment_status":"closed","ping_status":"closed","sticky":false,"template":"","format":"standard","meta":{"_acf_changed":false,"footnotes":""},"categories":[14,15],"tags":[],"class_list":["post-30834","post","type-post","status-publish","format-standard","has-post-thumbnail","hentry","category-de-la-iglesia-mundial","category-rss-espanol"],"acf":[],"yoast_head":"<!-- This site is optimized with the Yoast SEO plugin v27.3 - https:\/\/yoast.com\/product\/yoast-seo-wordpress\/ -->\n<title>Dirigente adventista en Nepal solicita oraciones despu\u00e9s de nuevo terremoto - Iglesia Adventista del S\u00e9ptimo D\u00eda - Divisi\u00f3n Interamericana<\/title>\n<meta name=\"robots\" content=\"index, follow, max-snippet:-1, max-image-preview:large, max-video-preview:-1\" \/>\n<link rel=\"canonical\" href=\"https:\/\/interamerica.org\/es\/2015\/05\/dirigente-adventista-en-nepal-solicita-oraciones-despues-de-nuevo-terremoto\/\" \/>\n<meta property=\"og:locale\" content=\"es_ES\" \/>\n<meta property=\"og:type\" content=\"article\" \/>\n<meta property=\"og:title\" content=\"Dirigente adventista en Nepal solicita oraciones despu\u00e9s de nuevo terremoto - Iglesia Adventista del S\u00e9ptimo D\u00eda - Divisi\u00f3n Interamericana\" \/>\n<meta property=\"og:description\" content=\"El dirigente de la Iglesia Adventista en Nepal inform\u00f3 que la capital Kathmandu se encontraba sobrecogida por el terror, despu\u00e9s de que un gran terremoto la sacudi\u00f3 el martes, dos semanas despu\u00e9s de que otro sismo matara a m\u00e1s de 8,000 personas.  Umesh Pokharel, presidente de la Secci\u00f3n de Nepal, que forma parte de la Divisi\u00f3n Sudasi\u00e1tica, les pidi\u00f3 a los creyentes de todo el mundo que oraran por este pa\u00eds.\" \/>\n<meta property=\"og:url\" content=\"https:\/\/interamerica.org\/es\/2015\/05\/dirigente-adventista-en-nepal-solicita-oraciones-despues-de-nuevo-terremoto\/\" \/>\n<meta property=\"og:site_name\" content=\"Iglesia Adventista del S\u00e9ptimo D\u00eda - Divisi\u00f3n Interamericana\" \/>\n<meta property=\"article:published_time\" content=\"2015-05-12T04:00:00+00:00\" \/>\n<meta property=\"og:image\" content=\"https:\/\/interamerica.org\/wp-content\/uploads\/2017\/06\/nepal-adventist-may12.jpg\" \/>\n\t<meta property=\"og:image:width\" content=\"997\" \/>\n\t<meta property=\"og:image:height\" content=\"500\" \/>\n\t<meta property=\"og:image:type\" content=\"image\/jpeg\" \/>\n<meta name=\"author\" content=\"Lorenzo Verduzco\" \/>\n<meta name=\"twitter:card\" content=\"summary_large_image\" \/>\n<meta name=\"twitter:label1\" content=\"Escrito por\" \/>\n\t<meta name=\"twitter:data1\" content=\"Lorenzo Verduzco\" \/>\n\t<meta name=\"twitter:label2\" content=\"Tiempo de lectura\" \/>\n\t<meta name=\"twitter:data2\" content=\"3 minutos\" \/>\n<script type=\"application\/ld+json\" class=\"yoast-schema-graph\">{\"@context\":\"https:\\\/\\\/schema.org\",\"@graph\":[{\"@type\":\"Article\",\"@id\":\"https:\\\/\\\/interamerica.org\\\/es\\\/2015\\\/05\\\/dirigente-adventista-en-nepal-solicita-oraciones-despues-de-nuevo-terremoto\\\/#article\",\"isPartOf\":{\"@id\":\"https:\\\/\\\/interamerica.org\\\/es\\\/2015\\\/05\\\/dirigente-adventista-en-nepal-solicita-oraciones-despues-de-nuevo-terremoto\\\/\"},\"author\":{\"name\":\"Lorenzo Verduzco\",\"@id\":\"https:\\\/\\\/interamerica.org\\\/es\\\/#\\\/schema\\\/person\\\/68ede8bdc292885bb76c1e3810e73c39\"},\"headline\":\"Dirigente adventista en Nepal solicita oraciones despu\u00e9s de nuevo terremoto\",\"datePublished\":\"2015-05-12T04:00:00+00:00\",\"mainEntityOfPage\":{\"@id\":\"https:\\\/\\\/interamerica.org\\\/es\\\/2015\\\/05\\\/dirigente-adventista-en-nepal-solicita-oraciones-despues-de-nuevo-terremoto\\\/\"},\"wordCount\":700,\"image\":{\"@id\":\"https:\\\/\\\/interamerica.org\\\/es\\\/2015\\\/05\\\/dirigente-adventista-en-nepal-solicita-oraciones-despues-de-nuevo-terremoto\\\/#primaryimage\"},\"thumbnailUrl\":\"https:\\\/\\\/interamerica.org\\\/wp-content\\\/uploads\\\/2017\\\/06\\\/nepal-adventist-may12.jpg\",\"articleSection\":[\"Desde la iglesia mundial\",\"RSS Espa\u00f1ol\"],\"inLanguage\":\"es\"},{\"@type\":\"WebPage\",\"@id\":\"https:\\\/\\\/interamerica.org\\\/es\\\/2015\\\/05\\\/dirigente-adventista-en-nepal-solicita-oraciones-despues-de-nuevo-terremoto\\\/\",\"url\":\"https:\\\/\\\/interamerica.org\\\/es\\\/2015\\\/05\\\/dirigente-adventista-en-nepal-solicita-oraciones-despues-de-nuevo-terremoto\\\/\",\"name\":\"Dirigente adventista en Nepal solicita oraciones despu\u00e9s de nuevo terremoto - Iglesia Adventista del S\u00e9ptimo D\u00eda - Divisi\u00f3n Interamericana\",\"isPartOf\":{\"@id\":\"https:\\\/\\\/interamerica.org\\\/es\\\/#website\"},\"primaryImageOfPage\":{\"@id\":\"https:\\\/\\\/interamerica.org\\\/es\\\/2015\\\/05\\\/dirigente-adventista-en-nepal-solicita-oraciones-despues-de-nuevo-terremoto\\\/#primaryimage\"},\"image\":{\"@id\":\"https:\\\/\\\/interamerica.org\\\/es\\\/2015\\\/05\\\/dirigente-adventista-en-nepal-solicita-oraciones-despues-de-nuevo-terremoto\\\/#primaryimage\"},\"thumbnailUrl\":\"https:\\\/\\\/interamerica.org\\\/wp-content\\\/uploads\\\/2017\\\/06\\\/nepal-adventist-may12.jpg\",\"datePublished\":\"2015-05-12T04:00:00+00:00\",\"author\":{\"@id\":\"https:\\\/\\\/interamerica.org\\\/es\\\/#\\\/schema\\\/person\\\/68ede8bdc292885bb76c1e3810e73c39\"},\"breadcrumb\":{\"@id\":\"https:\\\/\\\/interamerica.org\\\/es\\\/2015\\\/05\\\/dirigente-adventista-en-nepal-solicita-oraciones-despues-de-nuevo-terremoto\\\/#breadcrumb\"},\"inLanguage\":\"es\",\"potentialAction\":[{\"@type\":\"ReadAction\",\"target\":[\"https:\\\/\\\/interamerica.org\\\/es\\\/2015\\\/05\\\/dirigente-adventista-en-nepal-solicita-oraciones-despues-de-nuevo-terremoto\\\/\"]}]},{\"@type\":\"ImageObject\",\"inLanguage\":\"es\",\"@id\":\"https:\\\/\\\/interamerica.org\\\/es\\\/2015\\\/05\\\/dirigente-adventista-en-nepal-solicita-oraciones-despues-de-nuevo-terremoto\\\/#primaryimage\",\"url\":\"https:\\\/\\\/interamerica.org\\\/wp-content\\\/uploads\\\/2017\\\/06\\\/nepal-adventist-may12.jpg\",\"contentUrl\":\"https:\\\/\\\/interamerica.org\\\/wp-content\\\/uploads\\\/2017\\\/06\\\/nepal-adventist-may12.jpg\",\"width\":997,\"height\":500},{\"@type\":\"BreadcrumbList\",\"@id\":\"https:\\\/\\\/interamerica.org\\\/es\\\/2015\\\/05\\\/dirigente-adventista-en-nepal-solicita-oraciones-despues-de-nuevo-terremoto\\\/#breadcrumb\",\"itemListElement\":[{\"@type\":\"ListItem\",\"position\":1,\"name\":\"Home\",\"item\":\"https:\\\/\\\/interamerica.org\\\/es\\\/\"},{\"@type\":\"ListItem\",\"position\":2,\"name\":\"Dirigente adventista en Nepal solicita oraciones despu\u00e9s de nuevo terremoto\"}]},{\"@type\":\"WebSite\",\"@id\":\"https:\\\/\\\/interamerica.org\\\/es\\\/#website\",\"url\":\"https:\\\/\\\/interamerica.org\\\/es\\\/\",\"name\":\"Iglesia Adventista del S\u00e9ptimo D\u00eda - Divisi\u00f3n Interamericana\",\"description\":\"\",\"potentialAction\":[{\"@type\":\"SearchAction\",\"target\":{\"@type\":\"EntryPoint\",\"urlTemplate\":\"https:\\\/\\\/interamerica.org\\\/es\\\/?s={search_term_string}\"},\"query-input\":{\"@type\":\"PropertyValueSpecification\",\"valueRequired\":true,\"valueName\":\"search_term_string\"}}],\"inLanguage\":\"es\"},{\"@type\":\"Person\",\"@id\":\"https:\\\/\\\/interamerica.org\\\/es\\\/#\\\/schema\\\/person\\\/68ede8bdc292885bb76c1e3810e73c39\",\"name\":\"Lorenzo Verduzco\",\"image\":{\"@type\":\"ImageObject\",\"inLanguage\":\"es\",\"@id\":\"https:\\\/\\\/secure.gravatar.com\\\/avatar\\\/fb81a55b6218459490a9c1dc841a34909185b81904c5337b4b27f7a6fd60c49e?s=96&d=mm&r=g\",\"url\":\"https:\\\/\\\/secure.gravatar.com\\\/avatar\\\/fb81a55b6218459490a9c1dc841a34909185b81904c5337b4b27f7a6fd60c49e?s=96&d=mm&r=g\",\"contentUrl\":\"https:\\\/\\\/secure.gravatar.com\\\/avatar\\\/fb81a55b6218459490a9c1dc841a34909185b81904c5337b4b27f7a6fd60c49e?s=96&d=mm&r=g\",\"caption\":\"Lorenzo Verduzco\"}}]}<\/script>\n<!-- \/ Yoast SEO plugin. -->","yoast_head_json":{"title":"Dirigente adventista en Nepal solicita oraciones despu\u00e9s de nuevo terremoto - Iglesia Adventista del S\u00e9ptimo D\u00eda - Divisi\u00f3n Interamericana","robots":{"index":"index","follow":"follow","max-snippet":"max-snippet:-1","max-image-preview":"max-image-preview:large","max-video-preview":"max-video-preview:-1"},"canonical":"https:\/\/interamerica.org\/es\/2015\/05\/dirigente-adventista-en-nepal-solicita-oraciones-despues-de-nuevo-terremoto\/","og_locale":"es_ES","og_type":"article","og_title":"Dirigente adventista en Nepal solicita oraciones despu\u00e9s de nuevo terremoto - Iglesia Adventista del S\u00e9ptimo D\u00eda - Divisi\u00f3n Interamericana","og_description":"El dirigente de la Iglesia Adventista en Nepal inform\u00f3 que la capital Kathmandu se encontraba sobrecogida por el terror, despu\u00e9s de que un gran terremoto la sacudi\u00f3 el martes, dos semanas despu\u00e9s de que otro sismo matara a m\u00e1s de 8,000 personas.  Umesh Pokharel, presidente de la Secci\u00f3n de Nepal, que forma parte de la Divisi\u00f3n Sudasi\u00e1tica, les pidi\u00f3 a los creyentes de todo el mundo que oraran por este pa\u00eds.","og_url":"https:\/\/interamerica.org\/es\/2015\/05\/dirigente-adventista-en-nepal-solicita-oraciones-despues-de-nuevo-terremoto\/","og_site_name":"Iglesia Adventista del S\u00e9ptimo D\u00eda - Divisi\u00f3n Interamericana","article_published_time":"2015-05-12T04:00:00+00:00","og_image":[{"width":997,"height":500,"url":"https:\/\/interamerica.org\/wp-content\/uploads\/2017\/06\/nepal-adventist-may12.jpg","type":"image\/jpeg"}],"author":"Lorenzo Verduzco","twitter_card":"summary_large_image","twitter_misc":{"Escrito por":"Lorenzo Verduzco","Tiempo de lectura":"3 minutos"},"schema":{"@context":"https:\/\/schema.org","@graph":[{"@type":"Article","@id":"https:\/\/interamerica.org\/es\/2015\/05\/dirigente-adventista-en-nepal-solicita-oraciones-despues-de-nuevo-terremoto\/#article","isPartOf":{"@id":"https:\/\/interamerica.org\/es\/2015\/05\/dirigente-adventista-en-nepal-solicita-oraciones-despues-de-nuevo-terremoto\/"},"author":{"name":"Lorenzo Verduzco","@id":"https:\/\/interamerica.org\/es\/#\/schema\/person\/68ede8bdc292885bb76c1e3810e73c39"},"headline":"Dirigente adventista en Nepal solicita oraciones despu\u00e9s de nuevo terremoto","datePublished":"2015-05-12T04:00:00+00:00","mainEntityOfPage":{"@id":"https:\/\/interamerica.org\/es\/2015\/05\/dirigente-adventista-en-nepal-solicita-oraciones-despues-de-nuevo-terremoto\/"},"wordCount":700,"image":{"@id":"https:\/\/interamerica.org\/es\/2015\/05\/dirigente-adventista-en-nepal-solicita-oraciones-despues-de-nuevo-terremoto\/#primaryimage"},"thumbnailUrl":"https:\/\/interamerica.org\/wp-content\/uploads\/2017\/06\/nepal-adventist-may12.jpg","articleSection":["Desde la iglesia mundial","RSS Espa\u00f1ol"],"inLanguage":"es"},{"@type":"WebPage","@id":"https:\/\/interamerica.org\/es\/2015\/05\/dirigente-adventista-en-nepal-solicita-oraciones-despues-de-nuevo-terremoto\/","url":"https:\/\/interamerica.org\/es\/2015\/05\/dirigente-adventista-en-nepal-solicita-oraciones-despues-de-nuevo-terremoto\/","name":"Dirigente adventista en Nepal solicita oraciones despu\u00e9s de nuevo terremoto - Iglesia Adventista del S\u00e9ptimo D\u00eda - Divisi\u00f3n Interamericana","isPartOf":{"@id":"https:\/\/interamerica.org\/es\/#website"},"primaryImageOfPage":{"@id":"https:\/\/interamerica.org\/es\/2015\/05\/dirigente-adventista-en-nepal-solicita-oraciones-despues-de-nuevo-terremoto\/#primaryimage"},"image":{"@id":"https:\/\/interamerica.org\/es\/2015\/05\/dirigente-adventista-en-nepal-solicita-oraciones-despues-de-nuevo-terremoto\/#primaryimage"},"thumbnailUrl":"https:\/\/interamerica.org\/wp-content\/uploads\/2017\/06\/nepal-adventist-may12.jpg","datePublished":"2015-05-12T04:00:00+00:00","author":{"@id":"https:\/\/interamerica.org\/es\/#\/schema\/person\/68ede8bdc292885bb76c1e3810e73c39"},"breadcrumb":{"@id":"https:\/\/interamerica.org\/es\/2015\/05\/dirigente-adventista-en-nepal-solicita-oraciones-despues-de-nuevo-terremoto\/#breadcrumb"},"inLanguage":"es","potentialAction":[{"@type":"ReadAction","target":["https:\/\/interamerica.org\/es\/2015\/05\/dirigente-adventista-en-nepal-solicita-oraciones-despues-de-nuevo-terremoto\/"]}]},{"@type":"ImageObject","inLanguage":"es","@id":"https:\/\/interamerica.org\/es\/2015\/05\/dirigente-adventista-en-nepal-solicita-oraciones-despues-de-nuevo-terremoto\/#primaryimage","url":"https:\/\/interamerica.org\/wp-content\/uploads\/2017\/06\/nepal-adventist-may12.jpg","contentUrl":"https:\/\/interamerica.org\/wp-content\/uploads\/2017\/06\/nepal-adventist-may12.jpg","width":997,"height":500},{"@type":"BreadcrumbList","@id":"https:\/\/interamerica.org\/es\/2015\/05\/dirigente-adventista-en-nepal-solicita-oraciones-despues-de-nuevo-terremoto\/#breadcrumb","itemListElement":[{"@type":"ListItem","position":1,"name":"Home","item":"https:\/\/interamerica.org\/es\/"},{"@type":"ListItem","position":2,"name":"Dirigente adventista en Nepal solicita oraciones despu\u00e9s de nuevo terremoto"}]},{"@type":"WebSite","@id":"https:\/\/interamerica.org\/es\/#website","url":"https:\/\/interamerica.org\/es\/","name":"Iglesia Adventista del S\u00e9ptimo D\u00eda - Divisi\u00f3n Interamericana","description":"","potentialAction":[{"@type":"SearchAction","target":{"@type":"EntryPoint","urlTemplate":"https:\/\/interamerica.org\/es\/?s={search_term_string}"},"query-input":{"@type":"PropertyValueSpecification","valueRequired":true,"valueName":"search_term_string"}}],"inLanguage":"es"},{"@type":"Person","@id":"https:\/\/interamerica.org\/es\/#\/schema\/person\/68ede8bdc292885bb76c1e3810e73c39","name":"Lorenzo Verduzco","image":{"@type":"ImageObject","inLanguage":"es","@id":"https:\/\/secure.gravatar.com\/avatar\/fb81a55b6218459490a9c1dc841a34909185b81904c5337b4b27f7a6fd60c49e?s=96&d=mm&r=g","url":"https:\/\/secure.gravatar.com\/avatar\/fb81a55b6218459490a9c1dc841a34909185b81904c5337b4b27f7a6fd60c49e?s=96&d=mm&r=g","contentUrl":"https:\/\/secure.gravatar.com\/avatar\/fb81a55b6218459490a9c1dc841a34909185b81904c5337b4b27f7a6fd60c49e?s=96&d=mm&r=g","caption":"Lorenzo Verduzco"}}]}},"_links":{"self":[{"href":"https:\/\/interamerica.org\/es\/wp-json\/wp\/v2\/posts\/30834","targetHints":{"allow":["GET"]}}],"collection":[{"href":"https:\/\/interamerica.org\/es\/wp-json\/wp\/v2\/posts"}],"about":[{"href":"https:\/\/interamerica.org\/es\/wp-json\/wp\/v2\/types\/post"}],"author":[{"embeddable":true,"href":"https:\/\/interamerica.org\/es\/wp-json\/wp\/v2\/users\/1"}],"replies":[{"embeddable":true,"href":"https:\/\/interamerica.org\/es\/wp-json\/wp\/v2\/comments?post=30834"}],"version-history":[{"count":0,"href":"https:\/\/interamerica.org\/es\/wp-json\/wp\/v2\/posts\/30834\/revisions"}],"wp:featuredmedia":[{"embeddable":true,"href":"https:\/\/interamerica.org\/es\/wp-json\/wp\/v2\/media\/25302"}],"wp:attachment":[{"href":"https:\/\/interamerica.org\/es\/wp-json\/wp\/v2\/media?parent=30834"}],"wp:term":[{"taxonomy":"category","embeddable":true,"href":"https:\/\/interamerica.org\/es\/wp-json\/wp\/v2\/categories?post=30834"},{"taxonomy":"post_tag","embeddable":true,"href":"https:\/\/interamerica.org\/es\/wp-json\/wp\/v2\/tags?post=30834"}],"curies":[{"name":"wp","href":"https:\/\/api.w.org\/{rel}","templated":true}]}}