{"id":30836,"date":"2015-05-18T00:00:00","date_gmt":"2015-05-18T04:00:00","guid":{"rendered":"http:\/\/192.81.217.108\/interamerica\/2015\/05\/asistencia-casi-se-duplica-a-18-mil-personas-en-campana-en-zimbabue\/"},"modified":"2015-05-18T00:00:00","modified_gmt":"2015-05-18T04:00:00","slug":"asistencia-casi-se-duplica-a-18-mil-personas-en-campana-en-zimbabue","status":"publish","type":"post","link":"https:\/\/interamerica.org\/es\/2015\/05\/asistencia-casi-se-duplica-a-18-mil-personas-en-campana-en-zimbabue\/","title":{"rendered":"Asistencia casi se duplica a 18 mil personas en campa\u00f1a en Zimbabue"},"content":{"rendered":"<div id=\"attachment_17034\" style=\"width: 710px\" class=\"wp-caption aligncenter\"><a href=\"\/interamerica\/wp-content\/uploads\/2017\/06\/Zimbabwe-Adventist-May18-1.jpg\" rel=\"fancybox\" title=\"Asistencia casi se duplica a 18 mil personas en campa\u00f1a en Zimbabue\"><img fetchpriority=\"high\" decoding=\"async\" aria-describedby=\"caption-attachment-17034\" class=\" wp-image-17034 \" src=\"\/interamerica\/wp-content\/uploads\/2017\/06\/Zimbabwe-Adventist-May18-1.jpg\" alt=\"\" width=\"700\" height=\"350\" \/><\/a><p id=\"caption-attachment-17034\" class=\"wp-caption-text\">Unas 18 mil personas asistieron a una reuni\u00f3n de evangelizaci\u00f3n en Chitungwiza, Zimbabue, el pasado 18 de mayo. Im\u00e1genes por cortes\u00eda de Ted N.C. Wilson\/AR<\/p><\/div>\n<p>18 de mayo de 2015 | Harare, Zimbabue | Andrew McChesney, editor de noticias, Adventist Review<\/p>\n<p>Una importante serie de reuniones de evangelizaci\u00f3n cobr\u00f3 impulso en su segundo d\u00eda este lunes, con una asistencia en el encuentro principal en las afueras de Harare, la capital del pa\u00eds, que casi duplic\u00f3 el n\u00famero de presentes en la noche de apertura, para alcanzar a unas 18 mil personas.<\/p>\n<p>Se est\u00e1n llevando a cabo dos semanas de las reuniones de evangelizaci\u00f3n \u00abRevelaci\u00f3n de esperanza\u00bb en 87 sedes de 17 ciudades en todo el pa\u00eds, despu\u00e9s de meses de trabajo preparatorio por medio de cinco mil grupos peque\u00f1os de estudio de la Biblia y clases de \u00abLa voz de la profec\u00eda\u00bb.<\/p>\n<p>Se espera bautizar a unas treinta mil personas el s\u00e1bado de clausura, el pr\u00f3ximo 30 de mayo.<\/p>\n<p>Una gran multitud de 18 mil personas se hizo presente el lunes en el encuentro principal a cargo del l\u00edder de la Iglesia Adventista Ted N. C. Wilson en un gran terreno de Chitungwiza, un pueblo a unos treinta minutos al sur de Harare.<\/p>\n<div id=\"attachment_17035\" style=\"width: 410px\" class=\"wp-caption alignright\"><a href=\"\/interamerica\/wp-content\/uploads\/2017\/06\/Zimbabwe-Adventist-May18-2-2.jpg\" rel=\"fancybox\" title=\"Asistencia casi se duplica a 18 mil personas en campa\u00f1a en Zimbabue\"><img decoding=\"async\" aria-describedby=\"caption-attachment-17035\" class=\" wp-image-17035  \" src=\"\/interamerica\/wp-content\/uploads\/2017\/06\/Zimbabwe-Adventist-May18-2-2.jpg\" alt=\"\" width=\"400\" height=\"244\" \/><\/a><p id=\"caption-attachment-17035\" class=\"wp-caption-text\">\u201cEl Esp\u00edritu de Dios se hizo muy evidente esta noche\u00bb, dijo el l\u00edder de la Iglesia Adventista Ted N. C. Wilson en relaci\u00f3n con la reuni\u00f3n del lunes.<\/p><\/div>\n<p>Wilson habl\u00f3 sobre las se\u00f1ales del pronto regreso de Cristo a partir de Mateo 24, Lucas y el Apocalipsis, y concluy\u00f3 con un llamado al bautismo. Unas doscientas personas se adelantaron para solicitar el bautismo y ser colocados en grupos de estudio, o recibir visitas de seguimiento de parte de los instructores b\u00edblicos.<\/p>\n<p>\u00abEl Esp\u00edritu de Dios se hizo muy evidente esta noche. \u00a1Alabado sea su nombre!\u00bb, dijo Wilson. \u00abEs un gran gozo predicar la Palabra y ver que el Esp\u00edritu Santo toca los corazones\u00bb.<\/p>\n<p>Unas diez mil personas asistieron el domingo por la noche, y sesenta se adelantaron para solicitar el bautismo.<\/p>\n<p>Aunque los llamados de este tipo no suelen ser hechos sino hasta el fin de una campa\u00f1a de evangelizaci\u00f3n, los l\u00edderes de la iglesia local pidieron a Wilson y a otros oradores que hagan un llamado al bautismo todas las noches, porque muchas personas ya han sido preparadas por medio de lecciones de \u00abLa voz de la profec\u00eda\u00bb y de otros grupos de estudio.<\/p>\n<p>La campa\u00f1a \u00abRevelaci\u00f3n de esperanza\u00bb, que est\u00e1 siendo publicitada en carteleras de Harare, fue preparada por el evangelista Mark Finley.<\/p>\n<p>\u00abEs tan poderosa\u00bb, dijo Wilson. \u00abDios la est\u00e1 usando\u00bb.<\/p>\n<p><em>Traducci\u00f3n de Marcos Paseggi<\/em><\/p>\n","protected":false},"excerpt":{"rendered":"<p>Una importante serie de reuniones de evangelizaci\u00f3n cobr\u00f3 impulso en su segundo d\u00eda este lunes, con una asistencia en el encuentro principal en las afueras de Harare, la capital del pa\u00eds, que casi duplic\u00f3 el n\u00famero de presentes en la noche de apertura, para alcanzar a unas 18 mil personas.<\/p>\n","protected":false},"author":1,"featured_media":25367,"comment_status":"closed","ping_status":"closed","sticky":false,"template":"","format":"standard","meta":{"_acf_changed":false,"footnotes":""},"categories":[14,15],"tags":[],"class_list":["post-30836","post","type-post","status-publish","format-standard","has-post-thumbnail","hentry","category-de-la-iglesia-mundial","category-rss-espanol"],"acf":[],"yoast_head":"<!-- This site is optimized with the Yoast SEO plugin v27.3 - https:\/\/yoast.com\/product\/yoast-seo-wordpress\/ -->\n<title>Asistencia casi se duplica a 18 mil personas en campa\u00f1a en Zimbabue - Iglesia Adventista del S\u00e9ptimo D\u00eda - Divisi\u00f3n Interamericana<\/title>\n<meta name=\"robots\" content=\"index, follow, max-snippet:-1, max-image-preview:large, max-video-preview:-1\" \/>\n<link rel=\"canonical\" href=\"https:\/\/interamerica.org\/es\/2015\/05\/asistencia-casi-se-duplica-a-18-mil-personas-en-campana-en-zimbabue\/\" \/>\n<meta property=\"og:locale\" content=\"es_ES\" \/>\n<meta property=\"og:type\" content=\"article\" \/>\n<meta property=\"og:title\" content=\"Asistencia casi se duplica a 18 mil personas en campa\u00f1a en Zimbabue - Iglesia Adventista del S\u00e9ptimo D\u00eda - Divisi\u00f3n Interamericana\" \/>\n<meta property=\"og:description\" content=\"Una importante serie de reuniones de evangelizaci\u00f3n cobr\u00f3 impulso en su segundo d\u00eda este lunes, con una asistencia en el encuentro principal en las afueras de Harare, la capital del pa\u00eds, que casi duplic\u00f3 el n\u00famero de presentes en la noche de apertura, para alcanzar a unas 18 mil personas.\" \/>\n<meta property=\"og:url\" content=\"https:\/\/interamerica.org\/es\/2015\/05\/asistencia-casi-se-duplica-a-18-mil-personas-en-campana-en-zimbabue\/\" \/>\n<meta property=\"og:site_name\" content=\"Iglesia Adventista del S\u00e9ptimo D\u00eda - Divisi\u00f3n Interamericana\" \/>\n<meta property=\"article:published_time\" content=\"2015-05-18T04:00:00+00:00\" \/>\n<meta property=\"og:image\" content=\"https:\/\/interamerica.org\/wp-content\/uploads\/2017\/06\/Zimbabwe-Adventist-May18-1.jpg\" \/>\n\t<meta property=\"og:image:width\" content=\"1000\" \/>\n\t<meta property=\"og:image:height\" content=\"500\" \/>\n\t<meta property=\"og:image:type\" content=\"image\/jpeg\" \/>\n<meta name=\"author\" content=\"Lorenzo Verduzco\" \/>\n<meta name=\"twitter:card\" content=\"summary_large_image\" \/>\n<meta name=\"twitter:label1\" content=\"Escrito por\" \/>\n\t<meta name=\"twitter:data1\" content=\"Lorenzo Verduzco\" \/>\n\t<meta name=\"twitter:label2\" content=\"Tiempo de lectura\" \/>\n\t<meta name=\"twitter:data2\" content=\"2 minutos\" \/>\n<script type=\"application\/ld+json\" class=\"yoast-schema-graph\">{\"@context\":\"https:\\\/\\\/schema.org\",\"@graph\":[{\"@type\":\"Article\",\"@id\":\"https:\\\/\\\/interamerica.org\\\/es\\\/2015\\\/05\\\/asistencia-casi-se-duplica-a-18-mil-personas-en-campana-en-zimbabue\\\/#article\",\"isPartOf\":{\"@id\":\"https:\\\/\\\/interamerica.org\\\/es\\\/2015\\\/05\\\/asistencia-casi-se-duplica-a-18-mil-personas-en-campana-en-zimbabue\\\/\"},\"author\":{\"name\":\"Lorenzo Verduzco\",\"@id\":\"https:\\\/\\\/interamerica.org\\\/es\\\/#\\\/schema\\\/person\\\/68ede8bdc292885bb76c1e3810e73c39\"},\"headline\":\"Asistencia casi se duplica a 18 mil personas en campa\u00f1a en Zimbabue\",\"datePublished\":\"2015-05-18T04:00:00+00:00\",\"mainEntityOfPage\":{\"@id\":\"https:\\\/\\\/interamerica.org\\\/es\\\/2015\\\/05\\\/asistencia-casi-se-duplica-a-18-mil-personas-en-campana-en-zimbabue\\\/\"},\"wordCount\":480,\"image\":{\"@id\":\"https:\\\/\\\/interamerica.org\\\/es\\\/2015\\\/05\\\/asistencia-casi-se-duplica-a-18-mil-personas-en-campana-en-zimbabue\\\/#primaryimage\"},\"thumbnailUrl\":\"https:\\\/\\\/interamerica.org\\\/wp-content\\\/uploads\\\/2017\\\/06\\\/Zimbabwe-Adventist-May18-1.jpg\",\"articleSection\":[\"Desde la iglesia mundial\",\"RSS Espa\u00f1ol\"],\"inLanguage\":\"es\"},{\"@type\":\"WebPage\",\"@id\":\"https:\\\/\\\/interamerica.org\\\/es\\\/2015\\\/05\\\/asistencia-casi-se-duplica-a-18-mil-personas-en-campana-en-zimbabue\\\/\",\"url\":\"https:\\\/\\\/interamerica.org\\\/es\\\/2015\\\/05\\\/asistencia-casi-se-duplica-a-18-mil-personas-en-campana-en-zimbabue\\\/\",\"name\":\"Asistencia casi se duplica a 18 mil personas en campa\u00f1a en Zimbabue - Iglesia Adventista del S\u00e9ptimo D\u00eda - Divisi\u00f3n Interamericana\",\"isPartOf\":{\"@id\":\"https:\\\/\\\/interamerica.org\\\/es\\\/#website\"},\"primaryImageOfPage\":{\"@id\":\"https:\\\/\\\/interamerica.org\\\/es\\\/2015\\\/05\\\/asistencia-casi-se-duplica-a-18-mil-personas-en-campana-en-zimbabue\\\/#primaryimage\"},\"image\":{\"@id\":\"https:\\\/\\\/interamerica.org\\\/es\\\/2015\\\/05\\\/asistencia-casi-se-duplica-a-18-mil-personas-en-campana-en-zimbabue\\\/#primaryimage\"},\"thumbnailUrl\":\"https:\\\/\\\/interamerica.org\\\/wp-content\\\/uploads\\\/2017\\\/06\\\/Zimbabwe-Adventist-May18-1.jpg\",\"datePublished\":\"2015-05-18T04:00:00+00:00\",\"author\":{\"@id\":\"https:\\\/\\\/interamerica.org\\\/es\\\/#\\\/schema\\\/person\\\/68ede8bdc292885bb76c1e3810e73c39\"},\"breadcrumb\":{\"@id\":\"https:\\\/\\\/interamerica.org\\\/es\\\/2015\\\/05\\\/asistencia-casi-se-duplica-a-18-mil-personas-en-campana-en-zimbabue\\\/#breadcrumb\"},\"inLanguage\":\"es\",\"potentialAction\":[{\"@type\":\"ReadAction\",\"target\":[\"https:\\\/\\\/interamerica.org\\\/es\\\/2015\\\/05\\\/asistencia-casi-se-duplica-a-18-mil-personas-en-campana-en-zimbabue\\\/\"]}]},{\"@type\":\"ImageObject\",\"inLanguage\":\"es\",\"@id\":\"https:\\\/\\\/interamerica.org\\\/es\\\/2015\\\/05\\\/asistencia-casi-se-duplica-a-18-mil-personas-en-campana-en-zimbabue\\\/#primaryimage\",\"url\":\"https:\\\/\\\/interamerica.org\\\/wp-content\\\/uploads\\\/2017\\\/06\\\/Zimbabwe-Adventist-May18-1.jpg\",\"contentUrl\":\"https:\\\/\\\/interamerica.org\\\/wp-content\\\/uploads\\\/2017\\\/06\\\/Zimbabwe-Adventist-May18-1.jpg\",\"width\":1000,\"height\":500},{\"@type\":\"BreadcrumbList\",\"@id\":\"https:\\\/\\\/interamerica.org\\\/es\\\/2015\\\/05\\\/asistencia-casi-se-duplica-a-18-mil-personas-en-campana-en-zimbabue\\\/#breadcrumb\",\"itemListElement\":[{\"@type\":\"ListItem\",\"position\":1,\"name\":\"Home\",\"item\":\"https:\\\/\\\/interamerica.org\\\/es\\\/\"},{\"@type\":\"ListItem\",\"position\":2,\"name\":\"Asistencia casi se duplica a 18 mil personas en campa\u00f1a en Zimbabue\"}]},{\"@type\":\"WebSite\",\"@id\":\"https:\\\/\\\/interamerica.org\\\/es\\\/#website\",\"url\":\"https:\\\/\\\/interamerica.org\\\/es\\\/\",\"name\":\"Iglesia Adventista del S\u00e9ptimo D\u00eda - Divisi\u00f3n Interamericana\",\"description\":\"\",\"potentialAction\":[{\"@type\":\"SearchAction\",\"target\":{\"@type\":\"EntryPoint\",\"urlTemplate\":\"https:\\\/\\\/interamerica.org\\\/es\\\/?s={search_term_string}\"},\"query-input\":{\"@type\":\"PropertyValueSpecification\",\"valueRequired\":true,\"valueName\":\"search_term_string\"}}],\"inLanguage\":\"es\"},{\"@type\":\"Person\",\"@id\":\"https:\\\/\\\/interamerica.org\\\/es\\\/#\\\/schema\\\/person\\\/68ede8bdc292885bb76c1e3810e73c39\",\"name\":\"Lorenzo Verduzco\",\"image\":{\"@type\":\"ImageObject\",\"inLanguage\":\"es\",\"@id\":\"https:\\\/\\\/secure.gravatar.com\\\/avatar\\\/fb81a55b6218459490a9c1dc841a34909185b81904c5337b4b27f7a6fd60c49e?s=96&d=mm&r=g\",\"url\":\"https:\\\/\\\/secure.gravatar.com\\\/avatar\\\/fb81a55b6218459490a9c1dc841a34909185b81904c5337b4b27f7a6fd60c49e?s=96&d=mm&r=g\",\"contentUrl\":\"https:\\\/\\\/secure.gravatar.com\\\/avatar\\\/fb81a55b6218459490a9c1dc841a34909185b81904c5337b4b27f7a6fd60c49e?s=96&d=mm&r=g\",\"caption\":\"Lorenzo Verduzco\"}}]}<\/script>\n<!-- \/ Yoast SEO plugin. -->","yoast_head_json":{"title":"Asistencia casi se duplica a 18 mil personas en campa\u00f1a en Zimbabue - Iglesia Adventista del S\u00e9ptimo D\u00eda - Divisi\u00f3n Interamericana","robots":{"index":"index","follow":"follow","max-snippet":"max-snippet:-1","max-image-preview":"max-image-preview:large","max-video-preview":"max-video-preview:-1"},"canonical":"https:\/\/interamerica.org\/es\/2015\/05\/asistencia-casi-se-duplica-a-18-mil-personas-en-campana-en-zimbabue\/","og_locale":"es_ES","og_type":"article","og_title":"Asistencia casi se duplica a 18 mil personas en campa\u00f1a en Zimbabue - Iglesia Adventista del S\u00e9ptimo D\u00eda - Divisi\u00f3n Interamericana","og_description":"Una importante serie de reuniones de evangelizaci\u00f3n cobr\u00f3 impulso en su segundo d\u00eda este lunes, con una asistencia en el encuentro principal en las afueras de Harare, la capital del pa\u00eds, que casi duplic\u00f3 el n\u00famero de presentes en la noche de apertura, para alcanzar a unas 18 mil personas.","og_url":"https:\/\/interamerica.org\/es\/2015\/05\/asistencia-casi-se-duplica-a-18-mil-personas-en-campana-en-zimbabue\/","og_site_name":"Iglesia Adventista del S\u00e9ptimo D\u00eda - Divisi\u00f3n Interamericana","article_published_time":"2015-05-18T04:00:00+00:00","og_image":[{"width":1000,"height":500,"url":"https:\/\/interamerica.org\/wp-content\/uploads\/2017\/06\/Zimbabwe-Adventist-May18-1.jpg","type":"image\/jpeg"}],"author":"Lorenzo Verduzco","twitter_card":"summary_large_image","twitter_misc":{"Escrito por":"Lorenzo Verduzco","Tiempo de lectura":"2 minutos"},"schema":{"@context":"https:\/\/schema.org","@graph":[{"@type":"Article","@id":"https:\/\/interamerica.org\/es\/2015\/05\/asistencia-casi-se-duplica-a-18-mil-personas-en-campana-en-zimbabue\/#article","isPartOf":{"@id":"https:\/\/interamerica.org\/es\/2015\/05\/asistencia-casi-se-duplica-a-18-mil-personas-en-campana-en-zimbabue\/"},"author":{"name":"Lorenzo Verduzco","@id":"https:\/\/interamerica.org\/es\/#\/schema\/person\/68ede8bdc292885bb76c1e3810e73c39"},"headline":"Asistencia casi se duplica a 18 mil personas en campa\u00f1a en Zimbabue","datePublished":"2015-05-18T04:00:00+00:00","mainEntityOfPage":{"@id":"https:\/\/interamerica.org\/es\/2015\/05\/asistencia-casi-se-duplica-a-18-mil-personas-en-campana-en-zimbabue\/"},"wordCount":480,"image":{"@id":"https:\/\/interamerica.org\/es\/2015\/05\/asistencia-casi-se-duplica-a-18-mil-personas-en-campana-en-zimbabue\/#primaryimage"},"thumbnailUrl":"https:\/\/interamerica.org\/wp-content\/uploads\/2017\/06\/Zimbabwe-Adventist-May18-1.jpg","articleSection":["Desde la iglesia mundial","RSS Espa\u00f1ol"],"inLanguage":"es"},{"@type":"WebPage","@id":"https:\/\/interamerica.org\/es\/2015\/05\/asistencia-casi-se-duplica-a-18-mil-personas-en-campana-en-zimbabue\/","url":"https:\/\/interamerica.org\/es\/2015\/05\/asistencia-casi-se-duplica-a-18-mil-personas-en-campana-en-zimbabue\/","name":"Asistencia casi se duplica a 18 mil personas en campa\u00f1a en Zimbabue - Iglesia Adventista del S\u00e9ptimo D\u00eda - Divisi\u00f3n Interamericana","isPartOf":{"@id":"https:\/\/interamerica.org\/es\/#website"},"primaryImageOfPage":{"@id":"https:\/\/interamerica.org\/es\/2015\/05\/asistencia-casi-se-duplica-a-18-mil-personas-en-campana-en-zimbabue\/#primaryimage"},"image":{"@id":"https:\/\/interamerica.org\/es\/2015\/05\/asistencia-casi-se-duplica-a-18-mil-personas-en-campana-en-zimbabue\/#primaryimage"},"thumbnailUrl":"https:\/\/interamerica.org\/wp-content\/uploads\/2017\/06\/Zimbabwe-Adventist-May18-1.jpg","datePublished":"2015-05-18T04:00:00+00:00","author":{"@id":"https:\/\/interamerica.org\/es\/#\/schema\/person\/68ede8bdc292885bb76c1e3810e73c39"},"breadcrumb":{"@id":"https:\/\/interamerica.org\/es\/2015\/05\/asistencia-casi-se-duplica-a-18-mil-personas-en-campana-en-zimbabue\/#breadcrumb"},"inLanguage":"es","potentialAction":[{"@type":"ReadAction","target":["https:\/\/interamerica.org\/es\/2015\/05\/asistencia-casi-se-duplica-a-18-mil-personas-en-campana-en-zimbabue\/"]}]},{"@type":"ImageObject","inLanguage":"es","@id":"https:\/\/interamerica.org\/es\/2015\/05\/asistencia-casi-se-duplica-a-18-mil-personas-en-campana-en-zimbabue\/#primaryimage","url":"https:\/\/interamerica.org\/wp-content\/uploads\/2017\/06\/Zimbabwe-Adventist-May18-1.jpg","contentUrl":"https:\/\/interamerica.org\/wp-content\/uploads\/2017\/06\/Zimbabwe-Adventist-May18-1.jpg","width":1000,"height":500},{"@type":"BreadcrumbList","@id":"https:\/\/interamerica.org\/es\/2015\/05\/asistencia-casi-se-duplica-a-18-mil-personas-en-campana-en-zimbabue\/#breadcrumb","itemListElement":[{"@type":"ListItem","position":1,"name":"Home","item":"https:\/\/interamerica.org\/es\/"},{"@type":"ListItem","position":2,"name":"Asistencia casi se duplica a 18 mil personas en campa\u00f1a en Zimbabue"}]},{"@type":"WebSite","@id":"https:\/\/interamerica.org\/es\/#website","url":"https:\/\/interamerica.org\/es\/","name":"Iglesia Adventista del S\u00e9ptimo D\u00eda - Divisi\u00f3n Interamericana","description":"","potentialAction":[{"@type":"SearchAction","target":{"@type":"EntryPoint","urlTemplate":"https:\/\/interamerica.org\/es\/?s={search_term_string}"},"query-input":{"@type":"PropertyValueSpecification","valueRequired":true,"valueName":"search_term_string"}}],"inLanguage":"es"},{"@type":"Person","@id":"https:\/\/interamerica.org\/es\/#\/schema\/person\/68ede8bdc292885bb76c1e3810e73c39","name":"Lorenzo Verduzco","image":{"@type":"ImageObject","inLanguage":"es","@id":"https:\/\/secure.gravatar.com\/avatar\/fb81a55b6218459490a9c1dc841a34909185b81904c5337b4b27f7a6fd60c49e?s=96&d=mm&r=g","url":"https:\/\/secure.gravatar.com\/avatar\/fb81a55b6218459490a9c1dc841a34909185b81904c5337b4b27f7a6fd60c49e?s=96&d=mm&r=g","contentUrl":"https:\/\/secure.gravatar.com\/avatar\/fb81a55b6218459490a9c1dc841a34909185b81904c5337b4b27f7a6fd60c49e?s=96&d=mm&r=g","caption":"Lorenzo Verduzco"}}]}},"_links":{"self":[{"href":"https:\/\/interamerica.org\/es\/wp-json\/wp\/v2\/posts\/30836","targetHints":{"allow":["GET"]}}],"collection":[{"href":"https:\/\/interamerica.org\/es\/wp-json\/wp\/v2\/posts"}],"about":[{"href":"https:\/\/interamerica.org\/es\/wp-json\/wp\/v2\/types\/post"}],"author":[{"embeddable":true,"href":"https:\/\/interamerica.org\/es\/wp-json\/wp\/v2\/users\/1"}],"replies":[{"embeddable":true,"href":"https:\/\/interamerica.org\/es\/wp-json\/wp\/v2\/comments?post=30836"}],"version-history":[{"count":0,"href":"https:\/\/interamerica.org\/es\/wp-json\/wp\/v2\/posts\/30836\/revisions"}],"wp:featuredmedia":[{"embeddable":true,"href":"https:\/\/interamerica.org\/es\/wp-json\/wp\/v2\/media\/25367"}],"wp:attachment":[{"href":"https:\/\/interamerica.org\/es\/wp-json\/wp\/v2\/media?parent=30836"}],"wp:term":[{"taxonomy":"category","embeddable":true,"href":"https:\/\/interamerica.org\/es\/wp-json\/wp\/v2\/categories?post=30836"},{"taxonomy":"post_tag","embeddable":true,"href":"https:\/\/interamerica.org\/es\/wp-json\/wp\/v2\/tags?post=30836"}],"curies":[{"name":"wp","href":"https:\/\/api.w.org\/{rel}","templated":true}]}}