{"id":30837,"date":"2015-05-18T00:00:00","date_gmt":"2015-05-18T04:00:00","guid":{"rendered":"http:\/\/192.81.217.108\/interamerica\/2015\/05\/diez-mil-personas-se-dan-cita-a-una-reunion-de-evangelizacion-en-zimbabue\/"},"modified":"2015-05-18T00:00:00","modified_gmt":"2015-05-18T04:00:00","slug":"diez-mil-personas-se-dan-cita-a-una-reunion-de-evangelizacion-en-zimbabue","status":"publish","type":"post","link":"https:\/\/interamerica.org\/es\/2015\/05\/diez-mil-personas-se-dan-cita-a-una-reunion-de-evangelizacion-en-zimbabue\/","title":{"rendered":"Diez mil personas se dan cita a una reuni\u00f3n de evangelizaci\u00f3n en Zimbabue"},"content":{"rendered":"<div id=\"attachment_17040\" style=\"width: 710px\" class=\"wp-caption aligncenter\"><a href=\"\/interamerica\/wp-content\/uploads\/2017\/06\/Zimbabwe-Dabi-zonde-Adventist-Wilson-April17.jpg\" rel=\"fancybox\" title=\"Diez mil personas se dan cita a una reuni\u00f3n de evangelizaci\u00f3n en Zimbabue\"><img fetchpriority=\"high\" decoding=\"async\" aria-describedby=\"caption-attachment-17040\" class=\" wp-image-17040 \" src=\"\/interamerica\/wp-content\/uploads\/2017\/06\/Zimbabwe-Dabi-zonde-Adventist-Wilson-April17.jpg\" alt=\"\" width=\"700\" height=\"350\" \/><\/a><p id=\"caption-attachment-17040\" class=\"wp-caption-text\">Wilson y Ratsara en la ubicaci\u00f3n de una nueva futura iglesia en Darby, Zimbabue, el pasado 17 de mayo.<\/p><\/div>\n<p style=\"text-align: center;\">17 de mayo de 2015 | Harare, Zimbabue | Andrew McChesney, editor de noticias, Adventist Review<\/p>\n<p>Una importante serie de reuniones de evangelizaci\u00f3n comenz\u00f3 este domingo de noche con miles de personas que se dieron cita en 87 sedes a lo largo y a lo ancho de Zimbabue, lo que incluy\u00f3 a diez mil personas que se congregaron en un inmenso campo y estacionamiento no muy lejos de Harare, la capital del pa\u00eds.<\/p>\n<p>Las reuniones \u00abRevelaci\u00f3n de esperanza\u00bb, parte de la iniciativa \u00abMisi\u00f3n a las ciudades\u00bb que tiene la Iglesia Adventista para compartir a Cristo en las ciudades m\u00e1s populosas del mundo, culminar\u00e1 el s\u00e1bado 30 de mayo, cuando se esperan treinta mil bautismos.<\/p>\n<p>Unas sesenta personas solicitaron el bautismo despu\u00e9s de que el l\u00edder de la Iglesia Adventista Ted N. C. Wilson habl\u00f3 sobre la gran estatua del sue\u00f1o de Nabucodonosor en Daniel 2, y la exactitud hist\u00f3rica de la profec\u00eda b\u00edblica, ante las diez mil personas que se dieron cita en un campo cerca de un centro comercial en Chitungwiza, un pueblo a unos treinta minutos al sur de Harare.<\/p>\n<p>\u201cJam\u00e1s he hecho un llamado al bautismo en la primera noche de un encuentro de evangelizaci\u00f3n, pero se me inst\u00f3 a que lo hiciera\u00bb, dijo Wilson. \u00abMucha gente ha cumplido con las lecciones b\u00edblicas de &#8216;La voz de la profec\u00eda&#8217; o ha sido preparada en grupos peque\u00f1os, por lo que hice un llamado general para que est\u00e9n listos para la segunda venida de Cristo, y entonces hice un llamado al bautismo\u00bb.<\/p>\n<p>Las sesenta personas ser\u00e1n admitidas a clases de instrucci\u00f3n que ya se estaban llevando a cabo antes de la campa\u00f1a de evangelizaci\u00f3n de dos semanas. Unos cinco mil grupos peque\u00f1os se han estado reuniendo en todo el pa\u00eds durante meses.<\/p>\n<p>\u00abEsto augura una maravillosa serie de evangelizaci\u00f3n por medio del poder del Esp\u00edritu Santo\u00bb, dijo Wilson. \u00abInstamos a todos que oren para que el Esp\u00edritu de Dios caiga sobre las numerosas reuniones de evangelizaci\u00f3n que se est\u00e1n llevando a cabo en Harare y sus alrededores, y en todo Zimbabue\u00bb.<\/p>\n<div id=\"attachment_17039\" style=\"width: 394px\" class=\"wp-caption alignright\"><a href=\"\/interamerica\/wp-content\/uploads\/2017\/06\/Zimbabwe-Dabi-zonde-Adventist-April17-1.jpg\" rel=\"fancybox\" title=\"Diez mil personas se dan cita a una reuni\u00f3n de evangelizaci\u00f3n en Zimbabue\"><img decoding=\"async\" aria-describedby=\"caption-attachment-17039\" class=\" wp-image-17039 \" src=\"\/interamerica\/wp-content\/uploads\/2017\/06\/Zimbabwe-Dabi-zonde-Adventist-April17-1.jpg\" alt=\"\" width=\"384\" height=\"288\" \/><\/a><p id=\"caption-attachment-17039\" class=\"wp-caption-text\">Cientos de adventistas se reunieron bajo una tienda para la ceremonia de colocaci\u00f3n de la piedra fundamental en Darby, que est\u00e1 ubicada a mitad de camino entre la capital y la segunda ciudad m\u00e1s grande del pa\u00eds, Bulawayo.<\/p><\/div>\n<p>Se espera que la asistencia en el campo se incremente en los pr\u00f3ximos d\u00edas en relaci\u00f3n con las diez mil personas que se dieron cita a las 17.30 para la noche de apertura, dijeron los l\u00edderes de la iglesia. No se pronostican lluvias para esta semana, y la temperatura del domingo fue de 25 \u00b0C durante todo el d\u00eda, descendiendo hasta los 16 \u00b0C al caer la noche.<\/p>\n<p>Antes de la principal presentaci\u00f3n de profec\u00eda, la audiencia escuch\u00f3 a un seminario de salud a cargo del doctor Alex Llaguno, director de ministerios de salud de la Divisi\u00f3n de \u00c1frica Meridional y Oc\u00e9ano \u00cdndico de la Iglesia Adventista, que incluye a Zimbabue.<\/p>\n<p>El ministerio abarcador de salud tambi\u00e9n representa un \u00e9nfasis destacado de la serie, dado que se est\u00e1 ofreciendo a la gente informaci\u00f3n pr\u00e1ctica que satisface tanto sus necesidades espirituales como f\u00edsicas.<\/p>\n<p>Tambi\u00e9n se llevaron a cabo reuniones este domingo de noche en 61 sedes de todo Harare y en dos decenas de sitios de otras 17 ciudades del pa\u00eds. Entre los predicadores presentes en Bulawayo, la segunda ciudad m\u00e1s populosa del pa\u00eds, se encuentra Anthony Kent, secretario asociado de la Asociaci\u00f3n Ministerial de la Iglesia Adventista mundial, y Lael Caesar, editor asociado de las revistas <em>Adventist Review<\/em> y <em>Adventist World<\/em>.<\/p>\n<p>En anticipaci\u00f3n de los treinta mil bautismos, los l\u00edderes de la iglesia local han dividido a muchas iglesias locales en dos, de manera de acomodar al incremento de nuevos creyentes.<\/p>\n<p>El domingo tambi\u00e9n se coloc\u00f3 la piedra fundamental de un nuevo templo en Darby, cerca de la ciudad de KweKwe, en el centro del pa\u00eds. Los miembros de iglesia est\u00e1n construyendo el templo como parte de un \u00abzonde\u00bb, o proyecto conjunto en colaboraci\u00f3n, seg\u00fan el cual los miembros de iglesia se turnan para construir el templo y a evangelizar la zona durante una semana.<\/p>\n<p>El t\u00e9rmino \u00abzonde\u00bb, que es bien conocido en Zimbabue, pone \u00e9nfasis en el trabajo conjunto para lograr algo.<\/p>\n<p>Los miembros de iglesia han estado ya por cierto tiempo al frente de grupos peque\u00f1os, y las reuniones de evangelizaci\u00f3n de esta semana representan la \u00abcosecha\u00bb, en la que los participantes son invitados a aceptar a Jes\u00fas.<\/p>\n<p>Wilson, el presidente de la divisi\u00f3n Paul Ratsara, y otros l\u00edderes de la iglesia asistieron a la ceremonia de la colocaci\u00f3n de la piedra fundamental del nuevo templo este domingo, y regresar\u00e1n al lugar el s\u00e1bado 23 de mayo para dedicar la edificaci\u00f3n y ser testigos de los primeros bautismos de la serie de evangelizaci\u00f3n.<\/p>\n<p><em>Traducci\u00f3n de Marcos Paseggi<\/em><\/p>\n","protected":false},"excerpt":{"rendered":"<p>Una importante serie de reuniones de evangelizaci\u00f3n comenz\u00f3 este domingo de noche con miles de personas que se dieron cita en 87 sedes a lo largo y a lo ancho de Zimbabue, lo que incluy\u00f3 a diez mil personas que se congregaron en un inmenso campo y estacionamiento no muy lejos de Harare, la capital del pa\u00eds. <\/p>\n<p>Las reuniones \u00abRevelaci\u00f3n de esperanza\u00bb, parte de la iniciativa \u00abMisi\u00f3n a las ciudades\u00bb que tiene la Iglesia Adventista para compartir a Cristo en las ciudades m\u00e1s populosas del mundo, culminar\u00e1 el s\u00e1bado 30 de mayo, cuando se esperan treinta mil bautismos.<\/p>\n","protected":false},"author":1,"featured_media":25374,"comment_status":"closed","ping_status":"closed","sticky":false,"template":"","format":"standard","meta":{"_acf_changed":false,"footnotes":""},"categories":[14,15],"tags":[],"class_list":["post-30837","post","type-post","status-publish","format-standard","has-post-thumbnail","hentry","category-de-la-iglesia-mundial","category-rss-espanol"],"acf":[],"yoast_head":"<!-- This site is optimized with the Yoast SEO plugin v27.3 - https:\/\/yoast.com\/product\/yoast-seo-wordpress\/ -->\n<title>Diez mil personas se dan cita a una reuni\u00f3n de evangelizaci\u00f3n en Zimbabue - Iglesia Adventista del S\u00e9ptimo D\u00eda - Divisi\u00f3n Interamericana<\/title>\n<meta name=\"robots\" content=\"index, follow, max-snippet:-1, max-image-preview:large, max-video-preview:-1\" \/>\n<link rel=\"canonical\" href=\"https:\/\/interamerica.org\/es\/2015\/05\/diez-mil-personas-se-dan-cita-a-una-reunion-de-evangelizacion-en-zimbabue\/\" \/>\n<meta property=\"og:locale\" content=\"es_ES\" \/>\n<meta property=\"og:type\" content=\"article\" \/>\n<meta property=\"og:title\" content=\"Diez mil personas se dan cita a una reuni\u00f3n de evangelizaci\u00f3n en Zimbabue - Iglesia Adventista del S\u00e9ptimo D\u00eda - Divisi\u00f3n Interamericana\" \/>\n<meta property=\"og:description\" content=\"Una importante serie de reuniones de evangelizaci\u00f3n comenz\u00f3 este domingo de noche con miles de personas que se dieron cita en 87 sedes a lo largo y a lo ancho de Zimbabue, lo que incluy\u00f3 a diez mil personas que se congregaron en un inmenso campo y estacionamiento no muy lejos de Harare, la capital del pa\u00eds.  Las reuniones &quot;Revelaci\u00f3n de esperanza&quot;, parte de la iniciativa &quot;Misi\u00f3n a las ciudades&quot; que tiene la Iglesia Adventista para compartir a Cristo en las ciudades m\u00e1s populosas del mundo, culminar\u00e1 el s\u00e1bado 30 de mayo, cuando se esperan treinta mil bautismos.\" \/>\n<meta property=\"og:url\" content=\"https:\/\/interamerica.org\/es\/2015\/05\/diez-mil-personas-se-dan-cita-a-una-reunion-de-evangelizacion-en-zimbabue\/\" \/>\n<meta property=\"og:site_name\" content=\"Iglesia Adventista del S\u00e9ptimo D\u00eda - Divisi\u00f3n Interamericana\" \/>\n<meta property=\"article:published_time\" content=\"2015-05-18T04:00:00+00:00\" \/>\n<meta property=\"og:image\" content=\"https:\/\/interamerica.org\/wp-content\/uploads\/2017\/06\/Zimbabwe-Dabi-zonde-Adventist-Wilson-April17.jpg\" \/>\n\t<meta property=\"og:image:width\" content=\"1000\" \/>\n\t<meta property=\"og:image:height\" content=\"500\" \/>\n\t<meta property=\"og:image:type\" content=\"image\/jpeg\" \/>\n<meta name=\"author\" content=\"Lorenzo Verduzco\" \/>\n<meta name=\"twitter:card\" content=\"summary_large_image\" \/>\n<meta name=\"twitter:label1\" content=\"Escrito por\" \/>\n\t<meta name=\"twitter:data1\" content=\"Lorenzo Verduzco\" \/>\n\t<meta name=\"twitter:label2\" content=\"Tiempo de lectura\" \/>\n\t<meta name=\"twitter:data2\" content=\"4 minutos\" \/>\n<script type=\"application\/ld+json\" class=\"yoast-schema-graph\">{\"@context\":\"https:\\\/\\\/schema.org\",\"@graph\":[{\"@type\":\"Article\",\"@id\":\"https:\\\/\\\/interamerica.org\\\/es\\\/2015\\\/05\\\/diez-mil-personas-se-dan-cita-a-una-reunion-de-evangelizacion-en-zimbabue\\\/#article\",\"isPartOf\":{\"@id\":\"https:\\\/\\\/interamerica.org\\\/es\\\/2015\\\/05\\\/diez-mil-personas-se-dan-cita-a-una-reunion-de-evangelizacion-en-zimbabue\\\/\"},\"author\":{\"name\":\"Lorenzo Verduzco\",\"@id\":\"https:\\\/\\\/interamerica.org\\\/es\\\/#\\\/schema\\\/person\\\/68ede8bdc292885bb76c1e3810e73c39\"},\"headline\":\"Diez mil personas se dan cita a una reuni\u00f3n de evangelizaci\u00f3n en Zimbabue\",\"datePublished\":\"2015-05-18T04:00:00+00:00\",\"mainEntityOfPage\":{\"@id\":\"https:\\\/\\\/interamerica.org\\\/es\\\/2015\\\/05\\\/diez-mil-personas-se-dan-cita-a-una-reunion-de-evangelizacion-en-zimbabue\\\/\"},\"wordCount\":903,\"image\":{\"@id\":\"https:\\\/\\\/interamerica.org\\\/es\\\/2015\\\/05\\\/diez-mil-personas-se-dan-cita-a-una-reunion-de-evangelizacion-en-zimbabue\\\/#primaryimage\"},\"thumbnailUrl\":\"https:\\\/\\\/interamerica.org\\\/wp-content\\\/uploads\\\/2017\\\/06\\\/Zimbabwe-Dabi-zonde-Adventist-Wilson-April17.jpg\",\"articleSection\":[\"Desde la iglesia mundial\",\"RSS Espa\u00f1ol\"],\"inLanguage\":\"es\"},{\"@type\":\"WebPage\",\"@id\":\"https:\\\/\\\/interamerica.org\\\/es\\\/2015\\\/05\\\/diez-mil-personas-se-dan-cita-a-una-reunion-de-evangelizacion-en-zimbabue\\\/\",\"url\":\"https:\\\/\\\/interamerica.org\\\/es\\\/2015\\\/05\\\/diez-mil-personas-se-dan-cita-a-una-reunion-de-evangelizacion-en-zimbabue\\\/\",\"name\":\"Diez mil personas se dan cita a una reuni\u00f3n de evangelizaci\u00f3n en Zimbabue - Iglesia Adventista del S\u00e9ptimo D\u00eda - Divisi\u00f3n Interamericana\",\"isPartOf\":{\"@id\":\"https:\\\/\\\/interamerica.org\\\/es\\\/#website\"},\"primaryImageOfPage\":{\"@id\":\"https:\\\/\\\/interamerica.org\\\/es\\\/2015\\\/05\\\/diez-mil-personas-se-dan-cita-a-una-reunion-de-evangelizacion-en-zimbabue\\\/#primaryimage\"},\"image\":{\"@id\":\"https:\\\/\\\/interamerica.org\\\/es\\\/2015\\\/05\\\/diez-mil-personas-se-dan-cita-a-una-reunion-de-evangelizacion-en-zimbabue\\\/#primaryimage\"},\"thumbnailUrl\":\"https:\\\/\\\/interamerica.org\\\/wp-content\\\/uploads\\\/2017\\\/06\\\/Zimbabwe-Dabi-zonde-Adventist-Wilson-April17.jpg\",\"datePublished\":\"2015-05-18T04:00:00+00:00\",\"author\":{\"@id\":\"https:\\\/\\\/interamerica.org\\\/es\\\/#\\\/schema\\\/person\\\/68ede8bdc292885bb76c1e3810e73c39\"},\"breadcrumb\":{\"@id\":\"https:\\\/\\\/interamerica.org\\\/es\\\/2015\\\/05\\\/diez-mil-personas-se-dan-cita-a-una-reunion-de-evangelizacion-en-zimbabue\\\/#breadcrumb\"},\"inLanguage\":\"es\",\"potentialAction\":[{\"@type\":\"ReadAction\",\"target\":[\"https:\\\/\\\/interamerica.org\\\/es\\\/2015\\\/05\\\/diez-mil-personas-se-dan-cita-a-una-reunion-de-evangelizacion-en-zimbabue\\\/\"]}]},{\"@type\":\"ImageObject\",\"inLanguage\":\"es\",\"@id\":\"https:\\\/\\\/interamerica.org\\\/es\\\/2015\\\/05\\\/diez-mil-personas-se-dan-cita-a-una-reunion-de-evangelizacion-en-zimbabue\\\/#primaryimage\",\"url\":\"https:\\\/\\\/interamerica.org\\\/wp-content\\\/uploads\\\/2017\\\/06\\\/Zimbabwe-Dabi-zonde-Adventist-Wilson-April17.jpg\",\"contentUrl\":\"https:\\\/\\\/interamerica.org\\\/wp-content\\\/uploads\\\/2017\\\/06\\\/Zimbabwe-Dabi-zonde-Adventist-Wilson-April17.jpg\",\"width\":1000,\"height\":500},{\"@type\":\"BreadcrumbList\",\"@id\":\"https:\\\/\\\/interamerica.org\\\/es\\\/2015\\\/05\\\/diez-mil-personas-se-dan-cita-a-una-reunion-de-evangelizacion-en-zimbabue\\\/#breadcrumb\",\"itemListElement\":[{\"@type\":\"ListItem\",\"position\":1,\"name\":\"Home\",\"item\":\"https:\\\/\\\/interamerica.org\\\/es\\\/\"},{\"@type\":\"ListItem\",\"position\":2,\"name\":\"Diez mil personas se dan cita a una reuni\u00f3n de evangelizaci\u00f3n en Zimbabue\"}]},{\"@type\":\"WebSite\",\"@id\":\"https:\\\/\\\/interamerica.org\\\/es\\\/#website\",\"url\":\"https:\\\/\\\/interamerica.org\\\/es\\\/\",\"name\":\"Iglesia Adventista del S\u00e9ptimo D\u00eda - Divisi\u00f3n Interamericana\",\"description\":\"\",\"potentialAction\":[{\"@type\":\"SearchAction\",\"target\":{\"@type\":\"EntryPoint\",\"urlTemplate\":\"https:\\\/\\\/interamerica.org\\\/es\\\/?s={search_term_string}\"},\"query-input\":{\"@type\":\"PropertyValueSpecification\",\"valueRequired\":true,\"valueName\":\"search_term_string\"}}],\"inLanguage\":\"es\"},{\"@type\":\"Person\",\"@id\":\"https:\\\/\\\/interamerica.org\\\/es\\\/#\\\/schema\\\/person\\\/68ede8bdc292885bb76c1e3810e73c39\",\"name\":\"Lorenzo Verduzco\",\"image\":{\"@type\":\"ImageObject\",\"inLanguage\":\"es\",\"@id\":\"https:\\\/\\\/secure.gravatar.com\\\/avatar\\\/fb81a55b6218459490a9c1dc841a34909185b81904c5337b4b27f7a6fd60c49e?s=96&d=mm&r=g\",\"url\":\"https:\\\/\\\/secure.gravatar.com\\\/avatar\\\/fb81a55b6218459490a9c1dc841a34909185b81904c5337b4b27f7a6fd60c49e?s=96&d=mm&r=g\",\"contentUrl\":\"https:\\\/\\\/secure.gravatar.com\\\/avatar\\\/fb81a55b6218459490a9c1dc841a34909185b81904c5337b4b27f7a6fd60c49e?s=96&d=mm&r=g\",\"caption\":\"Lorenzo Verduzco\"}}]}<\/script>\n<!-- \/ Yoast SEO plugin. -->","yoast_head_json":{"title":"Diez mil personas se dan cita a una reuni\u00f3n de evangelizaci\u00f3n en Zimbabue - Iglesia Adventista del S\u00e9ptimo D\u00eda - Divisi\u00f3n Interamericana","robots":{"index":"index","follow":"follow","max-snippet":"max-snippet:-1","max-image-preview":"max-image-preview:large","max-video-preview":"max-video-preview:-1"},"canonical":"https:\/\/interamerica.org\/es\/2015\/05\/diez-mil-personas-se-dan-cita-a-una-reunion-de-evangelizacion-en-zimbabue\/","og_locale":"es_ES","og_type":"article","og_title":"Diez mil personas se dan cita a una reuni\u00f3n de evangelizaci\u00f3n en Zimbabue - Iglesia Adventista del S\u00e9ptimo D\u00eda - Divisi\u00f3n Interamericana","og_description":"Una importante serie de reuniones de evangelizaci\u00f3n comenz\u00f3 este domingo de noche con miles de personas que se dieron cita en 87 sedes a lo largo y a lo ancho de Zimbabue, lo que incluy\u00f3 a diez mil personas que se congregaron en un inmenso campo y estacionamiento no muy lejos de Harare, la capital del pa\u00eds.  Las reuniones \"Revelaci\u00f3n de esperanza\", parte de la iniciativa \"Misi\u00f3n a las ciudades\" que tiene la Iglesia Adventista para compartir a Cristo en las ciudades m\u00e1s populosas del mundo, culminar\u00e1 el s\u00e1bado 30 de mayo, cuando se esperan treinta mil bautismos.","og_url":"https:\/\/interamerica.org\/es\/2015\/05\/diez-mil-personas-se-dan-cita-a-una-reunion-de-evangelizacion-en-zimbabue\/","og_site_name":"Iglesia Adventista del S\u00e9ptimo D\u00eda - Divisi\u00f3n Interamericana","article_published_time":"2015-05-18T04:00:00+00:00","og_image":[{"width":1000,"height":500,"url":"https:\/\/interamerica.org\/wp-content\/uploads\/2017\/06\/Zimbabwe-Dabi-zonde-Adventist-Wilson-April17.jpg","type":"image\/jpeg"}],"author":"Lorenzo Verduzco","twitter_card":"summary_large_image","twitter_misc":{"Escrito por":"Lorenzo Verduzco","Tiempo de lectura":"4 minutos"},"schema":{"@context":"https:\/\/schema.org","@graph":[{"@type":"Article","@id":"https:\/\/interamerica.org\/es\/2015\/05\/diez-mil-personas-se-dan-cita-a-una-reunion-de-evangelizacion-en-zimbabue\/#article","isPartOf":{"@id":"https:\/\/interamerica.org\/es\/2015\/05\/diez-mil-personas-se-dan-cita-a-una-reunion-de-evangelizacion-en-zimbabue\/"},"author":{"name":"Lorenzo Verduzco","@id":"https:\/\/interamerica.org\/es\/#\/schema\/person\/68ede8bdc292885bb76c1e3810e73c39"},"headline":"Diez mil personas se dan cita a una reuni\u00f3n de evangelizaci\u00f3n en Zimbabue","datePublished":"2015-05-18T04:00:00+00:00","mainEntityOfPage":{"@id":"https:\/\/interamerica.org\/es\/2015\/05\/diez-mil-personas-se-dan-cita-a-una-reunion-de-evangelizacion-en-zimbabue\/"},"wordCount":903,"image":{"@id":"https:\/\/interamerica.org\/es\/2015\/05\/diez-mil-personas-se-dan-cita-a-una-reunion-de-evangelizacion-en-zimbabue\/#primaryimage"},"thumbnailUrl":"https:\/\/interamerica.org\/wp-content\/uploads\/2017\/06\/Zimbabwe-Dabi-zonde-Adventist-Wilson-April17.jpg","articleSection":["Desde la iglesia mundial","RSS Espa\u00f1ol"],"inLanguage":"es"},{"@type":"WebPage","@id":"https:\/\/interamerica.org\/es\/2015\/05\/diez-mil-personas-se-dan-cita-a-una-reunion-de-evangelizacion-en-zimbabue\/","url":"https:\/\/interamerica.org\/es\/2015\/05\/diez-mil-personas-se-dan-cita-a-una-reunion-de-evangelizacion-en-zimbabue\/","name":"Diez mil personas se dan cita a una reuni\u00f3n de evangelizaci\u00f3n en Zimbabue - Iglesia Adventista del S\u00e9ptimo D\u00eda - Divisi\u00f3n Interamericana","isPartOf":{"@id":"https:\/\/interamerica.org\/es\/#website"},"primaryImageOfPage":{"@id":"https:\/\/interamerica.org\/es\/2015\/05\/diez-mil-personas-se-dan-cita-a-una-reunion-de-evangelizacion-en-zimbabue\/#primaryimage"},"image":{"@id":"https:\/\/interamerica.org\/es\/2015\/05\/diez-mil-personas-se-dan-cita-a-una-reunion-de-evangelizacion-en-zimbabue\/#primaryimage"},"thumbnailUrl":"https:\/\/interamerica.org\/wp-content\/uploads\/2017\/06\/Zimbabwe-Dabi-zonde-Adventist-Wilson-April17.jpg","datePublished":"2015-05-18T04:00:00+00:00","author":{"@id":"https:\/\/interamerica.org\/es\/#\/schema\/person\/68ede8bdc292885bb76c1e3810e73c39"},"breadcrumb":{"@id":"https:\/\/interamerica.org\/es\/2015\/05\/diez-mil-personas-se-dan-cita-a-una-reunion-de-evangelizacion-en-zimbabue\/#breadcrumb"},"inLanguage":"es","potentialAction":[{"@type":"ReadAction","target":["https:\/\/interamerica.org\/es\/2015\/05\/diez-mil-personas-se-dan-cita-a-una-reunion-de-evangelizacion-en-zimbabue\/"]}]},{"@type":"ImageObject","inLanguage":"es","@id":"https:\/\/interamerica.org\/es\/2015\/05\/diez-mil-personas-se-dan-cita-a-una-reunion-de-evangelizacion-en-zimbabue\/#primaryimage","url":"https:\/\/interamerica.org\/wp-content\/uploads\/2017\/06\/Zimbabwe-Dabi-zonde-Adventist-Wilson-April17.jpg","contentUrl":"https:\/\/interamerica.org\/wp-content\/uploads\/2017\/06\/Zimbabwe-Dabi-zonde-Adventist-Wilson-April17.jpg","width":1000,"height":500},{"@type":"BreadcrumbList","@id":"https:\/\/interamerica.org\/es\/2015\/05\/diez-mil-personas-se-dan-cita-a-una-reunion-de-evangelizacion-en-zimbabue\/#breadcrumb","itemListElement":[{"@type":"ListItem","position":1,"name":"Home","item":"https:\/\/interamerica.org\/es\/"},{"@type":"ListItem","position":2,"name":"Diez mil personas se dan cita a una reuni\u00f3n de evangelizaci\u00f3n en Zimbabue"}]},{"@type":"WebSite","@id":"https:\/\/interamerica.org\/es\/#website","url":"https:\/\/interamerica.org\/es\/","name":"Iglesia Adventista del S\u00e9ptimo D\u00eda - Divisi\u00f3n Interamericana","description":"","potentialAction":[{"@type":"SearchAction","target":{"@type":"EntryPoint","urlTemplate":"https:\/\/interamerica.org\/es\/?s={search_term_string}"},"query-input":{"@type":"PropertyValueSpecification","valueRequired":true,"valueName":"search_term_string"}}],"inLanguage":"es"},{"@type":"Person","@id":"https:\/\/interamerica.org\/es\/#\/schema\/person\/68ede8bdc292885bb76c1e3810e73c39","name":"Lorenzo Verduzco","image":{"@type":"ImageObject","inLanguage":"es","@id":"https:\/\/secure.gravatar.com\/avatar\/fb81a55b6218459490a9c1dc841a34909185b81904c5337b4b27f7a6fd60c49e?s=96&d=mm&r=g","url":"https:\/\/secure.gravatar.com\/avatar\/fb81a55b6218459490a9c1dc841a34909185b81904c5337b4b27f7a6fd60c49e?s=96&d=mm&r=g","contentUrl":"https:\/\/secure.gravatar.com\/avatar\/fb81a55b6218459490a9c1dc841a34909185b81904c5337b4b27f7a6fd60c49e?s=96&d=mm&r=g","caption":"Lorenzo Verduzco"}}]}},"_links":{"self":[{"href":"https:\/\/interamerica.org\/es\/wp-json\/wp\/v2\/posts\/30837","targetHints":{"allow":["GET"]}}],"collection":[{"href":"https:\/\/interamerica.org\/es\/wp-json\/wp\/v2\/posts"}],"about":[{"href":"https:\/\/interamerica.org\/es\/wp-json\/wp\/v2\/types\/post"}],"author":[{"embeddable":true,"href":"https:\/\/interamerica.org\/es\/wp-json\/wp\/v2\/users\/1"}],"replies":[{"embeddable":true,"href":"https:\/\/interamerica.org\/es\/wp-json\/wp\/v2\/comments?post=30837"}],"version-history":[{"count":0,"href":"https:\/\/interamerica.org\/es\/wp-json\/wp\/v2\/posts\/30837\/revisions"}],"wp:featuredmedia":[{"embeddable":true,"href":"https:\/\/interamerica.org\/es\/wp-json\/wp\/v2\/media\/25374"}],"wp:attachment":[{"href":"https:\/\/interamerica.org\/es\/wp-json\/wp\/v2\/media?parent=30837"}],"wp:term":[{"taxonomy":"category","embeddable":true,"href":"https:\/\/interamerica.org\/es\/wp-json\/wp\/v2\/categories?post=30837"},{"taxonomy":"post_tag","embeddable":true,"href":"https:\/\/interamerica.org\/es\/wp-json\/wp\/v2\/tags?post=30837"}],"curies":[{"name":"wp","href":"https:\/\/api.w.org\/{rel}","templated":true}]}}