{"id":30838,"date":"2015-05-20T00:00:00","date_gmt":"2015-05-20T04:00:00","guid":{"rendered":"http:\/\/192.81.217.108\/interamerica\/2015\/05\/una-guia-de-la-agenda-del-congreso-de-la-asociacion-general\/"},"modified":"2015-05-20T00:00:00","modified_gmt":"2015-05-20T04:00:00","slug":"una-guia-de-la-agenda-del-congreso-de-la-asociacion-general","status":"publish","type":"post","link":"https:\/\/interamerica.org\/es\/2015\/05\/una-guia-de-la-agenda-del-congreso-de-la-asociacion-general\/","title":{"rendered":"Una gu\u00eda de la agenda del Congreso de la Asociaci\u00f3n General"},"content":{"rendered":"<div id=\"attachment_17068\" style=\"width: 710px\" class=\"wp-caption aligncenter\"><a href=\"\/interamerica\/wp-content\/uploads\/2017\/06\/rsz_4736390815_c00abb2460_b.jpg\" rel=\"fancybox\" title=\"Una gu\u00eda de la agenda del Congreso de la Asociaci\u00f3n General\"><img fetchpriority=\"high\" decoding=\"async\" aria-describedby=\"caption-attachment-17068\" class=\" wp-image-17068 \" src=\"\/interamerica\/wp-content\/uploads\/2017\/06\/rsz_4736390815_c00abb2460_b.jpg\" alt=\"\" width=\"700\" height=\"349\" \/><\/a><p id=\"caption-attachment-17068\" class=\"wp-caption-text\">Los delegados aplauden despu\u00e9s de una parte musical en el Congreso de la Asociaci\u00f3n General en Atlanta, Georgia, Estados Unidos, el s\u00e1bado 26 de junio de 2010. Imagen de Josef Kissinger\/ANN<\/p><\/div>\n<p>18 de mayo de 2015 | Silver Spring, Maryland, Estados Unidos | Andrew McChesney, editor de noticias, Adventist Review<\/p>\n<p>El 60\u00b0 Congreso de la Asociaci\u00f3n General ofrecer\u00e1 varias cosas por primera vez: el voto electr\u00f3nico, una aplicaci\u00f3n para dispositivos m\u00f3viles, una agenda electr\u00f3nica para los delegados y, lo que resulta m\u00e1s crucial para el resto de nosotros, la oportunidad de repasar la agenda de antemano.<\/p>\n<p>Por lo general, la Secretar\u00eda de la Asociaci\u00f3n General, que fija la agenda, brinda la informaci\u00f3n solo a los delegados. Pero por primera vez, se est\u00e1n brindando los detalles del plan a la iglesia mundial antes de que comience la sesi\u00f3n del 2 al 11 de julio pr\u00f3ximo, en el estadio Alamodome de San Antonio, Texas, Estados Unidos.<\/p>\n<p>\u201cLo normal es que solo los delegados reciban esto\u201d, dijo Myron Iseminger, subsecretario de la Asociaci\u00f3n General, en una entrevista en su oficina, mientras sosten\u00eda un fajo de papeles con la agenda de la sesi\u00f3n. \u201cPero no nos cuesta nada ponerlo en el sitio web, y esto brinda la oportunidad a los que no son delegados de comprender mejor los temas que se tratar\u00e1n\u201d.<\/p>\n<p>La agenda, <a href=\"http:\/\/2015.gcsession.org\/delegates\/agenda\/\">que fue publicada en el sitio web oficial GCsession.org<\/a>\u00a0el mi\u00e9rcoles 20 de mayo, contiene \u00edtems para elegir a los directivos de la iglesia mundial y votar cambios a las Creencias Fundamentales, los reglamentos del Manual de la Iglesia, y los cambios a la Constituci\u00f3n y los Estatutos. Los asistentes tambi\u00e9n escuchar\u00e1n informes de cada una de las trece divisiones (o regiones administrativas) de la iglesia.<\/p>\n<p>Con excepci\u00f3n de los s\u00e1bados, la reuni\u00f3n p\u00fablica de todos los d\u00edas comienza con un culto a las 8.00, a la que le siguen dos sesiones de la asamblea (de 9.30 al mediod\u00eda, y de las 14.00 a las 17.00). El programa vespertino de dos horas y media consiste de un concierto musical de treinta minutos (de 18.30 a 19.00), y de los informes de las divisiones, para terminar a las 21.00.<\/p>\n<p>El siguiente cronograma de la agenda, compartido por la Secretar\u00eda, es preliminar y podr\u00eda cambiar si la discusi\u00f3n de algunos de los \u00edtems dura m\u00e1s tiempo del que se les ha asignado. Durante los d\u00edas del congreso, una comisi\u00f3n de coordinaci\u00f3n determinar\u00e1 los \u00edtems finales de la agenda diaria a primera hora de cada ma\u00f1ana.<\/p>\n<p>(Por m\u00e1s informaci\u00f3n sobre la votaci\u00f3n electr\u00f3nica, lea\u00a0<a href=\"\/?p=15031#axzz3ahdMXuIr\">\u201cLa votaci\u00f3n electr\u00f3nica incrementar\u00e1 la eficiencia en el Congreso de la Asociaci\u00f3n General\u201d<\/a>.\u00a0La nueva aplicaci\u00f3n, \u201cGC Session 2015\u201d, puede ser descargada gratuitamente de las tiendas en l\u00ednea).<\/p>\n<div id=\"attachment_17069\" style=\"width: 501px\" class=\"wp-caption alignright\"><a href=\"\/interamerica\/wp-content\/uploads\/2017\/06\/14557821902_837045f8be_k.jpg\" rel=\"fancybox\" title=\"Una gu\u00eda de la agenda del Congreso de la Asociaci\u00f3n General\"><img decoding=\"async\" aria-describedby=\"caption-attachment-17069\" class=\" wp-image-17069  \" src=\"\/interamerica\/wp-content\/uploads\/2017\/06\/14557821902_837045f8be_k-1024x544.jpg\" alt=\"\" width=\"491\" height=\"261\" \/><\/a><p id=\"caption-attachment-17069\" class=\"wp-caption-text\">El Alamodome, un estadio de f\u00fatbol americano con capacidad para 65 mil personas en San Antonio, Texas, Estados Unidos, ser\u00e1 sede del Congreso de la Asociaci\u00f3n General 2015. (Alamodome \/ ANN)<\/p><\/div>\n<p><strong>D\u00eda 1: Jueves\u00a0 2 de julio\u00a0<\/strong><\/p>\n<p>Devocional matutino: \u201cEl cl\u00edmax glorioso de la historia: La promesa de su regreso\u201d, a cargo de Janos Kovacs-Biro, secretario de la Asociaci\u00f3n Ministerial de la Divisi\u00f3n Transeuropea.<\/p>\n<p>La asamblea se iniciar\u00e1 con una serie de breves formalidades: un llamado oficial a inaugurar la sesi\u00f3n, la comprobaci\u00f3n de que est\u00e1n cumpliendo con todos los requisitos que establece la constituci\u00f3n, y la adopci\u00f3n formal del programa diario.<\/p>\n<p>Los asistentes mirar\u00e1n un nuevo filme corto producido por la Asociaci\u00f3n Ministerial y titulado \u201cLo que pudo haber sido\u201d, sobre la visi\u00f3n que tuvo en 1903 Elena G. White, una de las fundadoras de la denominaci\u00f3n sobre lo que podr\u00eda haber pasado en el Congreso de la Asociaci\u00f3n General 1901 si los delegados se hubieran humillado y permitido el derramamiento del Esp\u00edritu Santo.<\/p>\n<p>\u201cMucha gente est\u00e1 orando de que este congreso no sea solo para resolver puntos de agenda sino un momento de reavivamiento y renovaci\u00f3n espiritual\u201d, dijo Iseminger.<\/p>\n<p>Los delegados podr\u00edan votar aprobar una resoluci\u00f3n sobre la Santa Biblia y una declaraci\u00f3n de confianza en los escritos de Elena G. White. Si el tiempo no lo permite, la votaci\u00f3n ser\u00e1 trasladada a un d\u00eda a\u00fan no determinado.<\/p>\n<p>El primer punto importante de la agenda se enfoca en la misi\u00f3n de la iglesia. Los delegados votar\u00e1n aprobar oficialmente un r\u00e9cord de 35 uniones que han sido organizadas desde el \u00faltimo Congreso de la Asociaci\u00f3n General en 2010.<\/p>\n<p>\u201cEl alto n\u00famero de nuevas uniones no tiene precedentes en la historia de la Iglesia Adventista\u201d, dijo G. T. Ng, secretario ejecutivo de la Asociaci\u00f3n General. \u201cEs un reflejo del crecimiento de la iglesia a velocidades vertiginosas, en especial en Am\u00e9rica latina y el continente africano\u201d.<\/p>\n<p>Muchas de estas uniones son nuevas, y est\u00e1n siendo creadas a partir de una uni\u00f3n m\u00e1s grande con feligres\u00edas muy numerosas. Un ejemplo de esto es Zambia, cuya feligres\u00eda super\u00f3 un mill\u00f3n en abril. Otras han pasado de ser uniones misiones a uniones asociaciones, lo que indica madurez en la finanzas y el liderazgo.<\/p>\n<p>La Iglesia Adventista mundial ahora tiene una feligres\u00eda de 18,5 de miembros, en comparaci\u00f3n con los 16,3 millones que se inform\u00f3 en el Congreso de Asociaci\u00f3n General 2010.<\/p>\n<p>En 2010 se a\u00f1adieron un total de 22 uniones, mientras que en 2005 tambi\u00e9n se a\u00f1adieron 22 uniones. En 2000 solo se hab\u00edan a\u00f1adido nueve.<\/p>\n<p>Despu\u00e9s del almuerzo, el \u00e9nfasis pasar\u00e1 a ser el liderazgo de la Iglesia Adventista mundial para los pr\u00f3ximos cinco a\u00f1os. Una comisi\u00f3n de nombramientos ser\u00e1 designada para escoger a los l\u00edderes de la iglesia, comenzando con el presidente de la Asociaci\u00f3n General.<\/p>\n<p>En el programa vespertino, Ted N. C. Wilson, presidente de la Asociaci\u00f3n General, dar\u00e1 su \u201cInforme del Presidente\u201d sobre sus cinco a\u00f1os en el cargo.<\/p>\n<p><strong>D\u00eda 2: Viernes 3 de julio<\/strong><\/p>\n<p><strong><\/strong>Devocional matutino: \u201cLos titulares de ma\u00f1ana, hoy: Las se\u00f1ales de su regreso\u201d, a cargo de Sikhu Hlatshwayo, un misionero de Zimbabue en los Estados Unidos que colabora con el liderazgo de los ministerios en los campus p\u00fablicos. La asamblea comenzar\u00e1 con el \u201cInforme de Secretar\u00eda\u201d a cargo del G. T. Ng, secretario ejecutivo de la Asociaci\u00f3n General, donde se resumir\u00e1 su trabajo en el cargo durante los \u00faltimos cinco a\u00f1os.<\/p>\n<p>A \u00e9l le seguir\u00e1 David Trim, director de la Secretar\u00eda de Estad\u00edsticas, Archivos e Investigaciones de la Asociaci\u00f3n General, que presentar\u00e1 todas las cifras en su \u201cInforme Estad\u00edstico\u201d.<\/p>\n<p>Despu\u00e9s de ello, Robert E. Lemon, tesorero de la Asociaci\u00f3n General, ofrecer\u00e1 una visi\u00f3n general del estado financiero de la iglesia con su \u201cInforme de Tesorer\u00eda\u201d.<\/p>\n<p>En alg\u00fan momento del d\u00eda, es probable que la comisi\u00f3n de nombramientos interrumpa la sesi\u00f3n para anunciar su nominaci\u00f3n del presidente de la Asociaci\u00f3n General para 2015 a 2020. El candidato, al igual que todos los candidatos nominados, tiene que ser aprobado por los delegados en sesi\u00f3n.<\/p>\n<p>\u201cLa comisi\u00f3n de nombramientos comienza su tarea el viernes, y al menos deber\u00edamos tener su nominaci\u00f3n para presidente de la Asociaci\u00f3n General en alg\u00fan momento del viernes\u201d, dijo Iseminger. \u201cSi realmente son ambiciosos, puede que tambi\u00e9n tengamos uno o ambos de los otros dos cargos ejecutivos\u201d.<\/p>\n<p>En el Congreso 2010, la elecci\u00f3n del presidente fue anunciada el viernes de ma\u00f1ana, mientras que los otros dos cargos principales de la Asociaci\u00f3n General, el de secretario ejecutivo y el de tesorero, fueron anunciados en la tarde.<\/p>\n<p>La comisi\u00f3n de nombramientos interrumpe la asamblea cuando tiene un una importante decisi\u00f3n que anunciar.<\/p>\n<p>\u201cTan pronto como tienen un grupo de nombres, vienen hasta la asamblea y presentan su informe\u201d, dijo Iseminger.<\/p>\n<p>La sesi\u00f3n de la tarde concluir\u00e1 alrededor de las 16.00, para dar tiempo para la preparaci\u00f3n para el s\u00e1bado.<\/p>\n<p><strong>D\u00eda 3: S\u00e1bado 4 de julio<\/strong><\/p>\n<p><strong><\/strong>Despu\u00e9s del serm\u00f3n del s\u00e1bado por la ma\u00f1ana a cargo del secretario ejecutivo G. T. Ng, se invitar\u00e1 a la gente para que asista a un programa durante la tarde titulado \u201cLa iglesia en misi\u00f3n\u201d.<\/p>\n<p>En horario vespertino, se presentar\u00e1n los informes de la Divisi\u00f3n Norteamericana (NAD) y de la Uni\u00f3n de Oriente Medio y Norte de \u00c1frica (MENA).<\/p>\n<p><strong>D\u00eda 4: Domingo 5 de julio<\/strong><\/p>\n<p><strong><\/strong>Devocional matutino: \u201cEl maravilloso evento: La manera de su regreso\u201d, a cargo de Neale Schofield, gerente general de la Red de Medios Adventistas en Australia. Es probable que las sesiones de la asamblea est\u00e9n dominadas por una discusi\u00f3n y voto sobre los cambios editoriales al \u201cManual de la iglesia\u201d, los m\u00e1s significativos, al protocolo disciplinario ante malos comportamientos de car\u00e1cter sexual.<\/p>\n<p>No se han recomendado cambios a las trece razones por las cuales se puede disciplinar a los miembros de iglesia, que incluyen deslealtad a la iglesia y violencia f\u00edsica. Pero los delegados analizar\u00e1n expandir la secci\u00f3n que trata de las relaciones extramaritales, para incluir detalles sobre definiciones espec\u00edficas relacionadas con la conducta sexual.<\/p>\n<p>Also el domingo, los delegados podr\u00edan votar sobre los cambios t\u00e9cnicos a la Constituci\u00f3n y los Estatutos de la Asociaci\u00f3n General.<\/p>\n<p>Las discusiones sobre el Manual o la Constituci\u00f3n de la iglesia podr\u00eda comenzar antes del domingo, dijo Iseminger.<\/p>\n<p>\u201cSi tenemos tiempo de trabajar en ello el jueves o el viernes, as\u00ed lo haremos\u201d, dijo.<\/p>\n<p>Se espera que la comisi\u00f3n de nombramientos detenga la sesi\u00f3n del domingo para anunciar sus nominaciones para los vicepresidentes generales de la Asociaci\u00f3n General, los secretarios asociados y los tesoreros asociados.<\/p>\n<p>\u201cDurante el \u00faltimo congreso, para el final del domingo ya ten\u00edamos todos estos directivos de la Asociaci\u00f3n General\u201d, dijo Iseminger.<\/p>\n<p>En horario vespertino, se escuchar\u00e1n los informes de la Divisi\u00f3n de \u00c1frica Centro Oriental (ECD) y de la Divisi\u00f3n Euroasi\u00e1tica (ESD).<\/p>\n<p><strong>D\u00eda 5: Lunes 6 de julio<\/strong><\/p>\n<p><strong><\/strong>Devocional matutino: \u201cUna vida fiel en el tiempo del fin: La preparaci\u00f3n para su regreso\u201d, de Shian W. O\u2019Connor, presidente de la Asociaci\u00f3n de las Islas Caim\u00e1n, en la Divisi\u00f3n Interamericana.<\/p>\n<p>Toda la sesi\u00f3n del d\u00eda estar\u00e1 dedicada a la propuesta de cambios en la redacci\u00f3n de las 28 Doctrinas Fundamentales de la Iglesia Adventista.<\/p>\n<p>\u201cEsperamos que sea una discusi\u00f3n prolongada. Es una discusi\u00f3n importante\u201d, dijo Iseminger.<\/p>\n<p>Un cambio propuesto significativo es la adici\u00f3n de la frase \u201cuna creaci\u00f3n reciente en seis d\u00edas\u201d a la declaraci\u00f3n sobre \u201cLa creaci\u00f3n\u201d.<\/p>\n<p>Las creencias fundamentales han permanecido sin editar desde que fueron dadas a conocer en el Congreso de la Asociaci\u00f3n General 1980, con excepci\u00f3n de la adici\u00f3n de una 28\u00b0 Creencia Fundamental en 2005.<\/p>\n<p>La comisi\u00f3n de nombramientos estar\u00e1 en receso durante la discusi\u00f3n de las Creencias Fundamentales. Pero podr\u00eda tener tiempo para recomendar sus nominaciones para los presidentes de las divisiones, sus secretarios y tesoreros, y acaso los directores de los departamentos de la Asociaci\u00f3n General.<\/p>\n<p>En horario vespertino, se escuchar\u00e1n los informes de la Divisi\u00f3n Intereuropea (EUD) y de la Divisi\u00f3n Interamericana (IAD).<\/p>\n<p><strong>D\u00eda 6: Martes 7 de julio<\/strong><\/p>\n<p><strong><\/strong>Devocional matutino: \u201cJam\u00e1s solos: El Consolador prometido que precede a su regreso\u201d, a cargo de Mathilde Frey, exprofesora de ex\u00e9gesis del Antiguo Testamento y lenguas b\u00edblicas en el Instituto Adventista Internacional de Estudios Avanzados (AIIAS) en las Filipinas.<\/p>\n<p>La sesi\u00f3n del d\u00eda consistir\u00e1 de una asamblea general y una corporativa, los encuentros legales \u00a0que la Asociaci\u00f3n General est\u00e1 obligada a llevar a cabo como organizaci\u00f3n, y que han sido anunciadas en las p\u00e1ginas de la Revista Adventista y de Adventist World, las revistas oficiales de la Iglesia Adventista mundial.<\/p>\n<p>Tambi\u00e9n ese martes, se espera que la comisi\u00f3n de nombramientos nombre a la mayor\u00eda de los directores de los departamentos de la Asociaci\u00f3n General.<\/p>\n<p>En horario vespertino, se escuchar\u00e1n los informes de la Divisi\u00f3n de Asia Pac\u00edfico Norte (NSD) y de la Divisi\u00f3n Sudamericana (SAD).<\/p>\n<p><strong>D\u00eda 7: Mi\u00e9rcoles 8 de julio<\/strong><\/p>\n<p><strong><\/strong>Devocional matutino: \u201cDe las pruebas al triunfo: El movimiento adventista y su regreso\u201d, a cargo de Alain Coralie, secretario ejecutivo asociado de la Divisi\u00f3n de \u00c1frica Centro Oriental.<\/p>\n<p>La sesi\u00f3n de todo el d\u00eda estar\u00e1 dedicada a la pregunta que busca determinar si las divisiones deber\u00edan contemplar la ordenaci\u00f3n de las mujeres en sus respectivos territorios.<\/p>\n<p>La pregunta que se pondr\u00e1 a consideraci\u00f3n de los delegados es la siguiente:<\/p>\n<p>\u201cDespu\u00e9s del estudio con oraci\u00f3n sobre la ordenaci\u00f3n a partir de la Biblia, los escritos de Elena G. White y los informes de las comisiones de estudio y, despu\u00e9s de considerar con detenimiento qu\u00e9 es lo mejor para la iglesia y el cumplimiento de su misi\u00f3n, \u00bfes aceptable que las juntas directivas de las divisiones, seg\u00fan lo consideren apropiado en sus territorios, contemplen la ordenaci\u00f3n de las mujeres al ministerio del evangelio? S\u00ed o No\u201d.<\/p>\n<p>Lea\u00a0<a href=\"\/?p=13888#axzz3ahdMXuIr\">\u201cLa pregunta sobre la ordenaci\u00f3n de las mujeres va al Congreso de la Asociaci\u00f3n General\u201d<\/a>.<\/p>\n<p>Ted N. C. Wilson, presidente de la Iglesia Adventista mundial, ha apelado a los delegados para que lean lo que dice la Biblia sobre la ordenaci\u00f3n de las mujeres, y que oren para que todos sigan con humildad la conducci\u00f3n del Esp\u00edritu Santo en ese sentido.<\/p>\n<p>Lea \u201c<a href=\"\/?p=13609#axzz3ahdMXuIr\">Se insta a los adventistas para que estudien la ordenaci\u00f3n de las mujeres por su cuenta<\/a>\u201d.<\/p>\n<p>La comisi\u00f3n de nombramientos estar\u00e1 en receso durante la discusi\u00f3n de la ordenaci\u00f3n del d\u00eda mi\u00e9rcoles.<\/p>\n<p>En horario vespertino, se escuchar\u00e1n los informes de la Divisi\u00f3n de \u00c1frica Meridional y Oc\u00e9ano \u00cdndico (SID), la Divisi\u00f3n del Pac\u00edfico Sur (SPD), y la Divisi\u00f3n de Asia Pac\u00edfico Sur (SSD).<\/p>\n<p><strong>D\u00eda 8: Jueves 9 de julio<\/strong><\/p>\n<p><strong><\/strong>Devocional matutino: \u201cA todo el mundo: La proclamaci\u00f3n del evangelio y su regreso\u201d, a cargo de Taj Pacleb, evangelista de la Asociaci\u00f3n Central de California.<\/p>\n<p>Se espera que este jueves, el Congreso de la Asociaci\u00f3n General comience a redondear los temas de agenda. Cualquier \u00edtem a\u00fan no resuelto ser\u00e1 analizado durante las asambleas de la ma\u00f1ana y la tarde.<\/p>\n<p>Se espera que la comisi\u00f3n de nombramientos nombre a los auditores de la Asociaci\u00f3n General y al equipo de liderazgo de la Asociaci\u00f3n Ministerial.<\/p>\n<p>En horario vespertino, se escuchar\u00e1n los informes de la Divisi\u00f3n Sudasi\u00e1tica (SUD), la Divisi\u00f3n Transeuropea (TED), y la Divisi\u00f3n de \u00c1frica Centro Occidental (WAD).<\/p>\n<p><strong>D\u00eda 9: Viernes 10 de julio<\/strong><\/p>\n<p><strong><\/strong>Devocional matutino: \u201cAl fin en casa: El gozo y la plenitud de su regreso\u201d, a cargo de Ron Smith, presidente de la Uni\u00f3n del Sur en la Divisi\u00f3n Norteamericana.<\/p>\n<p>Este \u00faltimo d\u00eda de asambleas quedar\u00e1 abierto para tratar cualquier tema de agenda que a\u00fan est\u00e9 pendiente.<\/p>\n<p>\u201cSi terminamos temprano los puntos de agenda, podr\u00edamos organizar momentos especiales de oraci\u00f3n\u201d, dijo Iseminger.<\/p>\n<p><strong>D\u00eda 10: S\u00e1bado 11 de julio<\/strong><\/p>\n<p><strong><\/strong>Se recoger\u00e1 una ofrenda misionera especial durante el culto de adoraci\u00f3n del s\u00e1bado, para financiar miles de proyectos misioneros j\u00f3venes en diversas partes del mundo.<\/p>\n<p>El mensaje del s\u00e1bado a las 11.00 estar\u00e1 a cargo del presidente electo de la Asociaci\u00f3n General.<\/p>\n<p>Los presentes ser\u00e1n invitados a asistir a un programa por la tarde titulado \u201cLa iglesia en misi\u00f3n\u201d.<\/p>\n<p>El programa vespertino de cierre es \u201cLa misi\u00f3n en movimiento\u201d, conocido antes como \u201cEl desfile de las naciones\u201d.<\/p>\n<p>\u201cSiempre ha sido el cl\u00edmax del congreso, el momento en que los delegados representan a sus pa\u00edses en ropas coloridas\u201d, dijo Iseminger. \u201cEl cambio de nombre para este congreso representa un cambio de \u00e9nfasis, para pasar del patriotismo por el pa\u00eds propio a un \u00e9nfasis en la misi\u00f3n. El programa repasar\u00e1 por d\u00e9cadas cu\u00e1ndo fueron bautizados los primeros creyentes adventistas en cada pa\u00eds, y destacar\u00e1 los desaf\u00edos misioneros a\u00fan presentes\u201d.<\/p>\n<p><em>Traducci\u00f3n de Marcos Paseggi<\/em><\/p>\n","protected":false},"excerpt":{"rendered":"<p>El 60\u00b0 Congreso de la Asociaci\u00f3n General ofrecer\u00e1 varias cosas por primera vez: el voto electr\u00f3nico, una aplicaci\u00f3n para dispositivos m\u00f3viles, una agenda electr\u00f3nica para los delegados y, lo que resulta m\u00e1s crucial para el resto de nosotros, la oportunidad de repasar la agenda de antemano. <\/p>\n<p>Por lo general, la Secretar\u00eda de la Asociaci\u00f3n General, que fija la agenda, brinda la informaci\u00f3n solo a los delegados.<\/p>\n","protected":false},"author":1,"featured_media":25381,"comment_status":"closed","ping_status":"closed","sticky":false,"template":"","format":"standard","meta":{"_acf_changed":false,"footnotes":""},"categories":[14,15],"tags":[],"class_list":["post-30838","post","type-post","status-publish","format-standard","has-post-thumbnail","hentry","category-de-la-iglesia-mundial","category-rss-espanol"],"acf":[],"yoast_head":"<!-- This site is optimized with the Yoast SEO plugin v27.3 - https:\/\/yoast.com\/product\/yoast-seo-wordpress\/ -->\n<title>Una gu\u00eda de la agenda del Congreso de la Asociaci\u00f3n General - Iglesia Adventista del S\u00e9ptimo D\u00eda - Divisi\u00f3n Interamericana<\/title>\n<meta name=\"robots\" content=\"index, follow, max-snippet:-1, max-image-preview:large, max-video-preview:-1\" \/>\n<link rel=\"canonical\" href=\"https:\/\/interamerica.org\/es\/2015\/05\/una-guia-de-la-agenda-del-congreso-de-la-asociacion-general\/\" \/>\n<meta property=\"og:locale\" content=\"es_ES\" \/>\n<meta property=\"og:type\" content=\"article\" \/>\n<meta property=\"og:title\" content=\"Una gu\u00eda de la agenda del Congreso de la Asociaci\u00f3n General - Iglesia Adventista del S\u00e9ptimo D\u00eda - Divisi\u00f3n Interamericana\" \/>\n<meta property=\"og:description\" content=\"El 60\u00b0 Congreso de la Asociaci\u00f3n General ofrecer\u00e1 varias cosas por primera vez: el voto electr\u00f3nico, una aplicaci\u00f3n para dispositivos m\u00f3viles, una agenda electr\u00f3nica para los delegados y, lo que resulta m\u00e1s crucial para el resto de nosotros, la oportunidad de repasar la agenda de antemano.  Por lo general, la Secretar\u00eda de la Asociaci\u00f3n General, que fija la agenda, brinda la informaci\u00f3n solo a los delegados.\" \/>\n<meta property=\"og:url\" content=\"https:\/\/interamerica.org\/es\/2015\/05\/una-guia-de-la-agenda-del-congreso-de-la-asociacion-general\/\" \/>\n<meta property=\"og:site_name\" content=\"Iglesia Adventista del S\u00e9ptimo D\u00eda - Divisi\u00f3n Interamericana\" \/>\n<meta property=\"article:published_time\" content=\"2015-05-20T04:00:00+00:00\" \/>\n<meta property=\"og:image\" content=\"https:\/\/interamerica.org\/wp-content\/uploads\/2017\/06\/rsz_4736390815_c00abb2460_b.jpg\" \/>\n\t<meta property=\"og:image:width\" content=\"1000\" \/>\n\t<meta property=\"og:image:height\" content=\"499\" \/>\n\t<meta property=\"og:image:type\" content=\"image\/jpeg\" \/>\n<meta name=\"author\" content=\"Lorenzo Verduzco\" \/>\n<meta name=\"twitter:card\" content=\"summary_large_image\" \/>\n<meta name=\"twitter:label1\" content=\"Escrito por\" \/>\n\t<meta name=\"twitter:data1\" content=\"Lorenzo Verduzco\" \/>\n\t<meta name=\"twitter:label2\" content=\"Tiempo de lectura\" \/>\n\t<meta name=\"twitter:data2\" content=\"14 minutos\" \/>\n<script type=\"application\/ld+json\" class=\"yoast-schema-graph\">{\"@context\":\"https:\\\/\\\/schema.org\",\"@graph\":[{\"@type\":\"Article\",\"@id\":\"https:\\\/\\\/interamerica.org\\\/es\\\/2015\\\/05\\\/una-guia-de-la-agenda-del-congreso-de-la-asociacion-general\\\/#article\",\"isPartOf\":{\"@id\":\"https:\\\/\\\/interamerica.org\\\/es\\\/2015\\\/05\\\/una-guia-de-la-agenda-del-congreso-de-la-asociacion-general\\\/\"},\"author\":{\"name\":\"Lorenzo Verduzco\",\"@id\":\"https:\\\/\\\/interamerica.org\\\/es\\\/#\\\/schema\\\/person\\\/68ede8bdc292885bb76c1e3810e73c39\"},\"headline\":\"Una gu\u00eda de la agenda del Congreso de la Asociaci\u00f3n General\",\"datePublished\":\"2015-05-20T04:00:00+00:00\",\"mainEntityOfPage\":{\"@id\":\"https:\\\/\\\/interamerica.org\\\/es\\\/2015\\\/05\\\/una-guia-de-la-agenda-del-congreso-de-la-asociacion-general\\\/\"},\"wordCount\":2759,\"image\":{\"@id\":\"https:\\\/\\\/interamerica.org\\\/es\\\/2015\\\/05\\\/una-guia-de-la-agenda-del-congreso-de-la-asociacion-general\\\/#primaryimage\"},\"thumbnailUrl\":\"https:\\\/\\\/interamerica.org\\\/wp-content\\\/uploads\\\/2017\\\/06\\\/rsz_4736390815_c00abb2460_b.jpg\",\"articleSection\":[\"Desde la iglesia mundial\",\"RSS Espa\u00f1ol\"],\"inLanguage\":\"es\"},{\"@type\":\"WebPage\",\"@id\":\"https:\\\/\\\/interamerica.org\\\/es\\\/2015\\\/05\\\/una-guia-de-la-agenda-del-congreso-de-la-asociacion-general\\\/\",\"url\":\"https:\\\/\\\/interamerica.org\\\/es\\\/2015\\\/05\\\/una-guia-de-la-agenda-del-congreso-de-la-asociacion-general\\\/\",\"name\":\"Una gu\u00eda de la agenda del Congreso de la Asociaci\u00f3n General - Iglesia Adventista del S\u00e9ptimo D\u00eda - Divisi\u00f3n Interamericana\",\"isPartOf\":{\"@id\":\"https:\\\/\\\/interamerica.org\\\/es\\\/#website\"},\"primaryImageOfPage\":{\"@id\":\"https:\\\/\\\/interamerica.org\\\/es\\\/2015\\\/05\\\/una-guia-de-la-agenda-del-congreso-de-la-asociacion-general\\\/#primaryimage\"},\"image\":{\"@id\":\"https:\\\/\\\/interamerica.org\\\/es\\\/2015\\\/05\\\/una-guia-de-la-agenda-del-congreso-de-la-asociacion-general\\\/#primaryimage\"},\"thumbnailUrl\":\"https:\\\/\\\/interamerica.org\\\/wp-content\\\/uploads\\\/2017\\\/06\\\/rsz_4736390815_c00abb2460_b.jpg\",\"datePublished\":\"2015-05-20T04:00:00+00:00\",\"author\":{\"@id\":\"https:\\\/\\\/interamerica.org\\\/es\\\/#\\\/schema\\\/person\\\/68ede8bdc292885bb76c1e3810e73c39\"},\"breadcrumb\":{\"@id\":\"https:\\\/\\\/interamerica.org\\\/es\\\/2015\\\/05\\\/una-guia-de-la-agenda-del-congreso-de-la-asociacion-general\\\/#breadcrumb\"},\"inLanguage\":\"es\",\"potentialAction\":[{\"@type\":\"ReadAction\",\"target\":[\"https:\\\/\\\/interamerica.org\\\/es\\\/2015\\\/05\\\/una-guia-de-la-agenda-del-congreso-de-la-asociacion-general\\\/\"]}]},{\"@type\":\"ImageObject\",\"inLanguage\":\"es\",\"@id\":\"https:\\\/\\\/interamerica.org\\\/es\\\/2015\\\/05\\\/una-guia-de-la-agenda-del-congreso-de-la-asociacion-general\\\/#primaryimage\",\"url\":\"https:\\\/\\\/interamerica.org\\\/wp-content\\\/uploads\\\/2017\\\/06\\\/rsz_4736390815_c00abb2460_b.jpg\",\"contentUrl\":\"https:\\\/\\\/interamerica.org\\\/wp-content\\\/uploads\\\/2017\\\/06\\\/rsz_4736390815_c00abb2460_b.jpg\",\"width\":1000,\"height\":499},{\"@type\":\"BreadcrumbList\",\"@id\":\"https:\\\/\\\/interamerica.org\\\/es\\\/2015\\\/05\\\/una-guia-de-la-agenda-del-congreso-de-la-asociacion-general\\\/#breadcrumb\",\"itemListElement\":[{\"@type\":\"ListItem\",\"position\":1,\"name\":\"Home\",\"item\":\"https:\\\/\\\/interamerica.org\\\/es\\\/\"},{\"@type\":\"ListItem\",\"position\":2,\"name\":\"Una gu\u00eda de la agenda del Congreso de la Asociaci\u00f3n General\"}]},{\"@type\":\"WebSite\",\"@id\":\"https:\\\/\\\/interamerica.org\\\/es\\\/#website\",\"url\":\"https:\\\/\\\/interamerica.org\\\/es\\\/\",\"name\":\"Iglesia Adventista del S\u00e9ptimo D\u00eda - Divisi\u00f3n Interamericana\",\"description\":\"\",\"potentialAction\":[{\"@type\":\"SearchAction\",\"target\":{\"@type\":\"EntryPoint\",\"urlTemplate\":\"https:\\\/\\\/interamerica.org\\\/es\\\/?s={search_term_string}\"},\"query-input\":{\"@type\":\"PropertyValueSpecification\",\"valueRequired\":true,\"valueName\":\"search_term_string\"}}],\"inLanguage\":\"es\"},{\"@type\":\"Person\",\"@id\":\"https:\\\/\\\/interamerica.org\\\/es\\\/#\\\/schema\\\/person\\\/68ede8bdc292885bb76c1e3810e73c39\",\"name\":\"Lorenzo Verduzco\",\"image\":{\"@type\":\"ImageObject\",\"inLanguage\":\"es\",\"@id\":\"https:\\\/\\\/secure.gravatar.com\\\/avatar\\\/fb81a55b6218459490a9c1dc841a34909185b81904c5337b4b27f7a6fd60c49e?s=96&d=mm&r=g\",\"url\":\"https:\\\/\\\/secure.gravatar.com\\\/avatar\\\/fb81a55b6218459490a9c1dc841a34909185b81904c5337b4b27f7a6fd60c49e?s=96&d=mm&r=g\",\"contentUrl\":\"https:\\\/\\\/secure.gravatar.com\\\/avatar\\\/fb81a55b6218459490a9c1dc841a34909185b81904c5337b4b27f7a6fd60c49e?s=96&d=mm&r=g\",\"caption\":\"Lorenzo Verduzco\"}}]}<\/script>\n<!-- \/ Yoast SEO plugin. -->","yoast_head_json":{"title":"Una gu\u00eda de la agenda del Congreso de la Asociaci\u00f3n General - Iglesia Adventista del S\u00e9ptimo D\u00eda - Divisi\u00f3n Interamericana","robots":{"index":"index","follow":"follow","max-snippet":"max-snippet:-1","max-image-preview":"max-image-preview:large","max-video-preview":"max-video-preview:-1"},"canonical":"https:\/\/interamerica.org\/es\/2015\/05\/una-guia-de-la-agenda-del-congreso-de-la-asociacion-general\/","og_locale":"es_ES","og_type":"article","og_title":"Una gu\u00eda de la agenda del Congreso de la Asociaci\u00f3n General - Iglesia Adventista del S\u00e9ptimo D\u00eda - Divisi\u00f3n Interamericana","og_description":"El 60\u00b0 Congreso de la Asociaci\u00f3n General ofrecer\u00e1 varias cosas por primera vez: el voto electr\u00f3nico, una aplicaci\u00f3n para dispositivos m\u00f3viles, una agenda electr\u00f3nica para los delegados y, lo que resulta m\u00e1s crucial para el resto de nosotros, la oportunidad de repasar la agenda de antemano.  Por lo general, la Secretar\u00eda de la Asociaci\u00f3n General, que fija la agenda, brinda la informaci\u00f3n solo a los delegados.","og_url":"https:\/\/interamerica.org\/es\/2015\/05\/una-guia-de-la-agenda-del-congreso-de-la-asociacion-general\/","og_site_name":"Iglesia Adventista del S\u00e9ptimo D\u00eda - Divisi\u00f3n Interamericana","article_published_time":"2015-05-20T04:00:00+00:00","og_image":[{"width":1000,"height":499,"url":"https:\/\/interamerica.org\/wp-content\/uploads\/2017\/06\/rsz_4736390815_c00abb2460_b.jpg","type":"image\/jpeg"}],"author":"Lorenzo Verduzco","twitter_card":"summary_large_image","twitter_misc":{"Escrito por":"Lorenzo Verduzco","Tiempo de lectura":"14 minutos"},"schema":{"@context":"https:\/\/schema.org","@graph":[{"@type":"Article","@id":"https:\/\/interamerica.org\/es\/2015\/05\/una-guia-de-la-agenda-del-congreso-de-la-asociacion-general\/#article","isPartOf":{"@id":"https:\/\/interamerica.org\/es\/2015\/05\/una-guia-de-la-agenda-del-congreso-de-la-asociacion-general\/"},"author":{"name":"Lorenzo Verduzco","@id":"https:\/\/interamerica.org\/es\/#\/schema\/person\/68ede8bdc292885bb76c1e3810e73c39"},"headline":"Una gu\u00eda de la agenda del Congreso de la Asociaci\u00f3n General","datePublished":"2015-05-20T04:00:00+00:00","mainEntityOfPage":{"@id":"https:\/\/interamerica.org\/es\/2015\/05\/una-guia-de-la-agenda-del-congreso-de-la-asociacion-general\/"},"wordCount":2759,"image":{"@id":"https:\/\/interamerica.org\/es\/2015\/05\/una-guia-de-la-agenda-del-congreso-de-la-asociacion-general\/#primaryimage"},"thumbnailUrl":"https:\/\/interamerica.org\/wp-content\/uploads\/2017\/06\/rsz_4736390815_c00abb2460_b.jpg","articleSection":["Desde la iglesia mundial","RSS Espa\u00f1ol"],"inLanguage":"es"},{"@type":"WebPage","@id":"https:\/\/interamerica.org\/es\/2015\/05\/una-guia-de-la-agenda-del-congreso-de-la-asociacion-general\/","url":"https:\/\/interamerica.org\/es\/2015\/05\/una-guia-de-la-agenda-del-congreso-de-la-asociacion-general\/","name":"Una gu\u00eda de la agenda del Congreso de la Asociaci\u00f3n General - Iglesia Adventista del S\u00e9ptimo D\u00eda - Divisi\u00f3n Interamericana","isPartOf":{"@id":"https:\/\/interamerica.org\/es\/#website"},"primaryImageOfPage":{"@id":"https:\/\/interamerica.org\/es\/2015\/05\/una-guia-de-la-agenda-del-congreso-de-la-asociacion-general\/#primaryimage"},"image":{"@id":"https:\/\/interamerica.org\/es\/2015\/05\/una-guia-de-la-agenda-del-congreso-de-la-asociacion-general\/#primaryimage"},"thumbnailUrl":"https:\/\/interamerica.org\/wp-content\/uploads\/2017\/06\/rsz_4736390815_c00abb2460_b.jpg","datePublished":"2015-05-20T04:00:00+00:00","author":{"@id":"https:\/\/interamerica.org\/es\/#\/schema\/person\/68ede8bdc292885bb76c1e3810e73c39"},"breadcrumb":{"@id":"https:\/\/interamerica.org\/es\/2015\/05\/una-guia-de-la-agenda-del-congreso-de-la-asociacion-general\/#breadcrumb"},"inLanguage":"es","potentialAction":[{"@type":"ReadAction","target":["https:\/\/interamerica.org\/es\/2015\/05\/una-guia-de-la-agenda-del-congreso-de-la-asociacion-general\/"]}]},{"@type":"ImageObject","inLanguage":"es","@id":"https:\/\/interamerica.org\/es\/2015\/05\/una-guia-de-la-agenda-del-congreso-de-la-asociacion-general\/#primaryimage","url":"https:\/\/interamerica.org\/wp-content\/uploads\/2017\/06\/rsz_4736390815_c00abb2460_b.jpg","contentUrl":"https:\/\/interamerica.org\/wp-content\/uploads\/2017\/06\/rsz_4736390815_c00abb2460_b.jpg","width":1000,"height":499},{"@type":"BreadcrumbList","@id":"https:\/\/interamerica.org\/es\/2015\/05\/una-guia-de-la-agenda-del-congreso-de-la-asociacion-general\/#breadcrumb","itemListElement":[{"@type":"ListItem","position":1,"name":"Home","item":"https:\/\/interamerica.org\/es\/"},{"@type":"ListItem","position":2,"name":"Una gu\u00eda de la agenda del Congreso de la Asociaci\u00f3n General"}]},{"@type":"WebSite","@id":"https:\/\/interamerica.org\/es\/#website","url":"https:\/\/interamerica.org\/es\/","name":"Iglesia Adventista del S\u00e9ptimo D\u00eda - Divisi\u00f3n Interamericana","description":"","potentialAction":[{"@type":"SearchAction","target":{"@type":"EntryPoint","urlTemplate":"https:\/\/interamerica.org\/es\/?s={search_term_string}"},"query-input":{"@type":"PropertyValueSpecification","valueRequired":true,"valueName":"search_term_string"}}],"inLanguage":"es"},{"@type":"Person","@id":"https:\/\/interamerica.org\/es\/#\/schema\/person\/68ede8bdc292885bb76c1e3810e73c39","name":"Lorenzo Verduzco","image":{"@type":"ImageObject","inLanguage":"es","@id":"https:\/\/secure.gravatar.com\/avatar\/fb81a55b6218459490a9c1dc841a34909185b81904c5337b4b27f7a6fd60c49e?s=96&d=mm&r=g","url":"https:\/\/secure.gravatar.com\/avatar\/fb81a55b6218459490a9c1dc841a34909185b81904c5337b4b27f7a6fd60c49e?s=96&d=mm&r=g","contentUrl":"https:\/\/secure.gravatar.com\/avatar\/fb81a55b6218459490a9c1dc841a34909185b81904c5337b4b27f7a6fd60c49e?s=96&d=mm&r=g","caption":"Lorenzo Verduzco"}}]}},"_links":{"self":[{"href":"https:\/\/interamerica.org\/es\/wp-json\/wp\/v2\/posts\/30838","targetHints":{"allow":["GET"]}}],"collection":[{"href":"https:\/\/interamerica.org\/es\/wp-json\/wp\/v2\/posts"}],"about":[{"href":"https:\/\/interamerica.org\/es\/wp-json\/wp\/v2\/types\/post"}],"author":[{"embeddable":true,"href":"https:\/\/interamerica.org\/es\/wp-json\/wp\/v2\/users\/1"}],"replies":[{"embeddable":true,"href":"https:\/\/interamerica.org\/es\/wp-json\/wp\/v2\/comments?post=30838"}],"version-history":[{"count":0,"href":"https:\/\/interamerica.org\/es\/wp-json\/wp\/v2\/posts\/30838\/revisions"}],"wp:featuredmedia":[{"embeddable":true,"href":"https:\/\/interamerica.org\/es\/wp-json\/wp\/v2\/media\/25381"}],"wp:attachment":[{"href":"https:\/\/interamerica.org\/es\/wp-json\/wp\/v2\/media?parent=30838"}],"wp:term":[{"taxonomy":"category","embeddable":true,"href":"https:\/\/interamerica.org\/es\/wp-json\/wp\/v2\/categories?post=30838"},{"taxonomy":"post_tag","embeddable":true,"href":"https:\/\/interamerica.org\/es\/wp-json\/wp\/v2\/tags?post=30838"}],"curies":[{"name":"wp","href":"https:\/\/api.w.org\/{rel}","templated":true}]}}