{"id":30840,"date":"2015-05-21T00:00:00","date_gmt":"2015-05-21T04:00:00","guid":{"rendered":"http:\/\/192.81.217.108\/interamerica\/2015\/05\/adventistas-celebran-el-dia-de-la-madre-con-la-jamaiquina-de-mayor-edad\/"},"modified":"2015-05-21T00:00:00","modified_gmt":"2015-05-21T04:00:00","slug":"adventistas-celebran-el-dia-de-la-madre-con-la-jamaiquina-de-mayor-edad","status":"publish","type":"post","link":"https:\/\/interamerica.org\/es\/2015\/05\/adventistas-celebran-el-dia-de-la-madre-con-la-jamaiquina-de-mayor-edad\/","title":{"rendered":"Adventistas celebran el \u00abD\u00eda de la Madre\u00bb con la jamaiquina de mayor edad"},"content":{"rendered":"<p>20 de mayo de 2015 | Trelawny, Jamaica | Dyhann Buddoo-Fletcher\/DIA<\/p>\n<div id=\"attachment_17111\" style=\"width: 330px\" class=\"wp-caption alignright\"><a href=\"\/interamerica\/wp-content\/uploads\/2017\/06\/Carlington-PRESENTS-Viola.png\" rel=\"fancybox\" title=\"Adventistas celebran el \"D\u00eda de la Madre\" con la jamaiquina de mayor edad\"><img fetchpriority=\"high\" decoding=\"async\" aria-describedby=\"caption-attachment-17111\" class=\" wp-image-17111 \" src=\"\/interamerica\/wp-content\/uploads\/2017\/06\/Carlington-PRESENTS-Viola.png\" alt=\"\" width=\"320\" height=\"254\" \/><\/a><p id=\"caption-attachment-17111\" class=\"wp-caption-text\">Violet Moss Brown, que tiene 115 a\u00f1os, recibe una placa de parte del pastor Carlington Hylton, director de servicios comunitarios de la Iglesia Adventista en la regi\u00f3n Norte de Jamaica, durante una visita especial con motivo del \u00abD\u00eda de la Madre\u00bb a la supercentenaria en Trelawny, el pasado 10 de mayo de 2015. Im\u00e1genes de Dyhann Buddoo-Fletcher\/DIA<\/p><\/div>\n<p>Violet Moss Brown, la jamaiquina de mayor edad recibi\u00f3 a un grupo de adventistas al que dej\u00f3 fascinado con historias centenarias, en un d\u00eda en que celebraron el \u00abD\u00eda de la Madre\u00bb y alabaron a Dios por su larga vida.<\/p>\n<p>Unas veinte personas, provenientes de la iglesia adventista de Duanvale, en Trelawny (la misma comunidad donde naci\u00f3n la se\u00f1ora Moss Brown), quedaron maravillados por su ingenio y rapidez de mente. El grupo ten\u00eda como prioridad hacerse presente en su hogar el pasado 10 de mayo de 2015, llevando presentes de aprecio, palabras de esperanza, c\u00e1nticos y oraciones.<\/p>\n<p>\u00abLlegamos un d\u00eda antes, pero estamos aqu\u00ed para desearle un muy feliz &#8216;D\u00eda de la Madre&#8217; y tambi\u00e9n un muy feliz cumplea\u00f1os atrasado\u00bb, dijo el pastor Carlington Hylton, director de servicios comunitarios de la Iglesia Adventista en la regi\u00f3n Norte de Jamaica, quien le entreg\u00f3 una placa. \u00abUsted ha tenido una vida extraordinaria. La bendici\u00f3n de Dios est\u00e1 sobre usted, y no hay dudas de que es una inspiraci\u00f3n para todos\u00bb, sigui\u00f3 diciendo Hylton.<\/p>\n<p>La se\u00f1ora Moss Brown, que es descrita como la supercentenaria de Jamaica, fue una de los cuatro hijos nacidos en el hogar de John Moss y Elizabeth Riley, quien falleci\u00f3 a los 96 a\u00f1os. En 2014, el Grupo de Investigaciones en Gerontolog\u00eda reconoci\u00f3 el 10 de marzo de 1900 como su fecha de nacimiento. En el pasado, se debat\u00edan entre tres fechas, a saber, el 4, 10 y 15 de marzo de 1900. Asimismo, en su cumplea\u00f1os de este a\u00f1o, fue saludada por la reina Isabel II por alcanzar los 155 a\u00f1os, lo que la confirma como la persona m\u00e1s longeva de Jamaica, y al pa\u00eds como la naci\u00f3n m\u00e1s peque\u00f1a en tener una persona de semejante edad. Desde entonces, ha pasado de ser la sexta a ser la cuarta persona de m\u00e1s edad en todo el mundo.<\/p>\n<div id=\"attachment_17113\" style=\"width: 330px\" class=\"wp-caption alignleft\"><a href=\"\/interamerica\/wp-content\/uploads\/2017\/06\/prays-with-pastors.png\" rel=\"fancybox\" title=\"Adventistas celebran el \"D\u00eda de la Madre\" con la jamaiquina de mayor edad\"><img decoding=\"async\" aria-describedby=\"caption-attachment-17113\" class=\" wp-image-17113 \" src=\"\/interamerica\/wp-content\/uploads\/2017\/06\/prays-with-pastors.png\" alt=\"\" width=\"320\" height=\"214\" \/><\/a><p id=\"caption-attachment-17113\" class=\"wp-caption-text\">La se\u00f1ora Violet Moss Brown, ora por el pastor Carlington Hylton (izquierda), el pastor Tavaughn Thomas (derecha) y el resto de los feligreses adventistas que fueron a visitarla.<\/p><\/div>\n<p>En el presente, su hijo mayor, Harold Fairweather, tiene 95 a\u00f1os, y se dice que es el \u00abhijo vivo de mayor edad\u00bb del mundo que a\u00fan tiene su progenitor. Fairweather dijo: \u00abMam\u00e1 tuvo seis hijos (cuatro varones y dos ni\u00f1as), pero uno de los varones falleci\u00f3. Y hay tres generaciones de nietos, bisnietos y tataranietos; son demasiados para contarlos, y viven en diversas partes del mundo\u00bb.<\/p>\n<p>Moss Brown, a quien se conoce afectuosamente como la T\u00eda V., dijo que fue bautizada a los 13 a\u00f1os en la Iglesia Bautista de Duanvale. \u00abY ese d\u00eda tuve que recitar Salmos 119:133\u00bb, se jact\u00f3. Moss Brown lleg\u00f3 a ser organista de la iglesia, y tambi\u00e9n ocup\u00f3 otros cargos. Relata su experiencia como granjera, y recuerda caminar junto con su esposo desde Duanvale hasta otro pueblo para vender los productos agr\u00edcolas.<\/p>\n<p>En un momento durante el encuentro, cuando la T\u00eda V. reconoci\u00f3 que a su lado estaban dos pastores adventistas, dijo: \u00abTodos leemos la misma Biblia e iremos al mismo lugar, porque mil veces diez mil veces, nos encontraremos con \u00e9l\u00bb. Y acto seguido comenz\u00f3 a orar: \u00abPadre todopoderoso, te pido que bendigas y guardes a estas personas que han venido aqu\u00ed. Am\u00e9n\u00bb.<\/p>\n<p>\u00abEsta tarde todos somos bendecidos por escuchar la oraci\u00f3n de esta anciana de 115 a\u00f1os. \u00a1Qu\u00e9 bendici\u00f3n!\u00bb, enfatiz\u00f3 el pastor Hylton.<\/p>\n<p>Cuando se le pregunt\u00f3 que puede haber contribuido a su larga vida, la mujer que afirma no tener problemas de salud respondi\u00f3: \u00abTrabajo duro y buenos alimentos\u00bb.<\/p>\n<div id=\"attachment_17112\" style=\"width: 330px\" class=\"wp-caption alignleft\"><a href=\"\/interamerica\/wp-content\/uploads\/2017\/06\/Viola-laughing.png\" rel=\"fancybox\" title=\"Adventistas celebran el \"D\u00eda de la Madre\" con la jamaiquina de mayor edad\"><img decoding=\"async\" aria-describedby=\"caption-attachment-17112\" class=\" wp-image-17112 \" src=\"\/interamerica\/wp-content\/uploads\/2017\/06\/Viola-laughing.png\" alt=\"\" width=\"320\" height=\"214\" \/><\/a><p id=\"caption-attachment-17112\" class=\"wp-caption-text\">Hyacinth Harrison, una integrante de la comunidad, deja escapar una carcajada miembras dialoga con la T\u00eda V., durante la visita que junto con otros adventistas le hicieron hace poco.<\/p><\/div>\n<p>El pastor Tavaughn Thomas, de la iglesia adventista Duanvale, le dese\u00f3 a la T\u00eda V. muchas m\u00e1s bendiciones. \u00abFue un placer estar aqu\u00ed con usted, y le agradezco por habernos abierto las puertas. Le deseo un feliz &#8216;D\u00eda de la Madre&#8217;, y que cumpla muchos a\u00f1os m\u00e1s\u00bb.<\/p>\n<p>\u00abNo, no, no\u00bb, la interrumpi\u00f3 la T\u00eda V., lo que produjo a\u00fan m\u00e1s risas. \u00abRecuerden\u00bb, dijo, y comenz\u00f3 otra vez a recitar: \u00abEstoy un d\u00eda m\u00e1s d\u00e9bil, un d\u00eda m\u00e1s vieja, y un d\u00eda m\u00e1s cerca\u00bb.<\/p>\n<p>El pastor Thomas sigui\u00f3 diciendo: \u00abPero mi m\u00e1s grande deseo para usted, es que sea fiel a Dios, para que cuando \u00e9l regreso, pueda escuchar que \u00e9l le dice: &#8216;Bien hecho, buena sierva y fiel&#8217;. Cuando Jes\u00fas dice eso, sus 115 a\u00f1os valdr\u00e1n la pena despu\u00e9s de todo\u00bb.<\/p>\n<p>El se\u00f1or Dunstan Harper, Encargado de la Divisi\u00f3n de Sherwood del Partido Laborista de Jamaica en Trelawny, felicit\u00f3 a los miembros de la Iglesia Adventista que visitaron a la T\u00eda V. \u00abEs algo maravilloso saber que la Iglesia Adventista se ha tomado el tiempo de desearle un bendecido &#8216;D\u00eda de la Madre&#8217; por anticipado y de felicitarla por este hito. Usted sigue diciendo que est\u00e1 un d\u00eda m\u00e1s d\u00e9bil, un d\u00eda m\u00e1s vieja y un d\u00eda m\u00e1s cerca. A pesar de ello, es nuestro Padre celestial el que le dar\u00e1 la fuerza diaria para seguir adelante\u00bb.<\/p>\n<p><em>Traducci\u00f3n de Marcos Paseggi<\/em><\/p>\n","protected":false},"excerpt":{"rendered":"<p>Violet Moss Brown, la jamaiquina de mayor edad recibi\u00f3 a un grupo de adventistas al que dej\u00f3 fascinado con historias centenarias, en un d\u00eda en que celebraron el \u00abD\u00eda de la Madre\u00bb y alabaron a Dios por su larga vida. <\/p>\n<p>Unas veinte personas, provenientes de la iglesia adventista de Duanvale, en Trelawny (la misma comunidad donde naci\u00f3n la se\u00f1ora Moss Brown), quedaron maravillados por su ingenio y rapidez de mente. El grupo ten\u00eda como prioridad hacerse presente en su hogar el pasado 10 de mayo de 2015, llevando presentes de aprecio, palabras de esperanza, c\u00e1nticos y oraciones.<\/p>\n","protected":false},"author":1,"featured_media":25407,"comment_status":"closed","ping_status":"closed","sticky":false,"template":"","format":"standard","meta":{"_acf_changed":false,"footnotes":""},"categories":[17,15],"tags":[],"class_list":["post-30840","post","type-post","status-publish","format-standard","has-post-thumbnail","hentry","category-desde-el-campo","category-rss-espanol"],"acf":[],"yoast_head":"<!-- This site is optimized with the Yoast SEO plugin v27.3 - https:\/\/yoast.com\/product\/yoast-seo-wordpress\/ -->\n<title>Adventistas celebran el &quot;D\u00eda de la Madre&quot; con la jamaiquina de mayor edad - Iglesia Adventista del S\u00e9ptimo D\u00eda - Divisi\u00f3n Interamericana<\/title>\n<meta name=\"robots\" content=\"index, follow, max-snippet:-1, max-image-preview:large, max-video-preview:-1\" \/>\n<link rel=\"canonical\" href=\"https:\/\/interamerica.org\/es\/2015\/05\/adventistas-celebran-el-dia-de-la-madre-con-la-jamaiquina-de-mayor-edad\/\" \/>\n<meta property=\"og:locale\" content=\"es_ES\" \/>\n<meta property=\"og:type\" content=\"article\" \/>\n<meta property=\"og:title\" content=\"Adventistas celebran el &quot;D\u00eda de la Madre&quot; con la jamaiquina de mayor edad - Iglesia Adventista del S\u00e9ptimo D\u00eda - Divisi\u00f3n Interamericana\" \/>\n<meta property=\"og:description\" content=\"Violet Moss Brown, la jamaiquina de mayor edad recibi\u00f3 a un grupo de adventistas al que dej\u00f3 fascinado con historias centenarias, en un d\u00eda en que celebraron el &quot;D\u00eda de la Madre&quot; y alabaron a Dios por su larga vida.  Unas veinte personas, provenientes de la iglesia adventista de Duanvale, en Trelawny (la misma comunidad donde naci\u00f3n la se\u00f1ora Moss Brown), quedaron maravillados por su ingenio y rapidez de mente. El grupo ten\u00eda como prioridad hacerse presente en su hogar el pasado 10 de mayo de 2015, llevando presentes de aprecio, palabras de esperanza, c\u00e1nticos y oraciones.\" \/>\n<meta property=\"og:url\" content=\"https:\/\/interamerica.org\/es\/2015\/05\/adventistas-celebran-el-dia-de-la-madre-con-la-jamaiquina-de-mayor-edad\/\" \/>\n<meta property=\"og:site_name\" content=\"Iglesia Adventista del S\u00e9ptimo D\u00eda - Divisi\u00f3n Interamericana\" \/>\n<meta property=\"article:published_time\" content=\"2015-05-21T04:00:00+00:00\" \/>\n<meta property=\"og:image\" content=\"https:\/\/interamerica.org\/wp-content\/uploads\/2017\/06\/Viola-laughing.png\" \/>\n\t<meta property=\"og:image:width\" content=\"400\" \/>\n\t<meta property=\"og:image:height\" content=\"268\" \/>\n\t<meta property=\"og:image:type\" content=\"image\/png\" \/>\n<meta name=\"author\" content=\"Lorenzo Verduzco\" \/>\n<meta name=\"twitter:card\" content=\"summary_large_image\" \/>\n<meta name=\"twitter:label1\" content=\"Escrito por\" \/>\n\t<meta name=\"twitter:data1\" content=\"Lorenzo Verduzco\" \/>\n\t<meta name=\"twitter:label2\" content=\"Tiempo de lectura\" \/>\n\t<meta name=\"twitter:data2\" content=\"5 minutos\" \/>\n<script type=\"application\/ld+json\" class=\"yoast-schema-graph\">{\"@context\":\"https:\\\/\\\/schema.org\",\"@graph\":[{\"@type\":\"Article\",\"@id\":\"https:\\\/\\\/interamerica.org\\\/es\\\/2015\\\/05\\\/adventistas-celebran-el-dia-de-la-madre-con-la-jamaiquina-de-mayor-edad\\\/#article\",\"isPartOf\":{\"@id\":\"https:\\\/\\\/interamerica.org\\\/es\\\/2015\\\/05\\\/adventistas-celebran-el-dia-de-la-madre-con-la-jamaiquina-de-mayor-edad\\\/\"},\"author\":{\"name\":\"Lorenzo Verduzco\",\"@id\":\"https:\\\/\\\/interamerica.org\\\/es\\\/#\\\/schema\\\/person\\\/68ede8bdc292885bb76c1e3810e73c39\"},\"headline\":\"Adventistas celebran el \u00abD\u00eda de la Madre\u00bb con la jamaiquina de mayor edad\",\"datePublished\":\"2015-05-21T04:00:00+00:00\",\"mainEntityOfPage\":{\"@id\":\"https:\\\/\\\/interamerica.org\\\/es\\\/2015\\\/05\\\/adventistas-celebran-el-dia-de-la-madre-con-la-jamaiquina-de-mayor-edad\\\/\"},\"wordCount\":1003,\"image\":{\"@id\":\"https:\\\/\\\/interamerica.org\\\/es\\\/2015\\\/05\\\/adventistas-celebran-el-dia-de-la-madre-con-la-jamaiquina-de-mayor-edad\\\/#primaryimage\"},\"thumbnailUrl\":\"https:\\\/\\\/interamerica.org\\\/wp-content\\\/uploads\\\/2017\\\/06\\\/Viola-laughing.png\",\"articleSection\":[\"Desde el campo\",\"RSS Espa\u00f1ol\"],\"inLanguage\":\"es\"},{\"@type\":\"WebPage\",\"@id\":\"https:\\\/\\\/interamerica.org\\\/es\\\/2015\\\/05\\\/adventistas-celebran-el-dia-de-la-madre-con-la-jamaiquina-de-mayor-edad\\\/\",\"url\":\"https:\\\/\\\/interamerica.org\\\/es\\\/2015\\\/05\\\/adventistas-celebran-el-dia-de-la-madre-con-la-jamaiquina-de-mayor-edad\\\/\",\"name\":\"Adventistas celebran el \\\"D\u00eda de la Madre\\\" con la jamaiquina de mayor edad - Iglesia Adventista del S\u00e9ptimo D\u00eda - Divisi\u00f3n Interamericana\",\"isPartOf\":{\"@id\":\"https:\\\/\\\/interamerica.org\\\/es\\\/#website\"},\"primaryImageOfPage\":{\"@id\":\"https:\\\/\\\/interamerica.org\\\/es\\\/2015\\\/05\\\/adventistas-celebran-el-dia-de-la-madre-con-la-jamaiquina-de-mayor-edad\\\/#primaryimage\"},\"image\":{\"@id\":\"https:\\\/\\\/interamerica.org\\\/es\\\/2015\\\/05\\\/adventistas-celebran-el-dia-de-la-madre-con-la-jamaiquina-de-mayor-edad\\\/#primaryimage\"},\"thumbnailUrl\":\"https:\\\/\\\/interamerica.org\\\/wp-content\\\/uploads\\\/2017\\\/06\\\/Viola-laughing.png\",\"datePublished\":\"2015-05-21T04:00:00+00:00\",\"author\":{\"@id\":\"https:\\\/\\\/interamerica.org\\\/es\\\/#\\\/schema\\\/person\\\/68ede8bdc292885bb76c1e3810e73c39\"},\"breadcrumb\":{\"@id\":\"https:\\\/\\\/interamerica.org\\\/es\\\/2015\\\/05\\\/adventistas-celebran-el-dia-de-la-madre-con-la-jamaiquina-de-mayor-edad\\\/#breadcrumb\"},\"inLanguage\":\"es\",\"potentialAction\":[{\"@type\":\"ReadAction\",\"target\":[\"https:\\\/\\\/interamerica.org\\\/es\\\/2015\\\/05\\\/adventistas-celebran-el-dia-de-la-madre-con-la-jamaiquina-de-mayor-edad\\\/\"]}]},{\"@type\":\"ImageObject\",\"inLanguage\":\"es\",\"@id\":\"https:\\\/\\\/interamerica.org\\\/es\\\/2015\\\/05\\\/adventistas-celebran-el-dia-de-la-madre-con-la-jamaiquina-de-mayor-edad\\\/#primaryimage\",\"url\":\"https:\\\/\\\/interamerica.org\\\/wp-content\\\/uploads\\\/2017\\\/06\\\/Viola-laughing.png\",\"contentUrl\":\"https:\\\/\\\/interamerica.org\\\/wp-content\\\/uploads\\\/2017\\\/06\\\/Viola-laughing.png\",\"width\":400,\"height\":268},{\"@type\":\"BreadcrumbList\",\"@id\":\"https:\\\/\\\/interamerica.org\\\/es\\\/2015\\\/05\\\/adventistas-celebran-el-dia-de-la-madre-con-la-jamaiquina-de-mayor-edad\\\/#breadcrumb\",\"itemListElement\":[{\"@type\":\"ListItem\",\"position\":1,\"name\":\"Home\",\"item\":\"https:\\\/\\\/interamerica.org\\\/es\\\/\"},{\"@type\":\"ListItem\",\"position\":2,\"name\":\"Adventistas celebran el \u00abD\u00eda de la Madre\u00bb con la jamaiquina de mayor edad\"}]},{\"@type\":\"WebSite\",\"@id\":\"https:\\\/\\\/interamerica.org\\\/es\\\/#website\",\"url\":\"https:\\\/\\\/interamerica.org\\\/es\\\/\",\"name\":\"Iglesia Adventista del S\u00e9ptimo D\u00eda - Divisi\u00f3n Interamericana\",\"description\":\"\",\"potentialAction\":[{\"@type\":\"SearchAction\",\"target\":{\"@type\":\"EntryPoint\",\"urlTemplate\":\"https:\\\/\\\/interamerica.org\\\/es\\\/?s={search_term_string}\"},\"query-input\":{\"@type\":\"PropertyValueSpecification\",\"valueRequired\":true,\"valueName\":\"search_term_string\"}}],\"inLanguage\":\"es\"},{\"@type\":\"Person\",\"@id\":\"https:\\\/\\\/interamerica.org\\\/es\\\/#\\\/schema\\\/person\\\/68ede8bdc292885bb76c1e3810e73c39\",\"name\":\"Lorenzo Verduzco\",\"image\":{\"@type\":\"ImageObject\",\"inLanguage\":\"es\",\"@id\":\"https:\\\/\\\/secure.gravatar.com\\\/avatar\\\/fb81a55b6218459490a9c1dc841a34909185b81904c5337b4b27f7a6fd60c49e?s=96&d=mm&r=g\",\"url\":\"https:\\\/\\\/secure.gravatar.com\\\/avatar\\\/fb81a55b6218459490a9c1dc841a34909185b81904c5337b4b27f7a6fd60c49e?s=96&d=mm&r=g\",\"contentUrl\":\"https:\\\/\\\/secure.gravatar.com\\\/avatar\\\/fb81a55b6218459490a9c1dc841a34909185b81904c5337b4b27f7a6fd60c49e?s=96&d=mm&r=g\",\"caption\":\"Lorenzo Verduzco\"}}]}<\/script>\n<!-- \/ Yoast SEO plugin. -->","yoast_head_json":{"title":"Adventistas celebran el \"D\u00eda de la Madre\" con la jamaiquina de mayor edad - Iglesia Adventista del S\u00e9ptimo D\u00eda - Divisi\u00f3n Interamericana","robots":{"index":"index","follow":"follow","max-snippet":"max-snippet:-1","max-image-preview":"max-image-preview:large","max-video-preview":"max-video-preview:-1"},"canonical":"https:\/\/interamerica.org\/es\/2015\/05\/adventistas-celebran-el-dia-de-la-madre-con-la-jamaiquina-de-mayor-edad\/","og_locale":"es_ES","og_type":"article","og_title":"Adventistas celebran el \"D\u00eda de la Madre\" con la jamaiquina de mayor edad - Iglesia Adventista del S\u00e9ptimo D\u00eda - Divisi\u00f3n Interamericana","og_description":"Violet Moss Brown, la jamaiquina de mayor edad recibi\u00f3 a un grupo de adventistas al que dej\u00f3 fascinado con historias centenarias, en un d\u00eda en que celebraron el \"D\u00eda de la Madre\" y alabaron a Dios por su larga vida.  Unas veinte personas, provenientes de la iglesia adventista de Duanvale, en Trelawny (la misma comunidad donde naci\u00f3n la se\u00f1ora Moss Brown), quedaron maravillados por su ingenio y rapidez de mente. El grupo ten\u00eda como prioridad hacerse presente en su hogar el pasado 10 de mayo de 2015, llevando presentes de aprecio, palabras de esperanza, c\u00e1nticos y oraciones.","og_url":"https:\/\/interamerica.org\/es\/2015\/05\/adventistas-celebran-el-dia-de-la-madre-con-la-jamaiquina-de-mayor-edad\/","og_site_name":"Iglesia Adventista del S\u00e9ptimo D\u00eda - Divisi\u00f3n Interamericana","article_published_time":"2015-05-21T04:00:00+00:00","og_image":[{"width":400,"height":268,"url":"https:\/\/interamerica.org\/wp-content\/uploads\/2017\/06\/Viola-laughing.png","type":"image\/png"}],"author":"Lorenzo Verduzco","twitter_card":"summary_large_image","twitter_misc":{"Escrito por":"Lorenzo Verduzco","Tiempo de lectura":"5 minutos"},"schema":{"@context":"https:\/\/schema.org","@graph":[{"@type":"Article","@id":"https:\/\/interamerica.org\/es\/2015\/05\/adventistas-celebran-el-dia-de-la-madre-con-la-jamaiquina-de-mayor-edad\/#article","isPartOf":{"@id":"https:\/\/interamerica.org\/es\/2015\/05\/adventistas-celebran-el-dia-de-la-madre-con-la-jamaiquina-de-mayor-edad\/"},"author":{"name":"Lorenzo Verduzco","@id":"https:\/\/interamerica.org\/es\/#\/schema\/person\/68ede8bdc292885bb76c1e3810e73c39"},"headline":"Adventistas celebran el \u00abD\u00eda de la Madre\u00bb con la jamaiquina de mayor edad","datePublished":"2015-05-21T04:00:00+00:00","mainEntityOfPage":{"@id":"https:\/\/interamerica.org\/es\/2015\/05\/adventistas-celebran-el-dia-de-la-madre-con-la-jamaiquina-de-mayor-edad\/"},"wordCount":1003,"image":{"@id":"https:\/\/interamerica.org\/es\/2015\/05\/adventistas-celebran-el-dia-de-la-madre-con-la-jamaiquina-de-mayor-edad\/#primaryimage"},"thumbnailUrl":"https:\/\/interamerica.org\/wp-content\/uploads\/2017\/06\/Viola-laughing.png","articleSection":["Desde el campo","RSS Espa\u00f1ol"],"inLanguage":"es"},{"@type":"WebPage","@id":"https:\/\/interamerica.org\/es\/2015\/05\/adventistas-celebran-el-dia-de-la-madre-con-la-jamaiquina-de-mayor-edad\/","url":"https:\/\/interamerica.org\/es\/2015\/05\/adventistas-celebran-el-dia-de-la-madre-con-la-jamaiquina-de-mayor-edad\/","name":"Adventistas celebran el \"D\u00eda de la Madre\" con la jamaiquina de mayor edad - Iglesia Adventista del S\u00e9ptimo D\u00eda - Divisi\u00f3n Interamericana","isPartOf":{"@id":"https:\/\/interamerica.org\/es\/#website"},"primaryImageOfPage":{"@id":"https:\/\/interamerica.org\/es\/2015\/05\/adventistas-celebran-el-dia-de-la-madre-con-la-jamaiquina-de-mayor-edad\/#primaryimage"},"image":{"@id":"https:\/\/interamerica.org\/es\/2015\/05\/adventistas-celebran-el-dia-de-la-madre-con-la-jamaiquina-de-mayor-edad\/#primaryimage"},"thumbnailUrl":"https:\/\/interamerica.org\/wp-content\/uploads\/2017\/06\/Viola-laughing.png","datePublished":"2015-05-21T04:00:00+00:00","author":{"@id":"https:\/\/interamerica.org\/es\/#\/schema\/person\/68ede8bdc292885bb76c1e3810e73c39"},"breadcrumb":{"@id":"https:\/\/interamerica.org\/es\/2015\/05\/adventistas-celebran-el-dia-de-la-madre-con-la-jamaiquina-de-mayor-edad\/#breadcrumb"},"inLanguage":"es","potentialAction":[{"@type":"ReadAction","target":["https:\/\/interamerica.org\/es\/2015\/05\/adventistas-celebran-el-dia-de-la-madre-con-la-jamaiquina-de-mayor-edad\/"]}]},{"@type":"ImageObject","inLanguage":"es","@id":"https:\/\/interamerica.org\/es\/2015\/05\/adventistas-celebran-el-dia-de-la-madre-con-la-jamaiquina-de-mayor-edad\/#primaryimage","url":"https:\/\/interamerica.org\/wp-content\/uploads\/2017\/06\/Viola-laughing.png","contentUrl":"https:\/\/interamerica.org\/wp-content\/uploads\/2017\/06\/Viola-laughing.png","width":400,"height":268},{"@type":"BreadcrumbList","@id":"https:\/\/interamerica.org\/es\/2015\/05\/adventistas-celebran-el-dia-de-la-madre-con-la-jamaiquina-de-mayor-edad\/#breadcrumb","itemListElement":[{"@type":"ListItem","position":1,"name":"Home","item":"https:\/\/interamerica.org\/es\/"},{"@type":"ListItem","position":2,"name":"Adventistas celebran el \u00abD\u00eda de la Madre\u00bb con la jamaiquina de mayor edad"}]},{"@type":"WebSite","@id":"https:\/\/interamerica.org\/es\/#website","url":"https:\/\/interamerica.org\/es\/","name":"Iglesia Adventista del S\u00e9ptimo D\u00eda - Divisi\u00f3n Interamericana","description":"","potentialAction":[{"@type":"SearchAction","target":{"@type":"EntryPoint","urlTemplate":"https:\/\/interamerica.org\/es\/?s={search_term_string}"},"query-input":{"@type":"PropertyValueSpecification","valueRequired":true,"valueName":"search_term_string"}}],"inLanguage":"es"},{"@type":"Person","@id":"https:\/\/interamerica.org\/es\/#\/schema\/person\/68ede8bdc292885bb76c1e3810e73c39","name":"Lorenzo Verduzco","image":{"@type":"ImageObject","inLanguage":"es","@id":"https:\/\/secure.gravatar.com\/avatar\/fb81a55b6218459490a9c1dc841a34909185b81904c5337b4b27f7a6fd60c49e?s=96&d=mm&r=g","url":"https:\/\/secure.gravatar.com\/avatar\/fb81a55b6218459490a9c1dc841a34909185b81904c5337b4b27f7a6fd60c49e?s=96&d=mm&r=g","contentUrl":"https:\/\/secure.gravatar.com\/avatar\/fb81a55b6218459490a9c1dc841a34909185b81904c5337b4b27f7a6fd60c49e?s=96&d=mm&r=g","caption":"Lorenzo Verduzco"}}]}},"_links":{"self":[{"href":"https:\/\/interamerica.org\/es\/wp-json\/wp\/v2\/posts\/30840","targetHints":{"allow":["GET"]}}],"collection":[{"href":"https:\/\/interamerica.org\/es\/wp-json\/wp\/v2\/posts"}],"about":[{"href":"https:\/\/interamerica.org\/es\/wp-json\/wp\/v2\/types\/post"}],"author":[{"embeddable":true,"href":"https:\/\/interamerica.org\/es\/wp-json\/wp\/v2\/users\/1"}],"replies":[{"embeddable":true,"href":"https:\/\/interamerica.org\/es\/wp-json\/wp\/v2\/comments?post=30840"}],"version-history":[{"count":0,"href":"https:\/\/interamerica.org\/es\/wp-json\/wp\/v2\/posts\/30840\/revisions"}],"wp:featuredmedia":[{"embeddable":true,"href":"https:\/\/interamerica.org\/es\/wp-json\/wp\/v2\/media\/25407"}],"wp:attachment":[{"href":"https:\/\/interamerica.org\/es\/wp-json\/wp\/v2\/media?parent=30840"}],"wp:term":[{"taxonomy":"category","embeddable":true,"href":"https:\/\/interamerica.org\/es\/wp-json\/wp\/v2\/categories?post=30840"},{"taxonomy":"post_tag","embeddable":true,"href":"https:\/\/interamerica.org\/es\/wp-json\/wp\/v2\/tags?post=30840"}],"curies":[{"name":"wp","href":"https:\/\/api.w.org\/{rel}","templated":true}]}}