{"id":30843,"date":"2015-05-28T00:00:00","date_gmt":"2015-05-28T04:00:00","guid":{"rendered":"http:\/\/192.81.217.108\/interamerica\/2015\/05\/en-el-amazonas-miles-celebran-la-libertad-religiosa\/"},"modified":"2015-05-28T00:00:00","modified_gmt":"2015-05-28T04:00:00","slug":"en-el-amazonas-miles-celebran-la-libertad-religiosa","status":"publish","type":"post","link":"https:\/\/interamerica.org\/es\/2015\/05\/en-el-amazonas-miles-celebran-la-libertad-religiosa\/","title":{"rendered":"En el Amazonas, miles celebran la libertad religiosa"},"content":{"rendered":"<p>27 de mayo de 2015 | Bettina Krause, Felipe Lemos, SNA<\/p>\n<div id=\"attachment_17171\" style=\"width: 410px\" class=\"wp-caption alignright\"><a href=\"\/interamerica\/wp-content\/uploads\/2017\/06\/csm_Brazil_Festival_IRLA_6eed8e2882.jpg\" rel=\"fancybox\" title=\"En el Amazonas, miles celebran la libertad religiosa\"><img fetchpriority=\"high\" decoding=\"async\" aria-describedby=\"caption-attachment-17171\" class=\"size-full wp-image-17171\" src=\"\/interamerica\/wp-content\/uploads\/2017\/06\/csm_Brazil_Festival_IRLA_6eed8e2882.jpg\" alt=\"\" width=\"400\" height=\"267\" \/><\/a><p id=\"caption-attachment-17171\" class=\"wp-caption-text\">Imagen por cortes\u00eda de la Divisi\u00f3n Sudamericana\/ANN<\/p><\/div>\n<p>M\u00e1s de siete mil personas se reunieron en Manaos (Brasil), la ciudad m\u00e1s grande de la regi\u00f3n del Amazonas, para agradecer al gobierno por proteger la libertad religiosa. El evento, llevado a cabo el s\u00e1bado 23 de mayo, fue el tercer festival de libertad religiosa llevado a cabo en Brasil, y fue organizado por la sede Sudamericana de la Asociaci\u00f3n Internacional de Libertad Religiosa (IRLA).<\/p>\n<p>El doctor John Graz, secretario general de la IRLA, fue uno de los oradores internacionales durante el festival. Graz dijo que la libertad religiosa a menudo es dada por sentado, y pidi\u00f3 a los oyentes que imaginen la vida sin el derecho a practicar libremente la fe propia. \u201cSin libertad religiosa, los padres ni siquiera tendr\u00edan el derecho de criar a sus hijos en su propia religi\u00f3n o creencias\u201d, expres\u00f3.<\/p>\n<p>Graz enfatiz\u00f3 que eventos masivos tales como estos, que son organizados por la IRLA en muchos pa\u00edses diferentes, tienen un prop\u00f3sito: expresar gratitud por el derecho humano b\u00e1sico de adorar de acuerdo con la conciencia propia. Desde 2009, cuando se llev\u00f3 a cabo el primer Festival de Libertad Religiosa en Lima (Per\u00fa), se han organizado unas 25 movilizaciones en apoyo a la libertad religiosa en diversos pa\u00edses, lo que incluye a la Rep\u00fablica Dominicana, Brasil, Indonesia y M\u00e9xico. El festival m\u00e1s grande hasta la fecha se llev\u00f3 a cabo en Angola, un pa\u00eds de \u00c1frica meridional, donde el evento atrajo a unas 45 mil personas.<\/p>\n<p>Un orador durante el festival de Manaus destac\u00f3 la importancia de respetar las creencias religiosas. El dise\u00f1ador Diego Arlinson, que trabaja para la Iglesia Adventista en los estados de Amazonia, Rondonia, Roraima y Acre, ha ganado premios estatales por su obra, pero durante varios a\u00f1os no pudo recibir sus premios. La ceremonia de premiaci\u00f3n se llevaba a cabo los viernes de noche, en lo que es para Arlinson el comienzo del descanso sab\u00e1tico. \u201cEn a\u00f1os anteriores, decid\u00ed que no ir\u00eda y entonces envi\u00e9 una carta a los organizadores explicando que no estaba asistiendo por motivos de principios religiosos\u201d, dijo Arlinson. \u201cMe sorprend\u00ed que en la \u00faltima edici\u00f3n, cambiaron la fecha original de premiaci\u00f3n y la pasaron al jueves. Una vez m\u00e1s gan\u00e9 y, en esta ocasi\u00f3n, tuve la oportunidad de estar presente y recibir el premio sin que esto interfiriera con mis creencias\u201d.<\/p>\n<p>El festival, llevado a cabo en el Auditorio Cana\u00e3 de Manaos, tambi\u00e9n cont\u00f3 con tributos musicales, desde tres bien conocidos grupos brasile\u00f1os, Sollanza y el Tr\u00edo Arte, as\u00ed como el cantante Marquinhos Maraial. Varios l\u00edderes regionales, nacionales y mundiales de la IRLA fueron reconocidos con medallas y certificados de reconocimiento por sus esfuerzos por promover la libertad religiosa en el pa\u00eds.<\/p>\n<p><em>Traducci\u00f3n de Marcos Paseggi<\/em><\/p>\n","protected":false},"excerpt":{"rendered":"<p>M\u00e1s de siete mil personas se reunieron en Manaos (Brasil), la ciudad m\u00e1s grande de la regi\u00f3n del Amazonas, para agradecer al gobierno por proteger la libertad religiosa. <\/p>\n<p>El evento, llevado a cabo el s\u00e1bado 23 de mayo, fue el tercer festival de libertad religiosa llevado a cabo en Brasil, y fue organizado por la sede Sudamericana de la Asociaci\u00f3n Internacional de Libertad Religiosa (IRLA). El doctor John Graz, secretario general de la IRLA, fue uno de los oradores internacionales durante el festival.<\/p>\n","protected":false},"author":1,"featured_media":25435,"comment_status":"closed","ping_status":"closed","sticky":false,"template":"","format":"standard","meta":{"_acf_changed":false,"footnotes":""},"categories":[14,15],"tags":[],"class_list":["post-30843","post","type-post","status-publish","format-standard","has-post-thumbnail","hentry","category-de-la-iglesia-mundial","category-rss-espanol"],"acf":[],"yoast_head":"<!-- This site is optimized with the Yoast SEO plugin v27.3 - https:\/\/yoast.com\/product\/yoast-seo-wordpress\/ -->\n<title>En el Amazonas, miles celebran la libertad religiosa - Iglesia Adventista del S\u00e9ptimo D\u00eda - Divisi\u00f3n Interamericana<\/title>\n<meta name=\"robots\" content=\"index, follow, max-snippet:-1, max-image-preview:large, max-video-preview:-1\" \/>\n<link rel=\"canonical\" href=\"https:\/\/interamerica.org\/es\/2015\/05\/en-el-amazonas-miles-celebran-la-libertad-religiosa\/\" \/>\n<meta property=\"og:locale\" content=\"es_ES\" \/>\n<meta property=\"og:type\" content=\"article\" \/>\n<meta property=\"og:title\" content=\"En el Amazonas, miles celebran la libertad religiosa - Iglesia Adventista del S\u00e9ptimo D\u00eda - Divisi\u00f3n Interamericana\" \/>\n<meta property=\"og:description\" content=\"M\u00e1s de siete mil personas se reunieron en Manaos (Brasil), la ciudad m\u00e1s grande de la regi\u00f3n del Amazonas, para agradecer al gobierno por proteger la libertad religiosa.  El evento, llevado a cabo el s\u00e1bado 23 de mayo, fue el tercer festival de libertad religiosa llevado a cabo en Brasil, y fue organizado por la sede Sudamericana de la Asociaci\u00f3n Internacional de Libertad Religiosa (IRLA). El doctor John Graz, secretario general de la IRLA, fue uno de los oradores internacionales durante el festival.\" \/>\n<meta property=\"og:url\" content=\"https:\/\/interamerica.org\/es\/2015\/05\/en-el-amazonas-miles-celebran-la-libertad-religiosa\/\" \/>\n<meta property=\"og:site_name\" content=\"Iglesia Adventista del S\u00e9ptimo D\u00eda - Divisi\u00f3n Interamericana\" \/>\n<meta property=\"article:published_time\" content=\"2015-05-28T04:00:00+00:00\" \/>\n<meta property=\"og:image\" content=\"https:\/\/interamerica.org\/wp-content\/uploads\/2017\/06\/csm_Brazil_Festival_IRLA_6eed8e2882.jpg\" \/>\n\t<meta property=\"og:image:width\" content=\"400\" \/>\n\t<meta property=\"og:image:height\" content=\"267\" \/>\n\t<meta property=\"og:image:type\" content=\"image\/jpeg\" \/>\n<meta name=\"author\" content=\"Lorenzo Verduzco\" \/>\n<meta name=\"twitter:card\" content=\"summary_large_image\" \/>\n<meta name=\"twitter:label1\" content=\"Escrito por\" \/>\n\t<meta name=\"twitter:data1\" content=\"Lorenzo Verduzco\" \/>\n\t<meta name=\"twitter:label2\" content=\"Tiempo de lectura\" \/>\n\t<meta name=\"twitter:data2\" content=\"3 minutos\" \/>\n<script type=\"application\/ld+json\" class=\"yoast-schema-graph\">{\"@context\":\"https:\\\/\\\/schema.org\",\"@graph\":[{\"@type\":\"Article\",\"@id\":\"https:\\\/\\\/interamerica.org\\\/es\\\/2015\\\/05\\\/en-el-amazonas-miles-celebran-la-libertad-religiosa\\\/#article\",\"isPartOf\":{\"@id\":\"https:\\\/\\\/interamerica.org\\\/es\\\/2015\\\/05\\\/en-el-amazonas-miles-celebran-la-libertad-religiosa\\\/\"},\"author\":{\"name\":\"Lorenzo Verduzco\",\"@id\":\"https:\\\/\\\/interamerica.org\\\/es\\\/#\\\/schema\\\/person\\\/68ede8bdc292885bb76c1e3810e73c39\"},\"headline\":\"En el Amazonas, miles celebran la libertad religiosa\",\"datePublished\":\"2015-05-28T04:00:00+00:00\",\"mainEntityOfPage\":{\"@id\":\"https:\\\/\\\/interamerica.org\\\/es\\\/2015\\\/05\\\/en-el-amazonas-miles-celebran-la-libertad-religiosa\\\/\"},\"wordCount\":508,\"image\":{\"@id\":\"https:\\\/\\\/interamerica.org\\\/es\\\/2015\\\/05\\\/en-el-amazonas-miles-celebran-la-libertad-religiosa\\\/#primaryimage\"},\"thumbnailUrl\":\"https:\\\/\\\/interamerica.org\\\/wp-content\\\/uploads\\\/2017\\\/06\\\/csm_Brazil_Festival_IRLA_6eed8e2882.jpg\",\"articleSection\":[\"Desde la iglesia mundial\",\"RSS Espa\u00f1ol\"],\"inLanguage\":\"es\"},{\"@type\":\"WebPage\",\"@id\":\"https:\\\/\\\/interamerica.org\\\/es\\\/2015\\\/05\\\/en-el-amazonas-miles-celebran-la-libertad-religiosa\\\/\",\"url\":\"https:\\\/\\\/interamerica.org\\\/es\\\/2015\\\/05\\\/en-el-amazonas-miles-celebran-la-libertad-religiosa\\\/\",\"name\":\"En el Amazonas, miles celebran la libertad religiosa - Iglesia Adventista del S\u00e9ptimo D\u00eda - Divisi\u00f3n Interamericana\",\"isPartOf\":{\"@id\":\"https:\\\/\\\/interamerica.org\\\/es\\\/#website\"},\"primaryImageOfPage\":{\"@id\":\"https:\\\/\\\/interamerica.org\\\/es\\\/2015\\\/05\\\/en-el-amazonas-miles-celebran-la-libertad-religiosa\\\/#primaryimage\"},\"image\":{\"@id\":\"https:\\\/\\\/interamerica.org\\\/es\\\/2015\\\/05\\\/en-el-amazonas-miles-celebran-la-libertad-religiosa\\\/#primaryimage\"},\"thumbnailUrl\":\"https:\\\/\\\/interamerica.org\\\/wp-content\\\/uploads\\\/2017\\\/06\\\/csm_Brazil_Festival_IRLA_6eed8e2882.jpg\",\"datePublished\":\"2015-05-28T04:00:00+00:00\",\"author\":{\"@id\":\"https:\\\/\\\/interamerica.org\\\/es\\\/#\\\/schema\\\/person\\\/68ede8bdc292885bb76c1e3810e73c39\"},\"breadcrumb\":{\"@id\":\"https:\\\/\\\/interamerica.org\\\/es\\\/2015\\\/05\\\/en-el-amazonas-miles-celebran-la-libertad-religiosa\\\/#breadcrumb\"},\"inLanguage\":\"es\",\"potentialAction\":[{\"@type\":\"ReadAction\",\"target\":[\"https:\\\/\\\/interamerica.org\\\/es\\\/2015\\\/05\\\/en-el-amazonas-miles-celebran-la-libertad-religiosa\\\/\"]}]},{\"@type\":\"ImageObject\",\"inLanguage\":\"es\",\"@id\":\"https:\\\/\\\/interamerica.org\\\/es\\\/2015\\\/05\\\/en-el-amazonas-miles-celebran-la-libertad-religiosa\\\/#primaryimage\",\"url\":\"https:\\\/\\\/interamerica.org\\\/wp-content\\\/uploads\\\/2017\\\/06\\\/csm_Brazil_Festival_IRLA_6eed8e2882.jpg\",\"contentUrl\":\"https:\\\/\\\/interamerica.org\\\/wp-content\\\/uploads\\\/2017\\\/06\\\/csm_Brazil_Festival_IRLA_6eed8e2882.jpg\",\"width\":400,\"height\":267},{\"@type\":\"BreadcrumbList\",\"@id\":\"https:\\\/\\\/interamerica.org\\\/es\\\/2015\\\/05\\\/en-el-amazonas-miles-celebran-la-libertad-religiosa\\\/#breadcrumb\",\"itemListElement\":[{\"@type\":\"ListItem\",\"position\":1,\"name\":\"Home\",\"item\":\"https:\\\/\\\/interamerica.org\\\/es\\\/\"},{\"@type\":\"ListItem\",\"position\":2,\"name\":\"En el Amazonas, miles celebran la libertad religiosa\"}]},{\"@type\":\"WebSite\",\"@id\":\"https:\\\/\\\/interamerica.org\\\/es\\\/#website\",\"url\":\"https:\\\/\\\/interamerica.org\\\/es\\\/\",\"name\":\"Iglesia Adventista del S\u00e9ptimo D\u00eda - Divisi\u00f3n Interamericana\",\"description\":\"\",\"potentialAction\":[{\"@type\":\"SearchAction\",\"target\":{\"@type\":\"EntryPoint\",\"urlTemplate\":\"https:\\\/\\\/interamerica.org\\\/es\\\/?s={search_term_string}\"},\"query-input\":{\"@type\":\"PropertyValueSpecification\",\"valueRequired\":true,\"valueName\":\"search_term_string\"}}],\"inLanguage\":\"es\"},{\"@type\":\"Person\",\"@id\":\"https:\\\/\\\/interamerica.org\\\/es\\\/#\\\/schema\\\/person\\\/68ede8bdc292885bb76c1e3810e73c39\",\"name\":\"Lorenzo Verduzco\",\"image\":{\"@type\":\"ImageObject\",\"inLanguage\":\"es\",\"@id\":\"https:\\\/\\\/secure.gravatar.com\\\/avatar\\\/fb81a55b6218459490a9c1dc841a34909185b81904c5337b4b27f7a6fd60c49e?s=96&d=mm&r=g\",\"url\":\"https:\\\/\\\/secure.gravatar.com\\\/avatar\\\/fb81a55b6218459490a9c1dc841a34909185b81904c5337b4b27f7a6fd60c49e?s=96&d=mm&r=g\",\"contentUrl\":\"https:\\\/\\\/secure.gravatar.com\\\/avatar\\\/fb81a55b6218459490a9c1dc841a34909185b81904c5337b4b27f7a6fd60c49e?s=96&d=mm&r=g\",\"caption\":\"Lorenzo Verduzco\"}}]}<\/script>\n<!-- \/ Yoast SEO plugin. -->","yoast_head_json":{"title":"En el Amazonas, miles celebran la libertad religiosa - Iglesia Adventista del S\u00e9ptimo D\u00eda - Divisi\u00f3n Interamericana","robots":{"index":"index","follow":"follow","max-snippet":"max-snippet:-1","max-image-preview":"max-image-preview:large","max-video-preview":"max-video-preview:-1"},"canonical":"https:\/\/interamerica.org\/es\/2015\/05\/en-el-amazonas-miles-celebran-la-libertad-religiosa\/","og_locale":"es_ES","og_type":"article","og_title":"En el Amazonas, miles celebran la libertad religiosa - Iglesia Adventista del S\u00e9ptimo D\u00eda - Divisi\u00f3n Interamericana","og_description":"M\u00e1s de siete mil personas se reunieron en Manaos (Brasil), la ciudad m\u00e1s grande de la regi\u00f3n del Amazonas, para agradecer al gobierno por proteger la libertad religiosa.  El evento, llevado a cabo el s\u00e1bado 23 de mayo, fue el tercer festival de libertad religiosa llevado a cabo en Brasil, y fue organizado por la sede Sudamericana de la Asociaci\u00f3n Internacional de Libertad Religiosa (IRLA). El doctor John Graz, secretario general de la IRLA, fue uno de los oradores internacionales durante el festival.","og_url":"https:\/\/interamerica.org\/es\/2015\/05\/en-el-amazonas-miles-celebran-la-libertad-religiosa\/","og_site_name":"Iglesia Adventista del S\u00e9ptimo D\u00eda - Divisi\u00f3n Interamericana","article_published_time":"2015-05-28T04:00:00+00:00","og_image":[{"width":400,"height":267,"url":"https:\/\/interamerica.org\/wp-content\/uploads\/2017\/06\/csm_Brazil_Festival_IRLA_6eed8e2882.jpg","type":"image\/jpeg"}],"author":"Lorenzo Verduzco","twitter_card":"summary_large_image","twitter_misc":{"Escrito por":"Lorenzo Verduzco","Tiempo de lectura":"3 minutos"},"schema":{"@context":"https:\/\/schema.org","@graph":[{"@type":"Article","@id":"https:\/\/interamerica.org\/es\/2015\/05\/en-el-amazonas-miles-celebran-la-libertad-religiosa\/#article","isPartOf":{"@id":"https:\/\/interamerica.org\/es\/2015\/05\/en-el-amazonas-miles-celebran-la-libertad-religiosa\/"},"author":{"name":"Lorenzo Verduzco","@id":"https:\/\/interamerica.org\/es\/#\/schema\/person\/68ede8bdc292885bb76c1e3810e73c39"},"headline":"En el Amazonas, miles celebran la libertad religiosa","datePublished":"2015-05-28T04:00:00+00:00","mainEntityOfPage":{"@id":"https:\/\/interamerica.org\/es\/2015\/05\/en-el-amazonas-miles-celebran-la-libertad-religiosa\/"},"wordCount":508,"image":{"@id":"https:\/\/interamerica.org\/es\/2015\/05\/en-el-amazonas-miles-celebran-la-libertad-religiosa\/#primaryimage"},"thumbnailUrl":"https:\/\/interamerica.org\/wp-content\/uploads\/2017\/06\/csm_Brazil_Festival_IRLA_6eed8e2882.jpg","articleSection":["Desde la iglesia mundial","RSS Espa\u00f1ol"],"inLanguage":"es"},{"@type":"WebPage","@id":"https:\/\/interamerica.org\/es\/2015\/05\/en-el-amazonas-miles-celebran-la-libertad-religiosa\/","url":"https:\/\/interamerica.org\/es\/2015\/05\/en-el-amazonas-miles-celebran-la-libertad-religiosa\/","name":"En el Amazonas, miles celebran la libertad religiosa - Iglesia Adventista del S\u00e9ptimo D\u00eda - Divisi\u00f3n Interamericana","isPartOf":{"@id":"https:\/\/interamerica.org\/es\/#website"},"primaryImageOfPage":{"@id":"https:\/\/interamerica.org\/es\/2015\/05\/en-el-amazonas-miles-celebran-la-libertad-religiosa\/#primaryimage"},"image":{"@id":"https:\/\/interamerica.org\/es\/2015\/05\/en-el-amazonas-miles-celebran-la-libertad-religiosa\/#primaryimage"},"thumbnailUrl":"https:\/\/interamerica.org\/wp-content\/uploads\/2017\/06\/csm_Brazil_Festival_IRLA_6eed8e2882.jpg","datePublished":"2015-05-28T04:00:00+00:00","author":{"@id":"https:\/\/interamerica.org\/es\/#\/schema\/person\/68ede8bdc292885bb76c1e3810e73c39"},"breadcrumb":{"@id":"https:\/\/interamerica.org\/es\/2015\/05\/en-el-amazonas-miles-celebran-la-libertad-religiosa\/#breadcrumb"},"inLanguage":"es","potentialAction":[{"@type":"ReadAction","target":["https:\/\/interamerica.org\/es\/2015\/05\/en-el-amazonas-miles-celebran-la-libertad-religiosa\/"]}]},{"@type":"ImageObject","inLanguage":"es","@id":"https:\/\/interamerica.org\/es\/2015\/05\/en-el-amazonas-miles-celebran-la-libertad-religiosa\/#primaryimage","url":"https:\/\/interamerica.org\/wp-content\/uploads\/2017\/06\/csm_Brazil_Festival_IRLA_6eed8e2882.jpg","contentUrl":"https:\/\/interamerica.org\/wp-content\/uploads\/2017\/06\/csm_Brazil_Festival_IRLA_6eed8e2882.jpg","width":400,"height":267},{"@type":"BreadcrumbList","@id":"https:\/\/interamerica.org\/es\/2015\/05\/en-el-amazonas-miles-celebran-la-libertad-religiosa\/#breadcrumb","itemListElement":[{"@type":"ListItem","position":1,"name":"Home","item":"https:\/\/interamerica.org\/es\/"},{"@type":"ListItem","position":2,"name":"En el Amazonas, miles celebran la libertad religiosa"}]},{"@type":"WebSite","@id":"https:\/\/interamerica.org\/es\/#website","url":"https:\/\/interamerica.org\/es\/","name":"Iglesia Adventista del S\u00e9ptimo D\u00eda - Divisi\u00f3n Interamericana","description":"","potentialAction":[{"@type":"SearchAction","target":{"@type":"EntryPoint","urlTemplate":"https:\/\/interamerica.org\/es\/?s={search_term_string}"},"query-input":{"@type":"PropertyValueSpecification","valueRequired":true,"valueName":"search_term_string"}}],"inLanguage":"es"},{"@type":"Person","@id":"https:\/\/interamerica.org\/es\/#\/schema\/person\/68ede8bdc292885bb76c1e3810e73c39","name":"Lorenzo Verduzco","image":{"@type":"ImageObject","inLanguage":"es","@id":"https:\/\/secure.gravatar.com\/avatar\/fb81a55b6218459490a9c1dc841a34909185b81904c5337b4b27f7a6fd60c49e?s=96&d=mm&r=g","url":"https:\/\/secure.gravatar.com\/avatar\/fb81a55b6218459490a9c1dc841a34909185b81904c5337b4b27f7a6fd60c49e?s=96&d=mm&r=g","contentUrl":"https:\/\/secure.gravatar.com\/avatar\/fb81a55b6218459490a9c1dc841a34909185b81904c5337b4b27f7a6fd60c49e?s=96&d=mm&r=g","caption":"Lorenzo Verduzco"}}]}},"_links":{"self":[{"href":"https:\/\/interamerica.org\/es\/wp-json\/wp\/v2\/posts\/30843","targetHints":{"allow":["GET"]}}],"collection":[{"href":"https:\/\/interamerica.org\/es\/wp-json\/wp\/v2\/posts"}],"about":[{"href":"https:\/\/interamerica.org\/es\/wp-json\/wp\/v2\/types\/post"}],"author":[{"embeddable":true,"href":"https:\/\/interamerica.org\/es\/wp-json\/wp\/v2\/users\/1"}],"replies":[{"embeddable":true,"href":"https:\/\/interamerica.org\/es\/wp-json\/wp\/v2\/comments?post=30843"}],"version-history":[{"count":0,"href":"https:\/\/interamerica.org\/es\/wp-json\/wp\/v2\/posts\/30843\/revisions"}],"wp:featuredmedia":[{"embeddable":true,"href":"https:\/\/interamerica.org\/es\/wp-json\/wp\/v2\/media\/25435"}],"wp:attachment":[{"href":"https:\/\/interamerica.org\/es\/wp-json\/wp\/v2\/media?parent=30843"}],"wp:term":[{"taxonomy":"category","embeddable":true,"href":"https:\/\/interamerica.org\/es\/wp-json\/wp\/v2\/categories?post=30843"},{"taxonomy":"post_tag","embeddable":true,"href":"https:\/\/interamerica.org\/es\/wp-json\/wp\/v2\/tags?post=30843"}],"curies":[{"name":"wp","href":"https:\/\/api.w.org\/{rel}","templated":true}]}}