{"id":30844,"date":"2015-05-28T00:00:00","date_gmt":"2015-05-28T04:00:00","guid":{"rendered":"http:\/\/192.81.217.108\/interamerica\/2015\/05\/fallece-warren-judd-visionario-director-de-comunicacion-adventista\/"},"modified":"2015-05-28T00:00:00","modified_gmt":"2015-05-28T04:00:00","slug":"fallece-warren-judd-visionario-director-de-comunicacion-adventista","status":"publish","type":"post","link":"https:\/\/interamerica.org\/es\/2015\/05\/fallece-warren-judd-visionario-director-de-comunicacion-adventista\/","title":{"rendered":"Fallece Warren Judd, visionario director de Comunicaci\u00f3n Adventista"},"content":{"rendered":"<p>28 de mayo de 2015 | Silver Spring, Maryland | Adventist Review y personal de Adventist Record<\/p>\n<div id=\"attachment_17165\" style=\"width: 430px\" class=\"wp-caption alignright\"><a href=\"\/interamerica\/wp-content\/uploads\/2017\/06\/Judd.jpg\" rel=\"fancybox\" title=\"Fallece Warren Judd, visionario director de Comunicaci\u00f3n Adventista\"><img fetchpriority=\"high\" decoding=\"async\" aria-describedby=\"caption-attachment-17165\" class=\" wp-image-17165  \" src=\"\/interamerica\/wp-content\/uploads\/2017\/06\/Judd.jpg\" alt=\"\" width=\"420\" height=\"210\" \/><\/a><p id=\"caption-attachment-17165\" class=\"wp-caption-text\">Warren Judd, el ex director ejecutivo del Centro Adventista de Comunicaci\u00f3n, sucumbe al c\u00e1ncer.<\/p><\/div>\n<p>Warren Judd, el ex director ejecutivo del Centro Adventista de Comunicaci\u00f3n en California, falleci\u00f3 el 26 de mayo despu\u00e9s de su lucha contra el c\u00e1ncer.<\/p>\n<p>Daniel R. Jackson, presidente de la Divisi\u00f3n Norteamericana, present\u00f3 sus condolencias a nombre de la Iglesia Adventista del S\u00e9ptimo D\u00eda.<\/p>\n<p>\u201cWarren fue una autoridad en asuntos de medios de comunicaci\u00f3n y un talentoso m\u00fasico. Pero todav\u00eda m\u00e1s importante, fue un devoto esposo y padre y un cristiano consagrado\u201d, dijo el presidente Jackson. \u201cAyud\u00f3 significativamente al avance del uso de tecnolog\u00eda audiovisual en la Iglesia Adventista. Lo vamos a extra\u00f1ar.\u201d<\/p>\n<p>Andrea, la nuera de Warren, expres\u00f3 su gratitud a quienes mostraron amor y apoyo en favor de la familia. Alab\u00f3 a Dios por permitirle a su padre pasar tranquilamente al descanso, aun cuando ocurri\u00f3 en el mismo d\u00eda del cumplea\u00f1os de su madre, de 70 a\u00f1os.<\/p>\n<p>\u201cMam\u00e1 ha permanecido como una roca en medio de todo esto. Ciertamente no sin l\u00e1grimas y un gran dolor, \u00a1pero con una aun mayor fe!\u201d, dijo Andrea. \u201cAdem\u00e1s de todo esto, hoy cumple 70 a\u00f1os y ha dicho. \u2018S\u00e9 que muchos seguramente van a pensar diferente y no lo van a entender, pero de hecho, estoy feliz de que haya fallecido en mi cumplea\u00f1os. Eso lo convierte en un d\u00eda muy especial y sagrado\u2019\u201d.<\/p>\n<p>Adem\u00e1s de dirigir el centro de comunicaci\u00f3n de la denominaci\u00f3n, Warren Judd fue responsable por las operaciones audiovisuales de las \u00faltimas cinco sesiones de la Asociaci\u00f3n General, incluyendo la de San Antonio 2015, en pos de la cual se ha hecho planificaci\u00f3n durante varios a\u00f1os, dijo la Divisi\u00f3n Norteamericana en una declaraci\u00f3n.<\/p>\n<p>Warren Judd era originario de Australia.<\/p>\n<p>John Bradshaw, orador y director del programa It Is Written, cuya sede fue durante muchos a\u00f1os el Centro Adventista de Comunicaci\u00f3n, elogi\u00f3 a Warren Judd como un pensador creativo quien \u201cfue siempre amable en su trato con otros, aun cuando ellos no fueran amables en su trato con \u00e9l\u201d.<\/p>\n<p>\u201cSe nos ha recordado nuevamente que la vida es preciosa, que la vida es fr\u00e1gil y que nada est\u00e1 garantizado en este mundo , que cada d\u00eda es un regalo y que la familia, los amigos y la fe en Dios, son las cosas verdaderamente importantes en este mundo\u201d, dijo el director Bradshaw en su blog.<\/p>\n","protected":false},"excerpt":{"rendered":"<p>Warren Judd, el ex director ejecutivo del Centro Adventista de Comunicaci\u00f3n en California, falleci\u00f3 el 26 de mayo despu\u00e9s de su lucha contra el c\u00e1ncer. Daniel R. Jackson, presidente de la Divisi\u00f3n Norteamericana, present\u00f3 sus condolencias a nombre de la Iglesia Adventista del S\u00e9ptimo D\u00eda.<\/p>\n","protected":false},"author":1,"featured_media":25431,"comment_status":"closed","ping_status":"closed","sticky":false,"template":"","format":"standard","meta":{"_acf_changed":false,"footnotes":""},"categories":[14,15],"tags":[],"class_list":["post-30844","post","type-post","status-publish","format-standard","has-post-thumbnail","hentry","category-de-la-iglesia-mundial","category-rss-espanol"],"acf":[],"yoast_head":"<!-- This site is optimized with the Yoast SEO plugin v27.3 - https:\/\/yoast.com\/product\/yoast-seo-wordpress\/ -->\n<title>Fallece Warren Judd, visionario director de Comunicaci\u00f3n Adventista - Iglesia Adventista del S\u00e9ptimo D\u00eda - Divisi\u00f3n Interamericana<\/title>\n<meta name=\"robots\" content=\"index, follow, max-snippet:-1, max-image-preview:large, max-video-preview:-1\" \/>\n<link rel=\"canonical\" href=\"https:\/\/interamerica.org\/es\/2015\/05\/fallece-warren-judd-visionario-director-de-comunicacion-adventista\/\" \/>\n<meta property=\"og:locale\" content=\"es_ES\" \/>\n<meta property=\"og:type\" content=\"article\" \/>\n<meta property=\"og:title\" content=\"Fallece Warren Judd, visionario director de Comunicaci\u00f3n Adventista - Iglesia Adventista del S\u00e9ptimo D\u00eda - Divisi\u00f3n Interamericana\" \/>\n<meta property=\"og:description\" content=\"Warren Judd, el ex director ejecutivo del Centro Adventista de Comunicaci\u00f3n en California, falleci\u00f3 el 26 de mayo despu\u00e9s de su lucha contra el c\u00e1ncer. Daniel R. Jackson, presidente de la Divisi\u00f3n Norteamericana, present\u00f3 sus condolencias a nombre de la Iglesia Adventista del S\u00e9ptimo D\u00eda.\" \/>\n<meta property=\"og:url\" content=\"https:\/\/interamerica.org\/es\/2015\/05\/fallece-warren-judd-visionario-director-de-comunicacion-adventista\/\" \/>\n<meta property=\"og:site_name\" content=\"Iglesia Adventista del S\u00e9ptimo D\u00eda - Divisi\u00f3n Interamericana\" \/>\n<meta property=\"article:published_time\" content=\"2015-05-28T04:00:00+00:00\" \/>\n<meta property=\"og:image\" content=\"https:\/\/interamerica.org\/wp-content\/uploads\/2017\/06\/Judd.jpg\" \/>\n\t<meta property=\"og:image:width\" content=\"1000\" \/>\n\t<meta property=\"og:image:height\" content=\"500\" \/>\n\t<meta property=\"og:image:type\" content=\"image\/jpeg\" \/>\n<meta name=\"author\" content=\"Lorenzo Verduzco\" \/>\n<meta name=\"twitter:card\" content=\"summary_large_image\" \/>\n<meta name=\"twitter:label1\" content=\"Escrito por\" \/>\n\t<meta name=\"twitter:data1\" content=\"Lorenzo Verduzco\" \/>\n\t<meta name=\"twitter:label2\" content=\"Tiempo de lectura\" \/>\n\t<meta name=\"twitter:data2\" content=\"2 minutos\" \/>\n<script type=\"application\/ld+json\" class=\"yoast-schema-graph\">{\"@context\":\"https:\\\/\\\/schema.org\",\"@graph\":[{\"@type\":\"Article\",\"@id\":\"https:\\\/\\\/interamerica.org\\\/es\\\/2015\\\/05\\\/fallece-warren-judd-visionario-director-de-comunicacion-adventista\\\/#article\",\"isPartOf\":{\"@id\":\"https:\\\/\\\/interamerica.org\\\/es\\\/2015\\\/05\\\/fallece-warren-judd-visionario-director-de-comunicacion-adventista\\\/\"},\"author\":{\"name\":\"Lorenzo Verduzco\",\"@id\":\"https:\\\/\\\/interamerica.org\\\/es\\\/#\\\/schema\\\/person\\\/68ede8bdc292885bb76c1e3810e73c39\"},\"headline\":\"Fallece Warren Judd, visionario director de Comunicaci\u00f3n Adventista\",\"datePublished\":\"2015-05-28T04:00:00+00:00\",\"mainEntityOfPage\":{\"@id\":\"https:\\\/\\\/interamerica.org\\\/es\\\/2015\\\/05\\\/fallece-warren-judd-visionario-director-de-comunicacion-adventista\\\/\"},\"wordCount\":449,\"image\":{\"@id\":\"https:\\\/\\\/interamerica.org\\\/es\\\/2015\\\/05\\\/fallece-warren-judd-visionario-director-de-comunicacion-adventista\\\/#primaryimage\"},\"thumbnailUrl\":\"https:\\\/\\\/interamerica.org\\\/wp-content\\\/uploads\\\/2017\\\/06\\\/Judd.jpg\",\"articleSection\":[\"Desde la iglesia mundial\",\"RSS Espa\u00f1ol\"],\"inLanguage\":\"es\"},{\"@type\":\"WebPage\",\"@id\":\"https:\\\/\\\/interamerica.org\\\/es\\\/2015\\\/05\\\/fallece-warren-judd-visionario-director-de-comunicacion-adventista\\\/\",\"url\":\"https:\\\/\\\/interamerica.org\\\/es\\\/2015\\\/05\\\/fallece-warren-judd-visionario-director-de-comunicacion-adventista\\\/\",\"name\":\"Fallece Warren Judd, visionario director de Comunicaci\u00f3n Adventista - Iglesia Adventista del S\u00e9ptimo D\u00eda - Divisi\u00f3n Interamericana\",\"isPartOf\":{\"@id\":\"https:\\\/\\\/interamerica.org\\\/es\\\/#website\"},\"primaryImageOfPage\":{\"@id\":\"https:\\\/\\\/interamerica.org\\\/es\\\/2015\\\/05\\\/fallece-warren-judd-visionario-director-de-comunicacion-adventista\\\/#primaryimage\"},\"image\":{\"@id\":\"https:\\\/\\\/interamerica.org\\\/es\\\/2015\\\/05\\\/fallece-warren-judd-visionario-director-de-comunicacion-adventista\\\/#primaryimage\"},\"thumbnailUrl\":\"https:\\\/\\\/interamerica.org\\\/wp-content\\\/uploads\\\/2017\\\/06\\\/Judd.jpg\",\"datePublished\":\"2015-05-28T04:00:00+00:00\",\"author\":{\"@id\":\"https:\\\/\\\/interamerica.org\\\/es\\\/#\\\/schema\\\/person\\\/68ede8bdc292885bb76c1e3810e73c39\"},\"breadcrumb\":{\"@id\":\"https:\\\/\\\/interamerica.org\\\/es\\\/2015\\\/05\\\/fallece-warren-judd-visionario-director-de-comunicacion-adventista\\\/#breadcrumb\"},\"inLanguage\":\"es\",\"potentialAction\":[{\"@type\":\"ReadAction\",\"target\":[\"https:\\\/\\\/interamerica.org\\\/es\\\/2015\\\/05\\\/fallece-warren-judd-visionario-director-de-comunicacion-adventista\\\/\"]}]},{\"@type\":\"ImageObject\",\"inLanguage\":\"es\",\"@id\":\"https:\\\/\\\/interamerica.org\\\/es\\\/2015\\\/05\\\/fallece-warren-judd-visionario-director-de-comunicacion-adventista\\\/#primaryimage\",\"url\":\"https:\\\/\\\/interamerica.org\\\/wp-content\\\/uploads\\\/2017\\\/06\\\/Judd.jpg\",\"contentUrl\":\"https:\\\/\\\/interamerica.org\\\/wp-content\\\/uploads\\\/2017\\\/06\\\/Judd.jpg\",\"width\":1000,\"height\":500},{\"@type\":\"BreadcrumbList\",\"@id\":\"https:\\\/\\\/interamerica.org\\\/es\\\/2015\\\/05\\\/fallece-warren-judd-visionario-director-de-comunicacion-adventista\\\/#breadcrumb\",\"itemListElement\":[{\"@type\":\"ListItem\",\"position\":1,\"name\":\"Home\",\"item\":\"https:\\\/\\\/interamerica.org\\\/es\\\/\"},{\"@type\":\"ListItem\",\"position\":2,\"name\":\"Fallece Warren Judd, visionario director de Comunicaci\u00f3n Adventista\"}]},{\"@type\":\"WebSite\",\"@id\":\"https:\\\/\\\/interamerica.org\\\/es\\\/#website\",\"url\":\"https:\\\/\\\/interamerica.org\\\/es\\\/\",\"name\":\"Iglesia Adventista del S\u00e9ptimo D\u00eda - Divisi\u00f3n Interamericana\",\"description\":\"\",\"potentialAction\":[{\"@type\":\"SearchAction\",\"target\":{\"@type\":\"EntryPoint\",\"urlTemplate\":\"https:\\\/\\\/interamerica.org\\\/es\\\/?s={search_term_string}\"},\"query-input\":{\"@type\":\"PropertyValueSpecification\",\"valueRequired\":true,\"valueName\":\"search_term_string\"}}],\"inLanguage\":\"es\"},{\"@type\":\"Person\",\"@id\":\"https:\\\/\\\/interamerica.org\\\/es\\\/#\\\/schema\\\/person\\\/68ede8bdc292885bb76c1e3810e73c39\",\"name\":\"Lorenzo Verduzco\",\"image\":{\"@type\":\"ImageObject\",\"inLanguage\":\"es\",\"@id\":\"https:\\\/\\\/secure.gravatar.com\\\/avatar\\\/fb81a55b6218459490a9c1dc841a34909185b81904c5337b4b27f7a6fd60c49e?s=96&d=mm&r=g\",\"url\":\"https:\\\/\\\/secure.gravatar.com\\\/avatar\\\/fb81a55b6218459490a9c1dc841a34909185b81904c5337b4b27f7a6fd60c49e?s=96&d=mm&r=g\",\"contentUrl\":\"https:\\\/\\\/secure.gravatar.com\\\/avatar\\\/fb81a55b6218459490a9c1dc841a34909185b81904c5337b4b27f7a6fd60c49e?s=96&d=mm&r=g\",\"caption\":\"Lorenzo Verduzco\"}}]}<\/script>\n<!-- \/ Yoast SEO plugin. -->","yoast_head_json":{"title":"Fallece Warren Judd, visionario director de Comunicaci\u00f3n Adventista - Iglesia Adventista del S\u00e9ptimo D\u00eda - Divisi\u00f3n Interamericana","robots":{"index":"index","follow":"follow","max-snippet":"max-snippet:-1","max-image-preview":"max-image-preview:large","max-video-preview":"max-video-preview:-1"},"canonical":"https:\/\/interamerica.org\/es\/2015\/05\/fallece-warren-judd-visionario-director-de-comunicacion-adventista\/","og_locale":"es_ES","og_type":"article","og_title":"Fallece Warren Judd, visionario director de Comunicaci\u00f3n Adventista - Iglesia Adventista del S\u00e9ptimo D\u00eda - Divisi\u00f3n Interamericana","og_description":"Warren Judd, el ex director ejecutivo del Centro Adventista de Comunicaci\u00f3n en California, falleci\u00f3 el 26 de mayo despu\u00e9s de su lucha contra el c\u00e1ncer. Daniel R. Jackson, presidente de la Divisi\u00f3n Norteamericana, present\u00f3 sus condolencias a nombre de la Iglesia Adventista del S\u00e9ptimo D\u00eda.","og_url":"https:\/\/interamerica.org\/es\/2015\/05\/fallece-warren-judd-visionario-director-de-comunicacion-adventista\/","og_site_name":"Iglesia Adventista del S\u00e9ptimo D\u00eda - Divisi\u00f3n Interamericana","article_published_time":"2015-05-28T04:00:00+00:00","og_image":[{"width":1000,"height":500,"url":"https:\/\/interamerica.org\/wp-content\/uploads\/2017\/06\/Judd.jpg","type":"image\/jpeg"}],"author":"Lorenzo Verduzco","twitter_card":"summary_large_image","twitter_misc":{"Escrito por":"Lorenzo Verduzco","Tiempo de lectura":"2 minutos"},"schema":{"@context":"https:\/\/schema.org","@graph":[{"@type":"Article","@id":"https:\/\/interamerica.org\/es\/2015\/05\/fallece-warren-judd-visionario-director-de-comunicacion-adventista\/#article","isPartOf":{"@id":"https:\/\/interamerica.org\/es\/2015\/05\/fallece-warren-judd-visionario-director-de-comunicacion-adventista\/"},"author":{"name":"Lorenzo Verduzco","@id":"https:\/\/interamerica.org\/es\/#\/schema\/person\/68ede8bdc292885bb76c1e3810e73c39"},"headline":"Fallece Warren Judd, visionario director de Comunicaci\u00f3n Adventista","datePublished":"2015-05-28T04:00:00+00:00","mainEntityOfPage":{"@id":"https:\/\/interamerica.org\/es\/2015\/05\/fallece-warren-judd-visionario-director-de-comunicacion-adventista\/"},"wordCount":449,"image":{"@id":"https:\/\/interamerica.org\/es\/2015\/05\/fallece-warren-judd-visionario-director-de-comunicacion-adventista\/#primaryimage"},"thumbnailUrl":"https:\/\/interamerica.org\/wp-content\/uploads\/2017\/06\/Judd.jpg","articleSection":["Desde la iglesia mundial","RSS Espa\u00f1ol"],"inLanguage":"es"},{"@type":"WebPage","@id":"https:\/\/interamerica.org\/es\/2015\/05\/fallece-warren-judd-visionario-director-de-comunicacion-adventista\/","url":"https:\/\/interamerica.org\/es\/2015\/05\/fallece-warren-judd-visionario-director-de-comunicacion-adventista\/","name":"Fallece Warren Judd, visionario director de Comunicaci\u00f3n Adventista - Iglesia Adventista del S\u00e9ptimo D\u00eda - Divisi\u00f3n Interamericana","isPartOf":{"@id":"https:\/\/interamerica.org\/es\/#website"},"primaryImageOfPage":{"@id":"https:\/\/interamerica.org\/es\/2015\/05\/fallece-warren-judd-visionario-director-de-comunicacion-adventista\/#primaryimage"},"image":{"@id":"https:\/\/interamerica.org\/es\/2015\/05\/fallece-warren-judd-visionario-director-de-comunicacion-adventista\/#primaryimage"},"thumbnailUrl":"https:\/\/interamerica.org\/wp-content\/uploads\/2017\/06\/Judd.jpg","datePublished":"2015-05-28T04:00:00+00:00","author":{"@id":"https:\/\/interamerica.org\/es\/#\/schema\/person\/68ede8bdc292885bb76c1e3810e73c39"},"breadcrumb":{"@id":"https:\/\/interamerica.org\/es\/2015\/05\/fallece-warren-judd-visionario-director-de-comunicacion-adventista\/#breadcrumb"},"inLanguage":"es","potentialAction":[{"@type":"ReadAction","target":["https:\/\/interamerica.org\/es\/2015\/05\/fallece-warren-judd-visionario-director-de-comunicacion-adventista\/"]}]},{"@type":"ImageObject","inLanguage":"es","@id":"https:\/\/interamerica.org\/es\/2015\/05\/fallece-warren-judd-visionario-director-de-comunicacion-adventista\/#primaryimage","url":"https:\/\/interamerica.org\/wp-content\/uploads\/2017\/06\/Judd.jpg","contentUrl":"https:\/\/interamerica.org\/wp-content\/uploads\/2017\/06\/Judd.jpg","width":1000,"height":500},{"@type":"BreadcrumbList","@id":"https:\/\/interamerica.org\/es\/2015\/05\/fallece-warren-judd-visionario-director-de-comunicacion-adventista\/#breadcrumb","itemListElement":[{"@type":"ListItem","position":1,"name":"Home","item":"https:\/\/interamerica.org\/es\/"},{"@type":"ListItem","position":2,"name":"Fallece Warren Judd, visionario director de Comunicaci\u00f3n Adventista"}]},{"@type":"WebSite","@id":"https:\/\/interamerica.org\/es\/#website","url":"https:\/\/interamerica.org\/es\/","name":"Iglesia Adventista del S\u00e9ptimo D\u00eda - Divisi\u00f3n Interamericana","description":"","potentialAction":[{"@type":"SearchAction","target":{"@type":"EntryPoint","urlTemplate":"https:\/\/interamerica.org\/es\/?s={search_term_string}"},"query-input":{"@type":"PropertyValueSpecification","valueRequired":true,"valueName":"search_term_string"}}],"inLanguage":"es"},{"@type":"Person","@id":"https:\/\/interamerica.org\/es\/#\/schema\/person\/68ede8bdc292885bb76c1e3810e73c39","name":"Lorenzo Verduzco","image":{"@type":"ImageObject","inLanguage":"es","@id":"https:\/\/secure.gravatar.com\/avatar\/fb81a55b6218459490a9c1dc841a34909185b81904c5337b4b27f7a6fd60c49e?s=96&d=mm&r=g","url":"https:\/\/secure.gravatar.com\/avatar\/fb81a55b6218459490a9c1dc841a34909185b81904c5337b4b27f7a6fd60c49e?s=96&d=mm&r=g","contentUrl":"https:\/\/secure.gravatar.com\/avatar\/fb81a55b6218459490a9c1dc841a34909185b81904c5337b4b27f7a6fd60c49e?s=96&d=mm&r=g","caption":"Lorenzo Verduzco"}}]}},"_links":{"self":[{"href":"https:\/\/interamerica.org\/es\/wp-json\/wp\/v2\/posts\/30844","targetHints":{"allow":["GET"]}}],"collection":[{"href":"https:\/\/interamerica.org\/es\/wp-json\/wp\/v2\/posts"}],"about":[{"href":"https:\/\/interamerica.org\/es\/wp-json\/wp\/v2\/types\/post"}],"author":[{"embeddable":true,"href":"https:\/\/interamerica.org\/es\/wp-json\/wp\/v2\/users\/1"}],"replies":[{"embeddable":true,"href":"https:\/\/interamerica.org\/es\/wp-json\/wp\/v2\/comments?post=30844"}],"version-history":[{"count":0,"href":"https:\/\/interamerica.org\/es\/wp-json\/wp\/v2\/posts\/30844\/revisions"}],"wp:featuredmedia":[{"embeddable":true,"href":"https:\/\/interamerica.org\/es\/wp-json\/wp\/v2\/media\/25431"}],"wp:attachment":[{"href":"https:\/\/interamerica.org\/es\/wp-json\/wp\/v2\/media?parent=30844"}],"wp:term":[{"taxonomy":"category","embeddable":true,"href":"https:\/\/interamerica.org\/es\/wp-json\/wp\/v2\/categories?post=30844"},{"taxonomy":"post_tag","embeddable":true,"href":"https:\/\/interamerica.org\/es\/wp-json\/wp\/v2\/tags?post=30844"}],"curies":[{"name":"wp","href":"https:\/\/api.w.org\/{rel}","templated":true}]}}