{"id":30846,"date":"2015-05-29T00:00:00","date_gmt":"2015-05-29T04:00:00","guid":{"rendered":"http:\/\/192.81.217.108\/interamerica\/2015\/05\/en-la-republica-dominicana-cientos-de-ministros-participan-de-competencia-biblica-para-todo-el-territorio\/"},"modified":"2015-05-29T00:00:00","modified_gmt":"2015-05-29T04:00:00","slug":"en-la-republica-dominicana-cientos-de-ministros-participan-de-competencia-biblica-para-todo-el-territorio","status":"publish","type":"post","link":"https:\/\/interamerica.org\/es\/2015\/05\/en-la-republica-dominicana-cientos-de-ministros-participan-de-competencia-biblica-para-todo-el-territorio\/","title":{"rendered":"En la Rep\u00fablica Dominicana, cientos de ministros participan de competencia b\u00edblica para todo el territorio"},"content":{"rendered":"<div id=\"attachment_17209\" style=\"width: 610px\" class=\"wp-caption aligncenter\"><a href=\"\/interamerica\/wp-content\/uploads\/2017\/06\/DOMU-finalistsBoom.png\" rel=\"fancybox\" title=\"En la Rep\u00fablica Dominicana, cientos de ministros participan de competencia b\u00edblica para todo el territorio\"><img fetchpriority=\"high\" decoding=\"async\" aria-describedby=\"caption-attachment-17209\" class=\"size-full wp-image-17209\" src=\"\/interamerica\/wp-content\/uploads\/2017\/06\/DOMU-finalistsBoom.png\" alt=\"\" width=\"600\" height=\"289\" \/><\/a><p id=\"caption-attachment-17209\" class=\"wp-caption-text\">Los finalistas posan con sus certificados y junto a los l\u00edderes de la iglesia despu\u00e9s de llevarse a cabo la primera competencia b\u00edblica en la iglesia adventista Piantini en Santo Domingo, Rep\u00fablica Dominicana, el 17 de mayo de 2015. Im\u00e1genes por cortes\u00eda de la Uni\u00f3n Dominicana.<\/p><\/div>\n<p>29 de mayo de 2015 | Santo Domingo, Rep\u00fablica Dominicana | Bernardo Medina\/IAD<\/p>\n<p>La Iglesia Adventista de la Rep\u00fablica Dominicana coron\u00f3 a tres de sus ministros como principales ganadores de la primera competencia b\u00edblica nacional la semana pasada. El evento, que reuni\u00f3 a doce finalistas de seis de las regiones de la iglesia, alcanz\u00f3 su cl\u00edmax con un programa especial de gran final llevado a cabo en la iglesia adventista Piantini de Santo Domingo el pasado 17 de mayo.<\/p>\n<p>Los competidores fueron evaluados sobre 1 y 2 de Timoteo y Tito, as\u00ed como sobre el Comentario B\u00edblico que public\u00f3 la iglesia sobre esos libros.<\/p>\n<div id=\"attachment_17210\" style=\"width: 330px\" class=\"wp-caption alignright\"><a href=\"\/interamerica\/wp-content\/uploads\/2017\/06\/DOMU-winners400.png\" rel=\"fancybox\" title=\"En la Rep\u00fablica Dominicana, cientos de ministros participan de competencia b\u00edblica para todo el territorio\"><img decoding=\"async\" aria-describedby=\"caption-attachment-17210\" class=\" wp-image-17210 \" src=\"\/interamerica\/wp-content\/uploads\/2017\/06\/DOMU-winners400.png\" alt=\"\" width=\"320\" height=\"213\" \/><\/a><p id=\"caption-attachment-17210\" class=\"wp-caption-text\">Los principales ganadores, de izquierda a derecha: Pastor Oscar Garc\u00eda (tercer lugar); Dorian Santana (primer lugar), y Awaldy Almonte (segundo lugar), posan con los certificados que as\u00ed lo acreditan.<\/p><\/div>\n<p>Los finalistas respondieron unas cincuenta preguntas usando el mismo programa inform\u00e1tico de la iniciativa del ministerio joven en la Divisi\u00f3n Interamericana denominada Boom B\u00edblico (DIA) y que se lleva a cabo en el territorio cada a\u00f1o, dijeron los organizadores.<\/p>\n<p>\u00abEsta fue una actividad maravillosa que ayud\u00f3 a que nuestros ministros profundicen su comprensi\u00f3n del consejo pastoral efectivo en los tiempos de Pablo, Timoteo y Tito, as\u00ed como lo es hoy\u00bb, dijo Te\u00f3filo Silvestre, secretario ministerial de la Iglesia Adventista en la Rep\u00fablica Dominicana y organizador del programa.<\/p>\n<p>Los principales ganadores fueron el pastor Dorian Santana, del distrito Para\u00edso en la Misi\u00f3n Dominicana Sur, seguido del pastor Awaldy Almonte, director de ministerios de publicaciones de la Asociaci\u00f3n Dominicana Norte, y el pastor Garc\u00eda, del distrito de Matas, en la Misi\u00f3n Dominicana Sur. Durante el evento, los tres principales ganadores obtuvieron un premio en efectivo.<\/p>\n<p>M\u00e1s de doscientos ministros de diversas partes de la isla participaron de los seis meses dedicados al estudio de los libros de la Biblia asignados y participaron en competencias distritales regionales hasta que llegaron a competir en eventos a nivel de misi\u00f3n\/asociaci\u00f3n.<\/p>\n<div id=\"attachment_17211\" style=\"width: 330px\" class=\"wp-caption alignleft\"><a href=\"\/interamerica\/wp-content\/uploads\/2017\/06\/TeofiloSilvestre400.png\" rel=\"fancybox\" title=\"En la Rep\u00fablica Dominicana, cientos de ministros participan de competencia b\u00edblica para todo el territorio\"><img decoding=\"async\" aria-describedby=\"caption-attachment-17211\" class=\" wp-image-17211 \" src=\"\/interamerica\/wp-content\/uploads\/2017\/06\/TeofiloSilvestre400.png\" alt=\"\" width=\"320\" height=\"213\" \/><\/a><p id=\"caption-attachment-17211\" class=\"wp-caption-text\">El pastor Te\u00f3filo Silvestre, secretario ministerial de la Uni\u00f3n Dominicana, presenta certificados a los finalistas que participaron en la competencia b\u00edblica.<\/p><\/div>\n<p>\u00abMuchos pastores han expresado la renovada visi\u00f3n de su ministerio por causa de esta iniciativa, y las congregaciones de la iglesia se han visto bendecidas al escuchar mensajes basados en estos libros selectos\u00bb, dijo Silvestre. \u00abLos pastores no dudaron en aprovechar esta oportunidad de ser parte de una actividad hist\u00f3rica\u00bb.<\/p>\n<p>El pastor Silvestre dijo que el evento fue planificado junto con la iniciativa de lectura de la Biblia que organiza la Iglesia Adventista mundial y que ha sido denominada\u00a0<em><a href=\"http:\/\/revivedbyhisword.org\">Revividos por la Palabra<\/a>, <\/em>y en el contexto de la celebraci\u00f3n que hizo la iglesia este a\u00f1o del <em><a href=\"http:\/\/2015.interamerica.org\">A\u00f1o del pastor<\/a><\/em>\u00a0en Interam\u00e9rica.<\/p>\n<p>La iglesia toma muy en serio la importancia de las Escrituras en la vida de cada creyente, dijo el pastor Cesario Acevedo, presidente de la Iglesia Adventista en la Uni\u00f3n Dominicana.<\/p>\n<p>\u00abComo iglesia remanente, tenemos el compromiso de ser m\u00e1s que oidores de la Palabra, porque tenemos que vivirla diariamente y ense\u00f1ar a nuestras iglesias y pastores a que aprecien y amen la Palabra de Dios\u00bb, dijo Acevedo.<\/p>\n<p>La iglesia tom\u00f3 el voto de implementar la iniciativa durante las juntas de fin de a\u00f1o llevadas a cabo en noviembre del a\u00f1o pasado y, debido al \u00e9xito de esta, los l\u00edderes anunciaron que se organizar\u00e1 otra competencia b\u00edblica similar para destacar el pr\u00f3ximo concilio ministerial del a\u00f1o pr\u00f3ximo, dijo el pastor Silvestre.<\/p>\n<p>Si desea saber m\u00e1s sobre la Iglesia Adventista en la Rep\u00fablica Dominicana, visite <a href=\"http:\/\/adventistasrd.interamerica.org\">Adventistasrd<\/a><\/p>\n<p><em>Traducci\u00f3n de Marcos Paseggi<\/em><\/p>\n","protected":false},"excerpt":{"rendered":"<p>La Iglesia Adventista de la Rep\u00fablica Dominicana coron\u00f3 a tres de sus ministros como principales ganadores de la primera competencia b\u00edblica nacional la semana pasada. <\/p>\n<p>El evento, que reuni\u00f3 a doce finalistas de seis de las regiones de la iglesia, alcanz\u00f3 su cl\u00edmax con un programa especial de gran final llevado a cabo en la iglesia adventista Piantini de Santo Domingo el pasado 17 de mayo. Los competidores fueron evaluados sobre 1 y 2 de Timoteo y Tito, as\u00ed como sobre el Comentario B\u00edblico que public\u00f3 la iglesia sobre esos libros.<\/p>\n","protected":false},"author":1,"featured_media":25453,"comment_status":"closed","ping_status":"closed","sticky":false,"template":"","format":"standard","meta":{"_acf_changed":false,"footnotes":""},"categories":[17,15],"tags":[],"class_list":["post-30846","post","type-post","status-publish","format-standard","has-post-thumbnail","hentry","category-desde-el-campo","category-rss-espanol"],"acf":[],"yoast_head":"<!-- This site is optimized with the Yoast SEO plugin v27.3 - https:\/\/yoast.com\/product\/yoast-seo-wordpress\/ -->\n<title>En la Rep\u00fablica Dominicana, cientos de ministros participan de competencia b\u00edblica para todo el territorio - Iglesia Adventista del S\u00e9ptimo D\u00eda - Divisi\u00f3n Interamericana<\/title>\n<meta name=\"robots\" content=\"index, follow, max-snippet:-1, max-image-preview:large, max-video-preview:-1\" \/>\n<link rel=\"canonical\" href=\"https:\/\/interamerica.org\/es\/2015\/05\/en-la-republica-dominicana-cientos-de-ministros-participan-de-competencia-biblica-para-todo-el-territorio\/\" \/>\n<meta property=\"og:locale\" content=\"es_ES\" \/>\n<meta property=\"og:type\" content=\"article\" \/>\n<meta property=\"og:title\" content=\"En la Rep\u00fablica Dominicana, cientos de ministros participan de competencia b\u00edblica para todo el territorio - Iglesia Adventista del S\u00e9ptimo D\u00eda - Divisi\u00f3n Interamericana\" \/>\n<meta property=\"og:description\" content=\"La Iglesia Adventista de la Rep\u00fablica Dominicana coron\u00f3 a tres de sus ministros como principales ganadores de la primera competencia b\u00edblica nacional la semana pasada.  El evento, que reuni\u00f3 a doce finalistas de seis de las regiones de la iglesia, alcanz\u00f3 su cl\u00edmax con un programa especial de gran final llevado a cabo en la iglesia adventista Piantini de Santo Domingo el pasado 17 de mayo. Los competidores fueron evaluados sobre 1 y 2 de Timoteo y Tito, as\u00ed como sobre el Comentario B\u00edblico que public\u00f3 la iglesia sobre esos libros.\" \/>\n<meta property=\"og:url\" content=\"https:\/\/interamerica.org\/es\/2015\/05\/en-la-republica-dominicana-cientos-de-ministros-participan-de-competencia-biblica-para-todo-el-territorio\/\" \/>\n<meta property=\"og:site_name\" content=\"Iglesia Adventista del S\u00e9ptimo D\u00eda - Divisi\u00f3n Interamericana\" \/>\n<meta property=\"article:published_time\" content=\"2015-05-29T04:00:00+00:00\" \/>\n<meta property=\"og:image\" content=\"https:\/\/interamerica.org\/wp-content\/uploads\/2017\/06\/DOMU-finalistsBoom.png\" \/>\n\t<meta property=\"og:image:width\" content=\"600\" \/>\n\t<meta property=\"og:image:height\" content=\"289\" \/>\n\t<meta property=\"og:image:type\" content=\"image\/png\" \/>\n<meta name=\"author\" content=\"Lorenzo Verduzco\" \/>\n<meta name=\"twitter:card\" content=\"summary_large_image\" \/>\n<meta name=\"twitter:label1\" content=\"Escrito por\" \/>\n\t<meta name=\"twitter:data1\" content=\"Lorenzo Verduzco\" \/>\n\t<meta name=\"twitter:label2\" content=\"Tiempo de lectura\" \/>\n\t<meta name=\"twitter:data2\" content=\"3 minutos\" \/>\n<script type=\"application\/ld+json\" class=\"yoast-schema-graph\">{\"@context\":\"https:\\\/\\\/schema.org\",\"@graph\":[{\"@type\":\"Article\",\"@id\":\"https:\\\/\\\/interamerica.org\\\/es\\\/2015\\\/05\\\/en-la-republica-dominicana-cientos-de-ministros-participan-de-competencia-biblica-para-todo-el-territorio\\\/#article\",\"isPartOf\":{\"@id\":\"https:\\\/\\\/interamerica.org\\\/es\\\/2015\\\/05\\\/en-la-republica-dominicana-cientos-de-ministros-participan-de-competencia-biblica-para-todo-el-territorio\\\/\"},\"author\":{\"name\":\"Lorenzo Verduzco\",\"@id\":\"https:\\\/\\\/interamerica.org\\\/es\\\/#\\\/schema\\\/person\\\/68ede8bdc292885bb76c1e3810e73c39\"},\"headline\":\"En la Rep\u00fablica Dominicana, cientos de ministros participan de competencia b\u00edblica para todo el territorio\",\"datePublished\":\"2015-05-29T04:00:00+00:00\",\"mainEntityOfPage\":{\"@id\":\"https:\\\/\\\/interamerica.org\\\/es\\\/2015\\\/05\\\/en-la-republica-dominicana-cientos-de-ministros-participan-de-competencia-biblica-para-todo-el-territorio\\\/\"},\"wordCount\":707,\"image\":{\"@id\":\"https:\\\/\\\/interamerica.org\\\/es\\\/2015\\\/05\\\/en-la-republica-dominicana-cientos-de-ministros-participan-de-competencia-biblica-para-todo-el-territorio\\\/#primaryimage\"},\"thumbnailUrl\":\"https:\\\/\\\/interamerica.org\\\/wp-content\\\/uploads\\\/2017\\\/06\\\/DOMU-finalistsBoom.png\",\"articleSection\":[\"Desde el campo\",\"RSS Espa\u00f1ol\"],\"inLanguage\":\"es\"},{\"@type\":\"WebPage\",\"@id\":\"https:\\\/\\\/interamerica.org\\\/es\\\/2015\\\/05\\\/en-la-republica-dominicana-cientos-de-ministros-participan-de-competencia-biblica-para-todo-el-territorio\\\/\",\"url\":\"https:\\\/\\\/interamerica.org\\\/es\\\/2015\\\/05\\\/en-la-republica-dominicana-cientos-de-ministros-participan-de-competencia-biblica-para-todo-el-territorio\\\/\",\"name\":\"En la Rep\u00fablica Dominicana, cientos de ministros participan de competencia b\u00edblica para todo el territorio - Iglesia Adventista del S\u00e9ptimo D\u00eda - Divisi\u00f3n Interamericana\",\"isPartOf\":{\"@id\":\"https:\\\/\\\/interamerica.org\\\/es\\\/#website\"},\"primaryImageOfPage\":{\"@id\":\"https:\\\/\\\/interamerica.org\\\/es\\\/2015\\\/05\\\/en-la-republica-dominicana-cientos-de-ministros-participan-de-competencia-biblica-para-todo-el-territorio\\\/#primaryimage\"},\"image\":{\"@id\":\"https:\\\/\\\/interamerica.org\\\/es\\\/2015\\\/05\\\/en-la-republica-dominicana-cientos-de-ministros-participan-de-competencia-biblica-para-todo-el-territorio\\\/#primaryimage\"},\"thumbnailUrl\":\"https:\\\/\\\/interamerica.org\\\/wp-content\\\/uploads\\\/2017\\\/06\\\/DOMU-finalistsBoom.png\",\"datePublished\":\"2015-05-29T04:00:00+00:00\",\"author\":{\"@id\":\"https:\\\/\\\/interamerica.org\\\/es\\\/#\\\/schema\\\/person\\\/68ede8bdc292885bb76c1e3810e73c39\"},\"breadcrumb\":{\"@id\":\"https:\\\/\\\/interamerica.org\\\/es\\\/2015\\\/05\\\/en-la-republica-dominicana-cientos-de-ministros-participan-de-competencia-biblica-para-todo-el-territorio\\\/#breadcrumb\"},\"inLanguage\":\"es\",\"potentialAction\":[{\"@type\":\"ReadAction\",\"target\":[\"https:\\\/\\\/interamerica.org\\\/es\\\/2015\\\/05\\\/en-la-republica-dominicana-cientos-de-ministros-participan-de-competencia-biblica-para-todo-el-territorio\\\/\"]}]},{\"@type\":\"ImageObject\",\"inLanguage\":\"es\",\"@id\":\"https:\\\/\\\/interamerica.org\\\/es\\\/2015\\\/05\\\/en-la-republica-dominicana-cientos-de-ministros-participan-de-competencia-biblica-para-todo-el-territorio\\\/#primaryimage\",\"url\":\"https:\\\/\\\/interamerica.org\\\/wp-content\\\/uploads\\\/2017\\\/06\\\/DOMU-finalistsBoom.png\",\"contentUrl\":\"https:\\\/\\\/interamerica.org\\\/wp-content\\\/uploads\\\/2017\\\/06\\\/DOMU-finalistsBoom.png\",\"width\":600,\"height\":289},{\"@type\":\"BreadcrumbList\",\"@id\":\"https:\\\/\\\/interamerica.org\\\/es\\\/2015\\\/05\\\/en-la-republica-dominicana-cientos-de-ministros-participan-de-competencia-biblica-para-todo-el-territorio\\\/#breadcrumb\",\"itemListElement\":[{\"@type\":\"ListItem\",\"position\":1,\"name\":\"Home\",\"item\":\"https:\\\/\\\/interamerica.org\\\/es\\\/\"},{\"@type\":\"ListItem\",\"position\":2,\"name\":\"En la Rep\u00fablica Dominicana, cientos de ministros participan de competencia b\u00edblica para todo el territorio\"}]},{\"@type\":\"WebSite\",\"@id\":\"https:\\\/\\\/interamerica.org\\\/es\\\/#website\",\"url\":\"https:\\\/\\\/interamerica.org\\\/es\\\/\",\"name\":\"Iglesia Adventista del S\u00e9ptimo D\u00eda - Divisi\u00f3n Interamericana\",\"description\":\"\",\"potentialAction\":[{\"@type\":\"SearchAction\",\"target\":{\"@type\":\"EntryPoint\",\"urlTemplate\":\"https:\\\/\\\/interamerica.org\\\/es\\\/?s={search_term_string}\"},\"query-input\":{\"@type\":\"PropertyValueSpecification\",\"valueRequired\":true,\"valueName\":\"search_term_string\"}}],\"inLanguage\":\"es\"},{\"@type\":\"Person\",\"@id\":\"https:\\\/\\\/interamerica.org\\\/es\\\/#\\\/schema\\\/person\\\/68ede8bdc292885bb76c1e3810e73c39\",\"name\":\"Lorenzo Verduzco\",\"image\":{\"@type\":\"ImageObject\",\"inLanguage\":\"es\",\"@id\":\"https:\\\/\\\/secure.gravatar.com\\\/avatar\\\/fb81a55b6218459490a9c1dc841a34909185b81904c5337b4b27f7a6fd60c49e?s=96&d=mm&r=g\",\"url\":\"https:\\\/\\\/secure.gravatar.com\\\/avatar\\\/fb81a55b6218459490a9c1dc841a34909185b81904c5337b4b27f7a6fd60c49e?s=96&d=mm&r=g\",\"contentUrl\":\"https:\\\/\\\/secure.gravatar.com\\\/avatar\\\/fb81a55b6218459490a9c1dc841a34909185b81904c5337b4b27f7a6fd60c49e?s=96&d=mm&r=g\",\"caption\":\"Lorenzo Verduzco\"}}]}<\/script>\n<!-- \/ Yoast SEO plugin. -->","yoast_head_json":{"title":"En la Rep\u00fablica Dominicana, cientos de ministros participan de competencia b\u00edblica para todo el territorio - Iglesia Adventista del S\u00e9ptimo D\u00eda - Divisi\u00f3n Interamericana","robots":{"index":"index","follow":"follow","max-snippet":"max-snippet:-1","max-image-preview":"max-image-preview:large","max-video-preview":"max-video-preview:-1"},"canonical":"https:\/\/interamerica.org\/es\/2015\/05\/en-la-republica-dominicana-cientos-de-ministros-participan-de-competencia-biblica-para-todo-el-territorio\/","og_locale":"es_ES","og_type":"article","og_title":"En la Rep\u00fablica Dominicana, cientos de ministros participan de competencia b\u00edblica para todo el territorio - Iglesia Adventista del S\u00e9ptimo D\u00eda - Divisi\u00f3n Interamericana","og_description":"La Iglesia Adventista de la Rep\u00fablica Dominicana coron\u00f3 a tres de sus ministros como principales ganadores de la primera competencia b\u00edblica nacional la semana pasada.  El evento, que reuni\u00f3 a doce finalistas de seis de las regiones de la iglesia, alcanz\u00f3 su cl\u00edmax con un programa especial de gran final llevado a cabo en la iglesia adventista Piantini de Santo Domingo el pasado 17 de mayo. Los competidores fueron evaluados sobre 1 y 2 de Timoteo y Tito, as\u00ed como sobre el Comentario B\u00edblico que public\u00f3 la iglesia sobre esos libros.","og_url":"https:\/\/interamerica.org\/es\/2015\/05\/en-la-republica-dominicana-cientos-de-ministros-participan-de-competencia-biblica-para-todo-el-territorio\/","og_site_name":"Iglesia Adventista del S\u00e9ptimo D\u00eda - Divisi\u00f3n Interamericana","article_published_time":"2015-05-29T04:00:00+00:00","og_image":[{"width":600,"height":289,"url":"https:\/\/interamerica.org\/wp-content\/uploads\/2017\/06\/DOMU-finalistsBoom.png","type":"image\/png"}],"author":"Lorenzo Verduzco","twitter_card":"summary_large_image","twitter_misc":{"Escrito por":"Lorenzo Verduzco","Tiempo de lectura":"3 minutos"},"schema":{"@context":"https:\/\/schema.org","@graph":[{"@type":"Article","@id":"https:\/\/interamerica.org\/es\/2015\/05\/en-la-republica-dominicana-cientos-de-ministros-participan-de-competencia-biblica-para-todo-el-territorio\/#article","isPartOf":{"@id":"https:\/\/interamerica.org\/es\/2015\/05\/en-la-republica-dominicana-cientos-de-ministros-participan-de-competencia-biblica-para-todo-el-territorio\/"},"author":{"name":"Lorenzo Verduzco","@id":"https:\/\/interamerica.org\/es\/#\/schema\/person\/68ede8bdc292885bb76c1e3810e73c39"},"headline":"En la Rep\u00fablica Dominicana, cientos de ministros participan de competencia b\u00edblica para todo el territorio","datePublished":"2015-05-29T04:00:00+00:00","mainEntityOfPage":{"@id":"https:\/\/interamerica.org\/es\/2015\/05\/en-la-republica-dominicana-cientos-de-ministros-participan-de-competencia-biblica-para-todo-el-territorio\/"},"wordCount":707,"image":{"@id":"https:\/\/interamerica.org\/es\/2015\/05\/en-la-republica-dominicana-cientos-de-ministros-participan-de-competencia-biblica-para-todo-el-territorio\/#primaryimage"},"thumbnailUrl":"https:\/\/interamerica.org\/wp-content\/uploads\/2017\/06\/DOMU-finalistsBoom.png","articleSection":["Desde el campo","RSS Espa\u00f1ol"],"inLanguage":"es"},{"@type":"WebPage","@id":"https:\/\/interamerica.org\/es\/2015\/05\/en-la-republica-dominicana-cientos-de-ministros-participan-de-competencia-biblica-para-todo-el-territorio\/","url":"https:\/\/interamerica.org\/es\/2015\/05\/en-la-republica-dominicana-cientos-de-ministros-participan-de-competencia-biblica-para-todo-el-territorio\/","name":"En la Rep\u00fablica Dominicana, cientos de ministros participan de competencia b\u00edblica para todo el territorio - Iglesia Adventista del S\u00e9ptimo D\u00eda - Divisi\u00f3n Interamericana","isPartOf":{"@id":"https:\/\/interamerica.org\/es\/#website"},"primaryImageOfPage":{"@id":"https:\/\/interamerica.org\/es\/2015\/05\/en-la-republica-dominicana-cientos-de-ministros-participan-de-competencia-biblica-para-todo-el-territorio\/#primaryimage"},"image":{"@id":"https:\/\/interamerica.org\/es\/2015\/05\/en-la-republica-dominicana-cientos-de-ministros-participan-de-competencia-biblica-para-todo-el-territorio\/#primaryimage"},"thumbnailUrl":"https:\/\/interamerica.org\/wp-content\/uploads\/2017\/06\/DOMU-finalistsBoom.png","datePublished":"2015-05-29T04:00:00+00:00","author":{"@id":"https:\/\/interamerica.org\/es\/#\/schema\/person\/68ede8bdc292885bb76c1e3810e73c39"},"breadcrumb":{"@id":"https:\/\/interamerica.org\/es\/2015\/05\/en-la-republica-dominicana-cientos-de-ministros-participan-de-competencia-biblica-para-todo-el-territorio\/#breadcrumb"},"inLanguage":"es","potentialAction":[{"@type":"ReadAction","target":["https:\/\/interamerica.org\/es\/2015\/05\/en-la-republica-dominicana-cientos-de-ministros-participan-de-competencia-biblica-para-todo-el-territorio\/"]}]},{"@type":"ImageObject","inLanguage":"es","@id":"https:\/\/interamerica.org\/es\/2015\/05\/en-la-republica-dominicana-cientos-de-ministros-participan-de-competencia-biblica-para-todo-el-territorio\/#primaryimage","url":"https:\/\/interamerica.org\/wp-content\/uploads\/2017\/06\/DOMU-finalistsBoom.png","contentUrl":"https:\/\/interamerica.org\/wp-content\/uploads\/2017\/06\/DOMU-finalistsBoom.png","width":600,"height":289},{"@type":"BreadcrumbList","@id":"https:\/\/interamerica.org\/es\/2015\/05\/en-la-republica-dominicana-cientos-de-ministros-participan-de-competencia-biblica-para-todo-el-territorio\/#breadcrumb","itemListElement":[{"@type":"ListItem","position":1,"name":"Home","item":"https:\/\/interamerica.org\/es\/"},{"@type":"ListItem","position":2,"name":"En la Rep\u00fablica Dominicana, cientos de ministros participan de competencia b\u00edblica para todo el territorio"}]},{"@type":"WebSite","@id":"https:\/\/interamerica.org\/es\/#website","url":"https:\/\/interamerica.org\/es\/","name":"Iglesia Adventista del S\u00e9ptimo D\u00eda - Divisi\u00f3n Interamericana","description":"","potentialAction":[{"@type":"SearchAction","target":{"@type":"EntryPoint","urlTemplate":"https:\/\/interamerica.org\/es\/?s={search_term_string}"},"query-input":{"@type":"PropertyValueSpecification","valueRequired":true,"valueName":"search_term_string"}}],"inLanguage":"es"},{"@type":"Person","@id":"https:\/\/interamerica.org\/es\/#\/schema\/person\/68ede8bdc292885bb76c1e3810e73c39","name":"Lorenzo Verduzco","image":{"@type":"ImageObject","inLanguage":"es","@id":"https:\/\/secure.gravatar.com\/avatar\/fb81a55b6218459490a9c1dc841a34909185b81904c5337b4b27f7a6fd60c49e?s=96&d=mm&r=g","url":"https:\/\/secure.gravatar.com\/avatar\/fb81a55b6218459490a9c1dc841a34909185b81904c5337b4b27f7a6fd60c49e?s=96&d=mm&r=g","contentUrl":"https:\/\/secure.gravatar.com\/avatar\/fb81a55b6218459490a9c1dc841a34909185b81904c5337b4b27f7a6fd60c49e?s=96&d=mm&r=g","caption":"Lorenzo Verduzco"}}]}},"_links":{"self":[{"href":"https:\/\/interamerica.org\/es\/wp-json\/wp\/v2\/posts\/30846","targetHints":{"allow":["GET"]}}],"collection":[{"href":"https:\/\/interamerica.org\/es\/wp-json\/wp\/v2\/posts"}],"about":[{"href":"https:\/\/interamerica.org\/es\/wp-json\/wp\/v2\/types\/post"}],"author":[{"embeddable":true,"href":"https:\/\/interamerica.org\/es\/wp-json\/wp\/v2\/users\/1"}],"replies":[{"embeddable":true,"href":"https:\/\/interamerica.org\/es\/wp-json\/wp\/v2\/comments?post=30846"}],"version-history":[{"count":0,"href":"https:\/\/interamerica.org\/es\/wp-json\/wp\/v2\/posts\/30846\/revisions"}],"wp:featuredmedia":[{"embeddable":true,"href":"https:\/\/interamerica.org\/es\/wp-json\/wp\/v2\/media\/25453"}],"wp:attachment":[{"href":"https:\/\/interamerica.org\/es\/wp-json\/wp\/v2\/media?parent=30846"}],"wp:term":[{"taxonomy":"category","embeddable":true,"href":"https:\/\/interamerica.org\/es\/wp-json\/wp\/v2\/categories?post=30846"},{"taxonomy":"post_tag","embeddable":true,"href":"https:\/\/interamerica.org\/es\/wp-json\/wp\/v2\/tags?post=30846"}],"curies":[{"name":"wp","href":"https:\/\/api.w.org\/{rel}","templated":true}]}}