{"id":30850,"date":"2015-06-03T00:00:00","date_gmt":"2015-06-03T04:00:00","guid":{"rendered":"http:\/\/192.81.217.108\/interamerica\/2015\/06\/se-inaugura-primera-iglesia-adventista-en-andorra\/"},"modified":"2015-06-03T00:00:00","modified_gmt":"2015-06-03T04:00:00","slug":"se-inaugura-primera-iglesia-adventista-en-andorra","status":"publish","type":"post","link":"https:\/\/interamerica.org\/es\/2015\/06\/se-inaugura-primera-iglesia-adventista-en-andorra\/","title":{"rendered":"Se inaugura primera iglesia adventista en Andorra"},"content":{"rendered":"<div id=\"attachment_17288\" style=\"width: 675px\" class=\"wp-caption aligncenter\"><a href=\"\/interamerica\/wp-content\/uploads\/2017\/06\/Andorra1.000.jpg\" rel=\"fancybox\" title=\"Se inaugura primera iglesia adventista en Andorra\"><img fetchpriority=\"high\" decoding=\"async\" aria-describedby=\"caption-attachment-17288\" class=\" wp-image-17288 \" src=\"\/interamerica\/wp-content\/uploads\/2017\/06\/Andorra1.000.jpg\" alt=\"\" width=\"665\" height=\"350\" \/><\/a><p id=\"caption-attachment-17288\" class=\"wp-caption-text\">Parte de los asistentes a la inauguraci\u00f3n de la primera iglesia adventista de Andorra el pasado 9 de mayo. Im\u00e1genes de Pedro Torres<\/p><\/div>\n<p>2 de junio de 2015 | Andorra Pedro Torres, Divisi\u00f3n Intereuropea, y Adventist Review<\/p>\n<p>La primera iglesia adventista fue inaugurada en el peque\u00f1o pa\u00eds europeo de Andorra, despu\u00e9s de m\u00e1s de cuarenta a\u00f1os de esfuerzos.<\/p>\n<p>La Iglesia Adventista ha estado presente por muchos a\u00f1os en Andorra, un pa\u00eds de 85 mil habitantes que viven en 468 kil\u00f3metros cuadrados entre Espa\u00f1a y Francia. Pero hasta ahora, los miembros de iglesia jam\u00e1s hab\u00edan tenido una iglesia registrada oficialmente.<\/p>\n<p>\u00abLas oraciones y el trabajo de unas pocas familias que viven en Andorra y Espa\u00f1a han producido el establecimiento de la Associaci\u00f3 Cristiana Adventista d\u2019Andorra\u00bb, expres\u00f3 en una declaraci\u00f3n la Uni\u00f3n de Iglesias Adventistas Espa\u00f1olas, que forma parte de la Divisi\u00f3n Intereuropea.<\/p>\n<p>El\u00a0gobierno de Andorra ha existido con un arreglo peculiar desde el a\u00f1o 1269, seg\u00fan se decreta en los llamados Acuerdos de Pareatge. El pa\u00eds cuenta con dos cabezas de estado o copr\u00edncipes: un pr\u00edncipe es el presidente de Francia, y el otro el obispo de Urgell (Catalu\u00f1a, Espa\u00f1a). Aunque ambos pr\u00edncipes reinan y llevan adelante las relaciones externas en nombre de la naci\u00f3n, ninguno de los dos realmente gobierna.\u00a0La Constituci\u00f3n de Andorra garantiza la no discriminaci\u00f3n por razones religiosas, y la libertad de cultos y de religi\u00f3n, pero hay una menci\u00f3n espec\u00edfica que otorga protecci\u00f3n y preeminencia a la iglesia tradicional de la naci\u00f3n. Estas leyes explican por qu\u00e9 la primera iglesia adventista de la naci\u00f3n tuvo que ser registrada como una \u201casociaci\u00f3n\u201d.<\/p>\n<p>La Associaci\u00f3 Cristiana Adventista d\u2019Andorra (A.C.A.D.A.) fue registrada y reconocida oficialmente por las autoridades locales, que ayudaron a que la asociaci\u00f3n cumpliera con los requisitos de la legislaci\u00f3n andorrana, el pasado 9 de mayo.<\/p>\n<div id=\"attachment_17289\" style=\"width: 501px\" class=\"wp-caption alignright\"><a href=\"\/interamerica\/wp-content\/uploads\/2017\/06\/Andorra3.jpg\" rel=\"fancybox\" title=\"Se inaugura primera iglesia adventista en Andorra\"><img decoding=\"async\" aria-describedby=\"caption-attachment-17289\" class=\" wp-image-17289  \" src=\"\/interamerica\/wp-content\/uploads\/2017\/06\/Andorra3.jpg\" alt=\"\" width=\"491\" height=\"369\" \/><\/a><p id=\"caption-attachment-17289\" class=\"wp-caption-text\">Los miembros de iglesia posan fuera del nuevo lugar de cultos.<\/p><\/div>\n<p>Despu\u00e9s de que se otorg\u00f3 el reconocimiento a la A.C.A.D.A., los miembros pudieron inaugurar unas instalaciones para usarlas como lugar de cultos.<\/p>\n<p>La Iglesia Adventista de Andorra inform\u00f3 tener diez miembros y un grupo en 2010, 2011 y 2012, seg\u00fan la Secretar\u00eda de Archivos, Estad\u00edsticas e Investigaci\u00f3n de la Iglesia Adventista. En 2013, inform\u00f3 un ministro ordenado y los diez miembros del grupo.<\/p>\n<p>El pastor Jes\u00fas Calvo, presidente de la Uni\u00f3n Espa\u00f1ola de Iglesias ofici\u00f3 la inauguraci\u00f3n. Andorra es parte de la Uni\u00f3n Espa\u00f1ola de Iglesias (UAE) en la Divisi\u00f3n Intereuropea. Los pastores de la iglesia, el pastor Daniel Posse y su esposa Sandra Patrone tambi\u00e9n estuvieron presentes. El matrimonio tambi\u00e9n cumple tareas pastorales en las iglesias cercanas de Lleida y Aitona (Espa\u00f1a).<\/p>\n<p>Casi 25 personas se re\u00fanen cada semana en la nueva iglesia, ubicada en\u00a0Avinguda d\u2019Enclar, 84, \u201cPrat Condal\u201d &#8211; Residencial, (Parada BUS: 5122 Sant Vicen\u00e7) Pla\u00e7a dels Estats Units d\u2019America, local, 5, AD500 &#8211; Santa Coloma &#8211; Andorra la Vella, Principat d\u2019Andorra. Los cultos de los viernes por la noche son llevados a cabo a las 19.30, y la Escuela Sab\u00e1tica comienza a las 10.30 todos los s\u00e1bados. El correo electr\u00f3nico de contacto de la iglesia es acada.ad@gmail.com.<\/p>\n<p>\u201cTodo el que quiera visitarnos ser\u00e1 muy bienvenido\u00bb, dijo Joan Amig\u00f3, que asiste a la iglesia y escribe para la edici\u00f3n local de la Revista Adventista.<\/p>\n<p><em>Traducci\u00f3n de Marcos Paseggi<\/em><\/p>\n","protected":false},"excerpt":{"rendered":"<p>La primera iglesia adventista fue inaugurada en el peque\u00f1o pa\u00eds europeo de Andorra, despu\u00e9s de m\u00e1s de cuarenta a\u00f1os de esfuerzos. La Iglesia Adventista ha estado presente por muchos a\u00f1os en Andorra, un pa\u00eds de 85 mil habitantes que viven en 468 kil\u00f3metros cuadrados entre Espa\u00f1a y Francia. Pero hasta ahora, los miembros de iglesia jam\u00e1s hab\u00edan tenido una iglesia registrada oficialmente.<\/p>\n","protected":false},"author":1,"featured_media":0,"comment_status":"closed","ping_status":"closed","sticky":false,"template":"","format":"standard","meta":{"_acf_changed":false,"footnotes":""},"categories":[14,15],"tags":[],"class_list":["post-30850","post","type-post","status-publish","format-standard","hentry","category-de-la-iglesia-mundial","category-rss-espanol"],"acf":[],"yoast_head":"<!-- This site is optimized with the Yoast SEO plugin v27.3 - https:\/\/yoast.com\/product\/yoast-seo-wordpress\/ -->\n<title>Se inaugura primera iglesia adventista en Andorra - Iglesia Adventista del S\u00e9ptimo D\u00eda - Divisi\u00f3n Interamericana<\/title>\n<meta name=\"robots\" content=\"index, follow, max-snippet:-1, max-image-preview:large, max-video-preview:-1\" \/>\n<link rel=\"canonical\" href=\"https:\/\/interamerica.org\/es\/2015\/06\/se-inaugura-primera-iglesia-adventista-en-andorra\/\" \/>\n<meta property=\"og:locale\" content=\"es_ES\" \/>\n<meta property=\"og:type\" content=\"article\" \/>\n<meta property=\"og:title\" content=\"Se inaugura primera iglesia adventista en Andorra - Iglesia Adventista del S\u00e9ptimo D\u00eda - Divisi\u00f3n Interamericana\" \/>\n<meta property=\"og:description\" content=\"La primera iglesia adventista fue inaugurada en el peque\u00f1o pa\u00eds europeo de Andorra, despu\u00e9s de m\u00e1s de cuarenta a\u00f1os de esfuerzos. La Iglesia Adventista ha estado presente por muchos a\u00f1os en Andorra, un pa\u00eds de 85 mil habitantes que viven en 468 kil\u00f3metros cuadrados entre Espa\u00f1a y Francia. Pero hasta ahora, los miembros de iglesia jam\u00e1s hab\u00edan tenido una iglesia registrada oficialmente.\" \/>\n<meta property=\"og:url\" content=\"https:\/\/interamerica.org\/es\/2015\/06\/se-inaugura-primera-iglesia-adventista-en-andorra\/\" \/>\n<meta property=\"og:site_name\" content=\"Iglesia Adventista del S\u00e9ptimo D\u00eda - Divisi\u00f3n Interamericana\" \/>\n<meta property=\"article:published_time\" content=\"2015-06-03T04:00:00+00:00\" \/>\n<meta name=\"author\" content=\"Lorenzo Verduzco\" \/>\n<meta name=\"twitter:card\" content=\"summary_large_image\" \/>\n<meta name=\"twitter:label1\" content=\"Escrito por\" \/>\n\t<meta name=\"twitter:data1\" content=\"Lorenzo Verduzco\" \/>\n\t<meta name=\"twitter:label2\" content=\"Tiempo de lectura\" \/>\n\t<meta name=\"twitter:data2\" content=\"3 minutos\" \/>\n<script type=\"application\/ld+json\" class=\"yoast-schema-graph\">{\"@context\":\"https:\\\/\\\/schema.org\",\"@graph\":[{\"@type\":\"Article\",\"@id\":\"https:\\\/\\\/interamerica.org\\\/es\\\/2015\\\/06\\\/se-inaugura-primera-iglesia-adventista-en-andorra\\\/#article\",\"isPartOf\":{\"@id\":\"https:\\\/\\\/interamerica.org\\\/es\\\/2015\\\/06\\\/se-inaugura-primera-iglesia-adventista-en-andorra\\\/\"},\"author\":{\"name\":\"Lorenzo Verduzco\",\"@id\":\"https:\\\/\\\/interamerica.org\\\/es\\\/#\\\/schema\\\/person\\\/68ede8bdc292885bb76c1e3810e73c39\"},\"headline\":\"Se inaugura primera iglesia adventista en Andorra\",\"datePublished\":\"2015-06-03T04:00:00+00:00\",\"mainEntityOfPage\":{\"@id\":\"https:\\\/\\\/interamerica.org\\\/es\\\/2015\\\/06\\\/se-inaugura-primera-iglesia-adventista-en-andorra\\\/\"},\"wordCount\":622,\"articleSection\":[\"Desde la iglesia mundial\",\"RSS Espa\u00f1ol\"],\"inLanguage\":\"es\"},{\"@type\":\"WebPage\",\"@id\":\"https:\\\/\\\/interamerica.org\\\/es\\\/2015\\\/06\\\/se-inaugura-primera-iglesia-adventista-en-andorra\\\/\",\"url\":\"https:\\\/\\\/interamerica.org\\\/es\\\/2015\\\/06\\\/se-inaugura-primera-iglesia-adventista-en-andorra\\\/\",\"name\":\"Se inaugura primera iglesia adventista en Andorra - Iglesia Adventista del S\u00e9ptimo D\u00eda - Divisi\u00f3n Interamericana\",\"isPartOf\":{\"@id\":\"https:\\\/\\\/interamerica.org\\\/es\\\/#website\"},\"datePublished\":\"2015-06-03T04:00:00+00:00\",\"author\":{\"@id\":\"https:\\\/\\\/interamerica.org\\\/es\\\/#\\\/schema\\\/person\\\/68ede8bdc292885bb76c1e3810e73c39\"},\"breadcrumb\":{\"@id\":\"https:\\\/\\\/interamerica.org\\\/es\\\/2015\\\/06\\\/se-inaugura-primera-iglesia-adventista-en-andorra\\\/#breadcrumb\"},\"inLanguage\":\"es\",\"potentialAction\":[{\"@type\":\"ReadAction\",\"target\":[\"https:\\\/\\\/interamerica.org\\\/es\\\/2015\\\/06\\\/se-inaugura-primera-iglesia-adventista-en-andorra\\\/\"]}]},{\"@type\":\"BreadcrumbList\",\"@id\":\"https:\\\/\\\/interamerica.org\\\/es\\\/2015\\\/06\\\/se-inaugura-primera-iglesia-adventista-en-andorra\\\/#breadcrumb\",\"itemListElement\":[{\"@type\":\"ListItem\",\"position\":1,\"name\":\"Home\",\"item\":\"https:\\\/\\\/interamerica.org\\\/es\\\/\"},{\"@type\":\"ListItem\",\"position\":2,\"name\":\"Se inaugura primera iglesia adventista en Andorra\"}]},{\"@type\":\"WebSite\",\"@id\":\"https:\\\/\\\/interamerica.org\\\/es\\\/#website\",\"url\":\"https:\\\/\\\/interamerica.org\\\/es\\\/\",\"name\":\"Iglesia Adventista del S\u00e9ptimo D\u00eda - Divisi\u00f3n Interamericana\",\"description\":\"\",\"potentialAction\":[{\"@type\":\"SearchAction\",\"target\":{\"@type\":\"EntryPoint\",\"urlTemplate\":\"https:\\\/\\\/interamerica.org\\\/es\\\/?s={search_term_string}\"},\"query-input\":{\"@type\":\"PropertyValueSpecification\",\"valueRequired\":true,\"valueName\":\"search_term_string\"}}],\"inLanguage\":\"es\"},{\"@type\":\"Person\",\"@id\":\"https:\\\/\\\/interamerica.org\\\/es\\\/#\\\/schema\\\/person\\\/68ede8bdc292885bb76c1e3810e73c39\",\"name\":\"Lorenzo Verduzco\",\"image\":{\"@type\":\"ImageObject\",\"inLanguage\":\"es\",\"@id\":\"https:\\\/\\\/secure.gravatar.com\\\/avatar\\\/fb81a55b6218459490a9c1dc841a34909185b81904c5337b4b27f7a6fd60c49e?s=96&d=mm&r=g\",\"url\":\"https:\\\/\\\/secure.gravatar.com\\\/avatar\\\/fb81a55b6218459490a9c1dc841a34909185b81904c5337b4b27f7a6fd60c49e?s=96&d=mm&r=g\",\"contentUrl\":\"https:\\\/\\\/secure.gravatar.com\\\/avatar\\\/fb81a55b6218459490a9c1dc841a34909185b81904c5337b4b27f7a6fd60c49e?s=96&d=mm&r=g\",\"caption\":\"Lorenzo Verduzco\"}}]}<\/script>\n<!-- \/ Yoast SEO plugin. -->","yoast_head_json":{"title":"Se inaugura primera iglesia adventista en Andorra - Iglesia Adventista del S\u00e9ptimo D\u00eda - Divisi\u00f3n Interamericana","robots":{"index":"index","follow":"follow","max-snippet":"max-snippet:-1","max-image-preview":"max-image-preview:large","max-video-preview":"max-video-preview:-1"},"canonical":"https:\/\/interamerica.org\/es\/2015\/06\/se-inaugura-primera-iglesia-adventista-en-andorra\/","og_locale":"es_ES","og_type":"article","og_title":"Se inaugura primera iglesia adventista en Andorra - Iglesia Adventista del S\u00e9ptimo D\u00eda - Divisi\u00f3n Interamericana","og_description":"La primera iglesia adventista fue inaugurada en el peque\u00f1o pa\u00eds europeo de Andorra, despu\u00e9s de m\u00e1s de cuarenta a\u00f1os de esfuerzos. La Iglesia Adventista ha estado presente por muchos a\u00f1os en Andorra, un pa\u00eds de 85 mil habitantes que viven en 468 kil\u00f3metros cuadrados entre Espa\u00f1a y Francia. Pero hasta ahora, los miembros de iglesia jam\u00e1s hab\u00edan tenido una iglesia registrada oficialmente.","og_url":"https:\/\/interamerica.org\/es\/2015\/06\/se-inaugura-primera-iglesia-adventista-en-andorra\/","og_site_name":"Iglesia Adventista del S\u00e9ptimo D\u00eda - Divisi\u00f3n Interamericana","article_published_time":"2015-06-03T04:00:00+00:00","author":"Lorenzo Verduzco","twitter_card":"summary_large_image","twitter_misc":{"Escrito por":"Lorenzo Verduzco","Tiempo de lectura":"3 minutos"},"schema":{"@context":"https:\/\/schema.org","@graph":[{"@type":"Article","@id":"https:\/\/interamerica.org\/es\/2015\/06\/se-inaugura-primera-iglesia-adventista-en-andorra\/#article","isPartOf":{"@id":"https:\/\/interamerica.org\/es\/2015\/06\/se-inaugura-primera-iglesia-adventista-en-andorra\/"},"author":{"name":"Lorenzo Verduzco","@id":"https:\/\/interamerica.org\/es\/#\/schema\/person\/68ede8bdc292885bb76c1e3810e73c39"},"headline":"Se inaugura primera iglesia adventista en Andorra","datePublished":"2015-06-03T04:00:00+00:00","mainEntityOfPage":{"@id":"https:\/\/interamerica.org\/es\/2015\/06\/se-inaugura-primera-iglesia-adventista-en-andorra\/"},"wordCount":622,"articleSection":["Desde la iglesia mundial","RSS Espa\u00f1ol"],"inLanguage":"es"},{"@type":"WebPage","@id":"https:\/\/interamerica.org\/es\/2015\/06\/se-inaugura-primera-iglesia-adventista-en-andorra\/","url":"https:\/\/interamerica.org\/es\/2015\/06\/se-inaugura-primera-iglesia-adventista-en-andorra\/","name":"Se inaugura primera iglesia adventista en Andorra - Iglesia Adventista del S\u00e9ptimo D\u00eda - Divisi\u00f3n Interamericana","isPartOf":{"@id":"https:\/\/interamerica.org\/es\/#website"},"datePublished":"2015-06-03T04:00:00+00:00","author":{"@id":"https:\/\/interamerica.org\/es\/#\/schema\/person\/68ede8bdc292885bb76c1e3810e73c39"},"breadcrumb":{"@id":"https:\/\/interamerica.org\/es\/2015\/06\/se-inaugura-primera-iglesia-adventista-en-andorra\/#breadcrumb"},"inLanguage":"es","potentialAction":[{"@type":"ReadAction","target":["https:\/\/interamerica.org\/es\/2015\/06\/se-inaugura-primera-iglesia-adventista-en-andorra\/"]}]},{"@type":"BreadcrumbList","@id":"https:\/\/interamerica.org\/es\/2015\/06\/se-inaugura-primera-iglesia-adventista-en-andorra\/#breadcrumb","itemListElement":[{"@type":"ListItem","position":1,"name":"Home","item":"https:\/\/interamerica.org\/es\/"},{"@type":"ListItem","position":2,"name":"Se inaugura primera iglesia adventista en Andorra"}]},{"@type":"WebSite","@id":"https:\/\/interamerica.org\/es\/#website","url":"https:\/\/interamerica.org\/es\/","name":"Iglesia Adventista del S\u00e9ptimo D\u00eda - Divisi\u00f3n Interamericana","description":"","potentialAction":[{"@type":"SearchAction","target":{"@type":"EntryPoint","urlTemplate":"https:\/\/interamerica.org\/es\/?s={search_term_string}"},"query-input":{"@type":"PropertyValueSpecification","valueRequired":true,"valueName":"search_term_string"}}],"inLanguage":"es"},{"@type":"Person","@id":"https:\/\/interamerica.org\/es\/#\/schema\/person\/68ede8bdc292885bb76c1e3810e73c39","name":"Lorenzo Verduzco","image":{"@type":"ImageObject","inLanguage":"es","@id":"https:\/\/secure.gravatar.com\/avatar\/fb81a55b6218459490a9c1dc841a34909185b81904c5337b4b27f7a6fd60c49e?s=96&d=mm&r=g","url":"https:\/\/secure.gravatar.com\/avatar\/fb81a55b6218459490a9c1dc841a34909185b81904c5337b4b27f7a6fd60c49e?s=96&d=mm&r=g","contentUrl":"https:\/\/secure.gravatar.com\/avatar\/fb81a55b6218459490a9c1dc841a34909185b81904c5337b4b27f7a6fd60c49e?s=96&d=mm&r=g","caption":"Lorenzo Verduzco"}}]}},"_links":{"self":[{"href":"https:\/\/interamerica.org\/es\/wp-json\/wp\/v2\/posts\/30850","targetHints":{"allow":["GET"]}}],"collection":[{"href":"https:\/\/interamerica.org\/es\/wp-json\/wp\/v2\/posts"}],"about":[{"href":"https:\/\/interamerica.org\/es\/wp-json\/wp\/v2\/types\/post"}],"author":[{"embeddable":true,"href":"https:\/\/interamerica.org\/es\/wp-json\/wp\/v2\/users\/1"}],"replies":[{"embeddable":true,"href":"https:\/\/interamerica.org\/es\/wp-json\/wp\/v2\/comments?post=30850"}],"version-history":[{"count":0,"href":"https:\/\/interamerica.org\/es\/wp-json\/wp\/v2\/posts\/30850\/revisions"}],"wp:attachment":[{"href":"https:\/\/interamerica.org\/es\/wp-json\/wp\/v2\/media?parent=30850"}],"wp:term":[{"taxonomy":"category","embeddable":true,"href":"https:\/\/interamerica.org\/es\/wp-json\/wp\/v2\/categories?post=30850"},{"taxonomy":"post_tag","embeddable":true,"href":"https:\/\/interamerica.org\/es\/wp-json\/wp\/v2\/tags?post=30850"}],"curies":[{"name":"wp","href":"https:\/\/api.w.org\/{rel}","templated":true}]}}