{"id":30851,"date":"2015-06-05T00:00:00","date_gmt":"2015-06-05T04:00:00","guid":{"rendered":"http:\/\/192.81.217.108\/interamerica\/2015\/06\/iglesia-adventista-inaugura-primer-templo-modelo-en-el-sureste-de-mexico\/"},"modified":"2015-06-05T00:00:00","modified_gmt":"2015-06-05T04:00:00","slug":"iglesia-adventista-inaugura-primer-templo-modelo-en-el-sureste-de-mexico","status":"publish","type":"post","link":"https:\/\/interamerica.org\/es\/2015\/06\/iglesia-adventista-inaugura-primer-templo-modelo-en-el-sureste-de-mexico\/","title":{"rendered":"Iglesia Adventista inaugura primer templo modelo en el sureste de M\u00e9xico"},"content":{"rendered":"<div id=\"attachment_17312\" style=\"width: 610px\" class=\"wp-caption aligncenter\"><a href=\"\/interamerica\/wp-content\/uploads\/2017\/06\/ElPedregal-church6001.png\" rel=\"fancybox\" title=\"Iglesia Adventista inaugura primer templo modelo en el sureste de M\u00e9xico\"><img fetchpriority=\"high\" decoding=\"async\" aria-describedby=\"caption-attachment-17312\" class=\"size-full wp-image-17312\" src=\"\/interamerica\/wp-content\/uploads\/2017\/06\/ElPedregal-church6001.png\" alt=\"\" width=\"600\" height=\"450\" \/><\/a><p id=\"caption-attachment-17312\" class=\"wp-caption-text\">La nueva iglesia adventista El Pedregal en Playa Carmen del R\u00edo, en Quintana Roo, M\u00e9xico, lista para ser inaugurada por los l\u00edderes y miembros de iglesia el pasado 17 de mayo de 2015. El nuevo templo fue el primero entre los muchos planeados en la regi\u00f3n Sureste de M\u00e9xico que seguir\u00e1 un modelo est\u00e1ndar de la nave principal para los templos peque\u00f1os, medianos y grandes. Fotograf\u00eda de Israel Leito\/DIA<\/p><\/div>\n<p>4 de junio de 2015 | Playa del Carmen, Quintana Roo, M\u00e9xico | DIA<\/p>\n<div id=\"attachment_17309\" style=\"width: 330px\" class=\"wp-caption alignleft\"><a href=\"\/interamerica\/wp-content\/uploads\/2017\/06\/Leito-Espinoza400.png\" rel=\"fancybox\" title=\"Iglesia Adventista inaugura primer templo modelo en el sureste de M\u00e9xico\"><img decoding=\"async\" aria-describedby=\"caption-attachment-17309\" class=\" wp-image-17309 \" src=\"\/interamerica\/wp-content\/uploads\/2017\/06\/Leito-Espinoza400.png\" alt=\"\" width=\"320\" height=\"202\" \/><\/a><p id=\"caption-attachment-17309\" class=\"wp-caption-text\">El pastor Israel Leito, presidente de la Divisi\u00f3n Interamericana (derecha), se apresta a cortar la cinta del nuevo templo junto al pastor Isa\u00edas Espinoza, presidente de la Iglesia Adventista en el Sureste de M\u00e9xico. Imagen por cortes\u00eda de la Uni\u00f3n del Sureste Mexicano<\/p><\/div>\n<p>La Iglesia Adventista de la regi\u00f3n Sureste de M\u00e9xico inaugur\u00f3 hace poco su primer templo modelo en Riviera del Carmen, en el estado de Quintana Roo, gracias a las fieles donaciones de los miembros de iglesia, y los fondos reunidos por la asociaci\u00f3n local, la uni\u00f3n y la Divisi\u00f3n Interamericana (DIA).<\/p>\n<p>La iglesia adventista El Pedregal lleg\u00f3 as\u00ed a ser la primera entre las muchas iglesias planeadas para la regi\u00f3n que seguir\u00e1n un modelo est\u00e1ndar que llevar\u00e1 el logotipo corporativo de la iglesia y que tiene una estructura fija para la nave principal de iglesias peque\u00f1as, medianas y grandes, seg\u00fan los l\u00edderes de la iglesia local.<\/p>\n<p>La iniciativa del templo es consecuencia de la votaci\u00f3n de un plan estrat\u00e9gico en 2013 para la regi\u00f3n que busca construir nuevos templos que representen a la iglesia de manera uniforme en toda la regi\u00f3n, dijo el pastor Isa\u00edas Espinoza, presidente de la iglesia en la regi\u00f3n Sureste de M\u00e9xico, que supervisa los estados de Campeche, Quintana Roo, Yucat\u00e1n y secciones meridionales del estado de Tabasco.<\/p>\n<div id=\"attachment_17310\" style=\"width: 330px\" class=\"wp-caption alignright\"><a href=\"\/interamerica\/wp-content\/uploads\/2017\/06\/Elpedregal-insde400.png\" rel=\"fancybox\" title=\"Iglesia Adventista inaugura primer templo modelo en el sureste de M\u00e9xico\"><img decoding=\"async\" aria-describedby=\"caption-attachment-17310\" class=\" wp-image-17310 \" src=\"\/interamerica\/wp-content\/uploads\/2017\/06\/Elpedregal-insde400.png\" alt=\"\" width=\"320\" height=\"240\" \/><\/a><p id=\"caption-attachment-17310\" class=\"wp-caption-text\">La iglesia tiene capacidad de albergar a 140 personas sentadas. Imagen por cortes\u00eda de la Uni\u00f3n del Sureste Mexicano<\/p><\/div>\n<p>El pastor Israel Leito, presidente de la Divisi\u00f3n Interamericana, cort\u00f3 la cinta en la dedicaci\u00f3n del nuevo templo el pasado 17 de mayo de 2015. El pastor Leito desafi\u00f3 a los 47 miembros de la iglesia adventista El Pedregal que contin\u00faen brillando su luz en la comunidad circundante.<\/p>\n<p>\u00abEsparzan el mensaje de salvaci\u00f3n y esperanza en su comunidad aqu\u00ed\u00bb, dijo el pastor Leito. \u00abEl mensaje se est\u00e1 esparciendo con rapidez en esta parte del pa\u00eds, y estamos seguros de que en pocos a\u00f1os esta iglesia estar\u00e1 llena de creyentes listos para la segunda venida de Cristo\u00bb. La iglesia tiene lugar para 140 personas, un bautisterio, una oficina pastoral, una sala de di\u00e1conos, salones para las Escuelas Sab\u00e1ticas y servicios sanitarios.<\/p>\n<p>El pastor Leito agradeci\u00f3 a decenas de l\u00edderes de la iglesia local y regional durante el programa inaugural, y comparti\u00f3 los saludos del personal de la DIA, que junto con sus familias ayudaron a mezclar y volcar bloques de cemento cuando comenz\u00f3 a construirse la iglesia el verano pasado, durante un retiro espiritual en la zona.<\/p>\n<p>\u00abHoy es un d\u00eda de celebraci\u00f3n para todos los miembros de nuestra iglesia en El Pedregal\u00bb, dijo el pastor L\u00f3pez, presidente de la Asociaci\u00f3n Norte de Quintana Roo, territorio dentro del cual se encuentra el nuevo templo, durante el programa. \u00abNos sentimos muy felices, porque Dios ha bendecido abundantemente a esta iglesia\u00bb.<\/p>\n<div id=\"attachment_17307\" style=\"width: 410px\" class=\"wp-caption alignright\"><a href=\"\/interamerica\/wp-content\/uploads\/2017\/06\/IADmissionPlayaCarmen400.png\" rel=\"fancybox\" title=\"Iglesia Adventista inaugura primer templo modelo en el sureste de M\u00e9xico\"><img loading=\"lazy\" decoding=\"async\" aria-describedby=\"caption-attachment-17307\" class=\"size-full wp-image-17307\" src=\"\/interamerica\/wp-content\/uploads\/2017\/06\/IADmissionPlayaCarmen400.png\" alt=\"\" width=\"400\" height=\"311\" \/><\/a><p id=\"caption-attachment-17307\" class=\"wp-caption-text\">Un grupo del personal de la DIA posa con los miembros y obreros despu\u00e9s de trabajar en la tarea de mezclar y volcar el cemento para la nueva iglesia adventista El Pedregal, en Carmen del R\u00edo, Quintana Roo, M\u00e9xico, en junio de 2014. Imagen de Libna Stevens\/DIA<\/p><\/div>\n<p>M\u00e1s de quince visitas asistieron a la iglesia y se llevaron a cabo tres bautismos durante la celebraci\u00f3n inaugural, en la que los l\u00edderes y miembros de la iglesia se dieron cita en el nuevo templo. Seg\u00fan Otoniel L\u00f3pez, la nueva iglesia adventista El Pedregal se hizo realidad para el grupo de diez miembros que comenzaron a efectuar los pagos de la propiedad en el distrito 2 de Plata del Carmen. La tierra en este distrito es costosa, y solo hab\u00eda unos pocos terrenos disponibles.<\/p>\n<p>Hasta el momento, el templo ha costado unos 155 mil d\u00f3lares estadounidenses, lo que incluye el costo de la propiedad, dijo L\u00f3pez. El nuevo templo pronto tendr\u00e1 aire acondicionado. La Uni\u00f3n del Sureste Mexicano es una de las cinco regiones principales de M\u00e9xico, y cuenta con 86.507 miembros que se re\u00fanen en 1096 iglesias y grupos.<\/p>\n<p>Si desea m\u00e1s informaci\u00f3n sobre la Iglesia Adventista en la regi\u00f3n Sureste de M\u00e9xico, visite\u00a0<a href=\"http:\/\/www.unionsureste.org.mx\">unionsureste.org.mx<\/a><\/p>\n<p><em>Traducci\u00f3n de Marcos Paseggi<\/em><\/p>\n","protected":false},"excerpt":{"rendered":"<p>La Iglesia Adventista de la regi\u00f3n Sureste de M\u00e9xico inaugur\u00f3 hace poco su primer templo modelo en Riviera del Carmen, en el estado de Quintana Roo, gracias a las fieles donaciones de los miembros de iglesia, y los fondos reunidos por la asociaci\u00f3n local, la uni\u00f3n y la Divisi\u00f3n Interamericana (DIA). <\/p>\n<p>La iglesia adventista El Pedregal lleg\u00f3 as\u00ed a ser la primera entre las muchas iglesias planeadas para la regi\u00f3n que seguir\u00e1n un modelo est\u00e1ndar que llevar\u00e1 el logotipo corporativo de la iglesia y que tiene una estructura fija para la nave principal de iglesias peque\u00f1as, medianas y grandes, seg\u00fan los l\u00edderes de la iglesia local.<\/p>\n","protected":false},"author":1,"featured_media":25499,"comment_status":"closed","ping_status":"closed","sticky":false,"template":"","format":"standard","meta":{"_acf_changed":false,"footnotes":""},"categories":[17,15],"tags":[],"class_list":["post-30851","post","type-post","status-publish","format-standard","has-post-thumbnail","hentry","category-desde-el-campo","category-rss-espanol"],"acf":[],"yoast_head":"<!-- This site is optimized with the Yoast SEO plugin v27.3 - https:\/\/yoast.com\/product\/yoast-seo-wordpress\/ -->\n<title>Iglesia Adventista inaugura primer templo modelo en el sureste de M\u00e9xico - Iglesia Adventista del S\u00e9ptimo D\u00eda - Divisi\u00f3n Interamericana<\/title>\n<meta name=\"robots\" content=\"index, follow, max-snippet:-1, max-image-preview:large, max-video-preview:-1\" \/>\n<link rel=\"canonical\" href=\"https:\/\/interamerica.org\/es\/2015\/06\/iglesia-adventista-inaugura-primer-templo-modelo-en-el-sureste-de-mexico\/\" \/>\n<meta property=\"og:locale\" content=\"es_ES\" \/>\n<meta property=\"og:type\" content=\"article\" \/>\n<meta property=\"og:title\" content=\"Iglesia Adventista inaugura primer templo modelo en el sureste de M\u00e9xico - Iglesia Adventista del S\u00e9ptimo D\u00eda - Divisi\u00f3n Interamericana\" \/>\n<meta property=\"og:description\" content=\"La Iglesia Adventista de la regi\u00f3n Sureste de M\u00e9xico inaugur\u00f3 hace poco su primer templo modelo en Riviera del Carmen, en el estado de Quintana Roo, gracias a las fieles donaciones de los miembros de iglesia, y los fondos reunidos por la asociaci\u00f3n local, la uni\u00f3n y la Divisi\u00f3n Interamericana (DIA).  La iglesia adventista El Pedregal lleg\u00f3 as\u00ed a ser la primera entre las muchas iglesias planeadas para la regi\u00f3n que seguir\u00e1n un modelo est\u00e1ndar que llevar\u00e1 el logotipo corporativo de la iglesia y que tiene una estructura fija para la nave principal de iglesias peque\u00f1as, medianas y grandes, seg\u00fan los l\u00edderes de la iglesia local.\" \/>\n<meta property=\"og:url\" content=\"https:\/\/interamerica.org\/es\/2015\/06\/iglesia-adventista-inaugura-primer-templo-modelo-en-el-sureste-de-mexico\/\" \/>\n<meta property=\"og:site_name\" content=\"Iglesia Adventista del S\u00e9ptimo D\u00eda - Divisi\u00f3n Interamericana\" \/>\n<meta property=\"article:published_time\" content=\"2015-06-05T04:00:00+00:00\" \/>\n<meta property=\"og:image\" content=\"https:\/\/interamerica.org\/wp-content\/uploads\/2017\/06\/ElPedregal-church6001.png\" \/>\n\t<meta property=\"og:image:width\" content=\"600\" \/>\n\t<meta property=\"og:image:height\" content=\"450\" \/>\n\t<meta property=\"og:image:type\" content=\"image\/png\" \/>\n<meta name=\"author\" content=\"Lorenzo Verduzco\" \/>\n<meta name=\"twitter:card\" content=\"summary_large_image\" \/>\n<meta name=\"twitter:label1\" content=\"Escrito por\" \/>\n\t<meta name=\"twitter:data1\" content=\"Lorenzo Verduzco\" \/>\n\t<meta name=\"twitter:label2\" content=\"Tiempo de lectura\" \/>\n\t<meta name=\"twitter:data2\" content=\"4 minutos\" \/>\n<script type=\"application\/ld+json\" class=\"yoast-schema-graph\">{\"@context\":\"https:\\\/\\\/schema.org\",\"@graph\":[{\"@type\":\"Article\",\"@id\":\"https:\\\/\\\/interamerica.org\\\/es\\\/2015\\\/06\\\/iglesia-adventista-inaugura-primer-templo-modelo-en-el-sureste-de-mexico\\\/#article\",\"isPartOf\":{\"@id\":\"https:\\\/\\\/interamerica.org\\\/es\\\/2015\\\/06\\\/iglesia-adventista-inaugura-primer-templo-modelo-en-el-sureste-de-mexico\\\/\"},\"author\":{\"name\":\"Lorenzo Verduzco\",\"@id\":\"https:\\\/\\\/interamerica.org\\\/es\\\/#\\\/schema\\\/person\\\/68ede8bdc292885bb76c1e3810e73c39\"},\"headline\":\"Iglesia Adventista inaugura primer templo modelo en el sureste de M\u00e9xico\",\"datePublished\":\"2015-06-05T04:00:00+00:00\",\"mainEntityOfPage\":{\"@id\":\"https:\\\/\\\/interamerica.org\\\/es\\\/2015\\\/06\\\/iglesia-adventista-inaugura-primer-templo-modelo-en-el-sureste-de-mexico\\\/\"},\"wordCount\":847,\"image\":{\"@id\":\"https:\\\/\\\/interamerica.org\\\/es\\\/2015\\\/06\\\/iglesia-adventista-inaugura-primer-templo-modelo-en-el-sureste-de-mexico\\\/#primaryimage\"},\"thumbnailUrl\":\"https:\\\/\\\/interamerica.org\\\/wp-content\\\/uploads\\\/2017\\\/06\\\/ElPedregal-church6001.png\",\"articleSection\":[\"Desde el campo\",\"RSS Espa\u00f1ol\"],\"inLanguage\":\"es\"},{\"@type\":\"WebPage\",\"@id\":\"https:\\\/\\\/interamerica.org\\\/es\\\/2015\\\/06\\\/iglesia-adventista-inaugura-primer-templo-modelo-en-el-sureste-de-mexico\\\/\",\"url\":\"https:\\\/\\\/interamerica.org\\\/es\\\/2015\\\/06\\\/iglesia-adventista-inaugura-primer-templo-modelo-en-el-sureste-de-mexico\\\/\",\"name\":\"Iglesia Adventista inaugura primer templo modelo en el sureste de M\u00e9xico - Iglesia Adventista del S\u00e9ptimo D\u00eda - Divisi\u00f3n Interamericana\",\"isPartOf\":{\"@id\":\"https:\\\/\\\/interamerica.org\\\/es\\\/#website\"},\"primaryImageOfPage\":{\"@id\":\"https:\\\/\\\/interamerica.org\\\/es\\\/2015\\\/06\\\/iglesia-adventista-inaugura-primer-templo-modelo-en-el-sureste-de-mexico\\\/#primaryimage\"},\"image\":{\"@id\":\"https:\\\/\\\/interamerica.org\\\/es\\\/2015\\\/06\\\/iglesia-adventista-inaugura-primer-templo-modelo-en-el-sureste-de-mexico\\\/#primaryimage\"},\"thumbnailUrl\":\"https:\\\/\\\/interamerica.org\\\/wp-content\\\/uploads\\\/2017\\\/06\\\/ElPedregal-church6001.png\",\"datePublished\":\"2015-06-05T04:00:00+00:00\",\"author\":{\"@id\":\"https:\\\/\\\/interamerica.org\\\/es\\\/#\\\/schema\\\/person\\\/68ede8bdc292885bb76c1e3810e73c39\"},\"breadcrumb\":{\"@id\":\"https:\\\/\\\/interamerica.org\\\/es\\\/2015\\\/06\\\/iglesia-adventista-inaugura-primer-templo-modelo-en-el-sureste-de-mexico\\\/#breadcrumb\"},\"inLanguage\":\"es\",\"potentialAction\":[{\"@type\":\"ReadAction\",\"target\":[\"https:\\\/\\\/interamerica.org\\\/es\\\/2015\\\/06\\\/iglesia-adventista-inaugura-primer-templo-modelo-en-el-sureste-de-mexico\\\/\"]}]},{\"@type\":\"ImageObject\",\"inLanguage\":\"es\",\"@id\":\"https:\\\/\\\/interamerica.org\\\/es\\\/2015\\\/06\\\/iglesia-adventista-inaugura-primer-templo-modelo-en-el-sureste-de-mexico\\\/#primaryimage\",\"url\":\"https:\\\/\\\/interamerica.org\\\/wp-content\\\/uploads\\\/2017\\\/06\\\/ElPedregal-church6001.png\",\"contentUrl\":\"https:\\\/\\\/interamerica.org\\\/wp-content\\\/uploads\\\/2017\\\/06\\\/ElPedregal-church6001.png\",\"width\":600,\"height\":450},{\"@type\":\"BreadcrumbList\",\"@id\":\"https:\\\/\\\/interamerica.org\\\/es\\\/2015\\\/06\\\/iglesia-adventista-inaugura-primer-templo-modelo-en-el-sureste-de-mexico\\\/#breadcrumb\",\"itemListElement\":[{\"@type\":\"ListItem\",\"position\":1,\"name\":\"Home\",\"item\":\"https:\\\/\\\/interamerica.org\\\/es\\\/\"},{\"@type\":\"ListItem\",\"position\":2,\"name\":\"Iglesia Adventista inaugura primer templo modelo en el sureste de M\u00e9xico\"}]},{\"@type\":\"WebSite\",\"@id\":\"https:\\\/\\\/interamerica.org\\\/es\\\/#website\",\"url\":\"https:\\\/\\\/interamerica.org\\\/es\\\/\",\"name\":\"Iglesia Adventista del S\u00e9ptimo D\u00eda - Divisi\u00f3n Interamericana\",\"description\":\"\",\"potentialAction\":[{\"@type\":\"SearchAction\",\"target\":{\"@type\":\"EntryPoint\",\"urlTemplate\":\"https:\\\/\\\/interamerica.org\\\/es\\\/?s={search_term_string}\"},\"query-input\":{\"@type\":\"PropertyValueSpecification\",\"valueRequired\":true,\"valueName\":\"search_term_string\"}}],\"inLanguage\":\"es\"},{\"@type\":\"Person\",\"@id\":\"https:\\\/\\\/interamerica.org\\\/es\\\/#\\\/schema\\\/person\\\/68ede8bdc292885bb76c1e3810e73c39\",\"name\":\"Lorenzo Verduzco\",\"image\":{\"@type\":\"ImageObject\",\"inLanguage\":\"es\",\"@id\":\"https:\\\/\\\/secure.gravatar.com\\\/avatar\\\/fb81a55b6218459490a9c1dc841a34909185b81904c5337b4b27f7a6fd60c49e?s=96&d=mm&r=g\",\"url\":\"https:\\\/\\\/secure.gravatar.com\\\/avatar\\\/fb81a55b6218459490a9c1dc841a34909185b81904c5337b4b27f7a6fd60c49e?s=96&d=mm&r=g\",\"contentUrl\":\"https:\\\/\\\/secure.gravatar.com\\\/avatar\\\/fb81a55b6218459490a9c1dc841a34909185b81904c5337b4b27f7a6fd60c49e?s=96&d=mm&r=g\",\"caption\":\"Lorenzo Verduzco\"}}]}<\/script>\n<!-- \/ Yoast SEO plugin. -->","yoast_head_json":{"title":"Iglesia Adventista inaugura primer templo modelo en el sureste de M\u00e9xico - Iglesia Adventista del S\u00e9ptimo D\u00eda - Divisi\u00f3n Interamericana","robots":{"index":"index","follow":"follow","max-snippet":"max-snippet:-1","max-image-preview":"max-image-preview:large","max-video-preview":"max-video-preview:-1"},"canonical":"https:\/\/interamerica.org\/es\/2015\/06\/iglesia-adventista-inaugura-primer-templo-modelo-en-el-sureste-de-mexico\/","og_locale":"es_ES","og_type":"article","og_title":"Iglesia Adventista inaugura primer templo modelo en el sureste de M\u00e9xico - Iglesia Adventista del S\u00e9ptimo D\u00eda - Divisi\u00f3n Interamericana","og_description":"La Iglesia Adventista de la regi\u00f3n Sureste de M\u00e9xico inaugur\u00f3 hace poco su primer templo modelo en Riviera del Carmen, en el estado de Quintana Roo, gracias a las fieles donaciones de los miembros de iglesia, y los fondos reunidos por la asociaci\u00f3n local, la uni\u00f3n y la Divisi\u00f3n Interamericana (DIA).  La iglesia adventista El Pedregal lleg\u00f3 as\u00ed a ser la primera entre las muchas iglesias planeadas para la regi\u00f3n que seguir\u00e1n un modelo est\u00e1ndar que llevar\u00e1 el logotipo corporativo de la iglesia y que tiene una estructura fija para la nave principal de iglesias peque\u00f1as, medianas y grandes, seg\u00fan los l\u00edderes de la iglesia local.","og_url":"https:\/\/interamerica.org\/es\/2015\/06\/iglesia-adventista-inaugura-primer-templo-modelo-en-el-sureste-de-mexico\/","og_site_name":"Iglesia Adventista del S\u00e9ptimo D\u00eda - Divisi\u00f3n Interamericana","article_published_time":"2015-06-05T04:00:00+00:00","og_image":[{"width":600,"height":450,"url":"https:\/\/interamerica.org\/wp-content\/uploads\/2017\/06\/ElPedregal-church6001.png","type":"image\/png"}],"author":"Lorenzo Verduzco","twitter_card":"summary_large_image","twitter_misc":{"Escrito por":"Lorenzo Verduzco","Tiempo de lectura":"4 minutos"},"schema":{"@context":"https:\/\/schema.org","@graph":[{"@type":"Article","@id":"https:\/\/interamerica.org\/es\/2015\/06\/iglesia-adventista-inaugura-primer-templo-modelo-en-el-sureste-de-mexico\/#article","isPartOf":{"@id":"https:\/\/interamerica.org\/es\/2015\/06\/iglesia-adventista-inaugura-primer-templo-modelo-en-el-sureste-de-mexico\/"},"author":{"name":"Lorenzo Verduzco","@id":"https:\/\/interamerica.org\/es\/#\/schema\/person\/68ede8bdc292885bb76c1e3810e73c39"},"headline":"Iglesia Adventista inaugura primer templo modelo en el sureste de M\u00e9xico","datePublished":"2015-06-05T04:00:00+00:00","mainEntityOfPage":{"@id":"https:\/\/interamerica.org\/es\/2015\/06\/iglesia-adventista-inaugura-primer-templo-modelo-en-el-sureste-de-mexico\/"},"wordCount":847,"image":{"@id":"https:\/\/interamerica.org\/es\/2015\/06\/iglesia-adventista-inaugura-primer-templo-modelo-en-el-sureste-de-mexico\/#primaryimage"},"thumbnailUrl":"https:\/\/interamerica.org\/wp-content\/uploads\/2017\/06\/ElPedregal-church6001.png","articleSection":["Desde el campo","RSS Espa\u00f1ol"],"inLanguage":"es"},{"@type":"WebPage","@id":"https:\/\/interamerica.org\/es\/2015\/06\/iglesia-adventista-inaugura-primer-templo-modelo-en-el-sureste-de-mexico\/","url":"https:\/\/interamerica.org\/es\/2015\/06\/iglesia-adventista-inaugura-primer-templo-modelo-en-el-sureste-de-mexico\/","name":"Iglesia Adventista inaugura primer templo modelo en el sureste de M\u00e9xico - Iglesia Adventista del S\u00e9ptimo D\u00eda - Divisi\u00f3n Interamericana","isPartOf":{"@id":"https:\/\/interamerica.org\/es\/#website"},"primaryImageOfPage":{"@id":"https:\/\/interamerica.org\/es\/2015\/06\/iglesia-adventista-inaugura-primer-templo-modelo-en-el-sureste-de-mexico\/#primaryimage"},"image":{"@id":"https:\/\/interamerica.org\/es\/2015\/06\/iglesia-adventista-inaugura-primer-templo-modelo-en-el-sureste-de-mexico\/#primaryimage"},"thumbnailUrl":"https:\/\/interamerica.org\/wp-content\/uploads\/2017\/06\/ElPedregal-church6001.png","datePublished":"2015-06-05T04:00:00+00:00","author":{"@id":"https:\/\/interamerica.org\/es\/#\/schema\/person\/68ede8bdc292885bb76c1e3810e73c39"},"breadcrumb":{"@id":"https:\/\/interamerica.org\/es\/2015\/06\/iglesia-adventista-inaugura-primer-templo-modelo-en-el-sureste-de-mexico\/#breadcrumb"},"inLanguage":"es","potentialAction":[{"@type":"ReadAction","target":["https:\/\/interamerica.org\/es\/2015\/06\/iglesia-adventista-inaugura-primer-templo-modelo-en-el-sureste-de-mexico\/"]}]},{"@type":"ImageObject","inLanguage":"es","@id":"https:\/\/interamerica.org\/es\/2015\/06\/iglesia-adventista-inaugura-primer-templo-modelo-en-el-sureste-de-mexico\/#primaryimage","url":"https:\/\/interamerica.org\/wp-content\/uploads\/2017\/06\/ElPedregal-church6001.png","contentUrl":"https:\/\/interamerica.org\/wp-content\/uploads\/2017\/06\/ElPedregal-church6001.png","width":600,"height":450},{"@type":"BreadcrumbList","@id":"https:\/\/interamerica.org\/es\/2015\/06\/iglesia-adventista-inaugura-primer-templo-modelo-en-el-sureste-de-mexico\/#breadcrumb","itemListElement":[{"@type":"ListItem","position":1,"name":"Home","item":"https:\/\/interamerica.org\/es\/"},{"@type":"ListItem","position":2,"name":"Iglesia Adventista inaugura primer templo modelo en el sureste de M\u00e9xico"}]},{"@type":"WebSite","@id":"https:\/\/interamerica.org\/es\/#website","url":"https:\/\/interamerica.org\/es\/","name":"Iglesia Adventista del S\u00e9ptimo D\u00eda - Divisi\u00f3n Interamericana","description":"","potentialAction":[{"@type":"SearchAction","target":{"@type":"EntryPoint","urlTemplate":"https:\/\/interamerica.org\/es\/?s={search_term_string}"},"query-input":{"@type":"PropertyValueSpecification","valueRequired":true,"valueName":"search_term_string"}}],"inLanguage":"es"},{"@type":"Person","@id":"https:\/\/interamerica.org\/es\/#\/schema\/person\/68ede8bdc292885bb76c1e3810e73c39","name":"Lorenzo Verduzco","image":{"@type":"ImageObject","inLanguage":"es","@id":"https:\/\/secure.gravatar.com\/avatar\/fb81a55b6218459490a9c1dc841a34909185b81904c5337b4b27f7a6fd60c49e?s=96&d=mm&r=g","url":"https:\/\/secure.gravatar.com\/avatar\/fb81a55b6218459490a9c1dc841a34909185b81904c5337b4b27f7a6fd60c49e?s=96&d=mm&r=g","contentUrl":"https:\/\/secure.gravatar.com\/avatar\/fb81a55b6218459490a9c1dc841a34909185b81904c5337b4b27f7a6fd60c49e?s=96&d=mm&r=g","caption":"Lorenzo Verduzco"}}]}},"_links":{"self":[{"href":"https:\/\/interamerica.org\/es\/wp-json\/wp\/v2\/posts\/30851","targetHints":{"allow":["GET"]}}],"collection":[{"href":"https:\/\/interamerica.org\/es\/wp-json\/wp\/v2\/posts"}],"about":[{"href":"https:\/\/interamerica.org\/es\/wp-json\/wp\/v2\/types\/post"}],"author":[{"embeddable":true,"href":"https:\/\/interamerica.org\/es\/wp-json\/wp\/v2\/users\/1"}],"replies":[{"embeddable":true,"href":"https:\/\/interamerica.org\/es\/wp-json\/wp\/v2\/comments?post=30851"}],"version-history":[{"count":0,"href":"https:\/\/interamerica.org\/es\/wp-json\/wp\/v2\/posts\/30851\/revisions"}],"wp:featuredmedia":[{"embeddable":true,"href":"https:\/\/interamerica.org\/es\/wp-json\/wp\/v2\/media\/25499"}],"wp:attachment":[{"href":"https:\/\/interamerica.org\/es\/wp-json\/wp\/v2\/media?parent=30851"}],"wp:term":[{"taxonomy":"category","embeddable":true,"href":"https:\/\/interamerica.org\/es\/wp-json\/wp\/v2\/categories?post=30851"},{"taxonomy":"post_tag","embeddable":true,"href":"https:\/\/interamerica.org\/es\/wp-json\/wp\/v2\/tags?post=30851"}],"curies":[{"name":"wp","href":"https:\/\/api.w.org\/{rel}","templated":true}]}}