{"id":30852,"date":"2015-06-05T00:00:00","date_gmt":"2015-06-05T04:00:00","guid":{"rendered":"http:\/\/192.81.217.108\/interamerica\/2015\/06\/primer-congreso-de-investigadores-reune-a-administradores-y-educadores-de-las-universidades-adventistas-de-interamerica\/"},"modified":"2015-06-05T00:00:00","modified_gmt":"2015-06-05T04:00:00","slug":"primer-congreso-de-investigadores-reune-a-administradores-y-educadores-de-las-universidades-adventistas-de-interamerica","status":"publish","type":"post","link":"https:\/\/interamerica.org\/es\/2015\/06\/primer-congreso-de-investigadores-reune-a-administradores-y-educadores-de-las-universidades-adventistas-de-interamerica\/","title":{"rendered":"Primer Congreso de Investigadores re\u00fane a administradores y educadores de las universidades adventistas de Interam\u00e9rica"},"content":{"rendered":"<div id=\"attachment_17324\" style=\"width: 610px\" class=\"wp-caption aligncenter\"><a href=\"\/interamerica\/wp-content\/uploads\/2017\/06\/ResearchCongress600.png\" rel=\"fancybox\" title=\"Primer Congreso de Investigadores re\u00fane a administradores y educadores de las universidades adventistas de Interam\u00e9rica\"><img fetchpriority=\"high\" decoding=\"async\" aria-describedby=\"caption-attachment-17324\" class=\"size-full wp-image-17324\" src=\"\/interamerica\/wp-content\/uploads\/2017\/06\/ResearchCongress600.png\" alt=\"\" width=\"600\" height=\"399\" \/><\/a><p id=\"caption-attachment-17324\" class=\"wp-caption-text\">Administradores y educadores de diez universidades adventistas de Interam\u00e9rica posan para una fotograf\u00eda durante el Primer Congreso de Investigadores del territorio, llevado a cabo en el campus de la Universidad Adventista de las Antillas en Mayag\u00fcez, Puerto Rico, del 19 al 20 de mayo de 2015. Im\u00e1genes por cortes\u00eda de la Universidad Adventista de las Antillas.<\/p><\/div>\n<p>5 de junio de 2015 | Mayag\u00fcez, Puerto Rico | Zilma E. Santiago\/ DIA<\/p>\n<p>Los vicerrectores acad\u00e9micos, directores y profesores de investigaci\u00f3n de las universidades adventistas de la Divisi\u00f3n Interamericana se reunieron para analizar y promover una cultura de investigaci\u00f3n en las catorce universidades del territorio, durante el Primer Congreso de Investigadores llevado a cabo en esa regi\u00f3n. El congreso reuni\u00f3 a m\u00e1s de una veintena de administradores y educadores en la Universidad Adventista de las Antillas, en Mayag\u00fcez, Puerto Rico, del 19 al 20 de mayo de 2015.<\/p>\n<div id=\"attachment_13492\" style=\"width: 330px\" class=\"wp-caption alignleft\"><a href=\"\/interamerica\/wp-content\/uploads\/2017\/06\/GamalielFlorez-EC.png\" rel=\"fancybox\" title=\"Primer Congreso de Investigadores re\u00fane a administradores y educadores de las universidades adventistas de Interam\u00e9rica\"><img decoding=\"async\" aria-describedby=\"caption-attachment-13492\" class=\" wp-image-13492 \" src=\"\/interamerica\/wp-content\/uploads\/2017\/06\/GamalielFlorez-EC.png\" alt=\"\" width=\"320\" height=\"206\" \/><\/a><p id=\"caption-attachment-13492\" class=\"wp-caption-text\">El doctor Gamaliel Florez, director de educaci\u00f3n de la DIA, dijo que el congreso represent\u00f3 un paso fundamental para unir a las universidades adventistas de manera que sigan enriqueciendo la educaci\u00f3n y formando el tipo de pensadores y hacedores que la iglesia y el mundo actual necesitan. Foto de archivo de la DIA de Abel Marquez<\/p><\/div>\n<p>El doctor\u00a0Gamaliel Florez, director de educaci\u00f3n de la DIA y organizador del evento, dijo que el congreso represent\u00f3 un paso fundamental para unir a las universidades adventistas de manera que sigan enriqueciendo la educaci\u00f3n y formando el tipo de pensadores y hacedores que la iglesia y el mundo actual necesitan.<\/p>\n<p>\u00abLa investigaci\u00f3n es un elemento esencial de la universidad, un elemento que todas nuestras instituciones luchan por lograr aun frente a la falta de recursos\u00bb, dijo el doctor Florez. \u00abFue importante ver el intercambio de experiencias entre los l\u00edderes de las universidades, y aprender de los desaf\u00edos y \u00e9xitos que la mayor\u00eda de las instituciones est\u00e1 teniendo en sus procesos de investigaci\u00f3n\u00bb.<\/p>\n<p>Florez dijo que el evento busc\u00f3 promover la investigaci\u00f3n en todas sus modalidades en las universidades adventistas de Interam\u00e9rica, divulgar los trabajos de investigaci\u00f3n de profesores, maestros y alumnos, puntualizar la investigaci\u00f3n como medio valioso para el estudio y la reflexi\u00f3n en torno a los retos y posibilidades de la educaci\u00f3n en relaci\u00f3n con los problemas sociales, contribuir al desarrollo del pensamiento cr\u00edtico y creativo en los educadores tanto a nivel nacional como internacional, y estimular un quehacer investigativo que aliente la transformaci\u00f3n de las pr\u00e1cticas de la comunidad educativa.<\/p>\n<p>El doctor John Wesley Taylor V, director asociado de educaci\u00f3n de la Iglesia Adventista mundial, habl\u00f3 sobre la perspectiva y la funci\u00f3n de la erudici\u00f3n docente en una instituci\u00f3n adventista, se refiri\u00f3 a un paradigma b\u00edblico para investigar la verdad, y a los desaf\u00edos y oportunidades de la investigaci\u00f3n cualitativa.<\/p>\n<div id=\"attachment_17325\" style=\"width: 330px\" class=\"wp-caption alignright\"><a href=\"\/interamerica\/wp-content\/uploads\/2017\/06\/ResearchCong-taylor400.png\" rel=\"fancybox\" title=\"Primer Congreso de Investigadores re\u00fane a administradores y educadores de las universidades adventistas de Interam\u00e9rica\"><img decoding=\"async\" aria-describedby=\"caption-attachment-17325\" class=\" wp-image-17325 \" src=\"\/interamerica\/wp-content\/uploads\/2017\/06\/ResearchCong-taylor400.png\" alt=\"\" width=\"320\" height=\"213\" \/><\/a><p id=\"caption-attachment-17325\" class=\"wp-caption-text\">El doctor John Wesley Taylor V, director asociado de educaci\u00f3n de la Iglesia Adventista mundial, presenta un seminario sobre los desaf\u00edos y oportunidades de la investigaci\u00f3n cualitativa, durante el evento, que se extendi\u00f3 durante dos d\u00edas.<\/p><\/div>\n<p>Cinco de las diez universidades adventistas representadas en el congreso presentaron sus investigaciones cualitativas y cuantitativas, los desaf\u00edos del investigador, las estrategias respecto de c\u00f3mo resolver la tensi\u00f3n entre la ense\u00f1anza y la investigaci\u00f3n, el v\u00ednculo entre sectores para financiar las investigaciones, y la funci\u00f3n de las comisiones de investigaci\u00f3n, entre otros temas.<\/p>\n<p>Las discusiones en mesas redondas con los administradores y educadores permitieron dialogar\u00a0sobre los retos del docente investigador, compartir modelos que buscan promover una cultura de investigaci\u00f3n en las instituciones educativas, y la discusi\u00f3n sobre oportunidades de colaboraci\u00f3n en proyectos de investigaci\u00f3n, entre otras cuestiones.<\/p>\n<p>Asimismo, tanto docentes como estudiantes de posgrado presentaron sus investigaciones en una exhibici\u00f3n especial donde pudieron hablar de sus investigaciones no solo desde el punto filos\u00f3fico, marco conceptual, y metodol\u00f3gico, sino tambi\u00e9n de los resultados y recomendaciones que se desprenden de cada investigaci\u00f3n.<\/p>\n<p>Seg\u00fan el doctor Florez, el congreso enriqueci\u00f3 a los administradores y educadores, porque estableci\u00f3 los cimientos que permitir\u00e1n integrar a las universidades de la DIA a la red de investigadores, con una comisi\u00f3n liderada por la Universidad de Montemorelos, la Universidad Adventista Navojoa, la Universidad Adventista de las Antillas y la Universidad Sure\u00f1a del Caribe.<\/p>\n<p>Durante su primera sesi\u00f3n, la nueva comisi\u00f3n propuso ofrecer un nuevo curso en investigaci\u00f3n para 140 participantes de las universidades adventistas de Interam\u00e9rica, lo que fortalecer\u00e1 la investigaci\u00f3n, dijo Florez.<\/p>\n<p>Asimismo, se llevar\u00e1n a cabo nuevas investigaciones de manera conjunta entre todas las universidades de la DIA, o entre las pocas universidades que se muestren interesadas en disciplinas espec\u00edficas.<\/p>\n<p>\u00abQueremos que cada profesor universitario llegue a ser un erudito en su \u00e1rea, por medio de la investigaci\u00f3n y el desarrollo profesional\u00bb, dijo el Dr. Florez.<\/p>\n<p>El pr\u00f3ximo congreso de investigadores se ha planificado para el a\u00f1o que viene en la Universidad de Montemorelos, en M\u00e9xico.<\/p>\n<p><em>Traducci\u00f3n de Marcos Paseggi<\/em><\/p>\n","protected":false},"excerpt":{"rendered":"<p>Los vicerrectores acad\u00e9micos, directores y profesores de investigaci\u00f3n de las universidades adventistas de la Divisi\u00f3n Interamericana se reunieron para analizar y promover una cultura de investigaci\u00f3n en las catorce universidades del territorio, durante el Primer Congreso de Investigadores llevado a cabo en esa regi\u00f3n. <\/p>\n<p>El congreso reuni\u00f3 a m\u00e1s de una veintena de administradores y educadores en la Universidad Adventista de las Antillas, en Mayag\u00fcez, Puerto Rico, del 19 al 20 de mayo de 2015.<\/p>\n","protected":false},"author":1,"featured_media":25512,"comment_status":"closed","ping_status":"closed","sticky":false,"template":"","format":"standard","meta":{"_acf_changed":false,"footnotes":""},"categories":[16,15],"tags":[],"class_list":["post-30852","post","type-post","status-publish","format-standard","has-post-thumbnail","hentry","category-desde-la-sede","category-rss-espanol"],"acf":[],"yoast_head":"<!-- This site is optimized with the Yoast SEO plugin v27.3 - https:\/\/yoast.com\/product\/yoast-seo-wordpress\/ -->\n<title>Primer Congreso de Investigadores re\u00fane a administradores y educadores de las universidades adventistas de Interam\u00e9rica - Iglesia Adventista del S\u00e9ptimo D\u00eda - Divisi\u00f3n Interamericana<\/title>\n<meta name=\"robots\" content=\"index, follow, max-snippet:-1, max-image-preview:large, max-video-preview:-1\" \/>\n<link rel=\"canonical\" href=\"https:\/\/interamerica.org\/es\/2015\/06\/primer-congreso-de-investigadores-reune-a-administradores-y-educadores-de-las-universidades-adventistas-de-interamerica\/\" \/>\n<meta property=\"og:locale\" content=\"es_ES\" \/>\n<meta property=\"og:type\" content=\"article\" \/>\n<meta property=\"og:title\" content=\"Primer Congreso de Investigadores re\u00fane a administradores y educadores de las universidades adventistas de Interam\u00e9rica - Iglesia Adventista del S\u00e9ptimo D\u00eda - Divisi\u00f3n Interamericana\" \/>\n<meta property=\"og:description\" content=\"Los vicerrectores acad\u00e9micos, directores y profesores de investigaci\u00f3n de las universidades adventistas de la Divisi\u00f3n Interamericana se reunieron para analizar y promover una cultura de investigaci\u00f3n en las catorce universidades del territorio, durante el Primer Congreso de Investigadores llevado a cabo en esa regi\u00f3n.  El congreso reuni\u00f3 a m\u00e1s de una veintena de administradores y educadores en la Universidad Adventista de las Antillas, en Mayag\u00fcez, Puerto Rico, del 19 al 20 de mayo de 2015.\" \/>\n<meta property=\"og:url\" content=\"https:\/\/interamerica.org\/es\/2015\/06\/primer-congreso-de-investigadores-reune-a-administradores-y-educadores-de-las-universidades-adventistas-de-interamerica\/\" \/>\n<meta property=\"og:site_name\" content=\"Iglesia Adventista del S\u00e9ptimo D\u00eda - Divisi\u00f3n Interamericana\" \/>\n<meta property=\"article:published_time\" content=\"2015-06-05T04:00:00+00:00\" \/>\n<meta property=\"og:image\" content=\"https:\/\/interamerica.org\/wp-content\/uploads\/2017\/06\/ResearchCongress600.png\" \/>\n\t<meta property=\"og:image:width\" content=\"600\" \/>\n\t<meta property=\"og:image:height\" content=\"399\" \/>\n\t<meta property=\"og:image:type\" content=\"image\/png\" \/>\n<meta name=\"author\" content=\"Lorenzo Verduzco\" \/>\n<meta name=\"twitter:card\" content=\"summary_large_image\" \/>\n<meta name=\"twitter:label1\" content=\"Escrito por\" \/>\n\t<meta name=\"twitter:data1\" content=\"Lorenzo Verduzco\" \/>\n\t<meta name=\"twitter:label2\" content=\"Tiempo de lectura\" \/>\n\t<meta name=\"twitter:data2\" content=\"4 minutos\" \/>\n<script type=\"application\/ld+json\" class=\"yoast-schema-graph\">{\"@context\":\"https:\\\/\\\/schema.org\",\"@graph\":[{\"@type\":\"Article\",\"@id\":\"https:\\\/\\\/interamerica.org\\\/es\\\/2015\\\/06\\\/primer-congreso-de-investigadores-reune-a-administradores-y-educadores-de-las-universidades-adventistas-de-interamerica\\\/#article\",\"isPartOf\":{\"@id\":\"https:\\\/\\\/interamerica.org\\\/es\\\/2015\\\/06\\\/primer-congreso-de-investigadores-reune-a-administradores-y-educadores-de-las-universidades-adventistas-de-interamerica\\\/\"},\"author\":{\"name\":\"Lorenzo Verduzco\",\"@id\":\"https:\\\/\\\/interamerica.org\\\/es\\\/#\\\/schema\\\/person\\\/68ede8bdc292885bb76c1e3810e73c39\"},\"headline\":\"Primer Congreso de Investigadores re\u00fane a administradores y educadores de las universidades adventistas de Interam\u00e9rica\",\"datePublished\":\"2015-06-05T04:00:00+00:00\",\"mainEntityOfPage\":{\"@id\":\"https:\\\/\\\/interamerica.org\\\/es\\\/2015\\\/06\\\/primer-congreso-de-investigadores-reune-a-administradores-y-educadores-de-las-universidades-adventistas-de-interamerica\\\/\"},\"wordCount\":898,\"image\":{\"@id\":\"https:\\\/\\\/interamerica.org\\\/es\\\/2015\\\/06\\\/primer-congreso-de-investigadores-reune-a-administradores-y-educadores-de-las-universidades-adventistas-de-interamerica\\\/#primaryimage\"},\"thumbnailUrl\":\"https:\\\/\\\/interamerica.org\\\/wp-content\\\/uploads\\\/2017\\\/06\\\/ResearchCongress600.png\",\"articleSection\":[\"Desde la sede\",\"RSS Espa\u00f1ol\"],\"inLanguage\":\"es\"},{\"@type\":\"WebPage\",\"@id\":\"https:\\\/\\\/interamerica.org\\\/es\\\/2015\\\/06\\\/primer-congreso-de-investigadores-reune-a-administradores-y-educadores-de-las-universidades-adventistas-de-interamerica\\\/\",\"url\":\"https:\\\/\\\/interamerica.org\\\/es\\\/2015\\\/06\\\/primer-congreso-de-investigadores-reune-a-administradores-y-educadores-de-las-universidades-adventistas-de-interamerica\\\/\",\"name\":\"Primer Congreso de Investigadores re\u00fane a administradores y educadores de las universidades adventistas de Interam\u00e9rica - Iglesia Adventista del S\u00e9ptimo D\u00eda - Divisi\u00f3n Interamericana\",\"isPartOf\":{\"@id\":\"https:\\\/\\\/interamerica.org\\\/es\\\/#website\"},\"primaryImageOfPage\":{\"@id\":\"https:\\\/\\\/interamerica.org\\\/es\\\/2015\\\/06\\\/primer-congreso-de-investigadores-reune-a-administradores-y-educadores-de-las-universidades-adventistas-de-interamerica\\\/#primaryimage\"},\"image\":{\"@id\":\"https:\\\/\\\/interamerica.org\\\/es\\\/2015\\\/06\\\/primer-congreso-de-investigadores-reune-a-administradores-y-educadores-de-las-universidades-adventistas-de-interamerica\\\/#primaryimage\"},\"thumbnailUrl\":\"https:\\\/\\\/interamerica.org\\\/wp-content\\\/uploads\\\/2017\\\/06\\\/ResearchCongress600.png\",\"datePublished\":\"2015-06-05T04:00:00+00:00\",\"author\":{\"@id\":\"https:\\\/\\\/interamerica.org\\\/es\\\/#\\\/schema\\\/person\\\/68ede8bdc292885bb76c1e3810e73c39\"},\"breadcrumb\":{\"@id\":\"https:\\\/\\\/interamerica.org\\\/es\\\/2015\\\/06\\\/primer-congreso-de-investigadores-reune-a-administradores-y-educadores-de-las-universidades-adventistas-de-interamerica\\\/#breadcrumb\"},\"inLanguage\":\"es\",\"potentialAction\":[{\"@type\":\"ReadAction\",\"target\":[\"https:\\\/\\\/interamerica.org\\\/es\\\/2015\\\/06\\\/primer-congreso-de-investigadores-reune-a-administradores-y-educadores-de-las-universidades-adventistas-de-interamerica\\\/\"]}]},{\"@type\":\"ImageObject\",\"inLanguage\":\"es\",\"@id\":\"https:\\\/\\\/interamerica.org\\\/es\\\/2015\\\/06\\\/primer-congreso-de-investigadores-reune-a-administradores-y-educadores-de-las-universidades-adventistas-de-interamerica\\\/#primaryimage\",\"url\":\"https:\\\/\\\/interamerica.org\\\/wp-content\\\/uploads\\\/2017\\\/06\\\/ResearchCongress600.png\",\"contentUrl\":\"https:\\\/\\\/interamerica.org\\\/wp-content\\\/uploads\\\/2017\\\/06\\\/ResearchCongress600.png\",\"width\":600,\"height\":399},{\"@type\":\"BreadcrumbList\",\"@id\":\"https:\\\/\\\/interamerica.org\\\/es\\\/2015\\\/06\\\/primer-congreso-de-investigadores-reune-a-administradores-y-educadores-de-las-universidades-adventistas-de-interamerica\\\/#breadcrumb\",\"itemListElement\":[{\"@type\":\"ListItem\",\"position\":1,\"name\":\"Home\",\"item\":\"https:\\\/\\\/interamerica.org\\\/es\\\/\"},{\"@type\":\"ListItem\",\"position\":2,\"name\":\"Primer Congreso de Investigadores re\u00fane a administradores y educadores de las universidades adventistas de Interam\u00e9rica\"}]},{\"@type\":\"WebSite\",\"@id\":\"https:\\\/\\\/interamerica.org\\\/es\\\/#website\",\"url\":\"https:\\\/\\\/interamerica.org\\\/es\\\/\",\"name\":\"Iglesia Adventista del S\u00e9ptimo D\u00eda - Divisi\u00f3n Interamericana\",\"description\":\"\",\"potentialAction\":[{\"@type\":\"SearchAction\",\"target\":{\"@type\":\"EntryPoint\",\"urlTemplate\":\"https:\\\/\\\/interamerica.org\\\/es\\\/?s={search_term_string}\"},\"query-input\":{\"@type\":\"PropertyValueSpecification\",\"valueRequired\":true,\"valueName\":\"search_term_string\"}}],\"inLanguage\":\"es\"},{\"@type\":\"Person\",\"@id\":\"https:\\\/\\\/interamerica.org\\\/es\\\/#\\\/schema\\\/person\\\/68ede8bdc292885bb76c1e3810e73c39\",\"name\":\"Lorenzo Verduzco\",\"image\":{\"@type\":\"ImageObject\",\"inLanguage\":\"es\",\"@id\":\"https:\\\/\\\/secure.gravatar.com\\\/avatar\\\/fb81a55b6218459490a9c1dc841a34909185b81904c5337b4b27f7a6fd60c49e?s=96&d=mm&r=g\",\"url\":\"https:\\\/\\\/secure.gravatar.com\\\/avatar\\\/fb81a55b6218459490a9c1dc841a34909185b81904c5337b4b27f7a6fd60c49e?s=96&d=mm&r=g\",\"contentUrl\":\"https:\\\/\\\/secure.gravatar.com\\\/avatar\\\/fb81a55b6218459490a9c1dc841a34909185b81904c5337b4b27f7a6fd60c49e?s=96&d=mm&r=g\",\"caption\":\"Lorenzo Verduzco\"}}]}<\/script>\n<!-- \/ Yoast SEO plugin. -->","yoast_head_json":{"title":"Primer Congreso de Investigadores re\u00fane a administradores y educadores de las universidades adventistas de Interam\u00e9rica - Iglesia Adventista del S\u00e9ptimo D\u00eda - Divisi\u00f3n Interamericana","robots":{"index":"index","follow":"follow","max-snippet":"max-snippet:-1","max-image-preview":"max-image-preview:large","max-video-preview":"max-video-preview:-1"},"canonical":"https:\/\/interamerica.org\/es\/2015\/06\/primer-congreso-de-investigadores-reune-a-administradores-y-educadores-de-las-universidades-adventistas-de-interamerica\/","og_locale":"es_ES","og_type":"article","og_title":"Primer Congreso de Investigadores re\u00fane a administradores y educadores de las universidades adventistas de Interam\u00e9rica - Iglesia Adventista del S\u00e9ptimo D\u00eda - Divisi\u00f3n Interamericana","og_description":"Los vicerrectores acad\u00e9micos, directores y profesores de investigaci\u00f3n de las universidades adventistas de la Divisi\u00f3n Interamericana se reunieron para analizar y promover una cultura de investigaci\u00f3n en las catorce universidades del territorio, durante el Primer Congreso de Investigadores llevado a cabo en esa regi\u00f3n.  El congreso reuni\u00f3 a m\u00e1s de una veintena de administradores y educadores en la Universidad Adventista de las Antillas, en Mayag\u00fcez, Puerto Rico, del 19 al 20 de mayo de 2015.","og_url":"https:\/\/interamerica.org\/es\/2015\/06\/primer-congreso-de-investigadores-reune-a-administradores-y-educadores-de-las-universidades-adventistas-de-interamerica\/","og_site_name":"Iglesia Adventista del S\u00e9ptimo D\u00eda - Divisi\u00f3n Interamericana","article_published_time":"2015-06-05T04:00:00+00:00","og_image":[{"width":600,"height":399,"url":"https:\/\/interamerica.org\/wp-content\/uploads\/2017\/06\/ResearchCongress600.png","type":"image\/png"}],"author":"Lorenzo Verduzco","twitter_card":"summary_large_image","twitter_misc":{"Escrito por":"Lorenzo Verduzco","Tiempo de lectura":"4 minutos"},"schema":{"@context":"https:\/\/schema.org","@graph":[{"@type":"Article","@id":"https:\/\/interamerica.org\/es\/2015\/06\/primer-congreso-de-investigadores-reune-a-administradores-y-educadores-de-las-universidades-adventistas-de-interamerica\/#article","isPartOf":{"@id":"https:\/\/interamerica.org\/es\/2015\/06\/primer-congreso-de-investigadores-reune-a-administradores-y-educadores-de-las-universidades-adventistas-de-interamerica\/"},"author":{"name":"Lorenzo Verduzco","@id":"https:\/\/interamerica.org\/es\/#\/schema\/person\/68ede8bdc292885bb76c1e3810e73c39"},"headline":"Primer Congreso de Investigadores re\u00fane a administradores y educadores de las universidades adventistas de Interam\u00e9rica","datePublished":"2015-06-05T04:00:00+00:00","mainEntityOfPage":{"@id":"https:\/\/interamerica.org\/es\/2015\/06\/primer-congreso-de-investigadores-reune-a-administradores-y-educadores-de-las-universidades-adventistas-de-interamerica\/"},"wordCount":898,"image":{"@id":"https:\/\/interamerica.org\/es\/2015\/06\/primer-congreso-de-investigadores-reune-a-administradores-y-educadores-de-las-universidades-adventistas-de-interamerica\/#primaryimage"},"thumbnailUrl":"https:\/\/interamerica.org\/wp-content\/uploads\/2017\/06\/ResearchCongress600.png","articleSection":["Desde la sede","RSS Espa\u00f1ol"],"inLanguage":"es"},{"@type":"WebPage","@id":"https:\/\/interamerica.org\/es\/2015\/06\/primer-congreso-de-investigadores-reune-a-administradores-y-educadores-de-las-universidades-adventistas-de-interamerica\/","url":"https:\/\/interamerica.org\/es\/2015\/06\/primer-congreso-de-investigadores-reune-a-administradores-y-educadores-de-las-universidades-adventistas-de-interamerica\/","name":"Primer Congreso de Investigadores re\u00fane a administradores y educadores de las universidades adventistas de Interam\u00e9rica - Iglesia Adventista del S\u00e9ptimo D\u00eda - Divisi\u00f3n Interamericana","isPartOf":{"@id":"https:\/\/interamerica.org\/es\/#website"},"primaryImageOfPage":{"@id":"https:\/\/interamerica.org\/es\/2015\/06\/primer-congreso-de-investigadores-reune-a-administradores-y-educadores-de-las-universidades-adventistas-de-interamerica\/#primaryimage"},"image":{"@id":"https:\/\/interamerica.org\/es\/2015\/06\/primer-congreso-de-investigadores-reune-a-administradores-y-educadores-de-las-universidades-adventistas-de-interamerica\/#primaryimage"},"thumbnailUrl":"https:\/\/interamerica.org\/wp-content\/uploads\/2017\/06\/ResearchCongress600.png","datePublished":"2015-06-05T04:00:00+00:00","author":{"@id":"https:\/\/interamerica.org\/es\/#\/schema\/person\/68ede8bdc292885bb76c1e3810e73c39"},"breadcrumb":{"@id":"https:\/\/interamerica.org\/es\/2015\/06\/primer-congreso-de-investigadores-reune-a-administradores-y-educadores-de-las-universidades-adventistas-de-interamerica\/#breadcrumb"},"inLanguage":"es","potentialAction":[{"@type":"ReadAction","target":["https:\/\/interamerica.org\/es\/2015\/06\/primer-congreso-de-investigadores-reune-a-administradores-y-educadores-de-las-universidades-adventistas-de-interamerica\/"]}]},{"@type":"ImageObject","inLanguage":"es","@id":"https:\/\/interamerica.org\/es\/2015\/06\/primer-congreso-de-investigadores-reune-a-administradores-y-educadores-de-las-universidades-adventistas-de-interamerica\/#primaryimage","url":"https:\/\/interamerica.org\/wp-content\/uploads\/2017\/06\/ResearchCongress600.png","contentUrl":"https:\/\/interamerica.org\/wp-content\/uploads\/2017\/06\/ResearchCongress600.png","width":600,"height":399},{"@type":"BreadcrumbList","@id":"https:\/\/interamerica.org\/es\/2015\/06\/primer-congreso-de-investigadores-reune-a-administradores-y-educadores-de-las-universidades-adventistas-de-interamerica\/#breadcrumb","itemListElement":[{"@type":"ListItem","position":1,"name":"Home","item":"https:\/\/interamerica.org\/es\/"},{"@type":"ListItem","position":2,"name":"Primer Congreso de Investigadores re\u00fane a administradores y educadores de las universidades adventistas de Interam\u00e9rica"}]},{"@type":"WebSite","@id":"https:\/\/interamerica.org\/es\/#website","url":"https:\/\/interamerica.org\/es\/","name":"Iglesia Adventista del S\u00e9ptimo D\u00eda - Divisi\u00f3n Interamericana","description":"","potentialAction":[{"@type":"SearchAction","target":{"@type":"EntryPoint","urlTemplate":"https:\/\/interamerica.org\/es\/?s={search_term_string}"},"query-input":{"@type":"PropertyValueSpecification","valueRequired":true,"valueName":"search_term_string"}}],"inLanguage":"es"},{"@type":"Person","@id":"https:\/\/interamerica.org\/es\/#\/schema\/person\/68ede8bdc292885bb76c1e3810e73c39","name":"Lorenzo Verduzco","image":{"@type":"ImageObject","inLanguage":"es","@id":"https:\/\/secure.gravatar.com\/avatar\/fb81a55b6218459490a9c1dc841a34909185b81904c5337b4b27f7a6fd60c49e?s=96&d=mm&r=g","url":"https:\/\/secure.gravatar.com\/avatar\/fb81a55b6218459490a9c1dc841a34909185b81904c5337b4b27f7a6fd60c49e?s=96&d=mm&r=g","contentUrl":"https:\/\/secure.gravatar.com\/avatar\/fb81a55b6218459490a9c1dc841a34909185b81904c5337b4b27f7a6fd60c49e?s=96&d=mm&r=g","caption":"Lorenzo Verduzco"}}]}},"_links":{"self":[{"href":"https:\/\/interamerica.org\/es\/wp-json\/wp\/v2\/posts\/30852","targetHints":{"allow":["GET"]}}],"collection":[{"href":"https:\/\/interamerica.org\/es\/wp-json\/wp\/v2\/posts"}],"about":[{"href":"https:\/\/interamerica.org\/es\/wp-json\/wp\/v2\/types\/post"}],"author":[{"embeddable":true,"href":"https:\/\/interamerica.org\/es\/wp-json\/wp\/v2\/users\/1"}],"replies":[{"embeddable":true,"href":"https:\/\/interamerica.org\/es\/wp-json\/wp\/v2\/comments?post=30852"}],"version-history":[{"count":0,"href":"https:\/\/interamerica.org\/es\/wp-json\/wp\/v2\/posts\/30852\/revisions"}],"wp:featuredmedia":[{"embeddable":true,"href":"https:\/\/interamerica.org\/es\/wp-json\/wp\/v2\/media\/25512"}],"wp:attachment":[{"href":"https:\/\/interamerica.org\/es\/wp-json\/wp\/v2\/media?parent=30852"}],"wp:term":[{"taxonomy":"category","embeddable":true,"href":"https:\/\/interamerica.org\/es\/wp-json\/wp\/v2\/categories?post=30852"},{"taxonomy":"post_tag","embeddable":true,"href":"https:\/\/interamerica.org\/es\/wp-json\/wp\/v2\/tags?post=30852"}],"curies":[{"name":"wp","href":"https:\/\/api.w.org\/{rel}","templated":true}]}}