{"id":30853,"date":"2015-06-10T00:00:00","date_gmt":"2015-06-10T04:00:00","guid":{"rendered":"http:\/\/192.81.217.108\/interamerica\/2015\/06\/triatlon-organizado-por-los-adventistas-establece-record-mundial\/"},"modified":"2015-06-10T00:00:00","modified_gmt":"2015-06-10T04:00:00","slug":"triatlon-organizado-por-los-adventistas-establece-record-mundial","status":"publish","type":"post","link":"https:\/\/interamerica.org\/es\/2015\/06\/triatlon-organizado-por-los-adventistas-establece-record-mundial\/","title":{"rendered":"Triatl\u00f3n organizado por los adventistas establece r\u00e9cord mundial"},"content":{"rendered":"<div id=\"attachment_17346\" style=\"width: 810px\" class=\"wp-caption aligncenter\"><a href=\"\/interamerica\/wp-content\/uploads\/2017\/06\/rsz_nz_-_tryathlon_-_st_heliers_auckland.jpg\" rel=\"fancybox\" title=\"Triatl\u00f3n organizado por los adventistas establece r\u00e9cord mundial\"><img fetchpriority=\"high\" decoding=\"async\" aria-describedby=\"caption-attachment-17346\" class=\" wp-image-17346 \" src=\"\/interamerica\/wp-content\/uploads\/2017\/06\/rsz_nz_-_tryathlon_-_st_heliers_auckland.jpg\" alt=\"\" width=\"800\" height=\"533\" \/><\/a><p id=\"caption-attachment-17346\" class=\"wp-caption-text\">Participantes del Triatl\u00f3n Weet-Bix para Ni\u00f1os en Auckland, Nueva Zelandia. Imagen de\u00a0Sanitarium Health &amp; Wellbeing<\/p><\/div>\n<p>10 de junio de 2015 | Berkeley Vale, New South Wales\u00a0| Sharyn Brady, South Pacific Adventist Record y Adventist Review<\/p>\n<p>Una serie de triatlones organizada por la Compa\u00f1\u00eda de Salud y Bienestar Sanitarium, una importante empresa alimentaria adventista, ha establecido un nuevo r\u00e9cord mundial para la mayor serie de triatlones para menores de 16 a\u00f1os, con eventos en Nueva Zelandia y Australia que sumaron un total de 40.500 participantes.<\/p>\n<div id=\"attachment_17347\" style=\"width: 316px\" class=\"wp-caption alignright\"><a href=\"\/interamerica\/wp-content\/uploads\/2017\/06\/WeetbixKidsTRY_Sydney_Sunday_529.jpg\" rel=\"fancybox\" title=\"Triatl\u00f3n organizado por los adventistas establece r\u00e9cord mundial\"><img decoding=\"async\" aria-describedby=\"caption-attachment-17347\" class=\" wp-image-17347   \" src=\"\/interamerica\/wp-content\/uploads\/2017\/06\/WeetbixKidsTRY_Sydney_Sunday_529-681x1024.jpg\" alt=\"\" width=\"306\" height=\"459\" \/><\/a><p id=\"caption-attachment-17347\" class=\"wp-caption-text\">Una ni\u00f1a levanta los brazos despu\u00e9s de completar el triatl\u00f3n en Sydney, Australia. Imagen de\u00a0Sanitarium Health &amp; Wellbeing<\/p><\/div>\n<p>La serie 2015 del Triatl\u00f3n Weet-Bix para Ni\u00f1os comenz\u00f3 en diciembre de 2014 en Manakau, Nueva Zelandia, y termin\u00f3 en mayo de 2015 en la Sunshine Coast, Queensland, Australia. La serie de catorce eventos en Nueva Zelandia atrajo a 24.043 participantes, y trece eventos del mismo triatl\u00f3n sumaron otros 16.457 participantes.<\/p>\n<p>\u00abEstamos entusiasmados por haber logrado un nuevo r\u00e9cord mundial por la m\u00e1s grande serie de triatlones para menores de 16 a\u00f1os en nuestros 27 eventos\u00bb, dijo David Martin, gerente de participaci\u00f3n comunitaria de la compa\u00f1\u00eda Sanitarium.<\/p>\n<p>El triatl\u00f3n, que se encuentra en su 17\u00b0 edici\u00f3n, anima a los ni\u00f1os a que participen de manera activa en la nataci\u00f3n, el ciclismo y la carrera aer\u00f3bica.<\/p>\n<p>Martin, quien no brind\u00f3 informaci\u00f3n sobre qui\u00e9n ten\u00eda el r\u00e9cord anterior, dijo que el triatl\u00f3n de Sanitarium promueve la actividad f\u00edsica en un ambiente divertido y de apoyo en el que los ni\u00f1os son aclamados por la familia y los amigos.<\/p>\n<p>\u00abLos padres nos dicen que sus hijos reciben un gran impulso a su autoestima y confianza propia despu\u00e9s de completar el trazado\u00bb, dijo Martin.<\/p>\n<p>El Triatl\u00f3n Weet-Bix para Ni\u00f1os est\u00e1 dise\u00f1ado para ni\u00f1os de 7 a 15 a\u00f1os, y cada participante es un \u00abCampe\u00f3n TRY\u00bb, lo que lo califica para una medalla de oro oficial de Weet-Bix y para un certificado de campe\u00f3n.<\/p>\n<p>Entre los miles de voluntarios a lo largo de toda la serie, 236 pertenecen a la Iglesia Adventista, lo que representa a un total de catorce iglesias adventistas.<\/p>\n<p>La compa\u00f1\u00eda Sanitarium es la productora de Weet-Bix, el cereal para el desayuno m\u00e1s vendido de Australia, y se le ha reconocido que ha cambiado los h\u00e1bitos alimentarios del pa\u00eds. En su sitio web, se destaca que fue la primera compa\u00f1\u00eda en introducir alimentos saludables e innovadores para el desayuno y alimentos de soja en Australia, al promover una dieta vegetariana aun antes de que esta estuviera de moda.<\/p>\n<p><em>Traducci\u00f3n de Marcos Paseggi<\/em><\/p>\n","protected":false},"excerpt":{"rendered":"<p>Una serie de triatlones organizada por la Compa\u00f1\u00eda de Salud y Bienestar Sanitarium, una importante empresa alimentaria adventista, ha establecido un nuevo r\u00e9cord mundial para la mayor serie de triatlones para menores de 16 a\u00f1os, con eventos en Nueva Zelandia y Australia que sumaron un total de 40.500 participantes.  <\/p>\n<p>La serie 2015 del Triatl\u00f3n Weet-Bix para Ni\u00f1os comenz\u00f3 en diciembre de 2014 en Manakau, Nueva Zelandia, y termin\u00f3 en mayo de 2015 en la Sunshine Coast, Queensland, Australia.<\/p>\n","protected":false},"author":1,"featured_media":25519,"comment_status":"closed","ping_status":"closed","sticky":false,"template":"","format":"standard","meta":{"_acf_changed":false,"footnotes":""},"categories":[14,15],"tags":[],"class_list":["post-30853","post","type-post","status-publish","format-standard","has-post-thumbnail","hentry","category-de-la-iglesia-mundial","category-rss-espanol"],"acf":[],"yoast_head":"<!-- This site is optimized with the Yoast SEO plugin v27.3 - https:\/\/yoast.com\/product\/yoast-seo-wordpress\/ -->\n<title>Triatl\u00f3n organizado por los adventistas establece r\u00e9cord mundial - Iglesia Adventista del S\u00e9ptimo D\u00eda - Divisi\u00f3n Interamericana<\/title>\n<meta name=\"robots\" content=\"index, follow, max-snippet:-1, max-image-preview:large, max-video-preview:-1\" \/>\n<link rel=\"canonical\" href=\"https:\/\/interamerica.org\/es\/2015\/06\/triatlon-organizado-por-los-adventistas-establece-record-mundial\/\" \/>\n<meta property=\"og:locale\" content=\"es_ES\" \/>\n<meta property=\"og:type\" content=\"article\" \/>\n<meta property=\"og:title\" content=\"Triatl\u00f3n organizado por los adventistas establece r\u00e9cord mundial - Iglesia Adventista del S\u00e9ptimo D\u00eda - Divisi\u00f3n Interamericana\" \/>\n<meta property=\"og:description\" content=\"Una serie de triatlones organizada por la Compa\u00f1\u00eda de Salud y Bienestar Sanitarium, una importante empresa alimentaria adventista, ha establecido un nuevo r\u00e9cord mundial para la mayor serie de triatlones para menores de 16 a\u00f1os, con eventos en Nueva Zelandia y Australia que sumaron un total de 40.500 participantes.  La serie 2015 del Triatl\u00f3n Weet-Bix para Ni\u00f1os comenz\u00f3 en diciembre de 2014 en Manakau, Nueva Zelandia, y termin\u00f3 en mayo de 2015 en la Sunshine Coast, Queensland, Australia.\" \/>\n<meta property=\"og:url\" content=\"https:\/\/interamerica.org\/es\/2015\/06\/triatlon-organizado-por-los-adventistas-establece-record-mundial\/\" \/>\n<meta property=\"og:site_name\" content=\"Iglesia Adventista del S\u00e9ptimo D\u00eda - Divisi\u00f3n Interamericana\" \/>\n<meta property=\"article:published_time\" content=\"2015-06-10T04:00:00+00:00\" \/>\n<meta property=\"og:image\" content=\"https:\/\/interamerica.org\/wp-content\/uploads\/2017\/06\/2015.WEB_.RES_.Tryathlon.Brisbane.071.jpg\" \/>\n\t<meta property=\"og:image:width\" content=\"1000\" \/>\n\t<meta property=\"og:image:height\" content=\"500\" \/>\n\t<meta property=\"og:image:type\" content=\"image\/jpeg\" \/>\n<meta name=\"author\" content=\"Lorenzo Verduzco\" \/>\n<meta name=\"twitter:card\" content=\"summary_large_image\" \/>\n<meta name=\"twitter:label1\" content=\"Escrito por\" \/>\n\t<meta name=\"twitter:data1\" content=\"Lorenzo Verduzco\" \/>\n\t<meta name=\"twitter:label2\" content=\"Tiempo de lectura\" \/>\n\t<meta name=\"twitter:data2\" content=\"2 minutos\" \/>\n<script type=\"application\/ld+json\" class=\"yoast-schema-graph\">{\"@context\":\"https:\\\/\\\/schema.org\",\"@graph\":[{\"@type\":\"Article\",\"@id\":\"https:\\\/\\\/interamerica.org\\\/es\\\/2015\\\/06\\\/triatlon-organizado-por-los-adventistas-establece-record-mundial\\\/#article\",\"isPartOf\":{\"@id\":\"https:\\\/\\\/interamerica.org\\\/es\\\/2015\\\/06\\\/triatlon-organizado-por-los-adventistas-establece-record-mundial\\\/\"},\"author\":{\"name\":\"Lorenzo Verduzco\",\"@id\":\"https:\\\/\\\/interamerica.org\\\/es\\\/#\\\/schema\\\/person\\\/68ede8bdc292885bb76c1e3810e73c39\"},\"headline\":\"Triatl\u00f3n organizado por los adventistas establece r\u00e9cord mundial\",\"datePublished\":\"2015-06-10T04:00:00+00:00\",\"mainEntityOfPage\":{\"@id\":\"https:\\\/\\\/interamerica.org\\\/es\\\/2015\\\/06\\\/triatlon-organizado-por-los-adventistas-establece-record-mundial\\\/\"},\"wordCount\":474,\"image\":{\"@id\":\"https:\\\/\\\/interamerica.org\\\/es\\\/2015\\\/06\\\/triatlon-organizado-por-los-adventistas-establece-record-mundial\\\/#primaryimage\"},\"thumbnailUrl\":\"https:\\\/\\\/interamerica.org\\\/wp-content\\\/uploads\\\/2017\\\/06\\\/2015.WEB_.RES_.Tryathlon.Brisbane.071.jpg\",\"articleSection\":[\"Desde la iglesia mundial\",\"RSS Espa\u00f1ol\"],\"inLanguage\":\"es\"},{\"@type\":\"WebPage\",\"@id\":\"https:\\\/\\\/interamerica.org\\\/es\\\/2015\\\/06\\\/triatlon-organizado-por-los-adventistas-establece-record-mundial\\\/\",\"url\":\"https:\\\/\\\/interamerica.org\\\/es\\\/2015\\\/06\\\/triatlon-organizado-por-los-adventistas-establece-record-mundial\\\/\",\"name\":\"Triatl\u00f3n organizado por los adventistas establece r\u00e9cord mundial - Iglesia Adventista del S\u00e9ptimo D\u00eda - Divisi\u00f3n Interamericana\",\"isPartOf\":{\"@id\":\"https:\\\/\\\/interamerica.org\\\/es\\\/#website\"},\"primaryImageOfPage\":{\"@id\":\"https:\\\/\\\/interamerica.org\\\/es\\\/2015\\\/06\\\/triatlon-organizado-por-los-adventistas-establece-record-mundial\\\/#primaryimage\"},\"image\":{\"@id\":\"https:\\\/\\\/interamerica.org\\\/es\\\/2015\\\/06\\\/triatlon-organizado-por-los-adventistas-establece-record-mundial\\\/#primaryimage\"},\"thumbnailUrl\":\"https:\\\/\\\/interamerica.org\\\/wp-content\\\/uploads\\\/2017\\\/06\\\/2015.WEB_.RES_.Tryathlon.Brisbane.071.jpg\",\"datePublished\":\"2015-06-10T04:00:00+00:00\",\"author\":{\"@id\":\"https:\\\/\\\/interamerica.org\\\/es\\\/#\\\/schema\\\/person\\\/68ede8bdc292885bb76c1e3810e73c39\"},\"breadcrumb\":{\"@id\":\"https:\\\/\\\/interamerica.org\\\/es\\\/2015\\\/06\\\/triatlon-organizado-por-los-adventistas-establece-record-mundial\\\/#breadcrumb\"},\"inLanguage\":\"es\",\"potentialAction\":[{\"@type\":\"ReadAction\",\"target\":[\"https:\\\/\\\/interamerica.org\\\/es\\\/2015\\\/06\\\/triatlon-organizado-por-los-adventistas-establece-record-mundial\\\/\"]}]},{\"@type\":\"ImageObject\",\"inLanguage\":\"es\",\"@id\":\"https:\\\/\\\/interamerica.org\\\/es\\\/2015\\\/06\\\/triatlon-organizado-por-los-adventistas-establece-record-mundial\\\/#primaryimage\",\"url\":\"https:\\\/\\\/interamerica.org\\\/wp-content\\\/uploads\\\/2017\\\/06\\\/2015.WEB_.RES_.Tryathlon.Brisbane.071.jpg\",\"contentUrl\":\"https:\\\/\\\/interamerica.org\\\/wp-content\\\/uploads\\\/2017\\\/06\\\/2015.WEB_.RES_.Tryathlon.Brisbane.071.jpg\",\"width\":1000,\"height\":500},{\"@type\":\"BreadcrumbList\",\"@id\":\"https:\\\/\\\/interamerica.org\\\/es\\\/2015\\\/06\\\/triatlon-organizado-por-los-adventistas-establece-record-mundial\\\/#breadcrumb\",\"itemListElement\":[{\"@type\":\"ListItem\",\"position\":1,\"name\":\"Home\",\"item\":\"https:\\\/\\\/interamerica.org\\\/es\\\/\"},{\"@type\":\"ListItem\",\"position\":2,\"name\":\"Triatl\u00f3n organizado por los adventistas establece r\u00e9cord mundial\"}]},{\"@type\":\"WebSite\",\"@id\":\"https:\\\/\\\/interamerica.org\\\/es\\\/#website\",\"url\":\"https:\\\/\\\/interamerica.org\\\/es\\\/\",\"name\":\"Iglesia Adventista del S\u00e9ptimo D\u00eda - Divisi\u00f3n Interamericana\",\"description\":\"\",\"potentialAction\":[{\"@type\":\"SearchAction\",\"target\":{\"@type\":\"EntryPoint\",\"urlTemplate\":\"https:\\\/\\\/interamerica.org\\\/es\\\/?s={search_term_string}\"},\"query-input\":{\"@type\":\"PropertyValueSpecification\",\"valueRequired\":true,\"valueName\":\"search_term_string\"}}],\"inLanguage\":\"es\"},{\"@type\":\"Person\",\"@id\":\"https:\\\/\\\/interamerica.org\\\/es\\\/#\\\/schema\\\/person\\\/68ede8bdc292885bb76c1e3810e73c39\",\"name\":\"Lorenzo Verduzco\",\"image\":{\"@type\":\"ImageObject\",\"inLanguage\":\"es\",\"@id\":\"https:\\\/\\\/secure.gravatar.com\\\/avatar\\\/fb81a55b6218459490a9c1dc841a34909185b81904c5337b4b27f7a6fd60c49e?s=96&d=mm&r=g\",\"url\":\"https:\\\/\\\/secure.gravatar.com\\\/avatar\\\/fb81a55b6218459490a9c1dc841a34909185b81904c5337b4b27f7a6fd60c49e?s=96&d=mm&r=g\",\"contentUrl\":\"https:\\\/\\\/secure.gravatar.com\\\/avatar\\\/fb81a55b6218459490a9c1dc841a34909185b81904c5337b4b27f7a6fd60c49e?s=96&d=mm&r=g\",\"caption\":\"Lorenzo Verduzco\"}}]}<\/script>\n<!-- \/ Yoast SEO plugin. -->","yoast_head_json":{"title":"Triatl\u00f3n organizado por los adventistas establece r\u00e9cord mundial - Iglesia Adventista del S\u00e9ptimo D\u00eda - Divisi\u00f3n Interamericana","robots":{"index":"index","follow":"follow","max-snippet":"max-snippet:-1","max-image-preview":"max-image-preview:large","max-video-preview":"max-video-preview:-1"},"canonical":"https:\/\/interamerica.org\/es\/2015\/06\/triatlon-organizado-por-los-adventistas-establece-record-mundial\/","og_locale":"es_ES","og_type":"article","og_title":"Triatl\u00f3n organizado por los adventistas establece r\u00e9cord mundial - Iglesia Adventista del S\u00e9ptimo D\u00eda - Divisi\u00f3n Interamericana","og_description":"Una serie de triatlones organizada por la Compa\u00f1\u00eda de Salud y Bienestar Sanitarium, una importante empresa alimentaria adventista, ha establecido un nuevo r\u00e9cord mundial para la mayor serie de triatlones para menores de 16 a\u00f1os, con eventos en Nueva Zelandia y Australia que sumaron un total de 40.500 participantes.  La serie 2015 del Triatl\u00f3n Weet-Bix para Ni\u00f1os comenz\u00f3 en diciembre de 2014 en Manakau, Nueva Zelandia, y termin\u00f3 en mayo de 2015 en la Sunshine Coast, Queensland, Australia.","og_url":"https:\/\/interamerica.org\/es\/2015\/06\/triatlon-organizado-por-los-adventistas-establece-record-mundial\/","og_site_name":"Iglesia Adventista del S\u00e9ptimo D\u00eda - Divisi\u00f3n Interamericana","article_published_time":"2015-06-10T04:00:00+00:00","og_image":[{"width":1000,"height":500,"url":"https:\/\/interamerica.org\/wp-content\/uploads\/2017\/06\/2015.WEB_.RES_.Tryathlon.Brisbane.071.jpg","type":"image\/jpeg"}],"author":"Lorenzo Verduzco","twitter_card":"summary_large_image","twitter_misc":{"Escrito por":"Lorenzo Verduzco","Tiempo de lectura":"2 minutos"},"schema":{"@context":"https:\/\/schema.org","@graph":[{"@type":"Article","@id":"https:\/\/interamerica.org\/es\/2015\/06\/triatlon-organizado-por-los-adventistas-establece-record-mundial\/#article","isPartOf":{"@id":"https:\/\/interamerica.org\/es\/2015\/06\/triatlon-organizado-por-los-adventistas-establece-record-mundial\/"},"author":{"name":"Lorenzo Verduzco","@id":"https:\/\/interamerica.org\/es\/#\/schema\/person\/68ede8bdc292885bb76c1e3810e73c39"},"headline":"Triatl\u00f3n organizado por los adventistas establece r\u00e9cord mundial","datePublished":"2015-06-10T04:00:00+00:00","mainEntityOfPage":{"@id":"https:\/\/interamerica.org\/es\/2015\/06\/triatlon-organizado-por-los-adventistas-establece-record-mundial\/"},"wordCount":474,"image":{"@id":"https:\/\/interamerica.org\/es\/2015\/06\/triatlon-organizado-por-los-adventistas-establece-record-mundial\/#primaryimage"},"thumbnailUrl":"https:\/\/interamerica.org\/wp-content\/uploads\/2017\/06\/2015.WEB_.RES_.Tryathlon.Brisbane.071.jpg","articleSection":["Desde la iglesia mundial","RSS Espa\u00f1ol"],"inLanguage":"es"},{"@type":"WebPage","@id":"https:\/\/interamerica.org\/es\/2015\/06\/triatlon-organizado-por-los-adventistas-establece-record-mundial\/","url":"https:\/\/interamerica.org\/es\/2015\/06\/triatlon-organizado-por-los-adventistas-establece-record-mundial\/","name":"Triatl\u00f3n organizado por los adventistas establece r\u00e9cord mundial - Iglesia Adventista del S\u00e9ptimo D\u00eda - Divisi\u00f3n Interamericana","isPartOf":{"@id":"https:\/\/interamerica.org\/es\/#website"},"primaryImageOfPage":{"@id":"https:\/\/interamerica.org\/es\/2015\/06\/triatlon-organizado-por-los-adventistas-establece-record-mundial\/#primaryimage"},"image":{"@id":"https:\/\/interamerica.org\/es\/2015\/06\/triatlon-organizado-por-los-adventistas-establece-record-mundial\/#primaryimage"},"thumbnailUrl":"https:\/\/interamerica.org\/wp-content\/uploads\/2017\/06\/2015.WEB_.RES_.Tryathlon.Brisbane.071.jpg","datePublished":"2015-06-10T04:00:00+00:00","author":{"@id":"https:\/\/interamerica.org\/es\/#\/schema\/person\/68ede8bdc292885bb76c1e3810e73c39"},"breadcrumb":{"@id":"https:\/\/interamerica.org\/es\/2015\/06\/triatlon-organizado-por-los-adventistas-establece-record-mundial\/#breadcrumb"},"inLanguage":"es","potentialAction":[{"@type":"ReadAction","target":["https:\/\/interamerica.org\/es\/2015\/06\/triatlon-organizado-por-los-adventistas-establece-record-mundial\/"]}]},{"@type":"ImageObject","inLanguage":"es","@id":"https:\/\/interamerica.org\/es\/2015\/06\/triatlon-organizado-por-los-adventistas-establece-record-mundial\/#primaryimage","url":"https:\/\/interamerica.org\/wp-content\/uploads\/2017\/06\/2015.WEB_.RES_.Tryathlon.Brisbane.071.jpg","contentUrl":"https:\/\/interamerica.org\/wp-content\/uploads\/2017\/06\/2015.WEB_.RES_.Tryathlon.Brisbane.071.jpg","width":1000,"height":500},{"@type":"BreadcrumbList","@id":"https:\/\/interamerica.org\/es\/2015\/06\/triatlon-organizado-por-los-adventistas-establece-record-mundial\/#breadcrumb","itemListElement":[{"@type":"ListItem","position":1,"name":"Home","item":"https:\/\/interamerica.org\/es\/"},{"@type":"ListItem","position":2,"name":"Triatl\u00f3n organizado por los adventistas establece r\u00e9cord mundial"}]},{"@type":"WebSite","@id":"https:\/\/interamerica.org\/es\/#website","url":"https:\/\/interamerica.org\/es\/","name":"Iglesia Adventista del S\u00e9ptimo D\u00eda - Divisi\u00f3n Interamericana","description":"","potentialAction":[{"@type":"SearchAction","target":{"@type":"EntryPoint","urlTemplate":"https:\/\/interamerica.org\/es\/?s={search_term_string}"},"query-input":{"@type":"PropertyValueSpecification","valueRequired":true,"valueName":"search_term_string"}}],"inLanguage":"es"},{"@type":"Person","@id":"https:\/\/interamerica.org\/es\/#\/schema\/person\/68ede8bdc292885bb76c1e3810e73c39","name":"Lorenzo Verduzco","image":{"@type":"ImageObject","inLanguage":"es","@id":"https:\/\/secure.gravatar.com\/avatar\/fb81a55b6218459490a9c1dc841a34909185b81904c5337b4b27f7a6fd60c49e?s=96&d=mm&r=g","url":"https:\/\/secure.gravatar.com\/avatar\/fb81a55b6218459490a9c1dc841a34909185b81904c5337b4b27f7a6fd60c49e?s=96&d=mm&r=g","contentUrl":"https:\/\/secure.gravatar.com\/avatar\/fb81a55b6218459490a9c1dc841a34909185b81904c5337b4b27f7a6fd60c49e?s=96&d=mm&r=g","caption":"Lorenzo Verduzco"}}]}},"_links":{"self":[{"href":"https:\/\/interamerica.org\/es\/wp-json\/wp\/v2\/posts\/30853","targetHints":{"allow":["GET"]}}],"collection":[{"href":"https:\/\/interamerica.org\/es\/wp-json\/wp\/v2\/posts"}],"about":[{"href":"https:\/\/interamerica.org\/es\/wp-json\/wp\/v2\/types\/post"}],"author":[{"embeddable":true,"href":"https:\/\/interamerica.org\/es\/wp-json\/wp\/v2\/users\/1"}],"replies":[{"embeddable":true,"href":"https:\/\/interamerica.org\/es\/wp-json\/wp\/v2\/comments?post=30853"}],"version-history":[{"count":0,"href":"https:\/\/interamerica.org\/es\/wp-json\/wp\/v2\/posts\/30853\/revisions"}],"wp:featuredmedia":[{"embeddable":true,"href":"https:\/\/interamerica.org\/es\/wp-json\/wp\/v2\/media\/25519"}],"wp:attachment":[{"href":"https:\/\/interamerica.org\/es\/wp-json\/wp\/v2\/media?parent=30853"}],"wp:term":[{"taxonomy":"category","embeddable":true,"href":"https:\/\/interamerica.org\/es\/wp-json\/wp\/v2\/categories?post=30853"},{"taxonomy":"post_tag","embeddable":true,"href":"https:\/\/interamerica.org\/es\/wp-json\/wp\/v2\/tags?post=30853"}],"curies":[{"name":"wp","href":"https:\/\/api.w.org\/{rel}","templated":true}]}}