{"id":30854,"date":"2015-06-13T00:00:00","date_gmt":"2015-06-13T04:00:00","guid":{"rendered":"http:\/\/192.81.217.108\/interamerica\/2015\/06\/adolescentes-britanicos-toman-fotos-a-transeuntes-el-sabado\/"},"modified":"2015-06-13T00:00:00","modified_gmt":"2015-06-13T04:00:00","slug":"adolescentes-britanicos-toman-fotos-a-transeuntes-el-sabado","status":"publish","type":"post","link":"https:\/\/interamerica.org\/es\/2015\/06\/adolescentes-britanicos-toman-fotos-a-transeuntes-el-sabado\/","title":{"rendered":"Adolescentes brit\u00e1nicos toman fotos a transe\u00fantes el s\u00e1bado"},"content":{"rendered":"<div id=\"attachment_17365\" style=\"width: 810px\" class=\"wp-caption aligncenter\"><a href=\"\/interamerica\/wp-content\/uploads\/2017\/06\/Adventist-Yeovil-BUC-1.jpg\" rel=\"fancybox\" title=\"Adolescentes brit\u00e1nicos toman fotos a transe\u00fantes el s\u00e1bado\"><img fetchpriority=\"high\" decoding=\"async\" aria-describedby=\"caption-attachment-17365\" class=\" wp-image-17365 \" src=\"\/interamerica\/wp-content\/uploads\/2017\/06\/Adventist-Yeovil-BUC-1.jpg\" alt=\"\" width=\"800\" height=\"400\" \/><\/a><p id=\"caption-attachment-17365\" class=\"wp-caption-text\">Adolescentes adventistas posan con un joven que sostiene un cartel que manifiesta su valor fundamental \u2013\u201clibre pensamiento\u201d, en Yeovil, Reino Unido, el s\u00e1bado 6 de junio. Imagen por BUC<\/p><\/div>\n<p>2 de junio de 2015 | Yeovil, Reino Unido | Andrew McChesney, editor de noticias, Adventist Review<\/p>\n<p>Un grupo de adolescentes adventistas llevaron consigo un enorme marco dorado a una concurrida calle brit\u00e1nica y desafiaron a la gente a considerar sus valores m\u00e1s importantes al posar para una fotograf\u00eda.<\/p>\n<p>Los j\u00f3venes de la Iglesia Adventista Yeovil, en Yeovil, una poblaci\u00f3n de 45,000 personas situada a unos 210 kil\u00f3metros de Londres, les pidieron a los transe\u00fantes que definieran aquello que consideraran como de m\u00e1s valor sobre s\u00ed mismos y lo anotaran en una pizarra.<\/p>\n<p>\u201cEn una concurrida secci\u00f3n enfrente de la principal estaci\u00f3n de autobuses, estos intr\u00e9pidos j\u00f3venes cristianos comenzaron a poner en pr\u00e1ctica una novedosa idea: preguntar a las personas qu\u00e9 era valioso para ellas\u201d, dijo la Uni\u00f3n Asociaci\u00f3n Brit\u00e1nica en una declaraci\u00f3n.<\/p>\n<p>Los transe\u00fantes sostuvieron la pizarra para posar detr\u00e1s del marco de fotograf\u00eda para una foto gratuita digital e instant\u00e1nea. Cada fotograf\u00eda impresa estilo Polaroid inclu\u00eda por detr\u00e1s, los detalles para ponerse en contacto con el grupo de j\u00f3venes adventistas llamado \u201cOne Story\u201d (una historia).<\/p>\n<p>Las personas ofrecieron toda una variedad de respuestas acerca de lo que consideraban como m\u00e1s valioso en ellas mismas, comenzando cada declaraci\u00f3n con las palabras \u201cSoy\u2026\u201d Entre las frases figuraban \u201cSoy s\u00faper genial\u201d, \u201cSoy muy chistoso\u201d y \u201cSoy \u00e9pico\u201d.<\/p>\n<p>Un joven que vest\u00eda una camisa morada escribi\u00f3: \u201cSoy un libre pensador\u201d, mientras que una pareja de mediana edad escribi\u00f3: \u201cSomos bondadosos\u201d.<\/p>\n<div id=\"attachment_17366\" style=\"width: 370px\" class=\"wp-caption alignright\"><a href=\"\/interamerica\/wp-content\/uploads\/2017\/06\/Adventist-Yeovil-BUC-12.jpg\" rel=\"fancybox\" title=\"Adolescentes brit\u00e1nicos toman fotos a transe\u00fantes el s\u00e1bado\"><img decoding=\"async\" aria-describedby=\"caption-attachment-17366\" class=\" wp-image-17366  \" src=\"\/interamerica\/wp-content\/uploads\/2017\/06\/Adventist-Yeovil-BUC-12.jpg\" alt=\"\" width=\"360\" height=\"240\" \/><\/a><p id=\"caption-attachment-17366\" class=\"wp-caption-text\">Imagen por BUC.<\/p><\/div>\n<p>Algunas personas disfrutaron de una consideraci\u00f3n m\u00e1s informal al enfrentar este serio tema. \u201cSoy el chico m\u00e1s genial de todo Yeovil\u201d, escribi\u00f3 un joven que pos\u00f3 con dos amigos detr\u00e1s del marco dorado. Uno de sus amigos sostuvo una pizarra en que hab\u00eda escrito \u201csoy suficiente\u201d y el otro sostuvo una pizarra con la ir\u00f3nica declaraci\u00f3n \u201cSoy a quien le est\u00e1n tomando una foto\u201d.<\/p>\n<p>Los adolescentes adventistas posaron con muchos de los transe\u00fantes.<\/p>\n<p>\u201cLogramos hacer fant\u00e1sticos contactos en las dos horas que estuvimos en High Street\u201d, dijo Sam Gungaloo, pastor de la Iglesia Adventista Yeovil. \u201cDios nos bendijo con la buena voluntad del p\u00fablico y con la afirmaci\u00f3n de parte de muchos que hicieron un alto para tomarse una foto\u201d.<\/p>\n<p>El propietario de un caf\u00e9 se impresion\u00f3 tanto con la iniciativa llamada \u201cThe Big Picture\u201d (el cuadro o el panorama completo), que \u00e9l y su personal le proveyeron refrescos gratis al grupo de j\u00f3venes en esa calurosa tarde veraniega del 6 de junio.<\/p>\n<p>Los j\u00f3venes est\u00e1n ansiosos por regresar nuevamente a esa labor en las calles.<\/p>\n<p>\u201cYeovil necesita escuchar la historia m\u00e1s grandiosa de todos los tiempos\u201d, dijo Wayne Erasmus, un pastor local que redact\u00f3 un informe acerca de este evento para la Uni\u00f3n Asociaci\u00f3n Brit\u00e1nica. \u201cCada uno necesita encontrar su lugar en \u2018El Cuadro Completo\u2019. Para algunos puede dar comienzo en la High Street, con un marco fotogr\u00e1fico y una fotograf\u00eda Polaroid\u201d.<\/p>\n","protected":false},"excerpt":{"rendered":"<p>Un grupo de adolescentes adventistas llevaron consigo un enorme marco dorado a una concurrida calle  brit\u00e1nica y desafiaron a la gente a considerar sus valores m\u00e1s importantes al posar para una fotograf\u00eda. <\/p>\n<p>Los j\u00f3venes de la Iglesia Adventista Yeovil, en Yeovil, una poblaci\u00f3n de 45,000 personas situada a unos 210 kil\u00f3metros de Londres, les pidieron a los transe\u00fantes que definieran aquello que consideraran como de m\u00e1s valor sobre s\u00ed mismos y lo anotaran en una pizarra.<\/p>\n","protected":false},"author":1,"featured_media":25529,"comment_status":"closed","ping_status":"closed","sticky":false,"template":"","format":"standard","meta":{"_acf_changed":false,"footnotes":""},"categories":[14,15],"tags":[],"class_list":["post-30854","post","type-post","status-publish","format-standard","has-post-thumbnail","hentry","category-de-la-iglesia-mundial","category-rss-espanol"],"acf":[],"yoast_head":"<!-- This site is optimized with the Yoast SEO plugin v27.3 - https:\/\/yoast.com\/product\/yoast-seo-wordpress\/ -->\n<title>Adolescentes brit\u00e1nicos toman fotos a transe\u00fantes el s\u00e1bado - Iglesia Adventista del S\u00e9ptimo D\u00eda - Divisi\u00f3n Interamericana<\/title>\n<meta name=\"robots\" content=\"index, follow, max-snippet:-1, max-image-preview:large, max-video-preview:-1\" \/>\n<link rel=\"canonical\" href=\"https:\/\/interamerica.org\/es\/2015\/06\/adolescentes-britanicos-toman-fotos-a-transeuntes-el-sabado\/\" \/>\n<meta property=\"og:locale\" content=\"es_ES\" \/>\n<meta property=\"og:type\" content=\"article\" \/>\n<meta property=\"og:title\" content=\"Adolescentes brit\u00e1nicos toman fotos a transe\u00fantes el s\u00e1bado - Iglesia Adventista del S\u00e9ptimo D\u00eda - Divisi\u00f3n Interamericana\" \/>\n<meta property=\"og:description\" content=\"Un grupo de adolescentes adventistas llevaron consigo un enorme marco dorado a una concurrida calle brit\u00e1nica y desafiaron a la gente a considerar sus valores m\u00e1s importantes al posar para una fotograf\u00eda.  Los j\u00f3venes de la Iglesia Adventista Yeovil, en Yeovil, una poblaci\u00f3n de 45,000 personas situada a unos 210 kil\u00f3metros de Londres, les pidieron a los transe\u00fantes que definieran aquello que consideraran como de m\u00e1s valor sobre s\u00ed mismos y lo anotaran en una pizarra.\" \/>\n<meta property=\"og:url\" content=\"https:\/\/interamerica.org\/es\/2015\/06\/adolescentes-britanicos-toman-fotos-a-transeuntes-el-sabado\/\" \/>\n<meta property=\"og:site_name\" content=\"Iglesia Adventista del S\u00e9ptimo D\u00eda - Divisi\u00f3n Interamericana\" \/>\n<meta property=\"article:published_time\" content=\"2015-06-13T04:00:00+00:00\" \/>\n<meta property=\"og:image\" content=\"https:\/\/interamerica.org\/wp-content\/uploads\/2017\/06\/Adventist-Yeovil-BUC-1.jpg\" \/>\n\t<meta property=\"og:image:width\" content=\"1000\" \/>\n\t<meta property=\"og:image:height\" content=\"500\" \/>\n\t<meta property=\"og:image:type\" content=\"image\/jpeg\" \/>\n<meta name=\"author\" content=\"Lorenzo Verduzco\" \/>\n<meta name=\"twitter:card\" content=\"summary_large_image\" \/>\n<meta name=\"twitter:label1\" content=\"Escrito por\" \/>\n\t<meta name=\"twitter:data1\" content=\"Lorenzo Verduzco\" \/>\n\t<meta name=\"twitter:label2\" content=\"Tiempo de lectura\" \/>\n\t<meta name=\"twitter:data2\" content=\"3 minutos\" \/>\n<script type=\"application\/ld+json\" class=\"yoast-schema-graph\">{\"@context\":\"https:\\\/\\\/schema.org\",\"@graph\":[{\"@type\":\"Article\",\"@id\":\"https:\\\/\\\/interamerica.org\\\/es\\\/2015\\\/06\\\/adolescentes-britanicos-toman-fotos-a-transeuntes-el-sabado\\\/#article\",\"isPartOf\":{\"@id\":\"https:\\\/\\\/interamerica.org\\\/es\\\/2015\\\/06\\\/adolescentes-britanicos-toman-fotos-a-transeuntes-el-sabado\\\/\"},\"author\":{\"name\":\"Lorenzo Verduzco\",\"@id\":\"https:\\\/\\\/interamerica.org\\\/es\\\/#\\\/schema\\\/person\\\/68ede8bdc292885bb76c1e3810e73c39\"},\"headline\":\"Adolescentes brit\u00e1nicos toman fotos a transe\u00fantes el s\u00e1bado\",\"datePublished\":\"2015-06-13T04:00:00+00:00\",\"mainEntityOfPage\":{\"@id\":\"https:\\\/\\\/interamerica.org\\\/es\\\/2015\\\/06\\\/adolescentes-britanicos-toman-fotos-a-transeuntes-el-sabado\\\/\"},\"wordCount\":571,\"image\":{\"@id\":\"https:\\\/\\\/interamerica.org\\\/es\\\/2015\\\/06\\\/adolescentes-britanicos-toman-fotos-a-transeuntes-el-sabado\\\/#primaryimage\"},\"thumbnailUrl\":\"https:\\\/\\\/interamerica.org\\\/wp-content\\\/uploads\\\/2017\\\/06\\\/Adventist-Yeovil-BUC-1.jpg\",\"articleSection\":[\"Desde la iglesia mundial\",\"RSS Espa\u00f1ol\"],\"inLanguage\":\"es\"},{\"@type\":\"WebPage\",\"@id\":\"https:\\\/\\\/interamerica.org\\\/es\\\/2015\\\/06\\\/adolescentes-britanicos-toman-fotos-a-transeuntes-el-sabado\\\/\",\"url\":\"https:\\\/\\\/interamerica.org\\\/es\\\/2015\\\/06\\\/adolescentes-britanicos-toman-fotos-a-transeuntes-el-sabado\\\/\",\"name\":\"Adolescentes brit\u00e1nicos toman fotos a transe\u00fantes el s\u00e1bado - Iglesia Adventista del S\u00e9ptimo D\u00eda - Divisi\u00f3n Interamericana\",\"isPartOf\":{\"@id\":\"https:\\\/\\\/interamerica.org\\\/es\\\/#website\"},\"primaryImageOfPage\":{\"@id\":\"https:\\\/\\\/interamerica.org\\\/es\\\/2015\\\/06\\\/adolescentes-britanicos-toman-fotos-a-transeuntes-el-sabado\\\/#primaryimage\"},\"image\":{\"@id\":\"https:\\\/\\\/interamerica.org\\\/es\\\/2015\\\/06\\\/adolescentes-britanicos-toman-fotos-a-transeuntes-el-sabado\\\/#primaryimage\"},\"thumbnailUrl\":\"https:\\\/\\\/interamerica.org\\\/wp-content\\\/uploads\\\/2017\\\/06\\\/Adventist-Yeovil-BUC-1.jpg\",\"datePublished\":\"2015-06-13T04:00:00+00:00\",\"author\":{\"@id\":\"https:\\\/\\\/interamerica.org\\\/es\\\/#\\\/schema\\\/person\\\/68ede8bdc292885bb76c1e3810e73c39\"},\"breadcrumb\":{\"@id\":\"https:\\\/\\\/interamerica.org\\\/es\\\/2015\\\/06\\\/adolescentes-britanicos-toman-fotos-a-transeuntes-el-sabado\\\/#breadcrumb\"},\"inLanguage\":\"es\",\"potentialAction\":[{\"@type\":\"ReadAction\",\"target\":[\"https:\\\/\\\/interamerica.org\\\/es\\\/2015\\\/06\\\/adolescentes-britanicos-toman-fotos-a-transeuntes-el-sabado\\\/\"]}]},{\"@type\":\"ImageObject\",\"inLanguage\":\"es\",\"@id\":\"https:\\\/\\\/interamerica.org\\\/es\\\/2015\\\/06\\\/adolescentes-britanicos-toman-fotos-a-transeuntes-el-sabado\\\/#primaryimage\",\"url\":\"https:\\\/\\\/interamerica.org\\\/wp-content\\\/uploads\\\/2017\\\/06\\\/Adventist-Yeovil-BUC-1.jpg\",\"contentUrl\":\"https:\\\/\\\/interamerica.org\\\/wp-content\\\/uploads\\\/2017\\\/06\\\/Adventist-Yeovil-BUC-1.jpg\",\"width\":1000,\"height\":500},{\"@type\":\"BreadcrumbList\",\"@id\":\"https:\\\/\\\/interamerica.org\\\/es\\\/2015\\\/06\\\/adolescentes-britanicos-toman-fotos-a-transeuntes-el-sabado\\\/#breadcrumb\",\"itemListElement\":[{\"@type\":\"ListItem\",\"position\":1,\"name\":\"Home\",\"item\":\"https:\\\/\\\/interamerica.org\\\/es\\\/\"},{\"@type\":\"ListItem\",\"position\":2,\"name\":\"Adolescentes brit\u00e1nicos toman fotos a transe\u00fantes el s\u00e1bado\"}]},{\"@type\":\"WebSite\",\"@id\":\"https:\\\/\\\/interamerica.org\\\/es\\\/#website\",\"url\":\"https:\\\/\\\/interamerica.org\\\/es\\\/\",\"name\":\"Iglesia Adventista del S\u00e9ptimo D\u00eda - Divisi\u00f3n Interamericana\",\"description\":\"\",\"potentialAction\":[{\"@type\":\"SearchAction\",\"target\":{\"@type\":\"EntryPoint\",\"urlTemplate\":\"https:\\\/\\\/interamerica.org\\\/es\\\/?s={search_term_string}\"},\"query-input\":{\"@type\":\"PropertyValueSpecification\",\"valueRequired\":true,\"valueName\":\"search_term_string\"}}],\"inLanguage\":\"es\"},{\"@type\":\"Person\",\"@id\":\"https:\\\/\\\/interamerica.org\\\/es\\\/#\\\/schema\\\/person\\\/68ede8bdc292885bb76c1e3810e73c39\",\"name\":\"Lorenzo Verduzco\",\"image\":{\"@type\":\"ImageObject\",\"inLanguage\":\"es\",\"@id\":\"https:\\\/\\\/secure.gravatar.com\\\/avatar\\\/fb81a55b6218459490a9c1dc841a34909185b81904c5337b4b27f7a6fd60c49e?s=96&d=mm&r=g\",\"url\":\"https:\\\/\\\/secure.gravatar.com\\\/avatar\\\/fb81a55b6218459490a9c1dc841a34909185b81904c5337b4b27f7a6fd60c49e?s=96&d=mm&r=g\",\"contentUrl\":\"https:\\\/\\\/secure.gravatar.com\\\/avatar\\\/fb81a55b6218459490a9c1dc841a34909185b81904c5337b4b27f7a6fd60c49e?s=96&d=mm&r=g\",\"caption\":\"Lorenzo Verduzco\"}}]}<\/script>\n<!-- \/ Yoast SEO plugin. -->","yoast_head_json":{"title":"Adolescentes brit\u00e1nicos toman fotos a transe\u00fantes el s\u00e1bado - Iglesia Adventista del S\u00e9ptimo D\u00eda - Divisi\u00f3n Interamericana","robots":{"index":"index","follow":"follow","max-snippet":"max-snippet:-1","max-image-preview":"max-image-preview:large","max-video-preview":"max-video-preview:-1"},"canonical":"https:\/\/interamerica.org\/es\/2015\/06\/adolescentes-britanicos-toman-fotos-a-transeuntes-el-sabado\/","og_locale":"es_ES","og_type":"article","og_title":"Adolescentes brit\u00e1nicos toman fotos a transe\u00fantes el s\u00e1bado - Iglesia Adventista del S\u00e9ptimo D\u00eda - Divisi\u00f3n Interamericana","og_description":"Un grupo de adolescentes adventistas llevaron consigo un enorme marco dorado a una concurrida calle brit\u00e1nica y desafiaron a la gente a considerar sus valores m\u00e1s importantes al posar para una fotograf\u00eda.  Los j\u00f3venes de la Iglesia Adventista Yeovil, en Yeovil, una poblaci\u00f3n de 45,000 personas situada a unos 210 kil\u00f3metros de Londres, les pidieron a los transe\u00fantes que definieran aquello que consideraran como de m\u00e1s valor sobre s\u00ed mismos y lo anotaran en una pizarra.","og_url":"https:\/\/interamerica.org\/es\/2015\/06\/adolescentes-britanicos-toman-fotos-a-transeuntes-el-sabado\/","og_site_name":"Iglesia Adventista del S\u00e9ptimo D\u00eda - Divisi\u00f3n Interamericana","article_published_time":"2015-06-13T04:00:00+00:00","og_image":[{"width":1000,"height":500,"url":"https:\/\/interamerica.org\/wp-content\/uploads\/2017\/06\/Adventist-Yeovil-BUC-1.jpg","type":"image\/jpeg"}],"author":"Lorenzo Verduzco","twitter_card":"summary_large_image","twitter_misc":{"Escrito por":"Lorenzo Verduzco","Tiempo de lectura":"3 minutos"},"schema":{"@context":"https:\/\/schema.org","@graph":[{"@type":"Article","@id":"https:\/\/interamerica.org\/es\/2015\/06\/adolescentes-britanicos-toman-fotos-a-transeuntes-el-sabado\/#article","isPartOf":{"@id":"https:\/\/interamerica.org\/es\/2015\/06\/adolescentes-britanicos-toman-fotos-a-transeuntes-el-sabado\/"},"author":{"name":"Lorenzo Verduzco","@id":"https:\/\/interamerica.org\/es\/#\/schema\/person\/68ede8bdc292885bb76c1e3810e73c39"},"headline":"Adolescentes brit\u00e1nicos toman fotos a transe\u00fantes el s\u00e1bado","datePublished":"2015-06-13T04:00:00+00:00","mainEntityOfPage":{"@id":"https:\/\/interamerica.org\/es\/2015\/06\/adolescentes-britanicos-toman-fotos-a-transeuntes-el-sabado\/"},"wordCount":571,"image":{"@id":"https:\/\/interamerica.org\/es\/2015\/06\/adolescentes-britanicos-toman-fotos-a-transeuntes-el-sabado\/#primaryimage"},"thumbnailUrl":"https:\/\/interamerica.org\/wp-content\/uploads\/2017\/06\/Adventist-Yeovil-BUC-1.jpg","articleSection":["Desde la iglesia mundial","RSS Espa\u00f1ol"],"inLanguage":"es"},{"@type":"WebPage","@id":"https:\/\/interamerica.org\/es\/2015\/06\/adolescentes-britanicos-toman-fotos-a-transeuntes-el-sabado\/","url":"https:\/\/interamerica.org\/es\/2015\/06\/adolescentes-britanicos-toman-fotos-a-transeuntes-el-sabado\/","name":"Adolescentes brit\u00e1nicos toman fotos a transe\u00fantes el s\u00e1bado - Iglesia Adventista del S\u00e9ptimo D\u00eda - Divisi\u00f3n Interamericana","isPartOf":{"@id":"https:\/\/interamerica.org\/es\/#website"},"primaryImageOfPage":{"@id":"https:\/\/interamerica.org\/es\/2015\/06\/adolescentes-britanicos-toman-fotos-a-transeuntes-el-sabado\/#primaryimage"},"image":{"@id":"https:\/\/interamerica.org\/es\/2015\/06\/adolescentes-britanicos-toman-fotos-a-transeuntes-el-sabado\/#primaryimage"},"thumbnailUrl":"https:\/\/interamerica.org\/wp-content\/uploads\/2017\/06\/Adventist-Yeovil-BUC-1.jpg","datePublished":"2015-06-13T04:00:00+00:00","author":{"@id":"https:\/\/interamerica.org\/es\/#\/schema\/person\/68ede8bdc292885bb76c1e3810e73c39"},"breadcrumb":{"@id":"https:\/\/interamerica.org\/es\/2015\/06\/adolescentes-britanicos-toman-fotos-a-transeuntes-el-sabado\/#breadcrumb"},"inLanguage":"es","potentialAction":[{"@type":"ReadAction","target":["https:\/\/interamerica.org\/es\/2015\/06\/adolescentes-britanicos-toman-fotos-a-transeuntes-el-sabado\/"]}]},{"@type":"ImageObject","inLanguage":"es","@id":"https:\/\/interamerica.org\/es\/2015\/06\/adolescentes-britanicos-toman-fotos-a-transeuntes-el-sabado\/#primaryimage","url":"https:\/\/interamerica.org\/wp-content\/uploads\/2017\/06\/Adventist-Yeovil-BUC-1.jpg","contentUrl":"https:\/\/interamerica.org\/wp-content\/uploads\/2017\/06\/Adventist-Yeovil-BUC-1.jpg","width":1000,"height":500},{"@type":"BreadcrumbList","@id":"https:\/\/interamerica.org\/es\/2015\/06\/adolescentes-britanicos-toman-fotos-a-transeuntes-el-sabado\/#breadcrumb","itemListElement":[{"@type":"ListItem","position":1,"name":"Home","item":"https:\/\/interamerica.org\/es\/"},{"@type":"ListItem","position":2,"name":"Adolescentes brit\u00e1nicos toman fotos a transe\u00fantes el s\u00e1bado"}]},{"@type":"WebSite","@id":"https:\/\/interamerica.org\/es\/#website","url":"https:\/\/interamerica.org\/es\/","name":"Iglesia Adventista del S\u00e9ptimo D\u00eda - Divisi\u00f3n Interamericana","description":"","potentialAction":[{"@type":"SearchAction","target":{"@type":"EntryPoint","urlTemplate":"https:\/\/interamerica.org\/es\/?s={search_term_string}"},"query-input":{"@type":"PropertyValueSpecification","valueRequired":true,"valueName":"search_term_string"}}],"inLanguage":"es"},{"@type":"Person","@id":"https:\/\/interamerica.org\/es\/#\/schema\/person\/68ede8bdc292885bb76c1e3810e73c39","name":"Lorenzo Verduzco","image":{"@type":"ImageObject","inLanguage":"es","@id":"https:\/\/secure.gravatar.com\/avatar\/fb81a55b6218459490a9c1dc841a34909185b81904c5337b4b27f7a6fd60c49e?s=96&d=mm&r=g","url":"https:\/\/secure.gravatar.com\/avatar\/fb81a55b6218459490a9c1dc841a34909185b81904c5337b4b27f7a6fd60c49e?s=96&d=mm&r=g","contentUrl":"https:\/\/secure.gravatar.com\/avatar\/fb81a55b6218459490a9c1dc841a34909185b81904c5337b4b27f7a6fd60c49e?s=96&d=mm&r=g","caption":"Lorenzo Verduzco"}}]}},"_links":{"self":[{"href":"https:\/\/interamerica.org\/es\/wp-json\/wp\/v2\/posts\/30854","targetHints":{"allow":["GET"]}}],"collection":[{"href":"https:\/\/interamerica.org\/es\/wp-json\/wp\/v2\/posts"}],"about":[{"href":"https:\/\/interamerica.org\/es\/wp-json\/wp\/v2\/types\/post"}],"author":[{"embeddable":true,"href":"https:\/\/interamerica.org\/es\/wp-json\/wp\/v2\/users\/1"}],"replies":[{"embeddable":true,"href":"https:\/\/interamerica.org\/es\/wp-json\/wp\/v2\/comments?post=30854"}],"version-history":[{"count":0,"href":"https:\/\/interamerica.org\/es\/wp-json\/wp\/v2\/posts\/30854\/revisions"}],"wp:featuredmedia":[{"embeddable":true,"href":"https:\/\/interamerica.org\/es\/wp-json\/wp\/v2\/media\/25529"}],"wp:attachment":[{"href":"https:\/\/interamerica.org\/es\/wp-json\/wp\/v2\/media?parent=30854"}],"wp:term":[{"taxonomy":"category","embeddable":true,"href":"https:\/\/interamerica.org\/es\/wp-json\/wp\/v2\/categories?post=30854"},{"taxonomy":"post_tag","embeddable":true,"href":"https:\/\/interamerica.org\/es\/wp-json\/wp\/v2\/tags?post=30854"}],"curies":[{"name":"wp","href":"https:\/\/api.w.org\/{rel}","templated":true}]}}