{"id":30858,"date":"2015-06-19T00:00:00","date_gmt":"2015-06-19T04:00:00","guid":{"rendered":"http:\/\/192.81.217.108\/interamerica\/2015\/06\/los-lideres-de-la-iglesia-adventista-en-interamerica-dedican-un-tiempo-especial-a-la-reflexion-espiritual\/"},"modified":"2015-06-19T00:00:00","modified_gmt":"2015-06-19T04:00:00","slug":"los-lideres-de-la-iglesia-adventista-en-interamerica-dedican-un-tiempo-especial-a-la-reflexion-espiritual","status":"publish","type":"post","link":"https:\/\/interamerica.org\/es\/2015\/06\/los-lideres-de-la-iglesia-adventista-en-interamerica-dedican-un-tiempo-especial-a-la-reflexion-espiritual\/","title":{"rendered":"Los l\u00edderes de la Iglesia Adventista en Interam\u00e9rica dedican un tiempo especial a la reflexi\u00f3n espiritual"},"content":{"rendered":"<div id=\"attachment_17443\" style=\"width: 586px\" class=\"wp-caption aligncenter\"><a href=\"\/interamerica\/wp-content\/uploads\/2017\/06\/WeekofPrayer2015.png\" rel=\"fancybox\" title=\"Los l\u00edderes de la Iglesia Adventista en Interam\u00e9rica dedican un tiempo especial a la reflexi\u00f3n espiritual\"><img fetchpriority=\"high\" decoding=\"async\" aria-describedby=\"caption-attachment-17443\" class=\" wp-image-17443 \" src=\"\/interamerica\/wp-content\/uploads\/2017\/06\/WeekofPrayer2015.png\" alt=\"\" width=\"576\" height=\"385\" \/><\/a><p id=\"caption-attachment-17443\" class=\"wp-caption-text\">Los l\u00edderes adventistas, el personal y sus familias, entonan un c\u00e1ntico durante una semana especial de reflexi\u00f3n espiritual en Miami, Florida, Estados Unidos, entre el 13 y el 18 de junio de 2015. Im\u00e1genes de Libna Stevens\/DIA<\/p><\/div>\n<p>&nbsp;<\/p>\n<p>19 de junio de 2015 | Miami, Florida, Estados Unidos | Libna Stevens\/DIA<\/p>\n<div id=\"attachment_17444\" style=\"width: 330px\" class=\"wp-caption alignleft\"><a href=\"\/interamerica\/wp-content\/uploads\/2017\/06\/Leito-WoP2015.png\" rel=\"fancybox\" title=\"Los l\u00edderes de la Iglesia Adventista en Interam\u00e9rica dedican un tiempo especial a la reflexi\u00f3n espiritual\"><img decoding=\"async\" aria-describedby=\"caption-attachment-17444\" class=\" wp-image-17444 \" src=\"\/interamerica\/wp-content\/uploads\/2017\/06\/Leito-WoP2015.png\" alt=\"\" width=\"320\" height=\"226\" \/><\/a><p id=\"caption-attachment-17444\" class=\"wp-caption-text\">El pastor Israel Leito, presidente de la Divisi\u00f3n Interamericana, dijo a los l\u00edderes y a los miembros del personal que terminar el quiquenio con una reflexi\u00f3n espiritual era importante antes de que se lleve a cabo el Congreso de la Asociaci\u00f3n General el mes que viene.<\/p><\/div>\n<p>Los principales l\u00edderes adventistas, los miembros del personal y sus familias de la sede central de la Divisi\u00f3n Interamericana (DIA) apartaron una semana para la reflexi\u00f3n espiritual, al cierre del per\u00edodo eclesi\u00e1stico de cinco a\u00f1os este verano. La semana de \u00e9nfasis espiritual reuni\u00f3 a m\u00e1s de ochenta empleados de la iglesia y a sus familias para alabar y adorar juntos a Dios durante el evento anual llevado a cabo en Miami, Florida, Estados Unidos, del 13 al 18 de junio de 2015.<\/p>\n<p>\u00abEstamos tan enfocados en ir, ir e ir, y en hacer, hacer y hacer, con proyectos, iniciativas y estrategias de trabajo, que queremos terminar este quinquenio con un tiempo para la reflexi\u00f3n espiritual\u00bb, dijo el pastor Israel Leito, presidente de la Divisi\u00f3n Interamericana. \u00abAcaso esta sea la \u00faltima vez que estemos todos juntos como familia\u00bb, dijo el pastor Leito al recordar a los l\u00edderes de que el Congreso de la Asociaci\u00f3n General ser\u00e1 llevado a cabo dentro de pocas semanas en San Antonio, Texas, Estados Unidos.<\/p>\n<p>Como resultado del congreso, se pueden producir cambios o traslados en el caso de muchos l\u00edderes y miembros del personal.<\/p>\n<p>\u00abEs un momento para concentrarnos en nuestra relaci\u00f3n con el Se\u00f1or, y en recordar que nosotros somos hijos de Dios siempre\u00bb, a\u00f1adi\u00f3 el pastor Leito.<br \/>\n<!--[if !supportLineBreakNewLine]--><\/p>\n<div id=\"attachment_17445\" style=\"width: 330px\" class=\"wp-caption alignleft\"><a href=\"\/interamerica\/wp-content\/uploads\/2017\/06\/RonSmith400.png\" rel=\"fancybox\" title=\"Los l\u00edderes de la Iglesia Adventista en Interam\u00e9rica dedican un tiempo especial a la reflexi\u00f3n espiritual\"><img decoding=\"async\" aria-describedby=\"caption-attachment-17445\" class=\" wp-image-17445 \" src=\"\/interamerica\/wp-content\/uploads\/2017\/06\/RonSmith400.png\" alt=\"\" width=\"320\" height=\"256\" \/><\/a><p id=\"caption-attachment-17445\" class=\"wp-caption-text\">El doctor Ron C. Smith (izquierda), presidente de la Uni\u00f3n Asociaci\u00f3n Southern, con sede en Norcross, Georgia, Estados Unidos, fue el orador destacado durante la semana de reflexi\u00f3n espiritual. El doctor Jaime Castrej\u00f3n, presidente del SETAI, traduce durante el mensaje principal del s\u00e1bado 13 de junio de 2015.<\/p><\/div>\n<p>El doctor Ron C. Smith, presidente de la Uni\u00f3n Asociaci\u00f3n Southern, con sede en Norcross, Georgia, Estados Unidos, fue el orador principal. El doctor Smith, que tiene m\u00e1s de 35 a\u00f1os de servicio a la denominaci\u00f3n, present\u00f3 el desaf\u00edo a los l\u00edderes de la iglesia para que se mantengan fieles aun al vivir en el inquietante mundo actual, y pidi\u00f3 a los l\u00edderes que recuerden qui\u00e9n es Dios, seg\u00fan se describe en Apocalipsis cap\u00edtulo 1.<\/p>\n<p>\u00abNecesitamos una fe pura\u00bb, dijo el doctor Smith. \u00abLa fe que no soporta las pruebas no es fe, y tenemos que ser el tipo de persona que se aferra a Dios aun cuando no entendamos a Dios\u00bb.<\/p>\n<p>\u00abPiensen en el amor de Dios y en lo que \u00e9l siente por nosotros\u00bb, a\u00f1adi\u00f3. \u00abUstedes son su mejor inversi\u00f3n; \u00e9l est\u00e1 luchando cada d\u00eda por ustedes, y a\u00fan no se ha dado por vencido. A pesar de los homicidios, las violaciones, los secuestros, la deshonestidad y la disipaci\u00f3n, Dios a\u00fan tiene buenos pensamientos respecto de la raza humana\u00bb.<\/p>\n<p>El doctor Smith anim\u00f3 a los l\u00edderes y a los miembros del personal, que supervisan a una feligres\u00eda de m\u00e1s de 3.700.000 miembros en Interam\u00e9rica, a que sigan estando atentos para escuchar el llamado de Dios, y luchen por dejar de lado todo aquello que nos impida alcanzar la comuni\u00f3n con el Se\u00f1or.<\/p>\n<p>La Divisi\u00f3n Interamericana supervisa la obra de la Iglesia Adventista en 24 regiones principales de M\u00e9xico, Am\u00e9rica Central, el Caribe, Colombia y Venezuela.<\/p>\n<p>Si desea saber m\u00e1s sobre la Divisi\u00f3n Interamericana, vis\u00edtenos en\u00a0<a href=\"https:\/\/recursing-golick.147-182-135-0.plesk.page\">interamerica.org<\/a><\/p>\n<p><em>Traducci\u00f3n de Marcos Paseggi<\/em><\/p>\n","protected":false},"excerpt":{"rendered":"<p>Los principales l\u00edderes adventistas, los miembros del personal y sus familias de la sede central de la Divisi\u00f3n Interamericana (DIA) apartaron una semana para la reflexi\u00f3n espiritual, al cierre del per\u00edodo eclesi\u00e1stico de cinco a\u00f1os este verano. <\/p>\n<p>La semana de \u00e9nfasis espiritual reuni\u00f3 a m\u00e1s de ochenta empleados de la iglesia y a sus familias para alabar y adorar juntos a Dios durante el evento anual llevado a cabo en Miami, Florida, Estados Unidos, del 13 al 18 de junio de 2015.<\/p>\n","protected":false},"author":1,"featured_media":25593,"comment_status":"closed","ping_status":"closed","sticky":false,"template":"","format":"standard","meta":{"_acf_changed":false,"footnotes":""},"categories":[16,15],"tags":[],"class_list":["post-30858","post","type-post","status-publish","format-standard","has-post-thumbnail","hentry","category-desde-la-sede","category-rss-espanol"],"acf":[],"yoast_head":"<!-- This site is optimized with the Yoast SEO plugin v27.3 - https:\/\/yoast.com\/product\/yoast-seo-wordpress\/ -->\n<title>Los l\u00edderes de la Iglesia Adventista en Interam\u00e9rica dedican un tiempo especial a la reflexi\u00f3n espiritual - Iglesia Adventista del S\u00e9ptimo D\u00eda - Divisi\u00f3n Interamericana<\/title>\n<meta name=\"robots\" content=\"index, follow, max-snippet:-1, max-image-preview:large, max-video-preview:-1\" \/>\n<link rel=\"canonical\" href=\"https:\/\/interamerica.org\/es\/2015\/06\/los-lideres-de-la-iglesia-adventista-en-interamerica-dedican-un-tiempo-especial-a-la-reflexion-espiritual\/\" \/>\n<meta property=\"og:locale\" content=\"es_ES\" \/>\n<meta property=\"og:type\" content=\"article\" \/>\n<meta property=\"og:title\" content=\"Los l\u00edderes de la Iglesia Adventista en Interam\u00e9rica dedican un tiempo especial a la reflexi\u00f3n espiritual - Iglesia Adventista del S\u00e9ptimo D\u00eda - Divisi\u00f3n Interamericana\" \/>\n<meta property=\"og:description\" content=\"Los principales l\u00edderes adventistas, los miembros del personal y sus familias de la sede central de la Divisi\u00f3n Interamericana (DIA) apartaron una semana para la reflexi\u00f3n espiritual, al cierre del per\u00edodo eclesi\u00e1stico de cinco a\u00f1os este verano.  La semana de \u00e9nfasis espiritual reuni\u00f3 a m\u00e1s de ochenta empleados de la iglesia y a sus familias para alabar y adorar juntos a Dios durante el evento anual llevado a cabo en Miami, Florida, Estados Unidos, del 13 al 18 de junio de 2015.\" \/>\n<meta property=\"og:url\" content=\"https:\/\/interamerica.org\/es\/2015\/06\/los-lideres-de-la-iglesia-adventista-en-interamerica-dedican-un-tiempo-especial-a-la-reflexion-espiritual\/\" \/>\n<meta property=\"og:site_name\" content=\"Iglesia Adventista del S\u00e9ptimo D\u00eda - Divisi\u00f3n Interamericana\" \/>\n<meta property=\"article:published_time\" content=\"2015-06-19T04:00:00+00:00\" \/>\n<meta property=\"og:image\" content=\"https:\/\/interamerica.org\/wp-content\/uploads\/2017\/06\/WeekofPrayer2015.png\" \/>\n\t<meta property=\"og:image:width\" content=\"640\" \/>\n\t<meta property=\"og:image:height\" content=\"428\" \/>\n\t<meta property=\"og:image:type\" content=\"image\/png\" \/>\n<meta name=\"author\" content=\"Lorenzo Verduzco\" \/>\n<meta name=\"twitter:card\" content=\"summary_large_image\" \/>\n<meta name=\"twitter:label1\" content=\"Escrito por\" \/>\n\t<meta name=\"twitter:data1\" content=\"Lorenzo Verduzco\" \/>\n\t<meta name=\"twitter:label2\" content=\"Tiempo de lectura\" \/>\n\t<meta name=\"twitter:data2\" content=\"3 minutos\" \/>\n<script type=\"application\/ld+json\" class=\"yoast-schema-graph\">{\"@context\":\"https:\\\/\\\/schema.org\",\"@graph\":[{\"@type\":\"Article\",\"@id\":\"https:\\\/\\\/interamerica.org\\\/es\\\/2015\\\/06\\\/los-lideres-de-la-iglesia-adventista-en-interamerica-dedican-un-tiempo-especial-a-la-reflexion-espiritual\\\/#article\",\"isPartOf\":{\"@id\":\"https:\\\/\\\/interamerica.org\\\/es\\\/2015\\\/06\\\/los-lideres-de-la-iglesia-adventista-en-interamerica-dedican-un-tiempo-especial-a-la-reflexion-espiritual\\\/\"},\"author\":{\"name\":\"Lorenzo Verduzco\",\"@id\":\"https:\\\/\\\/interamerica.org\\\/es\\\/#\\\/schema\\\/person\\\/68ede8bdc292885bb76c1e3810e73c39\"},\"headline\":\"Los l\u00edderes de la Iglesia Adventista en Interam\u00e9rica dedican un tiempo especial a la reflexi\u00f3n espiritual\",\"datePublished\":\"2015-06-19T04:00:00+00:00\",\"mainEntityOfPage\":{\"@id\":\"https:\\\/\\\/interamerica.org\\\/es\\\/2015\\\/06\\\/los-lideres-de-la-iglesia-adventista-en-interamerica-dedican-un-tiempo-especial-a-la-reflexion-espiritual\\\/\"},\"wordCount\":705,\"image\":{\"@id\":\"https:\\\/\\\/interamerica.org\\\/es\\\/2015\\\/06\\\/los-lideres-de-la-iglesia-adventista-en-interamerica-dedican-un-tiempo-especial-a-la-reflexion-espiritual\\\/#primaryimage\"},\"thumbnailUrl\":\"https:\\\/\\\/interamerica.org\\\/wp-content\\\/uploads\\\/2017\\\/06\\\/WeekofPrayer2015.png\",\"articleSection\":[\"Desde la sede\",\"RSS Espa\u00f1ol\"],\"inLanguage\":\"es\"},{\"@type\":\"WebPage\",\"@id\":\"https:\\\/\\\/interamerica.org\\\/es\\\/2015\\\/06\\\/los-lideres-de-la-iglesia-adventista-en-interamerica-dedican-un-tiempo-especial-a-la-reflexion-espiritual\\\/\",\"url\":\"https:\\\/\\\/interamerica.org\\\/es\\\/2015\\\/06\\\/los-lideres-de-la-iglesia-adventista-en-interamerica-dedican-un-tiempo-especial-a-la-reflexion-espiritual\\\/\",\"name\":\"Los l\u00edderes de la Iglesia Adventista en Interam\u00e9rica dedican un tiempo especial a la reflexi\u00f3n espiritual - Iglesia Adventista del S\u00e9ptimo D\u00eda - Divisi\u00f3n Interamericana\",\"isPartOf\":{\"@id\":\"https:\\\/\\\/interamerica.org\\\/es\\\/#website\"},\"primaryImageOfPage\":{\"@id\":\"https:\\\/\\\/interamerica.org\\\/es\\\/2015\\\/06\\\/los-lideres-de-la-iglesia-adventista-en-interamerica-dedican-un-tiempo-especial-a-la-reflexion-espiritual\\\/#primaryimage\"},\"image\":{\"@id\":\"https:\\\/\\\/interamerica.org\\\/es\\\/2015\\\/06\\\/los-lideres-de-la-iglesia-adventista-en-interamerica-dedican-un-tiempo-especial-a-la-reflexion-espiritual\\\/#primaryimage\"},\"thumbnailUrl\":\"https:\\\/\\\/interamerica.org\\\/wp-content\\\/uploads\\\/2017\\\/06\\\/WeekofPrayer2015.png\",\"datePublished\":\"2015-06-19T04:00:00+00:00\",\"author\":{\"@id\":\"https:\\\/\\\/interamerica.org\\\/es\\\/#\\\/schema\\\/person\\\/68ede8bdc292885bb76c1e3810e73c39\"},\"breadcrumb\":{\"@id\":\"https:\\\/\\\/interamerica.org\\\/es\\\/2015\\\/06\\\/los-lideres-de-la-iglesia-adventista-en-interamerica-dedican-un-tiempo-especial-a-la-reflexion-espiritual\\\/#breadcrumb\"},\"inLanguage\":\"es\",\"potentialAction\":[{\"@type\":\"ReadAction\",\"target\":[\"https:\\\/\\\/interamerica.org\\\/es\\\/2015\\\/06\\\/los-lideres-de-la-iglesia-adventista-en-interamerica-dedican-un-tiempo-especial-a-la-reflexion-espiritual\\\/\"]}]},{\"@type\":\"ImageObject\",\"inLanguage\":\"es\",\"@id\":\"https:\\\/\\\/interamerica.org\\\/es\\\/2015\\\/06\\\/los-lideres-de-la-iglesia-adventista-en-interamerica-dedican-un-tiempo-especial-a-la-reflexion-espiritual\\\/#primaryimage\",\"url\":\"https:\\\/\\\/interamerica.org\\\/wp-content\\\/uploads\\\/2017\\\/06\\\/WeekofPrayer2015.png\",\"contentUrl\":\"https:\\\/\\\/interamerica.org\\\/wp-content\\\/uploads\\\/2017\\\/06\\\/WeekofPrayer2015.png\",\"width\":640,\"height\":428},{\"@type\":\"BreadcrumbList\",\"@id\":\"https:\\\/\\\/interamerica.org\\\/es\\\/2015\\\/06\\\/los-lideres-de-la-iglesia-adventista-en-interamerica-dedican-un-tiempo-especial-a-la-reflexion-espiritual\\\/#breadcrumb\",\"itemListElement\":[{\"@type\":\"ListItem\",\"position\":1,\"name\":\"Home\",\"item\":\"https:\\\/\\\/interamerica.org\\\/es\\\/\"},{\"@type\":\"ListItem\",\"position\":2,\"name\":\"Los l\u00edderes de la Iglesia Adventista en Interam\u00e9rica dedican un tiempo especial a la reflexi\u00f3n espiritual\"}]},{\"@type\":\"WebSite\",\"@id\":\"https:\\\/\\\/interamerica.org\\\/es\\\/#website\",\"url\":\"https:\\\/\\\/interamerica.org\\\/es\\\/\",\"name\":\"Iglesia Adventista del S\u00e9ptimo D\u00eda - Divisi\u00f3n Interamericana\",\"description\":\"\",\"potentialAction\":[{\"@type\":\"SearchAction\",\"target\":{\"@type\":\"EntryPoint\",\"urlTemplate\":\"https:\\\/\\\/interamerica.org\\\/es\\\/?s={search_term_string}\"},\"query-input\":{\"@type\":\"PropertyValueSpecification\",\"valueRequired\":true,\"valueName\":\"search_term_string\"}}],\"inLanguage\":\"es\"},{\"@type\":\"Person\",\"@id\":\"https:\\\/\\\/interamerica.org\\\/es\\\/#\\\/schema\\\/person\\\/68ede8bdc292885bb76c1e3810e73c39\",\"name\":\"Lorenzo Verduzco\",\"image\":{\"@type\":\"ImageObject\",\"inLanguage\":\"es\",\"@id\":\"https:\\\/\\\/secure.gravatar.com\\\/avatar\\\/fb81a55b6218459490a9c1dc841a34909185b81904c5337b4b27f7a6fd60c49e?s=96&d=mm&r=g\",\"url\":\"https:\\\/\\\/secure.gravatar.com\\\/avatar\\\/fb81a55b6218459490a9c1dc841a34909185b81904c5337b4b27f7a6fd60c49e?s=96&d=mm&r=g\",\"contentUrl\":\"https:\\\/\\\/secure.gravatar.com\\\/avatar\\\/fb81a55b6218459490a9c1dc841a34909185b81904c5337b4b27f7a6fd60c49e?s=96&d=mm&r=g\",\"caption\":\"Lorenzo Verduzco\"}}]}<\/script>\n<!-- \/ Yoast SEO plugin. -->","yoast_head_json":{"title":"Los l\u00edderes de la Iglesia Adventista en Interam\u00e9rica dedican un tiempo especial a la reflexi\u00f3n espiritual - Iglesia Adventista del S\u00e9ptimo D\u00eda - Divisi\u00f3n Interamericana","robots":{"index":"index","follow":"follow","max-snippet":"max-snippet:-1","max-image-preview":"max-image-preview:large","max-video-preview":"max-video-preview:-1"},"canonical":"https:\/\/interamerica.org\/es\/2015\/06\/los-lideres-de-la-iglesia-adventista-en-interamerica-dedican-un-tiempo-especial-a-la-reflexion-espiritual\/","og_locale":"es_ES","og_type":"article","og_title":"Los l\u00edderes de la Iglesia Adventista en Interam\u00e9rica dedican un tiempo especial a la reflexi\u00f3n espiritual - Iglesia Adventista del S\u00e9ptimo D\u00eda - Divisi\u00f3n Interamericana","og_description":"Los principales l\u00edderes adventistas, los miembros del personal y sus familias de la sede central de la Divisi\u00f3n Interamericana (DIA) apartaron una semana para la reflexi\u00f3n espiritual, al cierre del per\u00edodo eclesi\u00e1stico de cinco a\u00f1os este verano.  La semana de \u00e9nfasis espiritual reuni\u00f3 a m\u00e1s de ochenta empleados de la iglesia y a sus familias para alabar y adorar juntos a Dios durante el evento anual llevado a cabo en Miami, Florida, Estados Unidos, del 13 al 18 de junio de 2015.","og_url":"https:\/\/interamerica.org\/es\/2015\/06\/los-lideres-de-la-iglesia-adventista-en-interamerica-dedican-un-tiempo-especial-a-la-reflexion-espiritual\/","og_site_name":"Iglesia Adventista del S\u00e9ptimo D\u00eda - Divisi\u00f3n Interamericana","article_published_time":"2015-06-19T04:00:00+00:00","og_image":[{"width":640,"height":428,"url":"https:\/\/interamerica.org\/wp-content\/uploads\/2017\/06\/WeekofPrayer2015.png","type":"image\/png"}],"author":"Lorenzo Verduzco","twitter_card":"summary_large_image","twitter_misc":{"Escrito por":"Lorenzo Verduzco","Tiempo de lectura":"3 minutos"},"schema":{"@context":"https:\/\/schema.org","@graph":[{"@type":"Article","@id":"https:\/\/interamerica.org\/es\/2015\/06\/los-lideres-de-la-iglesia-adventista-en-interamerica-dedican-un-tiempo-especial-a-la-reflexion-espiritual\/#article","isPartOf":{"@id":"https:\/\/interamerica.org\/es\/2015\/06\/los-lideres-de-la-iglesia-adventista-en-interamerica-dedican-un-tiempo-especial-a-la-reflexion-espiritual\/"},"author":{"name":"Lorenzo Verduzco","@id":"https:\/\/interamerica.org\/es\/#\/schema\/person\/68ede8bdc292885bb76c1e3810e73c39"},"headline":"Los l\u00edderes de la Iglesia Adventista en Interam\u00e9rica dedican un tiempo especial a la reflexi\u00f3n espiritual","datePublished":"2015-06-19T04:00:00+00:00","mainEntityOfPage":{"@id":"https:\/\/interamerica.org\/es\/2015\/06\/los-lideres-de-la-iglesia-adventista-en-interamerica-dedican-un-tiempo-especial-a-la-reflexion-espiritual\/"},"wordCount":705,"image":{"@id":"https:\/\/interamerica.org\/es\/2015\/06\/los-lideres-de-la-iglesia-adventista-en-interamerica-dedican-un-tiempo-especial-a-la-reflexion-espiritual\/#primaryimage"},"thumbnailUrl":"https:\/\/interamerica.org\/wp-content\/uploads\/2017\/06\/WeekofPrayer2015.png","articleSection":["Desde la sede","RSS Espa\u00f1ol"],"inLanguage":"es"},{"@type":"WebPage","@id":"https:\/\/interamerica.org\/es\/2015\/06\/los-lideres-de-la-iglesia-adventista-en-interamerica-dedican-un-tiempo-especial-a-la-reflexion-espiritual\/","url":"https:\/\/interamerica.org\/es\/2015\/06\/los-lideres-de-la-iglesia-adventista-en-interamerica-dedican-un-tiempo-especial-a-la-reflexion-espiritual\/","name":"Los l\u00edderes de la Iglesia Adventista en Interam\u00e9rica dedican un tiempo especial a la reflexi\u00f3n espiritual - Iglesia Adventista del S\u00e9ptimo D\u00eda - Divisi\u00f3n Interamericana","isPartOf":{"@id":"https:\/\/interamerica.org\/es\/#website"},"primaryImageOfPage":{"@id":"https:\/\/interamerica.org\/es\/2015\/06\/los-lideres-de-la-iglesia-adventista-en-interamerica-dedican-un-tiempo-especial-a-la-reflexion-espiritual\/#primaryimage"},"image":{"@id":"https:\/\/interamerica.org\/es\/2015\/06\/los-lideres-de-la-iglesia-adventista-en-interamerica-dedican-un-tiempo-especial-a-la-reflexion-espiritual\/#primaryimage"},"thumbnailUrl":"https:\/\/interamerica.org\/wp-content\/uploads\/2017\/06\/WeekofPrayer2015.png","datePublished":"2015-06-19T04:00:00+00:00","author":{"@id":"https:\/\/interamerica.org\/es\/#\/schema\/person\/68ede8bdc292885bb76c1e3810e73c39"},"breadcrumb":{"@id":"https:\/\/interamerica.org\/es\/2015\/06\/los-lideres-de-la-iglesia-adventista-en-interamerica-dedican-un-tiempo-especial-a-la-reflexion-espiritual\/#breadcrumb"},"inLanguage":"es","potentialAction":[{"@type":"ReadAction","target":["https:\/\/interamerica.org\/es\/2015\/06\/los-lideres-de-la-iglesia-adventista-en-interamerica-dedican-un-tiempo-especial-a-la-reflexion-espiritual\/"]}]},{"@type":"ImageObject","inLanguage":"es","@id":"https:\/\/interamerica.org\/es\/2015\/06\/los-lideres-de-la-iglesia-adventista-en-interamerica-dedican-un-tiempo-especial-a-la-reflexion-espiritual\/#primaryimage","url":"https:\/\/interamerica.org\/wp-content\/uploads\/2017\/06\/WeekofPrayer2015.png","contentUrl":"https:\/\/interamerica.org\/wp-content\/uploads\/2017\/06\/WeekofPrayer2015.png","width":640,"height":428},{"@type":"BreadcrumbList","@id":"https:\/\/interamerica.org\/es\/2015\/06\/los-lideres-de-la-iglesia-adventista-en-interamerica-dedican-un-tiempo-especial-a-la-reflexion-espiritual\/#breadcrumb","itemListElement":[{"@type":"ListItem","position":1,"name":"Home","item":"https:\/\/interamerica.org\/es\/"},{"@type":"ListItem","position":2,"name":"Los l\u00edderes de la Iglesia Adventista en Interam\u00e9rica dedican un tiempo especial a la reflexi\u00f3n espiritual"}]},{"@type":"WebSite","@id":"https:\/\/interamerica.org\/es\/#website","url":"https:\/\/interamerica.org\/es\/","name":"Iglesia Adventista del S\u00e9ptimo D\u00eda - Divisi\u00f3n Interamericana","description":"","potentialAction":[{"@type":"SearchAction","target":{"@type":"EntryPoint","urlTemplate":"https:\/\/interamerica.org\/es\/?s={search_term_string}"},"query-input":{"@type":"PropertyValueSpecification","valueRequired":true,"valueName":"search_term_string"}}],"inLanguage":"es"},{"@type":"Person","@id":"https:\/\/interamerica.org\/es\/#\/schema\/person\/68ede8bdc292885bb76c1e3810e73c39","name":"Lorenzo Verduzco","image":{"@type":"ImageObject","inLanguage":"es","@id":"https:\/\/secure.gravatar.com\/avatar\/fb81a55b6218459490a9c1dc841a34909185b81904c5337b4b27f7a6fd60c49e?s=96&d=mm&r=g","url":"https:\/\/secure.gravatar.com\/avatar\/fb81a55b6218459490a9c1dc841a34909185b81904c5337b4b27f7a6fd60c49e?s=96&d=mm&r=g","contentUrl":"https:\/\/secure.gravatar.com\/avatar\/fb81a55b6218459490a9c1dc841a34909185b81904c5337b4b27f7a6fd60c49e?s=96&d=mm&r=g","caption":"Lorenzo Verduzco"}}]}},"_links":{"self":[{"href":"https:\/\/interamerica.org\/es\/wp-json\/wp\/v2\/posts\/30858","targetHints":{"allow":["GET"]}}],"collection":[{"href":"https:\/\/interamerica.org\/es\/wp-json\/wp\/v2\/posts"}],"about":[{"href":"https:\/\/interamerica.org\/es\/wp-json\/wp\/v2\/types\/post"}],"author":[{"embeddable":true,"href":"https:\/\/interamerica.org\/es\/wp-json\/wp\/v2\/users\/1"}],"replies":[{"embeddable":true,"href":"https:\/\/interamerica.org\/es\/wp-json\/wp\/v2\/comments?post=30858"}],"version-history":[{"count":0,"href":"https:\/\/interamerica.org\/es\/wp-json\/wp\/v2\/posts\/30858\/revisions"}],"wp:featuredmedia":[{"embeddable":true,"href":"https:\/\/interamerica.org\/es\/wp-json\/wp\/v2\/media\/25593"}],"wp:attachment":[{"href":"https:\/\/interamerica.org\/es\/wp-json\/wp\/v2\/media?parent=30858"}],"wp:term":[{"taxonomy":"category","embeddable":true,"href":"https:\/\/interamerica.org\/es\/wp-json\/wp\/v2\/categories?post=30858"},{"taxonomy":"post_tag","embeddable":true,"href":"https:\/\/interamerica.org\/es\/wp-json\/wp\/v2\/tags?post=30858"}],"curies":[{"name":"wp","href":"https:\/\/api.w.org\/{rel}","templated":true}]}}