{"id":30860,"date":"2015-06-24T00:00:00","date_gmt":"2015-06-24T04:00:00","guid":{"rendered":"http:\/\/192.81.217.108\/interamerica\/2015\/06\/en-venezuela-occidental-comunicadores-adventistas-reciben-el-desafio-de-ser-mensajeros-de-dios\/"},"modified":"2015-06-24T00:00:00","modified_gmt":"2015-06-24T04:00:00","slug":"en-venezuela-occidental-comunicadores-adventistas-reciben-el-desafio-de-ser-mensajeros-de-dios","status":"publish","type":"post","link":"https:\/\/interamerica.org\/es\/2015\/06\/en-venezuela-occidental-comunicadores-adventistas-reciben-el-desafio-de-ser-mensajeros-de-dios\/","title":{"rendered":"En Venezuela Occidental, comunicadores adventistas reciben el desaf\u00edo de ser mensajeros de Dios"},"content":{"rendered":"<p>23 de junio de 2015 | Barquisimeto, Venezuela | David Buena\u00f1o\/DIA<\/p>\n<div id=\"attachment_17477\" style=\"width: 410px\" class=\"wp-caption alignright\"><a href=\"\/interamerica\/wp-content\/uploads\/2017\/06\/WVAN400.png\" rel=\"fancybox\" title=\"En Venezuela Occidental, comunicadores adventistas reciben el desaf\u00edo de ser mensajeros de Dios\"><img fetchpriority=\"high\" decoding=\"async\" aria-describedby=\"caption-attachment-17477\" class=\"size-full wp-image-17477\" src=\"\/interamerica\/wp-content\/uploads\/2017\/06\/WVAN400.png\" alt=\"\" width=\"400\" height=\"455\" \/><\/a><p id=\"caption-attachment-17477\" class=\"wp-caption-text\">M\u00e1s de seiscientos comunicadores adventistas levantan sus tel\u00e9fonos durante un desaf\u00edo de medios sociales que tuvo lugar durante el Congreso de Comunicadores Adventistas en el Instituto Adventista Metropolitano en Barquisimeto, Venezuela, del 12 al 13 de junio de 2015. Abel M\u00e1rquez, director asociado de Comunicaci\u00f3n de la Divisi\u00f3n Interamericana, anim\u00f3 a los comunicadores para que compartan a Cristo con un amigo o conocido mediante el uso de los medios sociales. Imagen de Abel M\u00e1rquez\/DIA.<\/p><\/div>\n<p>M\u00e1s de seiscientos adventistas de toda Venezuela Occidental atestaron el Instituto Adventista Metropolitano de Barquisimeto para tomar parte en el Primer Congreso Adventista de Comunicadores, llevado a cabo del 12 al 13 de junio de 2015.<\/p>\n<p>Ante el desaf\u00edo de ser \u00abMensajeros de Dios\u00bb, cientos de comunicadores adventistas de once estados, decenas de l\u00edderes y miembros de iglesia se comprometieron a transmitir esperanza en sus comunidades.<\/p>\n<p>\u00abEste ha sido un evento sin precedentes aqu\u00ed en Venezuela\u00bb, dijo Emilio Perche, director de comunicaciones de la Iglesia Adventista en Venezuela Occidental y organizador del evento. \u00abUno que marcar\u00e1 y cambiar\u00e1 el curso de la comunicaci\u00f3n de la iglesia aqu\u00ed en nuestro territorio\u00bb, a\u00f1adi\u00f3.<\/p>\n<p>En un pa\u00eds donde los cambios pol\u00edticos est\u00e1n afectando cada vez m\u00e1s a las personas de la naci\u00f3n, los comunicadores recibieron el desaf\u00edo de duplicar sus esfuerzos al utilizar todos los medios modernos de comunicaci\u00f3n disponibles para construir puentes de esperanza a trav\u00e9s de los medios sociales, impresos, radiales y televisivos.<\/p>\n<p>El orador destacado fue Abel M\u00e1rquez, director asociado de comunicaciones de la Iglesia Adventista en Interam\u00e9rica, quien habl\u00f3 sobre la necesidad de producciones de medios m\u00e1s creativos y la importancia de la comunicaci\u00f3n corporativa en la iglesia.<\/p>\n<p>Seg\u00fan los organizadores, el evento tambi\u00e9n fue una oportunidad de analizar la situaci\u00f3n de las numerosas estaciones de radio que tiene la iglesia y algunas que son administradas por los laicos, y de estudiar cu\u00e1les son sus necesidades, con el prop\u00f3sito de maximizar los recursos para la creaci\u00f3n de una red unificada de estaciones de radio que cubran toda la regi\u00f3n occidental del pa\u00eds.<\/p>\n<p>Los comunicadores participaron en seminarios sobre comunicaci\u00f3n digital, dise\u00f1o gr\u00e1fico, redacci\u00f3n de noticias, transmisiones, fotograf\u00eda, edici\u00f3n de audio y optimizaci\u00f3n de estaciones de radio, entre otros.<\/p>\n<p>El congreso tambi\u00e9n busc\u00f3 perfeccionar las habilidades de los comunicadores adventistas de las iglesias para establecer una red de colaboraci\u00f3n m\u00e1s cercana entre los profesionales que sirven a la iglesia, dijo Perche. La Iglesia Adventista opera un centro de medios que brinda dise\u00f1os y producciones de radio y televisi\u00f3n en Internet, mediante las cuales mantiene informada tanto a la iglesia como a la comunidad.<\/p>\n<p>Para Helen Pi\u00f1ero, de la iglesia adventista San Felipe Central de Yaracuy, uno de los seminarios m\u00e1s beneficiosos para ella fue el de redacci\u00f3n de noticias. \u00abMuchos de nosotros que asistimos al seminario salimos listos para cubrir todas las noticias que se lleven a cabo en nuestra iglesia, para honra y gloria de Dios\u00bb, dijo Pi\u00f1ero. \u00abJam\u00e1s he visto un evento semejante que nos ayude con tantas de las necesidades de comunicaci\u00f3n que tenemos en nuestra iglesia\u00bb.<\/p>\n<p>Carlos Nieto, de la iglesia adventista La Grita, en T\u00e1chira, dijo que el taller sobre la gesti\u00f3n del audio en la iglesia le ayudar\u00e1 a mejorar el sonido durante los cultos de la iglesia en su ciudad natal.<\/p>\n<p>Durante el evento, se entregaron galardones a las estaciones de radio, iglesias e instituciones que demostraron un liderazgo ejemplar en las comunicaciones de la regi\u00f3n durante el a\u00f1o pasado.<\/p>\n<p>La Uni\u00f3n de Venezuela Occidental es una de las dos uniones del pa\u00eds. Hay m\u00e1s de 144.300 adventistas que se re\u00fanen en 562 iglesias y 250 grupos.<\/p>\n<p>Si desea saber m\u00e1s sobre la Iglesia Adventista en Venezuela Occidental, visite el sitio\u00a0<a href=\"http:\/\/unionvenezolana.interamerica.org\">unionvenezolana<\/a><\/p>\n<p><em>Traducci\u00f3n de Marcos Paseggi<\/em><\/p>\n","protected":false},"excerpt":{"rendered":"<p>M\u00e1s de seiscientos adventistas de toda Venezuela Occidental atestaron el Instituto Adventista Metropolitano de Barquisimeto para tomar parte en el Primer Congreso Adventista de Comunicadores, llevado a cabo del 12 al 13 de junio de 2015. <\/p>\n<p>Ante el desaf\u00edo de ser \u00abMensajeros de Dios\u00bb, cientos de comunicadores adventistas de once estados, decenas de l\u00edderes y miembros de iglesia se comprometieron a transmitir esperanza en sus comunidades.<\/p>\n","protected":false},"author":1,"featured_media":25607,"comment_status":"closed","ping_status":"closed","sticky":false,"template":"","format":"standard","meta":{"_acf_changed":false,"footnotes":""},"categories":[17,15],"tags":[],"class_list":["post-30860","post","type-post","status-publish","format-standard","has-post-thumbnail","hentry","category-desde-el-campo","category-rss-espanol"],"acf":[],"yoast_head":"<!-- This site is optimized with the Yoast SEO plugin v27.3 - https:\/\/yoast.com\/product\/yoast-seo-wordpress\/ -->\n<title>En Venezuela Occidental, comunicadores adventistas reciben el desaf\u00edo de ser mensajeros de Dios - Iglesia Adventista del S\u00e9ptimo D\u00eda - Divisi\u00f3n Interamericana<\/title>\n<meta name=\"robots\" content=\"index, follow, max-snippet:-1, max-image-preview:large, max-video-preview:-1\" \/>\n<link rel=\"canonical\" href=\"https:\/\/interamerica.org\/es\/2015\/06\/en-venezuela-occidental-comunicadores-adventistas-reciben-el-desafio-de-ser-mensajeros-de-dios\/\" \/>\n<meta property=\"og:locale\" content=\"es_ES\" \/>\n<meta property=\"og:type\" content=\"article\" \/>\n<meta property=\"og:title\" content=\"En Venezuela Occidental, comunicadores adventistas reciben el desaf\u00edo de ser mensajeros de Dios - Iglesia Adventista del S\u00e9ptimo D\u00eda - Divisi\u00f3n Interamericana\" \/>\n<meta property=\"og:description\" content=\"M\u00e1s de seiscientos adventistas de toda Venezuela Occidental atestaron el Instituto Adventista Metropolitano de Barquisimeto para tomar parte en el Primer Congreso Adventista de Comunicadores, llevado a cabo del 12 al 13 de junio de 2015.  Ante el desaf\u00edo de ser &quot;Mensajeros de Dios&quot;, cientos de comunicadores adventistas de once estados, decenas de l\u00edderes y miembros de iglesia se comprometieron a transmitir esperanza en sus comunidades.\" \/>\n<meta property=\"og:url\" content=\"https:\/\/interamerica.org\/es\/2015\/06\/en-venezuela-occidental-comunicadores-adventistas-reciben-el-desafio-de-ser-mensajeros-de-dios\/\" \/>\n<meta property=\"og:site_name\" content=\"Iglesia Adventista del S\u00e9ptimo D\u00eda - Divisi\u00f3n Interamericana\" \/>\n<meta property=\"article:published_time\" content=\"2015-06-24T04:00:00+00:00\" \/>\n<meta property=\"og:image\" content=\"https:\/\/interamerica.org\/wp-content\/uploads\/2017\/06\/WVAN400.png\" \/>\n\t<meta property=\"og:image:width\" content=\"400\" \/>\n\t<meta property=\"og:image:height\" content=\"455\" \/>\n\t<meta property=\"og:image:type\" content=\"image\/png\" \/>\n<meta name=\"author\" content=\"Lorenzo Verduzco\" \/>\n<meta name=\"twitter:card\" content=\"summary_large_image\" \/>\n<meta name=\"twitter:label1\" content=\"Escrito por\" \/>\n\t<meta name=\"twitter:data1\" content=\"Lorenzo Verduzco\" \/>\n\t<meta name=\"twitter:label2\" content=\"Tiempo de lectura\" \/>\n\t<meta name=\"twitter:data2\" content=\"3 minutos\" \/>\n<script type=\"application\/ld+json\" class=\"yoast-schema-graph\">{\"@context\":\"https:\\\/\\\/schema.org\",\"@graph\":[{\"@type\":\"Article\",\"@id\":\"https:\\\/\\\/interamerica.org\\\/es\\\/2015\\\/06\\\/en-venezuela-occidental-comunicadores-adventistas-reciben-el-desafio-de-ser-mensajeros-de-dios\\\/#article\",\"isPartOf\":{\"@id\":\"https:\\\/\\\/interamerica.org\\\/es\\\/2015\\\/06\\\/en-venezuela-occidental-comunicadores-adventistas-reciben-el-desafio-de-ser-mensajeros-de-dios\\\/\"},\"author\":{\"name\":\"Lorenzo Verduzco\",\"@id\":\"https:\\\/\\\/interamerica.org\\\/es\\\/#\\\/schema\\\/person\\\/68ede8bdc292885bb76c1e3810e73c39\"},\"headline\":\"En Venezuela Occidental, comunicadores adventistas reciben el desaf\u00edo de ser mensajeros de Dios\",\"datePublished\":\"2015-06-24T04:00:00+00:00\",\"mainEntityOfPage\":{\"@id\":\"https:\\\/\\\/interamerica.org\\\/es\\\/2015\\\/06\\\/en-venezuela-occidental-comunicadores-adventistas-reciben-el-desafio-de-ser-mensajeros-de-dios\\\/\"},\"wordCount\":699,\"image\":{\"@id\":\"https:\\\/\\\/interamerica.org\\\/es\\\/2015\\\/06\\\/en-venezuela-occidental-comunicadores-adventistas-reciben-el-desafio-de-ser-mensajeros-de-dios\\\/#primaryimage\"},\"thumbnailUrl\":\"https:\\\/\\\/interamerica.org\\\/wp-content\\\/uploads\\\/2017\\\/06\\\/WVAN400.png\",\"articleSection\":[\"Desde el campo\",\"RSS Espa\u00f1ol\"],\"inLanguage\":\"es\"},{\"@type\":\"WebPage\",\"@id\":\"https:\\\/\\\/interamerica.org\\\/es\\\/2015\\\/06\\\/en-venezuela-occidental-comunicadores-adventistas-reciben-el-desafio-de-ser-mensajeros-de-dios\\\/\",\"url\":\"https:\\\/\\\/interamerica.org\\\/es\\\/2015\\\/06\\\/en-venezuela-occidental-comunicadores-adventistas-reciben-el-desafio-de-ser-mensajeros-de-dios\\\/\",\"name\":\"En Venezuela Occidental, comunicadores adventistas reciben el desaf\u00edo de ser mensajeros de Dios - Iglesia Adventista del S\u00e9ptimo D\u00eda - Divisi\u00f3n Interamericana\",\"isPartOf\":{\"@id\":\"https:\\\/\\\/interamerica.org\\\/es\\\/#website\"},\"primaryImageOfPage\":{\"@id\":\"https:\\\/\\\/interamerica.org\\\/es\\\/2015\\\/06\\\/en-venezuela-occidental-comunicadores-adventistas-reciben-el-desafio-de-ser-mensajeros-de-dios\\\/#primaryimage\"},\"image\":{\"@id\":\"https:\\\/\\\/interamerica.org\\\/es\\\/2015\\\/06\\\/en-venezuela-occidental-comunicadores-adventistas-reciben-el-desafio-de-ser-mensajeros-de-dios\\\/#primaryimage\"},\"thumbnailUrl\":\"https:\\\/\\\/interamerica.org\\\/wp-content\\\/uploads\\\/2017\\\/06\\\/WVAN400.png\",\"datePublished\":\"2015-06-24T04:00:00+00:00\",\"author\":{\"@id\":\"https:\\\/\\\/interamerica.org\\\/es\\\/#\\\/schema\\\/person\\\/68ede8bdc292885bb76c1e3810e73c39\"},\"breadcrumb\":{\"@id\":\"https:\\\/\\\/interamerica.org\\\/es\\\/2015\\\/06\\\/en-venezuela-occidental-comunicadores-adventistas-reciben-el-desafio-de-ser-mensajeros-de-dios\\\/#breadcrumb\"},\"inLanguage\":\"es\",\"potentialAction\":[{\"@type\":\"ReadAction\",\"target\":[\"https:\\\/\\\/interamerica.org\\\/es\\\/2015\\\/06\\\/en-venezuela-occidental-comunicadores-adventistas-reciben-el-desafio-de-ser-mensajeros-de-dios\\\/\"]}]},{\"@type\":\"ImageObject\",\"inLanguage\":\"es\",\"@id\":\"https:\\\/\\\/interamerica.org\\\/es\\\/2015\\\/06\\\/en-venezuela-occidental-comunicadores-adventistas-reciben-el-desafio-de-ser-mensajeros-de-dios\\\/#primaryimage\",\"url\":\"https:\\\/\\\/interamerica.org\\\/wp-content\\\/uploads\\\/2017\\\/06\\\/WVAN400.png\",\"contentUrl\":\"https:\\\/\\\/interamerica.org\\\/wp-content\\\/uploads\\\/2017\\\/06\\\/WVAN400.png\",\"width\":400,\"height\":455},{\"@type\":\"BreadcrumbList\",\"@id\":\"https:\\\/\\\/interamerica.org\\\/es\\\/2015\\\/06\\\/en-venezuela-occidental-comunicadores-adventistas-reciben-el-desafio-de-ser-mensajeros-de-dios\\\/#breadcrumb\",\"itemListElement\":[{\"@type\":\"ListItem\",\"position\":1,\"name\":\"Home\",\"item\":\"https:\\\/\\\/interamerica.org\\\/es\\\/\"},{\"@type\":\"ListItem\",\"position\":2,\"name\":\"En Venezuela Occidental, comunicadores adventistas reciben el desaf\u00edo de ser mensajeros de Dios\"}]},{\"@type\":\"WebSite\",\"@id\":\"https:\\\/\\\/interamerica.org\\\/es\\\/#website\",\"url\":\"https:\\\/\\\/interamerica.org\\\/es\\\/\",\"name\":\"Iglesia Adventista del S\u00e9ptimo D\u00eda - Divisi\u00f3n Interamericana\",\"description\":\"\",\"potentialAction\":[{\"@type\":\"SearchAction\",\"target\":{\"@type\":\"EntryPoint\",\"urlTemplate\":\"https:\\\/\\\/interamerica.org\\\/es\\\/?s={search_term_string}\"},\"query-input\":{\"@type\":\"PropertyValueSpecification\",\"valueRequired\":true,\"valueName\":\"search_term_string\"}}],\"inLanguage\":\"es\"},{\"@type\":\"Person\",\"@id\":\"https:\\\/\\\/interamerica.org\\\/es\\\/#\\\/schema\\\/person\\\/68ede8bdc292885bb76c1e3810e73c39\",\"name\":\"Lorenzo Verduzco\",\"image\":{\"@type\":\"ImageObject\",\"inLanguage\":\"es\",\"@id\":\"https:\\\/\\\/secure.gravatar.com\\\/avatar\\\/fb81a55b6218459490a9c1dc841a34909185b81904c5337b4b27f7a6fd60c49e?s=96&d=mm&r=g\",\"url\":\"https:\\\/\\\/secure.gravatar.com\\\/avatar\\\/fb81a55b6218459490a9c1dc841a34909185b81904c5337b4b27f7a6fd60c49e?s=96&d=mm&r=g\",\"contentUrl\":\"https:\\\/\\\/secure.gravatar.com\\\/avatar\\\/fb81a55b6218459490a9c1dc841a34909185b81904c5337b4b27f7a6fd60c49e?s=96&d=mm&r=g\",\"caption\":\"Lorenzo Verduzco\"}}]}<\/script>\n<!-- \/ Yoast SEO plugin. -->","yoast_head_json":{"title":"En Venezuela Occidental, comunicadores adventistas reciben el desaf\u00edo de ser mensajeros de Dios - Iglesia Adventista del S\u00e9ptimo D\u00eda - Divisi\u00f3n Interamericana","robots":{"index":"index","follow":"follow","max-snippet":"max-snippet:-1","max-image-preview":"max-image-preview:large","max-video-preview":"max-video-preview:-1"},"canonical":"https:\/\/interamerica.org\/es\/2015\/06\/en-venezuela-occidental-comunicadores-adventistas-reciben-el-desafio-de-ser-mensajeros-de-dios\/","og_locale":"es_ES","og_type":"article","og_title":"En Venezuela Occidental, comunicadores adventistas reciben el desaf\u00edo de ser mensajeros de Dios - Iglesia Adventista del S\u00e9ptimo D\u00eda - Divisi\u00f3n Interamericana","og_description":"M\u00e1s de seiscientos adventistas de toda Venezuela Occidental atestaron el Instituto Adventista Metropolitano de Barquisimeto para tomar parte en el Primer Congreso Adventista de Comunicadores, llevado a cabo del 12 al 13 de junio de 2015.  Ante el desaf\u00edo de ser \"Mensajeros de Dios\", cientos de comunicadores adventistas de once estados, decenas de l\u00edderes y miembros de iglesia se comprometieron a transmitir esperanza en sus comunidades.","og_url":"https:\/\/interamerica.org\/es\/2015\/06\/en-venezuela-occidental-comunicadores-adventistas-reciben-el-desafio-de-ser-mensajeros-de-dios\/","og_site_name":"Iglesia Adventista del S\u00e9ptimo D\u00eda - Divisi\u00f3n Interamericana","article_published_time":"2015-06-24T04:00:00+00:00","og_image":[{"width":400,"height":455,"url":"https:\/\/interamerica.org\/wp-content\/uploads\/2017\/06\/WVAN400.png","type":"image\/png"}],"author":"Lorenzo Verduzco","twitter_card":"summary_large_image","twitter_misc":{"Escrito por":"Lorenzo Verduzco","Tiempo de lectura":"3 minutos"},"schema":{"@context":"https:\/\/schema.org","@graph":[{"@type":"Article","@id":"https:\/\/interamerica.org\/es\/2015\/06\/en-venezuela-occidental-comunicadores-adventistas-reciben-el-desafio-de-ser-mensajeros-de-dios\/#article","isPartOf":{"@id":"https:\/\/interamerica.org\/es\/2015\/06\/en-venezuela-occidental-comunicadores-adventistas-reciben-el-desafio-de-ser-mensajeros-de-dios\/"},"author":{"name":"Lorenzo Verduzco","@id":"https:\/\/interamerica.org\/es\/#\/schema\/person\/68ede8bdc292885bb76c1e3810e73c39"},"headline":"En Venezuela Occidental, comunicadores adventistas reciben el desaf\u00edo de ser mensajeros de Dios","datePublished":"2015-06-24T04:00:00+00:00","mainEntityOfPage":{"@id":"https:\/\/interamerica.org\/es\/2015\/06\/en-venezuela-occidental-comunicadores-adventistas-reciben-el-desafio-de-ser-mensajeros-de-dios\/"},"wordCount":699,"image":{"@id":"https:\/\/interamerica.org\/es\/2015\/06\/en-venezuela-occidental-comunicadores-adventistas-reciben-el-desafio-de-ser-mensajeros-de-dios\/#primaryimage"},"thumbnailUrl":"https:\/\/interamerica.org\/wp-content\/uploads\/2017\/06\/WVAN400.png","articleSection":["Desde el campo","RSS Espa\u00f1ol"],"inLanguage":"es"},{"@type":"WebPage","@id":"https:\/\/interamerica.org\/es\/2015\/06\/en-venezuela-occidental-comunicadores-adventistas-reciben-el-desafio-de-ser-mensajeros-de-dios\/","url":"https:\/\/interamerica.org\/es\/2015\/06\/en-venezuela-occidental-comunicadores-adventistas-reciben-el-desafio-de-ser-mensajeros-de-dios\/","name":"En Venezuela Occidental, comunicadores adventistas reciben el desaf\u00edo de ser mensajeros de Dios - Iglesia Adventista del S\u00e9ptimo D\u00eda - Divisi\u00f3n Interamericana","isPartOf":{"@id":"https:\/\/interamerica.org\/es\/#website"},"primaryImageOfPage":{"@id":"https:\/\/interamerica.org\/es\/2015\/06\/en-venezuela-occidental-comunicadores-adventistas-reciben-el-desafio-de-ser-mensajeros-de-dios\/#primaryimage"},"image":{"@id":"https:\/\/interamerica.org\/es\/2015\/06\/en-venezuela-occidental-comunicadores-adventistas-reciben-el-desafio-de-ser-mensajeros-de-dios\/#primaryimage"},"thumbnailUrl":"https:\/\/interamerica.org\/wp-content\/uploads\/2017\/06\/WVAN400.png","datePublished":"2015-06-24T04:00:00+00:00","author":{"@id":"https:\/\/interamerica.org\/es\/#\/schema\/person\/68ede8bdc292885bb76c1e3810e73c39"},"breadcrumb":{"@id":"https:\/\/interamerica.org\/es\/2015\/06\/en-venezuela-occidental-comunicadores-adventistas-reciben-el-desafio-de-ser-mensajeros-de-dios\/#breadcrumb"},"inLanguage":"es","potentialAction":[{"@type":"ReadAction","target":["https:\/\/interamerica.org\/es\/2015\/06\/en-venezuela-occidental-comunicadores-adventistas-reciben-el-desafio-de-ser-mensajeros-de-dios\/"]}]},{"@type":"ImageObject","inLanguage":"es","@id":"https:\/\/interamerica.org\/es\/2015\/06\/en-venezuela-occidental-comunicadores-adventistas-reciben-el-desafio-de-ser-mensajeros-de-dios\/#primaryimage","url":"https:\/\/interamerica.org\/wp-content\/uploads\/2017\/06\/WVAN400.png","contentUrl":"https:\/\/interamerica.org\/wp-content\/uploads\/2017\/06\/WVAN400.png","width":400,"height":455},{"@type":"BreadcrumbList","@id":"https:\/\/interamerica.org\/es\/2015\/06\/en-venezuela-occidental-comunicadores-adventistas-reciben-el-desafio-de-ser-mensajeros-de-dios\/#breadcrumb","itemListElement":[{"@type":"ListItem","position":1,"name":"Home","item":"https:\/\/interamerica.org\/es\/"},{"@type":"ListItem","position":2,"name":"En Venezuela Occidental, comunicadores adventistas reciben el desaf\u00edo de ser mensajeros de Dios"}]},{"@type":"WebSite","@id":"https:\/\/interamerica.org\/es\/#website","url":"https:\/\/interamerica.org\/es\/","name":"Iglesia Adventista del S\u00e9ptimo D\u00eda - Divisi\u00f3n Interamericana","description":"","potentialAction":[{"@type":"SearchAction","target":{"@type":"EntryPoint","urlTemplate":"https:\/\/interamerica.org\/es\/?s={search_term_string}"},"query-input":{"@type":"PropertyValueSpecification","valueRequired":true,"valueName":"search_term_string"}}],"inLanguage":"es"},{"@type":"Person","@id":"https:\/\/interamerica.org\/es\/#\/schema\/person\/68ede8bdc292885bb76c1e3810e73c39","name":"Lorenzo Verduzco","image":{"@type":"ImageObject","inLanguage":"es","@id":"https:\/\/secure.gravatar.com\/avatar\/fb81a55b6218459490a9c1dc841a34909185b81904c5337b4b27f7a6fd60c49e?s=96&d=mm&r=g","url":"https:\/\/secure.gravatar.com\/avatar\/fb81a55b6218459490a9c1dc841a34909185b81904c5337b4b27f7a6fd60c49e?s=96&d=mm&r=g","contentUrl":"https:\/\/secure.gravatar.com\/avatar\/fb81a55b6218459490a9c1dc841a34909185b81904c5337b4b27f7a6fd60c49e?s=96&d=mm&r=g","caption":"Lorenzo Verduzco"}}]}},"_links":{"self":[{"href":"https:\/\/interamerica.org\/es\/wp-json\/wp\/v2\/posts\/30860","targetHints":{"allow":["GET"]}}],"collection":[{"href":"https:\/\/interamerica.org\/es\/wp-json\/wp\/v2\/posts"}],"about":[{"href":"https:\/\/interamerica.org\/es\/wp-json\/wp\/v2\/types\/post"}],"author":[{"embeddable":true,"href":"https:\/\/interamerica.org\/es\/wp-json\/wp\/v2\/users\/1"}],"replies":[{"embeddable":true,"href":"https:\/\/interamerica.org\/es\/wp-json\/wp\/v2\/comments?post=30860"}],"version-history":[{"count":0,"href":"https:\/\/interamerica.org\/es\/wp-json\/wp\/v2\/posts\/30860\/revisions"}],"wp:featuredmedia":[{"embeddable":true,"href":"https:\/\/interamerica.org\/es\/wp-json\/wp\/v2\/media\/25607"}],"wp:attachment":[{"href":"https:\/\/interamerica.org\/es\/wp-json\/wp\/v2\/media?parent=30860"}],"wp:term":[{"taxonomy":"category","embeddable":true,"href":"https:\/\/interamerica.org\/es\/wp-json\/wp\/v2\/categories?post=30860"},{"taxonomy":"post_tag","embeddable":true,"href":"https:\/\/interamerica.org\/es\/wp-json\/wp\/v2\/tags?post=30860"}],"curies":[{"name":"wp","href":"https:\/\/api.w.org\/{rel}","templated":true}]}}