{"id":30867,"date":"2015-07-02T00:00:00","date_gmt":"2015-07-02T04:00:00","guid":{"rendered":"http:\/\/192.81.217.108\/interamerica\/2015\/07\/interamerica-selecciona-sus-miembros-para-la-comision-de-nombramientos-de-la-asociacion-general\/"},"modified":"2015-07-02T00:00:00","modified_gmt":"2015-07-02T04:00:00","slug":"interamerica-selecciona-sus-miembros-para-la-comision-de-nombramientos-de-la-asociacion-general","status":"publish","type":"post","link":"https:\/\/interamerica.org\/es\/2015\/07\/interamerica-selecciona-sus-miembros-para-la-comision-de-nombramientos-de-la-asociacion-general\/","title":{"rendered":"Interam\u00e9rica selecciona sus miembros para la Comisi\u00f3n de Nombramientos de la Asociaci\u00f3n General"},"content":{"rendered":"<div id=\"attachment_17575\" style=\"width: 610px\" class=\"wp-caption aligncenter\"><a href=\"\/interamerica\/wp-content\/uploads\/2017\/06\/IAD-CAucus.png\" rel=\"fancybox\" title=\"Interam\u00e9rica selecciona sus miembros para la Comisi\u00f3n de Nombramientos de la Asociaci\u00f3n General\"><img fetchpriority=\"high\" decoding=\"async\" aria-describedby=\"caption-attachment-17575\" class=\"size-full wp-image-17575\" src=\"\/interamerica\/wp-content\/uploads\/2017\/06\/IAD-CAucus.png\" alt=\"\" width=\"600\" height=\"400\" \/><\/a><p id=\"caption-attachment-17575\" class=\"wp-caption-text\">Los principales l\u00edderes de Interam\u00e9rica deciden los nombres que pasar\u00e1n a integrar la Comisi\u00f3n de Nombramientos de la Asociaci\u00f3n General, dentro del Centro de Convenciones Henry B. Gonzalez, este 2 de julio de 2015. Imagen de Daniel Gallardo\/DIA.<\/p><\/div>\n<p>2 de julio de 2015 | San Antonio, Texas, Estados Unidos | Libna Stevens\/DIA<\/p>\n<p>Horas despu\u00e9s de la apertura oficial del 60\u00b0 Congreso de la Asociaci\u00f3n General en el d\u00eda de hoy en San Antonio, Texas, casi cuatrocientos delegados y principales l\u00edderes de la iglesia de todo el territorio de la Divisi\u00f3n Interamericana (DIA) se reunieron para escoger a cuarenta miembros de la comisi\u00f3n de nombramientos. Los nuevos integrantes de esa comisi\u00f3n representar\u00e1n a la DIA a la hora de nominar al pr\u00f3ximo presidente de la Iglesia Adventista mundial, algo que est\u00e1 planificado para el d\u00eda de ma\u00f1ana.<\/p>\n<p>De los cuatrocientos delegados de la DIA, se escogi\u00f3 al diez por ciento seg\u00fan los reglamentos establecidos por la iglesia mundial, dijo el pastor Israel Leito, presidente de la Iglesia Adventista en Interam\u00e9rica, al dirigirse al atestado sal\u00f3n dentro del Centro de Convenciones Henry B. Gonzalez.<\/p>\n<div id=\"attachment_17574\" style=\"width: 410px\" class=\"wp-caption alignright\"><a href=\"\/interamerica\/wp-content\/uploads\/2017\/06\/Ileito-Caucus.png\" rel=\"fancybox\" title=\"Interam\u00e9rica selecciona sus miembros para la Comisi\u00f3n de Nombramientos de la Asociaci\u00f3n General\"><img decoding=\"async\" aria-describedby=\"caption-attachment-17574\" class=\"size-full wp-image-17574\" src=\"\/interamerica\/wp-content\/uploads\/2017\/06\/Ileito-Caucus.png\" alt=\"\" width=\"400\" height=\"267\" \/><\/a><p id=\"caption-attachment-17574\" class=\"wp-caption-text\">El pastor Israel Leito, presidente de la DIA, habla con los casi cuatrocientos delegados en el d\u00eda de hoy antes de escoger a los integrantes de la Comisi\u00f3n de Nombramientos de la Asociaci\u00f3n General que nombrar\u00e1n al pr\u00f3ximo presidente de la Iglesia Adventista mundial. Imagen de Daniel Gallardo\/DIA<\/p><\/div>\n<p>\u00abHemos establecido un proceso que garantiza la representaci\u00f3n apropiada de todas nuestras uniones\u00bb, dijo el pastor Leito. \u00abLa Asociaci\u00f3n General simplemente permite que las divisiones decidan qui\u00e9nes ser\u00e1n esos integrantes de la comisi\u00f3n de nombramientos\u00bb.<\/p>\n<p>La especificaciones sobre la manera de dividir los cuarenta lugares disponibles es la siguiente: Los 24 presidentes de las uniones, dos secretarios de uni\u00f3n, dos tesoreros de uni\u00f3n, un presidente de \u00a0un campo local, dos pastores distritales, una obrera mujer, una mujer de los laicos, tres laicos, un joven y tres l\u00edderes de instituciones (uno del Seminario Teol\u00f3gico Interamericano, uno de la Universidad Herbert Fletcher, y uno de la Universidad de Montemorelos).<\/p>\n<p>Toda la comisi\u00f3n de nombramientos, que representa a las trece divisiones mundiales de la iglesia, se reunir\u00e1 m\u00e1s tarde para llevar sus nominaciones para el cargo de presidente de la Iglesia Adventista mundial a los casi tres mil delegados al congreso.<\/p>\n<p>Puede ver fotograf\u00edas de la reuni\u00f3n de hoy d\u00eda <a href=\"https:\/\/www.flickr.com\/photos\/interamerica\">AQU\u00cd<\/a><\/p>\n<p><em>Traducci\u00f3n de Marcos Paseggi<\/em><\/p>\n","protected":false},"excerpt":{"rendered":"<p>Horas despu\u00e9s de la apertura oficial del 60\u00b0 Congreso de la Asociaci\u00f3n General en el d\u00eda de hoy en San Antonio, Texas, casi cuatrocientos delegados y principales l\u00edderes de la iglesia de todo el territorio de la Divisi\u00f3n Interamericana (DIA) se reunieron para escoger a cuarenta miembros de la comisi\u00f3n de nombramientos. <\/p>\n<p>Los nuevos integrantes de esa comisi\u00f3n representar\u00e1n a la DIA a la hora de nominar al pr\u00f3ximo presidente de la Iglesia Adventista mundial, algo que est\u00e1 planificado para el d\u00eda de ma\u00f1ana.<\/p>\n","protected":false},"author":1,"featured_media":25647,"comment_status":"closed","ping_status":"closed","sticky":false,"template":"","format":"standard","meta":{"_acf_changed":false,"footnotes":""},"categories":[16,15],"tags":[],"class_list":["post-30867","post","type-post","status-publish","format-standard","has-post-thumbnail","hentry","category-desde-la-sede","category-rss-espanol"],"acf":[],"yoast_head":"<!-- This site is optimized with the Yoast SEO plugin v27.3 - https:\/\/yoast.com\/product\/yoast-seo-wordpress\/ -->\n<title>Interam\u00e9rica selecciona sus miembros para la Comisi\u00f3n de Nombramientos de la Asociaci\u00f3n General - Iglesia Adventista del S\u00e9ptimo D\u00eda - Divisi\u00f3n Interamericana<\/title>\n<meta name=\"robots\" content=\"index, follow, max-snippet:-1, max-image-preview:large, max-video-preview:-1\" \/>\n<link rel=\"canonical\" href=\"https:\/\/interamerica.org\/es\/2015\/07\/interamerica-selecciona-sus-miembros-para-la-comision-de-nombramientos-de-la-asociacion-general\/\" \/>\n<meta property=\"og:locale\" content=\"es_ES\" \/>\n<meta property=\"og:type\" content=\"article\" \/>\n<meta property=\"og:title\" content=\"Interam\u00e9rica selecciona sus miembros para la Comisi\u00f3n de Nombramientos de la Asociaci\u00f3n General - Iglesia Adventista del S\u00e9ptimo D\u00eda - Divisi\u00f3n Interamericana\" \/>\n<meta property=\"og:description\" content=\"Horas despu\u00e9s de la apertura oficial del 60\u00b0 Congreso de la Asociaci\u00f3n General en el d\u00eda de hoy en San Antonio, Texas, casi cuatrocientos delegados y principales l\u00edderes de la iglesia de todo el territorio de la Divisi\u00f3n Interamericana (DIA) se reunieron para escoger a cuarenta miembros de la comisi\u00f3n de nombramientos.  Los nuevos integrantes de esa comisi\u00f3n representar\u00e1n a la DIA a la hora de nominar al pr\u00f3ximo presidente de la Iglesia Adventista mundial, algo que est\u00e1 planificado para el d\u00eda de ma\u00f1ana.\" \/>\n<meta property=\"og:url\" content=\"https:\/\/interamerica.org\/es\/2015\/07\/interamerica-selecciona-sus-miembros-para-la-comision-de-nombramientos-de-la-asociacion-general\/\" \/>\n<meta property=\"og:site_name\" content=\"Iglesia Adventista del S\u00e9ptimo D\u00eda - Divisi\u00f3n Interamericana\" \/>\n<meta property=\"article:published_time\" content=\"2015-07-02T04:00:00+00:00\" \/>\n<meta property=\"og:image\" content=\"https:\/\/interamerica.org\/wp-content\/uploads\/2017\/06\/IAD-CAucus.png\" \/>\n\t<meta property=\"og:image:width\" content=\"600\" \/>\n\t<meta property=\"og:image:height\" content=\"400\" \/>\n\t<meta property=\"og:image:type\" content=\"image\/png\" \/>\n<meta name=\"author\" content=\"Lorenzo Verduzco\" \/>\n<meta name=\"twitter:card\" content=\"summary_large_image\" \/>\n<meta name=\"twitter:label1\" content=\"Escrito por\" \/>\n\t<meta name=\"twitter:data1\" content=\"Lorenzo Verduzco\" \/>\n\t<meta name=\"twitter:label2\" content=\"Tiempo de lectura\" \/>\n\t<meta name=\"twitter:data2\" content=\"2 minutos\" \/>\n<script type=\"application\/ld+json\" class=\"yoast-schema-graph\">{\"@context\":\"https:\\\/\\\/schema.org\",\"@graph\":[{\"@type\":\"Article\",\"@id\":\"https:\\\/\\\/interamerica.org\\\/es\\\/2015\\\/07\\\/interamerica-selecciona-sus-miembros-para-la-comision-de-nombramientos-de-la-asociacion-general\\\/#article\",\"isPartOf\":{\"@id\":\"https:\\\/\\\/interamerica.org\\\/es\\\/2015\\\/07\\\/interamerica-selecciona-sus-miembros-para-la-comision-de-nombramientos-de-la-asociacion-general\\\/\"},\"author\":{\"name\":\"Lorenzo Verduzco\",\"@id\":\"https:\\\/\\\/interamerica.org\\\/es\\\/#\\\/schema\\\/person\\\/68ede8bdc292885bb76c1e3810e73c39\"},\"headline\":\"Interam\u00e9rica selecciona sus miembros para la Comisi\u00f3n de Nombramientos de la Asociaci\u00f3n General\",\"datePublished\":\"2015-07-02T04:00:00+00:00\",\"mainEntityOfPage\":{\"@id\":\"https:\\\/\\\/interamerica.org\\\/es\\\/2015\\\/07\\\/interamerica-selecciona-sus-miembros-para-la-comision-de-nombramientos-de-la-asociacion-general\\\/\"},\"wordCount\":456,\"image\":{\"@id\":\"https:\\\/\\\/interamerica.org\\\/es\\\/2015\\\/07\\\/interamerica-selecciona-sus-miembros-para-la-comision-de-nombramientos-de-la-asociacion-general\\\/#primaryimage\"},\"thumbnailUrl\":\"https:\\\/\\\/interamerica.org\\\/wp-content\\\/uploads\\\/2017\\\/06\\\/IAD-CAucus.png\",\"articleSection\":[\"Desde la sede\",\"RSS Espa\u00f1ol\"],\"inLanguage\":\"es\"},{\"@type\":\"WebPage\",\"@id\":\"https:\\\/\\\/interamerica.org\\\/es\\\/2015\\\/07\\\/interamerica-selecciona-sus-miembros-para-la-comision-de-nombramientos-de-la-asociacion-general\\\/\",\"url\":\"https:\\\/\\\/interamerica.org\\\/es\\\/2015\\\/07\\\/interamerica-selecciona-sus-miembros-para-la-comision-de-nombramientos-de-la-asociacion-general\\\/\",\"name\":\"Interam\u00e9rica selecciona sus miembros para la Comisi\u00f3n de Nombramientos de la Asociaci\u00f3n General - Iglesia Adventista del S\u00e9ptimo D\u00eda - Divisi\u00f3n Interamericana\",\"isPartOf\":{\"@id\":\"https:\\\/\\\/interamerica.org\\\/es\\\/#website\"},\"primaryImageOfPage\":{\"@id\":\"https:\\\/\\\/interamerica.org\\\/es\\\/2015\\\/07\\\/interamerica-selecciona-sus-miembros-para-la-comision-de-nombramientos-de-la-asociacion-general\\\/#primaryimage\"},\"image\":{\"@id\":\"https:\\\/\\\/interamerica.org\\\/es\\\/2015\\\/07\\\/interamerica-selecciona-sus-miembros-para-la-comision-de-nombramientos-de-la-asociacion-general\\\/#primaryimage\"},\"thumbnailUrl\":\"https:\\\/\\\/interamerica.org\\\/wp-content\\\/uploads\\\/2017\\\/06\\\/IAD-CAucus.png\",\"datePublished\":\"2015-07-02T04:00:00+00:00\",\"author\":{\"@id\":\"https:\\\/\\\/interamerica.org\\\/es\\\/#\\\/schema\\\/person\\\/68ede8bdc292885bb76c1e3810e73c39\"},\"breadcrumb\":{\"@id\":\"https:\\\/\\\/interamerica.org\\\/es\\\/2015\\\/07\\\/interamerica-selecciona-sus-miembros-para-la-comision-de-nombramientos-de-la-asociacion-general\\\/#breadcrumb\"},\"inLanguage\":\"es\",\"potentialAction\":[{\"@type\":\"ReadAction\",\"target\":[\"https:\\\/\\\/interamerica.org\\\/es\\\/2015\\\/07\\\/interamerica-selecciona-sus-miembros-para-la-comision-de-nombramientos-de-la-asociacion-general\\\/\"]}]},{\"@type\":\"ImageObject\",\"inLanguage\":\"es\",\"@id\":\"https:\\\/\\\/interamerica.org\\\/es\\\/2015\\\/07\\\/interamerica-selecciona-sus-miembros-para-la-comision-de-nombramientos-de-la-asociacion-general\\\/#primaryimage\",\"url\":\"https:\\\/\\\/interamerica.org\\\/wp-content\\\/uploads\\\/2017\\\/06\\\/IAD-CAucus.png\",\"contentUrl\":\"https:\\\/\\\/interamerica.org\\\/wp-content\\\/uploads\\\/2017\\\/06\\\/IAD-CAucus.png\",\"width\":600,\"height\":400},{\"@type\":\"BreadcrumbList\",\"@id\":\"https:\\\/\\\/interamerica.org\\\/es\\\/2015\\\/07\\\/interamerica-selecciona-sus-miembros-para-la-comision-de-nombramientos-de-la-asociacion-general\\\/#breadcrumb\",\"itemListElement\":[{\"@type\":\"ListItem\",\"position\":1,\"name\":\"Home\",\"item\":\"https:\\\/\\\/interamerica.org\\\/es\\\/\"},{\"@type\":\"ListItem\",\"position\":2,\"name\":\"Interam\u00e9rica selecciona sus miembros para la Comisi\u00f3n de Nombramientos de la Asociaci\u00f3n General\"}]},{\"@type\":\"WebSite\",\"@id\":\"https:\\\/\\\/interamerica.org\\\/es\\\/#website\",\"url\":\"https:\\\/\\\/interamerica.org\\\/es\\\/\",\"name\":\"Iglesia Adventista del S\u00e9ptimo D\u00eda - Divisi\u00f3n Interamericana\",\"description\":\"\",\"potentialAction\":[{\"@type\":\"SearchAction\",\"target\":{\"@type\":\"EntryPoint\",\"urlTemplate\":\"https:\\\/\\\/interamerica.org\\\/es\\\/?s={search_term_string}\"},\"query-input\":{\"@type\":\"PropertyValueSpecification\",\"valueRequired\":true,\"valueName\":\"search_term_string\"}}],\"inLanguage\":\"es\"},{\"@type\":\"Person\",\"@id\":\"https:\\\/\\\/interamerica.org\\\/es\\\/#\\\/schema\\\/person\\\/68ede8bdc292885bb76c1e3810e73c39\",\"name\":\"Lorenzo Verduzco\",\"image\":{\"@type\":\"ImageObject\",\"inLanguage\":\"es\",\"@id\":\"https:\\\/\\\/secure.gravatar.com\\\/avatar\\\/fb81a55b6218459490a9c1dc841a34909185b81904c5337b4b27f7a6fd60c49e?s=96&d=mm&r=g\",\"url\":\"https:\\\/\\\/secure.gravatar.com\\\/avatar\\\/fb81a55b6218459490a9c1dc841a34909185b81904c5337b4b27f7a6fd60c49e?s=96&d=mm&r=g\",\"contentUrl\":\"https:\\\/\\\/secure.gravatar.com\\\/avatar\\\/fb81a55b6218459490a9c1dc841a34909185b81904c5337b4b27f7a6fd60c49e?s=96&d=mm&r=g\",\"caption\":\"Lorenzo Verduzco\"}}]}<\/script>\n<!-- \/ Yoast SEO plugin. -->","yoast_head_json":{"title":"Interam\u00e9rica selecciona sus miembros para la Comisi\u00f3n de Nombramientos de la Asociaci\u00f3n General - Iglesia Adventista del S\u00e9ptimo D\u00eda - Divisi\u00f3n Interamericana","robots":{"index":"index","follow":"follow","max-snippet":"max-snippet:-1","max-image-preview":"max-image-preview:large","max-video-preview":"max-video-preview:-1"},"canonical":"https:\/\/interamerica.org\/es\/2015\/07\/interamerica-selecciona-sus-miembros-para-la-comision-de-nombramientos-de-la-asociacion-general\/","og_locale":"es_ES","og_type":"article","og_title":"Interam\u00e9rica selecciona sus miembros para la Comisi\u00f3n de Nombramientos de la Asociaci\u00f3n General - Iglesia Adventista del S\u00e9ptimo D\u00eda - Divisi\u00f3n Interamericana","og_description":"Horas despu\u00e9s de la apertura oficial del 60\u00b0 Congreso de la Asociaci\u00f3n General en el d\u00eda de hoy en San Antonio, Texas, casi cuatrocientos delegados y principales l\u00edderes de la iglesia de todo el territorio de la Divisi\u00f3n Interamericana (DIA) se reunieron para escoger a cuarenta miembros de la comisi\u00f3n de nombramientos.  Los nuevos integrantes de esa comisi\u00f3n representar\u00e1n a la DIA a la hora de nominar al pr\u00f3ximo presidente de la Iglesia Adventista mundial, algo que est\u00e1 planificado para el d\u00eda de ma\u00f1ana.","og_url":"https:\/\/interamerica.org\/es\/2015\/07\/interamerica-selecciona-sus-miembros-para-la-comision-de-nombramientos-de-la-asociacion-general\/","og_site_name":"Iglesia Adventista del S\u00e9ptimo D\u00eda - Divisi\u00f3n Interamericana","article_published_time":"2015-07-02T04:00:00+00:00","og_image":[{"width":600,"height":400,"url":"https:\/\/interamerica.org\/wp-content\/uploads\/2017\/06\/IAD-CAucus.png","type":"image\/png"}],"author":"Lorenzo Verduzco","twitter_card":"summary_large_image","twitter_misc":{"Escrito por":"Lorenzo Verduzco","Tiempo de lectura":"2 minutos"},"schema":{"@context":"https:\/\/schema.org","@graph":[{"@type":"Article","@id":"https:\/\/interamerica.org\/es\/2015\/07\/interamerica-selecciona-sus-miembros-para-la-comision-de-nombramientos-de-la-asociacion-general\/#article","isPartOf":{"@id":"https:\/\/interamerica.org\/es\/2015\/07\/interamerica-selecciona-sus-miembros-para-la-comision-de-nombramientos-de-la-asociacion-general\/"},"author":{"name":"Lorenzo Verduzco","@id":"https:\/\/interamerica.org\/es\/#\/schema\/person\/68ede8bdc292885bb76c1e3810e73c39"},"headline":"Interam\u00e9rica selecciona sus miembros para la Comisi\u00f3n de Nombramientos de la Asociaci\u00f3n General","datePublished":"2015-07-02T04:00:00+00:00","mainEntityOfPage":{"@id":"https:\/\/interamerica.org\/es\/2015\/07\/interamerica-selecciona-sus-miembros-para-la-comision-de-nombramientos-de-la-asociacion-general\/"},"wordCount":456,"image":{"@id":"https:\/\/interamerica.org\/es\/2015\/07\/interamerica-selecciona-sus-miembros-para-la-comision-de-nombramientos-de-la-asociacion-general\/#primaryimage"},"thumbnailUrl":"https:\/\/interamerica.org\/wp-content\/uploads\/2017\/06\/IAD-CAucus.png","articleSection":["Desde la sede","RSS Espa\u00f1ol"],"inLanguage":"es"},{"@type":"WebPage","@id":"https:\/\/interamerica.org\/es\/2015\/07\/interamerica-selecciona-sus-miembros-para-la-comision-de-nombramientos-de-la-asociacion-general\/","url":"https:\/\/interamerica.org\/es\/2015\/07\/interamerica-selecciona-sus-miembros-para-la-comision-de-nombramientos-de-la-asociacion-general\/","name":"Interam\u00e9rica selecciona sus miembros para la Comisi\u00f3n de Nombramientos de la Asociaci\u00f3n General - Iglesia Adventista del S\u00e9ptimo D\u00eda - Divisi\u00f3n Interamericana","isPartOf":{"@id":"https:\/\/interamerica.org\/es\/#website"},"primaryImageOfPage":{"@id":"https:\/\/interamerica.org\/es\/2015\/07\/interamerica-selecciona-sus-miembros-para-la-comision-de-nombramientos-de-la-asociacion-general\/#primaryimage"},"image":{"@id":"https:\/\/interamerica.org\/es\/2015\/07\/interamerica-selecciona-sus-miembros-para-la-comision-de-nombramientos-de-la-asociacion-general\/#primaryimage"},"thumbnailUrl":"https:\/\/interamerica.org\/wp-content\/uploads\/2017\/06\/IAD-CAucus.png","datePublished":"2015-07-02T04:00:00+00:00","author":{"@id":"https:\/\/interamerica.org\/es\/#\/schema\/person\/68ede8bdc292885bb76c1e3810e73c39"},"breadcrumb":{"@id":"https:\/\/interamerica.org\/es\/2015\/07\/interamerica-selecciona-sus-miembros-para-la-comision-de-nombramientos-de-la-asociacion-general\/#breadcrumb"},"inLanguage":"es","potentialAction":[{"@type":"ReadAction","target":["https:\/\/interamerica.org\/es\/2015\/07\/interamerica-selecciona-sus-miembros-para-la-comision-de-nombramientos-de-la-asociacion-general\/"]}]},{"@type":"ImageObject","inLanguage":"es","@id":"https:\/\/interamerica.org\/es\/2015\/07\/interamerica-selecciona-sus-miembros-para-la-comision-de-nombramientos-de-la-asociacion-general\/#primaryimage","url":"https:\/\/interamerica.org\/wp-content\/uploads\/2017\/06\/IAD-CAucus.png","contentUrl":"https:\/\/interamerica.org\/wp-content\/uploads\/2017\/06\/IAD-CAucus.png","width":600,"height":400},{"@type":"BreadcrumbList","@id":"https:\/\/interamerica.org\/es\/2015\/07\/interamerica-selecciona-sus-miembros-para-la-comision-de-nombramientos-de-la-asociacion-general\/#breadcrumb","itemListElement":[{"@type":"ListItem","position":1,"name":"Home","item":"https:\/\/interamerica.org\/es\/"},{"@type":"ListItem","position":2,"name":"Interam\u00e9rica selecciona sus miembros para la Comisi\u00f3n de Nombramientos de la Asociaci\u00f3n General"}]},{"@type":"WebSite","@id":"https:\/\/interamerica.org\/es\/#website","url":"https:\/\/interamerica.org\/es\/","name":"Iglesia Adventista del S\u00e9ptimo D\u00eda - Divisi\u00f3n Interamericana","description":"","potentialAction":[{"@type":"SearchAction","target":{"@type":"EntryPoint","urlTemplate":"https:\/\/interamerica.org\/es\/?s={search_term_string}"},"query-input":{"@type":"PropertyValueSpecification","valueRequired":true,"valueName":"search_term_string"}}],"inLanguage":"es"},{"@type":"Person","@id":"https:\/\/interamerica.org\/es\/#\/schema\/person\/68ede8bdc292885bb76c1e3810e73c39","name":"Lorenzo Verduzco","image":{"@type":"ImageObject","inLanguage":"es","@id":"https:\/\/secure.gravatar.com\/avatar\/fb81a55b6218459490a9c1dc841a34909185b81904c5337b4b27f7a6fd60c49e?s=96&d=mm&r=g","url":"https:\/\/secure.gravatar.com\/avatar\/fb81a55b6218459490a9c1dc841a34909185b81904c5337b4b27f7a6fd60c49e?s=96&d=mm&r=g","contentUrl":"https:\/\/secure.gravatar.com\/avatar\/fb81a55b6218459490a9c1dc841a34909185b81904c5337b4b27f7a6fd60c49e?s=96&d=mm&r=g","caption":"Lorenzo Verduzco"}}]}},"_links":{"self":[{"href":"https:\/\/interamerica.org\/es\/wp-json\/wp\/v2\/posts\/30867","targetHints":{"allow":["GET"]}}],"collection":[{"href":"https:\/\/interamerica.org\/es\/wp-json\/wp\/v2\/posts"}],"about":[{"href":"https:\/\/interamerica.org\/es\/wp-json\/wp\/v2\/types\/post"}],"author":[{"embeddable":true,"href":"https:\/\/interamerica.org\/es\/wp-json\/wp\/v2\/users\/1"}],"replies":[{"embeddable":true,"href":"https:\/\/interamerica.org\/es\/wp-json\/wp\/v2\/comments?post=30867"}],"version-history":[{"count":0,"href":"https:\/\/interamerica.org\/es\/wp-json\/wp\/v2\/posts\/30867\/revisions"}],"wp:featuredmedia":[{"embeddable":true,"href":"https:\/\/interamerica.org\/es\/wp-json\/wp\/v2\/media\/25647"}],"wp:attachment":[{"href":"https:\/\/interamerica.org\/es\/wp-json\/wp\/v2\/media?parent=30867"}],"wp:term":[{"taxonomy":"category","embeddable":true,"href":"https:\/\/interamerica.org\/es\/wp-json\/wp\/v2\/categories?post=30867"},{"taxonomy":"post_tag","embeddable":true,"href":"https:\/\/interamerica.org\/es\/wp-json\/wp\/v2\/tags?post=30867"}],"curies":[{"name":"wp","href":"https:\/\/api.w.org\/{rel}","templated":true}]}}