{"id":30874,"date":"2015-07-06T00:00:00","date_gmt":"2015-07-06T04:00:00","guid":{"rendered":"http:\/\/192.81.217.108\/interamerica\/2015\/07\/delegados-descartan-el-voto-electronico\/"},"modified":"2015-07-06T00:00:00","modified_gmt":"2015-07-06T04:00:00","slug":"delegados-descartan-el-voto-electronico","status":"publish","type":"post","link":"https:\/\/interamerica.org\/es\/2015\/07\/delegados-descartan-el-voto-electronico\/","title":{"rendered":"Delegados descartan el voto electr\u00f3nico"},"content":{"rendered":"<div id=\"attachment_17670\" style=\"width: 610px\" class=\"wp-caption aligncenter\"><a href=\"\/interamerica\/wp-content\/uploads\/2017\/06\/150705Froelich_DSC1924.jpg\" rel=\"fancybox\" title=\"Delegados descartan el voto electr\u00f3nico\"><img fetchpriority=\"high\" decoding=\"async\" aria-describedby=\"caption-attachment-17670\" class=\" wp-image-17670 \" src=\"\/interamerica\/wp-content\/uploads\/2017\/06\/150705Froelich_DSC1924.jpg\" alt=\"\" width=\"600\" height=\"300\" \/><\/a><p id=\"caption-attachment-17670\" class=\"wp-caption-text\">Ted N. C. Wilson habla con Robert Lemon, el tesorero saliente, el tesorero entrante Juan Prestol-Pues\u00e1n, y Karnik Doukmetzian, asesor legal general de la Asociaci\u00f3n General detr\u00e1s de la plataforma, antes de hablar a los delegados sobre el voto electr\u00f3nico. Imagen de la AR<\/p><\/div>\n<p>5 de julio de 2015 | San Antonio, Texas, Estados Unidos | Adventist Review\/ANN<\/p>\n<div id=\"attachment_17669\" style=\"width: 234px\" class=\"wp-caption alignright\"><a href=\"\/interamerica\/wp-content\/uploads\/2017\/06\/150703sherwin_ElectronicVotingDevice_BS_2037.jpg\" rel=\"fancybox\" title=\"Delegados descartan el voto electr\u00f3nico\"><img decoding=\"async\" aria-describedby=\"caption-attachment-17669\" class=\" wp-image-17669  \" src=\"\/interamerica\/wp-content\/uploads\/2017\/06\/150703sherwin_ElectronicVotingDevice_BS_2037.jpg\" alt=\"\" width=\"224\" height=\"255\" \/><\/a><p id=\"caption-attachment-17669\" class=\"wp-caption-text\">Imagen de Adventist Review<\/p><\/div>\n<p>Los delegados votaron este domingo no usar la votaci\u00f3n electr\u00f3nica en el Congreso de la Asociaci\u00f3n General despu\u00e9s de que pruebas repetidas del sistema no lograron producir resultados adecuados. Ted N. C. Wilson, presidente de la Asociaci\u00f3n General, tom\u00f3 el estrado despu\u00e9s del almuerzo del domingo para conducir una prueba final del sistema de votaci\u00f3n electr\u00f3nica.<\/p>\n<p>\u00abQuiero animar a todo el que tenga el dispositivo, para que lo use\u00bb, dijo.<\/p>\n<p>Se le pidi\u00f3 a los delegados que se pusieran de pie y sostuvieran sus dispositivos electr\u00f3nicos para llevar a cabo un conteo f\u00edsico. Entonces se les pidi\u00f3 que se pusieran de pie y presionaran \u00ab1\u00bb o \u00ab2\u00bb en sus dispositivos para llevar a cabo un conteo electr\u00f3nico. Wilson dijo que la diferencia en el conteo era significativamente superior a los 51 votos (el dos por ciento de los delegados), que la Comisi\u00f3n de Coordinaci\u00f3n de la Asociaci\u00f3n General hab\u00eda acordado horas antes que era el l\u00edmite aceptable.<\/p>\n<p>Se pidi\u00f3 un voto usando las tarjetas de votaci\u00f3n, pidiendo abandonar el sistema de votaci\u00f3n electr\u00f3nica. La moci\u00f3n fue aprobada.<\/p>\n<p>Los directivos de la Asociaci\u00f3n General garantizaron de que en temas claves, se usar\u00e1 la votaci\u00f3n secreta por medio de un sistema de boletas en papel, lo que incluye la discusi\u00f3n del pr\u00f3ximo mi\u00e9rcoles para determinar si las divisiones estar\u00e1n autorizadas a decidir si ordenar a las mujeres al ministerio.<\/p>\n<p>\u00abNo les pediremos que voten sobre temas sensibles pidi\u00e9ndoles que levanten la tarjeta\u00bb, dijo Wilson.<\/p>\n<p>Wilson tambi\u00e9n dijo a los delegados que cada uno de sus votos era una \u00absagrada responsabilidad\u00bb.<\/p>\n<p>\u00abTienen que votar de acuerdo con su propia conciencia y Dios\u00bb, dijo.<\/p>\n<p><em>Traducci\u00f3n de Marcos Paseggi<\/em><\/p>\n","protected":false},"excerpt":{"rendered":"<p>Los delegados votaron este domingo no usar la votaci\u00f3n electr\u00f3nica en el Congreso de la Asociaci\u00f3n General despu\u00e9s de que pruebas repetidas del sistema no lograron producir resultados adecuados. <\/p>\n<p>Ted N. C. Wilson, presidente de la Asociaci\u00f3n General, tom\u00f3 el estrado despu\u00e9s del almuerzo del domingo para conducir una prueba final del sistema de votaci\u00f3n electr\u00f3nica.<\/p>\n","protected":false},"author":1,"featured_media":25680,"comment_status":"closed","ping_status":"closed","sticky":false,"template":"","format":"standard","meta":{"_acf_changed":false,"footnotes":""},"categories":[14,15],"tags":[],"class_list":["post-30874","post","type-post","status-publish","format-standard","has-post-thumbnail","hentry","category-de-la-iglesia-mundial","category-rss-espanol"],"acf":[],"yoast_head":"<!-- This site is optimized with the Yoast SEO plugin v27.3 - https:\/\/yoast.com\/product\/yoast-seo-wordpress\/ -->\n<title>Delegados descartan el voto electr\u00f3nico - Iglesia Adventista del S\u00e9ptimo D\u00eda - Divisi\u00f3n Interamericana<\/title>\n<meta name=\"robots\" content=\"index, follow, max-snippet:-1, max-image-preview:large, max-video-preview:-1\" \/>\n<link rel=\"canonical\" href=\"https:\/\/interamerica.org\/es\/2015\/07\/delegados-descartan-el-voto-electronico\/\" \/>\n<meta property=\"og:locale\" content=\"es_ES\" \/>\n<meta property=\"og:type\" content=\"article\" \/>\n<meta property=\"og:title\" content=\"Delegados descartan el voto electr\u00f3nico - Iglesia Adventista del S\u00e9ptimo D\u00eda - Divisi\u00f3n Interamericana\" \/>\n<meta property=\"og:description\" content=\"Los delegados votaron este domingo no usar la votaci\u00f3n electr\u00f3nica en el Congreso de la Asociaci\u00f3n General despu\u00e9s de que pruebas repetidas del sistema no lograron producir resultados adecuados.  Ted N. C. Wilson, presidente de la Asociaci\u00f3n General, tom\u00f3 el estrado despu\u00e9s del almuerzo del domingo para conducir una prueba final del sistema de votaci\u00f3n electr\u00f3nica.\" \/>\n<meta property=\"og:url\" content=\"https:\/\/interamerica.org\/es\/2015\/07\/delegados-descartan-el-voto-electronico\/\" \/>\n<meta property=\"og:site_name\" content=\"Iglesia Adventista del S\u00e9ptimo D\u00eda - Divisi\u00f3n Interamericana\" \/>\n<meta property=\"article:published_time\" content=\"2015-07-06T04:00:00+00:00\" \/>\n<meta property=\"og:image\" content=\"https:\/\/interamerica.org\/wp-content\/uploads\/2017\/06\/150705Froelich_DSC1924.jpg\" \/>\n\t<meta property=\"og:image:width\" content=\"1000\" \/>\n\t<meta property=\"og:image:height\" content=\"500\" \/>\n\t<meta property=\"og:image:type\" content=\"image\/jpeg\" \/>\n<meta name=\"author\" content=\"Lorenzo Verduzco\" \/>\n<meta name=\"twitter:card\" content=\"summary_large_image\" \/>\n<meta name=\"twitter:label1\" content=\"Escrito por\" \/>\n\t<meta name=\"twitter:data1\" content=\"Lorenzo Verduzco\" \/>\n\t<meta name=\"twitter:label2\" content=\"Tiempo de lectura\" \/>\n\t<meta name=\"twitter:data2\" content=\"2 minutos\" \/>\n<script type=\"application\/ld+json\" class=\"yoast-schema-graph\">{\"@context\":\"https:\\\/\\\/schema.org\",\"@graph\":[{\"@type\":\"Article\",\"@id\":\"https:\\\/\\\/interamerica.org\\\/es\\\/2015\\\/07\\\/delegados-descartan-el-voto-electronico\\\/#article\",\"isPartOf\":{\"@id\":\"https:\\\/\\\/interamerica.org\\\/es\\\/2015\\\/07\\\/delegados-descartan-el-voto-electronico\\\/\"},\"author\":{\"name\":\"Lorenzo Verduzco\",\"@id\":\"https:\\\/\\\/interamerica.org\\\/es\\\/#\\\/schema\\\/person\\\/68ede8bdc292885bb76c1e3810e73c39\"},\"headline\":\"Delegados descartan el voto electr\u00f3nico\",\"datePublished\":\"2015-07-06T04:00:00+00:00\",\"mainEntityOfPage\":{\"@id\":\"https:\\\/\\\/interamerica.org\\\/es\\\/2015\\\/07\\\/delegados-descartan-el-voto-electronico\\\/\"},\"wordCount\":383,\"image\":{\"@id\":\"https:\\\/\\\/interamerica.org\\\/es\\\/2015\\\/07\\\/delegados-descartan-el-voto-electronico\\\/#primaryimage\"},\"thumbnailUrl\":\"https:\\\/\\\/interamerica.org\\\/wp-content\\\/uploads\\\/2017\\\/06\\\/150705Froelich_DSC1924.jpg\",\"articleSection\":[\"Desde la iglesia mundial\",\"RSS Espa\u00f1ol\"],\"inLanguage\":\"es\"},{\"@type\":\"WebPage\",\"@id\":\"https:\\\/\\\/interamerica.org\\\/es\\\/2015\\\/07\\\/delegados-descartan-el-voto-electronico\\\/\",\"url\":\"https:\\\/\\\/interamerica.org\\\/es\\\/2015\\\/07\\\/delegados-descartan-el-voto-electronico\\\/\",\"name\":\"Delegados descartan el voto electr\u00f3nico - Iglesia Adventista del S\u00e9ptimo D\u00eda - Divisi\u00f3n Interamericana\",\"isPartOf\":{\"@id\":\"https:\\\/\\\/interamerica.org\\\/es\\\/#website\"},\"primaryImageOfPage\":{\"@id\":\"https:\\\/\\\/interamerica.org\\\/es\\\/2015\\\/07\\\/delegados-descartan-el-voto-electronico\\\/#primaryimage\"},\"image\":{\"@id\":\"https:\\\/\\\/interamerica.org\\\/es\\\/2015\\\/07\\\/delegados-descartan-el-voto-electronico\\\/#primaryimage\"},\"thumbnailUrl\":\"https:\\\/\\\/interamerica.org\\\/wp-content\\\/uploads\\\/2017\\\/06\\\/150705Froelich_DSC1924.jpg\",\"datePublished\":\"2015-07-06T04:00:00+00:00\",\"author\":{\"@id\":\"https:\\\/\\\/interamerica.org\\\/es\\\/#\\\/schema\\\/person\\\/68ede8bdc292885bb76c1e3810e73c39\"},\"breadcrumb\":{\"@id\":\"https:\\\/\\\/interamerica.org\\\/es\\\/2015\\\/07\\\/delegados-descartan-el-voto-electronico\\\/#breadcrumb\"},\"inLanguage\":\"es\",\"potentialAction\":[{\"@type\":\"ReadAction\",\"target\":[\"https:\\\/\\\/interamerica.org\\\/es\\\/2015\\\/07\\\/delegados-descartan-el-voto-electronico\\\/\"]}]},{\"@type\":\"ImageObject\",\"inLanguage\":\"es\",\"@id\":\"https:\\\/\\\/interamerica.org\\\/es\\\/2015\\\/07\\\/delegados-descartan-el-voto-electronico\\\/#primaryimage\",\"url\":\"https:\\\/\\\/interamerica.org\\\/wp-content\\\/uploads\\\/2017\\\/06\\\/150705Froelich_DSC1924.jpg\",\"contentUrl\":\"https:\\\/\\\/interamerica.org\\\/wp-content\\\/uploads\\\/2017\\\/06\\\/150705Froelich_DSC1924.jpg\",\"width\":1000,\"height\":500},{\"@type\":\"BreadcrumbList\",\"@id\":\"https:\\\/\\\/interamerica.org\\\/es\\\/2015\\\/07\\\/delegados-descartan-el-voto-electronico\\\/#breadcrumb\",\"itemListElement\":[{\"@type\":\"ListItem\",\"position\":1,\"name\":\"Home\",\"item\":\"https:\\\/\\\/interamerica.org\\\/es\\\/\"},{\"@type\":\"ListItem\",\"position\":2,\"name\":\"Delegados descartan el voto electr\u00f3nico\"}]},{\"@type\":\"WebSite\",\"@id\":\"https:\\\/\\\/interamerica.org\\\/es\\\/#website\",\"url\":\"https:\\\/\\\/interamerica.org\\\/es\\\/\",\"name\":\"Iglesia Adventista del S\u00e9ptimo D\u00eda - Divisi\u00f3n Interamericana\",\"description\":\"\",\"potentialAction\":[{\"@type\":\"SearchAction\",\"target\":{\"@type\":\"EntryPoint\",\"urlTemplate\":\"https:\\\/\\\/interamerica.org\\\/es\\\/?s={search_term_string}\"},\"query-input\":{\"@type\":\"PropertyValueSpecification\",\"valueRequired\":true,\"valueName\":\"search_term_string\"}}],\"inLanguage\":\"es\"},{\"@type\":\"Person\",\"@id\":\"https:\\\/\\\/interamerica.org\\\/es\\\/#\\\/schema\\\/person\\\/68ede8bdc292885bb76c1e3810e73c39\",\"name\":\"Lorenzo Verduzco\",\"image\":{\"@type\":\"ImageObject\",\"inLanguage\":\"es\",\"@id\":\"https:\\\/\\\/secure.gravatar.com\\\/avatar\\\/fb81a55b6218459490a9c1dc841a34909185b81904c5337b4b27f7a6fd60c49e?s=96&d=mm&r=g\",\"url\":\"https:\\\/\\\/secure.gravatar.com\\\/avatar\\\/fb81a55b6218459490a9c1dc841a34909185b81904c5337b4b27f7a6fd60c49e?s=96&d=mm&r=g\",\"contentUrl\":\"https:\\\/\\\/secure.gravatar.com\\\/avatar\\\/fb81a55b6218459490a9c1dc841a34909185b81904c5337b4b27f7a6fd60c49e?s=96&d=mm&r=g\",\"caption\":\"Lorenzo Verduzco\"}}]}<\/script>\n<!-- \/ Yoast SEO plugin. -->","yoast_head_json":{"title":"Delegados descartan el voto electr\u00f3nico - Iglesia Adventista del S\u00e9ptimo D\u00eda - Divisi\u00f3n Interamericana","robots":{"index":"index","follow":"follow","max-snippet":"max-snippet:-1","max-image-preview":"max-image-preview:large","max-video-preview":"max-video-preview:-1"},"canonical":"https:\/\/interamerica.org\/es\/2015\/07\/delegados-descartan-el-voto-electronico\/","og_locale":"es_ES","og_type":"article","og_title":"Delegados descartan el voto electr\u00f3nico - Iglesia Adventista del S\u00e9ptimo D\u00eda - Divisi\u00f3n Interamericana","og_description":"Los delegados votaron este domingo no usar la votaci\u00f3n electr\u00f3nica en el Congreso de la Asociaci\u00f3n General despu\u00e9s de que pruebas repetidas del sistema no lograron producir resultados adecuados.  Ted N. C. Wilson, presidente de la Asociaci\u00f3n General, tom\u00f3 el estrado despu\u00e9s del almuerzo del domingo para conducir una prueba final del sistema de votaci\u00f3n electr\u00f3nica.","og_url":"https:\/\/interamerica.org\/es\/2015\/07\/delegados-descartan-el-voto-electronico\/","og_site_name":"Iglesia Adventista del S\u00e9ptimo D\u00eda - Divisi\u00f3n Interamericana","article_published_time":"2015-07-06T04:00:00+00:00","og_image":[{"width":1000,"height":500,"url":"https:\/\/interamerica.org\/wp-content\/uploads\/2017\/06\/150705Froelich_DSC1924.jpg","type":"image\/jpeg"}],"author":"Lorenzo Verduzco","twitter_card":"summary_large_image","twitter_misc":{"Escrito por":"Lorenzo Verduzco","Tiempo de lectura":"2 minutos"},"schema":{"@context":"https:\/\/schema.org","@graph":[{"@type":"Article","@id":"https:\/\/interamerica.org\/es\/2015\/07\/delegados-descartan-el-voto-electronico\/#article","isPartOf":{"@id":"https:\/\/interamerica.org\/es\/2015\/07\/delegados-descartan-el-voto-electronico\/"},"author":{"name":"Lorenzo Verduzco","@id":"https:\/\/interamerica.org\/es\/#\/schema\/person\/68ede8bdc292885bb76c1e3810e73c39"},"headline":"Delegados descartan el voto electr\u00f3nico","datePublished":"2015-07-06T04:00:00+00:00","mainEntityOfPage":{"@id":"https:\/\/interamerica.org\/es\/2015\/07\/delegados-descartan-el-voto-electronico\/"},"wordCount":383,"image":{"@id":"https:\/\/interamerica.org\/es\/2015\/07\/delegados-descartan-el-voto-electronico\/#primaryimage"},"thumbnailUrl":"https:\/\/interamerica.org\/wp-content\/uploads\/2017\/06\/150705Froelich_DSC1924.jpg","articleSection":["Desde la iglesia mundial","RSS Espa\u00f1ol"],"inLanguage":"es"},{"@type":"WebPage","@id":"https:\/\/interamerica.org\/es\/2015\/07\/delegados-descartan-el-voto-electronico\/","url":"https:\/\/interamerica.org\/es\/2015\/07\/delegados-descartan-el-voto-electronico\/","name":"Delegados descartan el voto electr\u00f3nico - Iglesia Adventista del S\u00e9ptimo D\u00eda - Divisi\u00f3n Interamericana","isPartOf":{"@id":"https:\/\/interamerica.org\/es\/#website"},"primaryImageOfPage":{"@id":"https:\/\/interamerica.org\/es\/2015\/07\/delegados-descartan-el-voto-electronico\/#primaryimage"},"image":{"@id":"https:\/\/interamerica.org\/es\/2015\/07\/delegados-descartan-el-voto-electronico\/#primaryimage"},"thumbnailUrl":"https:\/\/interamerica.org\/wp-content\/uploads\/2017\/06\/150705Froelich_DSC1924.jpg","datePublished":"2015-07-06T04:00:00+00:00","author":{"@id":"https:\/\/interamerica.org\/es\/#\/schema\/person\/68ede8bdc292885bb76c1e3810e73c39"},"breadcrumb":{"@id":"https:\/\/interamerica.org\/es\/2015\/07\/delegados-descartan-el-voto-electronico\/#breadcrumb"},"inLanguage":"es","potentialAction":[{"@type":"ReadAction","target":["https:\/\/interamerica.org\/es\/2015\/07\/delegados-descartan-el-voto-electronico\/"]}]},{"@type":"ImageObject","inLanguage":"es","@id":"https:\/\/interamerica.org\/es\/2015\/07\/delegados-descartan-el-voto-electronico\/#primaryimage","url":"https:\/\/interamerica.org\/wp-content\/uploads\/2017\/06\/150705Froelich_DSC1924.jpg","contentUrl":"https:\/\/interamerica.org\/wp-content\/uploads\/2017\/06\/150705Froelich_DSC1924.jpg","width":1000,"height":500},{"@type":"BreadcrumbList","@id":"https:\/\/interamerica.org\/es\/2015\/07\/delegados-descartan-el-voto-electronico\/#breadcrumb","itemListElement":[{"@type":"ListItem","position":1,"name":"Home","item":"https:\/\/interamerica.org\/es\/"},{"@type":"ListItem","position":2,"name":"Delegados descartan el voto electr\u00f3nico"}]},{"@type":"WebSite","@id":"https:\/\/interamerica.org\/es\/#website","url":"https:\/\/interamerica.org\/es\/","name":"Iglesia Adventista del S\u00e9ptimo D\u00eda - Divisi\u00f3n Interamericana","description":"","potentialAction":[{"@type":"SearchAction","target":{"@type":"EntryPoint","urlTemplate":"https:\/\/interamerica.org\/es\/?s={search_term_string}"},"query-input":{"@type":"PropertyValueSpecification","valueRequired":true,"valueName":"search_term_string"}}],"inLanguage":"es"},{"@type":"Person","@id":"https:\/\/interamerica.org\/es\/#\/schema\/person\/68ede8bdc292885bb76c1e3810e73c39","name":"Lorenzo Verduzco","image":{"@type":"ImageObject","inLanguage":"es","@id":"https:\/\/secure.gravatar.com\/avatar\/fb81a55b6218459490a9c1dc841a34909185b81904c5337b4b27f7a6fd60c49e?s=96&d=mm&r=g","url":"https:\/\/secure.gravatar.com\/avatar\/fb81a55b6218459490a9c1dc841a34909185b81904c5337b4b27f7a6fd60c49e?s=96&d=mm&r=g","contentUrl":"https:\/\/secure.gravatar.com\/avatar\/fb81a55b6218459490a9c1dc841a34909185b81904c5337b4b27f7a6fd60c49e?s=96&d=mm&r=g","caption":"Lorenzo Verduzco"}}]}},"_links":{"self":[{"href":"https:\/\/interamerica.org\/es\/wp-json\/wp\/v2\/posts\/30874","targetHints":{"allow":["GET"]}}],"collection":[{"href":"https:\/\/interamerica.org\/es\/wp-json\/wp\/v2\/posts"}],"about":[{"href":"https:\/\/interamerica.org\/es\/wp-json\/wp\/v2\/types\/post"}],"author":[{"embeddable":true,"href":"https:\/\/interamerica.org\/es\/wp-json\/wp\/v2\/users\/1"}],"replies":[{"embeddable":true,"href":"https:\/\/interamerica.org\/es\/wp-json\/wp\/v2\/comments?post=30874"}],"version-history":[{"count":0,"href":"https:\/\/interamerica.org\/es\/wp-json\/wp\/v2\/posts\/30874\/revisions"}],"wp:featuredmedia":[{"embeddable":true,"href":"https:\/\/interamerica.org\/es\/wp-json\/wp\/v2\/media\/25680"}],"wp:attachment":[{"href":"https:\/\/interamerica.org\/es\/wp-json\/wp\/v2\/media?parent=30874"}],"wp:term":[{"taxonomy":"category","embeddable":true,"href":"https:\/\/interamerica.org\/es\/wp-json\/wp\/v2\/categories?post=30874"},{"taxonomy":"post_tag","embeddable":true,"href":"https:\/\/interamerica.org\/es\/wp-json\/wp\/v2\/tags?post=30874"}],"curies":[{"name":"wp","href":"https:\/\/api.w.org\/{rel}","templated":true}]}}