{"id":30877,"date":"2015-07-06T00:00:00","date_gmt":"2015-07-06T04:00:00","guid":{"rendered":"http:\/\/192.81.217.108\/interamerica\/2015\/07\/israel-leito-reelegido-como-presidente-de-la-dia\/"},"modified":"2015-07-06T00:00:00","modified_gmt":"2015-07-06T04:00:00","slug":"israel-leito-reelegido-como-presidente-de-la-dia","status":"publish","type":"post","link":"https:\/\/interamerica.org\/es\/2015\/07\/israel-leito-reelegido-como-presidente-de-la-dia\/","title":{"rendered":"Israel Leito reelegido como presidente de la DIA"},"content":{"rendered":"<p>6 de julio de 2015 | San Antonio, Texas, Estados Unidos | Libna Stevens\/DIA<\/p>\n<p>El pastor Israel Leito, actual presidente de la Divisi\u00f3n Interamericana, fue reelegido este 6 de julio para ser durante cinco a\u00f1os m\u00e1s el presidente de la vasta y creciente feligres\u00eda de ese territorio.<\/p>\n<div id=\"attachment_17721\" style=\"width: 370px\" class=\"wp-caption alignright\"><a href=\"\/interamerica\/wp-content\/uploads\/2017\/06\/Ptr-Leito600.png\" rel=\"fancybox\" title=\"Israel Leito reelegido como presidente de la DIA\"><img fetchpriority=\"high\" decoding=\"async\" aria-describedby=\"caption-attachment-17721\" class=\" wp-image-17721 \" title=\"Ptr Leito600\" src=\"\/interamerica\/wp-content\/uploads\/2017\/06\/Ptr-Leito600.png\" alt=\"\" width=\"360\" height=\"277\" \/><\/a><p id=\"caption-attachment-17721\" class=\"wp-caption-text\">Nuevamente reelegido Presidente de la DIA el Pastor Israel Leito. Imagen por Daniel Gallardo\/IAD<\/p><\/div>\n<p>El pastor Leito fue confirmado por la delegaci\u00f3n del Congreso de la Asociaci\u00f3n General despu\u00e9s de que su nombre fuera presentado por la Comisi\u00f3n de Nombramientos de la iglesia mundial.<\/p>\n<p>El pastor Leito, que ha sido presidente de la Divisi\u00f3n Interamericana desde 1994, ha dirigido a la iglesia de la regi\u00f3n, que pas\u00f3 de tener 1 mill\u00f3n a 3,7 millones de miembros. Leito posee el r\u00e9cord por ser el presidente de divisi\u00f3n con m\u00e1s tiempo en el cargo, dado que ha estado durante 21 a\u00f1os consecutivos, seg\u00fan la Secretar\u00eda de Archivos, Estad\u00edsticas e Investigaciones.<\/p>\n<p>Sus 45 a\u00f1os de servicio a la iglesia incluyen m\u00e1s de 38 a\u00f1os en Interam\u00e9rica, en Holanda, Am\u00e9rica Central y la sede central de la DIA.<\/p>\n<p>Leito, que naci\u00f3 en Curazao, el pastor Leito comenz\u00f3 a trabajar para la iglesia en 1969 como pastor distrital en la Misi\u00f3n de las Antillas Holandesas. M\u00e1s tarde fue director de ministerios j\u00f3venes en la sede de la Divisi\u00f3n Interamericana en Miami. Entre 1986 y 1993, el pastor Leito fue director de Ministerios de la Iglesia en la Asociaci\u00f3n General.<\/p>\n<p>El pastor Leito es un ministro ordenado, y posee un doctorado en comunicaci\u00f3n organizacional de Psicolog\u00eda Industrial de la Universidad Howard, una maestr\u00eda en Consejer\u00eda de la Universidad Villa Nueva, y un doctorado honorario en Leyes otorgado por la Universidad Adventista de las Antillas, as\u00ed como un doctorado honorario de teolog\u00eda de la Univesridad Norte\u00f1a del Caribe.<\/p>\n<p>El pastor Leito est\u00e1 casado con Ludmila Mercedez Monte Leito. El matrimonio tiene un hijo y una hija, y tres nietos.<\/p>\n<p><em>Traducci\u00f3n de Marcos Paseggi<\/em><\/p>\n","protected":false},"excerpt":{"rendered":"<p>El pastor Israel Leito, actual presidente de la Divisi\u00f3n Interamericana, fue reelegido este 6 de julio para ser durante cinco a\u00f1os m\u00e1s el presidente de la vasta y creciente feligres\u00eda de ese territorio. <\/p>\n<p>El pastor Leito fue confirmado por la delegaci\u00f3n del Congreso de la Asociaci\u00f3n General despu\u00e9s de que su nombre fuera presentado por la Comisi\u00f3n de Nombramientos de la iglesia mundial.<\/p>\n","protected":false},"author":1,"featured_media":25691,"comment_status":"closed","ping_status":"closed","sticky":false,"template":"","format":"standard","meta":{"_acf_changed":false,"footnotes":""},"categories":[16,15],"tags":[],"class_list":["post-30877","post","type-post","status-publish","format-standard","has-post-thumbnail","hentry","category-desde-la-sede","category-rss-espanol"],"acf":[],"yoast_head":"<!-- This site is optimized with the Yoast SEO plugin v27.3 - https:\/\/yoast.com\/product\/yoast-seo-wordpress\/ -->\n<title>Israel Leito reelegido como presidente de la DIA - Iglesia Adventista del S\u00e9ptimo D\u00eda - Divisi\u00f3n Interamericana<\/title>\n<meta name=\"robots\" content=\"index, follow, max-snippet:-1, max-image-preview:large, max-video-preview:-1\" \/>\n<link rel=\"canonical\" href=\"https:\/\/interamerica.org\/es\/2015\/07\/israel-leito-reelegido-como-presidente-de-la-dia\/\" \/>\n<meta property=\"og:locale\" content=\"es_ES\" \/>\n<meta property=\"og:type\" content=\"article\" \/>\n<meta property=\"og:title\" content=\"Israel Leito reelegido como presidente de la DIA - Iglesia Adventista del S\u00e9ptimo D\u00eda - Divisi\u00f3n Interamericana\" \/>\n<meta property=\"og:description\" content=\"El pastor Israel Leito, actual presidente de la Divisi\u00f3n Interamericana, fue reelegido este 6 de julio para ser durante cinco a\u00f1os m\u00e1s el presidente de la vasta y creciente feligres\u00eda de ese territorio.  El pastor Leito fue confirmado por la delegaci\u00f3n del Congreso de la Asociaci\u00f3n General despu\u00e9s de que su nombre fuera presentado por la Comisi\u00f3n de Nombramientos de la iglesia mundial.\" \/>\n<meta property=\"og:url\" content=\"https:\/\/interamerica.org\/es\/2015\/07\/israel-leito-reelegido-como-presidente-de-la-dia\/\" \/>\n<meta property=\"og:site_name\" content=\"Iglesia Adventista del S\u00e9ptimo D\u00eda - Divisi\u00f3n Interamericana\" \/>\n<meta property=\"article:published_time\" content=\"2015-07-06T04:00:00+00:00\" \/>\n<meta property=\"og:image\" content=\"https:\/\/interamerica.org\/wp-content\/uploads\/2017\/06\/Ptr-Leito600.png\" \/>\n\t<meta property=\"og:image:width\" content=\"600\" \/>\n\t<meta property=\"og:image:height\" content=\"461\" \/>\n\t<meta property=\"og:image:type\" content=\"image\/png\" \/>\n<meta name=\"author\" content=\"Lorenzo Verduzco\" \/>\n<meta name=\"twitter:card\" content=\"summary_large_image\" \/>\n<meta name=\"twitter:label1\" content=\"Escrito por\" \/>\n\t<meta name=\"twitter:data1\" content=\"Lorenzo Verduzco\" \/>\n\t<meta name=\"twitter:label2\" content=\"Tiempo de lectura\" \/>\n\t<meta name=\"twitter:data2\" content=\"2 minutos\" \/>\n<script type=\"application\/ld+json\" class=\"yoast-schema-graph\">{\"@context\":\"https:\\\/\\\/schema.org\",\"@graph\":[{\"@type\":\"Article\",\"@id\":\"https:\\\/\\\/interamerica.org\\\/es\\\/2015\\\/07\\\/israel-leito-reelegido-como-presidente-de-la-dia\\\/#article\",\"isPartOf\":{\"@id\":\"https:\\\/\\\/interamerica.org\\\/es\\\/2015\\\/07\\\/israel-leito-reelegido-como-presidente-de-la-dia\\\/\"},\"author\":{\"name\":\"Lorenzo Verduzco\",\"@id\":\"https:\\\/\\\/interamerica.org\\\/es\\\/#\\\/schema\\\/person\\\/68ede8bdc292885bb76c1e3810e73c39\"},\"headline\":\"Israel Leito reelegido como presidente de la DIA\",\"datePublished\":\"2015-07-06T04:00:00+00:00\",\"mainEntityOfPage\":{\"@id\":\"https:\\\/\\\/interamerica.org\\\/es\\\/2015\\\/07\\\/israel-leito-reelegido-como-presidente-de-la-dia\\\/\"},\"wordCount\":361,\"image\":{\"@id\":\"https:\\\/\\\/interamerica.org\\\/es\\\/2015\\\/07\\\/israel-leito-reelegido-como-presidente-de-la-dia\\\/#primaryimage\"},\"thumbnailUrl\":\"https:\\\/\\\/interamerica.org\\\/wp-content\\\/uploads\\\/2017\\\/06\\\/Ptr-Leito600.png\",\"articleSection\":[\"Desde la sede\",\"RSS Espa\u00f1ol\"],\"inLanguage\":\"es\"},{\"@type\":\"WebPage\",\"@id\":\"https:\\\/\\\/interamerica.org\\\/es\\\/2015\\\/07\\\/israel-leito-reelegido-como-presidente-de-la-dia\\\/\",\"url\":\"https:\\\/\\\/interamerica.org\\\/es\\\/2015\\\/07\\\/israel-leito-reelegido-como-presidente-de-la-dia\\\/\",\"name\":\"Israel Leito reelegido como presidente de la DIA - Iglesia Adventista del S\u00e9ptimo D\u00eda - Divisi\u00f3n Interamericana\",\"isPartOf\":{\"@id\":\"https:\\\/\\\/interamerica.org\\\/es\\\/#website\"},\"primaryImageOfPage\":{\"@id\":\"https:\\\/\\\/interamerica.org\\\/es\\\/2015\\\/07\\\/israel-leito-reelegido-como-presidente-de-la-dia\\\/#primaryimage\"},\"image\":{\"@id\":\"https:\\\/\\\/interamerica.org\\\/es\\\/2015\\\/07\\\/israel-leito-reelegido-como-presidente-de-la-dia\\\/#primaryimage\"},\"thumbnailUrl\":\"https:\\\/\\\/interamerica.org\\\/wp-content\\\/uploads\\\/2017\\\/06\\\/Ptr-Leito600.png\",\"datePublished\":\"2015-07-06T04:00:00+00:00\",\"author\":{\"@id\":\"https:\\\/\\\/interamerica.org\\\/es\\\/#\\\/schema\\\/person\\\/68ede8bdc292885bb76c1e3810e73c39\"},\"breadcrumb\":{\"@id\":\"https:\\\/\\\/interamerica.org\\\/es\\\/2015\\\/07\\\/israel-leito-reelegido-como-presidente-de-la-dia\\\/#breadcrumb\"},\"inLanguage\":\"es\",\"potentialAction\":[{\"@type\":\"ReadAction\",\"target\":[\"https:\\\/\\\/interamerica.org\\\/es\\\/2015\\\/07\\\/israel-leito-reelegido-como-presidente-de-la-dia\\\/\"]}]},{\"@type\":\"ImageObject\",\"inLanguage\":\"es\",\"@id\":\"https:\\\/\\\/interamerica.org\\\/es\\\/2015\\\/07\\\/israel-leito-reelegido-como-presidente-de-la-dia\\\/#primaryimage\",\"url\":\"https:\\\/\\\/interamerica.org\\\/wp-content\\\/uploads\\\/2017\\\/06\\\/Ptr-Leito600.png\",\"contentUrl\":\"https:\\\/\\\/interamerica.org\\\/wp-content\\\/uploads\\\/2017\\\/06\\\/Ptr-Leito600.png\",\"width\":600,\"height\":461},{\"@type\":\"BreadcrumbList\",\"@id\":\"https:\\\/\\\/interamerica.org\\\/es\\\/2015\\\/07\\\/israel-leito-reelegido-como-presidente-de-la-dia\\\/#breadcrumb\",\"itemListElement\":[{\"@type\":\"ListItem\",\"position\":1,\"name\":\"Home\",\"item\":\"https:\\\/\\\/interamerica.org\\\/es\\\/\"},{\"@type\":\"ListItem\",\"position\":2,\"name\":\"Israel Leito reelegido como presidente de la DIA\"}]},{\"@type\":\"WebSite\",\"@id\":\"https:\\\/\\\/interamerica.org\\\/es\\\/#website\",\"url\":\"https:\\\/\\\/interamerica.org\\\/es\\\/\",\"name\":\"Iglesia Adventista del S\u00e9ptimo D\u00eda - Divisi\u00f3n Interamericana\",\"description\":\"\",\"potentialAction\":[{\"@type\":\"SearchAction\",\"target\":{\"@type\":\"EntryPoint\",\"urlTemplate\":\"https:\\\/\\\/interamerica.org\\\/es\\\/?s={search_term_string}\"},\"query-input\":{\"@type\":\"PropertyValueSpecification\",\"valueRequired\":true,\"valueName\":\"search_term_string\"}}],\"inLanguage\":\"es\"},{\"@type\":\"Person\",\"@id\":\"https:\\\/\\\/interamerica.org\\\/es\\\/#\\\/schema\\\/person\\\/68ede8bdc292885bb76c1e3810e73c39\",\"name\":\"Lorenzo Verduzco\",\"image\":{\"@type\":\"ImageObject\",\"inLanguage\":\"es\",\"@id\":\"https:\\\/\\\/secure.gravatar.com\\\/avatar\\\/fb81a55b6218459490a9c1dc841a34909185b81904c5337b4b27f7a6fd60c49e?s=96&d=mm&r=g\",\"url\":\"https:\\\/\\\/secure.gravatar.com\\\/avatar\\\/fb81a55b6218459490a9c1dc841a34909185b81904c5337b4b27f7a6fd60c49e?s=96&d=mm&r=g\",\"contentUrl\":\"https:\\\/\\\/secure.gravatar.com\\\/avatar\\\/fb81a55b6218459490a9c1dc841a34909185b81904c5337b4b27f7a6fd60c49e?s=96&d=mm&r=g\",\"caption\":\"Lorenzo Verduzco\"}}]}<\/script>\n<!-- \/ Yoast SEO plugin. -->","yoast_head_json":{"title":"Israel Leito reelegido como presidente de la DIA - Iglesia Adventista del S\u00e9ptimo D\u00eda - Divisi\u00f3n Interamericana","robots":{"index":"index","follow":"follow","max-snippet":"max-snippet:-1","max-image-preview":"max-image-preview:large","max-video-preview":"max-video-preview:-1"},"canonical":"https:\/\/interamerica.org\/es\/2015\/07\/israel-leito-reelegido-como-presidente-de-la-dia\/","og_locale":"es_ES","og_type":"article","og_title":"Israel Leito reelegido como presidente de la DIA - Iglesia Adventista del S\u00e9ptimo D\u00eda - Divisi\u00f3n Interamericana","og_description":"El pastor Israel Leito, actual presidente de la Divisi\u00f3n Interamericana, fue reelegido este 6 de julio para ser durante cinco a\u00f1os m\u00e1s el presidente de la vasta y creciente feligres\u00eda de ese territorio.  El pastor Leito fue confirmado por la delegaci\u00f3n del Congreso de la Asociaci\u00f3n General despu\u00e9s de que su nombre fuera presentado por la Comisi\u00f3n de Nombramientos de la iglesia mundial.","og_url":"https:\/\/interamerica.org\/es\/2015\/07\/israel-leito-reelegido-como-presidente-de-la-dia\/","og_site_name":"Iglesia Adventista del S\u00e9ptimo D\u00eda - Divisi\u00f3n Interamericana","article_published_time":"2015-07-06T04:00:00+00:00","og_image":[{"width":600,"height":461,"url":"https:\/\/interamerica.org\/wp-content\/uploads\/2017\/06\/Ptr-Leito600.png","type":"image\/png"}],"author":"Lorenzo Verduzco","twitter_card":"summary_large_image","twitter_misc":{"Escrito por":"Lorenzo Verduzco","Tiempo de lectura":"2 minutos"},"schema":{"@context":"https:\/\/schema.org","@graph":[{"@type":"Article","@id":"https:\/\/interamerica.org\/es\/2015\/07\/israel-leito-reelegido-como-presidente-de-la-dia\/#article","isPartOf":{"@id":"https:\/\/interamerica.org\/es\/2015\/07\/israel-leito-reelegido-como-presidente-de-la-dia\/"},"author":{"name":"Lorenzo Verduzco","@id":"https:\/\/interamerica.org\/es\/#\/schema\/person\/68ede8bdc292885bb76c1e3810e73c39"},"headline":"Israel Leito reelegido como presidente de la DIA","datePublished":"2015-07-06T04:00:00+00:00","mainEntityOfPage":{"@id":"https:\/\/interamerica.org\/es\/2015\/07\/israel-leito-reelegido-como-presidente-de-la-dia\/"},"wordCount":361,"image":{"@id":"https:\/\/interamerica.org\/es\/2015\/07\/israel-leito-reelegido-como-presidente-de-la-dia\/#primaryimage"},"thumbnailUrl":"https:\/\/interamerica.org\/wp-content\/uploads\/2017\/06\/Ptr-Leito600.png","articleSection":["Desde la sede","RSS Espa\u00f1ol"],"inLanguage":"es"},{"@type":"WebPage","@id":"https:\/\/interamerica.org\/es\/2015\/07\/israel-leito-reelegido-como-presidente-de-la-dia\/","url":"https:\/\/interamerica.org\/es\/2015\/07\/israel-leito-reelegido-como-presidente-de-la-dia\/","name":"Israel Leito reelegido como presidente de la DIA - Iglesia Adventista del S\u00e9ptimo D\u00eda - Divisi\u00f3n Interamericana","isPartOf":{"@id":"https:\/\/interamerica.org\/es\/#website"},"primaryImageOfPage":{"@id":"https:\/\/interamerica.org\/es\/2015\/07\/israel-leito-reelegido-como-presidente-de-la-dia\/#primaryimage"},"image":{"@id":"https:\/\/interamerica.org\/es\/2015\/07\/israel-leito-reelegido-como-presidente-de-la-dia\/#primaryimage"},"thumbnailUrl":"https:\/\/interamerica.org\/wp-content\/uploads\/2017\/06\/Ptr-Leito600.png","datePublished":"2015-07-06T04:00:00+00:00","author":{"@id":"https:\/\/interamerica.org\/es\/#\/schema\/person\/68ede8bdc292885bb76c1e3810e73c39"},"breadcrumb":{"@id":"https:\/\/interamerica.org\/es\/2015\/07\/israel-leito-reelegido-como-presidente-de-la-dia\/#breadcrumb"},"inLanguage":"es","potentialAction":[{"@type":"ReadAction","target":["https:\/\/interamerica.org\/es\/2015\/07\/israel-leito-reelegido-como-presidente-de-la-dia\/"]}]},{"@type":"ImageObject","inLanguage":"es","@id":"https:\/\/interamerica.org\/es\/2015\/07\/israel-leito-reelegido-como-presidente-de-la-dia\/#primaryimage","url":"https:\/\/interamerica.org\/wp-content\/uploads\/2017\/06\/Ptr-Leito600.png","contentUrl":"https:\/\/interamerica.org\/wp-content\/uploads\/2017\/06\/Ptr-Leito600.png","width":600,"height":461},{"@type":"BreadcrumbList","@id":"https:\/\/interamerica.org\/es\/2015\/07\/israel-leito-reelegido-como-presidente-de-la-dia\/#breadcrumb","itemListElement":[{"@type":"ListItem","position":1,"name":"Home","item":"https:\/\/interamerica.org\/es\/"},{"@type":"ListItem","position":2,"name":"Israel Leito reelegido como presidente de la DIA"}]},{"@type":"WebSite","@id":"https:\/\/interamerica.org\/es\/#website","url":"https:\/\/interamerica.org\/es\/","name":"Iglesia Adventista del S\u00e9ptimo D\u00eda - Divisi\u00f3n Interamericana","description":"","potentialAction":[{"@type":"SearchAction","target":{"@type":"EntryPoint","urlTemplate":"https:\/\/interamerica.org\/es\/?s={search_term_string}"},"query-input":{"@type":"PropertyValueSpecification","valueRequired":true,"valueName":"search_term_string"}}],"inLanguage":"es"},{"@type":"Person","@id":"https:\/\/interamerica.org\/es\/#\/schema\/person\/68ede8bdc292885bb76c1e3810e73c39","name":"Lorenzo Verduzco","image":{"@type":"ImageObject","inLanguage":"es","@id":"https:\/\/secure.gravatar.com\/avatar\/fb81a55b6218459490a9c1dc841a34909185b81904c5337b4b27f7a6fd60c49e?s=96&d=mm&r=g","url":"https:\/\/secure.gravatar.com\/avatar\/fb81a55b6218459490a9c1dc841a34909185b81904c5337b4b27f7a6fd60c49e?s=96&d=mm&r=g","contentUrl":"https:\/\/secure.gravatar.com\/avatar\/fb81a55b6218459490a9c1dc841a34909185b81904c5337b4b27f7a6fd60c49e?s=96&d=mm&r=g","caption":"Lorenzo Verduzco"}}]}},"_links":{"self":[{"href":"https:\/\/interamerica.org\/es\/wp-json\/wp\/v2\/posts\/30877","targetHints":{"allow":["GET"]}}],"collection":[{"href":"https:\/\/interamerica.org\/es\/wp-json\/wp\/v2\/posts"}],"about":[{"href":"https:\/\/interamerica.org\/es\/wp-json\/wp\/v2\/types\/post"}],"author":[{"embeddable":true,"href":"https:\/\/interamerica.org\/es\/wp-json\/wp\/v2\/users\/1"}],"replies":[{"embeddable":true,"href":"https:\/\/interamerica.org\/es\/wp-json\/wp\/v2\/comments?post=30877"}],"version-history":[{"count":0,"href":"https:\/\/interamerica.org\/es\/wp-json\/wp\/v2\/posts\/30877\/revisions"}],"wp:featuredmedia":[{"embeddable":true,"href":"https:\/\/interamerica.org\/es\/wp-json\/wp\/v2\/media\/25691"}],"wp:attachment":[{"href":"https:\/\/interamerica.org\/es\/wp-json\/wp\/v2\/media?parent=30877"}],"wp:term":[{"taxonomy":"category","embeddable":true,"href":"https:\/\/interamerica.org\/es\/wp-json\/wp\/v2\/categories?post=30877"},{"taxonomy":"post_tag","embeddable":true,"href":"https:\/\/interamerica.org\/es\/wp-json\/wp\/v2\/tags?post=30877"}],"curies":[{"name":"wp","href":"https:\/\/api.w.org\/{rel}","templated":true}]}}