{"id":30883,"date":"2015-07-07T00:00:00","date_gmt":"2015-07-07T04:00:00","guid":{"rendered":"http:\/\/192.81.217.108\/interamerica\/2015\/07\/doce-directores-elegidos-en-los-departamentos-de-la-asociacion-general\/"},"modified":"2015-07-07T00:00:00","modified_gmt":"2015-07-07T04:00:00","slug":"doce-directores-elegidos-en-los-departamentos-de-la-asociacion-general","status":"publish","type":"post","link":"https:\/\/interamerica.org\/es\/2015\/07\/doce-directores-elegidos-en-los-departamentos-de-la-asociacion-general\/","title":{"rendered":"Doce directores elegidos en los departamentos de la Asociaci\u00f3n General"},"content":{"rendered":"<div id=\"attachment_17771\" style=\"width: 710px\" class=\"wp-caption aligncenter\"><a href=\"\/interamerica\/wp-content\/uploads\/2017\/06\/GCdepartments.jpg\" rel=\"fancybox\" title=\"Doce directores elegidos en los departamentos de la Asociaci\u00f3n General\"><img fetchpriority=\"high\" decoding=\"async\" aria-describedby=\"caption-attachment-17771\" class=\" wp-image-17771 \" src=\"\/interamerica\/wp-content\/uploads\/2017\/06\/GCdepartments.jpg\" alt=\"\" width=\"700\" height=\"350\" \/><\/a><p id=\"caption-attachment-17771\" class=\"wp-caption-text\">Imagen de Kenn Dixon<\/p><\/div>\n<p>6 de julio de 2015 | Wilona Karimabadi, Kimberly Luste Maran y Marcos Paseggi, Adventist Review\/ANN, con informaci\u00f3n de Adventist.org<\/p>\n<p>Los delegados al Congreso de la Asociaci\u00f3n General eligieron 12 de los 15 directores de departamentos de la Asociaci\u00f3n General este lunes.<\/p>\n<p>Ocho directores ya estaban en el cargo, y dos de ellos remplazaron a directivos que se est\u00e1n jubilando.<\/p>\n<p>Los directores que se jubilan son Jonathan Kuntaraf, del departamento de Escuela Sab\u00e1tica y Ministerios Personales, y John Graz, director del departamento de Asuntos P\u00fablicos y Libertad Religiosa.<\/p>\n<p>Cinco directores de departamentos a\u00fan no han sido anunciados por la Comisi\u00f3n de Nombramientos, lo que incluye los departamentos del Ministerio de las Publicaciones, Ministerios de Mayordom\u00eda, y Servicios de Testamentos y Legados.<\/p>\n<p>Este lunes, los delegados tambi\u00e9n eligieron a Claude Richli, Hensley Moorooven y Gerson Santos como secretarios asociados de la Secretar\u00eda.<\/p>\n<p>Aqu\u00ed se presenta una lista de los directivos elegidos:<\/p>\n<p><strong>Ministerios Adventistas de Capellan\u00eda.<\/strong>\u00a0Mario E. Ceballos, el director asociado de Ministerios Adventistas de Capellan\u00eda (ACM) desde el Concilio de Primavera 2008, se convirti\u00f3 en director de Ministerios Adventistas de Capellan\u00eda de la Asociaci\u00f3n General en 2010. Ceballos, que tiene experiencia como pastor, profesor y capell\u00e1n de una instituci\u00f3n de salud, es un capell\u00e1n certificado y tiene el rango de comandante de la Reserva de la Armada de los Estados Unidos.<\/p>\n<p><strong>Ministerios del Ni\u00f1o.<\/strong>\u00a0Linda Mei Lin Koh naci\u00f3 y creci\u00f3 en Singapur, y ha sido directora del departamento de Ministerios del Ni\u00f1o de la Asociaci\u00f3n General desde 2003. Est\u00e1 casada con Oliver Koh, exdirector asociado de educaci\u00f3n de la Divisi\u00f3n de Asia Pac\u00edfico Sur, y tienen dos hijos adultos, Terrence y Marvin. Koh disfruta de escribir, y es autora de numerosos art\u00edculos, adem\u00e1s de ser una de las autoras de \u00abDios me ama de 28 maneras distintas\u00bb.<\/p>\n<p><strong>Comunicaciones.<\/strong>\u00a0Williams S. Costa Jr. ha sido desde 2010 como director del Departamento de Comunicaciones de la Asociaci\u00f3n General. Antes, trabaj\u00f3 en la Divisi\u00f3n Sudamericana como gerente de producci\u00f3n televisiva y director de la televisi\u00f3n satelital adventista, entre otros cargos. Costa es m\u00fasico y compositor, y sus c\u00e1nticos son usados en los encuentros adventistas, adem\u00e1s de estar incluidos en el Himnario Adventista, tanto en espa\u00f1ol como en portugu\u00e9s.<\/p>\n<p><strong>Educaci\u00f3n.<\/strong>\u00a0Lisa M. Beardsley-Hardy se convirti\u00f3 en directora del departamento de Educaci\u00f3n de la Asociaci\u00f3n General en 2010 despu\u00e9s de una extensa experiencia en el \u00e1mbito de la educaci\u00f3n en diversos pa\u00edses. Beardsley-Hardy es ciudadana del Reino Unido, Finlandia y los Estados Unidos, y entre sus intereses se destacan recoger setas, el esqu\u00ed de fondo, y la m\u00fasica.<\/p>\n<p><strong>Ministerios de Familia.<\/strong>\u00a0Willie Oliver fue elegido por primera vez como director del departamento de Ministerios de Familia en 2010. Willie y su esposa Elaine, la directora asociada de Ministerios de Familia, son padres de dos hijos adultos, Jessica y Julian. Disfrutan de largas caminatas, vacaciones en la playa, la jardiner\u00eda, las cocinas ex\u00f3ticas, y pasar tiempo con la familia y los amigos.<\/p>\n<p><strong>Servicios de Auditor\u00eda de la Asociaci\u00f3n General.<\/strong>\u00a0Paul H. Douglas fue asistente y m\u00e1s tarde director asociado del departamento de Servicios de Auditor\u00eda de la Asociaci\u00f3n General entre 1997 y 2007. Ese a\u00f1o, fue elegido director del departamento de la Asociaci\u00f3n General. Douglas disfruta de la lectura, los deportes de acci\u00f3n como por ejemplo el b\u00e1squetbol, y las visitas a Jamaica, su pa\u00eds de origen.<\/p>\n<p><strong>Ministerios de Salud.<\/strong>\u00a0Peter N. Landless fue elegido por los delegados al Concilio de Primavera 2013 como director del departamento de Ministerios de Saslud, donde hab\u00eda trabajado por a\u00f1os como director asociado del doctor Allan Handysides, quien se jubil\u00f3 en 2013. Landless, que es originario de Sud\u00e1frica, es cardi\u00f3logo certificado y pastor. Disfruta de la m\u00fasica cl\u00e1sica y sacra, la lectura, y la observaci\u00f3n de aves con su esposa.<\/p>\n<p><strong>Asociaci\u00f3n Ministerial.<\/strong>\u00a0Jerry N. Page ha sido secretario de la Asociaci\u00f3n Ministerial de la Asociaci\u00f3n General desde 2010. Jerry fue presidente de la Asociaci\u00f3n Central de California y antes de la Asociaci\u00f3n de Pennsylvania. Est\u00e1 casado con Janet, y tienen dos hijos adultos y nietos. En su tiempo libre, Page disfruta de las vacaciones en familia, las excursiones a pie, acampar, andar en cuatriciclo, y la fotograf\u00eda.<\/p>\n<p><strong>Asuntos P\u00fablicos y Libertad Religiosa.<\/strong>\u00a0Ganoune Diop fue hasta hace poco director asociado del departamento de Asuntos P\u00fablicos y Libertad Religiosa, y enlace de relaciones de la Iglesia Adventista del S\u00e9ptimo D\u00eda con las Naciones Unidas. Antes fue director de los Centros de Estudio de Misi\u00f3n Global, de la Secretar\u00eda de Misi\u00f3n Adventista de la Asociaci\u00f3n General. Diop naci\u00f3 en Dakar, Senegal. \u00c9l y su esposa Helene tienen tres hijos. Tambi\u00e9n es solista de concierto de flauta, y le gusta el arte y la literatura.<\/p>\n<p><strong>Escuela Sab\u00e1tica y Ministerios Personales.<\/strong>\u00a0Duane McKey, que fue vicepresidente de evangelismo y director ministerial de la Uni\u00f3n del Sudoeste de la Divisi\u00f3n Norteamericana desde 2008, es un experimentado administrador de la iglesia que ha vivido en cuatro continentes y ha participado en proyectos de evangelismo en Asia, el Pac\u00edfico Sur, Europa Oriental, India, Interam\u00e9rica y Sudam\u00e9rica. En los \u00faltimos a\u00f1os coordin\u00f3 las reuniones de evangelismo ShareHim en Zimbabue en mayo de 2015. McKey y su esposa Kathy tienen dos hijos adultos y varios nietos.<\/p>\n<p><strong>Ministerios de la Mujer.<\/strong>\u00a0Heather-Dawn Small ha ocupado el cargo de directora de Ministerios de la Mujer de la Asociaci\u00f3n General desde 2001. Est\u00e1 casada con el pastor Joseph Small, y tienen una hija, Dalonne, y un hijo, Jerard. A Small le gusta viajar en avi\u00f3n, leer, bordar, coleccionar recortes y sellos postales.<\/p>\n<p><strong>Ministerios J\u00f3venes.<\/strong>\u00a0Gilbert R. Cangy naci\u00f3 en las islas Seychelles pero creci\u00f3 en Mauricio. Fue elegido director de j\u00f3venes de la Asociaci\u00f3n General en 2010. Est\u00e1 casado con Rosemay, su amada de la ni\u00f1ez, y tienen dos hijos, Joel y Emilie. A Cangy le interesan todos los deportes, en especial el f\u00fatbol, y le encanta la m\u00fasica.<\/p>\n<p><strong>Secretarios Asociados. <\/strong>Antes de su elecci\u00f3n en 2015 al cargo de secretario asociado de la Asociaci\u00f3n General, <strong>Hensley Moorooven<\/strong> fue secretario asociado de la Divisi\u00f3n de \u00c1frica Meridional y Oc\u00e9ano \u00cdndico (SID), un cargo que tuvo por cinco a\u00f1os. Antes de ello, Moorooven fue director de Escuela Sab\u00e1tica y Ministerios Personales, y de Asuntos P\u00fablicos y Libertad Religiosa de la misma divisi\u00f3n. Moorooven, cuya primera lengua es el franc\u00e9s, se ve como un pastor con inter\u00e9s especial en los j\u00f3venes y el ministerio joven.<\/p>\n<p><strong>Gerson Santos<\/strong>, despu\u00e9s de haber trabajado recientemente como director del Centro de Estudio de Ministerio Urbano con sede en Nueva York (desde diciembre de 2012), y secretario de la Asociaci\u00f3n del Gran Nueva York (2010-2015), fue elegido como secretario asociado de la Asociaci\u00f3n General. Santos, que es oriundo de Brasil, complet\u00f3 las clases de sus estudios doctorales en el establecimiento de iglesias en el Seminario Teol\u00f3gico Fuller en 2012, y recibi\u00f3 su t\u00edtulo doctoral de la Universidad Andrews en 2006. Santos disfruta de viajar, surfear, aprender cosas nuevas y hacerse de nuevos amigos.<\/p>\n<p><strong>Claude Richli<\/strong> ha sido elegido al cargo de secretario asociado de la Asociaci\u00f3n General. Richli ha sido editor asociado y director de promoci\u00f3n de las revistas Adventist Review\/Adventist World desde 2007. Antes de ello, Richli fue secretario asociado de la Divisi\u00f3n de \u00c1frica Centro Oriental (2003-2007). Richli habla con fluidez franc\u00e9s, alem\u00e1n, alem\u00e1n suizo, espa\u00f1ol e ingl\u00e9s. Con su esposa Beate, tienen dos hijas.<\/p>\n<p><em>Traducci\u00f3n de Marcos Paseggi<\/em><\/p>\n","protected":false},"excerpt":{"rendered":"<p>Los delegados al Congreso de la Asociaci\u00f3n General eligieron este lunes doce de los quince directores de los departamentos de la Asociaci\u00f3n General. Ocho directores fueron reelegidos, y dos de ellos remplazar\u00e1n a directivos que se jubilan. <\/p>\n<p>Los directores de los departamentos que se jubilan son Jonathan Kuntaraf, del departamento de Escuela Sab\u00e1tica y Ministerios Personales, y John Graz, director del departamento de Asuntos P\u00fablicos y Libertad Religiosa.<\/p>\n","protected":false},"author":1,"featured_media":25727,"comment_status":"closed","ping_status":"closed","sticky":false,"template":"","format":"standard","meta":{"_acf_changed":false,"footnotes":""},"categories":[14,15],"tags":[],"class_list":["post-30883","post","type-post","status-publish","format-standard","has-post-thumbnail","hentry","category-de-la-iglesia-mundial","category-rss-espanol"],"acf":[],"yoast_head":"<!-- This site is optimized with the Yoast SEO plugin v27.3 - https:\/\/yoast.com\/product\/yoast-seo-wordpress\/ -->\n<title>Doce directores elegidos en los departamentos de la Asociaci\u00f3n General - Iglesia Adventista del S\u00e9ptimo D\u00eda - Divisi\u00f3n Interamericana<\/title>\n<meta name=\"robots\" content=\"index, follow, max-snippet:-1, max-image-preview:large, max-video-preview:-1\" \/>\n<link rel=\"canonical\" href=\"https:\/\/interamerica.org\/es\/2015\/07\/doce-directores-elegidos-en-los-departamentos-de-la-asociacion-general\/\" \/>\n<meta property=\"og:locale\" content=\"es_ES\" \/>\n<meta property=\"og:type\" content=\"article\" \/>\n<meta property=\"og:title\" content=\"Doce directores elegidos en los departamentos de la Asociaci\u00f3n General - Iglesia Adventista del S\u00e9ptimo D\u00eda - Divisi\u00f3n Interamericana\" \/>\n<meta property=\"og:description\" content=\"Los delegados al Congreso de la Asociaci\u00f3n General eligieron este lunes doce de los quince directores de los departamentos de la Asociaci\u00f3n General. Ocho directores fueron reelegidos, y dos de ellos remplazar\u00e1n a directivos que se jubilan.  Los directores de los departamentos que se jubilan son Jonathan Kuntaraf, del departamento de Escuela Sab\u00e1tica y Ministerios Personales, y John Graz, director del departamento de Asuntos P\u00fablicos y Libertad Religiosa.\" \/>\n<meta property=\"og:url\" content=\"https:\/\/interamerica.org\/es\/2015\/07\/doce-directores-elegidos-en-los-departamentos-de-la-asociacion-general\/\" \/>\n<meta property=\"og:site_name\" content=\"Iglesia Adventista del S\u00e9ptimo D\u00eda - Divisi\u00f3n Interamericana\" \/>\n<meta property=\"article:published_time\" content=\"2015-07-07T04:00:00+00:00\" \/>\n<meta property=\"og:image\" content=\"https:\/\/interamerica.org\/wp-content\/uploads\/2017\/06\/GCdepartments.jpg\" \/>\n\t<meta property=\"og:image:width\" content=\"1000\" \/>\n\t<meta property=\"og:image:height\" content=\"500\" \/>\n\t<meta property=\"og:image:type\" content=\"image\/jpeg\" \/>\n<meta name=\"author\" content=\"Lorenzo Verduzco\" \/>\n<meta name=\"twitter:card\" content=\"summary_large_image\" \/>\n<meta name=\"twitter:label1\" content=\"Escrito por\" \/>\n\t<meta name=\"twitter:data1\" content=\"Lorenzo Verduzco\" \/>\n\t<meta name=\"twitter:label2\" content=\"Tiempo de lectura\" \/>\n\t<meta name=\"twitter:data2\" content=\"7 minutos\" \/>\n<script type=\"application\/ld+json\" class=\"yoast-schema-graph\">{\"@context\":\"https:\\\/\\\/schema.org\",\"@graph\":[{\"@type\":\"Article\",\"@id\":\"https:\\\/\\\/interamerica.org\\\/es\\\/2015\\\/07\\\/doce-directores-elegidos-en-los-departamentos-de-la-asociacion-general\\\/#article\",\"isPartOf\":{\"@id\":\"https:\\\/\\\/interamerica.org\\\/es\\\/2015\\\/07\\\/doce-directores-elegidos-en-los-departamentos-de-la-asociacion-general\\\/\"},\"author\":{\"name\":\"Lorenzo Verduzco\",\"@id\":\"https:\\\/\\\/interamerica.org\\\/es\\\/#\\\/schema\\\/person\\\/68ede8bdc292885bb76c1e3810e73c39\"},\"headline\":\"Doce directores elegidos en los departamentos de la Asociaci\u00f3n General\",\"datePublished\":\"2015-07-07T04:00:00+00:00\",\"mainEntityOfPage\":{\"@id\":\"https:\\\/\\\/interamerica.org\\\/es\\\/2015\\\/07\\\/doce-directores-elegidos-en-los-departamentos-de-la-asociacion-general\\\/\"},\"wordCount\":1328,\"image\":{\"@id\":\"https:\\\/\\\/interamerica.org\\\/es\\\/2015\\\/07\\\/doce-directores-elegidos-en-los-departamentos-de-la-asociacion-general\\\/#primaryimage\"},\"thumbnailUrl\":\"https:\\\/\\\/interamerica.org\\\/wp-content\\\/uploads\\\/2017\\\/06\\\/GCdepartments.jpg\",\"articleSection\":[\"Desde la iglesia mundial\",\"RSS Espa\u00f1ol\"],\"inLanguage\":\"es\"},{\"@type\":\"WebPage\",\"@id\":\"https:\\\/\\\/interamerica.org\\\/es\\\/2015\\\/07\\\/doce-directores-elegidos-en-los-departamentos-de-la-asociacion-general\\\/\",\"url\":\"https:\\\/\\\/interamerica.org\\\/es\\\/2015\\\/07\\\/doce-directores-elegidos-en-los-departamentos-de-la-asociacion-general\\\/\",\"name\":\"Doce directores elegidos en los departamentos de la Asociaci\u00f3n General - Iglesia Adventista del S\u00e9ptimo D\u00eda - Divisi\u00f3n Interamericana\",\"isPartOf\":{\"@id\":\"https:\\\/\\\/interamerica.org\\\/es\\\/#website\"},\"primaryImageOfPage\":{\"@id\":\"https:\\\/\\\/interamerica.org\\\/es\\\/2015\\\/07\\\/doce-directores-elegidos-en-los-departamentos-de-la-asociacion-general\\\/#primaryimage\"},\"image\":{\"@id\":\"https:\\\/\\\/interamerica.org\\\/es\\\/2015\\\/07\\\/doce-directores-elegidos-en-los-departamentos-de-la-asociacion-general\\\/#primaryimage\"},\"thumbnailUrl\":\"https:\\\/\\\/interamerica.org\\\/wp-content\\\/uploads\\\/2017\\\/06\\\/GCdepartments.jpg\",\"datePublished\":\"2015-07-07T04:00:00+00:00\",\"author\":{\"@id\":\"https:\\\/\\\/interamerica.org\\\/es\\\/#\\\/schema\\\/person\\\/68ede8bdc292885bb76c1e3810e73c39\"},\"breadcrumb\":{\"@id\":\"https:\\\/\\\/interamerica.org\\\/es\\\/2015\\\/07\\\/doce-directores-elegidos-en-los-departamentos-de-la-asociacion-general\\\/#breadcrumb\"},\"inLanguage\":\"es\",\"potentialAction\":[{\"@type\":\"ReadAction\",\"target\":[\"https:\\\/\\\/interamerica.org\\\/es\\\/2015\\\/07\\\/doce-directores-elegidos-en-los-departamentos-de-la-asociacion-general\\\/\"]}]},{\"@type\":\"ImageObject\",\"inLanguage\":\"es\",\"@id\":\"https:\\\/\\\/interamerica.org\\\/es\\\/2015\\\/07\\\/doce-directores-elegidos-en-los-departamentos-de-la-asociacion-general\\\/#primaryimage\",\"url\":\"https:\\\/\\\/interamerica.org\\\/wp-content\\\/uploads\\\/2017\\\/06\\\/GCdepartments.jpg\",\"contentUrl\":\"https:\\\/\\\/interamerica.org\\\/wp-content\\\/uploads\\\/2017\\\/06\\\/GCdepartments.jpg\",\"width\":1000,\"height\":500},{\"@type\":\"BreadcrumbList\",\"@id\":\"https:\\\/\\\/interamerica.org\\\/es\\\/2015\\\/07\\\/doce-directores-elegidos-en-los-departamentos-de-la-asociacion-general\\\/#breadcrumb\",\"itemListElement\":[{\"@type\":\"ListItem\",\"position\":1,\"name\":\"Home\",\"item\":\"https:\\\/\\\/interamerica.org\\\/es\\\/\"},{\"@type\":\"ListItem\",\"position\":2,\"name\":\"Doce directores elegidos en los departamentos de la Asociaci\u00f3n General\"}]},{\"@type\":\"WebSite\",\"@id\":\"https:\\\/\\\/interamerica.org\\\/es\\\/#website\",\"url\":\"https:\\\/\\\/interamerica.org\\\/es\\\/\",\"name\":\"Iglesia Adventista del S\u00e9ptimo D\u00eda - Divisi\u00f3n Interamericana\",\"description\":\"\",\"potentialAction\":[{\"@type\":\"SearchAction\",\"target\":{\"@type\":\"EntryPoint\",\"urlTemplate\":\"https:\\\/\\\/interamerica.org\\\/es\\\/?s={search_term_string}\"},\"query-input\":{\"@type\":\"PropertyValueSpecification\",\"valueRequired\":true,\"valueName\":\"search_term_string\"}}],\"inLanguage\":\"es\"},{\"@type\":\"Person\",\"@id\":\"https:\\\/\\\/interamerica.org\\\/es\\\/#\\\/schema\\\/person\\\/68ede8bdc292885bb76c1e3810e73c39\",\"name\":\"Lorenzo Verduzco\",\"image\":{\"@type\":\"ImageObject\",\"inLanguage\":\"es\",\"@id\":\"https:\\\/\\\/secure.gravatar.com\\\/avatar\\\/fb81a55b6218459490a9c1dc841a34909185b81904c5337b4b27f7a6fd60c49e?s=96&d=mm&r=g\",\"url\":\"https:\\\/\\\/secure.gravatar.com\\\/avatar\\\/fb81a55b6218459490a9c1dc841a34909185b81904c5337b4b27f7a6fd60c49e?s=96&d=mm&r=g\",\"contentUrl\":\"https:\\\/\\\/secure.gravatar.com\\\/avatar\\\/fb81a55b6218459490a9c1dc841a34909185b81904c5337b4b27f7a6fd60c49e?s=96&d=mm&r=g\",\"caption\":\"Lorenzo Verduzco\"}}]}<\/script>\n<!-- \/ Yoast SEO plugin. -->","yoast_head_json":{"title":"Doce directores elegidos en los departamentos de la Asociaci\u00f3n General - Iglesia Adventista del S\u00e9ptimo D\u00eda - Divisi\u00f3n Interamericana","robots":{"index":"index","follow":"follow","max-snippet":"max-snippet:-1","max-image-preview":"max-image-preview:large","max-video-preview":"max-video-preview:-1"},"canonical":"https:\/\/interamerica.org\/es\/2015\/07\/doce-directores-elegidos-en-los-departamentos-de-la-asociacion-general\/","og_locale":"es_ES","og_type":"article","og_title":"Doce directores elegidos en los departamentos de la Asociaci\u00f3n General - Iglesia Adventista del S\u00e9ptimo D\u00eda - Divisi\u00f3n Interamericana","og_description":"Los delegados al Congreso de la Asociaci\u00f3n General eligieron este lunes doce de los quince directores de los departamentos de la Asociaci\u00f3n General. Ocho directores fueron reelegidos, y dos de ellos remplazar\u00e1n a directivos que se jubilan.  Los directores de los departamentos que se jubilan son Jonathan Kuntaraf, del departamento de Escuela Sab\u00e1tica y Ministerios Personales, y John Graz, director del departamento de Asuntos P\u00fablicos y Libertad Religiosa.","og_url":"https:\/\/interamerica.org\/es\/2015\/07\/doce-directores-elegidos-en-los-departamentos-de-la-asociacion-general\/","og_site_name":"Iglesia Adventista del S\u00e9ptimo D\u00eda - Divisi\u00f3n Interamericana","article_published_time":"2015-07-07T04:00:00+00:00","og_image":[{"width":1000,"height":500,"url":"https:\/\/interamerica.org\/wp-content\/uploads\/2017\/06\/GCdepartments.jpg","type":"image\/jpeg"}],"author":"Lorenzo Verduzco","twitter_card":"summary_large_image","twitter_misc":{"Escrito por":"Lorenzo Verduzco","Tiempo de lectura":"7 minutos"},"schema":{"@context":"https:\/\/schema.org","@graph":[{"@type":"Article","@id":"https:\/\/interamerica.org\/es\/2015\/07\/doce-directores-elegidos-en-los-departamentos-de-la-asociacion-general\/#article","isPartOf":{"@id":"https:\/\/interamerica.org\/es\/2015\/07\/doce-directores-elegidos-en-los-departamentos-de-la-asociacion-general\/"},"author":{"name":"Lorenzo Verduzco","@id":"https:\/\/interamerica.org\/es\/#\/schema\/person\/68ede8bdc292885bb76c1e3810e73c39"},"headline":"Doce directores elegidos en los departamentos de la Asociaci\u00f3n General","datePublished":"2015-07-07T04:00:00+00:00","mainEntityOfPage":{"@id":"https:\/\/interamerica.org\/es\/2015\/07\/doce-directores-elegidos-en-los-departamentos-de-la-asociacion-general\/"},"wordCount":1328,"image":{"@id":"https:\/\/interamerica.org\/es\/2015\/07\/doce-directores-elegidos-en-los-departamentos-de-la-asociacion-general\/#primaryimage"},"thumbnailUrl":"https:\/\/interamerica.org\/wp-content\/uploads\/2017\/06\/GCdepartments.jpg","articleSection":["Desde la iglesia mundial","RSS Espa\u00f1ol"],"inLanguage":"es"},{"@type":"WebPage","@id":"https:\/\/interamerica.org\/es\/2015\/07\/doce-directores-elegidos-en-los-departamentos-de-la-asociacion-general\/","url":"https:\/\/interamerica.org\/es\/2015\/07\/doce-directores-elegidos-en-los-departamentos-de-la-asociacion-general\/","name":"Doce directores elegidos en los departamentos de la Asociaci\u00f3n General - Iglesia Adventista del S\u00e9ptimo D\u00eda - Divisi\u00f3n Interamericana","isPartOf":{"@id":"https:\/\/interamerica.org\/es\/#website"},"primaryImageOfPage":{"@id":"https:\/\/interamerica.org\/es\/2015\/07\/doce-directores-elegidos-en-los-departamentos-de-la-asociacion-general\/#primaryimage"},"image":{"@id":"https:\/\/interamerica.org\/es\/2015\/07\/doce-directores-elegidos-en-los-departamentos-de-la-asociacion-general\/#primaryimage"},"thumbnailUrl":"https:\/\/interamerica.org\/wp-content\/uploads\/2017\/06\/GCdepartments.jpg","datePublished":"2015-07-07T04:00:00+00:00","author":{"@id":"https:\/\/interamerica.org\/es\/#\/schema\/person\/68ede8bdc292885bb76c1e3810e73c39"},"breadcrumb":{"@id":"https:\/\/interamerica.org\/es\/2015\/07\/doce-directores-elegidos-en-los-departamentos-de-la-asociacion-general\/#breadcrumb"},"inLanguage":"es","potentialAction":[{"@type":"ReadAction","target":["https:\/\/interamerica.org\/es\/2015\/07\/doce-directores-elegidos-en-los-departamentos-de-la-asociacion-general\/"]}]},{"@type":"ImageObject","inLanguage":"es","@id":"https:\/\/interamerica.org\/es\/2015\/07\/doce-directores-elegidos-en-los-departamentos-de-la-asociacion-general\/#primaryimage","url":"https:\/\/interamerica.org\/wp-content\/uploads\/2017\/06\/GCdepartments.jpg","contentUrl":"https:\/\/interamerica.org\/wp-content\/uploads\/2017\/06\/GCdepartments.jpg","width":1000,"height":500},{"@type":"BreadcrumbList","@id":"https:\/\/interamerica.org\/es\/2015\/07\/doce-directores-elegidos-en-los-departamentos-de-la-asociacion-general\/#breadcrumb","itemListElement":[{"@type":"ListItem","position":1,"name":"Home","item":"https:\/\/interamerica.org\/es\/"},{"@type":"ListItem","position":2,"name":"Doce directores elegidos en los departamentos de la Asociaci\u00f3n General"}]},{"@type":"WebSite","@id":"https:\/\/interamerica.org\/es\/#website","url":"https:\/\/interamerica.org\/es\/","name":"Iglesia Adventista del S\u00e9ptimo D\u00eda - Divisi\u00f3n Interamericana","description":"","potentialAction":[{"@type":"SearchAction","target":{"@type":"EntryPoint","urlTemplate":"https:\/\/interamerica.org\/es\/?s={search_term_string}"},"query-input":{"@type":"PropertyValueSpecification","valueRequired":true,"valueName":"search_term_string"}}],"inLanguage":"es"},{"@type":"Person","@id":"https:\/\/interamerica.org\/es\/#\/schema\/person\/68ede8bdc292885bb76c1e3810e73c39","name":"Lorenzo Verduzco","image":{"@type":"ImageObject","inLanguage":"es","@id":"https:\/\/secure.gravatar.com\/avatar\/fb81a55b6218459490a9c1dc841a34909185b81904c5337b4b27f7a6fd60c49e?s=96&d=mm&r=g","url":"https:\/\/secure.gravatar.com\/avatar\/fb81a55b6218459490a9c1dc841a34909185b81904c5337b4b27f7a6fd60c49e?s=96&d=mm&r=g","contentUrl":"https:\/\/secure.gravatar.com\/avatar\/fb81a55b6218459490a9c1dc841a34909185b81904c5337b4b27f7a6fd60c49e?s=96&d=mm&r=g","caption":"Lorenzo Verduzco"}}]}},"_links":{"self":[{"href":"https:\/\/interamerica.org\/es\/wp-json\/wp\/v2\/posts\/30883","targetHints":{"allow":["GET"]}}],"collection":[{"href":"https:\/\/interamerica.org\/es\/wp-json\/wp\/v2\/posts"}],"about":[{"href":"https:\/\/interamerica.org\/es\/wp-json\/wp\/v2\/types\/post"}],"author":[{"embeddable":true,"href":"https:\/\/interamerica.org\/es\/wp-json\/wp\/v2\/users\/1"}],"replies":[{"embeddable":true,"href":"https:\/\/interamerica.org\/es\/wp-json\/wp\/v2\/comments?post=30883"}],"version-history":[{"count":0,"href":"https:\/\/interamerica.org\/es\/wp-json\/wp\/v2\/posts\/30883\/revisions"}],"wp:featuredmedia":[{"embeddable":true,"href":"https:\/\/interamerica.org\/es\/wp-json\/wp\/v2\/media\/25727"}],"wp:attachment":[{"href":"https:\/\/interamerica.org\/es\/wp-json\/wp\/v2\/media?parent=30883"}],"wp:term":[{"taxonomy":"category","embeddable":true,"href":"https:\/\/interamerica.org\/es\/wp-json\/wp\/v2\/categories?post=30883"},{"taxonomy":"post_tag","embeddable":true,"href":"https:\/\/interamerica.org\/es\/wp-json\/wp\/v2\/tags?post=30883"}],"curies":[{"name":"wp","href":"https:\/\/api.w.org\/{rel}","templated":true}]}}