{"id":30885,"date":"2015-07-08T00:00:00","date_gmt":"2015-07-08T04:00:00","guid":{"rendered":"http:\/\/192.81.217.108\/interamerica\/2015\/07\/como-se-llevara-a-cabo-la-votacion-secreta\/"},"modified":"2015-07-08T00:00:00","modified_gmt":"2015-07-08T04:00:00","slug":"como-se-llevara-a-cabo-la-votacion-secreta","status":"publish","type":"post","link":"https:\/\/interamerica.org\/es\/2015\/07\/como-se-llevara-a-cabo-la-votacion-secreta\/","title":{"rendered":"C\u00f3mo se llevar\u00e1 a cabo la votaci\u00f3n secreta"},"content":{"rendered":"<div id=\"attachment_17802\" style=\"width: 810px\" class=\"wp-caption aligncenter\"><a href=\"\/interamerica\/wp-content\/uploads\/2017\/06\/SecretBallot-Sherwin.jpg\" rel=\"fancybox\" title=\"C\u00f3mo se llevar\u00e1 a cabo la votaci\u00f3n secreta\"><img fetchpriority=\"high\" decoding=\"async\" aria-describedby=\"caption-attachment-17802\" class=\" wp-image-17802 \" src=\"\/interamerica\/wp-content\/uploads\/2017\/06\/SecretBallot-Sherwin.jpg\" alt=\"\" width=\"800\" height=\"400\" \/><\/a><p id=\"caption-attachment-17802\" class=\"wp-caption-text\">Las identificaciones de los delegados ser\u00e1n escaneadas antes de que reciban boletas de papel para el voto decisivo del d\u00eda de la fecha. Imagen de David B. Sherwin<\/p><\/div>\n<p>Publicado el 8 de julio de 2015 | San Antonio, Texas, Estados Unidos | Andrew McChesney, Adventist Review\/ANN<\/p>\n<p>Se ha instaurado un sistema de votaci\u00f3n secreta para el voto sobre la ordenaci\u00f3n de este mi\u00e9rcoles que ofrecer\u00e1 el proceso de votaci\u00f3n m\u00e1s justo y seguro posible, dijeron los directivos de la Asociaci\u00f3n General.<\/p>\n<p>\u201cHemos procurado ser transparentes, honestos y considerados, y garantizar la privacidad del voto de la mejor manera posible\u201d, dijo Nancy Lamoreaux, gerenta general de inform\u00e1tica de la Asociaci\u00f3n General y organizadora de la log\u00edstica del voto del mi\u00e9rcoles.<\/p>\n<p>Los delegados al Congreso de la Asociaci\u00f3n General en San Antonio, Texas, Estados Unidos, ser\u00e1n invitados a votar a las 16.30 despu\u00e9s de un d\u00eda de discusiones sobre la decisi\u00f3n de permitir o no que cada divisi\u00f3n de la Iglesia Adventista mundial est\u00e9 autorizada a decidir por s\u00ed misma si ordenar a las mujeres al ministerio del evangelio en su territorio, seg\u00fan una agenda aprobada por los delegados a la Asociaci\u00f3n General en el primer d\u00eda del congreso.<\/p>\n<p>Los directivos de la Secretar\u00eda de la Asociaci\u00f3n General, que supervisa el proceso de votaci\u00f3n, har\u00e1n una introducci\u00f3n antes de la votaci\u00f3n secreta para explicar a los delegados de qu\u00e9 manera esta se llevar\u00e1 a cabo.<\/p>\n<div id=\"attachment_17803\" style=\"width: 388px\" class=\"wp-caption alignright\"><a href=\"\/interamerica\/wp-content\/uploads\/2017\/06\/SecretBallon2-Sherwin.jpg\" rel=\"fancybox\" title=\"C\u00f3mo se llevar\u00e1 a cabo la votaci\u00f3n secreta\"><img decoding=\"async\" aria-describedby=\"caption-attachment-17803\" class=\" wp-image-17803   \" src=\"\/interamerica\/wp-content\/uploads\/2017\/06\/SecretBallon2-Sherwin.jpg\" alt=\"\" width=\"378\" height=\"185\" \/><\/a><p id=\"caption-attachment-17803\" class=\"wp-caption-text\">Los organizadores han preparado un plan para establecer por d\u00f3nde caminar para votar, de manera que la votaci\u00f3n se lleve a cabo sin problemas y en forma eficiente. Fotograf\u00eda: David B. Sherwin<\/p><\/div>\n<p>Los delegados ser\u00e1n entonces autorizados a avanzar por filas hacia los catorce puntos de escaneo que estar\u00e1n situados en el piso principal del estadio Alamodome.<\/p>\n<p>La identificaci\u00f3n de cada delegado, que incluye un c\u00f3digo de barras, ser\u00e1 escaneada por un asistente, y un auditor de la Asociaci\u00f3n General entregar\u00e1 entonces una boleta de votaci\u00f3n a ese delegado.<\/p>\n<p>\u201cEs importante que se verifique que son delegados\u201d, dijo Lamoreaux.<\/p>\n<p>El sistema de votaci\u00f3n secreta fue preparado mucho antes del Congreso de la Asociaci\u00f3n General como un plan \u201cB\u201d en caso de que fallara el sistema de votaci\u00f3n electr\u00f3nica, dijo un directivo de la Asociaci\u00f3n General. El sistema de votaci\u00f3n electr\u00f3nica, que debut\u00f3 en este Congreso de la Asociaci\u00f3n General, tuvo problemas, e hizo que en una decisi\u00f3n del domingo por la tarde, los delegados votaran ya no usar ese sistema.<\/p>\n<p>\u201cDesde el comienzo ten\u00edamos listos un plan alternativo en caso de que las boletas electr\u00f3nicas no funcionaran\u201d, dijo Myron Iseminger, subsecretario de la Asociaci\u00f3n General. La Secretar\u00eda supervisa la votaci\u00f3n en el Congreso de la Asociaci\u00f3n General.<\/p>\n<p>\u201cNo es algo que se nos ocurri\u00f3 anoche\u201d, a\u00f1adi\u00f3 Lamoreaux. \u201cYa hab\u00edan sido impresas antes de llegar aqu\u00ed, y hab\u00edan estado guardadas bajo llave y candado\u201d.<\/p>\n<p>Las boletas han sido impresas en un papel especial, cortadas del tama\u00f1o de media p\u00e1gina de papel tama\u00f1o carta, y han sido divididas por la mitad. Una mitad contiene la palabra \u201cS\u00ed\u201d impresa en cinco idiomas, y la otra la palabra \u201cNo\u201d, tambi\u00e9n en cinco idiomas. Los idiomas son ingl\u00e9s, espa\u00f1ol, franc\u00e9s, alem\u00e1n y portugu\u00e9s.<\/p>\n<p>Cada mitad tiene un cuadrado que los delegados pueden marcar.<\/p>\n<p>Los delegados ser\u00e1n invitados a seguir al pasillo m\u00e1s cercano al frente del estadio para depositar sus boletas en las urnas de votaci\u00f3n. Las cuatro urnas de votaci\u00f3n estar\u00e1n aseguradas y tendr\u00e1n costados transparentes por medio de los cuales se podr\u00e1 ver los votos emitidos, dijo Lamoreaux.<\/p>\n<p>\u201cEl proceso de votaci\u00f3n tendr\u00e1 un esp\u00edritu pac\u00edfico y de oraci\u00f3n\u201d, dijo. \u201cSe tocar\u00e1 m\u00fasica, y se le pedir\u00e1 a la gente que se abstenga de conversar. Trataremos de hacerlo de la manera m\u00e1s respetuosa posible\u201d.<\/p>\n<p>Los delegados pueden marcar su voto en la boleta mientras caminan a la urna de votaci\u00f3n, o en mesas especiales colocadas en los alrededores de ellas.<\/p>\n<p>\u201cQuedar\u00e1 muy claro d\u00f3nde marcar \u2018S\u00ed\u2019 o \u2018No\u2019 en la boleta\u201d, dijo Iseminger, \u201cporque queremos que cada voto cuente\u201d.<\/p>\n<p>Despu\u00e9s de que se hayan depositados todas las boletas, los auditores de la Asociaci\u00f3n General vaciar\u00e1n las urnas en mesas al frente del estadio.<\/p>\n<p>\u201cNo comenzaremos a contar hasta que todos terminen\u201d, dijo Iseminger. \u201cNo queremos que el proceso de c\u00f3mputos influya sobre la votaci\u00f3n de alguno\u201d.<\/p>\n<p>Los auditores y los directivos de la Secretar\u00eda de la Asociaci\u00f3n General organizar\u00e1n y contar\u00e1n las boletas e informar\u00e1n de los resultados al que presida la sesi\u00f3n del mi\u00e9rcoles, en este caso, Michael L. Ryan, uno de los vicepresidentes generales salientes de la Iglesia Adventista mundial.<\/p>\n<p>\u00c9l anunciar\u00e1 los resultados p\u00fablicamente.<\/p>\n<p><em>Traducci\u00f3n de Marcos Paseggi<\/em><\/p>\n","protected":false},"excerpt":{"rendered":"<p>Se ha instaurado un sistema de votaci\u00f3n secreta para el voto sobre la ordenaci\u00f3n de este mi\u00e9rcoles que ofrecer\u00e1 el proceso de votaci\u00f3n m\u00e1s justo y seguro posible, dijeron los directivos de la Asociaci\u00f3n General. \u201cHemos procurado ser transparentes, honestos y considerados, y garantizar la privacidad del voto de la mejor manera posible\u201d, dijo Nancy Lamoreaux, gerenta general de inform\u00e1tica de la Asociaci\u00f3n General y organizadora de la log\u00edstica del voto del mi\u00e9rcoles.<\/p>\n","protected":false},"author":1,"featured_media":25756,"comment_status":"closed","ping_status":"closed","sticky":false,"template":"","format":"standard","meta":{"_acf_changed":false,"footnotes":""},"categories":[14,15],"tags":[],"class_list":["post-30885","post","type-post","status-publish","format-standard","has-post-thumbnail","hentry","category-de-la-iglesia-mundial","category-rss-espanol"],"acf":[],"yoast_head":"<!-- This site is optimized with the Yoast SEO plugin v27.3 - https:\/\/yoast.com\/product\/yoast-seo-wordpress\/ -->\n<title>C\u00f3mo se llevar\u00e1 a cabo la votaci\u00f3n secreta - Iglesia Adventista del S\u00e9ptimo D\u00eda - Divisi\u00f3n Interamericana<\/title>\n<meta name=\"robots\" content=\"index, follow, max-snippet:-1, max-image-preview:large, max-video-preview:-1\" \/>\n<link rel=\"canonical\" href=\"https:\/\/interamerica.org\/es\/2015\/07\/como-se-llevara-a-cabo-la-votacion-secreta\/\" \/>\n<meta property=\"og:locale\" content=\"es_ES\" \/>\n<meta property=\"og:type\" content=\"article\" \/>\n<meta property=\"og:title\" content=\"C\u00f3mo se llevar\u00e1 a cabo la votaci\u00f3n secreta - Iglesia Adventista del S\u00e9ptimo D\u00eda - Divisi\u00f3n Interamericana\" \/>\n<meta property=\"og:description\" content=\"Se ha instaurado un sistema de votaci\u00f3n secreta para el voto sobre la ordenaci\u00f3n de este mi\u00e9rcoles que ofrecer\u00e1 el proceso de votaci\u00f3n m\u00e1s justo y seguro posible, dijeron los directivos de la Asociaci\u00f3n General. \u201cHemos procurado ser transparentes, honestos y considerados, y garantizar la privacidad del voto de la mejor manera posible\u201d, dijo Nancy Lamoreaux, gerenta general de inform\u00e1tica de la Asociaci\u00f3n General y organizadora de la log\u00edstica del voto del mi\u00e9rcoles.\" \/>\n<meta property=\"og:url\" content=\"https:\/\/interamerica.org\/es\/2015\/07\/como-se-llevara-a-cabo-la-votacion-secreta\/\" \/>\n<meta property=\"og:site_name\" content=\"Iglesia Adventista del S\u00e9ptimo D\u00eda - Divisi\u00f3n Interamericana\" \/>\n<meta property=\"article:published_time\" content=\"2015-07-08T04:00:00+00:00\" \/>\n<meta property=\"og:image\" content=\"https:\/\/interamerica.org\/wp-content\/uploads\/2017\/06\/SecretBallot-Sherwin.jpg\" \/>\n\t<meta property=\"og:image:width\" content=\"1000\" \/>\n\t<meta property=\"og:image:height\" content=\"500\" \/>\n\t<meta property=\"og:image:type\" content=\"image\/jpeg\" \/>\n<meta name=\"author\" content=\"Lorenzo Verduzco\" \/>\n<meta name=\"twitter:card\" content=\"summary_large_image\" \/>\n<meta name=\"twitter:label1\" content=\"Escrito por\" \/>\n\t<meta name=\"twitter:data1\" content=\"Lorenzo Verduzco\" \/>\n\t<meta name=\"twitter:label2\" content=\"Tiempo de lectura\" \/>\n\t<meta name=\"twitter:data2\" content=\"4 minutos\" \/>\n<script type=\"application\/ld+json\" class=\"yoast-schema-graph\">{\"@context\":\"https:\\\/\\\/schema.org\",\"@graph\":[{\"@type\":\"Article\",\"@id\":\"https:\\\/\\\/interamerica.org\\\/es\\\/2015\\\/07\\\/como-se-llevara-a-cabo-la-votacion-secreta\\\/#article\",\"isPartOf\":{\"@id\":\"https:\\\/\\\/interamerica.org\\\/es\\\/2015\\\/07\\\/como-se-llevara-a-cabo-la-votacion-secreta\\\/\"},\"author\":{\"name\":\"Lorenzo Verduzco\",\"@id\":\"https:\\\/\\\/interamerica.org\\\/es\\\/#\\\/schema\\\/person\\\/68ede8bdc292885bb76c1e3810e73c39\"},\"headline\":\"C\u00f3mo se llevar\u00e1 a cabo la votaci\u00f3n secreta\",\"datePublished\":\"2015-07-08T04:00:00+00:00\",\"mainEntityOfPage\":{\"@id\":\"https:\\\/\\\/interamerica.org\\\/es\\\/2015\\\/07\\\/como-se-llevara-a-cabo-la-votacion-secreta\\\/\"},\"wordCount\":872,\"image\":{\"@id\":\"https:\\\/\\\/interamerica.org\\\/es\\\/2015\\\/07\\\/como-se-llevara-a-cabo-la-votacion-secreta\\\/#primaryimage\"},\"thumbnailUrl\":\"https:\\\/\\\/interamerica.org\\\/wp-content\\\/uploads\\\/2017\\\/06\\\/SecretBallot-Sherwin.jpg\",\"articleSection\":[\"Desde la iglesia mundial\",\"RSS Espa\u00f1ol\"],\"inLanguage\":\"es\"},{\"@type\":\"WebPage\",\"@id\":\"https:\\\/\\\/interamerica.org\\\/es\\\/2015\\\/07\\\/como-se-llevara-a-cabo-la-votacion-secreta\\\/\",\"url\":\"https:\\\/\\\/interamerica.org\\\/es\\\/2015\\\/07\\\/como-se-llevara-a-cabo-la-votacion-secreta\\\/\",\"name\":\"C\u00f3mo se llevar\u00e1 a cabo la votaci\u00f3n secreta - Iglesia Adventista del S\u00e9ptimo D\u00eda - Divisi\u00f3n Interamericana\",\"isPartOf\":{\"@id\":\"https:\\\/\\\/interamerica.org\\\/es\\\/#website\"},\"primaryImageOfPage\":{\"@id\":\"https:\\\/\\\/interamerica.org\\\/es\\\/2015\\\/07\\\/como-se-llevara-a-cabo-la-votacion-secreta\\\/#primaryimage\"},\"image\":{\"@id\":\"https:\\\/\\\/interamerica.org\\\/es\\\/2015\\\/07\\\/como-se-llevara-a-cabo-la-votacion-secreta\\\/#primaryimage\"},\"thumbnailUrl\":\"https:\\\/\\\/interamerica.org\\\/wp-content\\\/uploads\\\/2017\\\/06\\\/SecretBallot-Sherwin.jpg\",\"datePublished\":\"2015-07-08T04:00:00+00:00\",\"author\":{\"@id\":\"https:\\\/\\\/interamerica.org\\\/es\\\/#\\\/schema\\\/person\\\/68ede8bdc292885bb76c1e3810e73c39\"},\"breadcrumb\":{\"@id\":\"https:\\\/\\\/interamerica.org\\\/es\\\/2015\\\/07\\\/como-se-llevara-a-cabo-la-votacion-secreta\\\/#breadcrumb\"},\"inLanguage\":\"es\",\"potentialAction\":[{\"@type\":\"ReadAction\",\"target\":[\"https:\\\/\\\/interamerica.org\\\/es\\\/2015\\\/07\\\/como-se-llevara-a-cabo-la-votacion-secreta\\\/\"]}]},{\"@type\":\"ImageObject\",\"inLanguage\":\"es\",\"@id\":\"https:\\\/\\\/interamerica.org\\\/es\\\/2015\\\/07\\\/como-se-llevara-a-cabo-la-votacion-secreta\\\/#primaryimage\",\"url\":\"https:\\\/\\\/interamerica.org\\\/wp-content\\\/uploads\\\/2017\\\/06\\\/SecretBallot-Sherwin.jpg\",\"contentUrl\":\"https:\\\/\\\/interamerica.org\\\/wp-content\\\/uploads\\\/2017\\\/06\\\/SecretBallot-Sherwin.jpg\",\"width\":1000,\"height\":500},{\"@type\":\"BreadcrumbList\",\"@id\":\"https:\\\/\\\/interamerica.org\\\/es\\\/2015\\\/07\\\/como-se-llevara-a-cabo-la-votacion-secreta\\\/#breadcrumb\",\"itemListElement\":[{\"@type\":\"ListItem\",\"position\":1,\"name\":\"Home\",\"item\":\"https:\\\/\\\/interamerica.org\\\/es\\\/\"},{\"@type\":\"ListItem\",\"position\":2,\"name\":\"C\u00f3mo se llevar\u00e1 a cabo la votaci\u00f3n secreta\"}]},{\"@type\":\"WebSite\",\"@id\":\"https:\\\/\\\/interamerica.org\\\/es\\\/#website\",\"url\":\"https:\\\/\\\/interamerica.org\\\/es\\\/\",\"name\":\"Iglesia Adventista del S\u00e9ptimo D\u00eda - Divisi\u00f3n Interamericana\",\"description\":\"\",\"potentialAction\":[{\"@type\":\"SearchAction\",\"target\":{\"@type\":\"EntryPoint\",\"urlTemplate\":\"https:\\\/\\\/interamerica.org\\\/es\\\/?s={search_term_string}\"},\"query-input\":{\"@type\":\"PropertyValueSpecification\",\"valueRequired\":true,\"valueName\":\"search_term_string\"}}],\"inLanguage\":\"es\"},{\"@type\":\"Person\",\"@id\":\"https:\\\/\\\/interamerica.org\\\/es\\\/#\\\/schema\\\/person\\\/68ede8bdc292885bb76c1e3810e73c39\",\"name\":\"Lorenzo Verduzco\",\"image\":{\"@type\":\"ImageObject\",\"inLanguage\":\"es\",\"@id\":\"https:\\\/\\\/secure.gravatar.com\\\/avatar\\\/fb81a55b6218459490a9c1dc841a34909185b81904c5337b4b27f7a6fd60c49e?s=96&d=mm&r=g\",\"url\":\"https:\\\/\\\/secure.gravatar.com\\\/avatar\\\/fb81a55b6218459490a9c1dc841a34909185b81904c5337b4b27f7a6fd60c49e?s=96&d=mm&r=g\",\"contentUrl\":\"https:\\\/\\\/secure.gravatar.com\\\/avatar\\\/fb81a55b6218459490a9c1dc841a34909185b81904c5337b4b27f7a6fd60c49e?s=96&d=mm&r=g\",\"caption\":\"Lorenzo Verduzco\"}}]}<\/script>\n<!-- \/ Yoast SEO plugin. -->","yoast_head_json":{"title":"C\u00f3mo se llevar\u00e1 a cabo la votaci\u00f3n secreta - Iglesia Adventista del S\u00e9ptimo D\u00eda - Divisi\u00f3n Interamericana","robots":{"index":"index","follow":"follow","max-snippet":"max-snippet:-1","max-image-preview":"max-image-preview:large","max-video-preview":"max-video-preview:-1"},"canonical":"https:\/\/interamerica.org\/es\/2015\/07\/como-se-llevara-a-cabo-la-votacion-secreta\/","og_locale":"es_ES","og_type":"article","og_title":"C\u00f3mo se llevar\u00e1 a cabo la votaci\u00f3n secreta - Iglesia Adventista del S\u00e9ptimo D\u00eda - Divisi\u00f3n Interamericana","og_description":"Se ha instaurado un sistema de votaci\u00f3n secreta para el voto sobre la ordenaci\u00f3n de este mi\u00e9rcoles que ofrecer\u00e1 el proceso de votaci\u00f3n m\u00e1s justo y seguro posible, dijeron los directivos de la Asociaci\u00f3n General. \u201cHemos procurado ser transparentes, honestos y considerados, y garantizar la privacidad del voto de la mejor manera posible\u201d, dijo Nancy Lamoreaux, gerenta general de inform\u00e1tica de la Asociaci\u00f3n General y organizadora de la log\u00edstica del voto del mi\u00e9rcoles.","og_url":"https:\/\/interamerica.org\/es\/2015\/07\/como-se-llevara-a-cabo-la-votacion-secreta\/","og_site_name":"Iglesia Adventista del S\u00e9ptimo D\u00eda - Divisi\u00f3n Interamericana","article_published_time":"2015-07-08T04:00:00+00:00","og_image":[{"width":1000,"height":500,"url":"https:\/\/interamerica.org\/wp-content\/uploads\/2017\/06\/SecretBallot-Sherwin.jpg","type":"image\/jpeg"}],"author":"Lorenzo Verduzco","twitter_card":"summary_large_image","twitter_misc":{"Escrito por":"Lorenzo Verduzco","Tiempo de lectura":"4 minutos"},"schema":{"@context":"https:\/\/schema.org","@graph":[{"@type":"Article","@id":"https:\/\/interamerica.org\/es\/2015\/07\/como-se-llevara-a-cabo-la-votacion-secreta\/#article","isPartOf":{"@id":"https:\/\/interamerica.org\/es\/2015\/07\/como-se-llevara-a-cabo-la-votacion-secreta\/"},"author":{"name":"Lorenzo Verduzco","@id":"https:\/\/interamerica.org\/es\/#\/schema\/person\/68ede8bdc292885bb76c1e3810e73c39"},"headline":"C\u00f3mo se llevar\u00e1 a cabo la votaci\u00f3n secreta","datePublished":"2015-07-08T04:00:00+00:00","mainEntityOfPage":{"@id":"https:\/\/interamerica.org\/es\/2015\/07\/como-se-llevara-a-cabo-la-votacion-secreta\/"},"wordCount":872,"image":{"@id":"https:\/\/interamerica.org\/es\/2015\/07\/como-se-llevara-a-cabo-la-votacion-secreta\/#primaryimage"},"thumbnailUrl":"https:\/\/interamerica.org\/wp-content\/uploads\/2017\/06\/SecretBallot-Sherwin.jpg","articleSection":["Desde la iglesia mundial","RSS Espa\u00f1ol"],"inLanguage":"es"},{"@type":"WebPage","@id":"https:\/\/interamerica.org\/es\/2015\/07\/como-se-llevara-a-cabo-la-votacion-secreta\/","url":"https:\/\/interamerica.org\/es\/2015\/07\/como-se-llevara-a-cabo-la-votacion-secreta\/","name":"C\u00f3mo se llevar\u00e1 a cabo la votaci\u00f3n secreta - Iglesia Adventista del S\u00e9ptimo D\u00eda - Divisi\u00f3n Interamericana","isPartOf":{"@id":"https:\/\/interamerica.org\/es\/#website"},"primaryImageOfPage":{"@id":"https:\/\/interamerica.org\/es\/2015\/07\/como-se-llevara-a-cabo-la-votacion-secreta\/#primaryimage"},"image":{"@id":"https:\/\/interamerica.org\/es\/2015\/07\/como-se-llevara-a-cabo-la-votacion-secreta\/#primaryimage"},"thumbnailUrl":"https:\/\/interamerica.org\/wp-content\/uploads\/2017\/06\/SecretBallot-Sherwin.jpg","datePublished":"2015-07-08T04:00:00+00:00","author":{"@id":"https:\/\/interamerica.org\/es\/#\/schema\/person\/68ede8bdc292885bb76c1e3810e73c39"},"breadcrumb":{"@id":"https:\/\/interamerica.org\/es\/2015\/07\/como-se-llevara-a-cabo-la-votacion-secreta\/#breadcrumb"},"inLanguage":"es","potentialAction":[{"@type":"ReadAction","target":["https:\/\/interamerica.org\/es\/2015\/07\/como-se-llevara-a-cabo-la-votacion-secreta\/"]}]},{"@type":"ImageObject","inLanguage":"es","@id":"https:\/\/interamerica.org\/es\/2015\/07\/como-se-llevara-a-cabo-la-votacion-secreta\/#primaryimage","url":"https:\/\/interamerica.org\/wp-content\/uploads\/2017\/06\/SecretBallot-Sherwin.jpg","contentUrl":"https:\/\/interamerica.org\/wp-content\/uploads\/2017\/06\/SecretBallot-Sherwin.jpg","width":1000,"height":500},{"@type":"BreadcrumbList","@id":"https:\/\/interamerica.org\/es\/2015\/07\/como-se-llevara-a-cabo-la-votacion-secreta\/#breadcrumb","itemListElement":[{"@type":"ListItem","position":1,"name":"Home","item":"https:\/\/interamerica.org\/es\/"},{"@type":"ListItem","position":2,"name":"C\u00f3mo se llevar\u00e1 a cabo la votaci\u00f3n secreta"}]},{"@type":"WebSite","@id":"https:\/\/interamerica.org\/es\/#website","url":"https:\/\/interamerica.org\/es\/","name":"Iglesia Adventista del S\u00e9ptimo D\u00eda - Divisi\u00f3n Interamericana","description":"","potentialAction":[{"@type":"SearchAction","target":{"@type":"EntryPoint","urlTemplate":"https:\/\/interamerica.org\/es\/?s={search_term_string}"},"query-input":{"@type":"PropertyValueSpecification","valueRequired":true,"valueName":"search_term_string"}}],"inLanguage":"es"},{"@type":"Person","@id":"https:\/\/interamerica.org\/es\/#\/schema\/person\/68ede8bdc292885bb76c1e3810e73c39","name":"Lorenzo Verduzco","image":{"@type":"ImageObject","inLanguage":"es","@id":"https:\/\/secure.gravatar.com\/avatar\/fb81a55b6218459490a9c1dc841a34909185b81904c5337b4b27f7a6fd60c49e?s=96&d=mm&r=g","url":"https:\/\/secure.gravatar.com\/avatar\/fb81a55b6218459490a9c1dc841a34909185b81904c5337b4b27f7a6fd60c49e?s=96&d=mm&r=g","contentUrl":"https:\/\/secure.gravatar.com\/avatar\/fb81a55b6218459490a9c1dc841a34909185b81904c5337b4b27f7a6fd60c49e?s=96&d=mm&r=g","caption":"Lorenzo Verduzco"}}]}},"_links":{"self":[{"href":"https:\/\/interamerica.org\/es\/wp-json\/wp\/v2\/posts\/30885","targetHints":{"allow":["GET"]}}],"collection":[{"href":"https:\/\/interamerica.org\/es\/wp-json\/wp\/v2\/posts"}],"about":[{"href":"https:\/\/interamerica.org\/es\/wp-json\/wp\/v2\/types\/post"}],"author":[{"embeddable":true,"href":"https:\/\/interamerica.org\/es\/wp-json\/wp\/v2\/users\/1"}],"replies":[{"embeddable":true,"href":"https:\/\/interamerica.org\/es\/wp-json\/wp\/v2\/comments?post=30885"}],"version-history":[{"count":0,"href":"https:\/\/interamerica.org\/es\/wp-json\/wp\/v2\/posts\/30885\/revisions"}],"wp:featuredmedia":[{"embeddable":true,"href":"https:\/\/interamerica.org\/es\/wp-json\/wp\/v2\/media\/25756"}],"wp:attachment":[{"href":"https:\/\/interamerica.org\/es\/wp-json\/wp\/v2\/media?parent=30885"}],"wp:term":[{"taxonomy":"category","embeddable":true,"href":"https:\/\/interamerica.org\/es\/wp-json\/wp\/v2\/categories?post=30885"},{"taxonomy":"post_tag","embeddable":true,"href":"https:\/\/interamerica.org\/es\/wp-json\/wp\/v2\/tags?post=30885"}],"curies":[{"name":"wp","href":"https:\/\/api.w.org\/{rel}","templated":true}]}}