{"id":30888,"date":"2015-07-09T00:00:00","date_gmt":"2015-07-09T04:00:00","guid":{"rendered":"http:\/\/192.81.217.108\/interamerica\/2015\/07\/delegados-votan-no-sobre-la-ordenacion-de-las-mujeres\/"},"modified":"2015-07-09T00:00:00","modified_gmt":"2015-07-09T04:00:00","slug":"delegados-votan-no-sobre-la-ordenacion-de-las-mujeres","status":"publish","type":"post","link":"https:\/\/interamerica.org\/es\/2015\/07\/delegados-votan-no-sobre-la-ordenacion-de-las-mujeres\/","title":{"rendered":"Delegados votan \u201cNo\u201d sobre la ordenaci\u00f3n de las mujeres"},"content":{"rendered":"<div id=\"attachment_17853\" style=\"width: 710px\" class=\"wp-caption aligncenter\"><a href=\"\/interamerica\/wp-content\/uploads\/2017\/06\/VotingGeneric.jpg\" rel=\"fancybox\" title=\"Delegados votan \u201cNo\u201d sobre la ordenaci\u00f3n de las mujeres\"><img fetchpriority=\"high\" decoding=\"async\" aria-describedby=\"caption-attachment-17853\" class=\" wp-image-17853 \" src=\"\/interamerica\/wp-content\/uploads\/2017\/06\/VotingGeneric.jpg\" alt=\"\" width=\"700\" height=\"350\" \/><\/a><p id=\"caption-attachment-17853\" class=\"wp-caption-text\">Imagen de Dominik Zeh<\/p><\/div>\n<p>Publicado el 8 de julio de 2015 | San Antonio, Texas, Estados Unidos |\u00a0Andrew McChesney\u00a0y\u00a0Marcos Paseggi,\u00a0<em>Adventist Review<\/em>\/ANN<\/p>\n<p>Los delegados rechazaron una moci\u00f3n que hubiera permitido que cada divisi\u00f3n de la Iglesia Adventista decida por su cuenta si ordenar a las mujeres al ministerio del evangelio en su territorio.<\/p>\n<p>Por un margen de 1381 a 977, con cinco abstenciones, los delegados, por medio de una votaci\u00f3n secreta, pusieron fin a un proceso de cinco a\u00f1os caracterizado por debates vigorosos y en ocasiones c\u00e1ustico.<\/p>\n<p>Ted N. C. Wilson, presidente de la Asociaci\u00f3n General, hizo un llamado a los miembros de iglesia para que se unan en la misi\u00f3n de la iglesia, despu\u00e9s del voto en el Congreso de la Asociaci\u00f3n General 2015 en San Antonio, Texas.<\/p>\n<p>\u201cAhora es el tiempo de estar unidos bajo el estandarte manchado de sangre de Jesucristo y su poder, no en nuestro poder\u201d, dijo Wilson despu\u00e9s que se contaron los votos sobre mesas en la parte delantera del estadio Alamodome. \u201cAhora es el tiempo de estar unidos en nuestra misi\u00f3n como la iglesia de Cristo\u201d.<\/p>\n<div id=\"attachment_17854\" style=\"width: 410px\" class=\"wp-caption alignright\"><a href=\"\/interamerica\/wp-content\/uploads\/2017\/06\/OrdinationGroup.jpg\" rel=\"fancybox\" title=\"Delegados votan \u201cNo\u201d sobre la ordenaci\u00f3n de las mujeres\"><img decoding=\"async\" aria-describedby=\"caption-attachment-17854\" class=\"size-full wp-image-17854\" src=\"\/interamerica\/wp-content\/uploads\/2017\/06\/OrdinationGroup.jpg\" alt=\"\" width=\"400\" height=\"267\" \/><\/a><p id=\"caption-attachment-17854\" class=\"wp-caption-text\">Mientras los delegados estaban discutiendo el tema de la ordenaci\u00f3n, los miembros de iglesia estuvieron intercediendo en la sala de oraci\u00f3n. Dominik Zeh AR\/ANN<\/p><\/div>\n<p>Wilson agradeci\u00f3 a los delegados por la \u201cmanera cuidadosa y el esp\u00edritu de oraci\u00f3n con el cual se condujeron y trataron el tema\u201d durante seis horas de discusi\u00f3n.<\/p>\n<p>Un sistema de votaci\u00f3n secreta fue usada, que los directivos de la Asociaci\u00f3n General dijeron que ofreci\u00f3 el proceso de votaci\u00f3n m\u00e1s justo y seguro posible.<\/p>\n<p>\u201cHemos tratado de ser transparentes, honestos y cuidadosos, y garantizar la privacidad del voto de la mejor manera posible\u201d, dijo Nancy Lamoreaux, gerenta general de inform\u00e1tica de la Asociaci\u00f3n General y organizadora de la log\u00edstica del voto del mi\u00e9rcoles.<\/p>\n<p>Las boletas fueron impresas en papel especial, cortadas con el tama\u00f1o de media hoja tama\u00f1o carta, y cortadas por la mitad. Una mitad conten\u00eda la palabra \u201cS\u00ed\u201d impresa en cinco idiomas, y la otra la palabra \u201cNo\u201d, tambi\u00e9n en cinco idiomas. Se escribi\u00f3 esas dos palabras en ingl\u00e9s, espa\u00f1ol, franc\u00e9s, alem\u00e1n y portugu\u00e9s.<\/p>\n<p>El sistema de votaci\u00f3n secreta fue preparado tiempo antes del Congreso de la Asociaci\u00f3n General como un respaldo en caso de que el sistema de votaci\u00f3n electr\u00f3nica no funcionara, dijo el subsecretario Myron Iseminger, cuyo sector supervisa la votaci\u00f3n en los congresos de la Asociaci\u00f3n General. El sistema de votaci\u00f3n electr\u00f3nica, que debut\u00f3 en el Congreso de la Asociaci\u00f3n General, tuvo problemas, y el domingo los delegados votaron ya no usarlo.<\/p>\n<p>\u201cDesde el comienzo, tuvimos un plan de respaldo en caso de que no funcionara la votaci\u00f3n electr\u00f3nica\u201d, dijo Iseminger.<\/p>\n<p>Wilson, que inaugur\u00f3 la sesi\u00f3n de la ma\u00f1ana con un llamado a que todos los miembros acepten el resultado de la votaci\u00f3n, enfatiz\u00f3 tanto entonces como despu\u00e9s de la votaci\u00f3n que las decisiones que toma el Congreso de la Asociaci\u00f3n General tienen la m\u00e1xima autoridad en la Iglesia Adventista.<\/p>\n<p>Las discusiones, que duraron todo el d\u00eda, comenzaron a las 9.30 y se interrumpieron durante un receso de dos horas para almorzar al mediod\u00eda, adem\u00e1s de verse interrumpido casi una decena de veces para orar. Los participantes tuvieron momentos para orar en silencio, orar con otra persona y orar en grupo. Decenas de otros asistentes al Congreso llenaron las salas especiales de oraci\u00f3n que organizaron los departamentos de la Asociaci\u00f3n Ministerial y de Ministerios de la Mujer de la Asociaci\u00f3n General.<\/p>\n<p>Tanto Wilson como Michael L. Ryan, uno de los vicepresidentes salientes de la Asociaci\u00f3n General que presidi\u00f3 la sesi\u00f3n del mi\u00e9rcoles, expres\u00f3 su alegr\u00eda por el \u201cdulce esp\u00edritu\u201d que estuvo presente en las discusiones.<\/p>\n<div id=\"attachment_17855\" style=\"width: 330px\" class=\"wp-caption alignleft\"><a href=\"\/interamerica\/wp-content\/uploads\/2017\/06\/OrdinationChart.png\" rel=\"fancybox\" title=\"Delegados votan \u201cNo\u201d sobre la ordenaci\u00f3n de las mujeres\"><img decoding=\"async\" aria-describedby=\"caption-attachment-17855\" class=\" wp-image-17855 \" src=\"\/interamerica\/wp-content\/uploads\/2017\/06\/OrdinationChart.png\" alt=\"\" width=\"320\" height=\"430\" \/><\/a><p id=\"caption-attachment-17855\" class=\"wp-caption-text\">Imagen de la Adventist Review<\/p><\/div>\n<p>Ryan se asegur\u00f3 de que se conservara el decoro apropiado, reprendiendo varias veces a los asistentes por aplaudir durante las discusiones. Los delegados ya hab\u00edan acordado abstenerse de aplaudir, en un esfuerzo por mantener las emociones bajo control.<\/p>\n<p>Ryan, que anunci\u00f3 los resultados finales de la votaci\u00f3n, amonest\u00f3 en forma clara a un grupo de los asistentes al Alamodome que prorrumpi\u00f3 en aplausos al escuchar el resultado.<\/p>\n<p>\u201cNo hay nada triunfal en esto\u201d, dijo. \u201cNo hay ganadores o perdedores\u201d.<\/p>\n<p>Erton K\u00f6hler, presidente de la Divisi\u00f3n Sudamericana, se hizo eco del sentimiento de Ryan, aclarando que no era una competencia pol\u00edtica.<\/p>\n<p>\u201cLo que espero es que en la iglesia no haya ganadores ni perdedores, pero que cada uno pueda sentir que es la decisi\u00f3n de Dios y que entonces la haga suya\u201d, dijo a la <em>Adventist Review<\/em>. \u201cQue todos tengan la humildad de reconocer que Dios puede manifestar su voluntad de una manera que difiere de la opini\u00f3n personal\u201d.<\/p>\n<p>Jerry Page, director de la Asociaci\u00f3n Ministerial, tambi\u00e9n habl\u00f3 de humildad. \u201cSi dedicamos tiempo a la oraci\u00f3n, la confesi\u00f3n humilde, el arrepentimiento y el servicio a los dem\u00e1s, podemos avanzar en lugar de dar vueltas e ir para atr\u00e1s debido a los conflictos\u201d, dijo.<\/p>\n<p>Lisa Beardsley-Hardy, directora del departamento de educaci\u00f3n, dijo que esperaba que los delegados mostraran respeto unos por otros.<\/p>\n<p>\u201cMi esperanza y deseo es que tengamos paciencia con nuestros hermanos y hermanas de otras partes del mundo que enfrentan desaf\u00edos en el ministerio que difieren de los nuestros\u201d, dijo. \u201cLa paciencia es una gracia que solo puede provenir de Dios, para no tenernos rehenes unos de los otros ni abandonar el cuerpo cuando algo nos ofende\u201d.<\/p>\n<p>Se emitieron un total de 2363 votos en relaci\u00f3n con la moci\u00f3n preparada por los directivos y los presidentes de las divisiones de la Asociaci\u00f3n General y aprobada en el Concilio Anual 2014, una asamblea de los l\u00edderes de la Iglesia Adventista mundial. La moci\u00f3n completa expresaba: \u201cDespu\u00e9s de un estudio con oraci\u00f3n sobre la ordenaci\u00f3n a partir de la Biblia, los escritos de Elena G. White, y los informes de las comisiones de estudio, y; despu\u00e9s de considerar con detenimiento lo que es mejor para la iglesia y el cumplimiento de su misi\u00f3n, \u00bfes aceptable que las juntas directivas de las divisiones, seg\u00fan lo estimen apropiado para sus territorios, hagan provisi\u00f3n para la ordenaci\u00f3n de las mujeres al ministerio del evangelio? S\u00ed o No\u201d.<\/p>\n<p>Un total de cuarenta delegados \u2014veinte que apoyaban y veinte que se opon\u00edan a la moci\u00f3n\u2014expresaron frente a los micr\u00f3fonos sus posturas en relaci\u00f3n con la moci\u00f3n. La discusi\u00f3n fue detenida por los delegados en 35 ocasiones para formular \u201ccuestiones de orden\u201d, es decir, objeciones a la manera en que se estaba llevando a cabo parte de los procedimientos.<\/p>\n<p>Al promediar la sesi\u00f3n de la tarde, Ryan invit\u00f3 a Jan Paulsen, expresidente de la Asociaci\u00f3n General, para que efectuara una declaraci\u00f3n.<\/p>\n<p>Paulsen inst\u00f3 a los delegados a que votaran por el \u201cs\u00ed\u201d, diciendo que era una cuesti\u00f3n de confianza. Dijo que los miembros de iglesia ten\u00edan que confiar en que sus contrapartes \u00a0de otras divisiones saben mejor lo que necesitan sus iglesias locales.<\/p>\n<p>Ryan tambi\u00e9n invit\u00f3 a Wilson para que efectuara una declaraci\u00f3n. Wilson no recomend\u00f3 un \u201cs\u00ed\u201d o un \u201cno\u201d en la votaci\u00f3n, sino que se limit\u00f3 a decir: \u201cLo que pienso es bastante sabido, y creo que tiene su base b\u00edblica\u201d.<\/p>\n<p>La sesi\u00f3n del mi\u00e9rcoles comenz\u00f3 con un acuerdo de parte de los delegados de que pondr\u00edan fin a la discusi\u00f3n y comenzar\u00edan el proceso de votaci\u00f3n para las 16.30. A medida que se acercaba la hora, un n\u00famero de delegados inst\u00f3 a Ryan para que extendiera las discusiones, pero Ryan dictamin\u00f3 que los pedidos estaban fuera de lugar.<\/p>\n<p>Por su parte, G. T. Ng, secretario ejecutivo de la Asociaci\u00f3n General, indic\u00f3 durante las discusiones del mi\u00e9rcoles que la Asociaci\u00f3n General esperaba el cumplimiento pleno de parte de todas las entidades de la iglesia.<\/p>\n<p>\u201cSomos una sola iglesia\u201d, dijo Ng.<\/p>\n<p><em>Marcos Paseggi<\/em><\/p>\n","protected":false},"excerpt":{"rendered":"<p>Los delegados rechazaron una moci\u00f3n que hubiera permitido que cada divisi\u00f3n de la Iglesia Adventista decida por su cuenta si ordenar a las mujeres al ministerio del evangelio en su territorio. <\/p>\n<p>Por un margen de 1381 a 977, con cinco abstenciones, los delegados, por medio de una votaci\u00f3n secreta, pusieron fin a un proceso de cinco a\u00f1os caracterizado por debates vigorosos y en ocasiones c\u00e1ustico.<\/p>\n","protected":false},"author":1,"featured_media":25770,"comment_status":"closed","ping_status":"closed","sticky":false,"template":"","format":"standard","meta":{"_acf_changed":false,"footnotes":""},"categories":[14,15],"tags":[],"class_list":["post-30888","post","type-post","status-publish","format-standard","has-post-thumbnail","hentry","category-de-la-iglesia-mundial","category-rss-espanol"],"acf":[],"yoast_head":"<!-- This site is optimized with the Yoast SEO plugin v27.3 - https:\/\/yoast.com\/product\/yoast-seo-wordpress\/ -->\n<title>Delegados votan \u201cNo\u201d sobre la ordenaci\u00f3n de las mujeres - Iglesia Adventista del S\u00e9ptimo D\u00eda - Divisi\u00f3n Interamericana<\/title>\n<meta name=\"robots\" content=\"index, follow, max-snippet:-1, max-image-preview:large, max-video-preview:-1\" \/>\n<link rel=\"canonical\" href=\"https:\/\/interamerica.org\/es\/2015\/07\/delegados-votan-no-sobre-la-ordenacion-de-las-mujeres\/\" \/>\n<meta property=\"og:locale\" content=\"es_ES\" \/>\n<meta property=\"og:type\" content=\"article\" \/>\n<meta property=\"og:title\" content=\"Delegados votan \u201cNo\u201d sobre la ordenaci\u00f3n de las mujeres - Iglesia Adventista del S\u00e9ptimo D\u00eda - Divisi\u00f3n Interamericana\" \/>\n<meta property=\"og:description\" content=\"Los delegados rechazaron una moci\u00f3n que hubiera permitido que cada divisi\u00f3n de la Iglesia Adventista decida por su cuenta si ordenar a las mujeres al ministerio del evangelio en su territorio.  Por un margen de 1381 a 977, con cinco abstenciones, los delegados, por medio de una votaci\u00f3n secreta, pusieron fin a un proceso de cinco a\u00f1os caracterizado por debates vigorosos y en ocasiones c\u00e1ustico.\" \/>\n<meta property=\"og:url\" content=\"https:\/\/interamerica.org\/es\/2015\/07\/delegados-votan-no-sobre-la-ordenacion-de-las-mujeres\/\" \/>\n<meta property=\"og:site_name\" content=\"Iglesia Adventista del S\u00e9ptimo D\u00eda - Divisi\u00f3n Interamericana\" \/>\n<meta property=\"article:published_time\" content=\"2015-07-09T04:00:00+00:00\" \/>\n<meta property=\"og:image\" content=\"https:\/\/interamerica.org\/wp-content\/uploads\/2017\/06\/VotingGeneric.jpg\" \/>\n\t<meta property=\"og:image:width\" content=\"1000\" \/>\n\t<meta property=\"og:image:height\" content=\"500\" \/>\n\t<meta property=\"og:image:type\" content=\"image\/jpeg\" \/>\n<meta name=\"author\" content=\"Lorenzo Verduzco\" \/>\n<meta name=\"twitter:card\" content=\"summary_large_image\" \/>\n<meta name=\"twitter:label1\" content=\"Escrito por\" \/>\n\t<meta name=\"twitter:data1\" content=\"Lorenzo Verduzco\" \/>\n\t<meta name=\"twitter:label2\" content=\"Tiempo de lectura\" \/>\n\t<meta name=\"twitter:data2\" content=\"7 minutos\" \/>\n<script type=\"application\/ld+json\" class=\"yoast-schema-graph\">{\"@context\":\"https:\\\/\\\/schema.org\",\"@graph\":[{\"@type\":\"Article\",\"@id\":\"https:\\\/\\\/interamerica.org\\\/es\\\/2015\\\/07\\\/delegados-votan-no-sobre-la-ordenacion-de-las-mujeres\\\/#article\",\"isPartOf\":{\"@id\":\"https:\\\/\\\/interamerica.org\\\/es\\\/2015\\\/07\\\/delegados-votan-no-sobre-la-ordenacion-de-las-mujeres\\\/\"},\"author\":{\"name\":\"Lorenzo Verduzco\",\"@id\":\"https:\\\/\\\/interamerica.org\\\/es\\\/#\\\/schema\\\/person\\\/68ede8bdc292885bb76c1e3810e73c39\"},\"headline\":\"Delegados votan \u201cNo\u201d sobre la ordenaci\u00f3n de las mujeres\",\"datePublished\":\"2015-07-09T04:00:00+00:00\",\"mainEntityOfPage\":{\"@id\":\"https:\\\/\\\/interamerica.org\\\/es\\\/2015\\\/07\\\/delegados-votan-no-sobre-la-ordenacion-de-las-mujeres\\\/\"},\"wordCount\":1418,\"image\":{\"@id\":\"https:\\\/\\\/interamerica.org\\\/es\\\/2015\\\/07\\\/delegados-votan-no-sobre-la-ordenacion-de-las-mujeres\\\/#primaryimage\"},\"thumbnailUrl\":\"https:\\\/\\\/interamerica.org\\\/wp-content\\\/uploads\\\/2017\\\/06\\\/VotingGeneric.jpg\",\"articleSection\":[\"Desde la iglesia mundial\",\"RSS Espa\u00f1ol\"],\"inLanguage\":\"es\"},{\"@type\":\"WebPage\",\"@id\":\"https:\\\/\\\/interamerica.org\\\/es\\\/2015\\\/07\\\/delegados-votan-no-sobre-la-ordenacion-de-las-mujeres\\\/\",\"url\":\"https:\\\/\\\/interamerica.org\\\/es\\\/2015\\\/07\\\/delegados-votan-no-sobre-la-ordenacion-de-las-mujeres\\\/\",\"name\":\"Delegados votan \u201cNo\u201d sobre la ordenaci\u00f3n de las mujeres - Iglesia Adventista del S\u00e9ptimo D\u00eda - Divisi\u00f3n Interamericana\",\"isPartOf\":{\"@id\":\"https:\\\/\\\/interamerica.org\\\/es\\\/#website\"},\"primaryImageOfPage\":{\"@id\":\"https:\\\/\\\/interamerica.org\\\/es\\\/2015\\\/07\\\/delegados-votan-no-sobre-la-ordenacion-de-las-mujeres\\\/#primaryimage\"},\"image\":{\"@id\":\"https:\\\/\\\/interamerica.org\\\/es\\\/2015\\\/07\\\/delegados-votan-no-sobre-la-ordenacion-de-las-mujeres\\\/#primaryimage\"},\"thumbnailUrl\":\"https:\\\/\\\/interamerica.org\\\/wp-content\\\/uploads\\\/2017\\\/06\\\/VotingGeneric.jpg\",\"datePublished\":\"2015-07-09T04:00:00+00:00\",\"author\":{\"@id\":\"https:\\\/\\\/interamerica.org\\\/es\\\/#\\\/schema\\\/person\\\/68ede8bdc292885bb76c1e3810e73c39\"},\"breadcrumb\":{\"@id\":\"https:\\\/\\\/interamerica.org\\\/es\\\/2015\\\/07\\\/delegados-votan-no-sobre-la-ordenacion-de-las-mujeres\\\/#breadcrumb\"},\"inLanguage\":\"es\",\"potentialAction\":[{\"@type\":\"ReadAction\",\"target\":[\"https:\\\/\\\/interamerica.org\\\/es\\\/2015\\\/07\\\/delegados-votan-no-sobre-la-ordenacion-de-las-mujeres\\\/\"]}]},{\"@type\":\"ImageObject\",\"inLanguage\":\"es\",\"@id\":\"https:\\\/\\\/interamerica.org\\\/es\\\/2015\\\/07\\\/delegados-votan-no-sobre-la-ordenacion-de-las-mujeres\\\/#primaryimage\",\"url\":\"https:\\\/\\\/interamerica.org\\\/wp-content\\\/uploads\\\/2017\\\/06\\\/VotingGeneric.jpg\",\"contentUrl\":\"https:\\\/\\\/interamerica.org\\\/wp-content\\\/uploads\\\/2017\\\/06\\\/VotingGeneric.jpg\",\"width\":1000,\"height\":500},{\"@type\":\"BreadcrumbList\",\"@id\":\"https:\\\/\\\/interamerica.org\\\/es\\\/2015\\\/07\\\/delegados-votan-no-sobre-la-ordenacion-de-las-mujeres\\\/#breadcrumb\",\"itemListElement\":[{\"@type\":\"ListItem\",\"position\":1,\"name\":\"Home\",\"item\":\"https:\\\/\\\/interamerica.org\\\/es\\\/\"},{\"@type\":\"ListItem\",\"position\":2,\"name\":\"Delegados votan \u201cNo\u201d sobre la ordenaci\u00f3n de las mujeres\"}]},{\"@type\":\"WebSite\",\"@id\":\"https:\\\/\\\/interamerica.org\\\/es\\\/#website\",\"url\":\"https:\\\/\\\/interamerica.org\\\/es\\\/\",\"name\":\"Iglesia Adventista del S\u00e9ptimo D\u00eda - Divisi\u00f3n Interamericana\",\"description\":\"\",\"potentialAction\":[{\"@type\":\"SearchAction\",\"target\":{\"@type\":\"EntryPoint\",\"urlTemplate\":\"https:\\\/\\\/interamerica.org\\\/es\\\/?s={search_term_string}\"},\"query-input\":{\"@type\":\"PropertyValueSpecification\",\"valueRequired\":true,\"valueName\":\"search_term_string\"}}],\"inLanguage\":\"es\"},{\"@type\":\"Person\",\"@id\":\"https:\\\/\\\/interamerica.org\\\/es\\\/#\\\/schema\\\/person\\\/68ede8bdc292885bb76c1e3810e73c39\",\"name\":\"Lorenzo Verduzco\",\"image\":{\"@type\":\"ImageObject\",\"inLanguage\":\"es\",\"@id\":\"https:\\\/\\\/secure.gravatar.com\\\/avatar\\\/fb81a55b6218459490a9c1dc841a34909185b81904c5337b4b27f7a6fd60c49e?s=96&d=mm&r=g\",\"url\":\"https:\\\/\\\/secure.gravatar.com\\\/avatar\\\/fb81a55b6218459490a9c1dc841a34909185b81904c5337b4b27f7a6fd60c49e?s=96&d=mm&r=g\",\"contentUrl\":\"https:\\\/\\\/secure.gravatar.com\\\/avatar\\\/fb81a55b6218459490a9c1dc841a34909185b81904c5337b4b27f7a6fd60c49e?s=96&d=mm&r=g\",\"caption\":\"Lorenzo Verduzco\"}}]}<\/script>\n<!-- \/ Yoast SEO plugin. -->","yoast_head_json":{"title":"Delegados votan \u201cNo\u201d sobre la ordenaci\u00f3n de las mujeres - Iglesia Adventista del S\u00e9ptimo D\u00eda - Divisi\u00f3n Interamericana","robots":{"index":"index","follow":"follow","max-snippet":"max-snippet:-1","max-image-preview":"max-image-preview:large","max-video-preview":"max-video-preview:-1"},"canonical":"https:\/\/interamerica.org\/es\/2015\/07\/delegados-votan-no-sobre-la-ordenacion-de-las-mujeres\/","og_locale":"es_ES","og_type":"article","og_title":"Delegados votan \u201cNo\u201d sobre la ordenaci\u00f3n de las mujeres - Iglesia Adventista del S\u00e9ptimo D\u00eda - Divisi\u00f3n Interamericana","og_description":"Los delegados rechazaron una moci\u00f3n que hubiera permitido que cada divisi\u00f3n de la Iglesia Adventista decida por su cuenta si ordenar a las mujeres al ministerio del evangelio en su territorio.  Por un margen de 1381 a 977, con cinco abstenciones, los delegados, por medio de una votaci\u00f3n secreta, pusieron fin a un proceso de cinco a\u00f1os caracterizado por debates vigorosos y en ocasiones c\u00e1ustico.","og_url":"https:\/\/interamerica.org\/es\/2015\/07\/delegados-votan-no-sobre-la-ordenacion-de-las-mujeres\/","og_site_name":"Iglesia Adventista del S\u00e9ptimo D\u00eda - Divisi\u00f3n Interamericana","article_published_time":"2015-07-09T04:00:00+00:00","og_image":[{"width":1000,"height":500,"url":"https:\/\/interamerica.org\/wp-content\/uploads\/2017\/06\/VotingGeneric.jpg","type":"image\/jpeg"}],"author":"Lorenzo Verduzco","twitter_card":"summary_large_image","twitter_misc":{"Escrito por":"Lorenzo Verduzco","Tiempo de lectura":"7 minutos"},"schema":{"@context":"https:\/\/schema.org","@graph":[{"@type":"Article","@id":"https:\/\/interamerica.org\/es\/2015\/07\/delegados-votan-no-sobre-la-ordenacion-de-las-mujeres\/#article","isPartOf":{"@id":"https:\/\/interamerica.org\/es\/2015\/07\/delegados-votan-no-sobre-la-ordenacion-de-las-mujeres\/"},"author":{"name":"Lorenzo Verduzco","@id":"https:\/\/interamerica.org\/es\/#\/schema\/person\/68ede8bdc292885bb76c1e3810e73c39"},"headline":"Delegados votan \u201cNo\u201d sobre la ordenaci\u00f3n de las mujeres","datePublished":"2015-07-09T04:00:00+00:00","mainEntityOfPage":{"@id":"https:\/\/interamerica.org\/es\/2015\/07\/delegados-votan-no-sobre-la-ordenacion-de-las-mujeres\/"},"wordCount":1418,"image":{"@id":"https:\/\/interamerica.org\/es\/2015\/07\/delegados-votan-no-sobre-la-ordenacion-de-las-mujeres\/#primaryimage"},"thumbnailUrl":"https:\/\/interamerica.org\/wp-content\/uploads\/2017\/06\/VotingGeneric.jpg","articleSection":["Desde la iglesia mundial","RSS Espa\u00f1ol"],"inLanguage":"es"},{"@type":"WebPage","@id":"https:\/\/interamerica.org\/es\/2015\/07\/delegados-votan-no-sobre-la-ordenacion-de-las-mujeres\/","url":"https:\/\/interamerica.org\/es\/2015\/07\/delegados-votan-no-sobre-la-ordenacion-de-las-mujeres\/","name":"Delegados votan \u201cNo\u201d sobre la ordenaci\u00f3n de las mujeres - Iglesia Adventista del S\u00e9ptimo D\u00eda - Divisi\u00f3n Interamericana","isPartOf":{"@id":"https:\/\/interamerica.org\/es\/#website"},"primaryImageOfPage":{"@id":"https:\/\/interamerica.org\/es\/2015\/07\/delegados-votan-no-sobre-la-ordenacion-de-las-mujeres\/#primaryimage"},"image":{"@id":"https:\/\/interamerica.org\/es\/2015\/07\/delegados-votan-no-sobre-la-ordenacion-de-las-mujeres\/#primaryimage"},"thumbnailUrl":"https:\/\/interamerica.org\/wp-content\/uploads\/2017\/06\/VotingGeneric.jpg","datePublished":"2015-07-09T04:00:00+00:00","author":{"@id":"https:\/\/interamerica.org\/es\/#\/schema\/person\/68ede8bdc292885bb76c1e3810e73c39"},"breadcrumb":{"@id":"https:\/\/interamerica.org\/es\/2015\/07\/delegados-votan-no-sobre-la-ordenacion-de-las-mujeres\/#breadcrumb"},"inLanguage":"es","potentialAction":[{"@type":"ReadAction","target":["https:\/\/interamerica.org\/es\/2015\/07\/delegados-votan-no-sobre-la-ordenacion-de-las-mujeres\/"]}]},{"@type":"ImageObject","inLanguage":"es","@id":"https:\/\/interamerica.org\/es\/2015\/07\/delegados-votan-no-sobre-la-ordenacion-de-las-mujeres\/#primaryimage","url":"https:\/\/interamerica.org\/wp-content\/uploads\/2017\/06\/VotingGeneric.jpg","contentUrl":"https:\/\/interamerica.org\/wp-content\/uploads\/2017\/06\/VotingGeneric.jpg","width":1000,"height":500},{"@type":"BreadcrumbList","@id":"https:\/\/interamerica.org\/es\/2015\/07\/delegados-votan-no-sobre-la-ordenacion-de-las-mujeres\/#breadcrumb","itemListElement":[{"@type":"ListItem","position":1,"name":"Home","item":"https:\/\/interamerica.org\/es\/"},{"@type":"ListItem","position":2,"name":"Delegados votan \u201cNo\u201d sobre la ordenaci\u00f3n de las mujeres"}]},{"@type":"WebSite","@id":"https:\/\/interamerica.org\/es\/#website","url":"https:\/\/interamerica.org\/es\/","name":"Iglesia Adventista del S\u00e9ptimo D\u00eda - Divisi\u00f3n Interamericana","description":"","potentialAction":[{"@type":"SearchAction","target":{"@type":"EntryPoint","urlTemplate":"https:\/\/interamerica.org\/es\/?s={search_term_string}"},"query-input":{"@type":"PropertyValueSpecification","valueRequired":true,"valueName":"search_term_string"}}],"inLanguage":"es"},{"@type":"Person","@id":"https:\/\/interamerica.org\/es\/#\/schema\/person\/68ede8bdc292885bb76c1e3810e73c39","name":"Lorenzo Verduzco","image":{"@type":"ImageObject","inLanguage":"es","@id":"https:\/\/secure.gravatar.com\/avatar\/fb81a55b6218459490a9c1dc841a34909185b81904c5337b4b27f7a6fd60c49e?s=96&d=mm&r=g","url":"https:\/\/secure.gravatar.com\/avatar\/fb81a55b6218459490a9c1dc841a34909185b81904c5337b4b27f7a6fd60c49e?s=96&d=mm&r=g","contentUrl":"https:\/\/secure.gravatar.com\/avatar\/fb81a55b6218459490a9c1dc841a34909185b81904c5337b4b27f7a6fd60c49e?s=96&d=mm&r=g","caption":"Lorenzo Verduzco"}}]}},"_links":{"self":[{"href":"https:\/\/interamerica.org\/es\/wp-json\/wp\/v2\/posts\/30888","targetHints":{"allow":["GET"]}}],"collection":[{"href":"https:\/\/interamerica.org\/es\/wp-json\/wp\/v2\/posts"}],"about":[{"href":"https:\/\/interamerica.org\/es\/wp-json\/wp\/v2\/types\/post"}],"author":[{"embeddable":true,"href":"https:\/\/interamerica.org\/es\/wp-json\/wp\/v2\/users\/1"}],"replies":[{"embeddable":true,"href":"https:\/\/interamerica.org\/es\/wp-json\/wp\/v2\/comments?post=30888"}],"version-history":[{"count":0,"href":"https:\/\/interamerica.org\/es\/wp-json\/wp\/v2\/posts\/30888\/revisions"}],"wp:featuredmedia":[{"embeddable":true,"href":"https:\/\/interamerica.org\/es\/wp-json\/wp\/v2\/media\/25770"}],"wp:attachment":[{"href":"https:\/\/interamerica.org\/es\/wp-json\/wp\/v2\/media?parent=30888"}],"wp:term":[{"taxonomy":"category","embeddable":true,"href":"https:\/\/interamerica.org\/es\/wp-json\/wp\/v2\/categories?post=30888"},{"taxonomy":"post_tag","embeddable":true,"href":"https:\/\/interamerica.org\/es\/wp-json\/wp\/v2\/tags?post=30888"}],"curies":[{"name":"wp","href":"https:\/\/api.w.org\/{rel}","templated":true}]}}