{"id":30889,"date":"2015-07-09T00:00:00","date_gmt":"2015-07-09T04:00:00","guid":{"rendered":"http:\/\/192.81.217.108\/interamerica\/2015\/07\/los-lideres-de-interamerica-eligen-a-los-lideres-de-los-departamentos\/"},"modified":"2015-07-09T00:00:00","modified_gmt":"2015-07-09T04:00:00","slug":"los-lideres-de-interamerica-eligen-a-los-lideres-de-los-departamentos","status":"publish","type":"post","link":"https:\/\/interamerica.org\/es\/2015\/07\/los-lideres-de-interamerica-eligen-a-los-lideres-de-los-departamentos\/","title":{"rendered":"Los l\u00edderes de Interam\u00e9rica eligen a los l\u00edderes de los departamentos"},"content":{"rendered":"<p>9 de julio de 2015 | San Antonio, Texas, Estados Unidos | Libna Stevens\/DIA<\/p>\n<div id=\"attachment_17929\" style=\"width: 458px\" class=\"wp-caption alignright\"><a href=\"\/interamerica\/wp-content\/uploads\/2017\/06\/IADcaucusJuly9.jpg\" rel=\"fancybox\" title=\"Los l\u00edderes de Interam\u00e9rica eligen a los l\u00edderes de los departamentos\"><img fetchpriority=\"high\" decoding=\"async\" aria-describedby=\"caption-attachment-17929\" class=\" wp-image-17929 \" title=\"IADcaucusJuly9\" src=\"\/interamerica\/wp-content\/uploads\/2017\/06\/IADcaucusJuly9.jpg\" alt=\"\" width=\"448\" height=\"299\" \/><\/a><p id=\"caption-attachment-17929\" class=\"wp-caption-text\">IAD Executive Secretary Elie Henry read off the names of the proposed department and ministry leaders for Inter-America, on Jul. 9, 2015. Image by Daniel Gallardo\/IAD<\/p><\/div>\n<p>Los delegados al 60\u00b0 Congreso de la Asociaci\u00f3n General de la Divisi\u00f3n Interamericana (DIA) votaron nombrar a sus vicepresidentes y directores de los departamentos de la iglesia para dirigir a los 3,7 millones de miembros durante los pr\u00f3ximos cinco a\u00f1os. La reuni\u00f3n, que se llev\u00f3 a cabo el 9 de julio de 2015, reuni\u00f3 a 390 delegados de la DIA en el Alamodome en San Antonio, Texas, Estados Unidos.<\/p>\n<p>Despu\u00e9s de examinar los nombres, una comisi\u00f3n de nombramientos formada por delegados de la asamblea de la DIA presentaron los nombres a la delegaci\u00f3n de la DIA en representaci\u00f3n del vasto territorio de Interam\u00e9rica, dijo el pastor Israel Leito, presidente de la Iglesia Adventista en Interam\u00e9rica.<\/p>\n<p>Se vot\u00f3 a los siguientes individuos para dirigir los departamentos, ministerios y cargos establecidos de la sede central de la DIA, para el per\u00edodo 2015-2020:<\/p>\n<p><strong>Vicepresidentes:<\/strong><\/p>\n<p><strong><\/strong>Myrna Costa<br \/>\nLeon Wellington<br \/>\nTom\u00e1s Torres<br \/>\n<strong><\/strong><\/p>\n<p><strong>Secretario Asociado:<\/strong>\u00a0Pedro Iglesias<\/p>\n<p><strong>Subtesorera:<\/strong>\u00a0Ivelisse Herrera<br \/>\n<strong><\/strong><\/p>\n<p><strong>Tesoreros Asociados:<\/strong><br \/>\nGuillermo Gonz\u00e1lez<br \/>\nTony De La Mota<br \/>\nLiza Christian<br \/>\nFlorencio Su\u00e1rez<\/p>\n<p><strong>Asistente del President en \u00a0Evangelismo:<\/strong>\u00a0Balvin Braham<\/p>\n<p><strong>Director, Mayordom\u00eda:<\/strong>\u00a0Roberto Herrera<\/p>\n<p><strong>Asociado de Mayordom\u00eda:<\/strong>\u00a0James Daniel<\/p>\n<p><strong>Secretario, Asociaci\u00f3n Ministerial:<\/strong>\u00a0H\u00e9ctor S\u00e1nchez<\/p>\n<p><strong>Director, Ministerios Personales:<\/strong>\u00a0Melchor Ferreyra<\/p>\n<p>&nbsp;<\/p>\n<p><strong>Director, Escuela Sab\u00e1tica:<\/strong>\u00a0Samuel Telemaque<br \/>\n<strong><\/strong><\/p>\n<p><strong>Director, Educaci\u00f3n:<\/strong>\u00a0Gamaliel Florez<\/p>\n<p><strong>Directora asociada, Educaci\u00f3n:\u00a0<\/strong>Faye Patterson<br \/>\n<strong><\/strong><\/p>\n<p><strong>Directora, Ministerios de Salud:<\/strong>\u00a0Belkis Archbold<\/p>\n<p><strong>SIEMA y Ministerios de Familia:<\/strong>\u00a0Cecilia Iglesias<\/p>\n<p><strong>Director, Ministerios de Vida Familiar:<\/strong>\u00a0Pedro Iglesias<\/p>\n<p><strong>Director, Ministerios de la Mujer y Ministerios del Ni\u00f1o:<\/strong>\u00a0Dinorah Rivera<\/p>\n<p><strong>Director, Comunicaci\u00f3n:<\/strong> Abel Marquez<\/p>\n<p><strong>Director, Ministerios en el Campus P\u00fablico:<\/strong>\u00a0Hiram Ruiz<\/p>\n<p><strong>Director, Ministerios J\u00f3venes:<\/strong>\u00a0Al Powell<\/p>\n<p><strong>Directora Asociada, Ministerios J\u00f3venes:<\/strong>\u00a0Louise Nocandy<\/p>\n<p>&nbsp;<\/p>\n<p><strong>Director, Asuntos P\u00fablicos y Libertad Religiosa:<\/strong>\u00a0Leon Wellington<\/p>\n<p><strong>Director, Testamentos y Legados:<\/strong>\u00a0Roberto Herrera<\/p>\n<p><em>Traducci\u00f3n de Marcos Paseggi<\/em><\/p>\n<p>&nbsp;<\/p>\n","protected":false},"excerpt":{"rendered":"<p>Los delegados al 60\u00b0 Congreso de la Asociaci\u00f3n General de la Divisi\u00f3n Interamericana (DIA) votaron nombrar a sus vicepresidentes y directores de los departamentos de la iglesia para dirigir a los 3,7 millones de miembros durante los pr\u00f3ximos cinco a\u00f1os. <\/p>\n<p>La reuni\u00f3n, que se llev\u00f3 a cabo el 9 de julio de 2015, reuni\u00f3 a 390 delegados de la DIA en el Alamodome en San Antonio, Texas, Estados Unidos.<\/p>\n","protected":false},"author":1,"featured_media":25790,"comment_status":"closed","ping_status":"closed","sticky":false,"template":"","format":"standard","meta":{"_acf_changed":false,"footnotes":""},"categories":[16,15],"tags":[],"class_list":["post-30889","post","type-post","status-publish","format-standard","has-post-thumbnail","hentry","category-desde-la-sede","category-rss-espanol"],"acf":[],"yoast_head":"<!-- This site is optimized with the Yoast SEO plugin v27.3 - https:\/\/yoast.com\/product\/yoast-seo-wordpress\/ -->\n<title>Los l\u00edderes de Interam\u00e9rica eligen a los l\u00edderes de los departamentos - Iglesia Adventista del S\u00e9ptimo D\u00eda - Divisi\u00f3n Interamericana<\/title>\n<meta name=\"robots\" content=\"index, follow, max-snippet:-1, max-image-preview:large, max-video-preview:-1\" \/>\n<link rel=\"canonical\" href=\"https:\/\/interamerica.org\/es\/2015\/07\/los-lideres-de-interamerica-eligen-a-los-lideres-de-los-departamentos\/\" \/>\n<meta property=\"og:locale\" content=\"es_ES\" \/>\n<meta property=\"og:type\" content=\"article\" \/>\n<meta property=\"og:title\" content=\"Los l\u00edderes de Interam\u00e9rica eligen a los l\u00edderes de los departamentos - Iglesia Adventista del S\u00e9ptimo D\u00eda - Divisi\u00f3n Interamericana\" \/>\n<meta property=\"og:description\" content=\"Los delegados al 60\u00b0 Congreso de la Asociaci\u00f3n General de la Divisi\u00f3n Interamericana (DIA) votaron nombrar a sus vicepresidentes y directores de los departamentos de la iglesia para dirigir a los 3,7 millones de miembros durante los pr\u00f3ximos cinco a\u00f1os.  La reuni\u00f3n, que se llev\u00f3 a cabo el 9 de julio de 2015, reuni\u00f3 a 390 delegados de la DIA en el Alamodome en San Antonio, Texas, Estados Unidos.\" \/>\n<meta property=\"og:url\" content=\"https:\/\/interamerica.org\/es\/2015\/07\/los-lideres-de-interamerica-eligen-a-los-lideres-de-los-departamentos\/\" \/>\n<meta property=\"og:site_name\" content=\"Iglesia Adventista del S\u00e9ptimo D\u00eda - Divisi\u00f3n Interamericana\" \/>\n<meta property=\"article:published_time\" content=\"2015-07-09T04:00:00+00:00\" \/>\n<meta property=\"og:image\" content=\"https:\/\/interamerica.org\/wp-content\/uploads\/2017\/06\/IADcaucusJuly9.jpg\" \/>\n\t<meta property=\"og:image:width\" content=\"640\" \/>\n\t<meta property=\"og:image:height\" content=\"427\" \/>\n\t<meta property=\"og:image:type\" content=\"image\/jpeg\" \/>\n<meta name=\"author\" content=\"Lorenzo Verduzco\" \/>\n<meta name=\"twitter:card\" content=\"summary_large_image\" \/>\n<meta name=\"twitter:label1\" content=\"Escrito por\" \/>\n\t<meta name=\"twitter:data1\" content=\"Lorenzo Verduzco\" \/>\n\t<meta name=\"twitter:label2\" content=\"Tiempo de lectura\" \/>\n\t<meta name=\"twitter:data2\" content=\"2 minutos\" \/>\n<script type=\"application\/ld+json\" class=\"yoast-schema-graph\">{\"@context\":\"https:\\\/\\\/schema.org\",\"@graph\":[{\"@type\":\"Article\",\"@id\":\"https:\\\/\\\/interamerica.org\\\/es\\\/2015\\\/07\\\/los-lideres-de-interamerica-eligen-a-los-lideres-de-los-departamentos\\\/#article\",\"isPartOf\":{\"@id\":\"https:\\\/\\\/interamerica.org\\\/es\\\/2015\\\/07\\\/los-lideres-de-interamerica-eligen-a-los-lideres-de-los-departamentos\\\/\"},\"author\":{\"name\":\"Lorenzo Verduzco\",\"@id\":\"https:\\\/\\\/interamerica.org\\\/es\\\/#\\\/schema\\\/person\\\/68ede8bdc292885bb76c1e3810e73c39\"},\"headline\":\"Los l\u00edderes de Interam\u00e9rica eligen a los l\u00edderes de los departamentos\",\"datePublished\":\"2015-07-09T04:00:00+00:00\",\"mainEntityOfPage\":{\"@id\":\"https:\\\/\\\/interamerica.org\\\/es\\\/2015\\\/07\\\/los-lideres-de-interamerica-eligen-a-los-lideres-de-los-departamentos\\\/\"},\"wordCount\":363,\"image\":{\"@id\":\"https:\\\/\\\/interamerica.org\\\/es\\\/2015\\\/07\\\/los-lideres-de-interamerica-eligen-a-los-lideres-de-los-departamentos\\\/#primaryimage\"},\"thumbnailUrl\":\"https:\\\/\\\/interamerica.org\\\/wp-content\\\/uploads\\\/2017\\\/06\\\/IADcaucusJuly9.jpg\",\"articleSection\":[\"Desde la sede\",\"RSS Espa\u00f1ol\"],\"inLanguage\":\"es\"},{\"@type\":\"WebPage\",\"@id\":\"https:\\\/\\\/interamerica.org\\\/es\\\/2015\\\/07\\\/los-lideres-de-interamerica-eligen-a-los-lideres-de-los-departamentos\\\/\",\"url\":\"https:\\\/\\\/interamerica.org\\\/es\\\/2015\\\/07\\\/los-lideres-de-interamerica-eligen-a-los-lideres-de-los-departamentos\\\/\",\"name\":\"Los l\u00edderes de Interam\u00e9rica eligen a los l\u00edderes de los departamentos - Iglesia Adventista del S\u00e9ptimo D\u00eda - Divisi\u00f3n Interamericana\",\"isPartOf\":{\"@id\":\"https:\\\/\\\/interamerica.org\\\/es\\\/#website\"},\"primaryImageOfPage\":{\"@id\":\"https:\\\/\\\/interamerica.org\\\/es\\\/2015\\\/07\\\/los-lideres-de-interamerica-eligen-a-los-lideres-de-los-departamentos\\\/#primaryimage\"},\"image\":{\"@id\":\"https:\\\/\\\/interamerica.org\\\/es\\\/2015\\\/07\\\/los-lideres-de-interamerica-eligen-a-los-lideres-de-los-departamentos\\\/#primaryimage\"},\"thumbnailUrl\":\"https:\\\/\\\/interamerica.org\\\/wp-content\\\/uploads\\\/2017\\\/06\\\/IADcaucusJuly9.jpg\",\"datePublished\":\"2015-07-09T04:00:00+00:00\",\"author\":{\"@id\":\"https:\\\/\\\/interamerica.org\\\/es\\\/#\\\/schema\\\/person\\\/68ede8bdc292885bb76c1e3810e73c39\"},\"breadcrumb\":{\"@id\":\"https:\\\/\\\/interamerica.org\\\/es\\\/2015\\\/07\\\/los-lideres-de-interamerica-eligen-a-los-lideres-de-los-departamentos\\\/#breadcrumb\"},\"inLanguage\":\"es\",\"potentialAction\":[{\"@type\":\"ReadAction\",\"target\":[\"https:\\\/\\\/interamerica.org\\\/es\\\/2015\\\/07\\\/los-lideres-de-interamerica-eligen-a-los-lideres-de-los-departamentos\\\/\"]}]},{\"@type\":\"ImageObject\",\"inLanguage\":\"es\",\"@id\":\"https:\\\/\\\/interamerica.org\\\/es\\\/2015\\\/07\\\/los-lideres-de-interamerica-eligen-a-los-lideres-de-los-departamentos\\\/#primaryimage\",\"url\":\"https:\\\/\\\/interamerica.org\\\/wp-content\\\/uploads\\\/2017\\\/06\\\/IADcaucusJuly9.jpg\",\"contentUrl\":\"https:\\\/\\\/interamerica.org\\\/wp-content\\\/uploads\\\/2017\\\/06\\\/IADcaucusJuly9.jpg\",\"width\":640,\"height\":427},{\"@type\":\"BreadcrumbList\",\"@id\":\"https:\\\/\\\/interamerica.org\\\/es\\\/2015\\\/07\\\/los-lideres-de-interamerica-eligen-a-los-lideres-de-los-departamentos\\\/#breadcrumb\",\"itemListElement\":[{\"@type\":\"ListItem\",\"position\":1,\"name\":\"Home\",\"item\":\"https:\\\/\\\/interamerica.org\\\/es\\\/\"},{\"@type\":\"ListItem\",\"position\":2,\"name\":\"Los l\u00edderes de Interam\u00e9rica eligen a los l\u00edderes de los departamentos\"}]},{\"@type\":\"WebSite\",\"@id\":\"https:\\\/\\\/interamerica.org\\\/es\\\/#website\",\"url\":\"https:\\\/\\\/interamerica.org\\\/es\\\/\",\"name\":\"Iglesia Adventista del S\u00e9ptimo D\u00eda - Divisi\u00f3n Interamericana\",\"description\":\"\",\"potentialAction\":[{\"@type\":\"SearchAction\",\"target\":{\"@type\":\"EntryPoint\",\"urlTemplate\":\"https:\\\/\\\/interamerica.org\\\/es\\\/?s={search_term_string}\"},\"query-input\":{\"@type\":\"PropertyValueSpecification\",\"valueRequired\":true,\"valueName\":\"search_term_string\"}}],\"inLanguage\":\"es\"},{\"@type\":\"Person\",\"@id\":\"https:\\\/\\\/interamerica.org\\\/es\\\/#\\\/schema\\\/person\\\/68ede8bdc292885bb76c1e3810e73c39\",\"name\":\"Lorenzo Verduzco\",\"image\":{\"@type\":\"ImageObject\",\"inLanguage\":\"es\",\"@id\":\"https:\\\/\\\/secure.gravatar.com\\\/avatar\\\/fb81a55b6218459490a9c1dc841a34909185b81904c5337b4b27f7a6fd60c49e?s=96&d=mm&r=g\",\"url\":\"https:\\\/\\\/secure.gravatar.com\\\/avatar\\\/fb81a55b6218459490a9c1dc841a34909185b81904c5337b4b27f7a6fd60c49e?s=96&d=mm&r=g\",\"contentUrl\":\"https:\\\/\\\/secure.gravatar.com\\\/avatar\\\/fb81a55b6218459490a9c1dc841a34909185b81904c5337b4b27f7a6fd60c49e?s=96&d=mm&r=g\",\"caption\":\"Lorenzo Verduzco\"}}]}<\/script>\n<!-- \/ Yoast SEO plugin. -->","yoast_head_json":{"title":"Los l\u00edderes de Interam\u00e9rica eligen a los l\u00edderes de los departamentos - Iglesia Adventista del S\u00e9ptimo D\u00eda - Divisi\u00f3n Interamericana","robots":{"index":"index","follow":"follow","max-snippet":"max-snippet:-1","max-image-preview":"max-image-preview:large","max-video-preview":"max-video-preview:-1"},"canonical":"https:\/\/interamerica.org\/es\/2015\/07\/los-lideres-de-interamerica-eligen-a-los-lideres-de-los-departamentos\/","og_locale":"es_ES","og_type":"article","og_title":"Los l\u00edderes de Interam\u00e9rica eligen a los l\u00edderes de los departamentos - Iglesia Adventista del S\u00e9ptimo D\u00eda - Divisi\u00f3n Interamericana","og_description":"Los delegados al 60\u00b0 Congreso de la Asociaci\u00f3n General de la Divisi\u00f3n Interamericana (DIA) votaron nombrar a sus vicepresidentes y directores de los departamentos de la iglesia para dirigir a los 3,7 millones de miembros durante los pr\u00f3ximos cinco a\u00f1os.  La reuni\u00f3n, que se llev\u00f3 a cabo el 9 de julio de 2015, reuni\u00f3 a 390 delegados de la DIA en el Alamodome en San Antonio, Texas, Estados Unidos.","og_url":"https:\/\/interamerica.org\/es\/2015\/07\/los-lideres-de-interamerica-eligen-a-los-lideres-de-los-departamentos\/","og_site_name":"Iglesia Adventista del S\u00e9ptimo D\u00eda - Divisi\u00f3n Interamericana","article_published_time":"2015-07-09T04:00:00+00:00","og_image":[{"width":640,"height":427,"url":"https:\/\/interamerica.org\/wp-content\/uploads\/2017\/06\/IADcaucusJuly9.jpg","type":"image\/jpeg"}],"author":"Lorenzo Verduzco","twitter_card":"summary_large_image","twitter_misc":{"Escrito por":"Lorenzo Verduzco","Tiempo de lectura":"2 minutos"},"schema":{"@context":"https:\/\/schema.org","@graph":[{"@type":"Article","@id":"https:\/\/interamerica.org\/es\/2015\/07\/los-lideres-de-interamerica-eligen-a-los-lideres-de-los-departamentos\/#article","isPartOf":{"@id":"https:\/\/interamerica.org\/es\/2015\/07\/los-lideres-de-interamerica-eligen-a-los-lideres-de-los-departamentos\/"},"author":{"name":"Lorenzo Verduzco","@id":"https:\/\/interamerica.org\/es\/#\/schema\/person\/68ede8bdc292885bb76c1e3810e73c39"},"headline":"Los l\u00edderes de Interam\u00e9rica eligen a los l\u00edderes de los departamentos","datePublished":"2015-07-09T04:00:00+00:00","mainEntityOfPage":{"@id":"https:\/\/interamerica.org\/es\/2015\/07\/los-lideres-de-interamerica-eligen-a-los-lideres-de-los-departamentos\/"},"wordCount":363,"image":{"@id":"https:\/\/interamerica.org\/es\/2015\/07\/los-lideres-de-interamerica-eligen-a-los-lideres-de-los-departamentos\/#primaryimage"},"thumbnailUrl":"https:\/\/interamerica.org\/wp-content\/uploads\/2017\/06\/IADcaucusJuly9.jpg","articleSection":["Desde la sede","RSS Espa\u00f1ol"],"inLanguage":"es"},{"@type":"WebPage","@id":"https:\/\/interamerica.org\/es\/2015\/07\/los-lideres-de-interamerica-eligen-a-los-lideres-de-los-departamentos\/","url":"https:\/\/interamerica.org\/es\/2015\/07\/los-lideres-de-interamerica-eligen-a-los-lideres-de-los-departamentos\/","name":"Los l\u00edderes de Interam\u00e9rica eligen a los l\u00edderes de los departamentos - Iglesia Adventista del S\u00e9ptimo D\u00eda - Divisi\u00f3n Interamericana","isPartOf":{"@id":"https:\/\/interamerica.org\/es\/#website"},"primaryImageOfPage":{"@id":"https:\/\/interamerica.org\/es\/2015\/07\/los-lideres-de-interamerica-eligen-a-los-lideres-de-los-departamentos\/#primaryimage"},"image":{"@id":"https:\/\/interamerica.org\/es\/2015\/07\/los-lideres-de-interamerica-eligen-a-los-lideres-de-los-departamentos\/#primaryimage"},"thumbnailUrl":"https:\/\/interamerica.org\/wp-content\/uploads\/2017\/06\/IADcaucusJuly9.jpg","datePublished":"2015-07-09T04:00:00+00:00","author":{"@id":"https:\/\/interamerica.org\/es\/#\/schema\/person\/68ede8bdc292885bb76c1e3810e73c39"},"breadcrumb":{"@id":"https:\/\/interamerica.org\/es\/2015\/07\/los-lideres-de-interamerica-eligen-a-los-lideres-de-los-departamentos\/#breadcrumb"},"inLanguage":"es","potentialAction":[{"@type":"ReadAction","target":["https:\/\/interamerica.org\/es\/2015\/07\/los-lideres-de-interamerica-eligen-a-los-lideres-de-los-departamentos\/"]}]},{"@type":"ImageObject","inLanguage":"es","@id":"https:\/\/interamerica.org\/es\/2015\/07\/los-lideres-de-interamerica-eligen-a-los-lideres-de-los-departamentos\/#primaryimage","url":"https:\/\/interamerica.org\/wp-content\/uploads\/2017\/06\/IADcaucusJuly9.jpg","contentUrl":"https:\/\/interamerica.org\/wp-content\/uploads\/2017\/06\/IADcaucusJuly9.jpg","width":640,"height":427},{"@type":"BreadcrumbList","@id":"https:\/\/interamerica.org\/es\/2015\/07\/los-lideres-de-interamerica-eligen-a-los-lideres-de-los-departamentos\/#breadcrumb","itemListElement":[{"@type":"ListItem","position":1,"name":"Home","item":"https:\/\/interamerica.org\/es\/"},{"@type":"ListItem","position":2,"name":"Los l\u00edderes de Interam\u00e9rica eligen a los l\u00edderes de los departamentos"}]},{"@type":"WebSite","@id":"https:\/\/interamerica.org\/es\/#website","url":"https:\/\/interamerica.org\/es\/","name":"Iglesia Adventista del S\u00e9ptimo D\u00eda - Divisi\u00f3n Interamericana","description":"","potentialAction":[{"@type":"SearchAction","target":{"@type":"EntryPoint","urlTemplate":"https:\/\/interamerica.org\/es\/?s={search_term_string}"},"query-input":{"@type":"PropertyValueSpecification","valueRequired":true,"valueName":"search_term_string"}}],"inLanguage":"es"},{"@type":"Person","@id":"https:\/\/interamerica.org\/es\/#\/schema\/person\/68ede8bdc292885bb76c1e3810e73c39","name":"Lorenzo Verduzco","image":{"@type":"ImageObject","inLanguage":"es","@id":"https:\/\/secure.gravatar.com\/avatar\/fb81a55b6218459490a9c1dc841a34909185b81904c5337b4b27f7a6fd60c49e?s=96&d=mm&r=g","url":"https:\/\/secure.gravatar.com\/avatar\/fb81a55b6218459490a9c1dc841a34909185b81904c5337b4b27f7a6fd60c49e?s=96&d=mm&r=g","contentUrl":"https:\/\/secure.gravatar.com\/avatar\/fb81a55b6218459490a9c1dc841a34909185b81904c5337b4b27f7a6fd60c49e?s=96&d=mm&r=g","caption":"Lorenzo Verduzco"}}]}},"_links":{"self":[{"href":"https:\/\/interamerica.org\/es\/wp-json\/wp\/v2\/posts\/30889","targetHints":{"allow":["GET"]}}],"collection":[{"href":"https:\/\/interamerica.org\/es\/wp-json\/wp\/v2\/posts"}],"about":[{"href":"https:\/\/interamerica.org\/es\/wp-json\/wp\/v2\/types\/post"}],"author":[{"embeddable":true,"href":"https:\/\/interamerica.org\/es\/wp-json\/wp\/v2\/users\/1"}],"replies":[{"embeddable":true,"href":"https:\/\/interamerica.org\/es\/wp-json\/wp\/v2\/comments?post=30889"}],"version-history":[{"count":0,"href":"https:\/\/interamerica.org\/es\/wp-json\/wp\/v2\/posts\/30889\/revisions"}],"wp:featuredmedia":[{"embeddable":true,"href":"https:\/\/interamerica.org\/es\/wp-json\/wp\/v2\/media\/25790"}],"wp:attachment":[{"href":"https:\/\/interamerica.org\/es\/wp-json\/wp\/v2\/media?parent=30889"}],"wp:term":[{"taxonomy":"category","embeddable":true,"href":"https:\/\/interamerica.org\/es\/wp-json\/wp\/v2\/categories?post=30889"},{"taxonomy":"post_tag","embeddable":true,"href":"https:\/\/interamerica.org\/es\/wp-json\/wp\/v2\/tags?post=30889"}],"curies":[{"name":"wp","href":"https:\/\/api.w.org\/{rel}","templated":true}]}}