{"id":31014,"date":"2015-12-10T00:00:00","date_gmt":"2015-12-10T04:00:00","guid":{"rendered":"http:\/\/192.81.217.108\/interamerica\/2015\/12\/nuevo-descubrimiento-incluye-el-nombre-del-rey-ezequias\/"},"modified":"2015-12-10T00:00:00","modified_gmt":"2015-12-10T04:00:00","slug":"nuevo-descubrimiento-incluye-el-nombre-del-rey-ezequias","status":"publish","type":"post","link":"https:\/\/interamerica.org\/es\/2015\/12\/nuevo-descubrimiento-incluye-el-nombre-del-rey-ezequias\/","title":{"rendered":"Nuevo descubrimiento incluye el nombre del rey Ezequ\u00edas"},"content":{"rendered":"<div id=\"attachment_20599\" style=\"width: 710px\" class=\"wp-caption aligncenter\"><a href=\"\/interamerica\/wp-content\/uploads\/2017\/06\/Hezekiah-seal-1.jpg\" rel=\"fancybox\" title=\"Nuevo descubrimiento incluye el nombre del rey Ezequ\u00edas\"><img fetchpriority=\"high\" decoding=\"async\" aria-describedby=\"caption-attachment-20599\" class=\" wp-image-20599 \" src=\"\/interamerica\/wp-content\/uploads\/2017\/06\/Hezekiah-seal-1.jpg\" alt=\"\" width=\"700\" height=\"350\" \/><\/a><p id=\"caption-attachment-20599\" class=\"wp-caption-text\">La impresi\u00f3n de un sello hallado durante excavaciones en Jerusal\u00e9n. \u00a9 Eilat Mazar Imagen: Ouria Tadmor<\/p><\/div>\n<p>9 de diciembre de 2015 | Collegedale, Tennessee, Estados Unidos | Michael Hasel, profesor de estudios del Antiguo Cercano Oriente y arqueolog\u00eda, Universidad Adventista Southern<\/p>\n<p>La Universidad Hebrea de Jerusal\u00e9n anunci\u00f3 un descubrimiento significativo la semana pasada: el primer sello con la impresi\u00f3n de un rey jud\u00edo que alguna vez hallaron los arque\u00f3logos en Jerusal\u00e9n.<\/p>\n<p>La impresi\u00f3n dice: \u00abPertenece a Ezequ\u00edas [hijo de] Acaz, rey de Jud\u00e1\u00bb.<\/p>\n<p>Ezequ\u00edas, que rein\u00f3 del 715 al 686 a.C., recibe considerable atenci\u00f3n en los libros de 2 Reyes, Isa\u00edas y 2 Cr\u00f3nicas por sus extensas reformas antes de la campa\u00f1a asiria de Senaquerib. La Biblia dice: \u00abEntre todos los reyes de Jud\u00e1 no hubo otro como \u00e9l, antes ni despu\u00e9s\u00bb (2 Reyes 18:5).<\/p>\n<p>La impresi\u00f3n del sello fue hallada en 2009 durante las excavaciones Ophel dirigidas por el doctor Eilat Mazar del Instituto de Arqueolog\u00eda en la Universidad Hebrea de Jerusal\u00e9n, cerca del Edificio Real. Fue el primer identificado este a\u00f1o durante la preparaci\u00f3n del informe final de las excavaciones.<\/p>\n<p>La impresi\u00f3n del sello, conocida como bulla, mide 9,7 por 8,6 mil\u00edmetros, por lo que no es m\u00e1s grande que una u\u00f1a de un dedo humano. La impresi\u00f3n se hac\u00eda despu\u00e9s de que un documento era escrito en papiro o pergamino. Una cuerda se ataba alrededor de la carta, y una pieza de arcilla fresca se colocaba sobre la cuerda antes de que se le imprimiera el sello personal del rey. Varios cientos de estas bullae han sido halladas en Jerusal\u00e9n durante las excavaciones de Ophel gracias al procedimiento de tamizado en h\u00famedo, que se produce cuando se roc\u00eda agua sobre los contenidos de un cubo de tierra excavada.<\/p>\n<p>La bulla de Ezequ\u00edas es significativa por dos razones:<\/p>\n<p>1. El significado de las im\u00e1genes. En el centro del sello aparecen tres im\u00e1genes. Un disco solar con seis rayos que salen de \u00e9l y un par de alas hacia abajo es flanqueado en ambos lados por el anj, el s\u00edmbolo de la vida eterna.<\/p>\n<p>\u00bfPor qu\u00e9 Ezequ\u00edas habr\u00eda de colocar estos en su sello cuando la Biblia dice que purg\u00f3 a Jerusal\u00e9n de pr\u00e1cticas de adoraci\u00f3n sincretista? En contraste con esto, el sello de su malvado padre Acaz no tiene s\u00edmbolos sino tan solo est\u00e1 escrito en hebreo.<\/p>\n<p>Hay dos explicaciones posibles. Puede que Ezequ\u00edas haya empleado s\u00edmbolos egipcios debido a su alianza pol\u00edtica con Egipto. Esta alianza hizo que Senaquerib fuera de campa\u00f1a para tratar de reafirmar su dominio sobre Jud\u00e1. O tal vez Ezequ\u00edas estaba usando im\u00e1genes para Yahv\u00e9 que tambi\u00e9n se encuentran en la Biblia. El salmista dice: \u00abPorque sol y escudo es Jehov\u00e1 Dios\u00bb (Salmos 84:11), y el profeta escribe: \u00abMas para vosotros, los que tem\u00e9is mi nombre, nacer\u00e1 el sol de justicia y en sus alas traer\u00e1 salvaci\u00f3n\u00bb (Malaqu\u00edas 4:2). En este caso, el uso que hace Ezequ\u00edas de esta imagen no necesariamente refleja conceptos egipcios sino hebreos.<\/p>\n<p>En los mercados de antig\u00fcedades, se conocen otras ocho bullae que llevan el nombre de Ezequ\u00edas. Seis de ellas tienen un escarabajo con alas, un s\u00edmbolo de autoridad real. Otras dos son id\u00e9nticas con esta impresi\u00f3n de sello, seg\u00fan la investigaci\u00f3n de Robert Deutsch publicada en el n\u00famero de Julio\/Agosto 2002 de la Revista de Arqueolog\u00eda B\u00edblica. Las im\u00e1genes de ahora tres impresiones, incluyendo esta \u00faltima, fueron hechas por el mismo sello, y pueden sugerir cambios efectuados al sello de Ezequ\u00edas despu\u00e9s de su recuperaci\u00f3n de una enfermedad terminal que se describe en 2 Reyes 20:1-8, si bien no se sabe con seguridad la fecha, debido al contexto estratigr\u00e1fico mixto del hallazgo.<\/p>\n<p>2. Hallado en Jerusal\u00e9n. Esta es la primera impresi\u00f3n de un sello de un rey de Jud\u00e1 hallada en excavaciones legales en Jerusal\u00e9n. Antes de esto, todaas las dem\u00e1s impresiones de sellos estaban rodeadas de incertidumbre, y su origen preciso era desconocido. Ahora est\u00e1 claro que las dos impresiones id\u00e9nticas anteriores eran aut\u00e9nticas y provienen del mismo sello. Por medio de la arqueolog\u00eda, podemos remontarnos en el tiempo y virtualmente dar la mano al rey Ezequ\u00edas, porque lo m\u00e1s probable es que estas impresiones fueron hechas por su misma mano.<\/p>\n<p><em>Traducci\u00f3n de Marcos Paseggi<\/em><\/p>\n","protected":false},"excerpt":{"rendered":"<p>La Universidad Hebrea de Jerusal\u00e9n anunci\u00f3 un descubrimiento significativo la semana pasada: el primer sello con la impresi\u00f3n de un rey jud\u00edo que alguna vez hallaron los arque\u00f3logos en Jerusal\u00e9n. La impresi\u00f3n dice: \u00abPertenece a Ezequ\u00edas [hijo de] Acaz, rey de Jud\u00e1\u00bb.<\/p>\n","protected":false},"author":1,"featured_media":26766,"comment_status":"closed","ping_status":"closed","sticky":false,"template":"","format":"standard","meta":{"_acf_changed":false,"footnotes":""},"categories":[14,15],"tags":[],"class_list":["post-31014","post","type-post","status-publish","format-standard","has-post-thumbnail","hentry","category-de-la-iglesia-mundial","category-rss-espanol"],"acf":[],"yoast_head":"<!-- This site is optimized with the Yoast SEO plugin v27.3 - https:\/\/yoast.com\/product\/yoast-seo-wordpress\/ -->\n<title>Nuevo descubrimiento incluye el nombre del rey Ezequ\u00edas - Iglesia Adventista del S\u00e9ptimo D\u00eda - Divisi\u00f3n Interamericana<\/title>\n<meta name=\"robots\" content=\"index, follow, max-snippet:-1, max-image-preview:large, max-video-preview:-1\" \/>\n<link rel=\"canonical\" href=\"https:\/\/interamerica.org\/es\/2015\/12\/nuevo-descubrimiento-incluye-el-nombre-del-rey-ezequias\/\" \/>\n<meta property=\"og:locale\" content=\"es_ES\" \/>\n<meta property=\"og:type\" content=\"article\" \/>\n<meta property=\"og:title\" content=\"Nuevo descubrimiento incluye el nombre del rey Ezequ\u00edas - Iglesia Adventista del S\u00e9ptimo D\u00eda - Divisi\u00f3n Interamericana\" \/>\n<meta property=\"og:description\" content=\"La Universidad Hebrea de Jerusal\u00e9n anunci\u00f3 un descubrimiento significativo la semana pasada: el primer sello con la impresi\u00f3n de un rey jud\u00edo que alguna vez hallaron los arque\u00f3logos en Jerusal\u00e9n. La impresi\u00f3n dice: &quot;Pertenece a Ezequ\u00edas [hijo de] Acaz, rey de Jud\u00e1&quot;.\" \/>\n<meta property=\"og:url\" content=\"https:\/\/interamerica.org\/es\/2015\/12\/nuevo-descubrimiento-incluye-el-nombre-del-rey-ezequias\/\" \/>\n<meta property=\"og:site_name\" content=\"Iglesia Adventista del S\u00e9ptimo D\u00eda - Divisi\u00f3n Interamericana\" \/>\n<meta property=\"article:published_time\" content=\"2015-12-10T04:00:00+00:00\" \/>\n<meta property=\"og:image\" content=\"https:\/\/interamerica.org\/wp-content\/uploads\/2017\/06\/Hezekiah-seal-1.jpg\" \/>\n\t<meta property=\"og:image:width\" content=\"1000\" \/>\n\t<meta property=\"og:image:height\" content=\"500\" \/>\n\t<meta property=\"og:image:type\" content=\"image\/jpeg\" \/>\n<meta name=\"author\" content=\"Lorenzo Verduzco\" \/>\n<meta name=\"twitter:card\" content=\"summary_large_image\" \/>\n<meta name=\"twitter:label1\" content=\"Escrito por\" \/>\n\t<meta name=\"twitter:data1\" content=\"Lorenzo Verduzco\" \/>\n\t<meta name=\"twitter:label2\" content=\"Tiempo de lectura\" \/>\n\t<meta name=\"twitter:data2\" content=\"4 minutos\" \/>\n<script type=\"application\/ld+json\" class=\"yoast-schema-graph\">{\"@context\":\"https:\\\/\\\/schema.org\",\"@graph\":[{\"@type\":\"Article\",\"@id\":\"https:\\\/\\\/interamerica.org\\\/es\\\/2015\\\/12\\\/nuevo-descubrimiento-incluye-el-nombre-del-rey-ezequias\\\/#article\",\"isPartOf\":{\"@id\":\"https:\\\/\\\/interamerica.org\\\/es\\\/2015\\\/12\\\/nuevo-descubrimiento-incluye-el-nombre-del-rey-ezequias\\\/\"},\"author\":{\"name\":\"Lorenzo Verduzco\",\"@id\":\"https:\\\/\\\/interamerica.org\\\/es\\\/#\\\/schema\\\/person\\\/68ede8bdc292885bb76c1e3810e73c39\"},\"headline\":\"Nuevo descubrimiento incluye el nombre del rey Ezequ\u00edas\",\"datePublished\":\"2015-12-10T04:00:00+00:00\",\"mainEntityOfPage\":{\"@id\":\"https:\\\/\\\/interamerica.org\\\/es\\\/2015\\\/12\\\/nuevo-descubrimiento-incluye-el-nombre-del-rey-ezequias\\\/\"},\"wordCount\":775,\"image\":{\"@id\":\"https:\\\/\\\/interamerica.org\\\/es\\\/2015\\\/12\\\/nuevo-descubrimiento-incluye-el-nombre-del-rey-ezequias\\\/#primaryimage\"},\"thumbnailUrl\":\"https:\\\/\\\/interamerica.org\\\/wp-content\\\/uploads\\\/2017\\\/06\\\/Hezekiah-seal-1.jpg\",\"articleSection\":[\"Desde la iglesia mundial\",\"RSS Espa\u00f1ol\"],\"inLanguage\":\"es\"},{\"@type\":\"WebPage\",\"@id\":\"https:\\\/\\\/interamerica.org\\\/es\\\/2015\\\/12\\\/nuevo-descubrimiento-incluye-el-nombre-del-rey-ezequias\\\/\",\"url\":\"https:\\\/\\\/interamerica.org\\\/es\\\/2015\\\/12\\\/nuevo-descubrimiento-incluye-el-nombre-del-rey-ezequias\\\/\",\"name\":\"Nuevo descubrimiento incluye el nombre del rey Ezequ\u00edas - Iglesia Adventista del S\u00e9ptimo D\u00eda - Divisi\u00f3n Interamericana\",\"isPartOf\":{\"@id\":\"https:\\\/\\\/interamerica.org\\\/es\\\/#website\"},\"primaryImageOfPage\":{\"@id\":\"https:\\\/\\\/interamerica.org\\\/es\\\/2015\\\/12\\\/nuevo-descubrimiento-incluye-el-nombre-del-rey-ezequias\\\/#primaryimage\"},\"image\":{\"@id\":\"https:\\\/\\\/interamerica.org\\\/es\\\/2015\\\/12\\\/nuevo-descubrimiento-incluye-el-nombre-del-rey-ezequias\\\/#primaryimage\"},\"thumbnailUrl\":\"https:\\\/\\\/interamerica.org\\\/wp-content\\\/uploads\\\/2017\\\/06\\\/Hezekiah-seal-1.jpg\",\"datePublished\":\"2015-12-10T04:00:00+00:00\",\"author\":{\"@id\":\"https:\\\/\\\/interamerica.org\\\/es\\\/#\\\/schema\\\/person\\\/68ede8bdc292885bb76c1e3810e73c39\"},\"breadcrumb\":{\"@id\":\"https:\\\/\\\/interamerica.org\\\/es\\\/2015\\\/12\\\/nuevo-descubrimiento-incluye-el-nombre-del-rey-ezequias\\\/#breadcrumb\"},\"inLanguage\":\"es\",\"potentialAction\":[{\"@type\":\"ReadAction\",\"target\":[\"https:\\\/\\\/interamerica.org\\\/es\\\/2015\\\/12\\\/nuevo-descubrimiento-incluye-el-nombre-del-rey-ezequias\\\/\"]}]},{\"@type\":\"ImageObject\",\"inLanguage\":\"es\",\"@id\":\"https:\\\/\\\/interamerica.org\\\/es\\\/2015\\\/12\\\/nuevo-descubrimiento-incluye-el-nombre-del-rey-ezequias\\\/#primaryimage\",\"url\":\"https:\\\/\\\/interamerica.org\\\/wp-content\\\/uploads\\\/2017\\\/06\\\/Hezekiah-seal-1.jpg\",\"contentUrl\":\"https:\\\/\\\/interamerica.org\\\/wp-content\\\/uploads\\\/2017\\\/06\\\/Hezekiah-seal-1.jpg\",\"width\":1000,\"height\":500},{\"@type\":\"BreadcrumbList\",\"@id\":\"https:\\\/\\\/interamerica.org\\\/es\\\/2015\\\/12\\\/nuevo-descubrimiento-incluye-el-nombre-del-rey-ezequias\\\/#breadcrumb\",\"itemListElement\":[{\"@type\":\"ListItem\",\"position\":1,\"name\":\"Home\",\"item\":\"https:\\\/\\\/interamerica.org\\\/es\\\/\"},{\"@type\":\"ListItem\",\"position\":2,\"name\":\"Nuevo descubrimiento incluye el nombre del rey Ezequ\u00edas\"}]},{\"@type\":\"WebSite\",\"@id\":\"https:\\\/\\\/interamerica.org\\\/es\\\/#website\",\"url\":\"https:\\\/\\\/interamerica.org\\\/es\\\/\",\"name\":\"Iglesia Adventista del S\u00e9ptimo D\u00eda - Divisi\u00f3n Interamericana\",\"description\":\"\",\"potentialAction\":[{\"@type\":\"SearchAction\",\"target\":{\"@type\":\"EntryPoint\",\"urlTemplate\":\"https:\\\/\\\/interamerica.org\\\/es\\\/?s={search_term_string}\"},\"query-input\":{\"@type\":\"PropertyValueSpecification\",\"valueRequired\":true,\"valueName\":\"search_term_string\"}}],\"inLanguage\":\"es\"},{\"@type\":\"Person\",\"@id\":\"https:\\\/\\\/interamerica.org\\\/es\\\/#\\\/schema\\\/person\\\/68ede8bdc292885bb76c1e3810e73c39\",\"name\":\"Lorenzo Verduzco\",\"image\":{\"@type\":\"ImageObject\",\"inLanguage\":\"es\",\"@id\":\"https:\\\/\\\/secure.gravatar.com\\\/avatar\\\/fb81a55b6218459490a9c1dc841a34909185b81904c5337b4b27f7a6fd60c49e?s=96&d=mm&r=g\",\"url\":\"https:\\\/\\\/secure.gravatar.com\\\/avatar\\\/fb81a55b6218459490a9c1dc841a34909185b81904c5337b4b27f7a6fd60c49e?s=96&d=mm&r=g\",\"contentUrl\":\"https:\\\/\\\/secure.gravatar.com\\\/avatar\\\/fb81a55b6218459490a9c1dc841a34909185b81904c5337b4b27f7a6fd60c49e?s=96&d=mm&r=g\",\"caption\":\"Lorenzo Verduzco\"}}]}<\/script>\n<!-- \/ Yoast SEO plugin. -->","yoast_head_json":{"title":"Nuevo descubrimiento incluye el nombre del rey Ezequ\u00edas - Iglesia Adventista del S\u00e9ptimo D\u00eda - Divisi\u00f3n Interamericana","robots":{"index":"index","follow":"follow","max-snippet":"max-snippet:-1","max-image-preview":"max-image-preview:large","max-video-preview":"max-video-preview:-1"},"canonical":"https:\/\/interamerica.org\/es\/2015\/12\/nuevo-descubrimiento-incluye-el-nombre-del-rey-ezequias\/","og_locale":"es_ES","og_type":"article","og_title":"Nuevo descubrimiento incluye el nombre del rey Ezequ\u00edas - Iglesia Adventista del S\u00e9ptimo D\u00eda - Divisi\u00f3n Interamericana","og_description":"La Universidad Hebrea de Jerusal\u00e9n anunci\u00f3 un descubrimiento significativo la semana pasada: el primer sello con la impresi\u00f3n de un rey jud\u00edo que alguna vez hallaron los arque\u00f3logos en Jerusal\u00e9n. La impresi\u00f3n dice: \"Pertenece a Ezequ\u00edas [hijo de] Acaz, rey de Jud\u00e1\".","og_url":"https:\/\/interamerica.org\/es\/2015\/12\/nuevo-descubrimiento-incluye-el-nombre-del-rey-ezequias\/","og_site_name":"Iglesia Adventista del S\u00e9ptimo D\u00eda - Divisi\u00f3n Interamericana","article_published_time":"2015-12-10T04:00:00+00:00","og_image":[{"width":1000,"height":500,"url":"https:\/\/interamerica.org\/wp-content\/uploads\/2017\/06\/Hezekiah-seal-1.jpg","type":"image\/jpeg"}],"author":"Lorenzo Verduzco","twitter_card":"summary_large_image","twitter_misc":{"Escrito por":"Lorenzo Verduzco","Tiempo de lectura":"4 minutos"},"schema":{"@context":"https:\/\/schema.org","@graph":[{"@type":"Article","@id":"https:\/\/interamerica.org\/es\/2015\/12\/nuevo-descubrimiento-incluye-el-nombre-del-rey-ezequias\/#article","isPartOf":{"@id":"https:\/\/interamerica.org\/es\/2015\/12\/nuevo-descubrimiento-incluye-el-nombre-del-rey-ezequias\/"},"author":{"name":"Lorenzo Verduzco","@id":"https:\/\/interamerica.org\/es\/#\/schema\/person\/68ede8bdc292885bb76c1e3810e73c39"},"headline":"Nuevo descubrimiento incluye el nombre del rey Ezequ\u00edas","datePublished":"2015-12-10T04:00:00+00:00","mainEntityOfPage":{"@id":"https:\/\/interamerica.org\/es\/2015\/12\/nuevo-descubrimiento-incluye-el-nombre-del-rey-ezequias\/"},"wordCount":775,"image":{"@id":"https:\/\/interamerica.org\/es\/2015\/12\/nuevo-descubrimiento-incluye-el-nombre-del-rey-ezequias\/#primaryimage"},"thumbnailUrl":"https:\/\/interamerica.org\/wp-content\/uploads\/2017\/06\/Hezekiah-seal-1.jpg","articleSection":["Desde la iglesia mundial","RSS Espa\u00f1ol"],"inLanguage":"es"},{"@type":"WebPage","@id":"https:\/\/interamerica.org\/es\/2015\/12\/nuevo-descubrimiento-incluye-el-nombre-del-rey-ezequias\/","url":"https:\/\/interamerica.org\/es\/2015\/12\/nuevo-descubrimiento-incluye-el-nombre-del-rey-ezequias\/","name":"Nuevo descubrimiento incluye el nombre del rey Ezequ\u00edas - Iglesia Adventista del S\u00e9ptimo D\u00eda - Divisi\u00f3n Interamericana","isPartOf":{"@id":"https:\/\/interamerica.org\/es\/#website"},"primaryImageOfPage":{"@id":"https:\/\/interamerica.org\/es\/2015\/12\/nuevo-descubrimiento-incluye-el-nombre-del-rey-ezequias\/#primaryimage"},"image":{"@id":"https:\/\/interamerica.org\/es\/2015\/12\/nuevo-descubrimiento-incluye-el-nombre-del-rey-ezequias\/#primaryimage"},"thumbnailUrl":"https:\/\/interamerica.org\/wp-content\/uploads\/2017\/06\/Hezekiah-seal-1.jpg","datePublished":"2015-12-10T04:00:00+00:00","author":{"@id":"https:\/\/interamerica.org\/es\/#\/schema\/person\/68ede8bdc292885bb76c1e3810e73c39"},"breadcrumb":{"@id":"https:\/\/interamerica.org\/es\/2015\/12\/nuevo-descubrimiento-incluye-el-nombre-del-rey-ezequias\/#breadcrumb"},"inLanguage":"es","potentialAction":[{"@type":"ReadAction","target":["https:\/\/interamerica.org\/es\/2015\/12\/nuevo-descubrimiento-incluye-el-nombre-del-rey-ezequias\/"]}]},{"@type":"ImageObject","inLanguage":"es","@id":"https:\/\/interamerica.org\/es\/2015\/12\/nuevo-descubrimiento-incluye-el-nombre-del-rey-ezequias\/#primaryimage","url":"https:\/\/interamerica.org\/wp-content\/uploads\/2017\/06\/Hezekiah-seal-1.jpg","contentUrl":"https:\/\/interamerica.org\/wp-content\/uploads\/2017\/06\/Hezekiah-seal-1.jpg","width":1000,"height":500},{"@type":"BreadcrumbList","@id":"https:\/\/interamerica.org\/es\/2015\/12\/nuevo-descubrimiento-incluye-el-nombre-del-rey-ezequias\/#breadcrumb","itemListElement":[{"@type":"ListItem","position":1,"name":"Home","item":"https:\/\/interamerica.org\/es\/"},{"@type":"ListItem","position":2,"name":"Nuevo descubrimiento incluye el nombre del rey Ezequ\u00edas"}]},{"@type":"WebSite","@id":"https:\/\/interamerica.org\/es\/#website","url":"https:\/\/interamerica.org\/es\/","name":"Iglesia Adventista del S\u00e9ptimo D\u00eda - Divisi\u00f3n Interamericana","description":"","potentialAction":[{"@type":"SearchAction","target":{"@type":"EntryPoint","urlTemplate":"https:\/\/interamerica.org\/es\/?s={search_term_string}"},"query-input":{"@type":"PropertyValueSpecification","valueRequired":true,"valueName":"search_term_string"}}],"inLanguage":"es"},{"@type":"Person","@id":"https:\/\/interamerica.org\/es\/#\/schema\/person\/68ede8bdc292885bb76c1e3810e73c39","name":"Lorenzo Verduzco","image":{"@type":"ImageObject","inLanguage":"es","@id":"https:\/\/secure.gravatar.com\/avatar\/fb81a55b6218459490a9c1dc841a34909185b81904c5337b4b27f7a6fd60c49e?s=96&d=mm&r=g","url":"https:\/\/secure.gravatar.com\/avatar\/fb81a55b6218459490a9c1dc841a34909185b81904c5337b4b27f7a6fd60c49e?s=96&d=mm&r=g","contentUrl":"https:\/\/secure.gravatar.com\/avatar\/fb81a55b6218459490a9c1dc841a34909185b81904c5337b4b27f7a6fd60c49e?s=96&d=mm&r=g","caption":"Lorenzo Verduzco"}}]}},"_links":{"self":[{"href":"https:\/\/interamerica.org\/es\/wp-json\/wp\/v2\/posts\/31014","targetHints":{"allow":["GET"]}}],"collection":[{"href":"https:\/\/interamerica.org\/es\/wp-json\/wp\/v2\/posts"}],"about":[{"href":"https:\/\/interamerica.org\/es\/wp-json\/wp\/v2\/types\/post"}],"author":[{"embeddable":true,"href":"https:\/\/interamerica.org\/es\/wp-json\/wp\/v2\/users\/1"}],"replies":[{"embeddable":true,"href":"https:\/\/interamerica.org\/es\/wp-json\/wp\/v2\/comments?post=31014"}],"version-history":[{"count":0,"href":"https:\/\/interamerica.org\/es\/wp-json\/wp\/v2\/posts\/31014\/revisions"}],"wp:featuredmedia":[{"embeddable":true,"href":"https:\/\/interamerica.org\/es\/wp-json\/wp\/v2\/media\/26766"}],"wp:attachment":[{"href":"https:\/\/interamerica.org\/es\/wp-json\/wp\/v2\/media?parent=31014"}],"wp:term":[{"taxonomy":"category","embeddable":true,"href":"https:\/\/interamerica.org\/es\/wp-json\/wp\/v2\/categories?post=31014"},{"taxonomy":"post_tag","embeddable":true,"href":"https:\/\/interamerica.org\/es\/wp-json\/wp\/v2\/tags?post=31014"}],"curies":[{"name":"wp","href":"https:\/\/api.w.org\/{rel}","templated":true}]}}