{"id":31160,"date":"2016-06-21T00:00:00","date_gmt":"2016-06-21T04:00:00","guid":{"rendered":"http:\/\/192.81.217.108\/interamerica\/2016\/06\/adra-hace-un-llamado-a-la-comunidad-internacional-a-encontrar-una-solucion-oportuna-y-humana-para-la-reubicacion-de-refugiados-mundialmente\/"},"modified":"2016-06-21T00:00:00","modified_gmt":"2016-06-21T04:00:00","slug":"adra-hace-un-llamado-a-la-comunidad-internacional-a-encontrar-una-solucion-oportuna-y-humana-para-la-reubicacion-de-refugiados-mundialmente","status":"publish","type":"post","link":"https:\/\/interamerica.org\/es\/2016\/06\/adra-hace-un-llamado-a-la-comunidad-internacional-a-encontrar-una-solucion-oportuna-y-humana-para-la-reubicacion-de-refugiados-mundialmente\/","title":{"rendered":"ADRA hace un llamado a la comunidad internacional a encontrar una soluci\u00f3n oportuna y humana para la reubicaci\u00f3n de refugiados mundialmente"},"content":{"rendered":"<p>20 de junio de 2016 | Silver Spring, Maryland, Estados Unidos | Jessica Duffy, ADRA Internacional<\/p>\n<p>La Agencia de Desarrollo y Recursos Asistenciales (ADRA) hizo la siguiente declaraci\u00f3n en honor del D\u00eda Mundial del Refugiado.<\/p>\n<div id=\"attachment_22962\" style=\"width: 410px\" class=\"wp-caption alignright\"><a href=\"\/interamerica\/wp-content\/uploads\/2017\/06\/csm_World_Refugee_Day_Photo_6979458abc.jpg\" rel=\"fancybox\" title=\"ADRA hace un llamado a la comunidad internacional a encontrar una soluci\u00f3n oportuna y humana para la reubicaci\u00f3n de refugiados mundialmente\"><img fetchpriority=\"high\" decoding=\"async\" aria-describedby=\"caption-attachment-22962\" class=\"size-full wp-image-22962\" src=\"\/interamerica\/wp-content\/uploads\/2017\/06\/csm_World_Refugee_Day_Photo_6979458abc.jpg\" alt=\"\" width=\"400\" height=\"300\" \/><\/a><p id=\"caption-attachment-22962\" class=\"wp-caption-text\">Imagen por ADRA International<\/p><\/div>\n<p>En este D\u00eda Mundial del Refugiado hay m\u00e1s de 60 millones de personas en todo el mundo que se encuentran internamente desplazadas, en busca de asilo, o viviendo como refugiados en otros pa\u00edses. Las Naciones Unidas han descrito la crisis en Siria, la cual ha hecho desplazarse aproximadamente a la mitad de la poblaci\u00f3n del pa\u00eds, como la m\u00e1s grande emergencia humanitaria de nuestra era.<\/p>\n<p>Como organizaci\u00f3n internacional humanitaria, ADRA tiene una larga historia de asistencia a personas desplazadas por razones de conflicto y persecuci\u00f3n. Solamente entre el a\u00f1o 2010 y el 2015, ADRA ha ayudado aproximadamente a 5 millones de refugiados y personas internamente desplazadas. Estamos actualmente ayudando a personas refugiadas, a personas en busca de asilo, personas internamente desplazadas y personas que regresan a su pa\u00eds, tanto en Asia, \u00c1frica, el Oriente Medio y las Am\u00e9ricas. La respuesta de ADRA a la crisis implica el responder a las necesidades de las personas internamente desplazadas dentro de Siria y trabajar con los refugiados y personas que buscan asilo en L\u00edbano, Grecia y otras partes de Europa.<\/p>\n<p>Frente a esta crisis humanitaria sin precedentes, ADRA est\u00e1 haciendo resaltar este D\u00eda Mundial del Refugiado, con un llamado a la acci\u00f3n.<\/p>\n<p>Hacemos un llamado a la COMUNIDAD INTERNACIONAL a encontrar una soluci\u00f3n oportuna y humana para reubicar a los refugiados atrapados en Grecia y otras partes del mundo. Hacemos tambi\u00e9n el llamado a la comunidad internacional para que preste atenci\u00f3n y aborde las circunstancias que hacen que las personas se conviertan en refugiadas. Hacemos un llamado a la comunidad internacional a prestar ayuda al gobierno sirio para que encuentre una soluci\u00f3n pac\u00edfica al conflicto y para que aborde los conflictos y asuntos relacionados con derechos humanos en otros pa\u00edses, que causan que la gente abandone su hogar.<\/p>\n<p>Hacemos un llamado a los POL\u00cdTICOS a permanecer fieles a sus creencias y a no dejarse llevar por el populismo. Lo que es correcto y lo que es incorrecto no cambia nunca. La dignidad humana y los derechos humanos son siempre los mismos, independientemente de las circunstancias cambiantes y el comercio.<\/p>\n<p>Hacemos un llamado a los MEDIOS de comunicaci\u00f3n para que informen en manera responsable sobre la crisis de refugiados y eventos relacionados con la misma. Les hacemos un llamado a presentar una imagen justa y equilibrada de los eventos y a no avivar los temores y prejuicios de las personas.<\/p>\n<p>Hacemos un llamado a las IGLESIAS para que les hablen a sus congregaciones acerca de cu\u00e1l debe ser la respuesta cristiana a esos eventos y de c\u00f3mo seguir el ejemplo de Jes\u00fas, aun en tiempos dif\u00edciles. Las iglesias adventistas en Europa se han asociado con ADRA en proyectos para apoyar a refugiados en su comunidad. Desafiamos a las iglesias a considerar si tienen un papel a desempe\u00f1ar para alcanzar a los millones de personas desplazadas en todo el mundo y en sus propias comunidades.<\/p>\n<p>Hacemos un llamado a las PERSONAS para no dejarse guiar por el ego\u00edsmo, el temor y el prejuicio. Las instamos a una respuesta a esta crisis guiada por la inteligencia, la compasi\u00f3n y el reconocimiento de la humanidad que compartimos y los derechos humanos. Creemos que cada persona tiene el poder de ejercer un impacto positivo sobre el mundo que le rodea y que siempre hay algo que cada uno puede hacer para ayudar a refugiados aun cuando sea solamente elevar una oraci\u00f3n en su favor o educarse a s\u00ed mismo acerca de la situaci\u00f3n.<\/p>\n<p>Para enterarte m\u00e1s acerca de la labor de ADRA en favor de los refugiados y para leer historias de algunos de los refugiados con quienes nos hemos encontrado, entra a <a href=\"https:\/\/adra.org\/refugees\/\">ADRA.org\/refugees<\/a>. Para informarte acerca de lo que puedes hacer para ayudar a refugiados, firma nuestra <a href=\"https:\/\/actionsprout.io\/4348D6\/initial\">promesa<\/a>. Para descargar algunos recursos que tu iglesia puede usar para dedicar un servicio religioso a los refugiados, entra a <a href=\"https:\/\/www.adventist.org\/en\/information\/special-days\/refugees\/\">https:\/\/www.adventist.org\/en\/information\/special-days\/refugees\/<\/a>.<\/p>\n<p>Traducci\u00f3n por Gloria A. Castrej\u00f3n<\/p>\n","protected":false},"excerpt":{"rendered":"<p>La Agencia de Desarrollo y Recursos Asistenciales (ADRA) hizo la siguiente declaraci\u00f3n en honor del D\u00eda Mundial del Refugiado. En este D\u00eda Mundial del Refugiado hay m\u00e1s de 60 millones de personas en todo el mundo que se encuentran internamente desplazadas, en busca de asilo, o viviendo como refugiados en otros pa\u00edses. <\/p>\n<p>Las Naciones Unidas han descrito la crisis en Siria, la cual ha hecho desplazarse aproximadamente a la mitad de la poblaci\u00f3n del pa\u00eds, como la m\u00e1s grande emergencia humanitaria de nuestra era.<\/p>\n","protected":false},"author":1,"featured_media":27954,"comment_status":"closed","ping_status":"closed","sticky":false,"template":"","format":"standard","meta":{"_acf_changed":false,"footnotes":""},"categories":[14,15],"tags":[],"class_list":["post-31160","post","type-post","status-publish","format-standard","has-post-thumbnail","hentry","category-de-la-iglesia-mundial","category-rss-espanol"],"acf":[],"yoast_head":"<!-- This site is optimized with the Yoast SEO plugin v27.3 - https:\/\/yoast.com\/product\/yoast-seo-wordpress\/ -->\n<title>ADRA hace un llamado a la comunidad internacional a encontrar una soluci\u00f3n oportuna y humana para la reubicaci\u00f3n de refugiados mundialmente - Iglesia Adventista del S\u00e9ptimo D\u00eda - Divisi\u00f3n Interamericana<\/title>\n<meta name=\"robots\" content=\"index, follow, max-snippet:-1, max-image-preview:large, max-video-preview:-1\" \/>\n<link rel=\"canonical\" href=\"https:\/\/interamerica.org\/es\/2016\/06\/adra-hace-un-llamado-a-la-comunidad-internacional-a-encontrar-una-solucion-oportuna-y-humana-para-la-reubicacion-de-refugiados-mundialmente\/\" \/>\n<meta property=\"og:locale\" content=\"es_ES\" \/>\n<meta property=\"og:type\" content=\"article\" \/>\n<meta property=\"og:title\" content=\"ADRA hace un llamado a la comunidad internacional a encontrar una soluci\u00f3n oportuna y humana para la reubicaci\u00f3n de refugiados mundialmente - Iglesia Adventista del S\u00e9ptimo D\u00eda - Divisi\u00f3n Interamericana\" \/>\n<meta property=\"og:description\" content=\"La Agencia de Desarrollo y Recursos Asistenciales (ADRA) hizo la siguiente declaraci\u00f3n en honor del D\u00eda Mundial del Refugiado. En este D\u00eda Mundial del Refugiado hay m\u00e1s de 60 millones de personas en todo el mundo que se encuentran internamente desplazadas, en busca de asilo, o viviendo como refugiados en otros pa\u00edses.  Las Naciones Unidas han descrito la crisis en Siria, la cual ha hecho desplazarse aproximadamente a la mitad de la poblaci\u00f3n del pa\u00eds, como la m\u00e1s grande emergencia humanitaria de nuestra era.\" \/>\n<meta property=\"og:url\" content=\"https:\/\/interamerica.org\/es\/2016\/06\/adra-hace-un-llamado-a-la-comunidad-internacional-a-encontrar-una-solucion-oportuna-y-humana-para-la-reubicacion-de-refugiados-mundialmente\/\" \/>\n<meta property=\"og:site_name\" content=\"Iglesia Adventista del S\u00e9ptimo D\u00eda - Divisi\u00f3n Interamericana\" \/>\n<meta property=\"article:published_time\" content=\"2016-06-21T04:00:00+00:00\" \/>\n<meta property=\"og:image\" content=\"https:\/\/interamerica.org\/wp-content\/uploads\/2017\/06\/csm_World_Refugee_Day_Photo_6979458abc.jpg\" \/>\n\t<meta property=\"og:image:width\" content=\"400\" \/>\n\t<meta property=\"og:image:height\" content=\"300\" \/>\n\t<meta property=\"og:image:type\" content=\"image\/jpeg\" \/>\n<meta name=\"author\" content=\"Lorenzo Verduzco\" \/>\n<meta name=\"twitter:card\" content=\"summary_large_image\" \/>\n<meta name=\"twitter:label1\" content=\"Escrito por\" \/>\n\t<meta name=\"twitter:data1\" content=\"Lorenzo Verduzco\" \/>\n\t<meta name=\"twitter:label2\" content=\"Tiempo de lectura\" \/>\n\t<meta name=\"twitter:data2\" content=\"4 minutos\" \/>\n<script type=\"application\/ld+json\" class=\"yoast-schema-graph\">{\"@context\":\"https:\\\/\\\/schema.org\",\"@graph\":[{\"@type\":\"Article\",\"@id\":\"https:\\\/\\\/interamerica.org\\\/es\\\/2016\\\/06\\\/adra-hace-un-llamado-a-la-comunidad-internacional-a-encontrar-una-solucion-oportuna-y-humana-para-la-reubicacion-de-refugiados-mundialmente\\\/#article\",\"isPartOf\":{\"@id\":\"https:\\\/\\\/interamerica.org\\\/es\\\/2016\\\/06\\\/adra-hace-un-llamado-a-la-comunidad-internacional-a-encontrar-una-solucion-oportuna-y-humana-para-la-reubicacion-de-refugiados-mundialmente\\\/\"},\"author\":{\"name\":\"Lorenzo Verduzco\",\"@id\":\"https:\\\/\\\/interamerica.org\\\/es\\\/#\\\/schema\\\/person\\\/68ede8bdc292885bb76c1e3810e73c39\"},\"headline\":\"ADRA hace un llamado a la comunidad internacional a encontrar una soluci\u00f3n oportuna y humana para la reubicaci\u00f3n de refugiados mundialmente\",\"datePublished\":\"2016-06-21T04:00:00+00:00\",\"mainEntityOfPage\":{\"@id\":\"https:\\\/\\\/interamerica.org\\\/es\\\/2016\\\/06\\\/adra-hace-un-llamado-a-la-comunidad-internacional-a-encontrar-una-solucion-oportuna-y-humana-para-la-reubicacion-de-refugiados-mundialmente\\\/\"},\"wordCount\":752,\"image\":{\"@id\":\"https:\\\/\\\/interamerica.org\\\/es\\\/2016\\\/06\\\/adra-hace-un-llamado-a-la-comunidad-internacional-a-encontrar-una-solucion-oportuna-y-humana-para-la-reubicacion-de-refugiados-mundialmente\\\/#primaryimage\"},\"thumbnailUrl\":\"https:\\\/\\\/interamerica.org\\\/wp-content\\\/uploads\\\/2017\\\/06\\\/csm_World_Refugee_Day_Photo_6979458abc.jpg\",\"articleSection\":[\"Desde la iglesia mundial\",\"RSS Espa\u00f1ol\"],\"inLanguage\":\"es\"},{\"@type\":\"WebPage\",\"@id\":\"https:\\\/\\\/interamerica.org\\\/es\\\/2016\\\/06\\\/adra-hace-un-llamado-a-la-comunidad-internacional-a-encontrar-una-solucion-oportuna-y-humana-para-la-reubicacion-de-refugiados-mundialmente\\\/\",\"url\":\"https:\\\/\\\/interamerica.org\\\/es\\\/2016\\\/06\\\/adra-hace-un-llamado-a-la-comunidad-internacional-a-encontrar-una-solucion-oportuna-y-humana-para-la-reubicacion-de-refugiados-mundialmente\\\/\",\"name\":\"ADRA hace un llamado a la comunidad internacional a encontrar una soluci\u00f3n oportuna y humana para la reubicaci\u00f3n de refugiados mundialmente - Iglesia Adventista del S\u00e9ptimo D\u00eda - Divisi\u00f3n Interamericana\",\"isPartOf\":{\"@id\":\"https:\\\/\\\/interamerica.org\\\/es\\\/#website\"},\"primaryImageOfPage\":{\"@id\":\"https:\\\/\\\/interamerica.org\\\/es\\\/2016\\\/06\\\/adra-hace-un-llamado-a-la-comunidad-internacional-a-encontrar-una-solucion-oportuna-y-humana-para-la-reubicacion-de-refugiados-mundialmente\\\/#primaryimage\"},\"image\":{\"@id\":\"https:\\\/\\\/interamerica.org\\\/es\\\/2016\\\/06\\\/adra-hace-un-llamado-a-la-comunidad-internacional-a-encontrar-una-solucion-oportuna-y-humana-para-la-reubicacion-de-refugiados-mundialmente\\\/#primaryimage\"},\"thumbnailUrl\":\"https:\\\/\\\/interamerica.org\\\/wp-content\\\/uploads\\\/2017\\\/06\\\/csm_World_Refugee_Day_Photo_6979458abc.jpg\",\"datePublished\":\"2016-06-21T04:00:00+00:00\",\"author\":{\"@id\":\"https:\\\/\\\/interamerica.org\\\/es\\\/#\\\/schema\\\/person\\\/68ede8bdc292885bb76c1e3810e73c39\"},\"breadcrumb\":{\"@id\":\"https:\\\/\\\/interamerica.org\\\/es\\\/2016\\\/06\\\/adra-hace-un-llamado-a-la-comunidad-internacional-a-encontrar-una-solucion-oportuna-y-humana-para-la-reubicacion-de-refugiados-mundialmente\\\/#breadcrumb\"},\"inLanguage\":\"es\",\"potentialAction\":[{\"@type\":\"ReadAction\",\"target\":[\"https:\\\/\\\/interamerica.org\\\/es\\\/2016\\\/06\\\/adra-hace-un-llamado-a-la-comunidad-internacional-a-encontrar-una-solucion-oportuna-y-humana-para-la-reubicacion-de-refugiados-mundialmente\\\/\"]}]},{\"@type\":\"ImageObject\",\"inLanguage\":\"es\",\"@id\":\"https:\\\/\\\/interamerica.org\\\/es\\\/2016\\\/06\\\/adra-hace-un-llamado-a-la-comunidad-internacional-a-encontrar-una-solucion-oportuna-y-humana-para-la-reubicacion-de-refugiados-mundialmente\\\/#primaryimage\",\"url\":\"https:\\\/\\\/interamerica.org\\\/wp-content\\\/uploads\\\/2017\\\/06\\\/csm_World_Refugee_Day_Photo_6979458abc.jpg\",\"contentUrl\":\"https:\\\/\\\/interamerica.org\\\/wp-content\\\/uploads\\\/2017\\\/06\\\/csm_World_Refugee_Day_Photo_6979458abc.jpg\",\"width\":400,\"height\":300},{\"@type\":\"BreadcrumbList\",\"@id\":\"https:\\\/\\\/interamerica.org\\\/es\\\/2016\\\/06\\\/adra-hace-un-llamado-a-la-comunidad-internacional-a-encontrar-una-solucion-oportuna-y-humana-para-la-reubicacion-de-refugiados-mundialmente\\\/#breadcrumb\",\"itemListElement\":[{\"@type\":\"ListItem\",\"position\":1,\"name\":\"Home\",\"item\":\"https:\\\/\\\/interamerica.org\\\/es\\\/\"},{\"@type\":\"ListItem\",\"position\":2,\"name\":\"ADRA hace un llamado a la comunidad internacional a encontrar una soluci\u00f3n oportuna y humana para la reubicaci\u00f3n de refugiados mundialmente\"}]},{\"@type\":\"WebSite\",\"@id\":\"https:\\\/\\\/interamerica.org\\\/es\\\/#website\",\"url\":\"https:\\\/\\\/interamerica.org\\\/es\\\/\",\"name\":\"Iglesia Adventista del S\u00e9ptimo D\u00eda - Divisi\u00f3n Interamericana\",\"description\":\"\",\"potentialAction\":[{\"@type\":\"SearchAction\",\"target\":{\"@type\":\"EntryPoint\",\"urlTemplate\":\"https:\\\/\\\/interamerica.org\\\/es\\\/?s={search_term_string}\"},\"query-input\":{\"@type\":\"PropertyValueSpecification\",\"valueRequired\":true,\"valueName\":\"search_term_string\"}}],\"inLanguage\":\"es\"},{\"@type\":\"Person\",\"@id\":\"https:\\\/\\\/interamerica.org\\\/es\\\/#\\\/schema\\\/person\\\/68ede8bdc292885bb76c1e3810e73c39\",\"name\":\"Lorenzo Verduzco\",\"image\":{\"@type\":\"ImageObject\",\"inLanguage\":\"es\",\"@id\":\"https:\\\/\\\/secure.gravatar.com\\\/avatar\\\/fb81a55b6218459490a9c1dc841a34909185b81904c5337b4b27f7a6fd60c49e?s=96&d=mm&r=g\",\"url\":\"https:\\\/\\\/secure.gravatar.com\\\/avatar\\\/fb81a55b6218459490a9c1dc841a34909185b81904c5337b4b27f7a6fd60c49e?s=96&d=mm&r=g\",\"contentUrl\":\"https:\\\/\\\/secure.gravatar.com\\\/avatar\\\/fb81a55b6218459490a9c1dc841a34909185b81904c5337b4b27f7a6fd60c49e?s=96&d=mm&r=g\",\"caption\":\"Lorenzo Verduzco\"}}]}<\/script>\n<!-- \/ Yoast SEO plugin. -->","yoast_head_json":{"title":"ADRA hace un llamado a la comunidad internacional a encontrar una soluci\u00f3n oportuna y humana para la reubicaci\u00f3n de refugiados mundialmente - Iglesia Adventista del S\u00e9ptimo D\u00eda - Divisi\u00f3n Interamericana","robots":{"index":"index","follow":"follow","max-snippet":"max-snippet:-1","max-image-preview":"max-image-preview:large","max-video-preview":"max-video-preview:-1"},"canonical":"https:\/\/interamerica.org\/es\/2016\/06\/adra-hace-un-llamado-a-la-comunidad-internacional-a-encontrar-una-solucion-oportuna-y-humana-para-la-reubicacion-de-refugiados-mundialmente\/","og_locale":"es_ES","og_type":"article","og_title":"ADRA hace un llamado a la comunidad internacional a encontrar una soluci\u00f3n oportuna y humana para la reubicaci\u00f3n de refugiados mundialmente - Iglesia Adventista del S\u00e9ptimo D\u00eda - Divisi\u00f3n Interamericana","og_description":"La Agencia de Desarrollo y Recursos Asistenciales (ADRA) hizo la siguiente declaraci\u00f3n en honor del D\u00eda Mundial del Refugiado. En este D\u00eda Mundial del Refugiado hay m\u00e1s de 60 millones de personas en todo el mundo que se encuentran internamente desplazadas, en busca de asilo, o viviendo como refugiados en otros pa\u00edses.  Las Naciones Unidas han descrito la crisis en Siria, la cual ha hecho desplazarse aproximadamente a la mitad de la poblaci\u00f3n del pa\u00eds, como la m\u00e1s grande emergencia humanitaria de nuestra era.","og_url":"https:\/\/interamerica.org\/es\/2016\/06\/adra-hace-un-llamado-a-la-comunidad-internacional-a-encontrar-una-solucion-oportuna-y-humana-para-la-reubicacion-de-refugiados-mundialmente\/","og_site_name":"Iglesia Adventista del S\u00e9ptimo D\u00eda - Divisi\u00f3n Interamericana","article_published_time":"2016-06-21T04:00:00+00:00","og_image":[{"width":400,"height":300,"url":"https:\/\/interamerica.org\/wp-content\/uploads\/2017\/06\/csm_World_Refugee_Day_Photo_6979458abc.jpg","type":"image\/jpeg"}],"author":"Lorenzo Verduzco","twitter_card":"summary_large_image","twitter_misc":{"Escrito por":"Lorenzo Verduzco","Tiempo de lectura":"4 minutos"},"schema":{"@context":"https:\/\/schema.org","@graph":[{"@type":"Article","@id":"https:\/\/interamerica.org\/es\/2016\/06\/adra-hace-un-llamado-a-la-comunidad-internacional-a-encontrar-una-solucion-oportuna-y-humana-para-la-reubicacion-de-refugiados-mundialmente\/#article","isPartOf":{"@id":"https:\/\/interamerica.org\/es\/2016\/06\/adra-hace-un-llamado-a-la-comunidad-internacional-a-encontrar-una-solucion-oportuna-y-humana-para-la-reubicacion-de-refugiados-mundialmente\/"},"author":{"name":"Lorenzo Verduzco","@id":"https:\/\/interamerica.org\/es\/#\/schema\/person\/68ede8bdc292885bb76c1e3810e73c39"},"headline":"ADRA hace un llamado a la comunidad internacional a encontrar una soluci\u00f3n oportuna y humana para la reubicaci\u00f3n de refugiados mundialmente","datePublished":"2016-06-21T04:00:00+00:00","mainEntityOfPage":{"@id":"https:\/\/interamerica.org\/es\/2016\/06\/adra-hace-un-llamado-a-la-comunidad-internacional-a-encontrar-una-solucion-oportuna-y-humana-para-la-reubicacion-de-refugiados-mundialmente\/"},"wordCount":752,"image":{"@id":"https:\/\/interamerica.org\/es\/2016\/06\/adra-hace-un-llamado-a-la-comunidad-internacional-a-encontrar-una-solucion-oportuna-y-humana-para-la-reubicacion-de-refugiados-mundialmente\/#primaryimage"},"thumbnailUrl":"https:\/\/interamerica.org\/wp-content\/uploads\/2017\/06\/csm_World_Refugee_Day_Photo_6979458abc.jpg","articleSection":["Desde la iglesia mundial","RSS Espa\u00f1ol"],"inLanguage":"es"},{"@type":"WebPage","@id":"https:\/\/interamerica.org\/es\/2016\/06\/adra-hace-un-llamado-a-la-comunidad-internacional-a-encontrar-una-solucion-oportuna-y-humana-para-la-reubicacion-de-refugiados-mundialmente\/","url":"https:\/\/interamerica.org\/es\/2016\/06\/adra-hace-un-llamado-a-la-comunidad-internacional-a-encontrar-una-solucion-oportuna-y-humana-para-la-reubicacion-de-refugiados-mundialmente\/","name":"ADRA hace un llamado a la comunidad internacional a encontrar una soluci\u00f3n oportuna y humana para la reubicaci\u00f3n de refugiados mundialmente - Iglesia Adventista del S\u00e9ptimo D\u00eda - Divisi\u00f3n Interamericana","isPartOf":{"@id":"https:\/\/interamerica.org\/es\/#website"},"primaryImageOfPage":{"@id":"https:\/\/interamerica.org\/es\/2016\/06\/adra-hace-un-llamado-a-la-comunidad-internacional-a-encontrar-una-solucion-oportuna-y-humana-para-la-reubicacion-de-refugiados-mundialmente\/#primaryimage"},"image":{"@id":"https:\/\/interamerica.org\/es\/2016\/06\/adra-hace-un-llamado-a-la-comunidad-internacional-a-encontrar-una-solucion-oportuna-y-humana-para-la-reubicacion-de-refugiados-mundialmente\/#primaryimage"},"thumbnailUrl":"https:\/\/interamerica.org\/wp-content\/uploads\/2017\/06\/csm_World_Refugee_Day_Photo_6979458abc.jpg","datePublished":"2016-06-21T04:00:00+00:00","author":{"@id":"https:\/\/interamerica.org\/es\/#\/schema\/person\/68ede8bdc292885bb76c1e3810e73c39"},"breadcrumb":{"@id":"https:\/\/interamerica.org\/es\/2016\/06\/adra-hace-un-llamado-a-la-comunidad-internacional-a-encontrar-una-solucion-oportuna-y-humana-para-la-reubicacion-de-refugiados-mundialmente\/#breadcrumb"},"inLanguage":"es","potentialAction":[{"@type":"ReadAction","target":["https:\/\/interamerica.org\/es\/2016\/06\/adra-hace-un-llamado-a-la-comunidad-internacional-a-encontrar-una-solucion-oportuna-y-humana-para-la-reubicacion-de-refugiados-mundialmente\/"]}]},{"@type":"ImageObject","inLanguage":"es","@id":"https:\/\/interamerica.org\/es\/2016\/06\/adra-hace-un-llamado-a-la-comunidad-internacional-a-encontrar-una-solucion-oportuna-y-humana-para-la-reubicacion-de-refugiados-mundialmente\/#primaryimage","url":"https:\/\/interamerica.org\/wp-content\/uploads\/2017\/06\/csm_World_Refugee_Day_Photo_6979458abc.jpg","contentUrl":"https:\/\/interamerica.org\/wp-content\/uploads\/2017\/06\/csm_World_Refugee_Day_Photo_6979458abc.jpg","width":400,"height":300},{"@type":"BreadcrumbList","@id":"https:\/\/interamerica.org\/es\/2016\/06\/adra-hace-un-llamado-a-la-comunidad-internacional-a-encontrar-una-solucion-oportuna-y-humana-para-la-reubicacion-de-refugiados-mundialmente\/#breadcrumb","itemListElement":[{"@type":"ListItem","position":1,"name":"Home","item":"https:\/\/interamerica.org\/es\/"},{"@type":"ListItem","position":2,"name":"ADRA hace un llamado a la comunidad internacional a encontrar una soluci\u00f3n oportuna y humana para la reubicaci\u00f3n de refugiados mundialmente"}]},{"@type":"WebSite","@id":"https:\/\/interamerica.org\/es\/#website","url":"https:\/\/interamerica.org\/es\/","name":"Iglesia Adventista del S\u00e9ptimo D\u00eda - Divisi\u00f3n Interamericana","description":"","potentialAction":[{"@type":"SearchAction","target":{"@type":"EntryPoint","urlTemplate":"https:\/\/interamerica.org\/es\/?s={search_term_string}"},"query-input":{"@type":"PropertyValueSpecification","valueRequired":true,"valueName":"search_term_string"}}],"inLanguage":"es"},{"@type":"Person","@id":"https:\/\/interamerica.org\/es\/#\/schema\/person\/68ede8bdc292885bb76c1e3810e73c39","name":"Lorenzo Verduzco","image":{"@type":"ImageObject","inLanguage":"es","@id":"https:\/\/secure.gravatar.com\/avatar\/fb81a55b6218459490a9c1dc841a34909185b81904c5337b4b27f7a6fd60c49e?s=96&d=mm&r=g","url":"https:\/\/secure.gravatar.com\/avatar\/fb81a55b6218459490a9c1dc841a34909185b81904c5337b4b27f7a6fd60c49e?s=96&d=mm&r=g","contentUrl":"https:\/\/secure.gravatar.com\/avatar\/fb81a55b6218459490a9c1dc841a34909185b81904c5337b4b27f7a6fd60c49e?s=96&d=mm&r=g","caption":"Lorenzo Verduzco"}}]}},"_links":{"self":[{"href":"https:\/\/interamerica.org\/es\/wp-json\/wp\/v2\/posts\/31160","targetHints":{"allow":["GET"]}}],"collection":[{"href":"https:\/\/interamerica.org\/es\/wp-json\/wp\/v2\/posts"}],"about":[{"href":"https:\/\/interamerica.org\/es\/wp-json\/wp\/v2\/types\/post"}],"author":[{"embeddable":true,"href":"https:\/\/interamerica.org\/es\/wp-json\/wp\/v2\/users\/1"}],"replies":[{"embeddable":true,"href":"https:\/\/interamerica.org\/es\/wp-json\/wp\/v2\/comments?post=31160"}],"version-history":[{"count":0,"href":"https:\/\/interamerica.org\/es\/wp-json\/wp\/v2\/posts\/31160\/revisions"}],"wp:featuredmedia":[{"embeddable":true,"href":"https:\/\/interamerica.org\/es\/wp-json\/wp\/v2\/media\/27954"}],"wp:attachment":[{"href":"https:\/\/interamerica.org\/es\/wp-json\/wp\/v2\/media?parent=31160"}],"wp:term":[{"taxonomy":"category","embeddable":true,"href":"https:\/\/interamerica.org\/es\/wp-json\/wp\/v2\/categories?post=31160"},{"taxonomy":"post_tag","embeddable":true,"href":"https:\/\/interamerica.org\/es\/wp-json\/wp\/v2\/tags?post=31160"}],"curies":[{"name":"wp","href":"https:\/\/api.w.org\/{rel}","templated":true}]}}