{"id":31165,"date":"2016-06-26T00:00:00","date_gmt":"2016-06-26T04:00:00","guid":{"rendered":"http:\/\/192.81.217.108\/interamerica\/2016\/06\/pastor-surfista-comparte-biblias-impermeables-en-brasil\/"},"modified":"2016-06-26T00:00:00","modified_gmt":"2016-06-26T04:00:00","slug":"pastor-surfista-comparte-biblias-impermeables-en-brasil","status":"publish","type":"post","link":"https:\/\/interamerica.org\/es\/2016\/06\/pastor-surfista-comparte-biblias-impermeables-en-brasil\/","title":{"rendered":"Pastor surfista comparte Biblias impermeables en Brasil"},"content":{"rendered":"<div id=\"attachment_23067\" style=\"width: 710px\" class=\"wp-caption aligncenter\"><a href=\"\/interamerica\/wp-content\/uploads\/2017\/06\/Adventist-Brazil-June22-1.jpg\" rel=\"fancybox\" title=\"Pastor surfista comparte Biblias impermeables en Brasil\"><img fetchpriority=\"high\" decoding=\"async\" aria-describedby=\"caption-attachment-23067\" class=\" wp-image-23067 \" src=\"\/interamerica\/wp-content\/uploads\/2017\/06\/Adventist-Brazil-June22-1.jpg\" alt=\"\" width=\"700\" height=\"350\" \/><\/a><p id=\"caption-attachment-23067\" class=\"wp-caption-text\"><br \/>El pastor Vin\u00edcius Metzker con la Biblia que puede llevar hasta los lugares que m\u00e1s le gustan. Imagen de Misi\u00f3n Adventista<\/p><\/div>\n<p>23 de junio de 2016 | Brasil | Earley Simon, Misi\u00f3n Adventista<\/p>\n<p>Perm\u00edtame presentarle a Vin\u00edcius Metzker, un pastor adventista de Brasil que comparte el amor de Dios con su comunidad por medio del ministerio del surf.<\/p>\n<p>El surf es muy practicado en Brasil, y Metzker siente el compromiso de alcanzar a los surfistas para Cristo. Varias veces a la semana va a la playa para dar clases gratuitas, relacionarse con las personas, y darles un regalo inusual: una Biblia impermeable.<\/p>\n<p>Metzker ha recibido tantas solicitudes de clases que no puede atender a todos los interesados. Sin embargo, para los cientos que s\u00ed toman clases con \u00e9l, la experiencia a menudo ha resultado transformadora.<\/p>\n<p>Antes de salir hacia las rompientes, los integrantes de cada clase se detienen para participar de un breve culto de adoraci\u00f3n y una oraci\u00f3n juntos.<\/p>\n<p>\u201cCuando me encuentro con un grupo por primera vez, hablo con ellos de las cosas con las que est\u00e1n m\u00e1s familiarizados, en este caso, el oc\u00e9ano\u201d, dijo Metzker. \u201cLes digo que Dios cre\u00f3 las olas, y cuando ven que el Se\u00f1or pens\u00f3 en ellos al crear el mundo, comienzan a entender que ellos tambi\u00e9n son parte de la creaci\u00f3n divina. Se hace m\u00e1s f\u00e1cil que ellos acepten que Dios nos ha creado y nos ama\u201d.<\/p>\n<p>Cuando Metzker no est\u00e1 en el agua,\u00a0est\u00e1 ocupado caminando en la playa cercana a S\u00e3o Jos\u00e9 dos Campos, en Brasil, poni\u00e9ndose al d\u00eda con sus amigos y haci\u00e9ndose de otros nuevos. Para \u00e9l es sumamente importante mostrar a las personas que Dios es un verdadero amigo.<\/p>\n<div id=\"attachment_23068\" style=\"width: 490px\" class=\"wp-caption alignright\"><a href=\"\/interamerica\/wp-content\/uploads\/2017\/06\/Adventist-Brazil-June22-2.jpg\" rel=\"fancybox\" title=\"Pastor surfista comparte Biblias impermeables en Brasil\"><img decoding=\"async\" aria-describedby=\"caption-attachment-23068\" class=\" wp-image-23068  \" src=\"\/interamerica\/wp-content\/uploads\/2017\/06\/Adventist-Brazil-June22-2.jpg\" alt=\"\" width=\"480\" height=\"282\" \/><\/a><p id=\"caption-attachment-23068\" class=\"wp-caption-text\">Vin\u00edcius Metzker comienza cada clase de surf con un breve culto. Cortes\u00eda de Misi\u00f3n Adventista<\/p><\/div>\n<p>\u201cPara comunicar su amor a los corazones de las personas, necesito yo tambi\u00e9n ser esa clase de amigo\u201d, dice Metzker. \u201cNo puedo tan solo hablar de ello. Tengo que vivirlo\u201d.<\/p>\n<p>Las acciones de Metzker traen a la mente un comentario que Elena G. White, una de las fundadoras de la Iglesia Adventista, escribi\u00f3 sobre el m\u00e9todo de ministerio de Cristo. \u201cSolo el m\u00e9todo de Cristo ser\u00e1 el que dar\u00e1 \u00e9xito para llegar a la gente. El Salvador trataba con los hombres como quien deseaba hacerles bien. Les mostraba simpat\u00eda, atend\u00eda a sus necesidades y se ganaba su confianza. Entonces les dec\u00eda: \u2018Seguidme\u2019\u201d (<em>El ministerio de curaci\u00f3n<\/em>, p. 102).<\/p>\n<p>Metzker est\u00e1 siguiendo el ejemplo de Jes\u00fas, y dice que los resultados son maravillosos.<\/p>\n<p>\u201cTengo tantas historias hermosas de personas que han llegado a conocer y amar a Jes\u00fas\u201d, dijo. \u201cEs gente que quiz\u00e1 no podr\u00edamos alcanzar para el Se\u00f1or de ninguna otra manera. Aqu\u00ed en la playa comienzan a descubrir a Jes\u00fas en la naturaleza. Y con el tiempo, me dicen: \u2018Quiero aprender m\u00e1s. \u00a1Por favor, cu\u00e9nteme m\u00e1s de ese Dios!\u2019 Entonces estudiamos juntos en sus hogares. Vienen a la iglesia, donde participan de los cultos y las oraciones y comienzan a tener una conexi\u00f3n real con Dios. Muchos de ellos han dado sus corazones a Cristo y han sido bautizados\u201d.<\/p>\n<p>En efecto, el amor de Metzker por Cristo lo impulsa a llegar con amor hasta otras personas, as\u00ed como las olas impulsan la tabla de surf. Despu\u00e9s de la lecci\u00f3n, Metzker rema hasta algunos de sus estudiantes.<\/p>\n<p>\u201c\u00a1Mira esto!\u201d, les dice, arrojando un peque\u00f1o libro en el agua. \u201c\u00a1Es una Biblia impermeable!\u201d<\/p>\n<p>\u201c\u00bfEn serio?\u201d, le pregunta uno de sus estudiantes. \u201c\u00a1Asombroso! \u00a1D\u00e9jame verla!\u201d<\/p>\n<p>\u201cPuedes qued\u00e1rtela\u201d, le dice Metzker. \u201cY tengo mucha m\u00e1s si el resto de ustedes tambi\u00e9n quiere una\u201d.<\/p>\n<p>Los estudiantes responden c\u00e1lidamente a Metzker, a quien llaman con afecto el \u201cpastor Vini\u201d.<\/p>\n<p><em>Traducci<\/em><em>\u00f3n de <\/em><em>Marcos Paseggi<\/em><em><\/em><\/p>\n","protected":false},"excerpt":{"rendered":"<p>Perm\u00edtame presentarle a Vin\u00edcius Metzker, un pastor adventista de Brasil que comparte el amor de Dios con su comunidad por medio del ministerio del surf. El surf es muy practicado en Brasil, y Metzker siente el compromiso de alcanzar a los surfistas para Cristo. <\/p>\n<p>Varias veces a la semana va a la playa para dar clases gratuitas, relacionarse con las personas, y darles un regalo inusual: una Biblia impermeable.<\/p>\n","protected":false},"author":1,"featured_media":28002,"comment_status":"closed","ping_status":"closed","sticky":false,"template":"","format":"standard","meta":{"_acf_changed":false,"footnotes":""},"categories":[14,15],"tags":[],"class_list":["post-31165","post","type-post","status-publish","format-standard","has-post-thumbnail","hentry","category-de-la-iglesia-mundial","category-rss-espanol"],"acf":[],"yoast_head":"<!-- This site is optimized with the Yoast SEO plugin v27.3 - https:\/\/yoast.com\/product\/yoast-seo-wordpress\/ -->\n<title>Pastor surfista comparte Biblias impermeables en Brasil - Iglesia Adventista del S\u00e9ptimo D\u00eda - Divisi\u00f3n Interamericana<\/title>\n<meta name=\"robots\" content=\"index, follow, max-snippet:-1, max-image-preview:large, max-video-preview:-1\" \/>\n<link rel=\"canonical\" href=\"https:\/\/interamerica.org\/es\/2016\/06\/pastor-surfista-comparte-biblias-impermeables-en-brasil\/\" \/>\n<meta property=\"og:locale\" content=\"es_ES\" \/>\n<meta property=\"og:type\" content=\"article\" \/>\n<meta property=\"og:title\" content=\"Pastor surfista comparte Biblias impermeables en Brasil - Iglesia Adventista del S\u00e9ptimo D\u00eda - Divisi\u00f3n Interamericana\" \/>\n<meta property=\"og:description\" content=\"Perm\u00edtame presentarle a Vin\u00edcius Metzker, un pastor adventista de Brasil que comparte el amor de Dios con su comunidad por medio del ministerio del surf. El surf es muy practicado en Brasil, y Metzker siente el compromiso de alcanzar a los surfistas para Cristo.  Varias veces a la semana va a la playa para dar clases gratuitas, relacionarse con las personas, y darles un regalo inusual: una Biblia impermeable.\" \/>\n<meta property=\"og:url\" content=\"https:\/\/interamerica.org\/es\/2016\/06\/pastor-surfista-comparte-biblias-impermeables-en-brasil\/\" \/>\n<meta property=\"og:site_name\" content=\"Iglesia Adventista del S\u00e9ptimo D\u00eda - Divisi\u00f3n Interamericana\" \/>\n<meta property=\"article:published_time\" content=\"2016-06-26T04:00:00+00:00\" \/>\n<meta property=\"og:image\" content=\"https:\/\/interamerica.org\/wp-content\/uploads\/2017\/06\/Adventist-Raafat-Kamal-June25-1.jpg\" \/>\n\t<meta property=\"og:image:width\" content=\"1000\" \/>\n\t<meta property=\"og:image:height\" content=\"500\" \/>\n\t<meta property=\"og:image:type\" content=\"image\/jpeg\" \/>\n<meta name=\"author\" content=\"Lorenzo Verduzco\" \/>\n<meta name=\"twitter:card\" content=\"summary_large_image\" \/>\n<meta name=\"twitter:label1\" content=\"Escrito por\" \/>\n\t<meta name=\"twitter:data1\" content=\"Lorenzo Verduzco\" \/>\n\t<meta name=\"twitter:label2\" content=\"Tiempo de lectura\" \/>\n\t<meta name=\"twitter:data2\" content=\"3 minutos\" \/>\n<script type=\"application\/ld+json\" class=\"yoast-schema-graph\">{\"@context\":\"https:\\\/\\\/schema.org\",\"@graph\":[{\"@type\":\"Article\",\"@id\":\"https:\\\/\\\/interamerica.org\\\/es\\\/2016\\\/06\\\/pastor-surfista-comparte-biblias-impermeables-en-brasil\\\/#article\",\"isPartOf\":{\"@id\":\"https:\\\/\\\/interamerica.org\\\/es\\\/2016\\\/06\\\/pastor-surfista-comparte-biblias-impermeables-en-brasil\\\/\"},\"author\":{\"name\":\"Lorenzo Verduzco\",\"@id\":\"https:\\\/\\\/interamerica.org\\\/es\\\/#\\\/schema\\\/person\\\/68ede8bdc292885bb76c1e3810e73c39\"},\"headline\":\"Pastor surfista comparte Biblias impermeables en Brasil\",\"datePublished\":\"2016-06-26T04:00:00+00:00\",\"mainEntityOfPage\":{\"@id\":\"https:\\\/\\\/interamerica.org\\\/es\\\/2016\\\/06\\\/pastor-surfista-comparte-biblias-impermeables-en-brasil\\\/\"},\"wordCount\":679,\"image\":{\"@id\":\"https:\\\/\\\/interamerica.org\\\/es\\\/2016\\\/06\\\/pastor-surfista-comparte-biblias-impermeables-en-brasil\\\/#primaryimage\"},\"thumbnailUrl\":\"https:\\\/\\\/interamerica.org\\\/wp-content\\\/uploads\\\/2017\\\/06\\\/Adventist-Raafat-Kamal-June25-1.jpg\",\"articleSection\":[\"Desde la iglesia mundial\",\"RSS Espa\u00f1ol\"],\"inLanguage\":\"es\"},{\"@type\":\"WebPage\",\"@id\":\"https:\\\/\\\/interamerica.org\\\/es\\\/2016\\\/06\\\/pastor-surfista-comparte-biblias-impermeables-en-brasil\\\/\",\"url\":\"https:\\\/\\\/interamerica.org\\\/es\\\/2016\\\/06\\\/pastor-surfista-comparte-biblias-impermeables-en-brasil\\\/\",\"name\":\"Pastor surfista comparte Biblias impermeables en Brasil - Iglesia Adventista del S\u00e9ptimo D\u00eda - Divisi\u00f3n Interamericana\",\"isPartOf\":{\"@id\":\"https:\\\/\\\/interamerica.org\\\/es\\\/#website\"},\"primaryImageOfPage\":{\"@id\":\"https:\\\/\\\/interamerica.org\\\/es\\\/2016\\\/06\\\/pastor-surfista-comparte-biblias-impermeables-en-brasil\\\/#primaryimage\"},\"image\":{\"@id\":\"https:\\\/\\\/interamerica.org\\\/es\\\/2016\\\/06\\\/pastor-surfista-comparte-biblias-impermeables-en-brasil\\\/#primaryimage\"},\"thumbnailUrl\":\"https:\\\/\\\/interamerica.org\\\/wp-content\\\/uploads\\\/2017\\\/06\\\/Adventist-Raafat-Kamal-June25-1.jpg\",\"datePublished\":\"2016-06-26T04:00:00+00:00\",\"author\":{\"@id\":\"https:\\\/\\\/interamerica.org\\\/es\\\/#\\\/schema\\\/person\\\/68ede8bdc292885bb76c1e3810e73c39\"},\"breadcrumb\":{\"@id\":\"https:\\\/\\\/interamerica.org\\\/es\\\/2016\\\/06\\\/pastor-surfista-comparte-biblias-impermeables-en-brasil\\\/#breadcrumb\"},\"inLanguage\":\"es\",\"potentialAction\":[{\"@type\":\"ReadAction\",\"target\":[\"https:\\\/\\\/interamerica.org\\\/es\\\/2016\\\/06\\\/pastor-surfista-comparte-biblias-impermeables-en-brasil\\\/\"]}]},{\"@type\":\"ImageObject\",\"inLanguage\":\"es\",\"@id\":\"https:\\\/\\\/interamerica.org\\\/es\\\/2016\\\/06\\\/pastor-surfista-comparte-biblias-impermeables-en-brasil\\\/#primaryimage\",\"url\":\"https:\\\/\\\/interamerica.org\\\/wp-content\\\/uploads\\\/2017\\\/06\\\/Adventist-Raafat-Kamal-June25-1.jpg\",\"contentUrl\":\"https:\\\/\\\/interamerica.org\\\/wp-content\\\/uploads\\\/2017\\\/06\\\/Adventist-Raafat-Kamal-June25-1.jpg\",\"width\":1000,\"height\":500},{\"@type\":\"BreadcrumbList\",\"@id\":\"https:\\\/\\\/interamerica.org\\\/es\\\/2016\\\/06\\\/pastor-surfista-comparte-biblias-impermeables-en-brasil\\\/#breadcrumb\",\"itemListElement\":[{\"@type\":\"ListItem\",\"position\":1,\"name\":\"Home\",\"item\":\"https:\\\/\\\/interamerica.org\\\/es\\\/\"},{\"@type\":\"ListItem\",\"position\":2,\"name\":\"Pastor surfista comparte Biblias impermeables en Brasil\"}]},{\"@type\":\"WebSite\",\"@id\":\"https:\\\/\\\/interamerica.org\\\/es\\\/#website\",\"url\":\"https:\\\/\\\/interamerica.org\\\/es\\\/\",\"name\":\"Iglesia Adventista del S\u00e9ptimo D\u00eda - Divisi\u00f3n Interamericana\",\"description\":\"\",\"potentialAction\":[{\"@type\":\"SearchAction\",\"target\":{\"@type\":\"EntryPoint\",\"urlTemplate\":\"https:\\\/\\\/interamerica.org\\\/es\\\/?s={search_term_string}\"},\"query-input\":{\"@type\":\"PropertyValueSpecification\",\"valueRequired\":true,\"valueName\":\"search_term_string\"}}],\"inLanguage\":\"es\"},{\"@type\":\"Person\",\"@id\":\"https:\\\/\\\/interamerica.org\\\/es\\\/#\\\/schema\\\/person\\\/68ede8bdc292885bb76c1e3810e73c39\",\"name\":\"Lorenzo Verduzco\",\"image\":{\"@type\":\"ImageObject\",\"inLanguage\":\"es\",\"@id\":\"https:\\\/\\\/secure.gravatar.com\\\/avatar\\\/fb81a55b6218459490a9c1dc841a34909185b81904c5337b4b27f7a6fd60c49e?s=96&d=mm&r=g\",\"url\":\"https:\\\/\\\/secure.gravatar.com\\\/avatar\\\/fb81a55b6218459490a9c1dc841a34909185b81904c5337b4b27f7a6fd60c49e?s=96&d=mm&r=g\",\"contentUrl\":\"https:\\\/\\\/secure.gravatar.com\\\/avatar\\\/fb81a55b6218459490a9c1dc841a34909185b81904c5337b4b27f7a6fd60c49e?s=96&d=mm&r=g\",\"caption\":\"Lorenzo Verduzco\"}}]}<\/script>\n<!-- \/ Yoast SEO plugin. -->","yoast_head_json":{"title":"Pastor surfista comparte Biblias impermeables en Brasil - Iglesia Adventista del S\u00e9ptimo D\u00eda - Divisi\u00f3n Interamericana","robots":{"index":"index","follow":"follow","max-snippet":"max-snippet:-1","max-image-preview":"max-image-preview:large","max-video-preview":"max-video-preview:-1"},"canonical":"https:\/\/interamerica.org\/es\/2016\/06\/pastor-surfista-comparte-biblias-impermeables-en-brasil\/","og_locale":"es_ES","og_type":"article","og_title":"Pastor surfista comparte Biblias impermeables en Brasil - Iglesia Adventista del S\u00e9ptimo D\u00eda - Divisi\u00f3n Interamericana","og_description":"Perm\u00edtame presentarle a Vin\u00edcius Metzker, un pastor adventista de Brasil que comparte el amor de Dios con su comunidad por medio del ministerio del surf. El surf es muy practicado en Brasil, y Metzker siente el compromiso de alcanzar a los surfistas para Cristo.  Varias veces a la semana va a la playa para dar clases gratuitas, relacionarse con las personas, y darles un regalo inusual: una Biblia impermeable.","og_url":"https:\/\/interamerica.org\/es\/2016\/06\/pastor-surfista-comparte-biblias-impermeables-en-brasil\/","og_site_name":"Iglesia Adventista del S\u00e9ptimo D\u00eda - Divisi\u00f3n Interamericana","article_published_time":"2016-06-26T04:00:00+00:00","og_image":[{"width":1000,"height":500,"url":"https:\/\/interamerica.org\/wp-content\/uploads\/2017\/06\/Adventist-Raafat-Kamal-June25-1.jpg","type":"image\/jpeg"}],"author":"Lorenzo Verduzco","twitter_card":"summary_large_image","twitter_misc":{"Escrito por":"Lorenzo Verduzco","Tiempo de lectura":"3 minutos"},"schema":{"@context":"https:\/\/schema.org","@graph":[{"@type":"Article","@id":"https:\/\/interamerica.org\/es\/2016\/06\/pastor-surfista-comparte-biblias-impermeables-en-brasil\/#article","isPartOf":{"@id":"https:\/\/interamerica.org\/es\/2016\/06\/pastor-surfista-comparte-biblias-impermeables-en-brasil\/"},"author":{"name":"Lorenzo Verduzco","@id":"https:\/\/interamerica.org\/es\/#\/schema\/person\/68ede8bdc292885bb76c1e3810e73c39"},"headline":"Pastor surfista comparte Biblias impermeables en Brasil","datePublished":"2016-06-26T04:00:00+00:00","mainEntityOfPage":{"@id":"https:\/\/interamerica.org\/es\/2016\/06\/pastor-surfista-comparte-biblias-impermeables-en-brasil\/"},"wordCount":679,"image":{"@id":"https:\/\/interamerica.org\/es\/2016\/06\/pastor-surfista-comparte-biblias-impermeables-en-brasil\/#primaryimage"},"thumbnailUrl":"https:\/\/interamerica.org\/wp-content\/uploads\/2017\/06\/Adventist-Raafat-Kamal-June25-1.jpg","articleSection":["Desde la iglesia mundial","RSS Espa\u00f1ol"],"inLanguage":"es"},{"@type":"WebPage","@id":"https:\/\/interamerica.org\/es\/2016\/06\/pastor-surfista-comparte-biblias-impermeables-en-brasil\/","url":"https:\/\/interamerica.org\/es\/2016\/06\/pastor-surfista-comparte-biblias-impermeables-en-brasil\/","name":"Pastor surfista comparte Biblias impermeables en Brasil - Iglesia Adventista del S\u00e9ptimo D\u00eda - Divisi\u00f3n Interamericana","isPartOf":{"@id":"https:\/\/interamerica.org\/es\/#website"},"primaryImageOfPage":{"@id":"https:\/\/interamerica.org\/es\/2016\/06\/pastor-surfista-comparte-biblias-impermeables-en-brasil\/#primaryimage"},"image":{"@id":"https:\/\/interamerica.org\/es\/2016\/06\/pastor-surfista-comparte-biblias-impermeables-en-brasil\/#primaryimage"},"thumbnailUrl":"https:\/\/interamerica.org\/wp-content\/uploads\/2017\/06\/Adventist-Raafat-Kamal-June25-1.jpg","datePublished":"2016-06-26T04:00:00+00:00","author":{"@id":"https:\/\/interamerica.org\/es\/#\/schema\/person\/68ede8bdc292885bb76c1e3810e73c39"},"breadcrumb":{"@id":"https:\/\/interamerica.org\/es\/2016\/06\/pastor-surfista-comparte-biblias-impermeables-en-brasil\/#breadcrumb"},"inLanguage":"es","potentialAction":[{"@type":"ReadAction","target":["https:\/\/interamerica.org\/es\/2016\/06\/pastor-surfista-comparte-biblias-impermeables-en-brasil\/"]}]},{"@type":"ImageObject","inLanguage":"es","@id":"https:\/\/interamerica.org\/es\/2016\/06\/pastor-surfista-comparte-biblias-impermeables-en-brasil\/#primaryimage","url":"https:\/\/interamerica.org\/wp-content\/uploads\/2017\/06\/Adventist-Raafat-Kamal-June25-1.jpg","contentUrl":"https:\/\/interamerica.org\/wp-content\/uploads\/2017\/06\/Adventist-Raafat-Kamal-June25-1.jpg","width":1000,"height":500},{"@type":"BreadcrumbList","@id":"https:\/\/interamerica.org\/es\/2016\/06\/pastor-surfista-comparte-biblias-impermeables-en-brasil\/#breadcrumb","itemListElement":[{"@type":"ListItem","position":1,"name":"Home","item":"https:\/\/interamerica.org\/es\/"},{"@type":"ListItem","position":2,"name":"Pastor surfista comparte Biblias impermeables en Brasil"}]},{"@type":"WebSite","@id":"https:\/\/interamerica.org\/es\/#website","url":"https:\/\/interamerica.org\/es\/","name":"Iglesia Adventista del S\u00e9ptimo D\u00eda - Divisi\u00f3n Interamericana","description":"","potentialAction":[{"@type":"SearchAction","target":{"@type":"EntryPoint","urlTemplate":"https:\/\/interamerica.org\/es\/?s={search_term_string}"},"query-input":{"@type":"PropertyValueSpecification","valueRequired":true,"valueName":"search_term_string"}}],"inLanguage":"es"},{"@type":"Person","@id":"https:\/\/interamerica.org\/es\/#\/schema\/person\/68ede8bdc292885bb76c1e3810e73c39","name":"Lorenzo Verduzco","image":{"@type":"ImageObject","inLanguage":"es","@id":"https:\/\/secure.gravatar.com\/avatar\/fb81a55b6218459490a9c1dc841a34909185b81904c5337b4b27f7a6fd60c49e?s=96&d=mm&r=g","url":"https:\/\/secure.gravatar.com\/avatar\/fb81a55b6218459490a9c1dc841a34909185b81904c5337b4b27f7a6fd60c49e?s=96&d=mm&r=g","contentUrl":"https:\/\/secure.gravatar.com\/avatar\/fb81a55b6218459490a9c1dc841a34909185b81904c5337b4b27f7a6fd60c49e?s=96&d=mm&r=g","caption":"Lorenzo Verduzco"}}]}},"_links":{"self":[{"href":"https:\/\/interamerica.org\/es\/wp-json\/wp\/v2\/posts\/31165","targetHints":{"allow":["GET"]}}],"collection":[{"href":"https:\/\/interamerica.org\/es\/wp-json\/wp\/v2\/posts"}],"about":[{"href":"https:\/\/interamerica.org\/es\/wp-json\/wp\/v2\/types\/post"}],"author":[{"embeddable":true,"href":"https:\/\/interamerica.org\/es\/wp-json\/wp\/v2\/users\/1"}],"replies":[{"embeddable":true,"href":"https:\/\/interamerica.org\/es\/wp-json\/wp\/v2\/comments?post=31165"}],"version-history":[{"count":0,"href":"https:\/\/interamerica.org\/es\/wp-json\/wp\/v2\/posts\/31165\/revisions"}],"wp:featuredmedia":[{"embeddable":true,"href":"https:\/\/interamerica.org\/es\/wp-json\/wp\/v2\/media\/28002"}],"wp:attachment":[{"href":"https:\/\/interamerica.org\/es\/wp-json\/wp\/v2\/media?parent=31165"}],"wp:term":[{"taxonomy":"category","embeddable":true,"href":"https:\/\/interamerica.org\/es\/wp-json\/wp\/v2\/categories?post=31165"},{"taxonomy":"post_tag","embeddable":true,"href":"https:\/\/interamerica.org\/es\/wp-json\/wp\/v2\/tags?post=31165"}],"curies":[{"name":"wp","href":"https:\/\/api.w.org\/{rel}","templated":true}]}}