{"id":31231,"date":"2016-09-14T00:00:00","date_gmt":"2016-09-14T04:00:00","guid":{"rendered":"http:\/\/192.81.217.108\/interamerica\/2016\/09\/en-la-zona-norte-de-mexico-la-iglesia-adventista-procura-ministrar-en-favor-de-personas-con-discapacidad-auditiva\/"},"modified":"2016-09-14T00:00:00","modified_gmt":"2016-09-14T04:00:00","slug":"en-la-zona-norte-de-mexico-la-iglesia-adventista-procura-ministrar-en-favor-de-personas-con-discapacidad-auditiva","status":"publish","type":"post","link":"https:\/\/interamerica.org\/es\/2016\/09\/en-la-zona-norte-de-mexico-la-iglesia-adventista-procura-ministrar-en-favor-de-personas-con-discapacidad-auditiva\/","title":{"rendered":"En la zona Norte de M\u00e9xico, la Iglesia Adventista procura ministrar en favor de personas con discapacidad auditiva"},"content":{"rendered":"<div id=\"attachment_24201\" style=\"width: 747px\" class=\"wp-caption aligncenter\"><a href=\"\/interamerica\/wp-content\/uploads\/2017\/06\/NOMU-telemaque-deaf-ministries-congress.jpg\" rel=\"fancybox\" title=\"En la zona Norte de M\u00e9xico, la Iglesia Adventista procura ministrar en favor de personas con discapacidad auditiva\"><img fetchpriority=\"high\" decoding=\"async\" aria-describedby=\"caption-attachment-24201\" class=\" wp-image-24201  \" src=\"\/interamerica\/wp-content\/uploads\/2017\/06\/NOMU-telemaque-deaf-ministries-congress-1024x682.jpg\" alt=\"\" width=\"737\" height=\"491\" \/><\/a><p id=\"caption-attachment-24201\" class=\"wp-caption-text\">El director de Ministerio de Necesidades Especiales de la DIA, Pastor Samuel Telemaque (cuarto de izquierda a derecha) se dirige a las docenas de personas con discapacidad auditiva y dirigentes de la iglesia, durante el Congreso de Sordos Adventistas celebrado en Montemorelos, en el norte de M\u00e9xico, la semana pasada. Im\u00e1genes cortes\u00eda de la Uni\u00f3n Mexicana del Norte<\/p><\/div>\n<p>13 de septiembre de 2016 | Montemorelos, Nuevo Le\u00f3n, M\u00e9xico | Abdiel Hern\u00e1ndez |Personal de la DIA<\/p>\n<p>Docenas de personas con discapacidad auditiva en el territorio de la Uni\u00f3n Mexicana del Norte se reunieron durante cuatro d\u00edas con el fin de aprender m\u00e1s acerca del compromiso de la Iglesia Adventista del S\u00e9ptimo D\u00eda de ayudarlos en su proceso de crecimiento espiritual.<\/p>\n<div id=\"attachment_24202\" style=\"width: 552px\" class=\"wp-caption alignright\"><a href=\"\/interamerica\/wp-content\/uploads\/2017\/06\/NOMU-deaf-congress1.jpg\" rel=\"fancybox\" title=\"En la zona Norte de M\u00e9xico, la Iglesia Adventista procura ministrar en favor de personas con discapacidad auditiva\"><img decoding=\"async\" aria-describedby=\"caption-attachment-24202\" class=\" wp-image-24202      \" src=\"\/interamerica\/wp-content\/uploads\/2017\/06\/NOMU-deaf-congress1-1024x682.jpg\" alt=\"\" width=\"542\" height=\"361\" \/><\/a><p id=\"caption-attachment-24202\" class=\"wp-caption-text\">Imagen<\/p><\/div>\n<p>Los dirigentes de la iglesia y los miembros interesados en el ministerio en favor de este grupo, se reunieron para celebrar el Congreso de Sordos Adventistas en las instalaciones de La Morita, en la municipalidad de Montemorelos, Nuevo Le\u00f3n, M\u00e9xico, del 10 al 14 de agosto de 2016.<\/p>\n<p>\u201cNuestro prop\u00f3sito fue aprender m\u00e1s acerca de las diferentes formas como podemos llegar a este grupo especial de personas\u201d, dijo el Pastor Ad\u00e1n Dyck, director de Ministerio Personal y Escuela Sab\u00e1tica de la Iglesia en el Norte de M\u00e9xico y organizador principal de este evento. Ad\u00e1n Dyck, quien ha estado dirigiendo el desarrollo del ministerio en favor de necesidades especiales en el territorio, dijo que uno de los objetivos de este congreso fue instruir al grupo, incluyendo a los int\u00e9rpretes del lenguaje de se\u00f1as, para poder alcanzar a otros con el mensaje del evangelio.<\/p>\n<p>Francisco Javier D\u00edaz de Le\u00f3n, quien lidera el Ministerio Nacional de Sordos Adventistas en M\u00e9xico, desafi\u00f3 a la comunidad adventista a trav\u00e9s de su serm\u00f3n predicado a trav\u00e9s del lenguaje de se\u00f1as, a involucrarse y participar con alg\u00fan grupo de personas con discapacidades, para apoyar su ministerio. Desafi\u00f3 as\u00ed mismo al grupo con discapacidad auditiva a participar activamente en la evangelizaci\u00f3n de otros, siendo que su influencia es mayor que la ejercida por personas que no tienen esa discapacidad. Desafi\u00f3 tambi\u00e9n a los int\u00e9rpretes a reclutar a otros miembros de iglesia e instruirlos al efecto, a fin de que puedan prestar sus servicios tambi\u00e9n como int\u00e9rpretes de lenguaje de se\u00f1as.<\/p>\n<p>El director del Ministerio de Necesidades Especiales de la Divisi\u00f3n Interamericana, Pastor Samuel Telemaque, dijo que este congreso era de particular importancia para enviar un mensaje tendiente a lograr un cambio en la mentalidad de las personas hacia estos ministerios de necesidades especiales.<\/p>\n<p>\u201cLa iglesia debe hacer disponible la salvaci\u00f3n para todo tipo de personas\u201d, dijo el Pastor Telemaque. \u201cDios les da dones y talentos a todos, tanto a las personas con capacidades como a aquellas con discapacidades. Su gran poder en nuestra debilidad se perfecciona\u201d.<\/p>\n<p>Las personas con discapacidad auditiva demostraron haber experimentado una nueva comprensi\u00f3n de s\u00ed mismas y de aquellas que las atienden, a\u00f1adi\u00f3 el Pastor Telemaque.<\/p>\n<p>El grupo, formado en su mayor\u00eda por miembros de la iglesia, recibi\u00f3 materiales impresos, v\u00eddeos y otros recursos. Se les brindaron adem\u00e1s servicios m\u00e9dicos gratuitos, evaluaci\u00f3n de su alimentaci\u00f3n, an\u00e1lisis cl\u00ednicos y revisiones m\u00e9dicas gratuitas por parte del Hospital Adventista La Carlota en Montemorelos.<\/p>\n<div id=\"attachment_24199\" style=\"width: 586px\" class=\"wp-caption alignright\"><a href=\"\/interamerica\/wp-content\/uploads\/2017\/06\/NOMU-adan-dyck-deaf-congress.jpg\" rel=\"fancybox\" title=\"En la zona Norte de M\u00e9xico, la Iglesia Adventista procura ministrar en favor de personas con discapacidad auditiva\"><img decoding=\"async\" aria-describedby=\"caption-attachment-24199\" class=\" wp-image-24199 \" src=\"\/interamerica\/wp-content\/uploads\/2017\/06\/NOMU-adan-dyck-deaf-congress.jpg\" alt=\"\" width=\"576\" height=\"384\" \/><\/a><p id=\"caption-attachment-24199\" class=\"wp-caption-text\">El Pastor Ad\u00e1n Dyck lava los pies de personas sordas durante un servicio de comuni\u00f3n durante el congreso.<\/p><\/div>\n<p>Los dirigentes de la iglesia tienen inter\u00e9s de hacer un recuento del n\u00famero de personas con discapacidad auditiva en todas sus iglesias. Hasta la fecha, est\u00e1n conscientes de la presencia de aproximadamente 71 personas en las congregaciones en esta zona norte del M\u00e9xico; sin embargo, desean aumentar sus esfuerzos para trabajar muy de cerca con asociaciones y misiones que supervisan a miles de congregaciones, a fin de reconocer dentro de ellas a todos los miembros con discapacidades auditivas.<\/p>\n<p>\u201cVa a ser una gran bendici\u00f3n involucrar a todos nuestros pastores de distrito en nuestra estrategia de identificar y ministrar en favor de las personas con discapacidades auditivas que asisten actualmente a nuestras iglesias adventistas\u201d, a\u00f1adi\u00f3 el Pastor Dyck.<\/p>\n<p>Los dirigentes de la iglesia est\u00e1n considerando la celebraci\u00f3n de un programa de entrenamiento intensivo de dos semanas de duraci\u00f3n para Gu\u00edas Mayores, con el fin de fortalecer la labor de personas j\u00f3venes con discapacidad auditiva, para que trabajen en favor de otros que experimentan las mismas necesidades.<\/p>\n<p>Las estad\u00edsticas de un reciente censo nacional muestran que, por cada 5 millones de personas con discapacidades en el pa\u00eds de M\u00e9xico, un 12.1 por ciento, o casi 700,000 de ellas, tienen alg\u00fan nivel de discapacidad auditiva.<\/p>\n<p>De entre ese grupo particular, el 30 por ciento no sabe leer o escribir, lo cual a su vez afecta su situaci\u00f3n econ\u00f3mica.<\/p>\n<p>El desaf\u00edo es grande, dijo el Pastor Dyck, pero es uno que la iglesia desea enfrentar.<\/p>\n<p>El nuevo director de Necesidades Especiales en el territorio norte de M\u00e9xico, Pastor David Maldonado, dijo que el ministerio en favor de personas con discapacidad auditiva no es nuevo, pero que necesita ser reforzado en todos los niveles de la iglesia para llegar a todos los miembros actuales y tambi\u00e9n a los no creyentes.<\/p>\n<p>\u201cDeseamos formar conciencia respecto a la necesidad de un s\u00f3lido Ministerio de Personas Sordas Adventistas en cada iglesia local y grupo peque\u00f1o en nuestro territorio\u201d, dijo el Pastor Maldonado. Es de suma importancia identificar a los miembros con esta discapacidad, a\u00f1adi\u00f3, as\u00ed como el nombrar a alguien en cada asociaci\u00f3n y misi\u00f3n, para que supervise este ministerio en favor de ellos.<\/p>\n<div id=\"attachment_24200\" style=\"width: 528px\" class=\"wp-caption alignleft\"><a href=\"\/interamerica\/wp-content\/uploads\/2017\/06\/NOMU-deaf-interpreter.jpg\" rel=\"fancybox\" title=\"En la zona Norte de M\u00e9xico, la Iglesia Adventista procura ministrar en favor de personas con discapacidad auditiva\"><img loading=\"lazy\" decoding=\"async\" aria-describedby=\"caption-attachment-24200\" class=\" wp-image-24200  \" src=\"\/interamerica\/wp-content\/uploads\/2017\/06\/NOMU-deaf-interpreter.jpg\" alt=\"\" width=\"518\" height=\"346\" \/><\/a><p id=\"caption-attachment-24200\" class=\"wp-caption-text\">Un int\u00e9rprete ejerciendo su labor durante la oraci\u00f3n.<\/p><\/div>\n<p>Una vez que se pongan en marcha las estrategias clave, se podr\u00e1 alcanzar a muchas personas en la comunidad con tales necesidades.<\/p>\n<p>\u201cDeseamos hacer disponibles todos los materiales impresos adventistas, los de devoci\u00f3n matinal y otros materiales para uso de este grupo\u201d, dijo el Pastor Maldonado.<\/p>\n<p>La Universidad Adventista de Montemorelos ayudar\u00e1 a la iglesia en la regi\u00f3n norte de M\u00e9xico en la producci\u00f3n de Himnarios Adventistas en lenguaje de se\u00f1as. \u201cNuestros delegados disfrutaron al entonar los himnos proyectados en v\u00eddeo durante el congreso y fue maravilloso ser testigos de su gozo y alegr\u00eda\u201d.<\/p>\n<p>Todo el programa del s\u00e1bado de la Universidad de Montemorelos fue transmitido en lenguaje de se\u00f1as a trav\u00e9s del canal local de televisi\u00f3n de la instituci\u00f3n. Los dirigentes de la universidad se comprometieron a transmitir de ahora en adelante cada servicio de adoraci\u00f3n, en lenguaje de se\u00f1as.<\/p>\n<p>El congreso hizo que tanto dirigentes como miembros se involucraran y adoraran juntos con personas sordas al tomar parte en un servicio especial de comuni\u00f3n y otras actividades celebradas en conjunto.<\/p>\n<p>El Pastor Maldonado explic\u00f3 que m\u00e1s de 60 estudiantes universitarios se registraron para aprender el lenguaje de se\u00f1as con un experto en este lenguaje dentro del plantel.<\/p>\n<p>La iglesia comenz\u00f3 a producir las lecciones b\u00edblicas La Fe de Jes\u00fas en lenguaje de se\u00f1as a fin de hacerlas disponibles a los miembros de iglesia para que puedan compartirlas. Los dirigentes esperan terminar la preparaci\u00f3n de las 20 lecciones b\u00edblicas para el pr\u00f3ximo mes de junio, cuando esperan reunir a m\u00e1s de 500 personas con discapacidad auditiva de todo M\u00e9xico, con el fin de celebrar el primer evento de esta clase en este pa\u00eds.<\/p>\n<p>\u201cEstamos seriamente interesados en alcanzar a las personas con discapacidad auditiva de todas nuestras ciudades, comunidades y calles, que necesitan escuchar acerca del amor de Jes\u00fas\u201d, dijo el Pastor Maldonado.<\/p>\n<p>Traducci\u00f3n por Gloria A. Castrej\u00f3n<\/p>\n","protected":false},"excerpt":{"rendered":"<p>Docenas de personas con discapacidad auditiva en el territorio de la Uni\u00f3n Mexicana del Norte se reunieron durante cuatro d\u00edas con el fin de aprender m\u00e1s acerca del compromiso de la Iglesia Adventista del S\u00e9ptimo D\u00eda de ayudarlos en su proceso de crecimiento espiritual. <\/p>\n<p>Los dirigentes de la iglesia y los miembros interesados en el ministerio en favor de este grupo, se reunieron para celebrar el Congreso de Sordos Adventistas en las instalaciones de La Morita, en la municipalidad de Montemorelos, Nuevo Le\u00f3n, M\u00e9xico, del 10 al 14 de agosto de 2016.<\/p>\n","protected":false},"author":1,"featured_media":28518,"comment_status":"closed","ping_status":"closed","sticky":false,"template":"","format":"standard","meta":{"_acf_changed":false,"footnotes":""},"categories":[17,15],"tags":[],"class_list":["post-31231","post","type-post","status-publish","format-standard","has-post-thumbnail","hentry","category-desde-el-campo","category-rss-espanol"],"acf":[],"yoast_head":"<!-- This site is optimized with the Yoast SEO plugin v27.3 - https:\/\/yoast.com\/product\/yoast-seo-wordpress\/ -->\n<title>En la zona Norte de M\u00e9xico, la Iglesia Adventista procura ministrar en favor de personas con discapacidad auditiva - Iglesia Adventista del S\u00e9ptimo D\u00eda - Divisi\u00f3n Interamericana<\/title>\n<meta name=\"robots\" content=\"index, follow, max-snippet:-1, max-image-preview:large, max-video-preview:-1\" \/>\n<link rel=\"canonical\" href=\"https:\/\/interamerica.org\/es\/2016\/09\/en-la-zona-norte-de-mexico-la-iglesia-adventista-procura-ministrar-en-favor-de-personas-con-discapacidad-auditiva\/\" \/>\n<meta property=\"og:locale\" content=\"es_ES\" \/>\n<meta property=\"og:type\" content=\"article\" \/>\n<meta property=\"og:title\" content=\"En la zona Norte de M\u00e9xico, la Iglesia Adventista procura ministrar en favor de personas con discapacidad auditiva - Iglesia Adventista del S\u00e9ptimo D\u00eda - Divisi\u00f3n Interamericana\" \/>\n<meta property=\"og:description\" content=\"Docenas de personas con discapacidad auditiva en el territorio de la Uni\u00f3n Mexicana del Norte se reunieron durante cuatro d\u00edas con el fin de aprender m\u00e1s acerca del compromiso de la Iglesia Adventista del S\u00e9ptimo D\u00eda de ayudarlos en su proceso de crecimiento espiritual.  Los dirigentes de la iglesia y los miembros interesados en el ministerio en favor de este grupo, se reunieron para celebrar el Congreso de Sordos Adventistas en las instalaciones de La Morita, en la municipalidad de Montemorelos, Nuevo Le\u00f3n, M\u00e9xico, del 10 al 14 de agosto de 2016.\" \/>\n<meta property=\"og:url\" content=\"https:\/\/interamerica.org\/es\/2016\/09\/en-la-zona-norte-de-mexico-la-iglesia-adventista-procura-ministrar-en-favor-de-personas-con-discapacidad-auditiva\/\" \/>\n<meta property=\"og:site_name\" content=\"Iglesia Adventista del S\u00e9ptimo D\u00eda - Divisi\u00f3n Interamericana\" \/>\n<meta property=\"article:published_time\" content=\"2016-09-14T04:00:00+00:00\" \/>\n<meta property=\"og:image\" content=\"https:\/\/interamerica.org\/wp-content\/uploads\/2017\/06\/NOMU-deaf-congress1.jpg\" \/>\n\t<meta property=\"og:image:width\" content=\"2048\" \/>\n\t<meta property=\"og:image:height\" content=\"1365\" \/>\n\t<meta property=\"og:image:type\" content=\"image\/jpeg\" \/>\n<meta name=\"author\" content=\"Lorenzo Verduzco\" \/>\n<meta name=\"twitter:card\" content=\"summary_large_image\" \/>\n<meta name=\"twitter:label1\" content=\"Escrito por\" \/>\n\t<meta name=\"twitter:data1\" content=\"Lorenzo Verduzco\" \/>\n\t<meta name=\"twitter:label2\" content=\"Tiempo de lectura\" \/>\n\t<meta name=\"twitter:data2\" content=\"7 minutos\" \/>\n<script type=\"application\/ld+json\" class=\"yoast-schema-graph\">{\"@context\":\"https:\\\/\\\/schema.org\",\"@graph\":[{\"@type\":\"Article\",\"@id\":\"https:\\\/\\\/interamerica.org\\\/es\\\/2016\\\/09\\\/en-la-zona-norte-de-mexico-la-iglesia-adventista-procura-ministrar-en-favor-de-personas-con-discapacidad-auditiva\\\/#article\",\"isPartOf\":{\"@id\":\"https:\\\/\\\/interamerica.org\\\/es\\\/2016\\\/09\\\/en-la-zona-norte-de-mexico-la-iglesia-adventista-procura-ministrar-en-favor-de-personas-con-discapacidad-auditiva\\\/\"},\"author\":{\"name\":\"Lorenzo Verduzco\",\"@id\":\"https:\\\/\\\/interamerica.org\\\/es\\\/#\\\/schema\\\/person\\\/68ede8bdc292885bb76c1e3810e73c39\"},\"headline\":\"En la zona Norte de M\u00e9xico, la Iglesia Adventista procura ministrar en favor de personas con discapacidad auditiva\",\"datePublished\":\"2016-09-14T04:00:00+00:00\",\"mainEntityOfPage\":{\"@id\":\"https:\\\/\\\/interamerica.org\\\/es\\\/2016\\\/09\\\/en-la-zona-norte-de-mexico-la-iglesia-adventista-procura-ministrar-en-favor-de-personas-con-discapacidad-auditiva\\\/\"},\"wordCount\":1356,\"image\":{\"@id\":\"https:\\\/\\\/interamerica.org\\\/es\\\/2016\\\/09\\\/en-la-zona-norte-de-mexico-la-iglesia-adventista-procura-ministrar-en-favor-de-personas-con-discapacidad-auditiva\\\/#primaryimage\"},\"thumbnailUrl\":\"https:\\\/\\\/interamerica.org\\\/wp-content\\\/uploads\\\/2017\\\/06\\\/NOMU-deaf-congress1.jpg\",\"articleSection\":[\"Desde el campo\",\"RSS Espa\u00f1ol\"],\"inLanguage\":\"es\"},{\"@type\":\"WebPage\",\"@id\":\"https:\\\/\\\/interamerica.org\\\/es\\\/2016\\\/09\\\/en-la-zona-norte-de-mexico-la-iglesia-adventista-procura-ministrar-en-favor-de-personas-con-discapacidad-auditiva\\\/\",\"url\":\"https:\\\/\\\/interamerica.org\\\/es\\\/2016\\\/09\\\/en-la-zona-norte-de-mexico-la-iglesia-adventista-procura-ministrar-en-favor-de-personas-con-discapacidad-auditiva\\\/\",\"name\":\"En la zona Norte de M\u00e9xico, la Iglesia Adventista procura ministrar en favor de personas con discapacidad auditiva - Iglesia Adventista del S\u00e9ptimo D\u00eda - Divisi\u00f3n Interamericana\",\"isPartOf\":{\"@id\":\"https:\\\/\\\/interamerica.org\\\/es\\\/#website\"},\"primaryImageOfPage\":{\"@id\":\"https:\\\/\\\/interamerica.org\\\/es\\\/2016\\\/09\\\/en-la-zona-norte-de-mexico-la-iglesia-adventista-procura-ministrar-en-favor-de-personas-con-discapacidad-auditiva\\\/#primaryimage\"},\"image\":{\"@id\":\"https:\\\/\\\/interamerica.org\\\/es\\\/2016\\\/09\\\/en-la-zona-norte-de-mexico-la-iglesia-adventista-procura-ministrar-en-favor-de-personas-con-discapacidad-auditiva\\\/#primaryimage\"},\"thumbnailUrl\":\"https:\\\/\\\/interamerica.org\\\/wp-content\\\/uploads\\\/2017\\\/06\\\/NOMU-deaf-congress1.jpg\",\"datePublished\":\"2016-09-14T04:00:00+00:00\",\"author\":{\"@id\":\"https:\\\/\\\/interamerica.org\\\/es\\\/#\\\/schema\\\/person\\\/68ede8bdc292885bb76c1e3810e73c39\"},\"breadcrumb\":{\"@id\":\"https:\\\/\\\/interamerica.org\\\/es\\\/2016\\\/09\\\/en-la-zona-norte-de-mexico-la-iglesia-adventista-procura-ministrar-en-favor-de-personas-con-discapacidad-auditiva\\\/#breadcrumb\"},\"inLanguage\":\"es\",\"potentialAction\":[{\"@type\":\"ReadAction\",\"target\":[\"https:\\\/\\\/interamerica.org\\\/es\\\/2016\\\/09\\\/en-la-zona-norte-de-mexico-la-iglesia-adventista-procura-ministrar-en-favor-de-personas-con-discapacidad-auditiva\\\/\"]}]},{\"@type\":\"ImageObject\",\"inLanguage\":\"es\",\"@id\":\"https:\\\/\\\/interamerica.org\\\/es\\\/2016\\\/09\\\/en-la-zona-norte-de-mexico-la-iglesia-adventista-procura-ministrar-en-favor-de-personas-con-discapacidad-auditiva\\\/#primaryimage\",\"url\":\"https:\\\/\\\/interamerica.org\\\/wp-content\\\/uploads\\\/2017\\\/06\\\/NOMU-deaf-congress1.jpg\",\"contentUrl\":\"https:\\\/\\\/interamerica.org\\\/wp-content\\\/uploads\\\/2017\\\/06\\\/NOMU-deaf-congress1.jpg\",\"width\":2048,\"height\":1365},{\"@type\":\"BreadcrumbList\",\"@id\":\"https:\\\/\\\/interamerica.org\\\/es\\\/2016\\\/09\\\/en-la-zona-norte-de-mexico-la-iglesia-adventista-procura-ministrar-en-favor-de-personas-con-discapacidad-auditiva\\\/#breadcrumb\",\"itemListElement\":[{\"@type\":\"ListItem\",\"position\":1,\"name\":\"Home\",\"item\":\"https:\\\/\\\/interamerica.org\\\/es\\\/\"},{\"@type\":\"ListItem\",\"position\":2,\"name\":\"En la zona Norte de M\u00e9xico, la Iglesia Adventista procura ministrar en favor de personas con discapacidad auditiva\"}]},{\"@type\":\"WebSite\",\"@id\":\"https:\\\/\\\/interamerica.org\\\/es\\\/#website\",\"url\":\"https:\\\/\\\/interamerica.org\\\/es\\\/\",\"name\":\"Iglesia Adventista del S\u00e9ptimo D\u00eda - Divisi\u00f3n Interamericana\",\"description\":\"\",\"potentialAction\":[{\"@type\":\"SearchAction\",\"target\":{\"@type\":\"EntryPoint\",\"urlTemplate\":\"https:\\\/\\\/interamerica.org\\\/es\\\/?s={search_term_string}\"},\"query-input\":{\"@type\":\"PropertyValueSpecification\",\"valueRequired\":true,\"valueName\":\"search_term_string\"}}],\"inLanguage\":\"es\"},{\"@type\":\"Person\",\"@id\":\"https:\\\/\\\/interamerica.org\\\/es\\\/#\\\/schema\\\/person\\\/68ede8bdc292885bb76c1e3810e73c39\",\"name\":\"Lorenzo Verduzco\",\"image\":{\"@type\":\"ImageObject\",\"inLanguage\":\"es\",\"@id\":\"https:\\\/\\\/secure.gravatar.com\\\/avatar\\\/fb81a55b6218459490a9c1dc841a34909185b81904c5337b4b27f7a6fd60c49e?s=96&d=mm&r=g\",\"url\":\"https:\\\/\\\/secure.gravatar.com\\\/avatar\\\/fb81a55b6218459490a9c1dc841a34909185b81904c5337b4b27f7a6fd60c49e?s=96&d=mm&r=g\",\"contentUrl\":\"https:\\\/\\\/secure.gravatar.com\\\/avatar\\\/fb81a55b6218459490a9c1dc841a34909185b81904c5337b4b27f7a6fd60c49e?s=96&d=mm&r=g\",\"caption\":\"Lorenzo Verduzco\"}}]}<\/script>\n<!-- \/ Yoast SEO plugin. -->","yoast_head_json":{"title":"En la zona Norte de M\u00e9xico, la Iglesia Adventista procura ministrar en favor de personas con discapacidad auditiva - Iglesia Adventista del S\u00e9ptimo D\u00eda - Divisi\u00f3n Interamericana","robots":{"index":"index","follow":"follow","max-snippet":"max-snippet:-1","max-image-preview":"max-image-preview:large","max-video-preview":"max-video-preview:-1"},"canonical":"https:\/\/interamerica.org\/es\/2016\/09\/en-la-zona-norte-de-mexico-la-iglesia-adventista-procura-ministrar-en-favor-de-personas-con-discapacidad-auditiva\/","og_locale":"es_ES","og_type":"article","og_title":"En la zona Norte de M\u00e9xico, la Iglesia Adventista procura ministrar en favor de personas con discapacidad auditiva - Iglesia Adventista del S\u00e9ptimo D\u00eda - Divisi\u00f3n Interamericana","og_description":"Docenas de personas con discapacidad auditiva en el territorio de la Uni\u00f3n Mexicana del Norte se reunieron durante cuatro d\u00edas con el fin de aprender m\u00e1s acerca del compromiso de la Iglesia Adventista del S\u00e9ptimo D\u00eda de ayudarlos en su proceso de crecimiento espiritual.  Los dirigentes de la iglesia y los miembros interesados en el ministerio en favor de este grupo, se reunieron para celebrar el Congreso de Sordos Adventistas en las instalaciones de La Morita, en la municipalidad de Montemorelos, Nuevo Le\u00f3n, M\u00e9xico, del 10 al 14 de agosto de 2016.","og_url":"https:\/\/interamerica.org\/es\/2016\/09\/en-la-zona-norte-de-mexico-la-iglesia-adventista-procura-ministrar-en-favor-de-personas-con-discapacidad-auditiva\/","og_site_name":"Iglesia Adventista del S\u00e9ptimo D\u00eda - Divisi\u00f3n Interamericana","article_published_time":"2016-09-14T04:00:00+00:00","og_image":[{"width":2048,"height":1365,"url":"https:\/\/interamerica.org\/wp-content\/uploads\/2017\/06\/NOMU-deaf-congress1.jpg","type":"image\/jpeg"}],"author":"Lorenzo Verduzco","twitter_card":"summary_large_image","twitter_misc":{"Escrito por":"Lorenzo Verduzco","Tiempo de lectura":"7 minutos"},"schema":{"@context":"https:\/\/schema.org","@graph":[{"@type":"Article","@id":"https:\/\/interamerica.org\/es\/2016\/09\/en-la-zona-norte-de-mexico-la-iglesia-adventista-procura-ministrar-en-favor-de-personas-con-discapacidad-auditiva\/#article","isPartOf":{"@id":"https:\/\/interamerica.org\/es\/2016\/09\/en-la-zona-norte-de-mexico-la-iglesia-adventista-procura-ministrar-en-favor-de-personas-con-discapacidad-auditiva\/"},"author":{"name":"Lorenzo Verduzco","@id":"https:\/\/interamerica.org\/es\/#\/schema\/person\/68ede8bdc292885bb76c1e3810e73c39"},"headline":"En la zona Norte de M\u00e9xico, la Iglesia Adventista procura ministrar en favor de personas con discapacidad auditiva","datePublished":"2016-09-14T04:00:00+00:00","mainEntityOfPage":{"@id":"https:\/\/interamerica.org\/es\/2016\/09\/en-la-zona-norte-de-mexico-la-iglesia-adventista-procura-ministrar-en-favor-de-personas-con-discapacidad-auditiva\/"},"wordCount":1356,"image":{"@id":"https:\/\/interamerica.org\/es\/2016\/09\/en-la-zona-norte-de-mexico-la-iglesia-adventista-procura-ministrar-en-favor-de-personas-con-discapacidad-auditiva\/#primaryimage"},"thumbnailUrl":"https:\/\/interamerica.org\/wp-content\/uploads\/2017\/06\/NOMU-deaf-congress1.jpg","articleSection":["Desde el campo","RSS Espa\u00f1ol"],"inLanguage":"es"},{"@type":"WebPage","@id":"https:\/\/interamerica.org\/es\/2016\/09\/en-la-zona-norte-de-mexico-la-iglesia-adventista-procura-ministrar-en-favor-de-personas-con-discapacidad-auditiva\/","url":"https:\/\/interamerica.org\/es\/2016\/09\/en-la-zona-norte-de-mexico-la-iglesia-adventista-procura-ministrar-en-favor-de-personas-con-discapacidad-auditiva\/","name":"En la zona Norte de M\u00e9xico, la Iglesia Adventista procura ministrar en favor de personas con discapacidad auditiva - Iglesia Adventista del S\u00e9ptimo D\u00eda - Divisi\u00f3n Interamericana","isPartOf":{"@id":"https:\/\/interamerica.org\/es\/#website"},"primaryImageOfPage":{"@id":"https:\/\/interamerica.org\/es\/2016\/09\/en-la-zona-norte-de-mexico-la-iglesia-adventista-procura-ministrar-en-favor-de-personas-con-discapacidad-auditiva\/#primaryimage"},"image":{"@id":"https:\/\/interamerica.org\/es\/2016\/09\/en-la-zona-norte-de-mexico-la-iglesia-adventista-procura-ministrar-en-favor-de-personas-con-discapacidad-auditiva\/#primaryimage"},"thumbnailUrl":"https:\/\/interamerica.org\/wp-content\/uploads\/2017\/06\/NOMU-deaf-congress1.jpg","datePublished":"2016-09-14T04:00:00+00:00","author":{"@id":"https:\/\/interamerica.org\/es\/#\/schema\/person\/68ede8bdc292885bb76c1e3810e73c39"},"breadcrumb":{"@id":"https:\/\/interamerica.org\/es\/2016\/09\/en-la-zona-norte-de-mexico-la-iglesia-adventista-procura-ministrar-en-favor-de-personas-con-discapacidad-auditiva\/#breadcrumb"},"inLanguage":"es","potentialAction":[{"@type":"ReadAction","target":["https:\/\/interamerica.org\/es\/2016\/09\/en-la-zona-norte-de-mexico-la-iglesia-adventista-procura-ministrar-en-favor-de-personas-con-discapacidad-auditiva\/"]}]},{"@type":"ImageObject","inLanguage":"es","@id":"https:\/\/interamerica.org\/es\/2016\/09\/en-la-zona-norte-de-mexico-la-iglesia-adventista-procura-ministrar-en-favor-de-personas-con-discapacidad-auditiva\/#primaryimage","url":"https:\/\/interamerica.org\/wp-content\/uploads\/2017\/06\/NOMU-deaf-congress1.jpg","contentUrl":"https:\/\/interamerica.org\/wp-content\/uploads\/2017\/06\/NOMU-deaf-congress1.jpg","width":2048,"height":1365},{"@type":"BreadcrumbList","@id":"https:\/\/interamerica.org\/es\/2016\/09\/en-la-zona-norte-de-mexico-la-iglesia-adventista-procura-ministrar-en-favor-de-personas-con-discapacidad-auditiva\/#breadcrumb","itemListElement":[{"@type":"ListItem","position":1,"name":"Home","item":"https:\/\/interamerica.org\/es\/"},{"@type":"ListItem","position":2,"name":"En la zona Norte de M\u00e9xico, la Iglesia Adventista procura ministrar en favor de personas con discapacidad auditiva"}]},{"@type":"WebSite","@id":"https:\/\/interamerica.org\/es\/#website","url":"https:\/\/interamerica.org\/es\/","name":"Iglesia Adventista del S\u00e9ptimo D\u00eda - Divisi\u00f3n Interamericana","description":"","potentialAction":[{"@type":"SearchAction","target":{"@type":"EntryPoint","urlTemplate":"https:\/\/interamerica.org\/es\/?s={search_term_string}"},"query-input":{"@type":"PropertyValueSpecification","valueRequired":true,"valueName":"search_term_string"}}],"inLanguage":"es"},{"@type":"Person","@id":"https:\/\/interamerica.org\/es\/#\/schema\/person\/68ede8bdc292885bb76c1e3810e73c39","name":"Lorenzo Verduzco","image":{"@type":"ImageObject","inLanguage":"es","@id":"https:\/\/secure.gravatar.com\/avatar\/fb81a55b6218459490a9c1dc841a34909185b81904c5337b4b27f7a6fd60c49e?s=96&d=mm&r=g","url":"https:\/\/secure.gravatar.com\/avatar\/fb81a55b6218459490a9c1dc841a34909185b81904c5337b4b27f7a6fd60c49e?s=96&d=mm&r=g","contentUrl":"https:\/\/secure.gravatar.com\/avatar\/fb81a55b6218459490a9c1dc841a34909185b81904c5337b4b27f7a6fd60c49e?s=96&d=mm&r=g","caption":"Lorenzo Verduzco"}}]}},"_links":{"self":[{"href":"https:\/\/interamerica.org\/es\/wp-json\/wp\/v2\/posts\/31231","targetHints":{"allow":["GET"]}}],"collection":[{"href":"https:\/\/interamerica.org\/es\/wp-json\/wp\/v2\/posts"}],"about":[{"href":"https:\/\/interamerica.org\/es\/wp-json\/wp\/v2\/types\/post"}],"author":[{"embeddable":true,"href":"https:\/\/interamerica.org\/es\/wp-json\/wp\/v2\/users\/1"}],"replies":[{"embeddable":true,"href":"https:\/\/interamerica.org\/es\/wp-json\/wp\/v2\/comments?post=31231"}],"version-history":[{"count":0,"href":"https:\/\/interamerica.org\/es\/wp-json\/wp\/v2\/posts\/31231\/revisions"}],"wp:featuredmedia":[{"embeddable":true,"href":"https:\/\/interamerica.org\/es\/wp-json\/wp\/v2\/media\/28518"}],"wp:attachment":[{"href":"https:\/\/interamerica.org\/es\/wp-json\/wp\/v2\/media?parent=31231"}],"wp:term":[{"taxonomy":"category","embeddable":true,"href":"https:\/\/interamerica.org\/es\/wp-json\/wp\/v2\/categories?post=31231"},{"taxonomy":"post_tag","embeddable":true,"href":"https:\/\/interamerica.org\/es\/wp-json\/wp\/v2\/tags?post=31231"}],"curies":[{"name":"wp","href":"https:\/\/api.w.org\/{rel}","templated":true}]}}