{"id":31234,"date":"2016-09-16T00:00:00","date_gmt":"2016-09-16T04:00:00","guid":{"rendered":"http:\/\/192.81.217.108\/interamerica\/2016\/09\/interamerica-lanza-oficialmente-sus-tres-nuevos-canales-adventistas-de-television\/"},"modified":"2016-09-16T00:00:00","modified_gmt":"2016-09-16T04:00:00","slug":"interamerica-lanza-oficialmente-sus-tres-nuevos-canales-adventistas-de-television","status":"publish","type":"post","link":"https:\/\/interamerica.org\/es\/2016\/09\/interamerica-lanza-oficialmente-sus-tres-nuevos-canales-adventistas-de-television\/","title":{"rendered":"Interam\u00e9rica lanza oficialmente sus tres nuevos canales adventistas de televisi\u00f3n"},"content":{"rendered":"<div id=\"attachment_24288\" style=\"width: 747px\" class=\"wp-caption aligncenter\"><a href=\"\/interamerica\/wp-content\/uploads\/2017\/06\/HCIA-switch-launch2.png\" rel=\"fancybox\" title=\"Interam\u00e9rica lanza oficialmente sus tres nuevos canales adventistas de televisi\u00f3n\"><img fetchpriority=\"high\" decoding=\"async\" aria-describedby=\"caption-attachment-24288\" class=\" wp-image-24288  \" title=\"HCIA-switch-launch2\" src=\"\/interamerica\/wp-content\/uploads\/2017\/06\/HCIA-switch-launch2-1024x671.png\" alt=\"\" width=\"737\" height=\"483\" \/><\/a><p id=\"caption-attachment-24288\" class=\"wp-caption-text\">De izquierda a derecha: Los administradores de la Divisi\u00f3n Interamericana, los pastores Israel Leito, Elie Henry, Filiberto Verduzco y Derek Morris, presidente de Hope Channel, colocan su mano derecha sobre el dispositivo que simboliza la transmisi\u00f3n satelital del Canal Hope Interam\u00e9rica, durante el programa de lanzamiento llevado a cabo en la sede de la Divisi\u00f3n Interamericana en Miami, Florida, Estados Unidos, el 15 de septiembre de 2016. Imagen de la DIA<\/p><\/div>\n<p>16 de septiembre de 2016\u00a0| Miami, Florida, Estados Unidos | Libna Stevens\/DIA<\/p>\n<p>La Iglesia Adventista del S\u00e9ptimo D\u00eda en Interam\u00e9rica lanz\u00f3 oficialmente en el d\u00eda de ayer sus tres nuevos canales de televisi\u00f3n durante un programa especial que se llev\u00f3 a cabo en la sede central de la iglesia en la regi\u00f3n en Miami, Florida, Estados Unidos.<\/p>\n<div id=\"attachment_24251\" style=\"width: 442px\" class=\"wp-caption alignleft\"><a href=\"\/interamerica\/wp-content\/uploads\/2017\/06\/HCIA-Leito.jpg\" rel=\"fancybox\" title=\"Interam\u00e9rica lanza oficialmente sus tres nuevos canales adventistas de televisi\u00f3n\"><img decoding=\"async\" aria-describedby=\"caption-attachment-24251\" class=\" wp-image-24251   \" src=\"\/interamerica\/wp-content\/uploads\/2017\/06\/HCIA-Leito.jpg\" alt=\"\" width=\"432\" height=\"298\" \/><\/a><p id=\"caption-attachment-24251\" class=\"wp-caption-text\">El pastor Israel Leito, presidente de la Divisi\u00f3n Interamericana, habl\u00f3 durante el programa de lanzamiento en vivo de la visi\u00f3n de compartir el evangelio del pronto regreso de Cristo por medio del Canal Hope Interam\u00e9rica. Imagen de Magda Salinas\/DIA<\/p><\/div>\n<p>Directivos del Canal Hope de la Asociaci\u00f3n General y los principales l\u00edderes de la Divisi\u00f3n Interamericana (DIA) participaron de la ceremonia especial durante una hora, en la que el Canal Hope Interam\u00e9rica comenz\u00f3 a transmitir sus canales en ingl\u00e9s, espa\u00f1ol y franc\u00e9s por v\u00eda sat\u00e9lite, por la red y en Roku.<\/p>\n<p>\u201cAl lanzar el Canal Hope Interam\u00e9rica, queremos que el mundo pueda saber que Cristo viene pronto\u201d, dijo el pastor Israel Leito, presidente de la Iglesia Adventista en Interam\u00e9rica. \u201cQueremos que este mensaje sea proclamado en cada hogar, cada cultura, cada idioma principal aqu\u00ed\u201d, a\u00f1adi\u00f3.<\/p>\n<p>Los canales buscar\u00e1n informar, ense\u00f1ar y efectuar cambios en las vidas de las personas dentro de su propia cultura y contexto en el territorio de la DIA, a\u00f1adi\u00f3 el pastor Leito.<\/p>\n<p>El doctor Derek Morris, presidente del Canal Hope Inc., estuvo acompa\u00f1ado por Gabriel Begle, vicepresidente de producci\u00f3n y programaci\u00f3n, Gideon Mutero, vicepresidente de finanzas, y Kandus Thorp, directora de desarrollo internacional, para felicitar a los principales l\u00edderes de la iglesia por su compromiso de esparcir la Palabra de Dios en el momento en que se llev\u00f3 a cabo el programa que marc\u00f3 el hist\u00f3rico lanzamiento.<\/p>\n<p>\u201cEl trabajo de edificar el reino de Cristo seguir\u00e1 adelante\u201d, dijo Morris. \u201cHay mucho por hacer, y queremos usar todas las tecnolog\u00edas disponibles para alcanzar a las personas con el mensaje del evangelio del pronto regreso de Cristo\u201d.<\/p>\n<div id=\"attachment_24252\" style=\"width: 464px\" class=\"wp-caption alignright\"><a href=\"\/interamerica\/wp-content\/uploads\/2017\/06\/HCIA-Derek-Morris.png\" rel=\"fancybox\" title=\"Interam\u00e9rica lanza oficialmente sus tres nuevos canales adventistas de televisi\u00f3n\"><img decoding=\"async\" aria-describedby=\"caption-attachment-24252\" class=\" wp-image-24252   \" src=\"\/interamerica\/wp-content\/uploads\/2017\/06\/HCIA-Derek-Morris.png\" alt=\"\" width=\"454\" height=\"305\" \/><\/a><p id=\"caption-attachment-24252\" class=\"wp-caption-text\">El doctor Derek Morris, presidente de Hope Channel Inc, da la bienvenida al Canal Hope Interam\u00e9rica como parte de la red global de canales adventistas de televisi\u00f3n. Imagen de la DIA<\/p><\/div>\n<p>El uso de los medios para lograr esa misi\u00f3n bajo el ungimiento del Esp\u00edritu Santo llevar\u00e1 el mensaje a las ciudades y a todas partes, a\u00f1adi\u00f3 Morris. \u201cJes\u00fas nos desaf\u00eda a cada uno de nosotros para que clamemos al Se\u00f1or de la cosecha\u201d.<\/p>\n<p>Esa cosecha vendr\u00e1 con la \u201csemilla\u201d ya plantada y est\u00e1 germinar\u00e1, a medida que el Canal Hope Interam\u00e9rica avanza para ayudar a transformar la vida de los televidentes, dijo Abel M\u00e1rquez, director de comunicaci\u00f3n de la Iglesia Adventista en Interam\u00e9rica, y quien supervisa el Canal Hope Interam\u00e9rica.<\/p>\n<p>El territorio ha invertido importantes fondos para apoyar el funcionamiento de Hope Channel Inter-America (en ingl\u00e9s), Esperanza TV Interam\u00e9rica (en espa\u00f1ol), y Esp\u00e9rance TV Interamerique (en franc\u00e9s), las 24 horas al d\u00eda, siete d\u00edas a la semana, para alcanzar a los m\u00e1s de 280 millones de personas en todo el territorio, a\u00f1adi\u00f3 M\u00e1rquez.<\/p>\n<p>El control maestro de los canales se encuentra en la sede de la Asociaci\u00f3n General de la Iglesia Adventista, mientras que la DIA ha establecido una ubicaci\u00f3n de control remoto en Miami y en M\u00e9xico para coordinar las listas de reproducci\u00f3n de los tres canales, explic\u00f3 M\u00e1rquez.<\/p>\n<div id=\"attachment_24253\" style=\"width: 471px\" class=\"wp-caption alignright\"><a href=\"\/interamerica\/wp-content\/uploads\/2017\/06\/HCIA-AbelMarquez.png\" rel=\"fancybox\" title=\"Interam\u00e9rica lanza oficialmente sus tres nuevos canales adventistas de televisi\u00f3n\"><img loading=\"lazy\" decoding=\"async\" aria-describedby=\"caption-attachment-24253\" class=\" wp-image-24253      \" src=\"\/interamerica\/wp-content\/uploads\/2017\/06\/HCIA-AbelMarquez-1024x624.png\" alt=\"\" width=\"461\" height=\"281\" \/><\/a><p id=\"caption-attachment-24253\" class=\"wp-caption-text\">Abel M\u00e1rquez (izquierda), director de comunicaci\u00f3n de la Iglesia Adventista en Interam\u00e9rica, que supervisa el Canal Hope Interam\u00e9rica, entrevista a Gabriel Begle, vicepresidente de producci\u00f3n y programaci\u00f3n de Hope Channel durante el programa de lanzamiento. Imagen de la DIA<\/p><\/div>\n<p>Por el momento, el canal en ingl\u00e9s continuar\u00e1 ofreciendo la misma programaci\u00f3n que el Canal Hope de Televisi\u00f3n Adventista. Esperanza TV Interam\u00e9rica refleja programaci\u00f3n seleccionada de la DIA y de otras divisions de la iglesia mundial, y Esp\u00e9rance TV Interam\u00e9rique ofrecer\u00e1 programaci\u00f3n producida por la Uni\u00f3n de Guyana y Antillas Holandesas con sede en la isla de Martinica, que estar\u00e1 disponible en Roku y en la red.<\/p>\n<p>\u201cEl Canal Hope Interam\u00e9rica depender\u00e1 mucho de los contenidos producidos por los centros de medios en todo el territorio\u201d, dijo M\u00e1rquez. \u201cNuestro objetivo es poner al aire programas contextualizados para nuestro territorio, y estamos en proceso de firmar acuerdos adicionales de colaboraci\u00f3n con nuestros centros de medios m\u00e1s grandes de la divisi\u00f3n, de manera de enriquecer los canales con nuevos programas\u201d.<\/p>\n<p>Se est\u00e1n haciendo planes de llevar a cabo un taller de cinematograf\u00eda con un grupo selecto de productores f\u00edlmicos t\u00e9cnicos del territorio de la DIA en noviembre, un consejo consultivo del Canal Hope en 2017, as\u00ed como una evaluaci\u00f3n adicional de los centros de medios para llevar a cabo producciones de nivel profesional para los nuevos canales.<\/p>\n<div id=\"attachment_24255\" style=\"width: 496px\" class=\"wp-caption alignleft\"><a href=\"\/interamerica\/wp-content\/uploads\/2017\/06\/HCIA-leaders-cake2.jpg\" rel=\"fancybox\" title=\"Interam\u00e9rica lanza oficialmente sus tres nuevos canales adventistas de televisi\u00f3n\"><img loading=\"lazy\" decoding=\"async\" aria-describedby=\"caption-attachment-24255\" class=\" wp-image-24255  \" src=\"\/interamerica\/wp-content\/uploads\/2017\/06\/HCIA-leaders-cake2.jpg\" alt=\"\" width=\"486\" height=\"345\" \/><\/a><p id=\"caption-attachment-24255\" class=\"wp-caption-text\">Los l\u00edderes de la Divisi\u00f3n Interamericana y el Canal Hope posan para una fotograf\u00eda grupal. Imagen de Libna Stevens\/DIA<\/p><\/div>\n<p>\u201cQue nuestra iglesia de Interam\u00e9rica pueda usar estos medios televisivos y tener canales plenamente contextualizados para las personas y por las personas de nuestros pa\u00edses ser\u00e1 todo un sue\u00f1o hecho realidad\u201d, a\u00f1adi\u00f3 M\u00e1rquez. \u201cEste es un evento hist\u00f3rico para cumplir la misi\u00f3n de la iglesia en nuestro territorio\u201d.<\/p>\n<p>El Canal Hope Interam\u00e9rica se une a la red global de canales adventistas de televisi\u00f3n del Canal Hope en el Sat\u00e9lite Eutelsat 113W.<\/p>\n<p>Usted puede ver la transmisi\u00f3n en vivo de Hope Channel Interam\u00e9rica en l\u00ednea, visitando <a href=\"http:\/\/www.hopetv.org\/\" target=\"_blank\">hopetv.org<\/a><\/p>\n<p>Si desea ver el programa de lanzamiento del Canal Hope Interam\u00e9rica, visite <a href=\"https:\/\/www.youtube.com\/watch?v=ryu9cffPKhA\" target=\"_blank\">https:\/\/www.youtube.com\/watch?v=ryu9cffPKhA<\/a><\/p>\n<p><em>Traducci\u00f3n de Marcos Paseggi<\/em><em><\/em><\/p>\n","protected":false},"excerpt":{"rendered":"<p>La Iglesia Adventista del S\u00e9ptimo D\u00eda en Interam\u00e9rica lanz\u00f3 oficialmente en el d\u00eda de ayer sus tres nuevos canales de televisi\u00f3n durante un programa especial que se llev\u00f3 a cabo en la sede central de la iglesia en la regi\u00f3n en Miami, Florida, Estados Unidos. <\/p>\n<p>Directivos del Canal Hope de la Asociaci\u00f3n General y los principales l\u00edderes de la Divisi\u00f3n Interamericana (DIA) participaron de la ceremonia especial durante una hora, en la que el Canal Hope Interam\u00e9rica comenz\u00f3 a transmitir sus canales en ingl\u00e9s, espa\u00f1ol y franc\u00e9s por v\u00eda sat\u00e9lite, por la red y en Roku.<\/p>\n","protected":false},"author":1,"featured_media":28548,"comment_status":"closed","ping_status":"closed","sticky":false,"template":"","format":"standard","meta":{"_acf_changed":false,"footnotes":""},"categories":[16,15],"tags":[],"class_list":["post-31234","post","type-post","status-publish","format-standard","has-post-thumbnail","hentry","category-desde-la-sede","category-rss-espanol"],"acf":[],"yoast_head":"<!-- This site is optimized with the Yoast SEO plugin v27.3 - https:\/\/yoast.com\/product\/yoast-seo-wordpress\/ -->\n<title>Interam\u00e9rica lanza oficialmente sus tres nuevos canales adventistas de televisi\u00f3n - Iglesia Adventista del S\u00e9ptimo D\u00eda - Divisi\u00f3n Interamericana<\/title>\n<meta name=\"robots\" content=\"index, follow, max-snippet:-1, max-image-preview:large, max-video-preview:-1\" \/>\n<link rel=\"canonical\" href=\"https:\/\/interamerica.org\/es\/2016\/09\/interamerica-lanza-oficialmente-sus-tres-nuevos-canales-adventistas-de-television\/\" \/>\n<meta property=\"og:locale\" content=\"es_ES\" \/>\n<meta property=\"og:type\" content=\"article\" \/>\n<meta property=\"og:title\" content=\"Interam\u00e9rica lanza oficialmente sus tres nuevos canales adventistas de televisi\u00f3n - Iglesia Adventista del S\u00e9ptimo D\u00eda - Divisi\u00f3n Interamericana\" \/>\n<meta property=\"og:description\" content=\"La Iglesia Adventista del S\u00e9ptimo D\u00eda en Interam\u00e9rica lanz\u00f3 oficialmente en el d\u00eda de ayer sus tres nuevos canales de televisi\u00f3n durante un programa especial que se llev\u00f3 a cabo en la sede central de la iglesia en la regi\u00f3n en Miami, Florida, Estados Unidos.  Directivos del Canal Hope de la Asociaci\u00f3n General y los principales l\u00edderes de la Divisi\u00f3n Interamericana (DIA) participaron de la ceremonia especial durante una hora, en la que el Canal Hope Interam\u00e9rica comenz\u00f3 a transmitir sus canales en ingl\u00e9s, espa\u00f1ol y franc\u00e9s por v\u00eda sat\u00e9lite, por la red y en Roku.\" \/>\n<meta property=\"og:url\" content=\"https:\/\/interamerica.org\/es\/2016\/09\/interamerica-lanza-oficialmente-sus-tres-nuevos-canales-adventistas-de-television\/\" \/>\n<meta property=\"og:site_name\" content=\"Iglesia Adventista del S\u00e9ptimo D\u00eda - Divisi\u00f3n Interamericana\" \/>\n<meta property=\"article:published_time\" content=\"2016-09-16T04:00:00+00:00\" \/>\n<meta property=\"og:image\" content=\"https:\/\/interamerica.org\/wp-content\/uploads\/2017\/06\/HCIA-switch-launch2.png\" \/>\n\t<meta property=\"og:image:width\" content=\"1082\" \/>\n\t<meta property=\"og:image:height\" content=\"710\" \/>\n\t<meta property=\"og:image:type\" content=\"image\/png\" \/>\n<meta name=\"author\" content=\"Lorenzo Verduzco\" \/>\n<meta name=\"twitter:card\" content=\"summary_large_image\" \/>\n<meta name=\"twitter:label1\" content=\"Escrito por\" \/>\n\t<meta name=\"twitter:data1\" content=\"Lorenzo Verduzco\" \/>\n\t<meta name=\"twitter:label2\" content=\"Tiempo de lectura\" \/>\n\t<meta name=\"twitter:data2\" content=\"6 minutos\" \/>\n<script type=\"application\/ld+json\" class=\"yoast-schema-graph\">{\"@context\":\"https:\\\/\\\/schema.org\",\"@graph\":[{\"@type\":\"Article\",\"@id\":\"https:\\\/\\\/interamerica.org\\\/es\\\/2016\\\/09\\\/interamerica-lanza-oficialmente-sus-tres-nuevos-canales-adventistas-de-television\\\/#article\",\"isPartOf\":{\"@id\":\"https:\\\/\\\/interamerica.org\\\/es\\\/2016\\\/09\\\/interamerica-lanza-oficialmente-sus-tres-nuevos-canales-adventistas-de-television\\\/\"},\"author\":{\"name\":\"Lorenzo Verduzco\",\"@id\":\"https:\\\/\\\/interamerica.org\\\/es\\\/#\\\/schema\\\/person\\\/68ede8bdc292885bb76c1e3810e73c39\"},\"headline\":\"Interam\u00e9rica lanza oficialmente sus tres nuevos canales adventistas de televisi\u00f3n\",\"datePublished\":\"2016-09-16T04:00:00+00:00\",\"mainEntityOfPage\":{\"@id\":\"https:\\\/\\\/interamerica.org\\\/es\\\/2016\\\/09\\\/interamerica-lanza-oficialmente-sus-tres-nuevos-canales-adventistas-de-television\\\/\"},\"wordCount\":1118,\"image\":{\"@id\":\"https:\\\/\\\/interamerica.org\\\/es\\\/2016\\\/09\\\/interamerica-lanza-oficialmente-sus-tres-nuevos-canales-adventistas-de-television\\\/#primaryimage\"},\"thumbnailUrl\":\"https:\\\/\\\/interamerica.org\\\/wp-content\\\/uploads\\\/2017\\\/06\\\/HCIA-switch-launch2.png\",\"articleSection\":[\"Desde la sede\",\"RSS Espa\u00f1ol\"],\"inLanguage\":\"es\"},{\"@type\":\"WebPage\",\"@id\":\"https:\\\/\\\/interamerica.org\\\/es\\\/2016\\\/09\\\/interamerica-lanza-oficialmente-sus-tres-nuevos-canales-adventistas-de-television\\\/\",\"url\":\"https:\\\/\\\/interamerica.org\\\/es\\\/2016\\\/09\\\/interamerica-lanza-oficialmente-sus-tres-nuevos-canales-adventistas-de-television\\\/\",\"name\":\"Interam\u00e9rica lanza oficialmente sus tres nuevos canales adventistas de televisi\u00f3n - Iglesia Adventista del S\u00e9ptimo D\u00eda - Divisi\u00f3n Interamericana\",\"isPartOf\":{\"@id\":\"https:\\\/\\\/interamerica.org\\\/es\\\/#website\"},\"primaryImageOfPage\":{\"@id\":\"https:\\\/\\\/interamerica.org\\\/es\\\/2016\\\/09\\\/interamerica-lanza-oficialmente-sus-tres-nuevos-canales-adventistas-de-television\\\/#primaryimage\"},\"image\":{\"@id\":\"https:\\\/\\\/interamerica.org\\\/es\\\/2016\\\/09\\\/interamerica-lanza-oficialmente-sus-tres-nuevos-canales-adventistas-de-television\\\/#primaryimage\"},\"thumbnailUrl\":\"https:\\\/\\\/interamerica.org\\\/wp-content\\\/uploads\\\/2017\\\/06\\\/HCIA-switch-launch2.png\",\"datePublished\":\"2016-09-16T04:00:00+00:00\",\"author\":{\"@id\":\"https:\\\/\\\/interamerica.org\\\/es\\\/#\\\/schema\\\/person\\\/68ede8bdc292885bb76c1e3810e73c39\"},\"breadcrumb\":{\"@id\":\"https:\\\/\\\/interamerica.org\\\/es\\\/2016\\\/09\\\/interamerica-lanza-oficialmente-sus-tres-nuevos-canales-adventistas-de-television\\\/#breadcrumb\"},\"inLanguage\":\"es\",\"potentialAction\":[{\"@type\":\"ReadAction\",\"target\":[\"https:\\\/\\\/interamerica.org\\\/es\\\/2016\\\/09\\\/interamerica-lanza-oficialmente-sus-tres-nuevos-canales-adventistas-de-television\\\/\"]}]},{\"@type\":\"ImageObject\",\"inLanguage\":\"es\",\"@id\":\"https:\\\/\\\/interamerica.org\\\/es\\\/2016\\\/09\\\/interamerica-lanza-oficialmente-sus-tres-nuevos-canales-adventistas-de-television\\\/#primaryimage\",\"url\":\"https:\\\/\\\/interamerica.org\\\/wp-content\\\/uploads\\\/2017\\\/06\\\/HCIA-switch-launch2.png\",\"contentUrl\":\"https:\\\/\\\/interamerica.org\\\/wp-content\\\/uploads\\\/2017\\\/06\\\/HCIA-switch-launch2.png\",\"width\":1082,\"height\":710},{\"@type\":\"BreadcrumbList\",\"@id\":\"https:\\\/\\\/interamerica.org\\\/es\\\/2016\\\/09\\\/interamerica-lanza-oficialmente-sus-tres-nuevos-canales-adventistas-de-television\\\/#breadcrumb\",\"itemListElement\":[{\"@type\":\"ListItem\",\"position\":1,\"name\":\"Home\",\"item\":\"https:\\\/\\\/interamerica.org\\\/es\\\/\"},{\"@type\":\"ListItem\",\"position\":2,\"name\":\"Interam\u00e9rica lanza oficialmente sus tres nuevos canales adventistas de televisi\u00f3n\"}]},{\"@type\":\"WebSite\",\"@id\":\"https:\\\/\\\/interamerica.org\\\/es\\\/#website\",\"url\":\"https:\\\/\\\/interamerica.org\\\/es\\\/\",\"name\":\"Iglesia Adventista del S\u00e9ptimo D\u00eda - Divisi\u00f3n Interamericana\",\"description\":\"\",\"potentialAction\":[{\"@type\":\"SearchAction\",\"target\":{\"@type\":\"EntryPoint\",\"urlTemplate\":\"https:\\\/\\\/interamerica.org\\\/es\\\/?s={search_term_string}\"},\"query-input\":{\"@type\":\"PropertyValueSpecification\",\"valueRequired\":true,\"valueName\":\"search_term_string\"}}],\"inLanguage\":\"es\"},{\"@type\":\"Person\",\"@id\":\"https:\\\/\\\/interamerica.org\\\/es\\\/#\\\/schema\\\/person\\\/68ede8bdc292885bb76c1e3810e73c39\",\"name\":\"Lorenzo Verduzco\",\"image\":{\"@type\":\"ImageObject\",\"inLanguage\":\"es\",\"@id\":\"https:\\\/\\\/secure.gravatar.com\\\/avatar\\\/fb81a55b6218459490a9c1dc841a34909185b81904c5337b4b27f7a6fd60c49e?s=96&d=mm&r=g\",\"url\":\"https:\\\/\\\/secure.gravatar.com\\\/avatar\\\/fb81a55b6218459490a9c1dc841a34909185b81904c5337b4b27f7a6fd60c49e?s=96&d=mm&r=g\",\"contentUrl\":\"https:\\\/\\\/secure.gravatar.com\\\/avatar\\\/fb81a55b6218459490a9c1dc841a34909185b81904c5337b4b27f7a6fd60c49e?s=96&d=mm&r=g\",\"caption\":\"Lorenzo Verduzco\"}}]}<\/script>\n<!-- \/ Yoast SEO plugin. -->","yoast_head_json":{"title":"Interam\u00e9rica lanza oficialmente sus tres nuevos canales adventistas de televisi\u00f3n - Iglesia Adventista del S\u00e9ptimo D\u00eda - Divisi\u00f3n Interamericana","robots":{"index":"index","follow":"follow","max-snippet":"max-snippet:-1","max-image-preview":"max-image-preview:large","max-video-preview":"max-video-preview:-1"},"canonical":"https:\/\/interamerica.org\/es\/2016\/09\/interamerica-lanza-oficialmente-sus-tres-nuevos-canales-adventistas-de-television\/","og_locale":"es_ES","og_type":"article","og_title":"Interam\u00e9rica lanza oficialmente sus tres nuevos canales adventistas de televisi\u00f3n - Iglesia Adventista del S\u00e9ptimo D\u00eda - Divisi\u00f3n Interamericana","og_description":"La Iglesia Adventista del S\u00e9ptimo D\u00eda en Interam\u00e9rica lanz\u00f3 oficialmente en el d\u00eda de ayer sus tres nuevos canales de televisi\u00f3n durante un programa especial que se llev\u00f3 a cabo en la sede central de la iglesia en la regi\u00f3n en Miami, Florida, Estados Unidos.  Directivos del Canal Hope de la Asociaci\u00f3n General y los principales l\u00edderes de la Divisi\u00f3n Interamericana (DIA) participaron de la ceremonia especial durante una hora, en la que el Canal Hope Interam\u00e9rica comenz\u00f3 a transmitir sus canales en ingl\u00e9s, espa\u00f1ol y franc\u00e9s por v\u00eda sat\u00e9lite, por la red y en Roku.","og_url":"https:\/\/interamerica.org\/es\/2016\/09\/interamerica-lanza-oficialmente-sus-tres-nuevos-canales-adventistas-de-television\/","og_site_name":"Iglesia Adventista del S\u00e9ptimo D\u00eda - Divisi\u00f3n Interamericana","article_published_time":"2016-09-16T04:00:00+00:00","og_image":[{"width":1082,"height":710,"url":"https:\/\/interamerica.org\/wp-content\/uploads\/2017\/06\/HCIA-switch-launch2.png","type":"image\/png"}],"author":"Lorenzo Verduzco","twitter_card":"summary_large_image","twitter_misc":{"Escrito por":"Lorenzo Verduzco","Tiempo de lectura":"6 minutos"},"schema":{"@context":"https:\/\/schema.org","@graph":[{"@type":"Article","@id":"https:\/\/interamerica.org\/es\/2016\/09\/interamerica-lanza-oficialmente-sus-tres-nuevos-canales-adventistas-de-television\/#article","isPartOf":{"@id":"https:\/\/interamerica.org\/es\/2016\/09\/interamerica-lanza-oficialmente-sus-tres-nuevos-canales-adventistas-de-television\/"},"author":{"name":"Lorenzo Verduzco","@id":"https:\/\/interamerica.org\/es\/#\/schema\/person\/68ede8bdc292885bb76c1e3810e73c39"},"headline":"Interam\u00e9rica lanza oficialmente sus tres nuevos canales adventistas de televisi\u00f3n","datePublished":"2016-09-16T04:00:00+00:00","mainEntityOfPage":{"@id":"https:\/\/interamerica.org\/es\/2016\/09\/interamerica-lanza-oficialmente-sus-tres-nuevos-canales-adventistas-de-television\/"},"wordCount":1118,"image":{"@id":"https:\/\/interamerica.org\/es\/2016\/09\/interamerica-lanza-oficialmente-sus-tres-nuevos-canales-adventistas-de-television\/#primaryimage"},"thumbnailUrl":"https:\/\/interamerica.org\/wp-content\/uploads\/2017\/06\/HCIA-switch-launch2.png","articleSection":["Desde la sede","RSS Espa\u00f1ol"],"inLanguage":"es"},{"@type":"WebPage","@id":"https:\/\/interamerica.org\/es\/2016\/09\/interamerica-lanza-oficialmente-sus-tres-nuevos-canales-adventistas-de-television\/","url":"https:\/\/interamerica.org\/es\/2016\/09\/interamerica-lanza-oficialmente-sus-tres-nuevos-canales-adventistas-de-television\/","name":"Interam\u00e9rica lanza oficialmente sus tres nuevos canales adventistas de televisi\u00f3n - Iglesia Adventista del S\u00e9ptimo D\u00eda - Divisi\u00f3n Interamericana","isPartOf":{"@id":"https:\/\/interamerica.org\/es\/#website"},"primaryImageOfPage":{"@id":"https:\/\/interamerica.org\/es\/2016\/09\/interamerica-lanza-oficialmente-sus-tres-nuevos-canales-adventistas-de-television\/#primaryimage"},"image":{"@id":"https:\/\/interamerica.org\/es\/2016\/09\/interamerica-lanza-oficialmente-sus-tres-nuevos-canales-adventistas-de-television\/#primaryimage"},"thumbnailUrl":"https:\/\/interamerica.org\/wp-content\/uploads\/2017\/06\/HCIA-switch-launch2.png","datePublished":"2016-09-16T04:00:00+00:00","author":{"@id":"https:\/\/interamerica.org\/es\/#\/schema\/person\/68ede8bdc292885bb76c1e3810e73c39"},"breadcrumb":{"@id":"https:\/\/interamerica.org\/es\/2016\/09\/interamerica-lanza-oficialmente-sus-tres-nuevos-canales-adventistas-de-television\/#breadcrumb"},"inLanguage":"es","potentialAction":[{"@type":"ReadAction","target":["https:\/\/interamerica.org\/es\/2016\/09\/interamerica-lanza-oficialmente-sus-tres-nuevos-canales-adventistas-de-television\/"]}]},{"@type":"ImageObject","inLanguage":"es","@id":"https:\/\/interamerica.org\/es\/2016\/09\/interamerica-lanza-oficialmente-sus-tres-nuevos-canales-adventistas-de-television\/#primaryimage","url":"https:\/\/interamerica.org\/wp-content\/uploads\/2017\/06\/HCIA-switch-launch2.png","contentUrl":"https:\/\/interamerica.org\/wp-content\/uploads\/2017\/06\/HCIA-switch-launch2.png","width":1082,"height":710},{"@type":"BreadcrumbList","@id":"https:\/\/interamerica.org\/es\/2016\/09\/interamerica-lanza-oficialmente-sus-tres-nuevos-canales-adventistas-de-television\/#breadcrumb","itemListElement":[{"@type":"ListItem","position":1,"name":"Home","item":"https:\/\/interamerica.org\/es\/"},{"@type":"ListItem","position":2,"name":"Interam\u00e9rica lanza oficialmente sus tres nuevos canales adventistas de televisi\u00f3n"}]},{"@type":"WebSite","@id":"https:\/\/interamerica.org\/es\/#website","url":"https:\/\/interamerica.org\/es\/","name":"Iglesia Adventista del S\u00e9ptimo D\u00eda - Divisi\u00f3n Interamericana","description":"","potentialAction":[{"@type":"SearchAction","target":{"@type":"EntryPoint","urlTemplate":"https:\/\/interamerica.org\/es\/?s={search_term_string}"},"query-input":{"@type":"PropertyValueSpecification","valueRequired":true,"valueName":"search_term_string"}}],"inLanguage":"es"},{"@type":"Person","@id":"https:\/\/interamerica.org\/es\/#\/schema\/person\/68ede8bdc292885bb76c1e3810e73c39","name":"Lorenzo Verduzco","image":{"@type":"ImageObject","inLanguage":"es","@id":"https:\/\/secure.gravatar.com\/avatar\/fb81a55b6218459490a9c1dc841a34909185b81904c5337b4b27f7a6fd60c49e?s=96&d=mm&r=g","url":"https:\/\/secure.gravatar.com\/avatar\/fb81a55b6218459490a9c1dc841a34909185b81904c5337b4b27f7a6fd60c49e?s=96&d=mm&r=g","contentUrl":"https:\/\/secure.gravatar.com\/avatar\/fb81a55b6218459490a9c1dc841a34909185b81904c5337b4b27f7a6fd60c49e?s=96&d=mm&r=g","caption":"Lorenzo Verduzco"}}]}},"_links":{"self":[{"href":"https:\/\/interamerica.org\/es\/wp-json\/wp\/v2\/posts\/31234","targetHints":{"allow":["GET"]}}],"collection":[{"href":"https:\/\/interamerica.org\/es\/wp-json\/wp\/v2\/posts"}],"about":[{"href":"https:\/\/interamerica.org\/es\/wp-json\/wp\/v2\/types\/post"}],"author":[{"embeddable":true,"href":"https:\/\/interamerica.org\/es\/wp-json\/wp\/v2\/users\/1"}],"replies":[{"embeddable":true,"href":"https:\/\/interamerica.org\/es\/wp-json\/wp\/v2\/comments?post=31234"}],"version-history":[{"count":0,"href":"https:\/\/interamerica.org\/es\/wp-json\/wp\/v2\/posts\/31234\/revisions"}],"wp:featuredmedia":[{"embeddable":true,"href":"https:\/\/interamerica.org\/es\/wp-json\/wp\/v2\/media\/28548"}],"wp:attachment":[{"href":"https:\/\/interamerica.org\/es\/wp-json\/wp\/v2\/media?parent=31234"}],"wp:term":[{"taxonomy":"category","embeddable":true,"href":"https:\/\/interamerica.org\/es\/wp-json\/wp\/v2\/categories?post=31234"},{"taxonomy":"post_tag","embeddable":true,"href":"https:\/\/interamerica.org\/es\/wp-json\/wp\/v2\/tags?post=31234"}],"curies":[{"name":"wp","href":"https:\/\/api.w.org\/{rel}","templated":true}]}}