{"id":31294,"date":"2016-12-01T00:00:00","date_gmt":"2016-12-01T04:00:00","guid":{"rendered":"http:\/\/192.81.217.108\/interamerica\/2016\/12\/lider-de-la-iglesia-adventista-en-sudamerica-expresa-condolencias-por-la-tragedia-aerea-en-colombia\/"},"modified":"2016-12-01T00:00:00","modified_gmt":"2016-12-01T04:00:00","slug":"lider-de-la-iglesia-adventista-en-sudamerica-expresa-condolencias-por-la-tragedia-aerea-en-colombia","status":"publish","type":"post","link":"https:\/\/interamerica.org\/es\/2016\/12\/lider-de-la-iglesia-adventista-en-sudamerica-expresa-condolencias-por-la-tragedia-aerea-en-colombia\/","title":{"rendered":"L\u00edder de la Iglesia Adventista en Sudam\u00e9rica expresa condolencias por la tragedia a\u00e9rea en Colombia"},"content":{"rendered":"<div id=\"attachment_25301\" style=\"width: 710px\" class=\"wp-caption aligncenter\"><a href=\"\/interamerica\/wp-content\/uploads\/2017\/06\/airplane-crashing.jpeg\" rel=\"fancybox\" title=\"L\u00edder de la Iglesia Adventista en Sudam\u00e9rica expresa condolencias por la tragedia a\u00e9rea en Colombia\"><img fetchpriority=\"high\" decoding=\"async\" aria-describedby=\"caption-attachment-25301\" class=\" wp-image-25301 \" src=\"\/interamerica\/wp-content\/uploads\/2017\/06\/airplane-crashing.jpeg\" alt=\"\" width=\"700\" height=\"350\" \/><\/a><p id=\"caption-attachment-25301\" class=\"wp-caption-text\">Imagen de la Adventist Review<\/p><\/div>\n<p>30 de noviembre de\u00a02016\u00a0| Brasilia, Brasil | Marcos\u00a0Paseggi\/Adventist Review<\/p>\n<p>El l\u00edder de la Iglesia Adventista del S\u00e9ptimo D\u00eda en la regi\u00f3n o Divisi\u00f3n Sudamericana expres\u00f3 sus condolencias despu\u00e9s de que un avi\u00f3n que llevaba a un equipo de f\u00fatbol de Brasil y un considerable n\u00famero de reporteros se estrell\u00f3 en una zona escarpada al sur de la ciudad Colombiana de Medell\u00edn el lunes por la noche. El <a href=\"https:\/\/twitter.com\/prertonkohler?lang=en\" target=\"_blank\">pastor Erton K\u00f6hler<\/a>, presidente de la\u00a0<a href=\"http:\/\/www.adventistas.org\/pt\/\" target=\"_blank\">Iglesia Adventista del S\u00e9ptimo D\u00eda en Sudam\u00e9rica<\/a>, lament\u00f3 el tr\u00e1gico accidente que, seg\u00fan diversos informes de los medios, se cobr\u00f3 la vida de al menos 76 personas.<\/p>\n<p>La mayor\u00eda de los pasajeros del vuelo contratado eran jugadores y dirigentes del equipo de f\u00fatbol brasile\u00f1o <a href=\"http:\/\/www.chapecoense.com\/\" target=\"_blank\">Chapecoense<\/a>, que iba en camino a jugar la primera final de la Copa Sudamericana contra un equipo colombiano.<\/p>\n<div id=\"attachment_25302\" style=\"width: 310px\" class=\"wp-caption alignright\"><a href=\"\/interamerica\/wp-content\/uploads\/2017\/06\/Kohler_150704Shaffer_55A4808.jpeg\" rel=\"fancybox\" title=\"L\u00edder de la Iglesia Adventista en Sudam\u00e9rica expresa condolencias por la tragedia a\u00e9rea en Colombia\"><img decoding=\"async\" aria-describedby=\"caption-attachment-25302\" class=\"size-full wp-image-25302\" src=\"\/interamerica\/wp-content\/uploads\/2017\/06\/Kohler_150704Shaffer_55A4808.jpeg\" alt=\"\" width=\"300\" height=\"300\" \/><\/a><p id=\"caption-attachment-25302\" class=\"wp-caption-text\">Fotograf\u00eda de archivo de la Adventist Review<\/p><\/div>\n<p>\u201cLa familia adventista de Sudam\u00e9rica est\u00e1 orando por las familias afectadas por esta terrible tragedia\u201d, dijo K\u00f6hler. \u201cOramos sinceramente para que la paz y la esperanza que solo Dios puede dar fortalezca a las familias de los jugadores, reporteros y dem\u00e1s personas que viajaban en la aeronave que se estrell\u00f3 en Colombia\u201d.<\/p>\n<p>La Divisi\u00f3n Sudamericana de la Iglesia Adventista, que tiene su sede en Brasilia, Brasil, comprende los ocho pa\u00edses m\u00e1s meridionales de Sudam\u00e9rica, lo que incluye a Brasil. Esa naci\u00f3n tiene casi 1,7 millones de miembros adventistas bautizados, lo que lo convierte en el pa\u00eds del mundo con m\u00e1s adventistas.<\/p>\n<p>En un impactante giro de los acontecimientos, la <em>Adventist Review<\/em>\u00a0hab\u00eda\u00a0<a href=\"http:\/\/www.adventistreview.org\/church-news\/story3633-goalkeeper-stuns-brazils-sporting-world-by-refusing-to-play-on-sabbath\" target=\"_blank\">informado<\/a>\u00a0en enero pasado que Carlos V\u00edtor da Costa Ressurrei\u00e7\u00e3o, un portero de f\u00fatbol profesional que fue bautizado en la Iglesia Adventista hace un a\u00f1o, hab\u00eda rechazado firmar un contrato con el equipo Chapecoense, de la primera divisi\u00f3n, despu\u00e9s de que sus dirigentes se negaran a incluir una cl\u00e1usula especial que le habr\u00eda permitido faltar a las competencias y entrenamientos en s\u00e1bado, el d\u00eda b\u00edblico de reposo. Siguiendo el ejemplo de Cristo, los adventistas de todo el mundo se abstienen de actividades seculares en ese d\u00eda y, por el contrario, dedican esas horas para adorar a Dios y cultivar las relaciones humanas.<\/p>\n<p>La historia lleg\u00f3 a las primeras planas de los medios de Brasil porque el Chapecoense, o ACF, como se suele conocer, hab\u00eda mostrado inter\u00e9s en contratar a Ressurrei\u00e7\u00e3o despu\u00e9s de que sus actuaciones resultaran fundamentales para que su equipo, el Londrina Esporte Clube, pasara de la tercera a la segunda divisi\u00f3n del f\u00fatbol brasile\u00f1o.<\/p>\n<p>Las grandes atajadas de Ressurrei\u00e7\u00e3o en su puesto de portero hicieron que la Confederaci\u00f3n Brasile\u00f1a de F\u00fatbol lo nombrara el \u201cPortero del A\u00f1o\u201d para la tercera divisi\u00f3n. Poco despu\u00e9s de ello, el Chapecoense le ofreci\u00f3 un contrato que hubiera duplicado su salario.<\/p>\n<p>El nuevo contrato, sin embargo, no fue el \u00fanico beneficio al que renunci\u00f3 Resurrei\u00e7\u00e3o. Debido a su negativa de entrenar y jugar los s\u00e1bados, el Londrina\u00a0Sporte\u00a0Clube donde jugaba decidi\u00f3 no renovarle el contrato que finalizaba en mayo pasado, y el portero adventista se vio obligado a dejar de jugar profesionalmente hasta hace solo unos d\u00edas, cuando firm\u00f3 un contrato con <a href=\"http:\/\/www.adventistreview.org\/church-news\/story4581-adventist-soccer-player\" target=\"_blank\">un nuevo club que respeta su observancia del s\u00e1bado<\/a>.<\/p>\n<p>\u201cMe siento en paz porque mi vida se encuentra en las manos de Dios\u201d, declar\u00f3 Ressurrei\u00e7\u00e3o semanas antes de quedar sin trabajo. \u201cEl Se\u00f1or ya me ha mostrado en el pasado que \u00e9l cuidar\u00e1 de m\u00ed\u201d.<\/p>\n<p>No podemos sino acompa\u00f1ar en el duelo a los deudos de la reciente cat\u00e1strofe a\u00e9rea. Al mismo tiempo, Ressurrei\u00e7\u00e3o bien puede estar pensando de qu\u00e9 manera una decisi\u00f3n que tom\u00f3 hace ya unos cuantos meses lo salv\u00f3 de ser parte de esa horrible tragedia.<\/p>\n<p><em>Traducci\u00f3n de Marcos Paseggi<\/em><\/p>\n","protected":false},"excerpt":{"rendered":"<p>El l\u00edder de la Iglesia Adventista del S\u00e9ptimo D\u00eda en la regi\u00f3n o Divisi\u00f3n Sudamericana expres\u00f3 sus condolencias despu\u00e9s de que un avi\u00f3n que llevaba a un equipo de f\u00fatbol de Brasil y un considerable n\u00famero de reporteros se estrell\u00f3 en una zona escarpada al sur de la ciudad Colombiana de Medell\u00edn el lunes por la noche. <\/p>\n<p>El pastor Erton K\u00f6hler, presidente de la Iglesia Adventista del S\u00e9ptimo D\u00eda en Sudam\u00e9rica, lament\u00f3 el tr\u00e1gico accidente que, seg\u00fan diversos informes de los medios, se cobr\u00f3 la vida de al menos 76 personas.<\/p>\n","protected":false},"author":1,"featured_media":28966,"comment_status":"closed","ping_status":"closed","sticky":false,"template":"","format":"standard","meta":{"_acf_changed":false,"footnotes":""},"categories":[14,15],"tags":[],"class_list":["post-31294","post","type-post","status-publish","format-standard","has-post-thumbnail","hentry","category-de-la-iglesia-mundial","category-rss-espanol"],"acf":[],"yoast_head":"<!-- This site is optimized with the Yoast SEO plugin v27.3 - https:\/\/yoast.com\/product\/yoast-seo-wordpress\/ -->\n<title>L\u00edder de la Iglesia Adventista en Sudam\u00e9rica expresa condolencias por la tragedia a\u00e9rea en Colombia - Iglesia Adventista del S\u00e9ptimo D\u00eda - Divisi\u00f3n Interamericana<\/title>\n<meta name=\"robots\" content=\"index, follow, max-snippet:-1, max-image-preview:large, max-video-preview:-1\" \/>\n<link rel=\"canonical\" href=\"https:\/\/interamerica.org\/es\/2016\/12\/lider-de-la-iglesia-adventista-en-sudamerica-expresa-condolencias-por-la-tragedia-aerea-en-colombia\/\" \/>\n<meta property=\"og:locale\" content=\"es_ES\" \/>\n<meta property=\"og:type\" content=\"article\" \/>\n<meta property=\"og:title\" content=\"L\u00edder de la Iglesia Adventista en Sudam\u00e9rica expresa condolencias por la tragedia a\u00e9rea en Colombia - Iglesia Adventista del S\u00e9ptimo D\u00eda - Divisi\u00f3n Interamericana\" \/>\n<meta property=\"og:description\" content=\"El l\u00edder de la Iglesia Adventista del S\u00e9ptimo D\u00eda en la regi\u00f3n o Divisi\u00f3n Sudamericana expres\u00f3 sus condolencias despu\u00e9s de que un avi\u00f3n que llevaba a un equipo de f\u00fatbol de Brasil y un considerable n\u00famero de reporteros se estrell\u00f3 en una zona escarpada al sur de la ciudad Colombiana de Medell\u00edn el lunes por la noche.  El pastor Erton K\u00f6hler, presidente de la Iglesia Adventista del S\u00e9ptimo D\u00eda en Sudam\u00e9rica, lament\u00f3 el tr\u00e1gico accidente que, seg\u00fan diversos informes de los medios, se cobr\u00f3 la vida de al menos 76 personas.\" \/>\n<meta property=\"og:url\" content=\"https:\/\/interamerica.org\/es\/2016\/12\/lider-de-la-iglesia-adventista-en-sudamerica-expresa-condolencias-por-la-tragedia-aerea-en-colombia\/\" \/>\n<meta property=\"og:site_name\" content=\"Iglesia Adventista del S\u00e9ptimo D\u00eda - Divisi\u00f3n Interamericana\" \/>\n<meta property=\"article:published_time\" content=\"2016-12-01T04:00:00+00:00\" \/>\n<meta property=\"og:image\" content=\"https:\/\/interamerica.org\/wp-content\/uploads\/2017\/06\/airplane-crashing.jpeg\" \/>\n\t<meta property=\"og:image:width\" content=\"1000\" \/>\n\t<meta property=\"og:image:height\" content=\"500\" \/>\n\t<meta property=\"og:image:type\" content=\"image\/jpeg\" \/>\n<meta name=\"author\" content=\"Lorenzo Verduzco\" \/>\n<meta name=\"twitter:card\" content=\"summary_large_image\" \/>\n<meta name=\"twitter:label1\" content=\"Escrito por\" \/>\n\t<meta name=\"twitter:data1\" content=\"Lorenzo Verduzco\" \/>\n\t<meta name=\"twitter:label2\" content=\"Tiempo de lectura\" \/>\n\t<meta name=\"twitter:data2\" content=\"3 minutos\" \/>\n<script type=\"application\/ld+json\" class=\"yoast-schema-graph\">{\"@context\":\"https:\\\/\\\/schema.org\",\"@graph\":[{\"@type\":\"Article\",\"@id\":\"https:\\\/\\\/interamerica.org\\\/es\\\/2016\\\/12\\\/lider-de-la-iglesia-adventista-en-sudamerica-expresa-condolencias-por-la-tragedia-aerea-en-colombia\\\/#article\",\"isPartOf\":{\"@id\":\"https:\\\/\\\/interamerica.org\\\/es\\\/2016\\\/12\\\/lider-de-la-iglesia-adventista-en-sudamerica-expresa-condolencias-por-la-tragedia-aerea-en-colombia\\\/\"},\"author\":{\"name\":\"Lorenzo Verduzco\",\"@id\":\"https:\\\/\\\/interamerica.org\\\/es\\\/#\\\/schema\\\/person\\\/68ede8bdc292885bb76c1e3810e73c39\"},\"headline\":\"L\u00edder de la Iglesia Adventista en Sudam\u00e9rica expresa condolencias por la tragedia a\u00e9rea en Colombia\",\"datePublished\":\"2016-12-01T04:00:00+00:00\",\"mainEntityOfPage\":{\"@id\":\"https:\\\/\\\/interamerica.org\\\/es\\\/2016\\\/12\\\/lider-de-la-iglesia-adventista-en-sudamerica-expresa-condolencias-por-la-tragedia-aerea-en-colombia\\\/\"},\"wordCount\":712,\"image\":{\"@id\":\"https:\\\/\\\/interamerica.org\\\/es\\\/2016\\\/12\\\/lider-de-la-iglesia-adventista-en-sudamerica-expresa-condolencias-por-la-tragedia-aerea-en-colombia\\\/#primaryimage\"},\"thumbnailUrl\":\"https:\\\/\\\/interamerica.org\\\/wp-content\\\/uploads\\\/2017\\\/06\\\/airplane-crashing.jpeg\",\"articleSection\":[\"Desde la iglesia mundial\",\"RSS Espa\u00f1ol\"],\"inLanguage\":\"es\"},{\"@type\":\"WebPage\",\"@id\":\"https:\\\/\\\/interamerica.org\\\/es\\\/2016\\\/12\\\/lider-de-la-iglesia-adventista-en-sudamerica-expresa-condolencias-por-la-tragedia-aerea-en-colombia\\\/\",\"url\":\"https:\\\/\\\/interamerica.org\\\/es\\\/2016\\\/12\\\/lider-de-la-iglesia-adventista-en-sudamerica-expresa-condolencias-por-la-tragedia-aerea-en-colombia\\\/\",\"name\":\"L\u00edder de la Iglesia Adventista en Sudam\u00e9rica expresa condolencias por la tragedia a\u00e9rea en Colombia - Iglesia Adventista del S\u00e9ptimo D\u00eda - Divisi\u00f3n Interamericana\",\"isPartOf\":{\"@id\":\"https:\\\/\\\/interamerica.org\\\/es\\\/#website\"},\"primaryImageOfPage\":{\"@id\":\"https:\\\/\\\/interamerica.org\\\/es\\\/2016\\\/12\\\/lider-de-la-iglesia-adventista-en-sudamerica-expresa-condolencias-por-la-tragedia-aerea-en-colombia\\\/#primaryimage\"},\"image\":{\"@id\":\"https:\\\/\\\/interamerica.org\\\/es\\\/2016\\\/12\\\/lider-de-la-iglesia-adventista-en-sudamerica-expresa-condolencias-por-la-tragedia-aerea-en-colombia\\\/#primaryimage\"},\"thumbnailUrl\":\"https:\\\/\\\/interamerica.org\\\/wp-content\\\/uploads\\\/2017\\\/06\\\/airplane-crashing.jpeg\",\"datePublished\":\"2016-12-01T04:00:00+00:00\",\"author\":{\"@id\":\"https:\\\/\\\/interamerica.org\\\/es\\\/#\\\/schema\\\/person\\\/68ede8bdc292885bb76c1e3810e73c39\"},\"breadcrumb\":{\"@id\":\"https:\\\/\\\/interamerica.org\\\/es\\\/2016\\\/12\\\/lider-de-la-iglesia-adventista-en-sudamerica-expresa-condolencias-por-la-tragedia-aerea-en-colombia\\\/#breadcrumb\"},\"inLanguage\":\"es\",\"potentialAction\":[{\"@type\":\"ReadAction\",\"target\":[\"https:\\\/\\\/interamerica.org\\\/es\\\/2016\\\/12\\\/lider-de-la-iglesia-adventista-en-sudamerica-expresa-condolencias-por-la-tragedia-aerea-en-colombia\\\/\"]}]},{\"@type\":\"ImageObject\",\"inLanguage\":\"es\",\"@id\":\"https:\\\/\\\/interamerica.org\\\/es\\\/2016\\\/12\\\/lider-de-la-iglesia-adventista-en-sudamerica-expresa-condolencias-por-la-tragedia-aerea-en-colombia\\\/#primaryimage\",\"url\":\"https:\\\/\\\/interamerica.org\\\/wp-content\\\/uploads\\\/2017\\\/06\\\/airplane-crashing.jpeg\",\"contentUrl\":\"https:\\\/\\\/interamerica.org\\\/wp-content\\\/uploads\\\/2017\\\/06\\\/airplane-crashing.jpeg\",\"width\":1000,\"height\":500},{\"@type\":\"BreadcrumbList\",\"@id\":\"https:\\\/\\\/interamerica.org\\\/es\\\/2016\\\/12\\\/lider-de-la-iglesia-adventista-en-sudamerica-expresa-condolencias-por-la-tragedia-aerea-en-colombia\\\/#breadcrumb\",\"itemListElement\":[{\"@type\":\"ListItem\",\"position\":1,\"name\":\"Home\",\"item\":\"https:\\\/\\\/interamerica.org\\\/es\\\/\"},{\"@type\":\"ListItem\",\"position\":2,\"name\":\"L\u00edder de la Iglesia Adventista en Sudam\u00e9rica expresa condolencias por la tragedia a\u00e9rea en Colombia\"}]},{\"@type\":\"WebSite\",\"@id\":\"https:\\\/\\\/interamerica.org\\\/es\\\/#website\",\"url\":\"https:\\\/\\\/interamerica.org\\\/es\\\/\",\"name\":\"Iglesia Adventista del S\u00e9ptimo D\u00eda - Divisi\u00f3n Interamericana\",\"description\":\"\",\"potentialAction\":[{\"@type\":\"SearchAction\",\"target\":{\"@type\":\"EntryPoint\",\"urlTemplate\":\"https:\\\/\\\/interamerica.org\\\/es\\\/?s={search_term_string}\"},\"query-input\":{\"@type\":\"PropertyValueSpecification\",\"valueRequired\":true,\"valueName\":\"search_term_string\"}}],\"inLanguage\":\"es\"},{\"@type\":\"Person\",\"@id\":\"https:\\\/\\\/interamerica.org\\\/es\\\/#\\\/schema\\\/person\\\/68ede8bdc292885bb76c1e3810e73c39\",\"name\":\"Lorenzo Verduzco\",\"image\":{\"@type\":\"ImageObject\",\"inLanguage\":\"es\",\"@id\":\"https:\\\/\\\/secure.gravatar.com\\\/avatar\\\/fb81a55b6218459490a9c1dc841a34909185b81904c5337b4b27f7a6fd60c49e?s=96&d=mm&r=g\",\"url\":\"https:\\\/\\\/secure.gravatar.com\\\/avatar\\\/fb81a55b6218459490a9c1dc841a34909185b81904c5337b4b27f7a6fd60c49e?s=96&d=mm&r=g\",\"contentUrl\":\"https:\\\/\\\/secure.gravatar.com\\\/avatar\\\/fb81a55b6218459490a9c1dc841a34909185b81904c5337b4b27f7a6fd60c49e?s=96&d=mm&r=g\",\"caption\":\"Lorenzo Verduzco\"}}]}<\/script>\n<!-- \/ Yoast SEO plugin. -->","yoast_head_json":{"title":"L\u00edder de la Iglesia Adventista en Sudam\u00e9rica expresa condolencias por la tragedia a\u00e9rea en Colombia - Iglesia Adventista del S\u00e9ptimo D\u00eda - Divisi\u00f3n Interamericana","robots":{"index":"index","follow":"follow","max-snippet":"max-snippet:-1","max-image-preview":"max-image-preview:large","max-video-preview":"max-video-preview:-1"},"canonical":"https:\/\/interamerica.org\/es\/2016\/12\/lider-de-la-iglesia-adventista-en-sudamerica-expresa-condolencias-por-la-tragedia-aerea-en-colombia\/","og_locale":"es_ES","og_type":"article","og_title":"L\u00edder de la Iglesia Adventista en Sudam\u00e9rica expresa condolencias por la tragedia a\u00e9rea en Colombia - Iglesia Adventista del S\u00e9ptimo D\u00eda - Divisi\u00f3n Interamericana","og_description":"El l\u00edder de la Iglesia Adventista del S\u00e9ptimo D\u00eda en la regi\u00f3n o Divisi\u00f3n Sudamericana expres\u00f3 sus condolencias despu\u00e9s de que un avi\u00f3n que llevaba a un equipo de f\u00fatbol de Brasil y un considerable n\u00famero de reporteros se estrell\u00f3 en una zona escarpada al sur de la ciudad Colombiana de Medell\u00edn el lunes por la noche.  El pastor Erton K\u00f6hler, presidente de la Iglesia Adventista del S\u00e9ptimo D\u00eda en Sudam\u00e9rica, lament\u00f3 el tr\u00e1gico accidente que, seg\u00fan diversos informes de los medios, se cobr\u00f3 la vida de al menos 76 personas.","og_url":"https:\/\/interamerica.org\/es\/2016\/12\/lider-de-la-iglesia-adventista-en-sudamerica-expresa-condolencias-por-la-tragedia-aerea-en-colombia\/","og_site_name":"Iglesia Adventista del S\u00e9ptimo D\u00eda - Divisi\u00f3n Interamericana","article_published_time":"2016-12-01T04:00:00+00:00","og_image":[{"width":1000,"height":500,"url":"https:\/\/interamerica.org\/wp-content\/uploads\/2017\/06\/airplane-crashing.jpeg","type":"image\/jpeg"}],"author":"Lorenzo Verduzco","twitter_card":"summary_large_image","twitter_misc":{"Escrito por":"Lorenzo Verduzco","Tiempo de lectura":"3 minutos"},"schema":{"@context":"https:\/\/schema.org","@graph":[{"@type":"Article","@id":"https:\/\/interamerica.org\/es\/2016\/12\/lider-de-la-iglesia-adventista-en-sudamerica-expresa-condolencias-por-la-tragedia-aerea-en-colombia\/#article","isPartOf":{"@id":"https:\/\/interamerica.org\/es\/2016\/12\/lider-de-la-iglesia-adventista-en-sudamerica-expresa-condolencias-por-la-tragedia-aerea-en-colombia\/"},"author":{"name":"Lorenzo Verduzco","@id":"https:\/\/interamerica.org\/es\/#\/schema\/person\/68ede8bdc292885bb76c1e3810e73c39"},"headline":"L\u00edder de la Iglesia Adventista en Sudam\u00e9rica expresa condolencias por la tragedia a\u00e9rea en Colombia","datePublished":"2016-12-01T04:00:00+00:00","mainEntityOfPage":{"@id":"https:\/\/interamerica.org\/es\/2016\/12\/lider-de-la-iglesia-adventista-en-sudamerica-expresa-condolencias-por-la-tragedia-aerea-en-colombia\/"},"wordCount":712,"image":{"@id":"https:\/\/interamerica.org\/es\/2016\/12\/lider-de-la-iglesia-adventista-en-sudamerica-expresa-condolencias-por-la-tragedia-aerea-en-colombia\/#primaryimage"},"thumbnailUrl":"https:\/\/interamerica.org\/wp-content\/uploads\/2017\/06\/airplane-crashing.jpeg","articleSection":["Desde la iglesia mundial","RSS Espa\u00f1ol"],"inLanguage":"es"},{"@type":"WebPage","@id":"https:\/\/interamerica.org\/es\/2016\/12\/lider-de-la-iglesia-adventista-en-sudamerica-expresa-condolencias-por-la-tragedia-aerea-en-colombia\/","url":"https:\/\/interamerica.org\/es\/2016\/12\/lider-de-la-iglesia-adventista-en-sudamerica-expresa-condolencias-por-la-tragedia-aerea-en-colombia\/","name":"L\u00edder de la Iglesia Adventista en Sudam\u00e9rica expresa condolencias por la tragedia a\u00e9rea en Colombia - Iglesia Adventista del S\u00e9ptimo D\u00eda - Divisi\u00f3n Interamericana","isPartOf":{"@id":"https:\/\/interamerica.org\/es\/#website"},"primaryImageOfPage":{"@id":"https:\/\/interamerica.org\/es\/2016\/12\/lider-de-la-iglesia-adventista-en-sudamerica-expresa-condolencias-por-la-tragedia-aerea-en-colombia\/#primaryimage"},"image":{"@id":"https:\/\/interamerica.org\/es\/2016\/12\/lider-de-la-iglesia-adventista-en-sudamerica-expresa-condolencias-por-la-tragedia-aerea-en-colombia\/#primaryimage"},"thumbnailUrl":"https:\/\/interamerica.org\/wp-content\/uploads\/2017\/06\/airplane-crashing.jpeg","datePublished":"2016-12-01T04:00:00+00:00","author":{"@id":"https:\/\/interamerica.org\/es\/#\/schema\/person\/68ede8bdc292885bb76c1e3810e73c39"},"breadcrumb":{"@id":"https:\/\/interamerica.org\/es\/2016\/12\/lider-de-la-iglesia-adventista-en-sudamerica-expresa-condolencias-por-la-tragedia-aerea-en-colombia\/#breadcrumb"},"inLanguage":"es","potentialAction":[{"@type":"ReadAction","target":["https:\/\/interamerica.org\/es\/2016\/12\/lider-de-la-iglesia-adventista-en-sudamerica-expresa-condolencias-por-la-tragedia-aerea-en-colombia\/"]}]},{"@type":"ImageObject","inLanguage":"es","@id":"https:\/\/interamerica.org\/es\/2016\/12\/lider-de-la-iglesia-adventista-en-sudamerica-expresa-condolencias-por-la-tragedia-aerea-en-colombia\/#primaryimage","url":"https:\/\/interamerica.org\/wp-content\/uploads\/2017\/06\/airplane-crashing.jpeg","contentUrl":"https:\/\/interamerica.org\/wp-content\/uploads\/2017\/06\/airplane-crashing.jpeg","width":1000,"height":500},{"@type":"BreadcrumbList","@id":"https:\/\/interamerica.org\/es\/2016\/12\/lider-de-la-iglesia-adventista-en-sudamerica-expresa-condolencias-por-la-tragedia-aerea-en-colombia\/#breadcrumb","itemListElement":[{"@type":"ListItem","position":1,"name":"Home","item":"https:\/\/interamerica.org\/es\/"},{"@type":"ListItem","position":2,"name":"L\u00edder de la Iglesia Adventista en Sudam\u00e9rica expresa condolencias por la tragedia a\u00e9rea en Colombia"}]},{"@type":"WebSite","@id":"https:\/\/interamerica.org\/es\/#website","url":"https:\/\/interamerica.org\/es\/","name":"Iglesia Adventista del S\u00e9ptimo D\u00eda - Divisi\u00f3n Interamericana","description":"","potentialAction":[{"@type":"SearchAction","target":{"@type":"EntryPoint","urlTemplate":"https:\/\/interamerica.org\/es\/?s={search_term_string}"},"query-input":{"@type":"PropertyValueSpecification","valueRequired":true,"valueName":"search_term_string"}}],"inLanguage":"es"},{"@type":"Person","@id":"https:\/\/interamerica.org\/es\/#\/schema\/person\/68ede8bdc292885bb76c1e3810e73c39","name":"Lorenzo Verduzco","image":{"@type":"ImageObject","inLanguage":"es","@id":"https:\/\/secure.gravatar.com\/avatar\/fb81a55b6218459490a9c1dc841a34909185b81904c5337b4b27f7a6fd60c49e?s=96&d=mm&r=g","url":"https:\/\/secure.gravatar.com\/avatar\/fb81a55b6218459490a9c1dc841a34909185b81904c5337b4b27f7a6fd60c49e?s=96&d=mm&r=g","contentUrl":"https:\/\/secure.gravatar.com\/avatar\/fb81a55b6218459490a9c1dc841a34909185b81904c5337b4b27f7a6fd60c49e?s=96&d=mm&r=g","caption":"Lorenzo Verduzco"}}]}},"_links":{"self":[{"href":"https:\/\/interamerica.org\/es\/wp-json\/wp\/v2\/posts\/31294","targetHints":{"allow":["GET"]}}],"collection":[{"href":"https:\/\/interamerica.org\/es\/wp-json\/wp\/v2\/posts"}],"about":[{"href":"https:\/\/interamerica.org\/es\/wp-json\/wp\/v2\/types\/post"}],"author":[{"embeddable":true,"href":"https:\/\/interamerica.org\/es\/wp-json\/wp\/v2\/users\/1"}],"replies":[{"embeddable":true,"href":"https:\/\/interamerica.org\/es\/wp-json\/wp\/v2\/comments?post=31294"}],"version-history":[{"count":0,"href":"https:\/\/interamerica.org\/es\/wp-json\/wp\/v2\/posts\/31294\/revisions"}],"wp:featuredmedia":[{"embeddable":true,"href":"https:\/\/interamerica.org\/es\/wp-json\/wp\/v2\/media\/28966"}],"wp:attachment":[{"href":"https:\/\/interamerica.org\/es\/wp-json\/wp\/v2\/media?parent=31294"}],"wp:term":[{"taxonomy":"category","embeddable":true,"href":"https:\/\/interamerica.org\/es\/wp-json\/wp\/v2\/categories?post=31294"},{"taxonomy":"post_tag","embeddable":true,"href":"https:\/\/interamerica.org\/es\/wp-json\/wp\/v2\/tags?post=31294"}],"curies":[{"name":"wp","href":"https:\/\/api.w.org\/{rel}","templated":true}]}}