{"id":31304,"date":"2016-12-11T00:00:00","date_gmt":"2016-12-11T04:00:00","guid":{"rendered":"http:\/\/192.81.217.108\/interamerica\/2016\/12\/la-region-colombiana-del-norte-gana-la-gran-final-del-boom-biblico-de-interamerica\/"},"modified":"2018-03-20T13:17:03","modified_gmt":"2018-03-20T17:17:03","slug":"la-region-colombiana-del-norte-gana-la-gran-final-del-boom-biblico-de-interamerica","status":"publish","type":"post","link":"https:\/\/interamerica.org\/es\/2016\/12\/la-region-colombiana-del-norte-gana-la-gran-final-del-boom-biblico-de-interamerica\/","title":{"rendered":"La regi\u00f3n Colombiana del Norte gana la gran final del \u201cBoom B\u00edblico\u201d de Interam\u00e9rica"},"content":{"rendered":"<div id=\"attachment_25475\" style=\"width: 778px\" class=\"wp-caption aligncenter\"><a href=\"\/interamerica\/wp-content\/uploads\/2017\/06\/2016_FinalResults.jpg\" rel=\"fancybox\" title=\"La regi\u00f3n Colombiana del Norte gana la gran final del \u201cBoom B\u00edblico\u201d de Interam\u00e9rica\"><img fetchpriority=\"high\" decoding=\"async\" aria-describedby=\"caption-attachment-25475\" class=\" wp-image-25475\" src=\"\/interamerica\/wp-content\/uploads\/2017\/06\/2016_FinalResults.jpg\" alt=\"\" width=\"768\" height=\"436\" \/><\/a><p id=\"caption-attachment-25475\" class=\"wp-caption-text\">Los puntajes de la Gran Final del Boom B\u00edblico de la Divisi\u00f3n Interamericana de este 10 de diciembre de 2016. Imagen de la DIA<\/p><\/div>\n<p>10 de diciembre de 2016 | San Pedro de Macor\u00eds, Rep\u00fablica Dominicana | Libna Stevens\/DIA<\/p>\n<p>Zarith M\u00e9ndez de la regi\u00f3n Colombiana del Norte obtuvo el primer puesto como ganadora del primer puesto en la gran final del Boom B\u00edblico en el d\u00eda de hoy, durante la competencia b\u00edblica que abarc\u00f3 a todo el territorio de la Divisi\u00f3n Interamericana, y que se llev\u00f3 a cabo en San Pedro de Macor\u00eds, en la Rep\u00fablica Dominicana.<\/p>\n<p>M\u00e9ndez, con un puntaje de 450, venci\u00f3 a otros 20 finalistas regionales en el XIII evento de esta naturaleza organizado por la Iglesia Adventista del S\u00e9ptimo D\u00eda en Interam\u00e9rica. La joven respondi\u00f3 45 preguntas en 3.56 minutos.<\/p>\n<p>Mar\u00eda Gonz\u00e1lez, de la regi\u00f3n Venezolana Oriental, obtuvo el segundo puesto con el mismo puntaje, pero en 4:33 minutos.<\/p>\n<p>Hernan P\u00e9rez alcanz\u00f3 el tercer lugar con un puntaje de 440, que complet\u00f3 en 6.30 minutos.<\/p>\n<p>Todos los 21 finalistas viajaron hasta la Rep\u00fablica Dominicana para responder preguntas de un puntaje total posible de 510. Las preguntas estuvieron basadas en los libros de Josu\u00e9,Jueces, Rut y los primeros doce cap\u00edtulos del libro \u201cPatriarcas y profetas\u201d, de Elena G. White.<\/p>\n<p>Pronto estar\u00e1n disponibles m\u00e1s detalles de la gran final del \u201cBoom B\u00edblico\u201d en el sitio <a href=\"https:\/\/recursing-golick.147-182-135-0.plesk.page\/\">interamerica.org<\/a><\/p>\n<p>Traducci\u00f3n por Marcos Paseggi<\/p>\n","protected":false},"excerpt":{"rendered":"<p>Zarith M\u00e9ndez de la regi\u00f3n Colombiana del Norte obtuvo el primer puesto como ganadora del primer puesto en la gran final del Boom B\u00edblico en el d\u00eda de hoy, durante la competencia b\u00edblica que abarc\u00f3 a todo el territorio de la Divisi\u00f3n Interamericana, y que se llev\u00f3 a cabo en San Pedro de Macor\u00eds, en la Rep\u00fablica Dominicana. <\/p>\n<p>M\u00e9ndez, con un puntaje de 450, venci\u00f3 a otros 20 finalistas regionales en el XIII evento de esta naturaleza organizado por la Iglesia Adventista del S\u00e9ptimo D\u00eda en Interam\u00e9rica. La joven respondi\u00f3 45 preguntas en 3.56 minutos.<\/p>\n","protected":false},"author":1,"featured_media":29044,"comment_status":"closed","ping_status":"closed","sticky":false,"template":"","format":"standard","meta":{"_acf_changed":false,"footnotes":""},"categories":[16,15],"tags":[],"class_list":["post-31304","post","type-post","status-publish","format-standard","has-post-thumbnail","hentry","category-desde-la-sede","category-rss-espanol"],"acf":[],"yoast_head":"<!-- This site is optimized with the Yoast SEO plugin v27.3 - https:\/\/yoast.com\/product\/yoast-seo-wordpress\/ -->\n<title>La regi\u00f3n Colombiana del Norte gana la gran final del \u201cBoom B\u00edblico\u201d de Interam\u00e9rica - Iglesia Adventista del S\u00e9ptimo D\u00eda - Divisi\u00f3n Interamericana<\/title>\n<meta name=\"robots\" content=\"index, follow, max-snippet:-1, max-image-preview:large, max-video-preview:-1\" \/>\n<link rel=\"canonical\" href=\"https:\/\/interamerica.org\/es\/2016\/12\/la-region-colombiana-del-norte-gana-la-gran-final-del-boom-biblico-de-interamerica\/\" \/>\n<meta property=\"og:locale\" content=\"es_ES\" \/>\n<meta property=\"og:type\" content=\"article\" \/>\n<meta property=\"og:title\" content=\"La regi\u00f3n Colombiana del Norte gana la gran final del \u201cBoom B\u00edblico\u201d de Interam\u00e9rica - Iglesia Adventista del S\u00e9ptimo D\u00eda - Divisi\u00f3n Interamericana\" \/>\n<meta property=\"og:description\" content=\"Zarith M\u00e9ndez de la regi\u00f3n Colombiana del Norte obtuvo el primer puesto como ganadora del primer puesto en la gran final del Boom B\u00edblico en el d\u00eda de hoy, durante la competencia b\u00edblica que abarc\u00f3 a todo el territorio de la Divisi\u00f3n Interamericana, y que se llev\u00f3 a cabo en San Pedro de Macor\u00eds, en la Rep\u00fablica Dominicana.   M\u00e9ndez, con un puntaje de 450, venci\u00f3 a otros 20 finalistas regionales en el XIII evento de esta naturaleza organizado por la Iglesia Adventista del S\u00e9ptimo D\u00eda en Interam\u00e9rica. La joven respondi\u00f3 45 preguntas en 3.56 minutos.\" \/>\n<meta property=\"og:url\" content=\"https:\/\/interamerica.org\/es\/2016\/12\/la-region-colombiana-del-norte-gana-la-gran-final-del-boom-biblico-de-interamerica\/\" \/>\n<meta property=\"og:site_name\" content=\"Iglesia Adventista del S\u00e9ptimo D\u00eda - Divisi\u00f3n Interamericana\" \/>\n<meta property=\"article:published_time\" content=\"2016-12-11T04:00:00+00:00\" \/>\n<meta property=\"article:modified_time\" content=\"2018-03-20T17:17:03+00:00\" \/>\n<meta property=\"og:image\" content=\"https:\/\/interamerica.org\/wp-content\/uploads\/2017\/06\/2016_FinalResults.jpg\" \/>\n\t<meta property=\"og:image:width\" content=\"1264\" \/>\n\t<meta property=\"og:image:height\" content=\"718\" \/>\n\t<meta property=\"og:image:type\" content=\"image\/jpeg\" \/>\n<meta name=\"author\" content=\"Lorenzo Verduzco\" \/>\n<meta name=\"twitter:card\" content=\"summary_large_image\" \/>\n<meta name=\"twitter:label1\" content=\"Escrito por\" \/>\n\t<meta name=\"twitter:data1\" content=\"Lorenzo Verduzco\" \/>\n\t<meta name=\"twitter:label2\" content=\"Tiempo de lectura\" \/>\n\t<meta name=\"twitter:data2\" content=\"1 minuto\" \/>\n<script type=\"application\/ld+json\" class=\"yoast-schema-graph\">{\"@context\":\"https:\\\/\\\/schema.org\",\"@graph\":[{\"@type\":\"Article\",\"@id\":\"https:\\\/\\\/interamerica.org\\\/es\\\/2016\\\/12\\\/la-region-colombiana-del-norte-gana-la-gran-final-del-boom-biblico-de-interamerica\\\/#article\",\"isPartOf\":{\"@id\":\"https:\\\/\\\/interamerica.org\\\/es\\\/2016\\\/12\\\/la-region-colombiana-del-norte-gana-la-gran-final-del-boom-biblico-de-interamerica\\\/\"},\"author\":{\"name\":\"Lorenzo Verduzco\",\"@id\":\"https:\\\/\\\/interamerica.org\\\/es\\\/#\\\/schema\\\/person\\\/68ede8bdc292885bb76c1e3810e73c39\"},\"headline\":\"La regi\u00f3n Colombiana del Norte gana la gran final del \u201cBoom B\u00edblico\u201d de Interam\u00e9rica\",\"datePublished\":\"2016-12-11T04:00:00+00:00\",\"dateModified\":\"2018-03-20T17:17:03+00:00\",\"mainEntityOfPage\":{\"@id\":\"https:\\\/\\\/interamerica.org\\\/es\\\/2016\\\/12\\\/la-region-colombiana-del-norte-gana-la-gran-final-del-boom-biblico-de-interamerica\\\/\"},\"wordCount\":270,\"image\":{\"@id\":\"https:\\\/\\\/interamerica.org\\\/es\\\/2016\\\/12\\\/la-region-colombiana-del-norte-gana-la-gran-final-del-boom-biblico-de-interamerica\\\/#primaryimage\"},\"thumbnailUrl\":\"https:\\\/\\\/interamerica.org\\\/wp-content\\\/uploads\\\/2017\\\/06\\\/2016_FinalResults.jpg\",\"articleSection\":[\"Desde la sede\",\"RSS Espa\u00f1ol\"],\"inLanguage\":\"es\"},{\"@type\":\"WebPage\",\"@id\":\"https:\\\/\\\/interamerica.org\\\/es\\\/2016\\\/12\\\/la-region-colombiana-del-norte-gana-la-gran-final-del-boom-biblico-de-interamerica\\\/\",\"url\":\"https:\\\/\\\/interamerica.org\\\/es\\\/2016\\\/12\\\/la-region-colombiana-del-norte-gana-la-gran-final-del-boom-biblico-de-interamerica\\\/\",\"name\":\"La regi\u00f3n Colombiana del Norte gana la gran final del \u201cBoom B\u00edblico\u201d de Interam\u00e9rica - Iglesia Adventista del S\u00e9ptimo D\u00eda - Divisi\u00f3n Interamericana\",\"isPartOf\":{\"@id\":\"https:\\\/\\\/interamerica.org\\\/es\\\/#website\"},\"primaryImageOfPage\":{\"@id\":\"https:\\\/\\\/interamerica.org\\\/es\\\/2016\\\/12\\\/la-region-colombiana-del-norte-gana-la-gran-final-del-boom-biblico-de-interamerica\\\/#primaryimage\"},\"image\":{\"@id\":\"https:\\\/\\\/interamerica.org\\\/es\\\/2016\\\/12\\\/la-region-colombiana-del-norte-gana-la-gran-final-del-boom-biblico-de-interamerica\\\/#primaryimage\"},\"thumbnailUrl\":\"https:\\\/\\\/interamerica.org\\\/wp-content\\\/uploads\\\/2017\\\/06\\\/2016_FinalResults.jpg\",\"datePublished\":\"2016-12-11T04:00:00+00:00\",\"dateModified\":\"2018-03-20T17:17:03+00:00\",\"author\":{\"@id\":\"https:\\\/\\\/interamerica.org\\\/es\\\/#\\\/schema\\\/person\\\/68ede8bdc292885bb76c1e3810e73c39\"},\"breadcrumb\":{\"@id\":\"https:\\\/\\\/interamerica.org\\\/es\\\/2016\\\/12\\\/la-region-colombiana-del-norte-gana-la-gran-final-del-boom-biblico-de-interamerica\\\/#breadcrumb\"},\"inLanguage\":\"es\",\"potentialAction\":[{\"@type\":\"ReadAction\",\"target\":[\"https:\\\/\\\/interamerica.org\\\/es\\\/2016\\\/12\\\/la-region-colombiana-del-norte-gana-la-gran-final-del-boom-biblico-de-interamerica\\\/\"]}]},{\"@type\":\"ImageObject\",\"inLanguage\":\"es\",\"@id\":\"https:\\\/\\\/interamerica.org\\\/es\\\/2016\\\/12\\\/la-region-colombiana-del-norte-gana-la-gran-final-del-boom-biblico-de-interamerica\\\/#primaryimage\",\"url\":\"https:\\\/\\\/interamerica.org\\\/wp-content\\\/uploads\\\/2017\\\/06\\\/2016_FinalResults.jpg\",\"contentUrl\":\"https:\\\/\\\/interamerica.org\\\/wp-content\\\/uploads\\\/2017\\\/06\\\/2016_FinalResults.jpg\",\"width\":1264,\"height\":718},{\"@type\":\"BreadcrumbList\",\"@id\":\"https:\\\/\\\/interamerica.org\\\/es\\\/2016\\\/12\\\/la-region-colombiana-del-norte-gana-la-gran-final-del-boom-biblico-de-interamerica\\\/#breadcrumb\",\"itemListElement\":[{\"@type\":\"ListItem\",\"position\":1,\"name\":\"Home\",\"item\":\"https:\\\/\\\/interamerica.org\\\/es\\\/\"},{\"@type\":\"ListItem\",\"position\":2,\"name\":\"La regi\u00f3n Colombiana del Norte gana la gran final del \u201cBoom B\u00edblico\u201d de Interam\u00e9rica\"}]},{\"@type\":\"WebSite\",\"@id\":\"https:\\\/\\\/interamerica.org\\\/es\\\/#website\",\"url\":\"https:\\\/\\\/interamerica.org\\\/es\\\/\",\"name\":\"Iglesia Adventista del S\u00e9ptimo D\u00eda - Divisi\u00f3n Interamericana\",\"description\":\"\",\"potentialAction\":[{\"@type\":\"SearchAction\",\"target\":{\"@type\":\"EntryPoint\",\"urlTemplate\":\"https:\\\/\\\/interamerica.org\\\/es\\\/?s={search_term_string}\"},\"query-input\":{\"@type\":\"PropertyValueSpecification\",\"valueRequired\":true,\"valueName\":\"search_term_string\"}}],\"inLanguage\":\"es\"},{\"@type\":\"Person\",\"@id\":\"https:\\\/\\\/interamerica.org\\\/es\\\/#\\\/schema\\\/person\\\/68ede8bdc292885bb76c1e3810e73c39\",\"name\":\"Lorenzo Verduzco\",\"image\":{\"@type\":\"ImageObject\",\"inLanguage\":\"es\",\"@id\":\"https:\\\/\\\/secure.gravatar.com\\\/avatar\\\/fb81a55b6218459490a9c1dc841a34909185b81904c5337b4b27f7a6fd60c49e?s=96&d=mm&r=g\",\"url\":\"https:\\\/\\\/secure.gravatar.com\\\/avatar\\\/fb81a55b6218459490a9c1dc841a34909185b81904c5337b4b27f7a6fd60c49e?s=96&d=mm&r=g\",\"contentUrl\":\"https:\\\/\\\/secure.gravatar.com\\\/avatar\\\/fb81a55b6218459490a9c1dc841a34909185b81904c5337b4b27f7a6fd60c49e?s=96&d=mm&r=g\",\"caption\":\"Lorenzo Verduzco\"}}]}<\/script>\n<!-- \/ Yoast SEO plugin. -->","yoast_head_json":{"title":"La regi\u00f3n Colombiana del Norte gana la gran final del \u201cBoom B\u00edblico\u201d de Interam\u00e9rica - Iglesia Adventista del S\u00e9ptimo D\u00eda - Divisi\u00f3n Interamericana","robots":{"index":"index","follow":"follow","max-snippet":"max-snippet:-1","max-image-preview":"max-image-preview:large","max-video-preview":"max-video-preview:-1"},"canonical":"https:\/\/interamerica.org\/es\/2016\/12\/la-region-colombiana-del-norte-gana-la-gran-final-del-boom-biblico-de-interamerica\/","og_locale":"es_ES","og_type":"article","og_title":"La regi\u00f3n Colombiana del Norte gana la gran final del \u201cBoom B\u00edblico\u201d de Interam\u00e9rica - Iglesia Adventista del S\u00e9ptimo D\u00eda - Divisi\u00f3n Interamericana","og_description":"Zarith M\u00e9ndez de la regi\u00f3n Colombiana del Norte obtuvo el primer puesto como ganadora del primer puesto en la gran final del Boom B\u00edblico en el d\u00eda de hoy, durante la competencia b\u00edblica que abarc\u00f3 a todo el territorio de la Divisi\u00f3n Interamericana, y que se llev\u00f3 a cabo en San Pedro de Macor\u00eds, en la Rep\u00fablica Dominicana.   M\u00e9ndez, con un puntaje de 450, venci\u00f3 a otros 20 finalistas regionales en el XIII evento de esta naturaleza organizado por la Iglesia Adventista del S\u00e9ptimo D\u00eda en Interam\u00e9rica. La joven respondi\u00f3 45 preguntas en 3.56 minutos.","og_url":"https:\/\/interamerica.org\/es\/2016\/12\/la-region-colombiana-del-norte-gana-la-gran-final-del-boom-biblico-de-interamerica\/","og_site_name":"Iglesia Adventista del S\u00e9ptimo D\u00eda - Divisi\u00f3n Interamericana","article_published_time":"2016-12-11T04:00:00+00:00","article_modified_time":"2018-03-20T17:17:03+00:00","og_image":[{"width":1264,"height":718,"url":"https:\/\/interamerica.org\/wp-content\/uploads\/2017\/06\/2016_FinalResults.jpg","type":"image\/jpeg"}],"author":"Lorenzo Verduzco","twitter_card":"summary_large_image","twitter_misc":{"Escrito por":"Lorenzo Verduzco","Tiempo de lectura":"1 minuto"},"schema":{"@context":"https:\/\/schema.org","@graph":[{"@type":"Article","@id":"https:\/\/interamerica.org\/es\/2016\/12\/la-region-colombiana-del-norte-gana-la-gran-final-del-boom-biblico-de-interamerica\/#article","isPartOf":{"@id":"https:\/\/interamerica.org\/es\/2016\/12\/la-region-colombiana-del-norte-gana-la-gran-final-del-boom-biblico-de-interamerica\/"},"author":{"name":"Lorenzo Verduzco","@id":"https:\/\/interamerica.org\/es\/#\/schema\/person\/68ede8bdc292885bb76c1e3810e73c39"},"headline":"La regi\u00f3n Colombiana del Norte gana la gran final del \u201cBoom B\u00edblico\u201d de Interam\u00e9rica","datePublished":"2016-12-11T04:00:00+00:00","dateModified":"2018-03-20T17:17:03+00:00","mainEntityOfPage":{"@id":"https:\/\/interamerica.org\/es\/2016\/12\/la-region-colombiana-del-norte-gana-la-gran-final-del-boom-biblico-de-interamerica\/"},"wordCount":270,"image":{"@id":"https:\/\/interamerica.org\/es\/2016\/12\/la-region-colombiana-del-norte-gana-la-gran-final-del-boom-biblico-de-interamerica\/#primaryimage"},"thumbnailUrl":"https:\/\/interamerica.org\/wp-content\/uploads\/2017\/06\/2016_FinalResults.jpg","articleSection":["Desde la sede","RSS Espa\u00f1ol"],"inLanguage":"es"},{"@type":"WebPage","@id":"https:\/\/interamerica.org\/es\/2016\/12\/la-region-colombiana-del-norte-gana-la-gran-final-del-boom-biblico-de-interamerica\/","url":"https:\/\/interamerica.org\/es\/2016\/12\/la-region-colombiana-del-norte-gana-la-gran-final-del-boom-biblico-de-interamerica\/","name":"La regi\u00f3n Colombiana del Norte gana la gran final del \u201cBoom B\u00edblico\u201d de Interam\u00e9rica - Iglesia Adventista del S\u00e9ptimo D\u00eda - Divisi\u00f3n Interamericana","isPartOf":{"@id":"https:\/\/interamerica.org\/es\/#website"},"primaryImageOfPage":{"@id":"https:\/\/interamerica.org\/es\/2016\/12\/la-region-colombiana-del-norte-gana-la-gran-final-del-boom-biblico-de-interamerica\/#primaryimage"},"image":{"@id":"https:\/\/interamerica.org\/es\/2016\/12\/la-region-colombiana-del-norte-gana-la-gran-final-del-boom-biblico-de-interamerica\/#primaryimage"},"thumbnailUrl":"https:\/\/interamerica.org\/wp-content\/uploads\/2017\/06\/2016_FinalResults.jpg","datePublished":"2016-12-11T04:00:00+00:00","dateModified":"2018-03-20T17:17:03+00:00","author":{"@id":"https:\/\/interamerica.org\/es\/#\/schema\/person\/68ede8bdc292885bb76c1e3810e73c39"},"breadcrumb":{"@id":"https:\/\/interamerica.org\/es\/2016\/12\/la-region-colombiana-del-norte-gana-la-gran-final-del-boom-biblico-de-interamerica\/#breadcrumb"},"inLanguage":"es","potentialAction":[{"@type":"ReadAction","target":["https:\/\/interamerica.org\/es\/2016\/12\/la-region-colombiana-del-norte-gana-la-gran-final-del-boom-biblico-de-interamerica\/"]}]},{"@type":"ImageObject","inLanguage":"es","@id":"https:\/\/interamerica.org\/es\/2016\/12\/la-region-colombiana-del-norte-gana-la-gran-final-del-boom-biblico-de-interamerica\/#primaryimage","url":"https:\/\/interamerica.org\/wp-content\/uploads\/2017\/06\/2016_FinalResults.jpg","contentUrl":"https:\/\/interamerica.org\/wp-content\/uploads\/2017\/06\/2016_FinalResults.jpg","width":1264,"height":718},{"@type":"BreadcrumbList","@id":"https:\/\/interamerica.org\/es\/2016\/12\/la-region-colombiana-del-norte-gana-la-gran-final-del-boom-biblico-de-interamerica\/#breadcrumb","itemListElement":[{"@type":"ListItem","position":1,"name":"Home","item":"https:\/\/interamerica.org\/es\/"},{"@type":"ListItem","position":2,"name":"La regi\u00f3n Colombiana del Norte gana la gran final del \u201cBoom B\u00edblico\u201d de Interam\u00e9rica"}]},{"@type":"WebSite","@id":"https:\/\/interamerica.org\/es\/#website","url":"https:\/\/interamerica.org\/es\/","name":"Iglesia Adventista del S\u00e9ptimo D\u00eda - Divisi\u00f3n Interamericana","description":"","potentialAction":[{"@type":"SearchAction","target":{"@type":"EntryPoint","urlTemplate":"https:\/\/interamerica.org\/es\/?s={search_term_string}"},"query-input":{"@type":"PropertyValueSpecification","valueRequired":true,"valueName":"search_term_string"}}],"inLanguage":"es"},{"@type":"Person","@id":"https:\/\/interamerica.org\/es\/#\/schema\/person\/68ede8bdc292885bb76c1e3810e73c39","name":"Lorenzo Verduzco","image":{"@type":"ImageObject","inLanguage":"es","@id":"https:\/\/secure.gravatar.com\/avatar\/fb81a55b6218459490a9c1dc841a34909185b81904c5337b4b27f7a6fd60c49e?s=96&d=mm&r=g","url":"https:\/\/secure.gravatar.com\/avatar\/fb81a55b6218459490a9c1dc841a34909185b81904c5337b4b27f7a6fd60c49e?s=96&d=mm&r=g","contentUrl":"https:\/\/secure.gravatar.com\/avatar\/fb81a55b6218459490a9c1dc841a34909185b81904c5337b4b27f7a6fd60c49e?s=96&d=mm&r=g","caption":"Lorenzo Verduzco"}}]}},"_links":{"self":[{"href":"https:\/\/interamerica.org\/es\/wp-json\/wp\/v2\/posts\/31304","targetHints":{"allow":["GET"]}}],"collection":[{"href":"https:\/\/interamerica.org\/es\/wp-json\/wp\/v2\/posts"}],"about":[{"href":"https:\/\/interamerica.org\/es\/wp-json\/wp\/v2\/types\/post"}],"author":[{"embeddable":true,"href":"https:\/\/interamerica.org\/es\/wp-json\/wp\/v2\/users\/1"}],"replies":[{"embeddable":true,"href":"https:\/\/interamerica.org\/es\/wp-json\/wp\/v2\/comments?post=31304"}],"version-history":[{"count":0,"href":"https:\/\/interamerica.org\/es\/wp-json\/wp\/v2\/posts\/31304\/revisions"}],"wp:featuredmedia":[{"embeddable":true,"href":"https:\/\/interamerica.org\/es\/wp-json\/wp\/v2\/media\/29044"}],"wp:attachment":[{"href":"https:\/\/interamerica.org\/es\/wp-json\/wp\/v2\/media?parent=31304"}],"wp:term":[{"taxonomy":"category","embeddable":true,"href":"https:\/\/interamerica.org\/es\/wp-json\/wp\/v2\/categories?post=31304"},{"taxonomy":"post_tag","embeddable":true,"href":"https:\/\/interamerica.org\/es\/wp-json\/wp\/v2\/tags?post=31304"}],"curies":[{"name":"wp","href":"https:\/\/api.w.org\/{rel}","templated":true}]}}