{"id":31310,"date":"2017-01-04T00:00:00","date_gmt":"2017-01-04T04:00:00","guid":{"rendered":"http:\/\/192.81.217.108\/interamerica\/2017\/01\/adventistas-europeos-expresan-solidaridad-tras-el-ataque-en-estambul\/"},"modified":"2017-12-06T15:04:44","modified_gmt":"2017-12-06T19:04:44","slug":"adventistas-europeos-expresan-solidaridad-tras-el-ataque-en-estambul","status":"publish","type":"post","link":"https:\/\/interamerica.org\/es\/2017\/01\/adventistas-europeos-expresan-solidaridad-tras-el-ataque-en-estambul\/","title":{"rendered":"Adventistas europeos expresan solidaridad tras el ataque en Estambul"},"content":{"rendered":"<div id=\"attachment_25565\" style=\"width: 650px\" class=\"wp-caption aligncenter\"><a href=\"\/interamerica\/wp-content\/uploads\/2017\/06\/JofreFerrer-creativecommons-Instanbul.jpg\" rel=\"fancybox\" title=\"Adventistas europeos expresan solidaridad tras el ataque en Estambul\"><img fetchpriority=\"high\" decoding=\"async\" aria-describedby=\"caption-attachment-25565\" class=\"size-full wp-image-25565\" src=\"\/interamerica\/wp-content\/uploads\/2017\/06\/JofreFerrer-creativecommons-Instanbul.jpg\" alt=\"\" width=\"640\" height=\"415\" \/><\/a><p id=\"caption-attachment-25565\" class=\"wp-caption-text\">Estambul, Turqu\u00eda. Imagen de Jofre Ferrer en Flickr.com, creative commons, https:\/\/tinyurl.com\/gp95b32<\/p><\/div>\n<p>4 de enero de 2017 | Berna, Suiza | <span class=\"byline-news\">Corrado Cozzi, Divisi\u00f3n Intereuropea<\/span><\/p>\n<p>Los adventistas del s\u00e9ptimo d\u00eda de la Divisi\u00f3n Intereuropea expresaron solidaridad y simpat\u00eda despu\u00e9s de que el tiroteo en un club nocturno en la noche de A\u00f1o Nuevo en el distrito de Ortakoy, Turqu\u00eda, se cobr\u00f3 la vida de al menos 39 personas y dej\u00f3 decenas de heridos.<\/p>\n<p>Funcionarios de gobierno de Turqu\u00eda han dicho que el ataque fue un acto de terrorismo. Aunque el atacante ha sido identificado, a\u00fan no hab\u00eda sido aprehendido al momento de esta publicaci\u00f3n.<\/p>\n<p>\u201cA\u00fan tenemos en la mente las escenas del ataque de Berl\u00edn y, ahora, otra vez, nuestros corazones est\u00e1n llenos de tristeza por el pueblo de Estambul, por los que perdieron la vida, por los que est\u00e1n en los hospitales, por las familias cuyos seres queridos fueron heridos o perdieron la vida\u201d, dijo Mario Brito, que es pastor adventista y presidente de la regi\u00f3n Intereuropea de la Iglesia Adventista. \u201cSiguen presentes en nuestras oraciones\u201d, a\u00f1adi\u00f3.<\/p>\n<p>Brito dijo: \u201cLos adventistas de Europa y de todo el mundo acompa\u00f1an a las familias que perdieron sus seres queridos. Estamos pensando en ustedes y orando por ustedes\u201d.<\/p>\n<p>\u201cComo ya hemos expresado ante los varios terribles ataques terroristas que han sacudido a Europa y a otros lugares en este \u00faltimo a\u00f1o, condenamos firmemente la crueldad de estos agresores. No podemos aceptar esa falta de respeto hacia la vida y la dignidad humanas. Detestamos esa horrorosa violencia. Oramos para que el Se\u00f1or pueda consolar a las familias que perdieron a sus seres queridos, sanando a los que se est\u00e1n recuperando\u201d, destac\u00f3 Brito.<\/p>\n<p>Los adventistas de la regi\u00f3n Intereuropea han tenido que confrontar una serie de ataques terroristas durante el \u00faltimo a\u00f1o. B\u00e9lgica y Francia han sido escenario de ataques terroristas en 2016, y el ataque m\u00e1s reciente en la zona estuvo dirigido a clientes de un <a href=\"http:\/\/www.adventistreview.org\/church-news\/story4651-in-germany,-berlin-truck-crash-spreads-waves-of-fear\" target=\"_blank\" rel=\"noopener\">mercado navide\u00f1o al aire libre en Berl\u00edn<\/a>, Alemania.<\/p>\n<p>Seg\u00fan la versi\u00f3n en l\u00ednea del <a href=\"http:\/\/www.adventistyearbook.org\/default.aspx?page=ViewAdmField&amp;AdmFieldID=EUD\" target=\"_blank\" rel=\"noopener\">Anuario de la Iglesia Adventista<\/a>, en la regi\u00f3n hay 178.380 miembros adventistas bautizados que se re\u00fanen en 2550 congregaciones.<br \/>\nTraducci\u00f3n de Marcos Paseggi<\/p>\n","protected":false},"excerpt":{"rendered":"<p>Los adventistas del s\u00e9ptimo d\u00eda de la Divisi\u00f3n Intereuropea expresaron solidaridad y simpat\u00eda despu\u00e9s de que el tiroteo en un club nocturno en la noche de A\u00f1o Nuevo en el distrito de Ortakoy, Turqu\u00eda, se cobr\u00f3 la vida de al menos 39 personas y dej\u00f3 decenas de heridos. Funcionarios de gobierno de Turqu\u00eda han dicho que el ataque fue un acto de terrorismo. Aunque el atacante ha sido identificado, a\u00fan no hab\u00eda sido aprehendido al momento de esta publicaci\u00f3n.<\/p>\n","protected":false},"author":1,"featured_media":29101,"comment_status":"closed","ping_status":"closed","sticky":false,"template":"","format":"standard","meta":{"_acf_changed":false,"footnotes":""},"categories":[14,15],"tags":[],"class_list":["post-31310","post","type-post","status-publish","format-standard","has-post-thumbnail","hentry","category-de-la-iglesia-mundial","category-rss-espanol"],"acf":[],"yoast_head":"<!-- This site is optimized with the Yoast SEO plugin v27.3 - https:\/\/yoast.com\/product\/yoast-seo-wordpress\/ -->\n<title>Adventistas europeos expresan solidaridad tras el ataque en Estambul - Iglesia Adventista del S\u00e9ptimo D\u00eda - Divisi\u00f3n Interamericana<\/title>\n<meta name=\"robots\" content=\"index, follow, max-snippet:-1, max-image-preview:large, max-video-preview:-1\" \/>\n<link rel=\"canonical\" href=\"https:\/\/interamerica.org\/es\/2017\/01\/adventistas-europeos-expresan-solidaridad-tras-el-ataque-en-estambul\/\" \/>\n<meta property=\"og:locale\" content=\"es_ES\" \/>\n<meta property=\"og:type\" content=\"article\" \/>\n<meta property=\"og:title\" content=\"Adventistas europeos expresan solidaridad tras el ataque en Estambul - Iglesia Adventista del S\u00e9ptimo D\u00eda - Divisi\u00f3n Interamericana\" \/>\n<meta property=\"og:description\" content=\"Los adventistas del s\u00e9ptimo d\u00eda de la Divisi\u00f3n Intereuropea expresaron solidaridad y simpat\u00eda despu\u00e9s de que el tiroteo en un club nocturno en la noche de A\u00f1o Nuevo en el distrito de Ortakoy, Turqu\u00eda, se cobr\u00f3 la vida de al menos 39 personas y dej\u00f3 decenas de heridos. Funcionarios de gobierno de Turqu\u00eda han dicho que el ataque fue un acto de terrorismo. Aunque el atacante ha sido identificado, a\u00fan no hab\u00eda sido aprehendido al momento de esta publicaci\u00f3n.\" \/>\n<meta property=\"og:url\" content=\"https:\/\/interamerica.org\/es\/2017\/01\/adventistas-europeos-expresan-solidaridad-tras-el-ataque-en-estambul\/\" \/>\n<meta property=\"og:site_name\" content=\"Iglesia Adventista del S\u00e9ptimo D\u00eda - Divisi\u00f3n Interamericana\" \/>\n<meta property=\"article:published_time\" content=\"2017-01-04T04:00:00+00:00\" \/>\n<meta property=\"article:modified_time\" content=\"2017-12-06T19:04:44+00:00\" \/>\n<meta property=\"og:image\" content=\"https:\/\/interamerica.org\/wp-content\/uploads\/2017\/06\/JofreFerrer-creativecommons-Instanbul.jpg\" \/>\n\t<meta property=\"og:image:width\" content=\"640\" \/>\n\t<meta property=\"og:image:height\" content=\"415\" \/>\n\t<meta property=\"og:image:type\" content=\"image\/jpeg\" \/>\n<meta name=\"author\" content=\"Lorenzo Verduzco\" \/>\n<meta name=\"twitter:card\" content=\"summary_large_image\" \/>\n<meta name=\"twitter:label1\" content=\"Escrito por\" \/>\n\t<meta name=\"twitter:data1\" content=\"Lorenzo Verduzco\" \/>\n\t<meta name=\"twitter:label2\" content=\"Tiempo de lectura\" \/>\n\t<meta name=\"twitter:data2\" content=\"2 minutos\" \/>\n<script type=\"application\/ld+json\" class=\"yoast-schema-graph\">{\"@context\":\"https:\\\/\\\/schema.org\",\"@graph\":[{\"@type\":\"Article\",\"@id\":\"https:\\\/\\\/interamerica.org\\\/es\\\/2017\\\/01\\\/adventistas-europeos-expresan-solidaridad-tras-el-ataque-en-estambul\\\/#article\",\"isPartOf\":{\"@id\":\"https:\\\/\\\/interamerica.org\\\/es\\\/2017\\\/01\\\/adventistas-europeos-expresan-solidaridad-tras-el-ataque-en-estambul\\\/\"},\"author\":{\"name\":\"Lorenzo Verduzco\",\"@id\":\"https:\\\/\\\/interamerica.org\\\/es\\\/#\\\/schema\\\/person\\\/68ede8bdc292885bb76c1e3810e73c39\"},\"headline\":\"Adventistas europeos expresan solidaridad tras el ataque en Estambul\",\"datePublished\":\"2017-01-04T04:00:00+00:00\",\"dateModified\":\"2017-12-06T19:04:44+00:00\",\"mainEntityOfPage\":{\"@id\":\"https:\\\/\\\/interamerica.org\\\/es\\\/2017\\\/01\\\/adventistas-europeos-expresan-solidaridad-tras-el-ataque-en-estambul\\\/\"},\"wordCount\":407,\"image\":{\"@id\":\"https:\\\/\\\/interamerica.org\\\/es\\\/2017\\\/01\\\/adventistas-europeos-expresan-solidaridad-tras-el-ataque-en-estambul\\\/#primaryimage\"},\"thumbnailUrl\":\"https:\\\/\\\/interamerica.org\\\/wp-content\\\/uploads\\\/2017\\\/06\\\/JofreFerrer-creativecommons-Instanbul.jpg\",\"articleSection\":[\"Desde la iglesia mundial\",\"RSS Espa\u00f1ol\"],\"inLanguage\":\"es\"},{\"@type\":\"WebPage\",\"@id\":\"https:\\\/\\\/interamerica.org\\\/es\\\/2017\\\/01\\\/adventistas-europeos-expresan-solidaridad-tras-el-ataque-en-estambul\\\/\",\"url\":\"https:\\\/\\\/interamerica.org\\\/es\\\/2017\\\/01\\\/adventistas-europeos-expresan-solidaridad-tras-el-ataque-en-estambul\\\/\",\"name\":\"Adventistas europeos expresan solidaridad tras el ataque en Estambul - Iglesia Adventista del S\u00e9ptimo D\u00eda - Divisi\u00f3n Interamericana\",\"isPartOf\":{\"@id\":\"https:\\\/\\\/interamerica.org\\\/es\\\/#website\"},\"primaryImageOfPage\":{\"@id\":\"https:\\\/\\\/interamerica.org\\\/es\\\/2017\\\/01\\\/adventistas-europeos-expresan-solidaridad-tras-el-ataque-en-estambul\\\/#primaryimage\"},\"image\":{\"@id\":\"https:\\\/\\\/interamerica.org\\\/es\\\/2017\\\/01\\\/adventistas-europeos-expresan-solidaridad-tras-el-ataque-en-estambul\\\/#primaryimage\"},\"thumbnailUrl\":\"https:\\\/\\\/interamerica.org\\\/wp-content\\\/uploads\\\/2017\\\/06\\\/JofreFerrer-creativecommons-Instanbul.jpg\",\"datePublished\":\"2017-01-04T04:00:00+00:00\",\"dateModified\":\"2017-12-06T19:04:44+00:00\",\"author\":{\"@id\":\"https:\\\/\\\/interamerica.org\\\/es\\\/#\\\/schema\\\/person\\\/68ede8bdc292885bb76c1e3810e73c39\"},\"breadcrumb\":{\"@id\":\"https:\\\/\\\/interamerica.org\\\/es\\\/2017\\\/01\\\/adventistas-europeos-expresan-solidaridad-tras-el-ataque-en-estambul\\\/#breadcrumb\"},\"inLanguage\":\"es\",\"potentialAction\":[{\"@type\":\"ReadAction\",\"target\":[\"https:\\\/\\\/interamerica.org\\\/es\\\/2017\\\/01\\\/adventistas-europeos-expresan-solidaridad-tras-el-ataque-en-estambul\\\/\"]}]},{\"@type\":\"ImageObject\",\"inLanguage\":\"es\",\"@id\":\"https:\\\/\\\/interamerica.org\\\/es\\\/2017\\\/01\\\/adventistas-europeos-expresan-solidaridad-tras-el-ataque-en-estambul\\\/#primaryimage\",\"url\":\"https:\\\/\\\/interamerica.org\\\/wp-content\\\/uploads\\\/2017\\\/06\\\/JofreFerrer-creativecommons-Instanbul.jpg\",\"contentUrl\":\"https:\\\/\\\/interamerica.org\\\/wp-content\\\/uploads\\\/2017\\\/06\\\/JofreFerrer-creativecommons-Instanbul.jpg\",\"width\":640,\"height\":415},{\"@type\":\"BreadcrumbList\",\"@id\":\"https:\\\/\\\/interamerica.org\\\/es\\\/2017\\\/01\\\/adventistas-europeos-expresan-solidaridad-tras-el-ataque-en-estambul\\\/#breadcrumb\",\"itemListElement\":[{\"@type\":\"ListItem\",\"position\":1,\"name\":\"Home\",\"item\":\"https:\\\/\\\/interamerica.org\\\/es\\\/\"},{\"@type\":\"ListItem\",\"position\":2,\"name\":\"Adventistas europeos expresan solidaridad tras el ataque en Estambul\"}]},{\"@type\":\"WebSite\",\"@id\":\"https:\\\/\\\/interamerica.org\\\/es\\\/#website\",\"url\":\"https:\\\/\\\/interamerica.org\\\/es\\\/\",\"name\":\"Iglesia Adventista del S\u00e9ptimo D\u00eda - Divisi\u00f3n Interamericana\",\"description\":\"\",\"potentialAction\":[{\"@type\":\"SearchAction\",\"target\":{\"@type\":\"EntryPoint\",\"urlTemplate\":\"https:\\\/\\\/interamerica.org\\\/es\\\/?s={search_term_string}\"},\"query-input\":{\"@type\":\"PropertyValueSpecification\",\"valueRequired\":true,\"valueName\":\"search_term_string\"}}],\"inLanguage\":\"es\"},{\"@type\":\"Person\",\"@id\":\"https:\\\/\\\/interamerica.org\\\/es\\\/#\\\/schema\\\/person\\\/68ede8bdc292885bb76c1e3810e73c39\",\"name\":\"Lorenzo Verduzco\",\"image\":{\"@type\":\"ImageObject\",\"inLanguage\":\"es\",\"@id\":\"https:\\\/\\\/secure.gravatar.com\\\/avatar\\\/fb81a55b6218459490a9c1dc841a34909185b81904c5337b4b27f7a6fd60c49e?s=96&d=mm&r=g\",\"url\":\"https:\\\/\\\/secure.gravatar.com\\\/avatar\\\/fb81a55b6218459490a9c1dc841a34909185b81904c5337b4b27f7a6fd60c49e?s=96&d=mm&r=g\",\"contentUrl\":\"https:\\\/\\\/secure.gravatar.com\\\/avatar\\\/fb81a55b6218459490a9c1dc841a34909185b81904c5337b4b27f7a6fd60c49e?s=96&d=mm&r=g\",\"caption\":\"Lorenzo Verduzco\"}}]}<\/script>\n<!-- \/ Yoast SEO plugin. -->","yoast_head_json":{"title":"Adventistas europeos expresan solidaridad tras el ataque en Estambul - Iglesia Adventista del S\u00e9ptimo D\u00eda - Divisi\u00f3n Interamericana","robots":{"index":"index","follow":"follow","max-snippet":"max-snippet:-1","max-image-preview":"max-image-preview:large","max-video-preview":"max-video-preview:-1"},"canonical":"https:\/\/interamerica.org\/es\/2017\/01\/adventistas-europeos-expresan-solidaridad-tras-el-ataque-en-estambul\/","og_locale":"es_ES","og_type":"article","og_title":"Adventistas europeos expresan solidaridad tras el ataque en Estambul - Iglesia Adventista del S\u00e9ptimo D\u00eda - Divisi\u00f3n Interamericana","og_description":"Los adventistas del s\u00e9ptimo d\u00eda de la Divisi\u00f3n Intereuropea expresaron solidaridad y simpat\u00eda despu\u00e9s de que el tiroteo en un club nocturno en la noche de A\u00f1o Nuevo en el distrito de Ortakoy, Turqu\u00eda, se cobr\u00f3 la vida de al menos 39 personas y dej\u00f3 decenas de heridos. Funcionarios de gobierno de Turqu\u00eda han dicho que el ataque fue un acto de terrorismo. Aunque el atacante ha sido identificado, a\u00fan no hab\u00eda sido aprehendido al momento de esta publicaci\u00f3n.","og_url":"https:\/\/interamerica.org\/es\/2017\/01\/adventistas-europeos-expresan-solidaridad-tras-el-ataque-en-estambul\/","og_site_name":"Iglesia Adventista del S\u00e9ptimo D\u00eda - Divisi\u00f3n Interamericana","article_published_time":"2017-01-04T04:00:00+00:00","article_modified_time":"2017-12-06T19:04:44+00:00","og_image":[{"width":640,"height":415,"url":"https:\/\/interamerica.org\/wp-content\/uploads\/2017\/06\/JofreFerrer-creativecommons-Instanbul.jpg","type":"image\/jpeg"}],"author":"Lorenzo Verduzco","twitter_card":"summary_large_image","twitter_misc":{"Escrito por":"Lorenzo Verduzco","Tiempo de lectura":"2 minutos"},"schema":{"@context":"https:\/\/schema.org","@graph":[{"@type":"Article","@id":"https:\/\/interamerica.org\/es\/2017\/01\/adventistas-europeos-expresan-solidaridad-tras-el-ataque-en-estambul\/#article","isPartOf":{"@id":"https:\/\/interamerica.org\/es\/2017\/01\/adventistas-europeos-expresan-solidaridad-tras-el-ataque-en-estambul\/"},"author":{"name":"Lorenzo Verduzco","@id":"https:\/\/interamerica.org\/es\/#\/schema\/person\/68ede8bdc292885bb76c1e3810e73c39"},"headline":"Adventistas europeos expresan solidaridad tras el ataque en Estambul","datePublished":"2017-01-04T04:00:00+00:00","dateModified":"2017-12-06T19:04:44+00:00","mainEntityOfPage":{"@id":"https:\/\/interamerica.org\/es\/2017\/01\/adventistas-europeos-expresan-solidaridad-tras-el-ataque-en-estambul\/"},"wordCount":407,"image":{"@id":"https:\/\/interamerica.org\/es\/2017\/01\/adventistas-europeos-expresan-solidaridad-tras-el-ataque-en-estambul\/#primaryimage"},"thumbnailUrl":"https:\/\/interamerica.org\/wp-content\/uploads\/2017\/06\/JofreFerrer-creativecommons-Instanbul.jpg","articleSection":["Desde la iglesia mundial","RSS Espa\u00f1ol"],"inLanguage":"es"},{"@type":"WebPage","@id":"https:\/\/interamerica.org\/es\/2017\/01\/adventistas-europeos-expresan-solidaridad-tras-el-ataque-en-estambul\/","url":"https:\/\/interamerica.org\/es\/2017\/01\/adventistas-europeos-expresan-solidaridad-tras-el-ataque-en-estambul\/","name":"Adventistas europeos expresan solidaridad tras el ataque en Estambul - Iglesia Adventista del S\u00e9ptimo D\u00eda - Divisi\u00f3n Interamericana","isPartOf":{"@id":"https:\/\/interamerica.org\/es\/#website"},"primaryImageOfPage":{"@id":"https:\/\/interamerica.org\/es\/2017\/01\/adventistas-europeos-expresan-solidaridad-tras-el-ataque-en-estambul\/#primaryimage"},"image":{"@id":"https:\/\/interamerica.org\/es\/2017\/01\/adventistas-europeos-expresan-solidaridad-tras-el-ataque-en-estambul\/#primaryimage"},"thumbnailUrl":"https:\/\/interamerica.org\/wp-content\/uploads\/2017\/06\/JofreFerrer-creativecommons-Instanbul.jpg","datePublished":"2017-01-04T04:00:00+00:00","dateModified":"2017-12-06T19:04:44+00:00","author":{"@id":"https:\/\/interamerica.org\/es\/#\/schema\/person\/68ede8bdc292885bb76c1e3810e73c39"},"breadcrumb":{"@id":"https:\/\/interamerica.org\/es\/2017\/01\/adventistas-europeos-expresan-solidaridad-tras-el-ataque-en-estambul\/#breadcrumb"},"inLanguage":"es","potentialAction":[{"@type":"ReadAction","target":["https:\/\/interamerica.org\/es\/2017\/01\/adventistas-europeos-expresan-solidaridad-tras-el-ataque-en-estambul\/"]}]},{"@type":"ImageObject","inLanguage":"es","@id":"https:\/\/interamerica.org\/es\/2017\/01\/adventistas-europeos-expresan-solidaridad-tras-el-ataque-en-estambul\/#primaryimage","url":"https:\/\/interamerica.org\/wp-content\/uploads\/2017\/06\/JofreFerrer-creativecommons-Instanbul.jpg","contentUrl":"https:\/\/interamerica.org\/wp-content\/uploads\/2017\/06\/JofreFerrer-creativecommons-Instanbul.jpg","width":640,"height":415},{"@type":"BreadcrumbList","@id":"https:\/\/interamerica.org\/es\/2017\/01\/adventistas-europeos-expresan-solidaridad-tras-el-ataque-en-estambul\/#breadcrumb","itemListElement":[{"@type":"ListItem","position":1,"name":"Home","item":"https:\/\/interamerica.org\/es\/"},{"@type":"ListItem","position":2,"name":"Adventistas europeos expresan solidaridad tras el ataque en Estambul"}]},{"@type":"WebSite","@id":"https:\/\/interamerica.org\/es\/#website","url":"https:\/\/interamerica.org\/es\/","name":"Iglesia Adventista del S\u00e9ptimo D\u00eda - Divisi\u00f3n Interamericana","description":"","potentialAction":[{"@type":"SearchAction","target":{"@type":"EntryPoint","urlTemplate":"https:\/\/interamerica.org\/es\/?s={search_term_string}"},"query-input":{"@type":"PropertyValueSpecification","valueRequired":true,"valueName":"search_term_string"}}],"inLanguage":"es"},{"@type":"Person","@id":"https:\/\/interamerica.org\/es\/#\/schema\/person\/68ede8bdc292885bb76c1e3810e73c39","name":"Lorenzo Verduzco","image":{"@type":"ImageObject","inLanguage":"es","@id":"https:\/\/secure.gravatar.com\/avatar\/fb81a55b6218459490a9c1dc841a34909185b81904c5337b4b27f7a6fd60c49e?s=96&d=mm&r=g","url":"https:\/\/secure.gravatar.com\/avatar\/fb81a55b6218459490a9c1dc841a34909185b81904c5337b4b27f7a6fd60c49e?s=96&d=mm&r=g","contentUrl":"https:\/\/secure.gravatar.com\/avatar\/fb81a55b6218459490a9c1dc841a34909185b81904c5337b4b27f7a6fd60c49e?s=96&d=mm&r=g","caption":"Lorenzo Verduzco"}}]}},"_links":{"self":[{"href":"https:\/\/interamerica.org\/es\/wp-json\/wp\/v2\/posts\/31310","targetHints":{"allow":["GET"]}}],"collection":[{"href":"https:\/\/interamerica.org\/es\/wp-json\/wp\/v2\/posts"}],"about":[{"href":"https:\/\/interamerica.org\/es\/wp-json\/wp\/v2\/types\/post"}],"author":[{"embeddable":true,"href":"https:\/\/interamerica.org\/es\/wp-json\/wp\/v2\/users\/1"}],"replies":[{"embeddable":true,"href":"https:\/\/interamerica.org\/es\/wp-json\/wp\/v2\/comments?post=31310"}],"version-history":[{"count":0,"href":"https:\/\/interamerica.org\/es\/wp-json\/wp\/v2\/posts\/31310\/revisions"}],"wp:featuredmedia":[{"embeddable":true,"href":"https:\/\/interamerica.org\/es\/wp-json\/wp\/v2\/media\/29101"}],"wp:attachment":[{"href":"https:\/\/interamerica.org\/es\/wp-json\/wp\/v2\/media?parent=31310"}],"wp:term":[{"taxonomy":"category","embeddable":true,"href":"https:\/\/interamerica.org\/es\/wp-json\/wp\/v2\/categories?post=31310"},{"taxonomy":"post_tag","embeddable":true,"href":"https:\/\/interamerica.org\/es\/wp-json\/wp\/v2\/tags?post=31310"}],"curies":[{"name":"wp","href":"https:\/\/api.w.org\/{rel}","templated":true}]}}