{"id":31321,"date":"2017-01-20T00:00:00","date_gmt":"2017-01-20T04:00:00","guid":{"rendered":"http:\/\/192.81.217.108\/interamerica\/2017\/01\/interamerica-se-prepara-para-el-iv-campori-internacional-de-conquistadores\/"},"modified":"2017-12-06T02:34:30","modified_gmt":"2017-12-06T06:34:30","slug":"interamerica-se-prepara-para-el-iv-campori-internacional-de-conquistadores","status":"publish","type":"post","link":"https:\/\/interamerica.org\/es\/2017\/01\/interamerica-se-prepara-para-el-iv-campori-internacional-de-conquistadores\/","title":{"rendered":"Interam\u00e9rica se prepara para el IV Campor\u00ed Internacional de Conquistadores"},"content":{"rendered":"<div id=\"attachment_26461\" style=\"width: 772px\" class=\"wp-caption aligncenter\"><a href=\"\/interamerica\/wp-content\/uploads\/2017\/06\/Camporee-security-volunteers.jpg\" rel=\"fancybox\" title=\"Interam\u00e9rica se prepara para el IV Campor\u00ed Internacional de Conquistadores\"><img fetchpriority=\"high\" decoding=\"async\" aria-describedby=\"caption-attachment-26461\" class=\" wp-image-26461\" src=\"\/interamerica\/wp-content\/uploads\/2017\/06\/Camporee-security-volunteers.jpg\" alt=\"\" width=\"762\" height=\"492\" \/><\/a><p id=\"caption-attachment-26461\" class=\"wp-caption-text\">Louise Nocandy, directora asociada de ministerios j\u00f3venes de la Iglesia Adventista en Interam\u00e9rica y principal organizadora del pr\u00f3ximo campor\u00ed para todo el territorio, se re\u00fane con personal de seguridad del Parque Mirador del Este, en Santo Domingo, Rep\u00fablica Dominicana, el 11 de diciembre de 2016. Imagen de Libna Stevens\/DIA<\/p><\/div>\n<p>20 de enero de 2017 | Miami, Florida, Estados Unidos | Libna Stevens\/DIA<\/p>\n<p>En menos de tres meses, miles de j\u00f3venes viajar\u00e1n a la Rep\u00fablica Dominicana para acampar, conocer nuevos amigos, adquirir nuevas habilidades y sentirse inspirados, durante el IV Campor\u00ed Internacional de Conquistadores para todo el territorio. M\u00e1s de 13 mil j\u00f3venes de la Iglesia Adventista de las 24 regiones principales de la iglesia en el territorio desenrollar\u00e1n sus bolsas de dormir en el Parque Mirador del Este, en Santo Domingo, del 11 al 16 de abril de 2017.<\/p>\n<p>El campor\u00ed, que se llevar\u00e1 a cabo bajo el lema \u201cLinaje de campeones\u201d, har\u00e1 \u00e9nfasis en la vida de Rut, del libro hom\u00f3nimo de la Biblia, para ayudar a que los j\u00f3venes reafirmen su identidad, fortalezcan sus capacidades de liderazgo y se comprometan a compartir el evangelio en sus comunidades.<\/p>\n<p>Louise Nocandy, directora asociada de ministerios j\u00f3venes y principal organizadora del campor\u00ed, dice que hasta el momento se han registrado 13.003 j\u00f3venes, y que un gran equipo de organizadores y voluntarios est\u00e1n listos para hacer que el evento sea memorable.<\/p>\n<p>\u201cQueremos que los Conquistadores y los Gu\u00edas Maestro comprendan su prop\u00f3sito, experimenten una transformaci\u00f3n en Cristo y regresen a sus hogares con la visi\u00f3n de inspirar a otros de su club para ser transformados y estar listos para su segunda venida\u201d, dice Nocandy.<\/p>\n<p>El campor\u00ed no es un evento para que los Conquistadores sean simplemente Conquistadores, dice Nocandy. \u201cImplica ser l\u00edderes para Cristo, y participar en la misi\u00f3n de compartir las buenas nuevas de salvaci\u00f3n\u201d, agreg\u00f3.<\/p>\n<div id=\"attachment_26464\" style=\"width: 481px\" class=\"wp-caption alignright\"><a href=\"\/interamerica\/wp-content\/uploads\/2017\/06\/TUCY-Pena.jpg\" rel=\"fancybox\" title=\"Interam\u00e9rica se prepara para el IV Campor\u00ed Internacional de Conquistadores\"><img decoding=\"async\" aria-describedby=\"caption-attachment-26464\" class=\" wp-image-26464\" src=\"\/interamerica\/wp-content\/uploads\/2017\/06\/TUCY-Pena.jpg\" alt=\"\" width=\"471\" height=\"347\" \/><\/a><p id=\"caption-attachment-26464\" class=\"wp-caption-text\">Tucy Pe\u00f1a, director de seguridad durante el campor\u00ed dice que hay m\u00e1s de trescientos responsables de la seguridad de los acampantes para el evento del pr\u00f3ximo 11 al 16 de abril de 2017. Imagen de Libna Stevens<\/p><\/div>\n<p>El campor\u00ed contar\u00e1 con m\u00fasica, representaciones sobre la vida y los viajes de Rut, un concurso b\u00edblico, deportes y actividades recreativas, clases por niveles, servicio comunitario, puestos de exposici\u00f3n con nuevos recursos, y muchas otras actividades.<\/p>\n<p>El Parque Mirador del Este es un parque p\u00fablico cercado en la capital del pa\u00eds, de aproximadamente cuatro kil\u00f3metros cuadrados. Durante esas fechas, estar\u00e1 reservado solamente para los participantes y el personal del campor\u00ed.<\/p>\n<p><span style=\"font-size: 14pt;\"><strong>Security<\/strong><\/span><br \/>\nUn equipo de trescientos responsables de la seguridad trabajar\u00e1 en turnos cada 24 horas para guardar el lugar, y estar\u00e1n atentos ante cualquier emergencia o situaci\u00f3n que se produzca.<\/p>\n<p>Tucy Pe\u00f1a, un adventista que es due\u00f1o de una compa\u00f1\u00eda de seguridad, ha estado capacitando durante meses a los voluntarios de las iglesias de la zona. \u201cLes hemos dado capacitaci\u00f3n semanal y tra\u00eddo personal militar a los cursos para garantizar de que el equipo de seguridad mantenga la seguridad de las personas antes y durante los cinco d\u00edas del evento\u201d, dijo Pe\u00f1a.<\/p>\n<p>Pe\u00f1a dice que se han llevado a cabo decenas de reuniones en los vecindarios inform\u00e1ndoles de las actividades espirituales y recreativas durante la semana de Pascuas. \u201cNunca antes se ha producido alg\u00fan problema de seguridad o violencia en el parque, de manera que confiamos en que todo seguir\u00e1 as\u00ed\u201d, dice Pe\u00f1a.<\/p>\n<p>En el parque tambi\u00e9n estar\u00e1 a disposici\u00f3n durante el evento un equipo de emergencias, as\u00ed como m\u00e9dicos de un hospital cercano.<\/p>\n<p>Entre los oradores invitados se encuentran Johnathan Tejel, director de Conquistadores de la Iglesia Adventista mundial, y Yamileth Baz\u00e1n, oradora de j\u00f3venes y vicerrectora de asuntos estudiantiles de la Universidad La Sierra, en California, Estados Unidos.<\/p>\n<p><span style=\"font-size: 14pt;\"><strong>Registration<\/strong><\/span><br \/>\nLa fecha l\u00edmite para registrarse es el 15 de febrero. Los que a\u00fan est\u00e1n interesados en asistir tienen que contactarse con el director de su club para conseguir un n\u00famero de registro y hacerlo en l\u00ednea. El costo es de 55 d\u00f3lares para los miembros de los clubes. Para los que quieren viajar en forma independiente, el costo es de 70 d\u00f3lares. Para los que vengan de pa\u00edses fuera del territorio de la Divisi\u00f3n Interamericana, el costo es de 100 d\u00f3lares.<\/p>\n<p>Si desea m\u00e1s informaci\u00f3n sobre el IV Campor\u00ed Interamericano de Conquistadores, visite <a href=\"http:\/\/camporee.adventistas.org.do\/\">camporee.interamerica.org<\/a><\/p>\n<p>&nbsp;<\/p>\n<p>Traducci\u00f3n de Marcos Paseggi<\/p>\n","protected":false},"excerpt":{"rendered":"<p>En menos de tres meses, miles de j\u00f3venes viajar\u00e1n a la Rep\u00fablica Dominicana para acampar, conocer nuevos amigos, adquirir nuevas habilidades y sentirse inspirados, durante el IV Campor\u00ed Internacional de Conquistadores para todo el territorio. M\u00e1s de 13 mil j\u00f3venes de la Iglesia Adventista de las 24 regiones principales de la iglesia en el territorio desenrollar\u00e1n sus bolsas de dormir en el Parque Mirador del Este, en Santo Domingo, del 11 al 16 de abril de 2017.<\/p>\n","protected":false},"author":1,"featured_media":29174,"comment_status":"closed","ping_status":"closed","sticky":false,"template":"","format":"standard","meta":{"_acf_changed":false,"footnotes":""},"categories":[16,15],"tags":[],"class_list":["post-31321","post","type-post","status-publish","format-standard","has-post-thumbnail","hentry","category-desde-la-sede","category-rss-espanol"],"acf":[],"yoast_head":"<!-- This site is optimized with the Yoast SEO plugin v27.3 - https:\/\/yoast.com\/product\/yoast-seo-wordpress\/ -->\n<title>Interam\u00e9rica se prepara para el IV Campor\u00ed Internacional de Conquistadores - Iglesia Adventista del S\u00e9ptimo D\u00eda - Divisi\u00f3n Interamericana<\/title>\n<meta name=\"robots\" content=\"index, follow, max-snippet:-1, max-image-preview:large, max-video-preview:-1\" \/>\n<link rel=\"canonical\" href=\"https:\/\/interamerica.org\/es\/2017\/01\/interamerica-se-prepara-para-el-iv-campori-internacional-de-conquistadores\/\" \/>\n<meta property=\"og:locale\" content=\"es_ES\" \/>\n<meta property=\"og:type\" content=\"article\" \/>\n<meta property=\"og:title\" content=\"Interam\u00e9rica se prepara para el IV Campor\u00ed Internacional de Conquistadores - Iglesia Adventista del S\u00e9ptimo D\u00eda - Divisi\u00f3n Interamericana\" \/>\n<meta property=\"og:description\" content=\"En menos de tres meses, miles de j\u00f3venes viajar\u00e1n a la Rep\u00fablica Dominicana para acampar, conocer nuevos amigos, adquirir nuevas habilidades y sentirse inspirados, durante el IV Campor\u00ed Internacional de Conquistadores para todo el territorio. M\u00e1s de 13 mil j\u00f3venes de la Iglesia Adventista de las 24 regiones principales de la iglesia en el territorio desenrollar\u00e1n sus bolsas de dormir en el Parque Mirador del Este, en Santo Domingo, del 11 al 16 de abril de 2017.\" \/>\n<meta property=\"og:url\" content=\"https:\/\/interamerica.org\/es\/2017\/01\/interamerica-se-prepara-para-el-iv-campori-internacional-de-conquistadores\/\" \/>\n<meta property=\"og:site_name\" content=\"Iglesia Adventista del S\u00e9ptimo D\u00eda - Divisi\u00f3n Interamericana\" \/>\n<meta property=\"article:published_time\" content=\"2017-01-20T04:00:00+00:00\" \/>\n<meta property=\"article:modified_time\" content=\"2017-12-06T06:34:30+00:00\" \/>\n<meta property=\"og:image\" content=\"https:\/\/interamerica.org\/wp-content\/uploads\/2017\/06\/Camporee-security-volunteers.jpg\" \/>\n\t<meta property=\"og:image:width\" content=\"1000\" \/>\n\t<meta property=\"og:image:height\" content=\"645\" \/>\n\t<meta property=\"og:image:type\" content=\"image\/jpeg\" \/>\n<meta name=\"author\" content=\"Lorenzo Verduzco\" \/>\n<meta name=\"twitter:card\" content=\"summary_large_image\" \/>\n<meta name=\"twitter:label1\" content=\"Escrito por\" \/>\n\t<meta name=\"twitter:data1\" content=\"Lorenzo Verduzco\" \/>\n\t<meta name=\"twitter:label2\" content=\"Tiempo de lectura\" \/>\n\t<meta name=\"twitter:data2\" content=\"4 minutos\" \/>\n<script type=\"application\/ld+json\" class=\"yoast-schema-graph\">{\"@context\":\"https:\\\/\\\/schema.org\",\"@graph\":[{\"@type\":\"Article\",\"@id\":\"https:\\\/\\\/interamerica.org\\\/es\\\/2017\\\/01\\\/interamerica-se-prepara-para-el-iv-campori-internacional-de-conquistadores\\\/#article\",\"isPartOf\":{\"@id\":\"https:\\\/\\\/interamerica.org\\\/es\\\/2017\\\/01\\\/interamerica-se-prepara-para-el-iv-campori-internacional-de-conquistadores\\\/\"},\"author\":{\"name\":\"Lorenzo Verduzco\",\"@id\":\"https:\\\/\\\/interamerica.org\\\/es\\\/#\\\/schema\\\/person\\\/68ede8bdc292885bb76c1e3810e73c39\"},\"headline\":\"Interam\u00e9rica se prepara para el IV Campor\u00ed Internacional de Conquistadores\",\"datePublished\":\"2017-01-20T04:00:00+00:00\",\"dateModified\":\"2017-12-06T06:34:30+00:00\",\"mainEntityOfPage\":{\"@id\":\"https:\\\/\\\/interamerica.org\\\/es\\\/2017\\\/01\\\/interamerica-se-prepara-para-el-iv-campori-internacional-de-conquistadores\\\/\"},\"wordCount\":784,\"image\":{\"@id\":\"https:\\\/\\\/interamerica.org\\\/es\\\/2017\\\/01\\\/interamerica-se-prepara-para-el-iv-campori-internacional-de-conquistadores\\\/#primaryimage\"},\"thumbnailUrl\":\"https:\\\/\\\/interamerica.org\\\/wp-content\\\/uploads\\\/2017\\\/06\\\/Camporee-security-volunteers.jpg\",\"articleSection\":[\"Desde la sede\",\"RSS Espa\u00f1ol\"],\"inLanguage\":\"es\"},{\"@type\":\"WebPage\",\"@id\":\"https:\\\/\\\/interamerica.org\\\/es\\\/2017\\\/01\\\/interamerica-se-prepara-para-el-iv-campori-internacional-de-conquistadores\\\/\",\"url\":\"https:\\\/\\\/interamerica.org\\\/es\\\/2017\\\/01\\\/interamerica-se-prepara-para-el-iv-campori-internacional-de-conquistadores\\\/\",\"name\":\"Interam\u00e9rica se prepara para el IV Campor\u00ed Internacional de Conquistadores - Iglesia Adventista del S\u00e9ptimo D\u00eda - Divisi\u00f3n Interamericana\",\"isPartOf\":{\"@id\":\"https:\\\/\\\/interamerica.org\\\/es\\\/#website\"},\"primaryImageOfPage\":{\"@id\":\"https:\\\/\\\/interamerica.org\\\/es\\\/2017\\\/01\\\/interamerica-se-prepara-para-el-iv-campori-internacional-de-conquistadores\\\/#primaryimage\"},\"image\":{\"@id\":\"https:\\\/\\\/interamerica.org\\\/es\\\/2017\\\/01\\\/interamerica-se-prepara-para-el-iv-campori-internacional-de-conquistadores\\\/#primaryimage\"},\"thumbnailUrl\":\"https:\\\/\\\/interamerica.org\\\/wp-content\\\/uploads\\\/2017\\\/06\\\/Camporee-security-volunteers.jpg\",\"datePublished\":\"2017-01-20T04:00:00+00:00\",\"dateModified\":\"2017-12-06T06:34:30+00:00\",\"author\":{\"@id\":\"https:\\\/\\\/interamerica.org\\\/es\\\/#\\\/schema\\\/person\\\/68ede8bdc292885bb76c1e3810e73c39\"},\"breadcrumb\":{\"@id\":\"https:\\\/\\\/interamerica.org\\\/es\\\/2017\\\/01\\\/interamerica-se-prepara-para-el-iv-campori-internacional-de-conquistadores\\\/#breadcrumb\"},\"inLanguage\":\"es\",\"potentialAction\":[{\"@type\":\"ReadAction\",\"target\":[\"https:\\\/\\\/interamerica.org\\\/es\\\/2017\\\/01\\\/interamerica-se-prepara-para-el-iv-campori-internacional-de-conquistadores\\\/\"]}]},{\"@type\":\"ImageObject\",\"inLanguage\":\"es\",\"@id\":\"https:\\\/\\\/interamerica.org\\\/es\\\/2017\\\/01\\\/interamerica-se-prepara-para-el-iv-campori-internacional-de-conquistadores\\\/#primaryimage\",\"url\":\"https:\\\/\\\/interamerica.org\\\/wp-content\\\/uploads\\\/2017\\\/06\\\/Camporee-security-volunteers.jpg\",\"contentUrl\":\"https:\\\/\\\/interamerica.org\\\/wp-content\\\/uploads\\\/2017\\\/06\\\/Camporee-security-volunteers.jpg\",\"width\":1000,\"height\":645},{\"@type\":\"BreadcrumbList\",\"@id\":\"https:\\\/\\\/interamerica.org\\\/es\\\/2017\\\/01\\\/interamerica-se-prepara-para-el-iv-campori-internacional-de-conquistadores\\\/#breadcrumb\",\"itemListElement\":[{\"@type\":\"ListItem\",\"position\":1,\"name\":\"Home\",\"item\":\"https:\\\/\\\/interamerica.org\\\/es\\\/\"},{\"@type\":\"ListItem\",\"position\":2,\"name\":\"Interam\u00e9rica se prepara para el IV Campor\u00ed Internacional de Conquistadores\"}]},{\"@type\":\"WebSite\",\"@id\":\"https:\\\/\\\/interamerica.org\\\/es\\\/#website\",\"url\":\"https:\\\/\\\/interamerica.org\\\/es\\\/\",\"name\":\"Iglesia Adventista del S\u00e9ptimo D\u00eda - Divisi\u00f3n Interamericana\",\"description\":\"\",\"potentialAction\":[{\"@type\":\"SearchAction\",\"target\":{\"@type\":\"EntryPoint\",\"urlTemplate\":\"https:\\\/\\\/interamerica.org\\\/es\\\/?s={search_term_string}\"},\"query-input\":{\"@type\":\"PropertyValueSpecification\",\"valueRequired\":true,\"valueName\":\"search_term_string\"}}],\"inLanguage\":\"es\"},{\"@type\":\"Person\",\"@id\":\"https:\\\/\\\/interamerica.org\\\/es\\\/#\\\/schema\\\/person\\\/68ede8bdc292885bb76c1e3810e73c39\",\"name\":\"Lorenzo Verduzco\",\"image\":{\"@type\":\"ImageObject\",\"inLanguage\":\"es\",\"@id\":\"https:\\\/\\\/secure.gravatar.com\\\/avatar\\\/fb81a55b6218459490a9c1dc841a34909185b81904c5337b4b27f7a6fd60c49e?s=96&d=mm&r=g\",\"url\":\"https:\\\/\\\/secure.gravatar.com\\\/avatar\\\/fb81a55b6218459490a9c1dc841a34909185b81904c5337b4b27f7a6fd60c49e?s=96&d=mm&r=g\",\"contentUrl\":\"https:\\\/\\\/secure.gravatar.com\\\/avatar\\\/fb81a55b6218459490a9c1dc841a34909185b81904c5337b4b27f7a6fd60c49e?s=96&d=mm&r=g\",\"caption\":\"Lorenzo Verduzco\"}}]}<\/script>\n<!-- \/ Yoast SEO plugin. -->","yoast_head_json":{"title":"Interam\u00e9rica se prepara para el IV Campor\u00ed Internacional de Conquistadores - Iglesia Adventista del S\u00e9ptimo D\u00eda - Divisi\u00f3n Interamericana","robots":{"index":"index","follow":"follow","max-snippet":"max-snippet:-1","max-image-preview":"max-image-preview:large","max-video-preview":"max-video-preview:-1"},"canonical":"https:\/\/interamerica.org\/es\/2017\/01\/interamerica-se-prepara-para-el-iv-campori-internacional-de-conquistadores\/","og_locale":"es_ES","og_type":"article","og_title":"Interam\u00e9rica se prepara para el IV Campor\u00ed Internacional de Conquistadores - Iglesia Adventista del S\u00e9ptimo D\u00eda - Divisi\u00f3n Interamericana","og_description":"En menos de tres meses, miles de j\u00f3venes viajar\u00e1n a la Rep\u00fablica Dominicana para acampar, conocer nuevos amigos, adquirir nuevas habilidades y sentirse inspirados, durante el IV Campor\u00ed Internacional de Conquistadores para todo el territorio. M\u00e1s de 13 mil j\u00f3venes de la Iglesia Adventista de las 24 regiones principales de la iglesia en el territorio desenrollar\u00e1n sus bolsas de dormir en el Parque Mirador del Este, en Santo Domingo, del 11 al 16 de abril de 2017.","og_url":"https:\/\/interamerica.org\/es\/2017\/01\/interamerica-se-prepara-para-el-iv-campori-internacional-de-conquistadores\/","og_site_name":"Iglesia Adventista del S\u00e9ptimo D\u00eda - Divisi\u00f3n Interamericana","article_published_time":"2017-01-20T04:00:00+00:00","article_modified_time":"2017-12-06T06:34:30+00:00","og_image":[{"width":1000,"height":645,"url":"https:\/\/interamerica.org\/wp-content\/uploads\/2017\/06\/Camporee-security-volunteers.jpg","type":"image\/jpeg"}],"author":"Lorenzo Verduzco","twitter_card":"summary_large_image","twitter_misc":{"Escrito por":"Lorenzo Verduzco","Tiempo de lectura":"4 minutos"},"schema":{"@context":"https:\/\/schema.org","@graph":[{"@type":"Article","@id":"https:\/\/interamerica.org\/es\/2017\/01\/interamerica-se-prepara-para-el-iv-campori-internacional-de-conquistadores\/#article","isPartOf":{"@id":"https:\/\/interamerica.org\/es\/2017\/01\/interamerica-se-prepara-para-el-iv-campori-internacional-de-conquistadores\/"},"author":{"name":"Lorenzo Verduzco","@id":"https:\/\/interamerica.org\/es\/#\/schema\/person\/68ede8bdc292885bb76c1e3810e73c39"},"headline":"Interam\u00e9rica se prepara para el IV Campor\u00ed Internacional de Conquistadores","datePublished":"2017-01-20T04:00:00+00:00","dateModified":"2017-12-06T06:34:30+00:00","mainEntityOfPage":{"@id":"https:\/\/interamerica.org\/es\/2017\/01\/interamerica-se-prepara-para-el-iv-campori-internacional-de-conquistadores\/"},"wordCount":784,"image":{"@id":"https:\/\/interamerica.org\/es\/2017\/01\/interamerica-se-prepara-para-el-iv-campori-internacional-de-conquistadores\/#primaryimage"},"thumbnailUrl":"https:\/\/interamerica.org\/wp-content\/uploads\/2017\/06\/Camporee-security-volunteers.jpg","articleSection":["Desde la sede","RSS Espa\u00f1ol"],"inLanguage":"es"},{"@type":"WebPage","@id":"https:\/\/interamerica.org\/es\/2017\/01\/interamerica-se-prepara-para-el-iv-campori-internacional-de-conquistadores\/","url":"https:\/\/interamerica.org\/es\/2017\/01\/interamerica-se-prepara-para-el-iv-campori-internacional-de-conquistadores\/","name":"Interam\u00e9rica se prepara para el IV Campor\u00ed Internacional de Conquistadores - Iglesia Adventista del S\u00e9ptimo D\u00eda - Divisi\u00f3n Interamericana","isPartOf":{"@id":"https:\/\/interamerica.org\/es\/#website"},"primaryImageOfPage":{"@id":"https:\/\/interamerica.org\/es\/2017\/01\/interamerica-se-prepara-para-el-iv-campori-internacional-de-conquistadores\/#primaryimage"},"image":{"@id":"https:\/\/interamerica.org\/es\/2017\/01\/interamerica-se-prepara-para-el-iv-campori-internacional-de-conquistadores\/#primaryimage"},"thumbnailUrl":"https:\/\/interamerica.org\/wp-content\/uploads\/2017\/06\/Camporee-security-volunteers.jpg","datePublished":"2017-01-20T04:00:00+00:00","dateModified":"2017-12-06T06:34:30+00:00","author":{"@id":"https:\/\/interamerica.org\/es\/#\/schema\/person\/68ede8bdc292885bb76c1e3810e73c39"},"breadcrumb":{"@id":"https:\/\/interamerica.org\/es\/2017\/01\/interamerica-se-prepara-para-el-iv-campori-internacional-de-conquistadores\/#breadcrumb"},"inLanguage":"es","potentialAction":[{"@type":"ReadAction","target":["https:\/\/interamerica.org\/es\/2017\/01\/interamerica-se-prepara-para-el-iv-campori-internacional-de-conquistadores\/"]}]},{"@type":"ImageObject","inLanguage":"es","@id":"https:\/\/interamerica.org\/es\/2017\/01\/interamerica-se-prepara-para-el-iv-campori-internacional-de-conquistadores\/#primaryimage","url":"https:\/\/interamerica.org\/wp-content\/uploads\/2017\/06\/Camporee-security-volunteers.jpg","contentUrl":"https:\/\/interamerica.org\/wp-content\/uploads\/2017\/06\/Camporee-security-volunteers.jpg","width":1000,"height":645},{"@type":"BreadcrumbList","@id":"https:\/\/interamerica.org\/es\/2017\/01\/interamerica-se-prepara-para-el-iv-campori-internacional-de-conquistadores\/#breadcrumb","itemListElement":[{"@type":"ListItem","position":1,"name":"Home","item":"https:\/\/interamerica.org\/es\/"},{"@type":"ListItem","position":2,"name":"Interam\u00e9rica se prepara para el IV Campor\u00ed Internacional de Conquistadores"}]},{"@type":"WebSite","@id":"https:\/\/interamerica.org\/es\/#website","url":"https:\/\/interamerica.org\/es\/","name":"Iglesia Adventista del S\u00e9ptimo D\u00eda - Divisi\u00f3n Interamericana","description":"","potentialAction":[{"@type":"SearchAction","target":{"@type":"EntryPoint","urlTemplate":"https:\/\/interamerica.org\/es\/?s={search_term_string}"},"query-input":{"@type":"PropertyValueSpecification","valueRequired":true,"valueName":"search_term_string"}}],"inLanguage":"es"},{"@type":"Person","@id":"https:\/\/interamerica.org\/es\/#\/schema\/person\/68ede8bdc292885bb76c1e3810e73c39","name":"Lorenzo Verduzco","image":{"@type":"ImageObject","inLanguage":"es","@id":"https:\/\/secure.gravatar.com\/avatar\/fb81a55b6218459490a9c1dc841a34909185b81904c5337b4b27f7a6fd60c49e?s=96&d=mm&r=g","url":"https:\/\/secure.gravatar.com\/avatar\/fb81a55b6218459490a9c1dc841a34909185b81904c5337b4b27f7a6fd60c49e?s=96&d=mm&r=g","contentUrl":"https:\/\/secure.gravatar.com\/avatar\/fb81a55b6218459490a9c1dc841a34909185b81904c5337b4b27f7a6fd60c49e?s=96&d=mm&r=g","caption":"Lorenzo Verduzco"}}]}},"_links":{"self":[{"href":"https:\/\/interamerica.org\/es\/wp-json\/wp\/v2\/posts\/31321","targetHints":{"allow":["GET"]}}],"collection":[{"href":"https:\/\/interamerica.org\/es\/wp-json\/wp\/v2\/posts"}],"about":[{"href":"https:\/\/interamerica.org\/es\/wp-json\/wp\/v2\/types\/post"}],"author":[{"embeddable":true,"href":"https:\/\/interamerica.org\/es\/wp-json\/wp\/v2\/users\/1"}],"replies":[{"embeddable":true,"href":"https:\/\/interamerica.org\/es\/wp-json\/wp\/v2\/comments?post=31321"}],"version-history":[{"count":0,"href":"https:\/\/interamerica.org\/es\/wp-json\/wp\/v2\/posts\/31321\/revisions"}],"wp:featuredmedia":[{"embeddable":true,"href":"https:\/\/interamerica.org\/es\/wp-json\/wp\/v2\/media\/29174"}],"wp:attachment":[{"href":"https:\/\/interamerica.org\/es\/wp-json\/wp\/v2\/media?parent=31321"}],"wp:term":[{"taxonomy":"category","embeddable":true,"href":"https:\/\/interamerica.org\/es\/wp-json\/wp\/v2\/categories?post=31321"},{"taxonomy":"post_tag","embeddable":true,"href":"https:\/\/interamerica.org\/es\/wp-json\/wp\/v2\/tags?post=31321"}],"curies":[{"name":"wp","href":"https:\/\/api.w.org\/{rel}","templated":true}]}}