{"id":31323,"date":"2017-01-26T00:00:00","date_gmt":"2017-01-26T04:00:00","guid":{"rendered":"http:\/\/192.81.217.108\/interamerica\/2017\/01\/voluntarios-construyen-iglesia-adventista-en-republica-dominicana\/"},"modified":"2017-12-06T02:13:24","modified_gmt":"2017-12-06T06:13:24","slug":"voluntarios-construyen-iglesia-adventista-en-republica-dominicana","status":"publish","type":"post","link":"https:\/\/interamerica.org\/es\/2017\/01\/voluntarios-construyen-iglesia-adventista-en-republica-dominicana\/","title":{"rendered":"Voluntarios construyen iglesia adventista en Rep\u00fablica Dominicana"},"content":{"rendered":"<div id=\"attachment_26540\" style=\"width: 792px\" class=\"wp-caption aligncenter\"><a href=\"\/interamerica\/wp-content\/uploads\/2017\/06\/MVI-DR-new-church.png\" rel=\"fancybox\" title=\"Voluntarios construyen iglesia adventista en Rep\u00fablica Dominicana\"><img fetchpriority=\"high\" decoding=\"async\" aria-describedby=\"caption-attachment-26540\" class=\" wp-image-26540\" src=\"\/interamerica\/wp-content\/uploads\/2017\/06\/MVI-DR-new-church-1024x762.png\" alt=\"\" width=\"782\" height=\"582\" \/><\/a><p id=\"caption-attachment-26540\" class=\"wp-caption-text\">La nueva iglesia Portadores de Luz, en la Rep\u00fablica Dominicana, aguarda una mano de pintura y el logotipo de la Iglesia Adventista del S\u00e9ptimo D\u00eda. El nuevo templo tendr\u00e1 capacidad para m\u00e1s de cien personas. Imagen de Maranatha Volunteers International<\/p><\/div>\n<p>25 de enero de 2017 | Santo Domingo, Rep\u00fablica Dominicana | Julie Lee, Maranatha Volunteers International,<\/p>\n<div id=\"attachment_26546\" style=\"width: 471px\" class=\"wp-caption alignright\"><a href=\"\/interamerica\/wp-content\/uploads\/2017\/06\/MVI-DR-old-church-copy.png\" rel=\"fancybox\" title=\"Voluntarios construyen iglesia adventista en Rep\u00fablica Dominicana\"><img decoding=\"async\" aria-describedby=\"caption-attachment-26546\" class=\"wp-image-26546 \" src=\"\/interamerica\/wp-content\/uploads\/2017\/06\/MVI-DR-old-church-copy.png\" width=\"461\" height=\"346\" \/><\/a><p id=\"caption-attachment-26546\" class=\"wp-caption-text\">Antes: Lo que era de la Iglesia Adventista Portadores de Luz. Fotograf\u00eda de Maranatha Volunteers International<\/p><\/div>\n<p><span class=\"cap\"> Los adventistas del s\u00e9ptimo d\u00eda de una comunidad cuarenta minutos al norte de Santo Domingo, la capital de Rep\u00fablica Dominicana, ahora tienen un templo con capacidad para cien peronas que atrae a las visitas y no provoca el desprecio de los vecinos.<\/span><\/p>\n<p>La iglesia adventista Portadores de Luz, en Villa Mella, ten\u00eda una capilla armada con retazos de metal, hasta que un escuadr\u00f3n de participantes de Maranatha Volunteers International llegaron hasta el lugar y, en diez d\u00edas, construyeron una nueva iglesia con una estructura de acero galvanizado y paredes de bloques.<\/p>\n<p>El proyecto de construcci\u00f3n fue parte del Proyecto Familiar Navidad de Maranatha, un viaje misionero anual dise\u00f1ado para ofrecer a las familias unas vacaciones dedicadas al servicio. Este a\u00f1o, el programa atrajo a 72 voluntarios a la Rep\u00fablica Dominicana. Los participantes llegaron desde los Estados Unidos, Canad\u00e1, Brasil y Bermuda, y ten\u00edan de entre 5 a 75 a\u00f1os.<\/p>\n<p>El proyecto ha sido elevador para la congregaci\u00f3n Portadores de Luz; la antigua estructura produc\u00eda el rid\u00edculo y el desprecio de la comunidad, lo que hac\u00eda dif\u00edcil atraer a las visitas a los cultos. Todo esto ahora ha cambiado.<\/p>\n<p>\u201cAhora podemos invitar aun a los acaudalados porque tienen un lugar c\u00f3modo donde sentarse, un edificio decente para adorar a Dios\u201d, dice Zacar\u00edas Franco, primer anciano de Portadores de Luz. Aunque el edificio a\u00fan necesita ser pintado, la congregaci\u00f3n ha estado reuni\u00e9ndose en el espacioso santuario desde que termin\u00f3 el proyecto un mes atr\u00e1s. \u201cAhora estamos a\u00fan m\u00e1s motivados, porque podemos mostrar a la comunidad que nuestro Dios es real, y que est\u00e1 dispuesto no solo a salvar sino a satisfacer nuestras necesidades\u201d.<\/p>\n<p>Los voluntarios tambi\u00e9n dieron una nueva mano de pintura a la iglesia adventista La Colina, un edificio que construy\u00f3 Maranatha en 2002; organiz\u00f3 un programa de ministerios del ni\u00f1o con los miembros de Portadores de Luz; y organiz\u00f3 una cl\u00ednica m\u00e9dica, que vio a cientos de pacientes.<\/p>\n<div id=\"attachment_26543\" style=\"width: 471px\" class=\"wp-caption alignleft\"><a href=\"\/interamerica\/wp-content\/uploads\/2017\/06\/MVI-DR-volunteers-church.png\" rel=\"fancybox\" title=\"Voluntarios construyen iglesia adventista en Rep\u00fablica Dominicana\"><img decoding=\"async\" aria-describedby=\"caption-attachment-26543\" class=\"wp-image-26543 \" src=\"\/interamerica\/wp-content\/uploads\/2017\/06\/MVI-DR-volunteers-church-1024x682.png\" width=\"461\" height=\"307\" \/><\/a><p id=\"caption-attachment-26543\" class=\"wp-caption-text\">Luisa Araujo, de Brasil, pinta un hogar en el vecindario en los alrededores de la iglesia adventista Portadores de Luz. Luisa fue una de las m\u00e1s de dos decenas de ni\u00f1os y adolescentes que participaron en el proyecto. Imagen de Maranatha Volunteers International<\/p><\/div>\n<p>El equipo de voluntarios incluy\u00f3 muchos participantes j\u00f3venes. Los menores de 13 a\u00f1os fueron invitados a un campamento diurno, organizado por los voluntarios de Maranatha. El programa invit\u00f3 a los ni\u00f1os para que trabajaran unas pocas horas por las ma\u00f1anas en diversos sitios, y que entonces pasaran a actividades misioneras o culturales por las tardes. Los ni\u00f1os tuvieron la oportunidad de colocar bloques, pintar una iglesia y casas de los vecinos, armar y distribuir paquetes de comida, y aprender c\u00f3mo cocinar platos dominicanos.<\/p>\n<p>La ma\u00f1ana de Navidad, los voluntarios dieron la bienvenida a un grupo de hu\u00e9rfanos de un hogar para ni\u00f1os de Santo Domingo, para una celebraci\u00f3n especial. Los adultos organizaron juegos, y los ni\u00f1os representaron la historia completa del nacimiento de Jes\u00fas en espa\u00f1ol, incluyendo las ropas y los c\u00e1nticos. El d\u00eda termin\u00f3 con una cena especial junto con regalos y art\u00edculos escolares para cada uno de los hu\u00e9rfanos.<\/p>\n<p>Para la familia Ratteray, de Bermuda, la interacci\u00f3n con los hu\u00e9rfanos les result\u00f3 sumamente significativa. Loida y su esposa decidieron ir a un viaje misionero para ofrecer una experiencia alternativa de Navidad para sus dos hijas, de 8 y 12 a\u00f1os.<\/p>\n<p>\u201cNot\u00e9 que las fiestas se estaban volviendo muy materialistas y costosas. Me di cuenta de que est\u00e1bamos perdiendo el significado real de la Navidad. Cuando descubr\u00ed que hab\u00eda un proyecto misionero familiar durante la Navidad, me sent\u00ed impresionado por el Esp\u00edritu Santo de que esto era lo que Dios quer\u00eda que hici\u00e9ramos este a\u00f1o\u201d, dice Ratteray.<\/p>\n<p>Pero renunciar a la Navidad no fue f\u00e1cil. Los Ratteray estaban acostumbrados a grandes encuentros con sus parientes y a muchos regalos, juegos, fiestas y alimentos.<\/p>\n<div id=\"attachment_26549\" style=\"width: 471px\" class=\"wp-caption alignright\"><a href=\"\/interamerica\/wp-content\/uploads\/2017\/06\/MVI-DR-familyvolunteers.png\" rel=\"fancybox\" title=\"Voluntarios construyen iglesia adventista en Rep\u00fablica Dominicana\"><img loading=\"lazy\" decoding=\"async\" aria-describedby=\"caption-attachment-26549\" class=\" wp-image-26549\" src=\"\/interamerica\/wp-content\/uploads\/2017\/06\/MVI-DR-familyvolunteers.png\" alt=\"\" width=\"461\" height=\"344\" \/><\/a><p id=\"caption-attachment-26549\" class=\"wp-caption-text\">La familia Serna, de California, se prepara para un d\u00eda dedicado a colocar bloques en el lugar de la construcci\u00f3n de la iglesia. La familia form\u00f3 parte del equipo de 72 personas del Proyecto Familiar de Navidad en la Rep\u00fablica Dominicana en diciembre pasado. Los Serna hab\u00edan planeado en un comienzo ir a un crucero, hasta que se enteraron de la oportunidad misionera con Maranatha. Imagen de Maranatha Volunteers International<\/p><\/div>\n<p>\u201cCuando anunciamos a la familia que no participar\u00edamos de las festividades, quedaron at\u00f3nitos\u201d, dice Ratteray.<\/p>\n<p>Tambi\u00e9n les dijo a sus hijas que este a\u00f1o no habr\u00eda regalos. En lugar de eso, las ni\u00f1as llevar\u00edan regalos para los hu\u00e9rfanos. Fue un cambio dram\u00e1tico en la tradici\u00f3n, y a las ni\u00f1as les cost\u00f3 mucho. Pero todo eso cambi\u00f3 en el viaje misionero.<\/p>\n<p>\u201cDespu\u00e9s de interactuar con los ni\u00f1os locales y de ver c\u00f3mo viven algunos de ellos, las ni\u00f1as se volvieron m\u00e1s altruistas y apreciaron m\u00e1s lo que tienen\u201d, dice Ratteray. \u201cEn especial Daniela, la menor. Regres\u00f3 con el deseo de romper su chanchito alcanc\u00eda para comprar cosas para los ni\u00f1os que visitamos en la Rep\u00fablica Dominicana. Hasta anim\u00f3 a su hermana para que le diera su dinero de cumplea\u00f1os. \u00a1Por cierto que la perspectiva de ellas ha cambiado!\u201d<\/p>\n<p>Para Bobby Pe\u00f1a, de California, experimentar unas vacaciones dedicadas al servicio fue tan solo un beneficio de participar del Proyecto Familiar de Navidad. \u00c9l, su esposa y dos hijos adolescentes decidieron ir al viaje misionero para pasar juntos un tiempo de calidad antes de que su hijo mayor fuera a la universidad.<\/p>\n<div id=\"attachment_26552\" style=\"width: 471px\" class=\"wp-caption alignleft\"><a href=\"\/interamerica\/wp-content\/uploads\/2017\/06\/MVI-DR-church-medicaloutreach.png\" rel=\"fancybox\" title=\"Voluntarios construyen iglesia adventista en Rep\u00fablica Dominicana\"><img loading=\"lazy\" decoding=\"async\" aria-describedby=\"caption-attachment-26552\" class=\" wp-image-26552\" src=\"\/interamerica\/wp-content\/uploads\/2017\/06\/MVI-DR-church-medicaloutreach.png\" alt=\"\" width=\"461\" height=\"307\" \/><\/a><p id=\"caption-attachment-26552\" class=\"wp-caption-text\">La doctora Lela Lewis, con la ayuda de los voluntarios Mark Kyslik y Siena Mirasol, examina un paciente en la cl\u00ednica improvisada establecida en una escuela local. Los voluntarios coordinaron la obra m\u00e9dica en los alrededores de la iglesia adventista Portadores de Luz, y vio a cientos de pacientes durante cuatro d\u00edas. Imagen de Maranatha Volunteers International<\/p><\/div>\n<p>\u201cSomos una familia muy ocupada, con horarios complicados, mucho trabajo, colaboraci\u00f3n de voluntarios, vida en la escuela y la iglesia\u2026 Todas cosas buenas, pero quer\u00edamos tener una oportunidad de desconectarnos un poco y enfocarnos en el servicio\u201d, dice Pe\u00f1a.<\/p>\n<p>En la Rep\u00fablica Dominicana, los Pe\u00f1a trabajaron como equipo, implementando el programa de Campamento Diurno para Ni\u00f1os, y conduciendo los cultos. Durante diez d\u00edas, la familia durmi\u00f3, comi\u00f3, trabaj\u00f3 y particip\u00f3 de los cultos, sin estar casi nunca separados. \u00bfEl resultado?<\/p>\n<p>\u201cMe he dado cuenta de que cuando se le pregunta a nuestra familia del viaje, la respuesta suele incluir la palabra \u2018impresionante\u2019\u201d, dice Pe\u00f1a. \u201cEl viaje nos ayud\u00f3 a reconectarnos como familia, entre nosotros y tambi\u00e9n con Dios. Tambi\u00e9n nos dio el beneficio adicional de hacernos de nuevos amigos. Salir de nuestra comodidad usual, escuchar las historias de los voluntarios y los locales tuvo un tremendo impacto sobre nosotros. Y me gustar\u00eda decir que vemos a las personas de manera diferente, de ver el valor que trae cada persona al servicio, c\u00f3mo podemos ayudarnos unos a otros, y la obra que el Se\u00f1or tiene para cada uno de nosotros\u201d.<\/p>\n<p>\u201cFue una experiencia realmente impresionante para nuestra familia, y lo mejor que hemos hecho en un buen tiempo\u201d.<\/p>\n<p><em>Desde 1969, Maranatha Volunteers International ha brindado oportunidades de servicio para los voluntarios por medio de la construcci\u00f3n de iglesias, escuelas y pozos de agua. Maranatha comenz\u00f3 el Proyecto Familiar de Navidad en 2003 como una actividad alternativa para las fiestas, y como una manera de que las familias experimenten juntas el servicio. Maranatha tambi\u00e9n ofrece proyectos familiares durante el verano. En 2017, habr\u00e1 Proyectos Familiares en Guyana y Kenia. Visite <strong>www.maranatha.org<\/strong> para ver la lista completa de oportunidades de voluntariado. <\/em><\/p>\n<p>Traducci\u00f3n de Marcos Paseggi<\/p>\n","protected":false},"excerpt":{"rendered":"<p>Los adventistas del s\u00e9ptimo d\u00eda de una comunidad cuarenta minutos al norte de Santo Domingo, la capital de Rep\u00fablica Dominicana, ahora tienen un templo con capacidad para cien personas que atrae a las visitas y no provoca el desprecio de los vecinos. <\/p>\n<p>La iglesia adventista Portadores de Luz, en Villa Mella, ten\u00eda una capilla armada con retazos de metal, hasta que un escuadr\u00f3n de participantes de Maranatha Volunteers International llegaron hasta el lugar y, en diez d\u00edas, construyeron una nueva iglesia con una estructura de acero galvanizado y paredes de bloques.<\/p>\n","protected":false},"author":1,"featured_media":29197,"comment_status":"closed","ping_status":"closed","sticky":false,"template":"","format":"standard","meta":{"_acf_changed":false,"footnotes":""},"categories":[17,15],"tags":[],"class_list":["post-31323","post","type-post","status-publish","format-standard","has-post-thumbnail","hentry","category-desde-el-campo","category-rss-espanol"],"acf":[],"yoast_head":"<!-- This site is optimized with the Yoast SEO plugin v27.3 - https:\/\/yoast.com\/product\/yoast-seo-wordpress\/ -->\n<title>Voluntarios construyen iglesia adventista en Rep\u00fablica Dominicana - Iglesia Adventista del S\u00e9ptimo D\u00eda - Divisi\u00f3n Interamericana<\/title>\n<meta name=\"robots\" content=\"index, follow, max-snippet:-1, max-image-preview:large, max-video-preview:-1\" \/>\n<link rel=\"canonical\" href=\"https:\/\/interamerica.org\/es\/2017\/01\/voluntarios-construyen-iglesia-adventista-en-republica-dominicana\/\" \/>\n<meta property=\"og:locale\" content=\"es_ES\" \/>\n<meta property=\"og:type\" content=\"article\" \/>\n<meta property=\"og:title\" content=\"Voluntarios construyen iglesia adventista en Rep\u00fablica Dominicana - Iglesia Adventista del S\u00e9ptimo D\u00eda - Divisi\u00f3n Interamericana\" \/>\n<meta property=\"og:description\" content=\"Los adventistas del s\u00e9ptimo d\u00eda de una comunidad cuarenta minutos al norte de Santo Domingo, la capital de Rep\u00fablica Dominicana, ahora tienen un templo con capacidad para cien personas que atrae a las visitas y no provoca el desprecio de los vecinos.   La iglesia adventista Portadores de Luz, en Villa Mella, ten\u00eda una capilla armada con retazos de metal, hasta que un escuadr\u00f3n de participantes de Maranatha Volunteers International llegaron hasta el lugar y, en diez d\u00edas, construyeron una nueva iglesia con una estructura de acero galvanizado y paredes de bloques.\" \/>\n<meta property=\"og:url\" content=\"https:\/\/interamerica.org\/es\/2017\/01\/voluntarios-construyen-iglesia-adventista-en-republica-dominicana\/\" \/>\n<meta property=\"og:site_name\" content=\"Iglesia Adventista del S\u00e9ptimo D\u00eda - Divisi\u00f3n Interamericana\" \/>\n<meta property=\"article:published_time\" content=\"2017-01-26T04:00:00+00:00\" \/>\n<meta property=\"article:modified_time\" content=\"2017-12-06T06:13:24+00:00\" \/>\n<meta property=\"og:image\" content=\"https:\/\/interamerica.org\/wp-content\/uploads\/2017\/06\/MVI-DR-new-church.png\" \/>\n\t<meta property=\"og:image:width\" content=\"1280\" \/>\n\t<meta property=\"og:image:height\" content=\"952\" \/>\n\t<meta property=\"og:image:type\" content=\"image\/png\" \/>\n<meta name=\"author\" content=\"Lorenzo Verduzco\" \/>\n<meta name=\"twitter:card\" content=\"summary_large_image\" \/>\n<meta name=\"twitter:label1\" content=\"Escrito por\" \/>\n\t<meta name=\"twitter:data1\" content=\"Lorenzo Verduzco\" \/>\n\t<meta name=\"twitter:label2\" content=\"Tiempo de lectura\" \/>\n\t<meta name=\"twitter:data2\" content=\"7 minutos\" \/>\n<script type=\"application\/ld+json\" class=\"yoast-schema-graph\">{\"@context\":\"https:\\\/\\\/schema.org\",\"@graph\":[{\"@type\":\"Article\",\"@id\":\"https:\\\/\\\/interamerica.org\\\/es\\\/2017\\\/01\\\/voluntarios-construyen-iglesia-adventista-en-republica-dominicana\\\/#article\",\"isPartOf\":{\"@id\":\"https:\\\/\\\/interamerica.org\\\/es\\\/2017\\\/01\\\/voluntarios-construyen-iglesia-adventista-en-republica-dominicana\\\/\"},\"author\":{\"name\":\"Lorenzo Verduzco\",\"@id\":\"https:\\\/\\\/interamerica.org\\\/es\\\/#\\\/schema\\\/person\\\/68ede8bdc292885bb76c1e3810e73c39\"},\"headline\":\"Voluntarios construyen iglesia adventista en Rep\u00fablica Dominicana\",\"datePublished\":\"2017-01-26T04:00:00+00:00\",\"dateModified\":\"2017-12-06T06:13:24+00:00\",\"mainEntityOfPage\":{\"@id\":\"https:\\\/\\\/interamerica.org\\\/es\\\/2017\\\/01\\\/voluntarios-construyen-iglesia-adventista-en-republica-dominicana\\\/\"},\"wordCount\":1454,\"image\":{\"@id\":\"https:\\\/\\\/interamerica.org\\\/es\\\/2017\\\/01\\\/voluntarios-construyen-iglesia-adventista-en-republica-dominicana\\\/#primaryimage\"},\"thumbnailUrl\":\"https:\\\/\\\/interamerica.org\\\/wp-content\\\/uploads\\\/2017\\\/06\\\/MVI-DR-new-church.png\",\"articleSection\":[\"Desde el campo\",\"RSS Espa\u00f1ol\"],\"inLanguage\":\"es\"},{\"@type\":\"WebPage\",\"@id\":\"https:\\\/\\\/interamerica.org\\\/es\\\/2017\\\/01\\\/voluntarios-construyen-iglesia-adventista-en-republica-dominicana\\\/\",\"url\":\"https:\\\/\\\/interamerica.org\\\/es\\\/2017\\\/01\\\/voluntarios-construyen-iglesia-adventista-en-republica-dominicana\\\/\",\"name\":\"Voluntarios construyen iglesia adventista en Rep\u00fablica Dominicana - Iglesia Adventista del S\u00e9ptimo D\u00eda - Divisi\u00f3n Interamericana\",\"isPartOf\":{\"@id\":\"https:\\\/\\\/interamerica.org\\\/es\\\/#website\"},\"primaryImageOfPage\":{\"@id\":\"https:\\\/\\\/interamerica.org\\\/es\\\/2017\\\/01\\\/voluntarios-construyen-iglesia-adventista-en-republica-dominicana\\\/#primaryimage\"},\"image\":{\"@id\":\"https:\\\/\\\/interamerica.org\\\/es\\\/2017\\\/01\\\/voluntarios-construyen-iglesia-adventista-en-republica-dominicana\\\/#primaryimage\"},\"thumbnailUrl\":\"https:\\\/\\\/interamerica.org\\\/wp-content\\\/uploads\\\/2017\\\/06\\\/MVI-DR-new-church.png\",\"datePublished\":\"2017-01-26T04:00:00+00:00\",\"dateModified\":\"2017-12-06T06:13:24+00:00\",\"author\":{\"@id\":\"https:\\\/\\\/interamerica.org\\\/es\\\/#\\\/schema\\\/person\\\/68ede8bdc292885bb76c1e3810e73c39\"},\"breadcrumb\":{\"@id\":\"https:\\\/\\\/interamerica.org\\\/es\\\/2017\\\/01\\\/voluntarios-construyen-iglesia-adventista-en-republica-dominicana\\\/#breadcrumb\"},\"inLanguage\":\"es\",\"potentialAction\":[{\"@type\":\"ReadAction\",\"target\":[\"https:\\\/\\\/interamerica.org\\\/es\\\/2017\\\/01\\\/voluntarios-construyen-iglesia-adventista-en-republica-dominicana\\\/\"]}]},{\"@type\":\"ImageObject\",\"inLanguage\":\"es\",\"@id\":\"https:\\\/\\\/interamerica.org\\\/es\\\/2017\\\/01\\\/voluntarios-construyen-iglesia-adventista-en-republica-dominicana\\\/#primaryimage\",\"url\":\"https:\\\/\\\/interamerica.org\\\/wp-content\\\/uploads\\\/2017\\\/06\\\/MVI-DR-new-church.png\",\"contentUrl\":\"https:\\\/\\\/interamerica.org\\\/wp-content\\\/uploads\\\/2017\\\/06\\\/MVI-DR-new-church.png\",\"width\":1280,\"height\":952},{\"@type\":\"BreadcrumbList\",\"@id\":\"https:\\\/\\\/interamerica.org\\\/es\\\/2017\\\/01\\\/voluntarios-construyen-iglesia-adventista-en-republica-dominicana\\\/#breadcrumb\",\"itemListElement\":[{\"@type\":\"ListItem\",\"position\":1,\"name\":\"Home\",\"item\":\"https:\\\/\\\/interamerica.org\\\/es\\\/\"},{\"@type\":\"ListItem\",\"position\":2,\"name\":\"Voluntarios construyen iglesia adventista en Rep\u00fablica Dominicana\"}]},{\"@type\":\"WebSite\",\"@id\":\"https:\\\/\\\/interamerica.org\\\/es\\\/#website\",\"url\":\"https:\\\/\\\/interamerica.org\\\/es\\\/\",\"name\":\"Iglesia Adventista del S\u00e9ptimo D\u00eda - Divisi\u00f3n Interamericana\",\"description\":\"\",\"potentialAction\":[{\"@type\":\"SearchAction\",\"target\":{\"@type\":\"EntryPoint\",\"urlTemplate\":\"https:\\\/\\\/interamerica.org\\\/es\\\/?s={search_term_string}\"},\"query-input\":{\"@type\":\"PropertyValueSpecification\",\"valueRequired\":true,\"valueName\":\"search_term_string\"}}],\"inLanguage\":\"es\"},{\"@type\":\"Person\",\"@id\":\"https:\\\/\\\/interamerica.org\\\/es\\\/#\\\/schema\\\/person\\\/68ede8bdc292885bb76c1e3810e73c39\",\"name\":\"Lorenzo Verduzco\",\"image\":{\"@type\":\"ImageObject\",\"inLanguage\":\"es\",\"@id\":\"https:\\\/\\\/secure.gravatar.com\\\/avatar\\\/fb81a55b6218459490a9c1dc841a34909185b81904c5337b4b27f7a6fd60c49e?s=96&d=mm&r=g\",\"url\":\"https:\\\/\\\/secure.gravatar.com\\\/avatar\\\/fb81a55b6218459490a9c1dc841a34909185b81904c5337b4b27f7a6fd60c49e?s=96&d=mm&r=g\",\"contentUrl\":\"https:\\\/\\\/secure.gravatar.com\\\/avatar\\\/fb81a55b6218459490a9c1dc841a34909185b81904c5337b4b27f7a6fd60c49e?s=96&d=mm&r=g\",\"caption\":\"Lorenzo Verduzco\"}}]}<\/script>\n<!-- \/ Yoast SEO plugin. -->","yoast_head_json":{"title":"Voluntarios construyen iglesia adventista en Rep\u00fablica Dominicana - Iglesia Adventista del S\u00e9ptimo D\u00eda - Divisi\u00f3n Interamericana","robots":{"index":"index","follow":"follow","max-snippet":"max-snippet:-1","max-image-preview":"max-image-preview:large","max-video-preview":"max-video-preview:-1"},"canonical":"https:\/\/interamerica.org\/es\/2017\/01\/voluntarios-construyen-iglesia-adventista-en-republica-dominicana\/","og_locale":"es_ES","og_type":"article","og_title":"Voluntarios construyen iglesia adventista en Rep\u00fablica Dominicana - Iglesia Adventista del S\u00e9ptimo D\u00eda - Divisi\u00f3n Interamericana","og_description":"Los adventistas del s\u00e9ptimo d\u00eda de una comunidad cuarenta minutos al norte de Santo Domingo, la capital de Rep\u00fablica Dominicana, ahora tienen un templo con capacidad para cien personas que atrae a las visitas y no provoca el desprecio de los vecinos.   La iglesia adventista Portadores de Luz, en Villa Mella, ten\u00eda una capilla armada con retazos de metal, hasta que un escuadr\u00f3n de participantes de Maranatha Volunteers International llegaron hasta el lugar y, en diez d\u00edas, construyeron una nueva iglesia con una estructura de acero galvanizado y paredes de bloques.","og_url":"https:\/\/interamerica.org\/es\/2017\/01\/voluntarios-construyen-iglesia-adventista-en-republica-dominicana\/","og_site_name":"Iglesia Adventista del S\u00e9ptimo D\u00eda - Divisi\u00f3n Interamericana","article_published_time":"2017-01-26T04:00:00+00:00","article_modified_time":"2017-12-06T06:13:24+00:00","og_image":[{"width":1280,"height":952,"url":"https:\/\/interamerica.org\/wp-content\/uploads\/2017\/06\/MVI-DR-new-church.png","type":"image\/png"}],"author":"Lorenzo Verduzco","twitter_card":"summary_large_image","twitter_misc":{"Escrito por":"Lorenzo Verduzco","Tiempo de lectura":"7 minutos"},"schema":{"@context":"https:\/\/schema.org","@graph":[{"@type":"Article","@id":"https:\/\/interamerica.org\/es\/2017\/01\/voluntarios-construyen-iglesia-adventista-en-republica-dominicana\/#article","isPartOf":{"@id":"https:\/\/interamerica.org\/es\/2017\/01\/voluntarios-construyen-iglesia-adventista-en-republica-dominicana\/"},"author":{"name":"Lorenzo Verduzco","@id":"https:\/\/interamerica.org\/es\/#\/schema\/person\/68ede8bdc292885bb76c1e3810e73c39"},"headline":"Voluntarios construyen iglesia adventista en Rep\u00fablica Dominicana","datePublished":"2017-01-26T04:00:00+00:00","dateModified":"2017-12-06T06:13:24+00:00","mainEntityOfPage":{"@id":"https:\/\/interamerica.org\/es\/2017\/01\/voluntarios-construyen-iglesia-adventista-en-republica-dominicana\/"},"wordCount":1454,"image":{"@id":"https:\/\/interamerica.org\/es\/2017\/01\/voluntarios-construyen-iglesia-adventista-en-republica-dominicana\/#primaryimage"},"thumbnailUrl":"https:\/\/interamerica.org\/wp-content\/uploads\/2017\/06\/MVI-DR-new-church.png","articleSection":["Desde el campo","RSS Espa\u00f1ol"],"inLanguage":"es"},{"@type":"WebPage","@id":"https:\/\/interamerica.org\/es\/2017\/01\/voluntarios-construyen-iglesia-adventista-en-republica-dominicana\/","url":"https:\/\/interamerica.org\/es\/2017\/01\/voluntarios-construyen-iglesia-adventista-en-republica-dominicana\/","name":"Voluntarios construyen iglesia adventista en Rep\u00fablica Dominicana - Iglesia Adventista del S\u00e9ptimo D\u00eda - Divisi\u00f3n Interamericana","isPartOf":{"@id":"https:\/\/interamerica.org\/es\/#website"},"primaryImageOfPage":{"@id":"https:\/\/interamerica.org\/es\/2017\/01\/voluntarios-construyen-iglesia-adventista-en-republica-dominicana\/#primaryimage"},"image":{"@id":"https:\/\/interamerica.org\/es\/2017\/01\/voluntarios-construyen-iglesia-adventista-en-republica-dominicana\/#primaryimage"},"thumbnailUrl":"https:\/\/interamerica.org\/wp-content\/uploads\/2017\/06\/MVI-DR-new-church.png","datePublished":"2017-01-26T04:00:00+00:00","dateModified":"2017-12-06T06:13:24+00:00","author":{"@id":"https:\/\/interamerica.org\/es\/#\/schema\/person\/68ede8bdc292885bb76c1e3810e73c39"},"breadcrumb":{"@id":"https:\/\/interamerica.org\/es\/2017\/01\/voluntarios-construyen-iglesia-adventista-en-republica-dominicana\/#breadcrumb"},"inLanguage":"es","potentialAction":[{"@type":"ReadAction","target":["https:\/\/interamerica.org\/es\/2017\/01\/voluntarios-construyen-iglesia-adventista-en-republica-dominicana\/"]}]},{"@type":"ImageObject","inLanguage":"es","@id":"https:\/\/interamerica.org\/es\/2017\/01\/voluntarios-construyen-iglesia-adventista-en-republica-dominicana\/#primaryimage","url":"https:\/\/interamerica.org\/wp-content\/uploads\/2017\/06\/MVI-DR-new-church.png","contentUrl":"https:\/\/interamerica.org\/wp-content\/uploads\/2017\/06\/MVI-DR-new-church.png","width":1280,"height":952},{"@type":"BreadcrumbList","@id":"https:\/\/interamerica.org\/es\/2017\/01\/voluntarios-construyen-iglesia-adventista-en-republica-dominicana\/#breadcrumb","itemListElement":[{"@type":"ListItem","position":1,"name":"Home","item":"https:\/\/interamerica.org\/es\/"},{"@type":"ListItem","position":2,"name":"Voluntarios construyen iglesia adventista en Rep\u00fablica Dominicana"}]},{"@type":"WebSite","@id":"https:\/\/interamerica.org\/es\/#website","url":"https:\/\/interamerica.org\/es\/","name":"Iglesia Adventista del S\u00e9ptimo D\u00eda - Divisi\u00f3n Interamericana","description":"","potentialAction":[{"@type":"SearchAction","target":{"@type":"EntryPoint","urlTemplate":"https:\/\/interamerica.org\/es\/?s={search_term_string}"},"query-input":{"@type":"PropertyValueSpecification","valueRequired":true,"valueName":"search_term_string"}}],"inLanguage":"es"},{"@type":"Person","@id":"https:\/\/interamerica.org\/es\/#\/schema\/person\/68ede8bdc292885bb76c1e3810e73c39","name":"Lorenzo Verduzco","image":{"@type":"ImageObject","inLanguage":"es","@id":"https:\/\/secure.gravatar.com\/avatar\/fb81a55b6218459490a9c1dc841a34909185b81904c5337b4b27f7a6fd60c49e?s=96&d=mm&r=g","url":"https:\/\/secure.gravatar.com\/avatar\/fb81a55b6218459490a9c1dc841a34909185b81904c5337b4b27f7a6fd60c49e?s=96&d=mm&r=g","contentUrl":"https:\/\/secure.gravatar.com\/avatar\/fb81a55b6218459490a9c1dc841a34909185b81904c5337b4b27f7a6fd60c49e?s=96&d=mm&r=g","caption":"Lorenzo Verduzco"}}]}},"_links":{"self":[{"href":"https:\/\/interamerica.org\/es\/wp-json\/wp\/v2\/posts\/31323","targetHints":{"allow":["GET"]}}],"collection":[{"href":"https:\/\/interamerica.org\/es\/wp-json\/wp\/v2\/posts"}],"about":[{"href":"https:\/\/interamerica.org\/es\/wp-json\/wp\/v2\/types\/post"}],"author":[{"embeddable":true,"href":"https:\/\/interamerica.org\/es\/wp-json\/wp\/v2\/users\/1"}],"replies":[{"embeddable":true,"href":"https:\/\/interamerica.org\/es\/wp-json\/wp\/v2\/comments?post=31323"}],"version-history":[{"count":0,"href":"https:\/\/interamerica.org\/es\/wp-json\/wp\/v2\/posts\/31323\/revisions"}],"wp:featuredmedia":[{"embeddable":true,"href":"https:\/\/interamerica.org\/es\/wp-json\/wp\/v2\/media\/29197"}],"wp:attachment":[{"href":"https:\/\/interamerica.org\/es\/wp-json\/wp\/v2\/media?parent=31323"}],"wp:term":[{"taxonomy":"category","embeddable":true,"href":"https:\/\/interamerica.org\/es\/wp-json\/wp\/v2\/categories?post=31323"},{"taxonomy":"post_tag","embeddable":true,"href":"https:\/\/interamerica.org\/es\/wp-json\/wp\/v2\/tags?post=31323"}],"curies":[{"name":"wp","href":"https:\/\/api.w.org\/{rel}","templated":true}]}}