{"id":31328,"date":"2017-02-03T00:00:00","date_gmt":"2017-02-03T04:00:00","guid":{"rendered":"http:\/\/192.81.217.108\/interamerica\/2017\/02\/barry-black-pastor-adventista-y-capellan-del-senado-de-estados-unidos-es-orador-destacado-durante-el-desayuno-nacional-de-oracion\/"},"modified":"2017-12-05T07:14:07","modified_gmt":"2017-12-05T11:14:07","slug":"barry-black-pastor-adventista-y-capellan-del-senado-de-estados-unidos-es-orador-destacado-durante-el-desayuno-nacional-de-oracion","status":"publish","type":"post","link":"https:\/\/interamerica.org\/es\/2017\/02\/barry-black-pastor-adventista-y-capellan-del-senado-de-estados-unidos-es-orador-destacado-durante-el-desayuno-nacional-de-oracion\/","title":{"rendered":"Barry Black, pastor adventista y capell\u00e1n del Senado de Estados Unidos, es orador destacado durante el Desayuno Nacional de Oraci\u00f3n"},"content":{"rendered":"<div id=\"attachment_26651\" style=\"width: 712px\" class=\"wp-caption aligncenter\"><a href=\"\/interamerica\/wp-content\/uploads\/2017\/06\/Senate-Chaplain-Barry-Black-Adventist-Pastor-Keynotes-US-National-Prayer-Breakfast.jpeg\" rel=\"fancybox\" title=\"Barry Black, pastor adventista y capell\u00e1n del Senado de Estados Unidos, es orador destacado durante el Desayuno Nacional de Oraci\u00f3n\"><img fetchpriority=\"high\" decoding=\"async\" aria-describedby=\"caption-attachment-26651\" class=\" wp-image-26651\" src=\"\/interamerica\/wp-content\/uploads\/2017\/06\/Senate-Chaplain-Barry-Black-Adventist-Pastor-Keynotes-US-National-Prayer-Breakfast.jpeg\" alt=\"\" width=\"702\" height=\"351\" \/><\/a><p id=\"caption-attachment-26651\" class=\"wp-caption-text\">El capell\u00e1n del Senado de los Estados Unidos, el pastor adventista Barry Black. Imagen de la Adventist Review<\/p><\/div>\n<p>2 de febrero de 2017 | Silver Spring, Maryland, Estados Unidos | Mark Kellner, editor de contenidos en l\u00ednea, Adventist Review<\/p>\n<p>Al dirigirse al presidente de los Estados Unidos Donald J. Trump y a una sala llena de l\u00edderes pol\u00edticos y civiles \u2014as\u00ed como personalidades internacionales tales como el rey Abdul\u00e1 II de Jordania\u2014 este 2 de febrero en el <a href=\"https:\/\/www.c-span.org\/video\/?c4654431\/barry-black-national-prayer-breakfast-2017\" target=\"_blank\" rel=\"noopener\"> 65\u00b0 Desayuno Nacional de Oraci\u00f3n <\/a> en Washington, el Capell\u00e1n del Senado de los Estados Unidos y pastor adventista Barry C. Black record\u00f3 la motivaci\u00f3n que le dio su madre para que memorizara vers\u00edculos de la Biblia, lo que despert\u00f3 en \u00e9l el deseo para toda la vida de conocer al Autor de esas palabras.<\/p>\n<p>La madre de Black, hija de un aparcero que hab\u00eda tenido escasa educaci\u00f3n formal pero ilimitada visi\u00f3n, hab\u00eda presentado el desaf\u00edo, tanto a \u00e9l como a sus hermanos, para que memorizar\u00e1n vers\u00edculos de la Biblia, d\u00e1ndoles un incentivo de 5 centavos de d\u00f3lares por vers\u00edculo aprendido. \u201cCierto d\u00eda, memoric\u00e9 <a class=\"rtBibleRef\" href=\"http:\/\/biblia.com\/bible\/nkjv\/1%20Pet%201.18-19\" target=\"_blank\" rel=\"noopener\">1 Pedro 1:18, 19<\/a>\u201d, record Black.<\/p>\n<p>\u201cSolo ten\u00eda 10 a\u00f1os. [Esos vers\u00edculos dicen]: \u2018pues ya sab\u00e9is que fuisteis rescatados de vuestra vana manera de vivir (la cual recibisteis de vuestros padres) no con cosas corruptibles, como oro o plata, sino con la sangre preciosa de Cristo\u2019. Y aun a los 10 a\u00f1os ten\u00eda la suficiente capacidad anal\u00edtica como para saber que el valor de un objeto se basa en el precio que alguien est\u00e1 dispuesto a pagar\u201d.<\/p>\n<p>Black continu\u00f3 diciendo: \u201cY cuando entend\u00ed eso, un muchachito de los barrios urbanos marginales, que Dios dice en Juan 3 que dio el que era el \u00fanico en su especie, \u2018su Hijo unig\u00e9nito\u2019 para morir por m\u00ed, ya nadie logr\u00f3 hacerme sentir inferior otra vez. Asimismo, me dije, tengo que llegar a conocer a este Hombre que muri\u00f3 por m\u00ed. Por eso, ya no solo por los 5 centavos segu\u00ed leyendo la Palabra\u201d.<\/p>\n<p>Ya en d\u00e9cimo cuarto a\u00f1o como Capell\u00e1n del Senado, Black es el primer afroamericano, el primer adventista del s\u00e9ptimo d\u00eda, y el primer militar retirado en tener ese puesto. Fue nombrado a su cargo del Senado despu\u00e9s de retirarse de la Armada de los Estados Unidos como Jefe de Capellanes, con el cargo de contraalmirante.<\/p>\n<p>Black es el segundo adventista en ser orador destacado del desayuno, dado que el doctor Ben Carson, renombrado neurocirujano y ahora <a href=\"http:\/\/www.adventistreview.org\/church-news\/story-accepting-trump-appointment,-ben-carson-on-track-as-first-adventist-u.s.-cabinet-secretary\" target=\"_blank\" rel=\"noopener\"> secretario designado<\/a> de Vivienda y Desarrollo Urbano, present\u00f3 un mensaje en ese evento en dos ocasiones, la \u00faltima de ellas en 2013.<\/p>\n<p>Durante el mensaje destacado del desayuno de oraci\u00f3n, que fue transmitido nacionalmente por televisi\u00f3n por cable y satelital, Black mencion\u00f3 el tipo de relaci\u00f3n que Dios quiere tener con los que se acercan a \u00e9l en oraci\u00f3n, citando las palabras de Jes\u00fas a sus disc\u00edpulos en <a class=\"rtBibleRef\" href=\"http:\/\/biblia.com\/bible\/nkjv\/John%2015.16\" target=\"_blank\" rel=\"noopener\"> Juan 15:15 <\/a>: \u201cYa no os llamar\u00e9 siervos [\u2026], pero os he llamado amigos\u201d.<\/p>\n<p>Black ilustr\u00f3 esto con una an\u00e9cdota: \u201cMi hijo mayor se encuentra en la audiencia, y uno de mis problemas con \u00e9l es que me llama por tel\u00e9fono, y cada vez que llama me dice: \u2018Hola, pap\u00e1. Soy Barry\u2019. \u00bfEn serio? F\u00edjense que tengo el identificador de llamadas, y aun as\u00ed, cada vez que llama tiene que identificarse. Si yo recibo una llamada que dice \u2018Hola, querido\u2019, es mejor que no responda: \u2018\u00bfQui\u00e9n habla?\u2019 Dios quiere tener una relaci\u00f3n cercana con nosotros\u201d.<\/p>\n<p>Black destac\u00f3 el poder de la oraci\u00f3n, dijo que estaba orando por el presidente Trump, y record\u00f3 a la audiencia de la orden que dio el ap\u00f3stol Pablo de orar por los que ostentan autoridad. Al referirse al vicepresidente Michael Pence, Black dijo: \u201cEstaba hablando con \u00e9l antes de pasar aqu\u00ed adelante, y le dijo: \u2018Estoy orando para que la mano de Dios est\u00e9 sobre usted\u2019\u201d.<\/p>\n<p>Traducci\u00f3n de Marcos Paseggi<\/p>\n","protected":false},"excerpt":{"rendered":"<p>Al dirigirse al presidente de los Estados Unidos Donald J. Trump y a una sala llena de l\u00edderes pol\u00edticos y civiles \u2014as\u00ed como personalidades internacionales tales como el rey Abdul\u00e1 II de Jordania\u2014 este 2 de febrero en el 65\u00b0 Desayuno Nacional de Oraci\u00f3n en Washington, el Capell\u00e1n del Senado de los Estados Unidos y pastor adventista Barry C. Black record\u00f3 la motivaci\u00f3n que le dio su madre para que memorizara vers\u00edculos de la Biblia, lo que despert\u00f3 en \u00e9l el deseo para toda la vida de conocer al Autor de esas palabras.<\/p>\n","protected":false},"author":1,"featured_media":19636,"comment_status":"closed","ping_status":"closed","sticky":false,"template":"","format":"standard","meta":{"_acf_changed":false,"footnotes":""},"categories":[14,15],"tags":[],"class_list":["post-31328","post","type-post","status-publish","format-standard","has-post-thumbnail","hentry","category-de-la-iglesia-mundial","category-rss-espanol"],"acf":[],"yoast_head":"<!-- This site is optimized with the Yoast SEO plugin v27.3 - https:\/\/yoast.com\/product\/yoast-seo-wordpress\/ -->\n<title>Barry Black, pastor adventista y capell\u00e1n del Senado de Estados Unidos, es orador destacado durante el Desayuno Nacional de Oraci\u00f3n - Iglesia Adventista del S\u00e9ptimo D\u00eda - Divisi\u00f3n Interamericana<\/title>\n<meta name=\"robots\" content=\"index, follow, max-snippet:-1, max-image-preview:large, max-video-preview:-1\" \/>\n<link rel=\"canonical\" href=\"https:\/\/interamerica.org\/es\/2017\/02\/barry-black-pastor-adventista-y-capellan-del-senado-de-estados-unidos-es-orador-destacado-durante-el-desayuno-nacional-de-oracion\/\" \/>\n<meta property=\"og:locale\" content=\"es_ES\" \/>\n<meta property=\"og:type\" content=\"article\" \/>\n<meta property=\"og:title\" content=\"Barry Black, pastor adventista y capell\u00e1n del Senado de Estados Unidos, es orador destacado durante el Desayuno Nacional de Oraci\u00f3n - Iglesia Adventista del S\u00e9ptimo D\u00eda - Divisi\u00f3n Interamericana\" \/>\n<meta property=\"og:description\" content=\"Al dirigirse al presidente de los Estados Unidos Donald J. Trump y a una sala llena de l\u00edderes pol\u00edticos y civiles \u2014as\u00ed como personalidades internacionales tales como el rey Abdul\u00e1 II de Jordania\u2014 este 2 de febrero en el 65\u00b0 Desayuno Nacional de Oraci\u00f3n en Washington, el Capell\u00e1n del Senado de los Estados Unidos y pastor adventista Barry C. Black record\u00f3 la motivaci\u00f3n que le dio su madre para que memorizara vers\u00edculos de la Biblia, lo que despert\u00f3 en \u00e9l el deseo para toda la vida de conocer al Autor de esas palabras.\" \/>\n<meta property=\"og:url\" content=\"https:\/\/interamerica.org\/es\/2017\/02\/barry-black-pastor-adventista-y-capellan-del-senado-de-estados-unidos-es-orador-destacado-durante-el-desayuno-nacional-de-oracion\/\" \/>\n<meta property=\"og:site_name\" content=\"Iglesia Adventista del S\u00e9ptimo D\u00eda - Divisi\u00f3n Interamericana\" \/>\n<meta property=\"article:published_time\" content=\"2017-02-03T04:00:00+00:00\" \/>\n<meta property=\"article:modified_time\" content=\"2017-12-05T11:14:07+00:00\" \/>\n<meta property=\"og:image\" content=\"https:\/\/interamerica.org\/wp-content\/uploads\/2017\/06\/Senate-Chaplain-Barry-Black-Adventist-Pastor-Keynotes-US-National-Prayer-Breakfast.jpeg\" \/>\n\t<meta property=\"og:image:width\" content=\"1000\" \/>\n\t<meta property=\"og:image:height\" content=\"500\" \/>\n\t<meta property=\"og:image:type\" content=\"image\/jpeg\" \/>\n<meta name=\"author\" content=\"Lorenzo Verduzco\" \/>\n<meta name=\"twitter:card\" content=\"summary_large_image\" \/>\n<meta name=\"twitter:label1\" content=\"Escrito por\" \/>\n\t<meta name=\"twitter:data1\" content=\"Lorenzo Verduzco\" \/>\n\t<meta name=\"twitter:label2\" content=\"Tiempo de lectura\" \/>\n\t<meta name=\"twitter:data2\" content=\"3 minutos\" \/>\n<script type=\"application\/ld+json\" class=\"yoast-schema-graph\">{\"@context\":\"https:\\\/\\\/schema.org\",\"@graph\":[{\"@type\":\"Article\",\"@id\":\"https:\\\/\\\/interamerica.org\\\/es\\\/2017\\\/02\\\/barry-black-pastor-adventista-y-capellan-del-senado-de-estados-unidos-es-orador-destacado-durante-el-desayuno-nacional-de-oracion\\\/#article\",\"isPartOf\":{\"@id\":\"https:\\\/\\\/interamerica.org\\\/es\\\/2017\\\/02\\\/barry-black-pastor-adventista-y-capellan-del-senado-de-estados-unidos-es-orador-destacado-durante-el-desayuno-nacional-de-oracion\\\/\"},\"author\":{\"name\":\"Lorenzo Verduzco\",\"@id\":\"https:\\\/\\\/interamerica.org\\\/es\\\/#\\\/schema\\\/person\\\/68ede8bdc292885bb76c1e3810e73c39\"},\"headline\":\"Barry Black, pastor adventista y capell\u00e1n del Senado de Estados Unidos, es orador destacado durante el Desayuno Nacional de Oraci\u00f3n\",\"datePublished\":\"2017-02-03T04:00:00+00:00\",\"dateModified\":\"2017-12-05T11:14:07+00:00\",\"mainEntityOfPage\":{\"@id\":\"https:\\\/\\\/interamerica.org\\\/es\\\/2017\\\/02\\\/barry-black-pastor-adventista-y-capellan-del-senado-de-estados-unidos-es-orador-destacado-durante-el-desayuno-nacional-de-oracion\\\/\"},\"wordCount\":698,\"image\":{\"@id\":\"https:\\\/\\\/interamerica.org\\\/es\\\/2017\\\/02\\\/barry-black-pastor-adventista-y-capellan-del-senado-de-estados-unidos-es-orador-destacado-durante-el-desayuno-nacional-de-oracion\\\/#primaryimage\"},\"thumbnailUrl\":\"https:\\\/\\\/interamerica.org\\\/wp-content\\\/uploads\\\/2017\\\/06\\\/Senate-Chaplain-Barry-Black-Adventist-Pastor-Keynotes-US-National-Prayer-Breakfast.jpeg\",\"articleSection\":[\"Desde la iglesia mundial\",\"RSS Espa\u00f1ol\"],\"inLanguage\":\"es\"},{\"@type\":\"WebPage\",\"@id\":\"https:\\\/\\\/interamerica.org\\\/es\\\/2017\\\/02\\\/barry-black-pastor-adventista-y-capellan-del-senado-de-estados-unidos-es-orador-destacado-durante-el-desayuno-nacional-de-oracion\\\/\",\"url\":\"https:\\\/\\\/interamerica.org\\\/es\\\/2017\\\/02\\\/barry-black-pastor-adventista-y-capellan-del-senado-de-estados-unidos-es-orador-destacado-durante-el-desayuno-nacional-de-oracion\\\/\",\"name\":\"Barry Black, pastor adventista y capell\u00e1n del Senado de Estados Unidos, es orador destacado durante el Desayuno Nacional de Oraci\u00f3n - Iglesia Adventista del S\u00e9ptimo D\u00eda - Divisi\u00f3n Interamericana\",\"isPartOf\":{\"@id\":\"https:\\\/\\\/interamerica.org\\\/es\\\/#website\"},\"primaryImageOfPage\":{\"@id\":\"https:\\\/\\\/interamerica.org\\\/es\\\/2017\\\/02\\\/barry-black-pastor-adventista-y-capellan-del-senado-de-estados-unidos-es-orador-destacado-durante-el-desayuno-nacional-de-oracion\\\/#primaryimage\"},\"image\":{\"@id\":\"https:\\\/\\\/interamerica.org\\\/es\\\/2017\\\/02\\\/barry-black-pastor-adventista-y-capellan-del-senado-de-estados-unidos-es-orador-destacado-durante-el-desayuno-nacional-de-oracion\\\/#primaryimage\"},\"thumbnailUrl\":\"https:\\\/\\\/interamerica.org\\\/wp-content\\\/uploads\\\/2017\\\/06\\\/Senate-Chaplain-Barry-Black-Adventist-Pastor-Keynotes-US-National-Prayer-Breakfast.jpeg\",\"datePublished\":\"2017-02-03T04:00:00+00:00\",\"dateModified\":\"2017-12-05T11:14:07+00:00\",\"author\":{\"@id\":\"https:\\\/\\\/interamerica.org\\\/es\\\/#\\\/schema\\\/person\\\/68ede8bdc292885bb76c1e3810e73c39\"},\"breadcrumb\":{\"@id\":\"https:\\\/\\\/interamerica.org\\\/es\\\/2017\\\/02\\\/barry-black-pastor-adventista-y-capellan-del-senado-de-estados-unidos-es-orador-destacado-durante-el-desayuno-nacional-de-oracion\\\/#breadcrumb\"},\"inLanguage\":\"es\",\"potentialAction\":[{\"@type\":\"ReadAction\",\"target\":[\"https:\\\/\\\/interamerica.org\\\/es\\\/2017\\\/02\\\/barry-black-pastor-adventista-y-capellan-del-senado-de-estados-unidos-es-orador-destacado-durante-el-desayuno-nacional-de-oracion\\\/\"]}]},{\"@type\":\"ImageObject\",\"inLanguage\":\"es\",\"@id\":\"https:\\\/\\\/interamerica.org\\\/es\\\/2017\\\/02\\\/barry-black-pastor-adventista-y-capellan-del-senado-de-estados-unidos-es-orador-destacado-durante-el-desayuno-nacional-de-oracion\\\/#primaryimage\",\"url\":\"https:\\\/\\\/interamerica.org\\\/wp-content\\\/uploads\\\/2017\\\/06\\\/Senate-Chaplain-Barry-Black-Adventist-Pastor-Keynotes-US-National-Prayer-Breakfast.jpeg\",\"contentUrl\":\"https:\\\/\\\/interamerica.org\\\/wp-content\\\/uploads\\\/2017\\\/06\\\/Senate-Chaplain-Barry-Black-Adventist-Pastor-Keynotes-US-National-Prayer-Breakfast.jpeg\",\"width\":1000,\"height\":500},{\"@type\":\"BreadcrumbList\",\"@id\":\"https:\\\/\\\/interamerica.org\\\/es\\\/2017\\\/02\\\/barry-black-pastor-adventista-y-capellan-del-senado-de-estados-unidos-es-orador-destacado-durante-el-desayuno-nacional-de-oracion\\\/#breadcrumb\",\"itemListElement\":[{\"@type\":\"ListItem\",\"position\":1,\"name\":\"Home\",\"item\":\"https:\\\/\\\/interamerica.org\\\/es\\\/\"},{\"@type\":\"ListItem\",\"position\":2,\"name\":\"Barry Black, pastor adventista y capell\u00e1n del Senado de Estados Unidos, es orador destacado durante el Desayuno Nacional de Oraci\u00f3n\"}]},{\"@type\":\"WebSite\",\"@id\":\"https:\\\/\\\/interamerica.org\\\/es\\\/#website\",\"url\":\"https:\\\/\\\/interamerica.org\\\/es\\\/\",\"name\":\"Iglesia Adventista del S\u00e9ptimo D\u00eda - Divisi\u00f3n Interamericana\",\"description\":\"\",\"potentialAction\":[{\"@type\":\"SearchAction\",\"target\":{\"@type\":\"EntryPoint\",\"urlTemplate\":\"https:\\\/\\\/interamerica.org\\\/es\\\/?s={search_term_string}\"},\"query-input\":{\"@type\":\"PropertyValueSpecification\",\"valueRequired\":true,\"valueName\":\"search_term_string\"}}],\"inLanguage\":\"es\"},{\"@type\":\"Person\",\"@id\":\"https:\\\/\\\/interamerica.org\\\/es\\\/#\\\/schema\\\/person\\\/68ede8bdc292885bb76c1e3810e73c39\",\"name\":\"Lorenzo Verduzco\",\"image\":{\"@type\":\"ImageObject\",\"inLanguage\":\"es\",\"@id\":\"https:\\\/\\\/secure.gravatar.com\\\/avatar\\\/fb81a55b6218459490a9c1dc841a34909185b81904c5337b4b27f7a6fd60c49e?s=96&d=mm&r=g\",\"url\":\"https:\\\/\\\/secure.gravatar.com\\\/avatar\\\/fb81a55b6218459490a9c1dc841a34909185b81904c5337b4b27f7a6fd60c49e?s=96&d=mm&r=g\",\"contentUrl\":\"https:\\\/\\\/secure.gravatar.com\\\/avatar\\\/fb81a55b6218459490a9c1dc841a34909185b81904c5337b4b27f7a6fd60c49e?s=96&d=mm&r=g\",\"caption\":\"Lorenzo Verduzco\"}}]}<\/script>\n<!-- \/ Yoast SEO plugin. -->","yoast_head_json":{"title":"Barry Black, pastor adventista y capell\u00e1n del Senado de Estados Unidos, es orador destacado durante el Desayuno Nacional de Oraci\u00f3n - Iglesia Adventista del S\u00e9ptimo D\u00eda - Divisi\u00f3n Interamericana","robots":{"index":"index","follow":"follow","max-snippet":"max-snippet:-1","max-image-preview":"max-image-preview:large","max-video-preview":"max-video-preview:-1"},"canonical":"https:\/\/interamerica.org\/es\/2017\/02\/barry-black-pastor-adventista-y-capellan-del-senado-de-estados-unidos-es-orador-destacado-durante-el-desayuno-nacional-de-oracion\/","og_locale":"es_ES","og_type":"article","og_title":"Barry Black, pastor adventista y capell\u00e1n del Senado de Estados Unidos, es orador destacado durante el Desayuno Nacional de Oraci\u00f3n - Iglesia Adventista del S\u00e9ptimo D\u00eda - Divisi\u00f3n Interamericana","og_description":"Al dirigirse al presidente de los Estados Unidos Donald J. Trump y a una sala llena de l\u00edderes pol\u00edticos y civiles \u2014as\u00ed como personalidades internacionales tales como el rey Abdul\u00e1 II de Jordania\u2014 este 2 de febrero en el 65\u00b0 Desayuno Nacional de Oraci\u00f3n en Washington, el Capell\u00e1n del Senado de los Estados Unidos y pastor adventista Barry C. Black record\u00f3 la motivaci\u00f3n que le dio su madre para que memorizara vers\u00edculos de la Biblia, lo que despert\u00f3 en \u00e9l el deseo para toda la vida de conocer al Autor de esas palabras.","og_url":"https:\/\/interamerica.org\/es\/2017\/02\/barry-black-pastor-adventista-y-capellan-del-senado-de-estados-unidos-es-orador-destacado-durante-el-desayuno-nacional-de-oracion\/","og_site_name":"Iglesia Adventista del S\u00e9ptimo D\u00eda - Divisi\u00f3n Interamericana","article_published_time":"2017-02-03T04:00:00+00:00","article_modified_time":"2017-12-05T11:14:07+00:00","og_image":[{"width":1000,"height":500,"url":"https:\/\/interamerica.org\/wp-content\/uploads\/2017\/06\/Senate-Chaplain-Barry-Black-Adventist-Pastor-Keynotes-US-National-Prayer-Breakfast.jpeg","type":"image\/jpeg"}],"author":"Lorenzo Verduzco","twitter_card":"summary_large_image","twitter_misc":{"Escrito por":"Lorenzo Verduzco","Tiempo de lectura":"3 minutos"},"schema":{"@context":"https:\/\/schema.org","@graph":[{"@type":"Article","@id":"https:\/\/interamerica.org\/es\/2017\/02\/barry-black-pastor-adventista-y-capellan-del-senado-de-estados-unidos-es-orador-destacado-durante-el-desayuno-nacional-de-oracion\/#article","isPartOf":{"@id":"https:\/\/interamerica.org\/es\/2017\/02\/barry-black-pastor-adventista-y-capellan-del-senado-de-estados-unidos-es-orador-destacado-durante-el-desayuno-nacional-de-oracion\/"},"author":{"name":"Lorenzo Verduzco","@id":"https:\/\/interamerica.org\/es\/#\/schema\/person\/68ede8bdc292885bb76c1e3810e73c39"},"headline":"Barry Black, pastor adventista y capell\u00e1n del Senado de Estados Unidos, es orador destacado durante el Desayuno Nacional de Oraci\u00f3n","datePublished":"2017-02-03T04:00:00+00:00","dateModified":"2017-12-05T11:14:07+00:00","mainEntityOfPage":{"@id":"https:\/\/interamerica.org\/es\/2017\/02\/barry-black-pastor-adventista-y-capellan-del-senado-de-estados-unidos-es-orador-destacado-durante-el-desayuno-nacional-de-oracion\/"},"wordCount":698,"image":{"@id":"https:\/\/interamerica.org\/es\/2017\/02\/barry-black-pastor-adventista-y-capellan-del-senado-de-estados-unidos-es-orador-destacado-durante-el-desayuno-nacional-de-oracion\/#primaryimage"},"thumbnailUrl":"https:\/\/interamerica.org\/wp-content\/uploads\/2017\/06\/Senate-Chaplain-Barry-Black-Adventist-Pastor-Keynotes-US-National-Prayer-Breakfast.jpeg","articleSection":["Desde la iglesia mundial","RSS Espa\u00f1ol"],"inLanguage":"es"},{"@type":"WebPage","@id":"https:\/\/interamerica.org\/es\/2017\/02\/barry-black-pastor-adventista-y-capellan-del-senado-de-estados-unidos-es-orador-destacado-durante-el-desayuno-nacional-de-oracion\/","url":"https:\/\/interamerica.org\/es\/2017\/02\/barry-black-pastor-adventista-y-capellan-del-senado-de-estados-unidos-es-orador-destacado-durante-el-desayuno-nacional-de-oracion\/","name":"Barry Black, pastor adventista y capell\u00e1n del Senado de Estados Unidos, es orador destacado durante el Desayuno Nacional de Oraci\u00f3n - Iglesia Adventista del S\u00e9ptimo D\u00eda - Divisi\u00f3n Interamericana","isPartOf":{"@id":"https:\/\/interamerica.org\/es\/#website"},"primaryImageOfPage":{"@id":"https:\/\/interamerica.org\/es\/2017\/02\/barry-black-pastor-adventista-y-capellan-del-senado-de-estados-unidos-es-orador-destacado-durante-el-desayuno-nacional-de-oracion\/#primaryimage"},"image":{"@id":"https:\/\/interamerica.org\/es\/2017\/02\/barry-black-pastor-adventista-y-capellan-del-senado-de-estados-unidos-es-orador-destacado-durante-el-desayuno-nacional-de-oracion\/#primaryimage"},"thumbnailUrl":"https:\/\/interamerica.org\/wp-content\/uploads\/2017\/06\/Senate-Chaplain-Barry-Black-Adventist-Pastor-Keynotes-US-National-Prayer-Breakfast.jpeg","datePublished":"2017-02-03T04:00:00+00:00","dateModified":"2017-12-05T11:14:07+00:00","author":{"@id":"https:\/\/interamerica.org\/es\/#\/schema\/person\/68ede8bdc292885bb76c1e3810e73c39"},"breadcrumb":{"@id":"https:\/\/interamerica.org\/es\/2017\/02\/barry-black-pastor-adventista-y-capellan-del-senado-de-estados-unidos-es-orador-destacado-durante-el-desayuno-nacional-de-oracion\/#breadcrumb"},"inLanguage":"es","potentialAction":[{"@type":"ReadAction","target":["https:\/\/interamerica.org\/es\/2017\/02\/barry-black-pastor-adventista-y-capellan-del-senado-de-estados-unidos-es-orador-destacado-durante-el-desayuno-nacional-de-oracion\/"]}]},{"@type":"ImageObject","inLanguage":"es","@id":"https:\/\/interamerica.org\/es\/2017\/02\/barry-black-pastor-adventista-y-capellan-del-senado-de-estados-unidos-es-orador-destacado-durante-el-desayuno-nacional-de-oracion\/#primaryimage","url":"https:\/\/interamerica.org\/wp-content\/uploads\/2017\/06\/Senate-Chaplain-Barry-Black-Adventist-Pastor-Keynotes-US-National-Prayer-Breakfast.jpeg","contentUrl":"https:\/\/interamerica.org\/wp-content\/uploads\/2017\/06\/Senate-Chaplain-Barry-Black-Adventist-Pastor-Keynotes-US-National-Prayer-Breakfast.jpeg","width":1000,"height":500},{"@type":"BreadcrumbList","@id":"https:\/\/interamerica.org\/es\/2017\/02\/barry-black-pastor-adventista-y-capellan-del-senado-de-estados-unidos-es-orador-destacado-durante-el-desayuno-nacional-de-oracion\/#breadcrumb","itemListElement":[{"@type":"ListItem","position":1,"name":"Home","item":"https:\/\/interamerica.org\/es\/"},{"@type":"ListItem","position":2,"name":"Barry Black, pastor adventista y capell\u00e1n del Senado de Estados Unidos, es orador destacado durante el Desayuno Nacional de Oraci\u00f3n"}]},{"@type":"WebSite","@id":"https:\/\/interamerica.org\/es\/#website","url":"https:\/\/interamerica.org\/es\/","name":"Iglesia Adventista del S\u00e9ptimo D\u00eda - Divisi\u00f3n Interamericana","description":"","potentialAction":[{"@type":"SearchAction","target":{"@type":"EntryPoint","urlTemplate":"https:\/\/interamerica.org\/es\/?s={search_term_string}"},"query-input":{"@type":"PropertyValueSpecification","valueRequired":true,"valueName":"search_term_string"}}],"inLanguage":"es"},{"@type":"Person","@id":"https:\/\/interamerica.org\/es\/#\/schema\/person\/68ede8bdc292885bb76c1e3810e73c39","name":"Lorenzo Verduzco","image":{"@type":"ImageObject","inLanguage":"es","@id":"https:\/\/secure.gravatar.com\/avatar\/fb81a55b6218459490a9c1dc841a34909185b81904c5337b4b27f7a6fd60c49e?s=96&d=mm&r=g","url":"https:\/\/secure.gravatar.com\/avatar\/fb81a55b6218459490a9c1dc841a34909185b81904c5337b4b27f7a6fd60c49e?s=96&d=mm&r=g","contentUrl":"https:\/\/secure.gravatar.com\/avatar\/fb81a55b6218459490a9c1dc841a34909185b81904c5337b4b27f7a6fd60c49e?s=96&d=mm&r=g","caption":"Lorenzo Verduzco"}}]}},"_links":{"self":[{"href":"https:\/\/interamerica.org\/es\/wp-json\/wp\/v2\/posts\/31328","targetHints":{"allow":["GET"]}}],"collection":[{"href":"https:\/\/interamerica.org\/es\/wp-json\/wp\/v2\/posts"}],"about":[{"href":"https:\/\/interamerica.org\/es\/wp-json\/wp\/v2\/types\/post"}],"author":[{"embeddable":true,"href":"https:\/\/interamerica.org\/es\/wp-json\/wp\/v2\/users\/1"}],"replies":[{"embeddable":true,"href":"https:\/\/interamerica.org\/es\/wp-json\/wp\/v2\/comments?post=31328"}],"version-history":[{"count":0,"href":"https:\/\/interamerica.org\/es\/wp-json\/wp\/v2\/posts\/31328\/revisions"}],"wp:featuredmedia":[{"embeddable":true,"href":"https:\/\/interamerica.org\/es\/wp-json\/wp\/v2\/media\/19636"}],"wp:attachment":[{"href":"https:\/\/interamerica.org\/es\/wp-json\/wp\/v2\/media?parent=31328"}],"wp:term":[{"taxonomy":"category","embeddable":true,"href":"https:\/\/interamerica.org\/es\/wp-json\/wp\/v2\/categories?post=31328"},{"taxonomy":"post_tag","embeddable":true,"href":"https:\/\/interamerica.org\/es\/wp-json\/wp\/v2\/tags?post=31328"}],"curies":[{"name":"wp","href":"https:\/\/api.w.org\/{rel}","templated":true}]}}