{"id":31330,"date":"2017-02-07T00:00:00","date_gmt":"2017-02-07T04:00:00","guid":{"rendered":"http:\/\/192.81.217.108\/interamerica\/2017\/02\/en-canada-pastor-adventista-comparte-la-esperanza-con-lideres-musulmanes\/"},"modified":"2017-12-05T06:49:50","modified_gmt":"2017-12-05T10:49:50","slug":"en-canada-pastor-adventista-comparte-la-esperanza-con-lideres-musulmanes","status":"publish","type":"post","link":"https:\/\/interamerica.org\/es\/2017\/02\/en-canada-pastor-adventista-comparte-la-esperanza-con-lideres-musulmanes\/","title":{"rendered":"En Canad\u00e1, pastor adventista comparte la esperanza con l\u00edderes musulmanes"},"content":{"rendered":"<div id=\"attachment_26702\" style=\"width: 702px\" class=\"wp-caption aligncenter\"><a href=\"\/interamerica\/wp-content\/uploads\/2017\/06\/MarkhamCivicCenter8.jpeg\" rel=\"fancybox\" title=\"En Canad\u00e1, pastor adventista comparte la esperanza con l\u00edderes musulmanes\"><img fetchpriority=\"high\" decoding=\"async\" aria-describedby=\"caption-attachment-26702\" class=\" wp-image-26702\" src=\"\/interamerica\/wp-content\/uploads\/2017\/06\/MarkhamCivicCenter8.jpeg\" alt=\"\" width=\"692\" height=\"346\" \/><\/a><p id=\"caption-attachment-26702\" class=\"wp-caption-text\">Mansfield Edwards, pastor adventista y presidente de la Asociaci\u00f3n de Ontario de la Iglesia Adventista dio un mensaje a los l\u00edderes musulmanes y otras personas durante un evento reciente en la C\u00e1mara del Concejo del Centro C\u00edvico de Markham, en Markham, Ontario, Canad\u00e1. Imagen de Wikimedia Commons<\/p><\/div>\n<p>7 de febrero de 2017 | Markham, Ontario, Canad\u00e1 | Marcos Paseggi, Adventist Review<\/p>\n<p>Un l\u00edder, pastor y capell\u00e1n adventista de la polic\u00eda en Canad\u00e1 tuvo hace poco una oportunidad in\u00e9dita de testificar a los musulmanes que viven en una populosa zona al noreste de la ciudad de Toronto.<\/p>\n<p>El pastor Mansfield Edwards fue orador invitado en una de las vigilias organizadas por los diversos niveles del gobierno el 1 de febrero, luego del tiroteo en una mezquita de Quebec City que, seg\u00fan informes de los medios, dej\u00f3 seis muertos y al menos 19 heridos el pasado 29 de enero.<\/p>\n<p>Edwards, que es presidente de la Asociaci\u00f3n de Ontario de la Iglesia Adventista, fue invitado a dirigir un mensaje a los l\u00edderes religiosos y civiles, como as\u00ed tambi\u00e9n a los miembros de la comunidad \u2014la mayor\u00eda de ellos musulmana\u2014 que atestaron la C\u00e1mara del Concejo del Centro C\u00edvico de Markham, en Markham, Ontario.<\/p>\n<p>La vigilia fue citada por Frank Scarpatti, el alcalde de Markham. Su objetivo, seg\u00fan los sitios web oficiales de la ciudad, fue \u201challar una manera de expresar [\u2026] el dolor y la tristeza\u201d, y de \u201cmostrar solidaridad con nuestra comunidad musulmana\u201d. La ciudad de Markham, que tienen m\u00e1s de 300 mil habitantes, es conocida por su poblaci\u00f3n multi\u00e9tnica y multirracial. Seg\u00fan el Censo Canadiense 2011, m\u00e1s de 22 mil personas, o el 7,3 por ciento de la poblaci\u00f3n, se identifica como de religi\u00f3n musulmana.<\/p>\n<p>Un par de d\u00edas antes de la vigilia, Edwards recibi\u00f3 una llamada de Eric Jolliffe, Comisario General de la Polic\u00eda Regional de York, una regi\u00f3n de cinco distritos que incluye a Markham. A lo largo de los a\u00f1os, Edwards ha sido voluntario como capell\u00e1n de la polic\u00eda, y ha cultivado una buena relaci\u00f3n con las fuerzas del orden. El pastor se sinti\u00f3 entusiasmado al enterarse de que lo estaban invitando a hablar en el evento regional.<\/p>\n<p>\u201cEstas personas necesitan esperanza\u201d, dijo Jolliffe al informarle de la vigilia, seg\u00fan Edwards. \u201cY usted tienen justo lo que necesita. Creo que usted es la persona adecuada para esa tarea\u201d.<\/p>\n<p>Durante la vigilia de dos horas, varios imanes y l\u00edderes de la comunidad musulmana, as\u00ed como autoridades religiosas, pol\u00edticas y diplom\u00e1ticas de diversas religiones (un total de cuatrocientas personas) siguieron el programa en el auditorio, mientras que otras cien miraron la ceremonia en una pantalla de televisi\u00f3n ubicada fuera de la c\u00e1mara principal.<\/p>\n<p>El mensaje de esperanza de Edwards fue bien recibido, seg\u00fan lo demuestra el n\u00famero de personas que se le acercaron al finalizar la vigilia.<\/p>\n<p>\u201cVarios abogados y respetados l\u00edderes de la comunidad musulmana vinieron a hablarme despu\u00e9s de la reuni\u00f3n, pidiendo mi informaci\u00f3n de contacto\u201d, dijo Edwards a la Adventist Review, mientras compart\u00eda algunos de los mensajes de texto y los correos electr\u00f3nicos que ha recibido desde entonces. \u201cQuieren seguir hablando de esta esperanza, de este optimismo que tenemos respecto del futuro\u201d.<\/p>\n<p>Edwards ya ha hecho arreglos para encontrarse con algunos de ellos, para seguir respondiendo sus preguntas y compartiendo la esperanza que los adventistas tienen en Jes\u00fas. \u201cDios puede abrir puertas cuando y donde menos lo esperamos\u201d, dijo Edwards. \u201cServimos a un Dios que viene recuperando terreno; sabemos que al final, su amor siempre triunfar\u00e1\u201d.<\/p>\n<p>Traducci\u00f3n de Marcos Paseggi<\/p>\n","protected":false},"excerpt":{"rendered":"<p>Un l\u00edder, pastor y capell\u00e1n adventista de la polic\u00eda en Canad\u00e1 tuvo hace poco una oportunidad in\u00e9dita de testificar a los musulmanes que viven en una populosa zona al noreste de la ciudad de Toronto. El pastor Mansfield Edwards fue orador invitado en una de las vigilias organizadas por los diversos niveles del gobierno el 1 de febrero, luego del tiroteo en una mezquita de Quebec City que, seg\u00fan informes de los medios, dej\u00f3 seis muertos y al menos 19 heridos el pasado 29 de enero.<\/p>\n","protected":false},"author":1,"featured_media":19647,"comment_status":"closed","ping_status":"closed","sticky":false,"template":"","format":"standard","meta":{"_acf_changed":false,"footnotes":""},"categories":[14,15],"tags":[],"class_list":["post-31330","post","type-post","status-publish","format-standard","has-post-thumbnail","hentry","category-de-la-iglesia-mundial","category-rss-espanol"],"acf":[],"yoast_head":"<!-- This site is optimized with the Yoast SEO plugin v27.3 - https:\/\/yoast.com\/product\/yoast-seo-wordpress\/ -->\n<title>En Canad\u00e1, pastor adventista comparte la esperanza con l\u00edderes musulmanes - Iglesia Adventista del S\u00e9ptimo D\u00eda - Divisi\u00f3n Interamericana<\/title>\n<meta name=\"robots\" content=\"index, follow, max-snippet:-1, max-image-preview:large, max-video-preview:-1\" \/>\n<link rel=\"canonical\" href=\"https:\/\/interamerica.org\/es\/2017\/02\/en-canada-pastor-adventista-comparte-la-esperanza-con-lideres-musulmanes\/\" \/>\n<meta property=\"og:locale\" content=\"es_ES\" \/>\n<meta property=\"og:type\" content=\"article\" \/>\n<meta property=\"og:title\" content=\"En Canad\u00e1, pastor adventista comparte la esperanza con l\u00edderes musulmanes - Iglesia Adventista del S\u00e9ptimo D\u00eda - Divisi\u00f3n Interamericana\" \/>\n<meta property=\"og:description\" content=\"Un l\u00edder, pastor y capell\u00e1n adventista de la polic\u00eda en Canad\u00e1 tuvo hace poco una oportunidad in\u00e9dita de testificar a los musulmanes que viven en una populosa zona al noreste de la ciudad de Toronto. El pastor Mansfield Edwards fue orador invitado en una de las vigilias organizadas por los diversos niveles del gobierno el 1 de febrero, luego del tiroteo en una mezquita de Quebec City que, seg\u00fan informes de los medios, dej\u00f3 seis muertos y al menos 19 heridos el pasado 29 de enero.\" \/>\n<meta property=\"og:url\" content=\"https:\/\/interamerica.org\/es\/2017\/02\/en-canada-pastor-adventista-comparte-la-esperanza-con-lideres-musulmanes\/\" \/>\n<meta property=\"og:site_name\" content=\"Iglesia Adventista del S\u00e9ptimo D\u00eda - Divisi\u00f3n Interamericana\" \/>\n<meta property=\"article:published_time\" content=\"2017-02-07T04:00:00+00:00\" \/>\n<meta property=\"article:modified_time\" content=\"2017-12-05T10:49:50+00:00\" \/>\n<meta property=\"og:image\" content=\"https:\/\/interamerica.org\/wp-content\/uploads\/2017\/06\/MarkhamCivicCenter8.jpeg\" \/>\n\t<meta property=\"og:image:width\" content=\"1000\" \/>\n\t<meta property=\"og:image:height\" content=\"500\" \/>\n\t<meta property=\"og:image:type\" content=\"image\/jpeg\" \/>\n<meta name=\"author\" content=\"Lorenzo Verduzco\" \/>\n<meta name=\"twitter:card\" content=\"summary_large_image\" \/>\n<meta name=\"twitter:label1\" content=\"Escrito por\" \/>\n\t<meta name=\"twitter:data1\" content=\"Lorenzo Verduzco\" \/>\n\t<meta name=\"twitter:label2\" content=\"Tiempo de lectura\" \/>\n\t<meta name=\"twitter:data2\" content=\"3 minutos\" \/>\n<script type=\"application\/ld+json\" class=\"yoast-schema-graph\">{\"@context\":\"https:\\\/\\\/schema.org\",\"@graph\":[{\"@type\":\"Article\",\"@id\":\"https:\\\/\\\/interamerica.org\\\/es\\\/2017\\\/02\\\/en-canada-pastor-adventista-comparte-la-esperanza-con-lideres-musulmanes\\\/#article\",\"isPartOf\":{\"@id\":\"https:\\\/\\\/interamerica.org\\\/es\\\/2017\\\/02\\\/en-canada-pastor-adventista-comparte-la-esperanza-con-lideres-musulmanes\\\/\"},\"author\":{\"name\":\"Lorenzo Verduzco\",\"@id\":\"https:\\\/\\\/interamerica.org\\\/es\\\/#\\\/schema\\\/person\\\/68ede8bdc292885bb76c1e3810e73c39\"},\"headline\":\"En Canad\u00e1, pastor adventista comparte la esperanza con l\u00edderes musulmanes\",\"datePublished\":\"2017-02-07T04:00:00+00:00\",\"dateModified\":\"2017-12-05T10:49:50+00:00\",\"mainEntityOfPage\":{\"@id\":\"https:\\\/\\\/interamerica.org\\\/es\\\/2017\\\/02\\\/en-canada-pastor-adventista-comparte-la-esperanza-con-lideres-musulmanes\\\/\"},\"wordCount\":635,\"image\":{\"@id\":\"https:\\\/\\\/interamerica.org\\\/es\\\/2017\\\/02\\\/en-canada-pastor-adventista-comparte-la-esperanza-con-lideres-musulmanes\\\/#primaryimage\"},\"thumbnailUrl\":\"https:\\\/\\\/interamerica.org\\\/wp-content\\\/uploads\\\/2017\\\/06\\\/MarkhamCivicCenter8.jpeg\",\"articleSection\":[\"Desde la iglesia mundial\",\"RSS Espa\u00f1ol\"],\"inLanguage\":\"es\"},{\"@type\":\"WebPage\",\"@id\":\"https:\\\/\\\/interamerica.org\\\/es\\\/2017\\\/02\\\/en-canada-pastor-adventista-comparte-la-esperanza-con-lideres-musulmanes\\\/\",\"url\":\"https:\\\/\\\/interamerica.org\\\/es\\\/2017\\\/02\\\/en-canada-pastor-adventista-comparte-la-esperanza-con-lideres-musulmanes\\\/\",\"name\":\"En Canad\u00e1, pastor adventista comparte la esperanza con l\u00edderes musulmanes - Iglesia Adventista del S\u00e9ptimo D\u00eda - Divisi\u00f3n Interamericana\",\"isPartOf\":{\"@id\":\"https:\\\/\\\/interamerica.org\\\/es\\\/#website\"},\"primaryImageOfPage\":{\"@id\":\"https:\\\/\\\/interamerica.org\\\/es\\\/2017\\\/02\\\/en-canada-pastor-adventista-comparte-la-esperanza-con-lideres-musulmanes\\\/#primaryimage\"},\"image\":{\"@id\":\"https:\\\/\\\/interamerica.org\\\/es\\\/2017\\\/02\\\/en-canada-pastor-adventista-comparte-la-esperanza-con-lideres-musulmanes\\\/#primaryimage\"},\"thumbnailUrl\":\"https:\\\/\\\/interamerica.org\\\/wp-content\\\/uploads\\\/2017\\\/06\\\/MarkhamCivicCenter8.jpeg\",\"datePublished\":\"2017-02-07T04:00:00+00:00\",\"dateModified\":\"2017-12-05T10:49:50+00:00\",\"author\":{\"@id\":\"https:\\\/\\\/interamerica.org\\\/es\\\/#\\\/schema\\\/person\\\/68ede8bdc292885bb76c1e3810e73c39\"},\"breadcrumb\":{\"@id\":\"https:\\\/\\\/interamerica.org\\\/es\\\/2017\\\/02\\\/en-canada-pastor-adventista-comparte-la-esperanza-con-lideres-musulmanes\\\/#breadcrumb\"},\"inLanguage\":\"es\",\"potentialAction\":[{\"@type\":\"ReadAction\",\"target\":[\"https:\\\/\\\/interamerica.org\\\/es\\\/2017\\\/02\\\/en-canada-pastor-adventista-comparte-la-esperanza-con-lideres-musulmanes\\\/\"]}]},{\"@type\":\"ImageObject\",\"inLanguage\":\"es\",\"@id\":\"https:\\\/\\\/interamerica.org\\\/es\\\/2017\\\/02\\\/en-canada-pastor-adventista-comparte-la-esperanza-con-lideres-musulmanes\\\/#primaryimage\",\"url\":\"https:\\\/\\\/interamerica.org\\\/wp-content\\\/uploads\\\/2017\\\/06\\\/MarkhamCivicCenter8.jpeg\",\"contentUrl\":\"https:\\\/\\\/interamerica.org\\\/wp-content\\\/uploads\\\/2017\\\/06\\\/MarkhamCivicCenter8.jpeg\",\"width\":1000,\"height\":500},{\"@type\":\"BreadcrumbList\",\"@id\":\"https:\\\/\\\/interamerica.org\\\/es\\\/2017\\\/02\\\/en-canada-pastor-adventista-comparte-la-esperanza-con-lideres-musulmanes\\\/#breadcrumb\",\"itemListElement\":[{\"@type\":\"ListItem\",\"position\":1,\"name\":\"Home\",\"item\":\"https:\\\/\\\/interamerica.org\\\/es\\\/\"},{\"@type\":\"ListItem\",\"position\":2,\"name\":\"En Canad\u00e1, pastor adventista comparte la esperanza con l\u00edderes musulmanes\"}]},{\"@type\":\"WebSite\",\"@id\":\"https:\\\/\\\/interamerica.org\\\/es\\\/#website\",\"url\":\"https:\\\/\\\/interamerica.org\\\/es\\\/\",\"name\":\"Iglesia Adventista del S\u00e9ptimo D\u00eda - Divisi\u00f3n Interamericana\",\"description\":\"\",\"potentialAction\":[{\"@type\":\"SearchAction\",\"target\":{\"@type\":\"EntryPoint\",\"urlTemplate\":\"https:\\\/\\\/interamerica.org\\\/es\\\/?s={search_term_string}\"},\"query-input\":{\"@type\":\"PropertyValueSpecification\",\"valueRequired\":true,\"valueName\":\"search_term_string\"}}],\"inLanguage\":\"es\"},{\"@type\":\"Person\",\"@id\":\"https:\\\/\\\/interamerica.org\\\/es\\\/#\\\/schema\\\/person\\\/68ede8bdc292885bb76c1e3810e73c39\",\"name\":\"Lorenzo Verduzco\",\"image\":{\"@type\":\"ImageObject\",\"inLanguage\":\"es\",\"@id\":\"https:\\\/\\\/secure.gravatar.com\\\/avatar\\\/fb81a55b6218459490a9c1dc841a34909185b81904c5337b4b27f7a6fd60c49e?s=96&d=mm&r=g\",\"url\":\"https:\\\/\\\/secure.gravatar.com\\\/avatar\\\/fb81a55b6218459490a9c1dc841a34909185b81904c5337b4b27f7a6fd60c49e?s=96&d=mm&r=g\",\"contentUrl\":\"https:\\\/\\\/secure.gravatar.com\\\/avatar\\\/fb81a55b6218459490a9c1dc841a34909185b81904c5337b4b27f7a6fd60c49e?s=96&d=mm&r=g\",\"caption\":\"Lorenzo Verduzco\"}}]}<\/script>\n<!-- \/ Yoast SEO plugin. -->","yoast_head_json":{"title":"En Canad\u00e1, pastor adventista comparte la esperanza con l\u00edderes musulmanes - Iglesia Adventista del S\u00e9ptimo D\u00eda - Divisi\u00f3n Interamericana","robots":{"index":"index","follow":"follow","max-snippet":"max-snippet:-1","max-image-preview":"max-image-preview:large","max-video-preview":"max-video-preview:-1"},"canonical":"https:\/\/interamerica.org\/es\/2017\/02\/en-canada-pastor-adventista-comparte-la-esperanza-con-lideres-musulmanes\/","og_locale":"es_ES","og_type":"article","og_title":"En Canad\u00e1, pastor adventista comparte la esperanza con l\u00edderes musulmanes - Iglesia Adventista del S\u00e9ptimo D\u00eda - Divisi\u00f3n Interamericana","og_description":"Un l\u00edder, pastor y capell\u00e1n adventista de la polic\u00eda en Canad\u00e1 tuvo hace poco una oportunidad in\u00e9dita de testificar a los musulmanes que viven en una populosa zona al noreste de la ciudad de Toronto. El pastor Mansfield Edwards fue orador invitado en una de las vigilias organizadas por los diversos niveles del gobierno el 1 de febrero, luego del tiroteo en una mezquita de Quebec City que, seg\u00fan informes de los medios, dej\u00f3 seis muertos y al menos 19 heridos el pasado 29 de enero.","og_url":"https:\/\/interamerica.org\/es\/2017\/02\/en-canada-pastor-adventista-comparte-la-esperanza-con-lideres-musulmanes\/","og_site_name":"Iglesia Adventista del S\u00e9ptimo D\u00eda - Divisi\u00f3n Interamericana","article_published_time":"2017-02-07T04:00:00+00:00","article_modified_time":"2017-12-05T10:49:50+00:00","og_image":[{"width":1000,"height":500,"url":"https:\/\/interamerica.org\/wp-content\/uploads\/2017\/06\/MarkhamCivicCenter8.jpeg","type":"image\/jpeg"}],"author":"Lorenzo Verduzco","twitter_card":"summary_large_image","twitter_misc":{"Escrito por":"Lorenzo Verduzco","Tiempo de lectura":"3 minutos"},"schema":{"@context":"https:\/\/schema.org","@graph":[{"@type":"Article","@id":"https:\/\/interamerica.org\/es\/2017\/02\/en-canada-pastor-adventista-comparte-la-esperanza-con-lideres-musulmanes\/#article","isPartOf":{"@id":"https:\/\/interamerica.org\/es\/2017\/02\/en-canada-pastor-adventista-comparte-la-esperanza-con-lideres-musulmanes\/"},"author":{"name":"Lorenzo Verduzco","@id":"https:\/\/interamerica.org\/es\/#\/schema\/person\/68ede8bdc292885bb76c1e3810e73c39"},"headline":"En Canad\u00e1, pastor adventista comparte la esperanza con l\u00edderes musulmanes","datePublished":"2017-02-07T04:00:00+00:00","dateModified":"2017-12-05T10:49:50+00:00","mainEntityOfPage":{"@id":"https:\/\/interamerica.org\/es\/2017\/02\/en-canada-pastor-adventista-comparte-la-esperanza-con-lideres-musulmanes\/"},"wordCount":635,"image":{"@id":"https:\/\/interamerica.org\/es\/2017\/02\/en-canada-pastor-adventista-comparte-la-esperanza-con-lideres-musulmanes\/#primaryimage"},"thumbnailUrl":"https:\/\/interamerica.org\/wp-content\/uploads\/2017\/06\/MarkhamCivicCenter8.jpeg","articleSection":["Desde la iglesia mundial","RSS Espa\u00f1ol"],"inLanguage":"es"},{"@type":"WebPage","@id":"https:\/\/interamerica.org\/es\/2017\/02\/en-canada-pastor-adventista-comparte-la-esperanza-con-lideres-musulmanes\/","url":"https:\/\/interamerica.org\/es\/2017\/02\/en-canada-pastor-adventista-comparte-la-esperanza-con-lideres-musulmanes\/","name":"En Canad\u00e1, pastor adventista comparte la esperanza con l\u00edderes musulmanes - Iglesia Adventista del S\u00e9ptimo D\u00eda - Divisi\u00f3n Interamericana","isPartOf":{"@id":"https:\/\/interamerica.org\/es\/#website"},"primaryImageOfPage":{"@id":"https:\/\/interamerica.org\/es\/2017\/02\/en-canada-pastor-adventista-comparte-la-esperanza-con-lideres-musulmanes\/#primaryimage"},"image":{"@id":"https:\/\/interamerica.org\/es\/2017\/02\/en-canada-pastor-adventista-comparte-la-esperanza-con-lideres-musulmanes\/#primaryimage"},"thumbnailUrl":"https:\/\/interamerica.org\/wp-content\/uploads\/2017\/06\/MarkhamCivicCenter8.jpeg","datePublished":"2017-02-07T04:00:00+00:00","dateModified":"2017-12-05T10:49:50+00:00","author":{"@id":"https:\/\/interamerica.org\/es\/#\/schema\/person\/68ede8bdc292885bb76c1e3810e73c39"},"breadcrumb":{"@id":"https:\/\/interamerica.org\/es\/2017\/02\/en-canada-pastor-adventista-comparte-la-esperanza-con-lideres-musulmanes\/#breadcrumb"},"inLanguage":"es","potentialAction":[{"@type":"ReadAction","target":["https:\/\/interamerica.org\/es\/2017\/02\/en-canada-pastor-adventista-comparte-la-esperanza-con-lideres-musulmanes\/"]}]},{"@type":"ImageObject","inLanguage":"es","@id":"https:\/\/interamerica.org\/es\/2017\/02\/en-canada-pastor-adventista-comparte-la-esperanza-con-lideres-musulmanes\/#primaryimage","url":"https:\/\/interamerica.org\/wp-content\/uploads\/2017\/06\/MarkhamCivicCenter8.jpeg","contentUrl":"https:\/\/interamerica.org\/wp-content\/uploads\/2017\/06\/MarkhamCivicCenter8.jpeg","width":1000,"height":500},{"@type":"BreadcrumbList","@id":"https:\/\/interamerica.org\/es\/2017\/02\/en-canada-pastor-adventista-comparte-la-esperanza-con-lideres-musulmanes\/#breadcrumb","itemListElement":[{"@type":"ListItem","position":1,"name":"Home","item":"https:\/\/interamerica.org\/es\/"},{"@type":"ListItem","position":2,"name":"En Canad\u00e1, pastor adventista comparte la esperanza con l\u00edderes musulmanes"}]},{"@type":"WebSite","@id":"https:\/\/interamerica.org\/es\/#website","url":"https:\/\/interamerica.org\/es\/","name":"Iglesia Adventista del S\u00e9ptimo D\u00eda - Divisi\u00f3n Interamericana","description":"","potentialAction":[{"@type":"SearchAction","target":{"@type":"EntryPoint","urlTemplate":"https:\/\/interamerica.org\/es\/?s={search_term_string}"},"query-input":{"@type":"PropertyValueSpecification","valueRequired":true,"valueName":"search_term_string"}}],"inLanguage":"es"},{"@type":"Person","@id":"https:\/\/interamerica.org\/es\/#\/schema\/person\/68ede8bdc292885bb76c1e3810e73c39","name":"Lorenzo Verduzco","image":{"@type":"ImageObject","inLanguage":"es","@id":"https:\/\/secure.gravatar.com\/avatar\/fb81a55b6218459490a9c1dc841a34909185b81904c5337b4b27f7a6fd60c49e?s=96&d=mm&r=g","url":"https:\/\/secure.gravatar.com\/avatar\/fb81a55b6218459490a9c1dc841a34909185b81904c5337b4b27f7a6fd60c49e?s=96&d=mm&r=g","contentUrl":"https:\/\/secure.gravatar.com\/avatar\/fb81a55b6218459490a9c1dc841a34909185b81904c5337b4b27f7a6fd60c49e?s=96&d=mm&r=g","caption":"Lorenzo Verduzco"}}]}},"_links":{"self":[{"href":"https:\/\/interamerica.org\/es\/wp-json\/wp\/v2\/posts\/31330","targetHints":{"allow":["GET"]}}],"collection":[{"href":"https:\/\/interamerica.org\/es\/wp-json\/wp\/v2\/posts"}],"about":[{"href":"https:\/\/interamerica.org\/es\/wp-json\/wp\/v2\/types\/post"}],"author":[{"embeddable":true,"href":"https:\/\/interamerica.org\/es\/wp-json\/wp\/v2\/users\/1"}],"replies":[{"embeddable":true,"href":"https:\/\/interamerica.org\/es\/wp-json\/wp\/v2\/comments?post=31330"}],"version-history":[{"count":0,"href":"https:\/\/interamerica.org\/es\/wp-json\/wp\/v2\/posts\/31330\/revisions"}],"wp:featuredmedia":[{"embeddable":true,"href":"https:\/\/interamerica.org\/es\/wp-json\/wp\/v2\/media\/19647"}],"wp:attachment":[{"href":"https:\/\/interamerica.org\/es\/wp-json\/wp\/v2\/media?parent=31330"}],"wp:term":[{"taxonomy":"category","embeddable":true,"href":"https:\/\/interamerica.org\/es\/wp-json\/wp\/v2\/categories?post=31330"},{"taxonomy":"post_tag","embeddable":true,"href":"https:\/\/interamerica.org\/es\/wp-json\/wp\/v2\/tags?post=31330"}],"curies":[{"name":"wp","href":"https:\/\/api.w.org\/{rel}","templated":true}]}}