{"id":31352,"date":"2017-03-07T00:00:00","date_gmt":"2017-03-07T04:00:00","guid":{"rendered":"http:\/\/192.81.217.108\/interamerica\/2017\/03\/defensor-de-la-libertad-religiosa-es-honrado-por-la-sociedad-de-derecho-internacional\/"},"modified":"2017-11-27T19:31:44","modified_gmt":"2017-11-27T23:31:44","slug":"defensor-de-la-libertad-religiosa-es-honrado-por-la-sociedad-de-derecho-internacional","status":"publish","type":"post","link":"https:\/\/interamerica.org\/es\/2017\/03\/defensor-de-la-libertad-religiosa-es-honrado-por-la-sociedad-de-derecho-internacional\/","title":{"rendered":"Defensor de la libertad religiosa es honrado por la Sociedad de Derecho Internacional"},"content":{"rendered":"<div class=\"article__meta\">\n<div id=\"attachment_27141\" style=\"width: 660px\" class=\"wp-caption aligncenter\"><a href=\"\/interamerica\/wp-content\/uploads\/2017\/06\/csm_Philadelphia-Kane-Award2-2017_991932779b.jpeg\" rel=\"fancybox\" title=\"Defensor de la libertad religiosa es honrado por la Sociedad de Derecho Internacional\"><img fetchpriority=\"high\" decoding=\"async\" aria-describedby=\"caption-attachment-27141\" class=\" wp-image-27141\" src=\"\/interamerica\/wp-content\/uploads\/2017\/06\/csm_Philadelphia-Kane-Award2-2017_991932779b.jpeg\" alt=\"\" width=\"650\" height=\"366\" \/><\/a><p id=\"caption-attachment-27141\" class=\"wp-caption-text\">Ganoune Diop dirigi\u00e9ndose a los asistentes durante la conferencia de la Sociedad de Derecho J. Reuben Clark, despu\u00e9s de aceptar el Premio de Libertad Religiosa Thomas L. Kane 2017, el 17 de febrero del presente. Imagen cortes\u00eda del Departamento de Asuntos P\u00fablicos y Libertad Religiosa<\/p><\/div>\n<\/div>\n<div class=\"article__meta\"><\/div>\n<div class=\"article__meta\"><span class=\"pub_date font--secondary--s gray can-be--white\">6 de marzo, 2017<\/span> <span class=\"divider\">|<\/span> <span class=\"pub_region font--secondary--s gray can-be--white\">Silver Spring, Maryland, Estados Unidos<\/span> <span class=\"divider\">|<\/span> <span class=\"byline font--secondary--s gray can-be--white\">Bettina Krause, directora de comunicaci\u00f3n, Asociaci\u00f3n Internacional de Libertad Religiosa<\/span><\/div>\n<div class=\"article__meta\">\n<p>Un destacado defensor adventista de la libertad religiosa fue honrado el mes pasado por su entrega y dedicaci\u00f3n a la promoci\u00f3n de la libertad religiosa como un derecho humano fundamental. Ganoune Diop, PhD, director de asuntos p\u00fablicos y libertad religiosa de la iglesia adventista mundial, recibi\u00f3 el Premio de Libertad Religiosa Thomas L. Kane 2017, el 17 de febrero del presente, durante la conferencia anual de tres d\u00edas de duraci\u00f3n de la Sociedad de Derecho J. Reuben Clark, en Filadelfia, Pennsylvania.<\/p>\n<p>Al aceptar este reconocimiento, Ganoune Diop les dijo a los asistentes a la conferencia, que la libertad religiosa no es un limitado y estrecho derecho legal, sino una libertad humana fundamental que sirve de apoyo a un amplio espectro de otros derechos fundamentales. Prometi\u00f3 continuar esforz\u00e1ndose \u201cdel lado de la vida\u201d, promoviendo una cultura de libertad, la dignidad de lo diferente y lo sagrado de todo ser humano al haber sido todos creados a la imagen de Dios\u201d.<\/p>\n<p>Ganoune Diop recibi\u00f3 este premio en virtud de sus a\u00f1os invertidos en la promoci\u00f3n de la libertad religiosa en las Naciones Unidas y otras organizaciones internacionales y nacionales, por la amplitud de sus escritos publicados, por su labor para instruir a otros defensores de la libertad religiosa y por su papel desempe\u00f1ado como Secretario General de la Asociaci\u00f3n Internacional de Libertad Religiosa.<\/p>\n<p>Al hablar m\u00e1s tarde, el secretario general Diop dijo que este premio era tambi\u00e9n un impl\u00edcito reconocimiento a la entrega y compromiso continuo de la Iglesia Adventista de trabajar en favor de la libertad religiosa para todos, no solamente para las personas dentro de la fe adventista.<\/p>\n<p>\u201cEste amplio enfoque hacia la libertad religiosa surge de nuestra comprensi\u00f3n de libertad como algo inscrito ya en nuestro ADN en la creaci\u00f3n; es una parte esencial de todos los pactos genuinos entre la humanidad y Dios\u201d, explic\u00f3. \u201cY por esta raz\u00f3n, la libertad religiosa no le pertenece solamente a una persona o grupo de personas, sino que es para todos, aun para aquellos con quienes no estamos de acuerdo. Es sencillamente parte de la esencia del ser humano\u201d.<\/p>\n<p>La Sociedad de Derecho J. Reuben Clark, es una organizaci\u00f3n profesional global para abogados y estudiantes de derecho, de fe religiosa, que cuenta con aproximadamente 190 cap\u00edtulos en seis continentes. El Premio Thomas L. Kane lleva ese nombre en honor de un renombrado abogado y abolicionista en el siglo diecinueve, en Filadelfia, quien arriesg\u00f3 su reputaci\u00f3n con el fin de prestar ayuda legal y pol\u00edtica a miembros de la Iglesia de Jesucristo de los Santos de los \u00daltimos D\u00edas, la cual era entonces una ampliamente denigrada y perseguida minor\u00eda religiosa.<\/p>\n<\/div>\n<p>Traducci\u00f3n \u2013 Gloria A. Castrej\u00f3n<\/p>\n","protected":false},"excerpt":{"rendered":"<p>Un destacado defensor adventista de la libertad religiosa fue honrado el mes pasado por su entrega y dedicaci\u00f3n a la promoci\u00f3n de la libertad religiosa como un derecho humano fundamental. Ganoune Diop, PhD, director de asuntos p\u00fablicos y libertad religiosa de la iglesia adventista mundial, recibi\u00f3 el Premio de Libertad Religiosa Thomas L. Kane 2017, el 17 de febrero del presente, durante la conferencia anual de tres d\u00edas de duraci\u00f3n de la Sociedad de Derecho J. Reuben Clark, en Filadelfia, Pennsylvania.<\/p>\n","protected":false},"author":1,"featured_media":29314,"comment_status":"closed","ping_status":"closed","sticky":false,"template":"","format":"standard","meta":{"_acf_changed":false,"footnotes":""},"categories":[14,15],"tags":[],"class_list":["post-31352","post","type-post","status-publish","format-standard","has-post-thumbnail","hentry","category-de-la-iglesia-mundial","category-rss-espanol"],"acf":[],"yoast_head":"<!-- This site is optimized with the Yoast SEO plugin v27.3 - https:\/\/yoast.com\/product\/yoast-seo-wordpress\/ -->\n<title>Defensor de la libertad religiosa es honrado por la Sociedad de Derecho Internacional - Iglesia Adventista del S\u00e9ptimo D\u00eda - Divisi\u00f3n Interamericana<\/title>\n<meta name=\"robots\" content=\"index, follow, max-snippet:-1, max-image-preview:large, max-video-preview:-1\" \/>\n<link rel=\"canonical\" href=\"https:\/\/interamerica.org\/es\/2017\/03\/defensor-de-la-libertad-religiosa-es-honrado-por-la-sociedad-de-derecho-internacional\/\" \/>\n<meta property=\"og:locale\" content=\"es_ES\" \/>\n<meta property=\"og:type\" content=\"article\" \/>\n<meta property=\"og:title\" content=\"Defensor de la libertad religiosa es honrado por la Sociedad de Derecho Internacional - Iglesia Adventista del S\u00e9ptimo D\u00eda - Divisi\u00f3n Interamericana\" \/>\n<meta property=\"og:description\" content=\"Un destacado defensor adventista de la libertad religiosa fue honrado el mes pasado por su entrega y dedicaci\u00f3n a la promoci\u00f3n de la libertad religiosa como un derecho humano fundamental. Ganoune Diop, PhD, director de asuntos p\u00fablicos y libertad religiosa de la iglesia adventista mundial, recibi\u00f3 el Premio de Libertad Religiosa Thomas L. Kane 2017, el 17 de febrero del presente, durante la conferencia anual de tres d\u00edas de duraci\u00f3n de la Sociedad de Derecho J. Reuben Clark, en Filadelfia, Pennsylvania.\" \/>\n<meta property=\"og:url\" content=\"https:\/\/interamerica.org\/es\/2017\/03\/defensor-de-la-libertad-religiosa-es-honrado-por-la-sociedad-de-derecho-internacional\/\" \/>\n<meta property=\"og:site_name\" content=\"Iglesia Adventista del S\u00e9ptimo D\u00eda - Divisi\u00f3n Interamericana\" \/>\n<meta property=\"article:published_time\" content=\"2017-03-07T04:00:00+00:00\" \/>\n<meta property=\"article:modified_time\" content=\"2017-11-27T23:31:44+00:00\" \/>\n<meta property=\"og:image\" content=\"https:\/\/interamerica.org\/wp-content\/uploads\/2017\/06\/csm_Philadelphia-Kane-Award2-2017_991932779b.jpeg\" \/>\n\t<meta property=\"og:image:width\" content=\"672\" \/>\n\t<meta property=\"og:image:height\" content=\"378\" \/>\n\t<meta property=\"og:image:type\" content=\"image\/jpeg\" \/>\n<meta name=\"author\" content=\"Lorenzo Verduzco\" \/>\n<meta name=\"twitter:card\" content=\"summary_large_image\" \/>\n<meta name=\"twitter:label1\" content=\"Escrito por\" \/>\n\t<meta name=\"twitter:data1\" content=\"Lorenzo Verduzco\" \/>\n\t<meta name=\"twitter:label2\" content=\"Tiempo de lectura\" \/>\n\t<meta name=\"twitter:data2\" content=\"3 minutos\" \/>\n<script type=\"application\/ld+json\" class=\"yoast-schema-graph\">{\"@context\":\"https:\\\/\\\/schema.org\",\"@graph\":[{\"@type\":\"Article\",\"@id\":\"https:\\\/\\\/interamerica.org\\\/es\\\/2017\\\/03\\\/defensor-de-la-libertad-religiosa-es-honrado-por-la-sociedad-de-derecho-internacional\\\/#article\",\"isPartOf\":{\"@id\":\"https:\\\/\\\/interamerica.org\\\/es\\\/2017\\\/03\\\/defensor-de-la-libertad-religiosa-es-honrado-por-la-sociedad-de-derecho-internacional\\\/\"},\"author\":{\"name\":\"Lorenzo Verduzco\",\"@id\":\"https:\\\/\\\/interamerica.org\\\/es\\\/#\\\/schema\\\/person\\\/68ede8bdc292885bb76c1e3810e73c39\"},\"headline\":\"Defensor de la libertad religiosa es honrado por la Sociedad de Derecho Internacional\",\"datePublished\":\"2017-03-07T04:00:00+00:00\",\"dateModified\":\"2017-11-27T23:31:44+00:00\",\"mainEntityOfPage\":{\"@id\":\"https:\\\/\\\/interamerica.org\\\/es\\\/2017\\\/03\\\/defensor-de-la-libertad-religiosa-es-honrado-por-la-sociedad-de-derecho-internacional\\\/\"},\"wordCount\":548,\"image\":{\"@id\":\"https:\\\/\\\/interamerica.org\\\/es\\\/2017\\\/03\\\/defensor-de-la-libertad-religiosa-es-honrado-por-la-sociedad-de-derecho-internacional\\\/#primaryimage\"},\"thumbnailUrl\":\"https:\\\/\\\/interamerica.org\\\/wp-content\\\/uploads\\\/2017\\\/06\\\/csm_Philadelphia-Kane-Award2-2017_991932779b.jpeg\",\"articleSection\":[\"Desde la iglesia mundial\",\"RSS Espa\u00f1ol\"],\"inLanguage\":\"es\"},{\"@type\":\"WebPage\",\"@id\":\"https:\\\/\\\/interamerica.org\\\/es\\\/2017\\\/03\\\/defensor-de-la-libertad-religiosa-es-honrado-por-la-sociedad-de-derecho-internacional\\\/\",\"url\":\"https:\\\/\\\/interamerica.org\\\/es\\\/2017\\\/03\\\/defensor-de-la-libertad-religiosa-es-honrado-por-la-sociedad-de-derecho-internacional\\\/\",\"name\":\"Defensor de la libertad religiosa es honrado por la Sociedad de Derecho Internacional - Iglesia Adventista del S\u00e9ptimo D\u00eda - Divisi\u00f3n Interamericana\",\"isPartOf\":{\"@id\":\"https:\\\/\\\/interamerica.org\\\/es\\\/#website\"},\"primaryImageOfPage\":{\"@id\":\"https:\\\/\\\/interamerica.org\\\/es\\\/2017\\\/03\\\/defensor-de-la-libertad-religiosa-es-honrado-por-la-sociedad-de-derecho-internacional\\\/#primaryimage\"},\"image\":{\"@id\":\"https:\\\/\\\/interamerica.org\\\/es\\\/2017\\\/03\\\/defensor-de-la-libertad-religiosa-es-honrado-por-la-sociedad-de-derecho-internacional\\\/#primaryimage\"},\"thumbnailUrl\":\"https:\\\/\\\/interamerica.org\\\/wp-content\\\/uploads\\\/2017\\\/06\\\/csm_Philadelphia-Kane-Award2-2017_991932779b.jpeg\",\"datePublished\":\"2017-03-07T04:00:00+00:00\",\"dateModified\":\"2017-11-27T23:31:44+00:00\",\"author\":{\"@id\":\"https:\\\/\\\/interamerica.org\\\/es\\\/#\\\/schema\\\/person\\\/68ede8bdc292885bb76c1e3810e73c39\"},\"breadcrumb\":{\"@id\":\"https:\\\/\\\/interamerica.org\\\/es\\\/2017\\\/03\\\/defensor-de-la-libertad-religiosa-es-honrado-por-la-sociedad-de-derecho-internacional\\\/#breadcrumb\"},\"inLanguage\":\"es\",\"potentialAction\":[{\"@type\":\"ReadAction\",\"target\":[\"https:\\\/\\\/interamerica.org\\\/es\\\/2017\\\/03\\\/defensor-de-la-libertad-religiosa-es-honrado-por-la-sociedad-de-derecho-internacional\\\/\"]}]},{\"@type\":\"ImageObject\",\"inLanguage\":\"es\",\"@id\":\"https:\\\/\\\/interamerica.org\\\/es\\\/2017\\\/03\\\/defensor-de-la-libertad-religiosa-es-honrado-por-la-sociedad-de-derecho-internacional\\\/#primaryimage\",\"url\":\"https:\\\/\\\/interamerica.org\\\/wp-content\\\/uploads\\\/2017\\\/06\\\/csm_Philadelphia-Kane-Award2-2017_991932779b.jpeg\",\"contentUrl\":\"https:\\\/\\\/interamerica.org\\\/wp-content\\\/uploads\\\/2017\\\/06\\\/csm_Philadelphia-Kane-Award2-2017_991932779b.jpeg\",\"width\":672,\"height\":378},{\"@type\":\"BreadcrumbList\",\"@id\":\"https:\\\/\\\/interamerica.org\\\/es\\\/2017\\\/03\\\/defensor-de-la-libertad-religiosa-es-honrado-por-la-sociedad-de-derecho-internacional\\\/#breadcrumb\",\"itemListElement\":[{\"@type\":\"ListItem\",\"position\":1,\"name\":\"Home\",\"item\":\"https:\\\/\\\/interamerica.org\\\/es\\\/\"},{\"@type\":\"ListItem\",\"position\":2,\"name\":\"Defensor de la libertad religiosa es honrado por la Sociedad de Derecho Internacional\"}]},{\"@type\":\"WebSite\",\"@id\":\"https:\\\/\\\/interamerica.org\\\/es\\\/#website\",\"url\":\"https:\\\/\\\/interamerica.org\\\/es\\\/\",\"name\":\"Iglesia Adventista del S\u00e9ptimo D\u00eda - Divisi\u00f3n Interamericana\",\"description\":\"\",\"potentialAction\":[{\"@type\":\"SearchAction\",\"target\":{\"@type\":\"EntryPoint\",\"urlTemplate\":\"https:\\\/\\\/interamerica.org\\\/es\\\/?s={search_term_string}\"},\"query-input\":{\"@type\":\"PropertyValueSpecification\",\"valueRequired\":true,\"valueName\":\"search_term_string\"}}],\"inLanguage\":\"es\"},{\"@type\":\"Person\",\"@id\":\"https:\\\/\\\/interamerica.org\\\/es\\\/#\\\/schema\\\/person\\\/68ede8bdc292885bb76c1e3810e73c39\",\"name\":\"Lorenzo Verduzco\",\"image\":{\"@type\":\"ImageObject\",\"inLanguage\":\"es\",\"@id\":\"https:\\\/\\\/secure.gravatar.com\\\/avatar\\\/fb81a55b6218459490a9c1dc841a34909185b81904c5337b4b27f7a6fd60c49e?s=96&d=mm&r=g\",\"url\":\"https:\\\/\\\/secure.gravatar.com\\\/avatar\\\/fb81a55b6218459490a9c1dc841a34909185b81904c5337b4b27f7a6fd60c49e?s=96&d=mm&r=g\",\"contentUrl\":\"https:\\\/\\\/secure.gravatar.com\\\/avatar\\\/fb81a55b6218459490a9c1dc841a34909185b81904c5337b4b27f7a6fd60c49e?s=96&d=mm&r=g\",\"caption\":\"Lorenzo Verduzco\"}}]}<\/script>\n<!-- \/ Yoast SEO plugin. -->","yoast_head_json":{"title":"Defensor de la libertad religiosa es honrado por la Sociedad de Derecho Internacional - Iglesia Adventista del S\u00e9ptimo D\u00eda - Divisi\u00f3n Interamericana","robots":{"index":"index","follow":"follow","max-snippet":"max-snippet:-1","max-image-preview":"max-image-preview:large","max-video-preview":"max-video-preview:-1"},"canonical":"https:\/\/interamerica.org\/es\/2017\/03\/defensor-de-la-libertad-religiosa-es-honrado-por-la-sociedad-de-derecho-internacional\/","og_locale":"es_ES","og_type":"article","og_title":"Defensor de la libertad religiosa es honrado por la Sociedad de Derecho Internacional - Iglesia Adventista del S\u00e9ptimo D\u00eda - Divisi\u00f3n Interamericana","og_description":"Un destacado defensor adventista de la libertad religiosa fue honrado el mes pasado por su entrega y dedicaci\u00f3n a la promoci\u00f3n de la libertad religiosa como un derecho humano fundamental. Ganoune Diop, PhD, director de asuntos p\u00fablicos y libertad religiosa de la iglesia adventista mundial, recibi\u00f3 el Premio de Libertad Religiosa Thomas L. Kane 2017, el 17 de febrero del presente, durante la conferencia anual de tres d\u00edas de duraci\u00f3n de la Sociedad de Derecho J. Reuben Clark, en Filadelfia, Pennsylvania.","og_url":"https:\/\/interamerica.org\/es\/2017\/03\/defensor-de-la-libertad-religiosa-es-honrado-por-la-sociedad-de-derecho-internacional\/","og_site_name":"Iglesia Adventista del S\u00e9ptimo D\u00eda - Divisi\u00f3n Interamericana","article_published_time":"2017-03-07T04:00:00+00:00","article_modified_time":"2017-11-27T23:31:44+00:00","og_image":[{"width":672,"height":378,"url":"https:\/\/interamerica.org\/wp-content\/uploads\/2017\/06\/csm_Philadelphia-Kane-Award2-2017_991932779b.jpeg","type":"image\/jpeg"}],"author":"Lorenzo Verduzco","twitter_card":"summary_large_image","twitter_misc":{"Escrito por":"Lorenzo Verduzco","Tiempo de lectura":"3 minutos"},"schema":{"@context":"https:\/\/schema.org","@graph":[{"@type":"Article","@id":"https:\/\/interamerica.org\/es\/2017\/03\/defensor-de-la-libertad-religiosa-es-honrado-por-la-sociedad-de-derecho-internacional\/#article","isPartOf":{"@id":"https:\/\/interamerica.org\/es\/2017\/03\/defensor-de-la-libertad-religiosa-es-honrado-por-la-sociedad-de-derecho-internacional\/"},"author":{"name":"Lorenzo Verduzco","@id":"https:\/\/interamerica.org\/es\/#\/schema\/person\/68ede8bdc292885bb76c1e3810e73c39"},"headline":"Defensor de la libertad religiosa es honrado por la Sociedad de Derecho Internacional","datePublished":"2017-03-07T04:00:00+00:00","dateModified":"2017-11-27T23:31:44+00:00","mainEntityOfPage":{"@id":"https:\/\/interamerica.org\/es\/2017\/03\/defensor-de-la-libertad-religiosa-es-honrado-por-la-sociedad-de-derecho-internacional\/"},"wordCount":548,"image":{"@id":"https:\/\/interamerica.org\/es\/2017\/03\/defensor-de-la-libertad-religiosa-es-honrado-por-la-sociedad-de-derecho-internacional\/#primaryimage"},"thumbnailUrl":"https:\/\/interamerica.org\/wp-content\/uploads\/2017\/06\/csm_Philadelphia-Kane-Award2-2017_991932779b.jpeg","articleSection":["Desde la iglesia mundial","RSS Espa\u00f1ol"],"inLanguage":"es"},{"@type":"WebPage","@id":"https:\/\/interamerica.org\/es\/2017\/03\/defensor-de-la-libertad-religiosa-es-honrado-por-la-sociedad-de-derecho-internacional\/","url":"https:\/\/interamerica.org\/es\/2017\/03\/defensor-de-la-libertad-religiosa-es-honrado-por-la-sociedad-de-derecho-internacional\/","name":"Defensor de la libertad religiosa es honrado por la Sociedad de Derecho Internacional - Iglesia Adventista del S\u00e9ptimo D\u00eda - Divisi\u00f3n Interamericana","isPartOf":{"@id":"https:\/\/interamerica.org\/es\/#website"},"primaryImageOfPage":{"@id":"https:\/\/interamerica.org\/es\/2017\/03\/defensor-de-la-libertad-religiosa-es-honrado-por-la-sociedad-de-derecho-internacional\/#primaryimage"},"image":{"@id":"https:\/\/interamerica.org\/es\/2017\/03\/defensor-de-la-libertad-religiosa-es-honrado-por-la-sociedad-de-derecho-internacional\/#primaryimage"},"thumbnailUrl":"https:\/\/interamerica.org\/wp-content\/uploads\/2017\/06\/csm_Philadelphia-Kane-Award2-2017_991932779b.jpeg","datePublished":"2017-03-07T04:00:00+00:00","dateModified":"2017-11-27T23:31:44+00:00","author":{"@id":"https:\/\/interamerica.org\/es\/#\/schema\/person\/68ede8bdc292885bb76c1e3810e73c39"},"breadcrumb":{"@id":"https:\/\/interamerica.org\/es\/2017\/03\/defensor-de-la-libertad-religiosa-es-honrado-por-la-sociedad-de-derecho-internacional\/#breadcrumb"},"inLanguage":"es","potentialAction":[{"@type":"ReadAction","target":["https:\/\/interamerica.org\/es\/2017\/03\/defensor-de-la-libertad-religiosa-es-honrado-por-la-sociedad-de-derecho-internacional\/"]}]},{"@type":"ImageObject","inLanguage":"es","@id":"https:\/\/interamerica.org\/es\/2017\/03\/defensor-de-la-libertad-religiosa-es-honrado-por-la-sociedad-de-derecho-internacional\/#primaryimage","url":"https:\/\/interamerica.org\/wp-content\/uploads\/2017\/06\/csm_Philadelphia-Kane-Award2-2017_991932779b.jpeg","contentUrl":"https:\/\/interamerica.org\/wp-content\/uploads\/2017\/06\/csm_Philadelphia-Kane-Award2-2017_991932779b.jpeg","width":672,"height":378},{"@type":"BreadcrumbList","@id":"https:\/\/interamerica.org\/es\/2017\/03\/defensor-de-la-libertad-religiosa-es-honrado-por-la-sociedad-de-derecho-internacional\/#breadcrumb","itemListElement":[{"@type":"ListItem","position":1,"name":"Home","item":"https:\/\/interamerica.org\/es\/"},{"@type":"ListItem","position":2,"name":"Defensor de la libertad religiosa es honrado por la Sociedad de Derecho Internacional"}]},{"@type":"WebSite","@id":"https:\/\/interamerica.org\/es\/#website","url":"https:\/\/interamerica.org\/es\/","name":"Iglesia Adventista del S\u00e9ptimo D\u00eda - Divisi\u00f3n Interamericana","description":"","potentialAction":[{"@type":"SearchAction","target":{"@type":"EntryPoint","urlTemplate":"https:\/\/interamerica.org\/es\/?s={search_term_string}"},"query-input":{"@type":"PropertyValueSpecification","valueRequired":true,"valueName":"search_term_string"}}],"inLanguage":"es"},{"@type":"Person","@id":"https:\/\/interamerica.org\/es\/#\/schema\/person\/68ede8bdc292885bb76c1e3810e73c39","name":"Lorenzo Verduzco","image":{"@type":"ImageObject","inLanguage":"es","@id":"https:\/\/secure.gravatar.com\/avatar\/fb81a55b6218459490a9c1dc841a34909185b81904c5337b4b27f7a6fd60c49e?s=96&d=mm&r=g","url":"https:\/\/secure.gravatar.com\/avatar\/fb81a55b6218459490a9c1dc841a34909185b81904c5337b4b27f7a6fd60c49e?s=96&d=mm&r=g","contentUrl":"https:\/\/secure.gravatar.com\/avatar\/fb81a55b6218459490a9c1dc841a34909185b81904c5337b4b27f7a6fd60c49e?s=96&d=mm&r=g","caption":"Lorenzo Verduzco"}}]}},"_links":{"self":[{"href":"https:\/\/interamerica.org\/es\/wp-json\/wp\/v2\/posts\/31352","targetHints":{"allow":["GET"]}}],"collection":[{"href":"https:\/\/interamerica.org\/es\/wp-json\/wp\/v2\/posts"}],"about":[{"href":"https:\/\/interamerica.org\/es\/wp-json\/wp\/v2\/types\/post"}],"author":[{"embeddable":true,"href":"https:\/\/interamerica.org\/es\/wp-json\/wp\/v2\/users\/1"}],"replies":[{"embeddable":true,"href":"https:\/\/interamerica.org\/es\/wp-json\/wp\/v2\/comments?post=31352"}],"version-history":[{"count":0,"href":"https:\/\/interamerica.org\/es\/wp-json\/wp\/v2\/posts\/31352\/revisions"}],"wp:featuredmedia":[{"embeddable":true,"href":"https:\/\/interamerica.org\/es\/wp-json\/wp\/v2\/media\/29314"}],"wp:attachment":[{"href":"https:\/\/interamerica.org\/es\/wp-json\/wp\/v2\/media?parent=31352"}],"wp:term":[{"taxonomy":"category","embeddable":true,"href":"https:\/\/interamerica.org\/es\/wp-json\/wp\/v2\/categories?post=31352"},{"taxonomy":"post_tag","embeddable":true,"href":"https:\/\/interamerica.org\/es\/wp-json\/wp\/v2\/tags?post=31352"}],"curies":[{"name":"wp","href":"https:\/\/api.w.org\/{rel}","templated":true}]}}