{"id":31368,"date":"2017-03-23T00:00:00","date_gmt":"2017-03-23T04:00:00","guid":{"rendered":"http:\/\/192.81.217.108\/interamerica\/2017\/03\/gyd17-desde-jamaica\/"},"modified":"2017-12-14T13:50:33","modified_gmt":"2017-12-14T17:50:33","slug":"gyd17-desde-jamaica","status":"publish","type":"post","link":"https:\/\/interamerica.org\/es\/2017\/03\/gyd17-desde-jamaica\/","title":{"rendered":"GYD17 desde Jamaica"},"content":{"rendered":"<p><img fetchpriority=\"high\" decoding=\"async\" class=\"alignnone size-large wp-image-37594\" src=\"http:\/\/192.81.217.108\/interamerica\/wp-content\/uploads\/2017\/03\/32746760843_51fdeeda3b_k-1024x640.jpg\" alt=\"\" width=\"1024\" height=\"640\" srcset=\"https:\/\/interamerica.org\/wp-content\/uploads\/2017\/03\/32746760843_51fdeeda3b_k-1024x640.jpg 1024w, https:\/\/interamerica.org\/wp-content\/uploads\/2017\/03\/32746760843_51fdeeda3b_k-300x188.jpg 300w, https:\/\/interamerica.org\/wp-content\/uploads\/2017\/03\/32746760843_51fdeeda3b_k-768x480.jpg 768w, https:\/\/interamerica.org\/wp-content\/uploads\/2017\/03\/32746760843_51fdeeda3b_k.jpg 1280w\" sizes=\"(max-width: 1024px) 100vw, 1024px\" \/>Los conductores K\u2019Obryan Scott, Ruth Ann Carr y Daniel Passley de Jamaica posan para una foto con el pastor Al Powell, director de ministerios j\u00f3venes, durante la transmisi\u00f3n en vivo de la Divisi\u00f3n Interamericana del D\u00eda Global de la Juventud en el estudio del Grupo de Medios de la Universidad Norte\u00f1a del Caribe en Mandeville, Jamaica, el 18 de marzo de 2017. El programa de una hora y media mostr\u00f3 a j\u00f3venes del territorio que compartieron esperanza y amor mediante actividades de impacto en sus comunidades. Imagen de Jos\u00e9 Romero\/DIA<\/p>\n","protected":false},"excerpt":{"rendered":"<p>Los conductores K\u2019Obryan Scott, Ruth Ann Carr y Daniel Passley de Jamaica posan para una foto con el pastor Al Powell, director de ministerios j\u00f3venes, durante la transmisi\u00f3n en vivo&#8230;<\/p>\n","protected":false},"author":1,"featured_media":0,"comment_status":"closed","ping_status":"closed","sticky":false,"template":"","format":"standard","meta":{"_acf_changed":false,"footnotes":""},"categories":[15],"tags":[],"class_list":["post-31368","post","type-post","status-publish","format-standard","hentry","category-rss-espanol"],"acf":[],"yoast_head":"<!-- This site is optimized with the Yoast SEO plugin v27.3 - https:\/\/yoast.com\/product\/yoast-seo-wordpress\/ -->\n<title>GYD17 desde Jamaica - Iglesia Adventista del S\u00e9ptimo D\u00eda - Divisi\u00f3n Interamericana<\/title>\n<meta name=\"robots\" content=\"index, follow, max-snippet:-1, max-image-preview:large, max-video-preview:-1\" \/>\n<link rel=\"canonical\" href=\"https:\/\/interamerica.org\/es\/2017\/03\/gyd17-desde-jamaica\/\" \/>\n<meta property=\"og:locale\" content=\"es_ES\" \/>\n<meta property=\"og:type\" content=\"article\" \/>\n<meta property=\"og:title\" content=\"GYD17 desde Jamaica - Iglesia Adventista del S\u00e9ptimo D\u00eda - Divisi\u00f3n Interamericana\" \/>\n<meta property=\"og:description\" content=\"Los conductores K\u2019Obryan Scott, Ruth Ann Carr y Daniel Passley de Jamaica posan para una foto con el pastor Al Powell, director de ministerios j\u00f3venes, durante la transmisi\u00f3n en vivo...\" \/>\n<meta property=\"og:url\" content=\"https:\/\/interamerica.org\/es\/2017\/03\/gyd17-desde-jamaica\/\" \/>\n<meta property=\"og:site_name\" content=\"Iglesia Adventista del S\u00e9ptimo D\u00eda - Divisi\u00f3n Interamericana\" \/>\n<meta property=\"article:published_time\" content=\"2017-03-23T04:00:00+00:00\" \/>\n<meta property=\"article:modified_time\" content=\"2017-12-14T17:50:33+00:00\" \/>\n<meta property=\"og:image\" content=\"http:\/\/192.81.217.108\/interamerica\/wp-content\/uploads\/2017\/03\/32746760843_51fdeeda3b_k-1024x640.jpg\" \/>\n<meta name=\"author\" content=\"Lorenzo Verduzco\" \/>\n<meta name=\"twitter:card\" content=\"summary_large_image\" \/>\n<meta name=\"twitter:label1\" content=\"Escrito por\" \/>\n\t<meta name=\"twitter:data1\" content=\"Lorenzo Verduzco\" \/>\n<script type=\"application\/ld+json\" class=\"yoast-schema-graph\">{\"@context\":\"https:\\\/\\\/schema.org\",\"@graph\":[{\"@type\":\"Article\",\"@id\":\"https:\\\/\\\/interamerica.org\\\/es\\\/2017\\\/03\\\/gyd17-desde-jamaica\\\/#article\",\"isPartOf\":{\"@id\":\"https:\\\/\\\/interamerica.org\\\/es\\\/2017\\\/03\\\/gyd17-desde-jamaica\\\/\"},\"author\":{\"name\":\"Lorenzo Verduzco\",\"@id\":\"https:\\\/\\\/interamerica.org\\\/es\\\/#\\\/schema\\\/person\\\/68ede8bdc292885bb76c1e3810e73c39\"},\"headline\":\"GYD17 desde Jamaica\",\"datePublished\":\"2017-03-23T04:00:00+00:00\",\"dateModified\":\"2017-12-14T17:50:33+00:00\",\"mainEntityOfPage\":{\"@id\":\"https:\\\/\\\/interamerica.org\\\/es\\\/2017\\\/03\\\/gyd17-desde-jamaica\\\/\"},\"wordCount\":99,\"image\":{\"@id\":\"https:\\\/\\\/interamerica.org\\\/es\\\/2017\\\/03\\\/gyd17-desde-jamaica\\\/#primaryimage\"},\"thumbnailUrl\":\"http:\\\/\\\/192.81.217.108\\\/interamerica\\\/wp-content\\\/uploads\\\/2017\\\/03\\\/32746760843_51fdeeda3b_k-1024x640.jpg\",\"articleSection\":[\"RSS Espa\u00f1ol\"],\"inLanguage\":\"es\"},{\"@type\":\"WebPage\",\"@id\":\"https:\\\/\\\/interamerica.org\\\/es\\\/2017\\\/03\\\/gyd17-desde-jamaica\\\/\",\"url\":\"https:\\\/\\\/interamerica.org\\\/es\\\/2017\\\/03\\\/gyd17-desde-jamaica\\\/\",\"name\":\"GYD17 desde Jamaica - Iglesia Adventista del S\u00e9ptimo D\u00eda - Divisi\u00f3n Interamericana\",\"isPartOf\":{\"@id\":\"https:\\\/\\\/interamerica.org\\\/es\\\/#website\"},\"primaryImageOfPage\":{\"@id\":\"https:\\\/\\\/interamerica.org\\\/es\\\/2017\\\/03\\\/gyd17-desde-jamaica\\\/#primaryimage\"},\"image\":{\"@id\":\"https:\\\/\\\/interamerica.org\\\/es\\\/2017\\\/03\\\/gyd17-desde-jamaica\\\/#primaryimage\"},\"thumbnailUrl\":\"http:\\\/\\\/192.81.217.108\\\/interamerica\\\/wp-content\\\/uploads\\\/2017\\\/03\\\/32746760843_51fdeeda3b_k-1024x640.jpg\",\"datePublished\":\"2017-03-23T04:00:00+00:00\",\"dateModified\":\"2017-12-14T17:50:33+00:00\",\"author\":{\"@id\":\"https:\\\/\\\/interamerica.org\\\/es\\\/#\\\/schema\\\/person\\\/68ede8bdc292885bb76c1e3810e73c39\"},\"breadcrumb\":{\"@id\":\"https:\\\/\\\/interamerica.org\\\/es\\\/2017\\\/03\\\/gyd17-desde-jamaica\\\/#breadcrumb\"},\"inLanguage\":\"es\",\"potentialAction\":[{\"@type\":\"ReadAction\",\"target\":[\"https:\\\/\\\/interamerica.org\\\/es\\\/2017\\\/03\\\/gyd17-desde-jamaica\\\/\"]}]},{\"@type\":\"ImageObject\",\"inLanguage\":\"es\",\"@id\":\"https:\\\/\\\/interamerica.org\\\/es\\\/2017\\\/03\\\/gyd17-desde-jamaica\\\/#primaryimage\",\"url\":\"http:\\\/\\\/192.81.217.108\\\/interamerica\\\/wp-content\\\/uploads\\\/2017\\\/03\\\/32746760843_51fdeeda3b_k-1024x640.jpg\",\"contentUrl\":\"http:\\\/\\\/192.81.217.108\\\/interamerica\\\/wp-content\\\/uploads\\\/2017\\\/03\\\/32746760843_51fdeeda3b_k-1024x640.jpg\"},{\"@type\":\"BreadcrumbList\",\"@id\":\"https:\\\/\\\/interamerica.org\\\/es\\\/2017\\\/03\\\/gyd17-desde-jamaica\\\/#breadcrumb\",\"itemListElement\":[{\"@type\":\"ListItem\",\"position\":1,\"name\":\"Home\",\"item\":\"https:\\\/\\\/interamerica.org\\\/es\\\/\"},{\"@type\":\"ListItem\",\"position\":2,\"name\":\"GYD17 desde Jamaica\"}]},{\"@type\":\"WebSite\",\"@id\":\"https:\\\/\\\/interamerica.org\\\/es\\\/#website\",\"url\":\"https:\\\/\\\/interamerica.org\\\/es\\\/\",\"name\":\"Iglesia Adventista del S\u00e9ptimo D\u00eda - Divisi\u00f3n Interamericana\",\"description\":\"\",\"potentialAction\":[{\"@type\":\"SearchAction\",\"target\":{\"@type\":\"EntryPoint\",\"urlTemplate\":\"https:\\\/\\\/interamerica.org\\\/es\\\/?s={search_term_string}\"},\"query-input\":{\"@type\":\"PropertyValueSpecification\",\"valueRequired\":true,\"valueName\":\"search_term_string\"}}],\"inLanguage\":\"es\"},{\"@type\":\"Person\",\"@id\":\"https:\\\/\\\/interamerica.org\\\/es\\\/#\\\/schema\\\/person\\\/68ede8bdc292885bb76c1e3810e73c39\",\"name\":\"Lorenzo Verduzco\",\"image\":{\"@type\":\"ImageObject\",\"inLanguage\":\"es\",\"@id\":\"https:\\\/\\\/secure.gravatar.com\\\/avatar\\\/fb81a55b6218459490a9c1dc841a34909185b81904c5337b4b27f7a6fd60c49e?s=96&d=mm&r=g\",\"url\":\"https:\\\/\\\/secure.gravatar.com\\\/avatar\\\/fb81a55b6218459490a9c1dc841a34909185b81904c5337b4b27f7a6fd60c49e?s=96&d=mm&r=g\",\"contentUrl\":\"https:\\\/\\\/secure.gravatar.com\\\/avatar\\\/fb81a55b6218459490a9c1dc841a34909185b81904c5337b4b27f7a6fd60c49e?s=96&d=mm&r=g\",\"caption\":\"Lorenzo Verduzco\"}}]}<\/script>\n<!-- \/ Yoast SEO plugin. -->","yoast_head_json":{"title":"GYD17 desde Jamaica - Iglesia Adventista del S\u00e9ptimo D\u00eda - Divisi\u00f3n Interamericana","robots":{"index":"index","follow":"follow","max-snippet":"max-snippet:-1","max-image-preview":"max-image-preview:large","max-video-preview":"max-video-preview:-1"},"canonical":"https:\/\/interamerica.org\/es\/2017\/03\/gyd17-desde-jamaica\/","og_locale":"es_ES","og_type":"article","og_title":"GYD17 desde Jamaica - Iglesia Adventista del S\u00e9ptimo D\u00eda - Divisi\u00f3n Interamericana","og_description":"Los conductores K\u2019Obryan Scott, Ruth Ann Carr y Daniel Passley de Jamaica posan para una foto con el pastor Al Powell, director de ministerios j\u00f3venes, durante la transmisi\u00f3n en vivo...","og_url":"https:\/\/interamerica.org\/es\/2017\/03\/gyd17-desde-jamaica\/","og_site_name":"Iglesia Adventista del S\u00e9ptimo D\u00eda - Divisi\u00f3n Interamericana","article_published_time":"2017-03-23T04:00:00+00:00","article_modified_time":"2017-12-14T17:50:33+00:00","og_image":[{"url":"http:\/\/192.81.217.108\/interamerica\/wp-content\/uploads\/2017\/03\/32746760843_51fdeeda3b_k-1024x640.jpg","type":"","width":"","height":""}],"author":"Lorenzo Verduzco","twitter_card":"summary_large_image","twitter_misc":{"Escrito por":"Lorenzo Verduzco"},"schema":{"@context":"https:\/\/schema.org","@graph":[{"@type":"Article","@id":"https:\/\/interamerica.org\/es\/2017\/03\/gyd17-desde-jamaica\/#article","isPartOf":{"@id":"https:\/\/interamerica.org\/es\/2017\/03\/gyd17-desde-jamaica\/"},"author":{"name":"Lorenzo Verduzco","@id":"https:\/\/interamerica.org\/es\/#\/schema\/person\/68ede8bdc292885bb76c1e3810e73c39"},"headline":"GYD17 desde Jamaica","datePublished":"2017-03-23T04:00:00+00:00","dateModified":"2017-12-14T17:50:33+00:00","mainEntityOfPage":{"@id":"https:\/\/interamerica.org\/es\/2017\/03\/gyd17-desde-jamaica\/"},"wordCount":99,"image":{"@id":"https:\/\/interamerica.org\/es\/2017\/03\/gyd17-desde-jamaica\/#primaryimage"},"thumbnailUrl":"http:\/\/192.81.217.108\/interamerica\/wp-content\/uploads\/2017\/03\/32746760843_51fdeeda3b_k-1024x640.jpg","articleSection":["RSS Espa\u00f1ol"],"inLanguage":"es"},{"@type":"WebPage","@id":"https:\/\/interamerica.org\/es\/2017\/03\/gyd17-desde-jamaica\/","url":"https:\/\/interamerica.org\/es\/2017\/03\/gyd17-desde-jamaica\/","name":"GYD17 desde Jamaica - Iglesia Adventista del S\u00e9ptimo D\u00eda - Divisi\u00f3n Interamericana","isPartOf":{"@id":"https:\/\/interamerica.org\/es\/#website"},"primaryImageOfPage":{"@id":"https:\/\/interamerica.org\/es\/2017\/03\/gyd17-desde-jamaica\/#primaryimage"},"image":{"@id":"https:\/\/interamerica.org\/es\/2017\/03\/gyd17-desde-jamaica\/#primaryimage"},"thumbnailUrl":"http:\/\/192.81.217.108\/interamerica\/wp-content\/uploads\/2017\/03\/32746760843_51fdeeda3b_k-1024x640.jpg","datePublished":"2017-03-23T04:00:00+00:00","dateModified":"2017-12-14T17:50:33+00:00","author":{"@id":"https:\/\/interamerica.org\/es\/#\/schema\/person\/68ede8bdc292885bb76c1e3810e73c39"},"breadcrumb":{"@id":"https:\/\/interamerica.org\/es\/2017\/03\/gyd17-desde-jamaica\/#breadcrumb"},"inLanguage":"es","potentialAction":[{"@type":"ReadAction","target":["https:\/\/interamerica.org\/es\/2017\/03\/gyd17-desde-jamaica\/"]}]},{"@type":"ImageObject","inLanguage":"es","@id":"https:\/\/interamerica.org\/es\/2017\/03\/gyd17-desde-jamaica\/#primaryimage","url":"http:\/\/192.81.217.108\/interamerica\/wp-content\/uploads\/2017\/03\/32746760843_51fdeeda3b_k-1024x640.jpg","contentUrl":"http:\/\/192.81.217.108\/interamerica\/wp-content\/uploads\/2017\/03\/32746760843_51fdeeda3b_k-1024x640.jpg"},{"@type":"BreadcrumbList","@id":"https:\/\/interamerica.org\/es\/2017\/03\/gyd17-desde-jamaica\/#breadcrumb","itemListElement":[{"@type":"ListItem","position":1,"name":"Home","item":"https:\/\/interamerica.org\/es\/"},{"@type":"ListItem","position":2,"name":"GYD17 desde Jamaica"}]},{"@type":"WebSite","@id":"https:\/\/interamerica.org\/es\/#website","url":"https:\/\/interamerica.org\/es\/","name":"Iglesia Adventista del S\u00e9ptimo D\u00eda - Divisi\u00f3n Interamericana","description":"","potentialAction":[{"@type":"SearchAction","target":{"@type":"EntryPoint","urlTemplate":"https:\/\/interamerica.org\/es\/?s={search_term_string}"},"query-input":{"@type":"PropertyValueSpecification","valueRequired":true,"valueName":"search_term_string"}}],"inLanguage":"es"},{"@type":"Person","@id":"https:\/\/interamerica.org\/es\/#\/schema\/person\/68ede8bdc292885bb76c1e3810e73c39","name":"Lorenzo Verduzco","image":{"@type":"ImageObject","inLanguage":"es","@id":"https:\/\/secure.gravatar.com\/avatar\/fb81a55b6218459490a9c1dc841a34909185b81904c5337b4b27f7a6fd60c49e?s=96&d=mm&r=g","url":"https:\/\/secure.gravatar.com\/avatar\/fb81a55b6218459490a9c1dc841a34909185b81904c5337b4b27f7a6fd60c49e?s=96&d=mm&r=g","contentUrl":"https:\/\/secure.gravatar.com\/avatar\/fb81a55b6218459490a9c1dc841a34909185b81904c5337b4b27f7a6fd60c49e?s=96&d=mm&r=g","caption":"Lorenzo Verduzco"}}]}},"_links":{"self":[{"href":"https:\/\/interamerica.org\/es\/wp-json\/wp\/v2\/posts\/31368","targetHints":{"allow":["GET"]}}],"collection":[{"href":"https:\/\/interamerica.org\/es\/wp-json\/wp\/v2\/posts"}],"about":[{"href":"https:\/\/interamerica.org\/es\/wp-json\/wp\/v2\/types\/post"}],"author":[{"embeddable":true,"href":"https:\/\/interamerica.org\/es\/wp-json\/wp\/v2\/users\/1"}],"replies":[{"embeddable":true,"href":"https:\/\/interamerica.org\/es\/wp-json\/wp\/v2\/comments?post=31368"}],"version-history":[{"count":0,"href":"https:\/\/interamerica.org\/es\/wp-json\/wp\/v2\/posts\/31368\/revisions"}],"wp:attachment":[{"href":"https:\/\/interamerica.org\/es\/wp-json\/wp\/v2\/media?parent=31368"}],"wp:term":[{"taxonomy":"category","embeddable":true,"href":"https:\/\/interamerica.org\/es\/wp-json\/wp\/v2\/categories?post=31368"},{"taxonomy":"post_tag","embeddable":true,"href":"https:\/\/interamerica.org\/es\/wp-json\/wp\/v2\/tags?post=31368"}],"curies":[{"name":"wp","href":"https:\/\/api.w.org\/{rel}","templated":true}]}}