{"id":31373,"date":"2017-03-26T00:00:00","date_gmt":"2017-03-26T04:00:00","guid":{"rendered":"http:\/\/192.81.217.108\/interamerica\/2017\/03\/filmacion-de-animal-encounters-2\/"},"modified":"2018-01-22T19:16:48","modified_gmt":"2018-01-22T23:16:48","slug":"filmacion-de-animal-encounters-2","status":"publish","type":"post","link":"https:\/\/interamerica.org\/es\/2017\/03\/filmacion-de-animal-encounters-2\/","title":{"rendered":"Filmaci\u00f3n de Animal Encounters 2"},"content":{"rendered":"<p><img fetchpriority=\"high\" decoding=\"async\" class=\"alignnone size-full wp-image-38042\" src=\"http:\/\/192.81.217.108\/interamerica\/wp-content\/uploads\/2017\/03\/animalencounters-1.jpg\" alt=\"\" width=\"600\" height=\"447\" srcset=\"https:\/\/interamerica.org\/wp-content\/uploads\/2017\/03\/animalencounters-1.jpg 600w, https:\/\/interamerica.org\/wp-content\/uploads\/2017\/03\/animalencounters-1-300x224.jpg 300w\" sizes=\"(max-width: 600px) 100vw, 600px\" \/>Personal de Adventist Review TV y de Hope Channel Interam\u00e9rica filma episodios de Animal Encounters 2 durante tomas en Costa Rica en febrero de 2017. Se espera que la segunda temporada de la serie sea lanzada hacia fines de 2017. Imagen por Daniel Valer\u00edn.<\/p>\n","protected":false},"excerpt":{"rendered":"<p>Personal de Adventist Review TV y de Hope Channel Interam\u00e9rica filma episodios de Animal Encounters 2 durante tomas en Costa Rica en febrero de 2017. Se espera que la segunda&#8230;<\/p>\n","protected":false},"author":1,"featured_media":0,"comment_status":"closed","ping_status":"closed","sticky":false,"template":"","format":"standard","meta":{"_acf_changed":false,"footnotes":""},"categories":[15],"tags":[],"class_list":["post-31373","post","type-post","status-publish","format-standard","hentry","category-rss-espanol"],"acf":[],"yoast_head":"<!-- This site is optimized with the Yoast SEO plugin v27.3 - https:\/\/yoast.com\/product\/yoast-seo-wordpress\/ -->\n<title>Filmaci\u00f3n de Animal Encounters 2 - Iglesia Adventista del S\u00e9ptimo D\u00eda - Divisi\u00f3n Interamericana<\/title>\n<meta name=\"robots\" content=\"index, follow, max-snippet:-1, max-image-preview:large, max-video-preview:-1\" \/>\n<link rel=\"canonical\" href=\"https:\/\/interamerica.org\/es\/2017\/03\/filmacion-de-animal-encounters-2\/\" \/>\n<meta property=\"og:locale\" content=\"es_ES\" \/>\n<meta property=\"og:type\" content=\"article\" \/>\n<meta property=\"og:title\" content=\"Filmaci\u00f3n de Animal Encounters 2 - Iglesia Adventista del S\u00e9ptimo D\u00eda - Divisi\u00f3n Interamericana\" \/>\n<meta property=\"og:description\" content=\"Personal de Adventist Review TV y de Hope Channel Interam\u00e9rica filma episodios de Animal Encounters 2 durante tomas en Costa Rica en febrero de 2017. Se espera que la segunda...\" \/>\n<meta property=\"og:url\" content=\"https:\/\/interamerica.org\/es\/2017\/03\/filmacion-de-animal-encounters-2\/\" \/>\n<meta property=\"og:site_name\" content=\"Iglesia Adventista del S\u00e9ptimo D\u00eda - Divisi\u00f3n Interamericana\" \/>\n<meta property=\"article:published_time\" content=\"2017-03-26T04:00:00+00:00\" \/>\n<meta property=\"article:modified_time\" content=\"2018-01-22T23:16:48+00:00\" \/>\n<meta property=\"og:image\" content=\"http:\/\/192.81.217.108\/interamerica\/wp-content\/uploads\/2017\/03\/animalencounters-1.jpg\" \/>\n<meta name=\"author\" content=\"Lorenzo Verduzco\" \/>\n<meta name=\"twitter:card\" content=\"summary_large_image\" \/>\n<meta name=\"twitter:label1\" content=\"Escrito por\" \/>\n\t<meta name=\"twitter:data1\" content=\"Lorenzo Verduzco\" \/>\n<script type=\"application\/ld+json\" class=\"yoast-schema-graph\">{\"@context\":\"https:\\\/\\\/schema.org\",\"@graph\":[{\"@type\":\"Article\",\"@id\":\"https:\\\/\\\/interamerica.org\\\/es\\\/2017\\\/03\\\/filmacion-de-animal-encounters-2\\\/#article\",\"isPartOf\":{\"@id\":\"https:\\\/\\\/interamerica.org\\\/es\\\/2017\\\/03\\\/filmacion-de-animal-encounters-2\\\/\"},\"author\":{\"name\":\"Lorenzo Verduzco\",\"@id\":\"https:\\\/\\\/interamerica.org\\\/es\\\/#\\\/schema\\\/person\\\/68ede8bdc292885bb76c1e3810e73c39\"},\"headline\":\"Filmaci\u00f3n de Animal Encounters 2\",\"datePublished\":\"2017-03-26T04:00:00+00:00\",\"dateModified\":\"2018-01-22T23:16:48+00:00\",\"mainEntityOfPage\":{\"@id\":\"https:\\\/\\\/interamerica.org\\\/es\\\/2017\\\/03\\\/filmacion-de-animal-encounters-2\\\/\"},\"wordCount\":48,\"image\":{\"@id\":\"https:\\\/\\\/interamerica.org\\\/es\\\/2017\\\/03\\\/filmacion-de-animal-encounters-2\\\/#primaryimage\"},\"thumbnailUrl\":\"http:\\\/\\\/192.81.217.108\\\/interamerica\\\/wp-content\\\/uploads\\\/2017\\\/03\\\/animalencounters-1.jpg\",\"articleSection\":[\"RSS Espa\u00f1ol\"],\"inLanguage\":\"es\"},{\"@type\":\"WebPage\",\"@id\":\"https:\\\/\\\/interamerica.org\\\/es\\\/2017\\\/03\\\/filmacion-de-animal-encounters-2\\\/\",\"url\":\"https:\\\/\\\/interamerica.org\\\/es\\\/2017\\\/03\\\/filmacion-de-animal-encounters-2\\\/\",\"name\":\"Filmaci\u00f3n de Animal Encounters 2 - Iglesia Adventista del S\u00e9ptimo D\u00eda - Divisi\u00f3n Interamericana\",\"isPartOf\":{\"@id\":\"https:\\\/\\\/interamerica.org\\\/es\\\/#website\"},\"primaryImageOfPage\":{\"@id\":\"https:\\\/\\\/interamerica.org\\\/es\\\/2017\\\/03\\\/filmacion-de-animal-encounters-2\\\/#primaryimage\"},\"image\":{\"@id\":\"https:\\\/\\\/interamerica.org\\\/es\\\/2017\\\/03\\\/filmacion-de-animal-encounters-2\\\/#primaryimage\"},\"thumbnailUrl\":\"http:\\\/\\\/192.81.217.108\\\/interamerica\\\/wp-content\\\/uploads\\\/2017\\\/03\\\/animalencounters-1.jpg\",\"datePublished\":\"2017-03-26T04:00:00+00:00\",\"dateModified\":\"2018-01-22T23:16:48+00:00\",\"author\":{\"@id\":\"https:\\\/\\\/interamerica.org\\\/es\\\/#\\\/schema\\\/person\\\/68ede8bdc292885bb76c1e3810e73c39\"},\"breadcrumb\":{\"@id\":\"https:\\\/\\\/interamerica.org\\\/es\\\/2017\\\/03\\\/filmacion-de-animal-encounters-2\\\/#breadcrumb\"},\"inLanguage\":\"es\",\"potentialAction\":[{\"@type\":\"ReadAction\",\"target\":[\"https:\\\/\\\/interamerica.org\\\/es\\\/2017\\\/03\\\/filmacion-de-animal-encounters-2\\\/\"]}]},{\"@type\":\"ImageObject\",\"inLanguage\":\"es\",\"@id\":\"https:\\\/\\\/interamerica.org\\\/es\\\/2017\\\/03\\\/filmacion-de-animal-encounters-2\\\/#primaryimage\",\"url\":\"http:\\\/\\\/192.81.217.108\\\/interamerica\\\/wp-content\\\/uploads\\\/2017\\\/03\\\/animalencounters-1.jpg\",\"contentUrl\":\"http:\\\/\\\/192.81.217.108\\\/interamerica\\\/wp-content\\\/uploads\\\/2017\\\/03\\\/animalencounters-1.jpg\"},{\"@type\":\"BreadcrumbList\",\"@id\":\"https:\\\/\\\/interamerica.org\\\/es\\\/2017\\\/03\\\/filmacion-de-animal-encounters-2\\\/#breadcrumb\",\"itemListElement\":[{\"@type\":\"ListItem\",\"position\":1,\"name\":\"Home\",\"item\":\"https:\\\/\\\/interamerica.org\\\/es\\\/\"},{\"@type\":\"ListItem\",\"position\":2,\"name\":\"Filmaci\u00f3n de Animal Encounters 2\"}]},{\"@type\":\"WebSite\",\"@id\":\"https:\\\/\\\/interamerica.org\\\/es\\\/#website\",\"url\":\"https:\\\/\\\/interamerica.org\\\/es\\\/\",\"name\":\"Iglesia Adventista del S\u00e9ptimo D\u00eda - Divisi\u00f3n Interamericana\",\"description\":\"\",\"potentialAction\":[{\"@type\":\"SearchAction\",\"target\":{\"@type\":\"EntryPoint\",\"urlTemplate\":\"https:\\\/\\\/interamerica.org\\\/es\\\/?s={search_term_string}\"},\"query-input\":{\"@type\":\"PropertyValueSpecification\",\"valueRequired\":true,\"valueName\":\"search_term_string\"}}],\"inLanguage\":\"es\"},{\"@type\":\"Person\",\"@id\":\"https:\\\/\\\/interamerica.org\\\/es\\\/#\\\/schema\\\/person\\\/68ede8bdc292885bb76c1e3810e73c39\",\"name\":\"Lorenzo Verduzco\",\"image\":{\"@type\":\"ImageObject\",\"inLanguage\":\"es\",\"@id\":\"https:\\\/\\\/secure.gravatar.com\\\/avatar\\\/fb81a55b6218459490a9c1dc841a34909185b81904c5337b4b27f7a6fd60c49e?s=96&d=mm&r=g\",\"url\":\"https:\\\/\\\/secure.gravatar.com\\\/avatar\\\/fb81a55b6218459490a9c1dc841a34909185b81904c5337b4b27f7a6fd60c49e?s=96&d=mm&r=g\",\"contentUrl\":\"https:\\\/\\\/secure.gravatar.com\\\/avatar\\\/fb81a55b6218459490a9c1dc841a34909185b81904c5337b4b27f7a6fd60c49e?s=96&d=mm&r=g\",\"caption\":\"Lorenzo Verduzco\"}}]}<\/script>\n<!-- \/ Yoast SEO plugin. -->","yoast_head_json":{"title":"Filmaci\u00f3n de Animal Encounters 2 - Iglesia Adventista del S\u00e9ptimo D\u00eda - Divisi\u00f3n Interamericana","robots":{"index":"index","follow":"follow","max-snippet":"max-snippet:-1","max-image-preview":"max-image-preview:large","max-video-preview":"max-video-preview:-1"},"canonical":"https:\/\/interamerica.org\/es\/2017\/03\/filmacion-de-animal-encounters-2\/","og_locale":"es_ES","og_type":"article","og_title":"Filmaci\u00f3n de Animal Encounters 2 - Iglesia Adventista del S\u00e9ptimo D\u00eda - Divisi\u00f3n Interamericana","og_description":"Personal de Adventist Review TV y de Hope Channel Interam\u00e9rica filma episodios de Animal Encounters 2 durante tomas en Costa Rica en febrero de 2017. Se espera que la segunda...","og_url":"https:\/\/interamerica.org\/es\/2017\/03\/filmacion-de-animal-encounters-2\/","og_site_name":"Iglesia Adventista del S\u00e9ptimo D\u00eda - Divisi\u00f3n Interamericana","article_published_time":"2017-03-26T04:00:00+00:00","article_modified_time":"2018-01-22T23:16:48+00:00","og_image":[{"url":"http:\/\/192.81.217.108\/interamerica\/wp-content\/uploads\/2017\/03\/animalencounters-1.jpg","type":"","width":"","height":""}],"author":"Lorenzo Verduzco","twitter_card":"summary_large_image","twitter_misc":{"Escrito por":"Lorenzo Verduzco"},"schema":{"@context":"https:\/\/schema.org","@graph":[{"@type":"Article","@id":"https:\/\/interamerica.org\/es\/2017\/03\/filmacion-de-animal-encounters-2\/#article","isPartOf":{"@id":"https:\/\/interamerica.org\/es\/2017\/03\/filmacion-de-animal-encounters-2\/"},"author":{"name":"Lorenzo Verduzco","@id":"https:\/\/interamerica.org\/es\/#\/schema\/person\/68ede8bdc292885bb76c1e3810e73c39"},"headline":"Filmaci\u00f3n de Animal Encounters 2","datePublished":"2017-03-26T04:00:00+00:00","dateModified":"2018-01-22T23:16:48+00:00","mainEntityOfPage":{"@id":"https:\/\/interamerica.org\/es\/2017\/03\/filmacion-de-animal-encounters-2\/"},"wordCount":48,"image":{"@id":"https:\/\/interamerica.org\/es\/2017\/03\/filmacion-de-animal-encounters-2\/#primaryimage"},"thumbnailUrl":"http:\/\/192.81.217.108\/interamerica\/wp-content\/uploads\/2017\/03\/animalencounters-1.jpg","articleSection":["RSS Espa\u00f1ol"],"inLanguage":"es"},{"@type":"WebPage","@id":"https:\/\/interamerica.org\/es\/2017\/03\/filmacion-de-animal-encounters-2\/","url":"https:\/\/interamerica.org\/es\/2017\/03\/filmacion-de-animal-encounters-2\/","name":"Filmaci\u00f3n de Animal Encounters 2 - Iglesia Adventista del S\u00e9ptimo D\u00eda - Divisi\u00f3n Interamericana","isPartOf":{"@id":"https:\/\/interamerica.org\/es\/#website"},"primaryImageOfPage":{"@id":"https:\/\/interamerica.org\/es\/2017\/03\/filmacion-de-animal-encounters-2\/#primaryimage"},"image":{"@id":"https:\/\/interamerica.org\/es\/2017\/03\/filmacion-de-animal-encounters-2\/#primaryimage"},"thumbnailUrl":"http:\/\/192.81.217.108\/interamerica\/wp-content\/uploads\/2017\/03\/animalencounters-1.jpg","datePublished":"2017-03-26T04:00:00+00:00","dateModified":"2018-01-22T23:16:48+00:00","author":{"@id":"https:\/\/interamerica.org\/es\/#\/schema\/person\/68ede8bdc292885bb76c1e3810e73c39"},"breadcrumb":{"@id":"https:\/\/interamerica.org\/es\/2017\/03\/filmacion-de-animal-encounters-2\/#breadcrumb"},"inLanguage":"es","potentialAction":[{"@type":"ReadAction","target":["https:\/\/interamerica.org\/es\/2017\/03\/filmacion-de-animal-encounters-2\/"]}]},{"@type":"ImageObject","inLanguage":"es","@id":"https:\/\/interamerica.org\/es\/2017\/03\/filmacion-de-animal-encounters-2\/#primaryimage","url":"http:\/\/192.81.217.108\/interamerica\/wp-content\/uploads\/2017\/03\/animalencounters-1.jpg","contentUrl":"http:\/\/192.81.217.108\/interamerica\/wp-content\/uploads\/2017\/03\/animalencounters-1.jpg"},{"@type":"BreadcrumbList","@id":"https:\/\/interamerica.org\/es\/2017\/03\/filmacion-de-animal-encounters-2\/#breadcrumb","itemListElement":[{"@type":"ListItem","position":1,"name":"Home","item":"https:\/\/interamerica.org\/es\/"},{"@type":"ListItem","position":2,"name":"Filmaci\u00f3n de Animal Encounters 2"}]},{"@type":"WebSite","@id":"https:\/\/interamerica.org\/es\/#website","url":"https:\/\/interamerica.org\/es\/","name":"Iglesia Adventista del S\u00e9ptimo D\u00eda - Divisi\u00f3n Interamericana","description":"","potentialAction":[{"@type":"SearchAction","target":{"@type":"EntryPoint","urlTemplate":"https:\/\/interamerica.org\/es\/?s={search_term_string}"},"query-input":{"@type":"PropertyValueSpecification","valueRequired":true,"valueName":"search_term_string"}}],"inLanguage":"es"},{"@type":"Person","@id":"https:\/\/interamerica.org\/es\/#\/schema\/person\/68ede8bdc292885bb76c1e3810e73c39","name":"Lorenzo Verduzco","image":{"@type":"ImageObject","inLanguage":"es","@id":"https:\/\/secure.gravatar.com\/avatar\/fb81a55b6218459490a9c1dc841a34909185b81904c5337b4b27f7a6fd60c49e?s=96&d=mm&r=g","url":"https:\/\/secure.gravatar.com\/avatar\/fb81a55b6218459490a9c1dc841a34909185b81904c5337b4b27f7a6fd60c49e?s=96&d=mm&r=g","contentUrl":"https:\/\/secure.gravatar.com\/avatar\/fb81a55b6218459490a9c1dc841a34909185b81904c5337b4b27f7a6fd60c49e?s=96&d=mm&r=g","caption":"Lorenzo Verduzco"}}]}},"_links":{"self":[{"href":"https:\/\/interamerica.org\/es\/wp-json\/wp\/v2\/posts\/31373","targetHints":{"allow":["GET"]}}],"collection":[{"href":"https:\/\/interamerica.org\/es\/wp-json\/wp\/v2\/posts"}],"about":[{"href":"https:\/\/interamerica.org\/es\/wp-json\/wp\/v2\/types\/post"}],"author":[{"embeddable":true,"href":"https:\/\/interamerica.org\/es\/wp-json\/wp\/v2\/users\/1"}],"replies":[{"embeddable":true,"href":"https:\/\/interamerica.org\/es\/wp-json\/wp\/v2\/comments?post=31373"}],"version-history":[{"count":0,"href":"https:\/\/interamerica.org\/es\/wp-json\/wp\/v2\/posts\/31373\/revisions"}],"wp:attachment":[{"href":"https:\/\/interamerica.org\/es\/wp-json\/wp\/v2\/media?parent=31373"}],"wp:term":[{"taxonomy":"category","embeddable":true,"href":"https:\/\/interamerica.org\/es\/wp-json\/wp\/v2\/categories?post=31373"},{"taxonomy":"post_tag","embeddable":true,"href":"https:\/\/interamerica.org\/es\/wp-json\/wp\/v2\/tags?post=31373"}],"curies":[{"name":"wp","href":"https:\/\/api.w.org\/{rel}","templated":true}]}}