{"id":31375,"date":"2017-03-29T00:00:00","date_gmt":"2017-03-29T04:00:00","guid":{"rendered":"http:\/\/192.81.217.108\/interamerica\/2017\/03\/en-interamerica-lideres-y-pastores-reciben-el-desafio-de-enfocarse-en-la-retencion-de-los-miembros\/"},"modified":"2017-11-03T16:05:57","modified_gmt":"2017-11-03T20:05:57","slug":"en-interamerica-lideres-y-pastores-reciben-el-desafio-de-enfocarse-en-la-retencion-de-los-miembros","status":"publish","type":"post","link":"https:\/\/interamerica.org\/es\/2017\/03\/en-interamerica-lideres-y-pastores-reciben-el-desafio-de-enfocarse-en-la-retencion-de-los-miembros\/","title":{"rendered":"En Interam\u00e9rica, l\u00edderes y pastores reciben el desaf\u00edo de enfocarse en la retenci\u00f3n de los miembros"},"content":{"rendered":"<div id=\"attachment_27688\" style=\"width: 783px\" class=\"wp-caption aligncenter\"><a href=\"\/interamerica\/wp-content\/uploads\/2017\/06\/Braham-retention-1.jpg\" rel=\"fancybox\" title=\"En Interam\u00e9rica, l\u00edderes y pastores reciben el desaf\u00edo de enfocarse en la retenci\u00f3n de los miembros\"><img fetchpriority=\"high\" decoding=\"async\" aria-describedby=\"caption-attachment-27688\" class=\" wp-image-27688\" src=\"\/interamerica\/wp-content\/uploads\/2017\/06\/Braham-retention-1.jpg\" alt=\"\" width=\"773\" height=\"437\" \/><\/a><p id=\"caption-attachment-27688\" class=\"wp-caption-text\">El pastor Balvin Braham, asiste del presidente de la Divisi\u00f3n Interamericana para evangelismo, habla durante la \u00abConferencia Conserva y Discipula\u00bb de Interam\u00e9rica desde Minatitl\u00e1n, Veracruz, M\u00e9xico, el 27 de marzo de 2017. Imagen de la DIA<\/p><\/div>\n<p>28 de marzo de 2017 | Minatitl\u00e1n, Veracruz, M\u00e9xico | Libna Stevens\/DIA<\/p>\n<p>Los l\u00edderes de la Iglesia Adventista del S\u00e9ptimo D\u00eda en el territorio de la Divisi\u00f3n Interamericana quieren asegurarse de que cuando un creyente nuevo se une a una de sus 21 mil congregaciones, reciba alimento espiritual, sea discipulado y se involucre de manera activa en la misi\u00f3n de la iglesia.<\/p>\n<p>El mensaje fue expresado con claridad durante una conferencia especial sobre retenci\u00f3n de los miembros llevada a cabo en el d\u00eda de ayer y dirigida a ministros, evangelistas y miembros activos, mientras miles de campa\u00f1as de evangelizaci\u00f3n est\u00e1n llegando a su fin en el territorio de la Divisi\u00f3n Interamericana esta semana. La conferencia de cinco horas fue transmitida en vivo por Internet desde la iglesia adventista Central de Santa Clara, Minatitl\u00e1n, M\u00e9xico, y se enfoc\u00f3 en las mejores pr\u00e1cticas para la retenci\u00f3n y conservaci\u00f3n de los miembros.<\/p>\n<p>\u201cEs responsabilidad de cada uno de nosotros trabajar con los que vienen a Cristo en busca de salvaci\u00f3n, para que puedan sentirse m\u00e1s firmes en la fe\u201d, dijo el pastor Israel Leito, presidente de la Iglesia Adventista en Interam\u00e9rica en el comienzo del evento. \u201cEl fin de las campa\u00f1as de evangelizaci\u00f3n no es el bautismo, sino toda la vida del cristiano a partir de ese momento\u201d.<\/p>\n<p>El pastor Leito reflexion\u00f3 en Isa\u00edas 49, mientras present\u00f3 el desaf\u00edo a ministros y l\u00edderes a que no esquiven el proceso de consolidar e involucrar de manera activa a los miembros para que lleguen a ser agentes para la conservaci\u00f3n de los miembros en sus congregaciones. \u201cLa consolidaci\u00f3n [de los miembros] jam\u00e1s termina\u201d.<\/p>\n<div id=\"attachment_27663\" style=\"width: 468px\" class=\"wp-caption alignright\"><a href=\"\/interamerica\/wp-content\/uploads\/2017\/06\/DavidTrim-retention.png\" rel=\"fancybox\" title=\"En Interam\u00e9rica, l\u00edderes y pastores reciben el desaf\u00edo de enfocarse en la retenci\u00f3n de los miembros\"><img decoding=\"async\" aria-describedby=\"caption-attachment-27663\" class=\" wp-image-27663\" src=\"\/interamerica\/wp-content\/uploads\/2017\/06\/DavidTrim-retention.png\" alt=\"\" width=\"458\" height=\"309\" \/><\/a><p id=\"caption-attachment-27663\" class=\"wp-caption-text\">El doctor David Trim, director de la Secretar\u00eda de Archivos, Estad\u00edsticas e Investigaciones de la Iglesia Adventista mundial habla durante la conferencia en vivo.<\/p><\/div>\n<p>La conservaci\u00f3n es parte del proceso de transformaci\u00f3n espiritual despu\u00e9s del bautismo, dijo el pastor Balvin Braham, asistente del presidente de la Divisi\u00f3n Interamericana para evangelismo y organizador de la conferencia. \u201cQueremos asegurarnos de que las personas entiendan la din\u00e1mica cuando son bautizados\u201d, a\u00f1adi\u00f3 Braham. \u201cEl destino no es la iglesia, sino el reino de Dios, y que ellos sigan comprometidos hasta que Cristo venga\u201d.<\/p>\n<p>Braham dijo que la conferencia trat\u00f3 un importante componente de la estrategia abarcadora de evangelismo de la iglesia denominada \u201cSe\u00f1or, transf\u00f3rmame\u201d, que se enfoca en motivar y fomentar la transformaci\u00f3n espiritual de los miembros por medio del estudio diario de la Biblia y la oraci\u00f3n, como esfuerzos por discipular a los miembros nuevos y actuales para que se involucren de manera activa en la misi\u00f3n de la iglesia.<\/p>\n<p>La iniciativa \u201cSe\u00f1or, transf\u00f3rmame\u201d va m\u00e1s all\u00e1 de solo discipular a los casi 170 mil nuevos miembros que se unen a la Iglesia Adventista de Interam\u00e9rica cada a\u00f1o. Tiene que ver con conservar a los 3,7 millones de miembros actuales en el territorio, para que vivan una vida diaria transformada y asegurarse de que no dejan la iglesia, dijo Braham.<\/p>\n<p><strong>P\u00e9rdida de miembros<\/strong><\/p>\n<p>La Divisi\u00f3n Interamericana ha perdido m\u00e1s de dos millones de miembros entre 1965 y 2016, seg\u00fan las estad\u00edsticas presentadas por el doctor David Trim, director de la Secretar\u00eda de Archivos, Estad\u00edsticas e Investigaciones de la Iglesia Adventista mundial. El n\u00famero de p\u00e9rdidas refleja a los que han abandonado la iglesia y los de paradero desconocido en las n\u00f3minas de miembros, dijo el doctor Trim durante su presentaci\u00f3n.<\/p>\n<div id=\"attachment_27691\" style=\"width: 468px\" class=\"wp-caption alignright\"><a href=\"\/interamerica\/wp-content\/uploads\/2017\/06\/IAD-Accessions-losses-1.png\" rel=\"fancybox\" title=\"En Interam\u00e9rica, l\u00edderes y pastores reciben el desaf\u00edo de enfocarse en la retenci\u00f3n de los miembros\"><img decoding=\"async\" aria-describedby=\"caption-attachment-27691\" class=\" wp-image-27691\" src=\"\/interamerica\/wp-content\/uploads\/2017\/06\/IAD-Accessions-losses-1.png\" alt=\"\" width=\"458\" height=\"344\" \/><\/a><p id=\"caption-attachment-27691\" class=\"wp-caption-text\">Un gr\u00e1fico muestra los ingresos y las p\u00e9rdidas de miembros entre 1965 y 2016 en el territorio de la Divisi\u00f3n Interamericana.<\/p><\/div>\n<p>En el curso de 52 a\u00f1os, la iglesia de la Divisi\u00f3n Interamericana ha tenido m\u00e1s de seis millones de miembros en el territorio, pero m\u00e1s de dos millones de ellos se han ido, llevando las p\u00e9rdidas a un 34 por ciento, explic\u00f3 Trim. El n\u00famero de p\u00e9rdidas socava el n\u00famero de ingresos, o las adiciones de bautismos y profesiones de fe.<\/p>\n<p>En total, la iglesia mundial ha perdido 14 millones de miembros en los \u00faltimos 52 a\u00f1os, una p\u00e9rdida global del 40 por ciento, declar\u00f3 Trim. \u201cEso significa que dos de cada cinco miembros dejar\u00e1n la iglesia\u201d.<\/p>\n<p>\u201cMi preocupaci\u00f3n no son las estad\u00edsticas\u201d, dijo Trim. \u201cLas cifras hablan de personas, y cada persona es un alma por la que Jes\u00fas muri\u00f3, para salvarla y para que la cuidemos\u201d.<\/p>\n<p>Las alarmantes cifras han forzado a la iglesia a que analice por qu\u00e9 las personas se van de la iglesia, dijo Trim. \u201cAl averiguar por qu\u00e9 se fueron, podemos trabajar para saber c\u00f3mo retenerlas\u201d, a\u00f1adi\u00f3, al presentar varios hallazgos de dos encuestas recientes que comparti\u00f3 la iglesia mundial.<\/p>\n<p>\u201cSi queremos que la iglesia crezca, necesitamos conservar nuestros miembros, y traer otros nuevos\u201d, dijo Trim.<\/p>\n<p><strong>Crecimiento espiritual de los miembros<\/strong><\/p>\n<p>El profesor de Lenguas y Literatura B\u00edblica de la Universidad Howard, el doctor Bertram Melbourne, se refiri\u00f3 a la experiencia de la Iglesia Primitiva en el Nuevo Testamento para demostrar de qu\u00e9 manera los miembros eran discipulados, conservados e involucrados para compartir el evangelio.<\/p>\n<p>\u201cDespu\u00e9s del bautismo llegan a ser miembros, y durante ese proceso es donde es necesario nutrirlos\u201d, dijo el doctor Melbourne. A esa alimentaci\u00f3n le sigue el servicio, el discipulado y el uso de sus dones espirituales, explic\u00f3.<\/p>\n<p>Compartir su experiencia de transformaci\u00f3n con otros fortalece la fe del miembro nuevo, de manera que \u201cjuntar a los miembros experimentados con los nuevos conversos para que vayan a testificar podr\u00eda ser una buena bendici\u00f3n para el Se\u00f1or y para cumplir con lo que hizo Cristo\u201d, dijo el doctor Melbourne.<\/p>\n<p>\u201cPuede resultar sumamente efectivo asegurarse del crecimiento espiritual de los nuevos miembros en un grupo peque\u00f1o o una iglesia que les muestre amor y los alimente\u201d, a\u00f1adi\u00f3 el doctor Melbourne. \u201cAlimente a los miembros nuevos, siendo tan bondadosos como una madre\u201d.<\/p>\n<div id=\"attachment_27694\" style=\"width: 467px\" class=\"wp-caption alignleft\"><a href=\"\/interamerica\/wp-content\/uploads\/2017\/06\/BertramMelbourne-retention-1.jpg\" rel=\"fancybox\" title=\"En Interam\u00e9rica, l\u00edderes y pastores reciben el desaf\u00edo de enfocarse en la retenci\u00f3n de los miembros\"><img loading=\"lazy\" decoding=\"async\" aria-describedby=\"caption-attachment-27694\" class=\"wp-image-27694\" src=\"\/interamerica\/wp-content\/uploads\/2017\/06\/BertramMelbourne-retention-1.jpg\" alt=\"\" width=\"457\" height=\"311\" \/><\/a><p id=\"caption-attachment-27694\" class=\"wp-caption-text\">El doctor Bertram Melbourne (derecha), profesor de Lenguas y Literatura B\u00edblica de la Universidad Howard.<\/p><\/div>\n<p>El doctor Melbourne enfatiz\u00f3 que seg\u00fan las investigaciones, un miembro nuevo necesita cultivar siete amistades en la iglesia para adaptarse y permanecer en ella.<\/p>\n<p>La Divisi\u00f3n Interamericana seguir\u00e1 enfoc\u00e1ndose en continuar con un programa extensivo de discipulado y conservaci\u00f3n de los miembros, dijeron los principales l\u00edderes de la iglesia.<\/p>\n<p>Seg\u00fan Braham, el plan es tener un coordinador en cada iglesia local que sea responsable de cada una de las cinco \u00e1rea de \u00e9nfasis de la iniciativa \u201cSe\u00f1or, transf\u00f3rmame\u201d: Transformar y vivir, explorar y aprender, conectar y compartir, proclamar y cosechar, y conservar y discipular.<\/p>\n<p>\u201cNuestra esperanza es que todos los miembros activos de nuestra iglesia se conecten con el cielo, entre ellos y tambi\u00e9n con los dem\u00e1s, de manera que todos los miembros inactivos de nuestra iglesia puedan revivir, involucrarse y comprometerse\u201d, dijo Braham.<\/p>\n<p>Los oradores durante la conferencia respondieron preguntas durante la sesi\u00f3n de preguntas y respuestas al final del programa en vivo.<\/p>\n<p>Los l\u00edderes concluyeron con una oraci\u00f3n especial por la retenci\u00f3n de miembros y pidiendo orientaci\u00f3n para que los pastores y l\u00edderes hallen a los perdidos y desaparecidos de sus congregaciones.<\/p>\n<p>El programa en vivo por Internet fue visto desde 3215 lugares, en 43 pa\u00edses del mundo.<\/p>\n<p>Para ver la conferencia de retenci\u00f3n de la Divisi\u00f3n Interamericana en ingl\u00e9s, espa\u00f1ol y franc\u00e9s, visite<\/p>\n<p>Por ingl\u00e9s y espa\u00f1ol, <a href=\"https:\/\/www.youtube.com\/watch?v=4ChzsEvfphY\">AQU\u00cd <\/a><\/p>\n<p>Por franc\u00e9s, <a href=\"https:\/\/www.youtube.com\/watch?v=E4rEVS9Dbs8\">AQU\u00cd <\/a><\/p>\n<p>Para hallar presentaciones sobre el evento, entre a la secci\u00f3n de \u201cPresentaciones\u201d <a href=\"https:\/\/webcast.interamerica.org\/english\">AQU\u00cd<\/a><\/p>\n<p>Traducci\u00f3n de Marcos Paseggi<\/p>\n","protected":false},"excerpt":{"rendered":"<p>Los l\u00edderes de la Iglesia Adventista del S\u00e9ptimo D\u00eda en el territorio de la Divisi\u00f3n Interamericana quieren asegurarse de que cuando un creyente nuevo se une a una de sus 21 mil congregaciones, reciba alimento espiritual, sea discipulado y se involucre de manera activa en la misi\u00f3n de la iglesia.<\/p>\n<p>El mensaje fue expresado con claridad durante una conferencia especial sobre retenci\u00f3n de los miembros llevada a cabo en el d\u00eda de ayer y dirigida a ministros, evangelistas y miembros activos, mientras miles de campa\u00f1as de evangelizaci\u00f3n est\u00e1n llegando a su fin en el territorio de la Divisi\u00f3n Interamericana esta semana.<\/p>\n","protected":false},"author":1,"featured_media":29484,"comment_status":"closed","ping_status":"closed","sticky":false,"template":"","format":"standard","meta":{"_acf_changed":false,"footnotes":""},"categories":[16,15],"tags":[],"class_list":["post-31375","post","type-post","status-publish","format-standard","has-post-thumbnail","hentry","category-desde-la-sede","category-rss-espanol"],"acf":[],"yoast_head":"<!-- This site is optimized with the Yoast SEO plugin v27.3 - https:\/\/yoast.com\/product\/yoast-seo-wordpress\/ -->\n<title>En Interam\u00e9rica, l\u00edderes y pastores reciben el desaf\u00edo de enfocarse en la retenci\u00f3n de los miembros - Iglesia Adventista del S\u00e9ptimo D\u00eda - Divisi\u00f3n Interamericana<\/title>\n<meta name=\"robots\" content=\"index, follow, max-snippet:-1, max-image-preview:large, max-video-preview:-1\" \/>\n<link rel=\"canonical\" href=\"https:\/\/interamerica.org\/es\/2017\/03\/en-interamerica-lideres-y-pastores-reciben-el-desafio-de-enfocarse-en-la-retencion-de-los-miembros\/\" \/>\n<meta property=\"og:locale\" content=\"es_ES\" \/>\n<meta property=\"og:type\" content=\"article\" \/>\n<meta property=\"og:title\" content=\"En Interam\u00e9rica, l\u00edderes y pastores reciben el desaf\u00edo de enfocarse en la retenci\u00f3n de los miembros - Iglesia Adventista del S\u00e9ptimo D\u00eda - Divisi\u00f3n Interamericana\" \/>\n<meta property=\"og:description\" content=\"Los l\u00edderes de la Iglesia Adventista del S\u00e9ptimo D\u00eda en el territorio de la Divisi\u00f3n Interamericana quieren asegurarse de que cuando un creyente nuevo se une a una de sus 21 mil congregaciones, reciba alimento espiritual, sea discipulado y se involucre de manera activa en la misi\u00f3n de la iglesia.  El mensaje fue expresado con claridad durante una conferencia especial sobre retenci\u00f3n de los miembros llevada a cabo en el d\u00eda de ayer y dirigida a ministros, evangelistas y miembros activos, mientras miles de campa\u00f1as de evangelizaci\u00f3n est\u00e1n llegando a su fin en el territorio de la Divisi\u00f3n Interamericana esta semana.\" \/>\n<meta property=\"og:url\" content=\"https:\/\/interamerica.org\/es\/2017\/03\/en-interamerica-lideres-y-pastores-reciben-el-desafio-de-enfocarse-en-la-retencion-de-los-miembros\/\" \/>\n<meta property=\"og:site_name\" content=\"Iglesia Adventista del S\u00e9ptimo D\u00eda - Divisi\u00f3n Interamericana\" \/>\n<meta property=\"article:published_time\" content=\"2017-03-29T04:00:00+00:00\" \/>\n<meta property=\"article:modified_time\" content=\"2017-11-03T20:05:57+00:00\" \/>\n<meta property=\"og:image\" content=\"https:\/\/interamerica.org\/wp-content\/uploads\/2017\/06\/IADmembersMexicoCity.jpg\" \/>\n\t<meta property=\"og:image:width\" content=\"640\" \/>\n\t<meta property=\"og:image:height\" content=\"427\" \/>\n\t<meta property=\"og:image:type\" content=\"image\/jpeg\" \/>\n<meta name=\"author\" content=\"Lorenzo Verduzco\" \/>\n<meta name=\"twitter:card\" content=\"summary_large_image\" \/>\n<meta name=\"twitter:label1\" content=\"Escrito por\" \/>\n\t<meta name=\"twitter:data1\" content=\"Lorenzo Verduzco\" \/>\n\t<meta name=\"twitter:label2\" content=\"Tiempo de lectura\" \/>\n\t<meta name=\"twitter:data2\" content=\"7 minutos\" \/>\n<script type=\"application\/ld+json\" class=\"yoast-schema-graph\">{\"@context\":\"https:\\\/\\\/schema.org\",\"@graph\":[{\"@type\":\"Article\",\"@id\":\"https:\\\/\\\/interamerica.org\\\/es\\\/2017\\\/03\\\/en-interamerica-lideres-y-pastores-reciben-el-desafio-de-enfocarse-en-la-retencion-de-los-miembros\\\/#article\",\"isPartOf\":{\"@id\":\"https:\\\/\\\/interamerica.org\\\/es\\\/2017\\\/03\\\/en-interamerica-lideres-y-pastores-reciben-el-desafio-de-enfocarse-en-la-retencion-de-los-miembros\\\/\"},\"author\":{\"name\":\"Lorenzo Verduzco\",\"@id\":\"https:\\\/\\\/interamerica.org\\\/es\\\/#\\\/schema\\\/person\\\/68ede8bdc292885bb76c1e3810e73c39\"},\"headline\":\"En Interam\u00e9rica, l\u00edderes y pastores reciben el desaf\u00edo de enfocarse en la retenci\u00f3n de los miembros\",\"datePublished\":\"2017-03-29T04:00:00+00:00\",\"dateModified\":\"2017-11-03T20:05:57+00:00\",\"mainEntityOfPage\":{\"@id\":\"https:\\\/\\\/interamerica.org\\\/es\\\/2017\\\/03\\\/en-interamerica-lideres-y-pastores-reciben-el-desafio-de-enfocarse-en-la-retencion-de-los-miembros\\\/\"},\"wordCount\":1383,\"image\":{\"@id\":\"https:\\\/\\\/interamerica.org\\\/es\\\/2017\\\/03\\\/en-interamerica-lideres-y-pastores-reciben-el-desafio-de-enfocarse-en-la-retencion-de-los-miembros\\\/#primaryimage\"},\"thumbnailUrl\":\"https:\\\/\\\/interamerica.org\\\/wp-content\\\/uploads\\\/2017\\\/06\\\/IADmembersMexicoCity.jpg\",\"articleSection\":[\"Desde la sede\",\"RSS Espa\u00f1ol\"],\"inLanguage\":\"es\"},{\"@type\":\"WebPage\",\"@id\":\"https:\\\/\\\/interamerica.org\\\/es\\\/2017\\\/03\\\/en-interamerica-lideres-y-pastores-reciben-el-desafio-de-enfocarse-en-la-retencion-de-los-miembros\\\/\",\"url\":\"https:\\\/\\\/interamerica.org\\\/es\\\/2017\\\/03\\\/en-interamerica-lideres-y-pastores-reciben-el-desafio-de-enfocarse-en-la-retencion-de-los-miembros\\\/\",\"name\":\"En Interam\u00e9rica, l\u00edderes y pastores reciben el desaf\u00edo de enfocarse en la retenci\u00f3n de los miembros - Iglesia Adventista del S\u00e9ptimo D\u00eda - Divisi\u00f3n Interamericana\",\"isPartOf\":{\"@id\":\"https:\\\/\\\/interamerica.org\\\/es\\\/#website\"},\"primaryImageOfPage\":{\"@id\":\"https:\\\/\\\/interamerica.org\\\/es\\\/2017\\\/03\\\/en-interamerica-lideres-y-pastores-reciben-el-desafio-de-enfocarse-en-la-retencion-de-los-miembros\\\/#primaryimage\"},\"image\":{\"@id\":\"https:\\\/\\\/interamerica.org\\\/es\\\/2017\\\/03\\\/en-interamerica-lideres-y-pastores-reciben-el-desafio-de-enfocarse-en-la-retencion-de-los-miembros\\\/#primaryimage\"},\"thumbnailUrl\":\"https:\\\/\\\/interamerica.org\\\/wp-content\\\/uploads\\\/2017\\\/06\\\/IADmembersMexicoCity.jpg\",\"datePublished\":\"2017-03-29T04:00:00+00:00\",\"dateModified\":\"2017-11-03T20:05:57+00:00\",\"author\":{\"@id\":\"https:\\\/\\\/interamerica.org\\\/es\\\/#\\\/schema\\\/person\\\/68ede8bdc292885bb76c1e3810e73c39\"},\"breadcrumb\":{\"@id\":\"https:\\\/\\\/interamerica.org\\\/es\\\/2017\\\/03\\\/en-interamerica-lideres-y-pastores-reciben-el-desafio-de-enfocarse-en-la-retencion-de-los-miembros\\\/#breadcrumb\"},\"inLanguage\":\"es\",\"potentialAction\":[{\"@type\":\"ReadAction\",\"target\":[\"https:\\\/\\\/interamerica.org\\\/es\\\/2017\\\/03\\\/en-interamerica-lideres-y-pastores-reciben-el-desafio-de-enfocarse-en-la-retencion-de-los-miembros\\\/\"]}]},{\"@type\":\"ImageObject\",\"inLanguage\":\"es\",\"@id\":\"https:\\\/\\\/interamerica.org\\\/es\\\/2017\\\/03\\\/en-interamerica-lideres-y-pastores-reciben-el-desafio-de-enfocarse-en-la-retencion-de-los-miembros\\\/#primaryimage\",\"url\":\"https:\\\/\\\/interamerica.org\\\/wp-content\\\/uploads\\\/2017\\\/06\\\/IADmembersMexicoCity.jpg\",\"contentUrl\":\"https:\\\/\\\/interamerica.org\\\/wp-content\\\/uploads\\\/2017\\\/06\\\/IADmembersMexicoCity.jpg\",\"width\":640,\"height\":427},{\"@type\":\"BreadcrumbList\",\"@id\":\"https:\\\/\\\/interamerica.org\\\/es\\\/2017\\\/03\\\/en-interamerica-lideres-y-pastores-reciben-el-desafio-de-enfocarse-en-la-retencion-de-los-miembros\\\/#breadcrumb\",\"itemListElement\":[{\"@type\":\"ListItem\",\"position\":1,\"name\":\"Home\",\"item\":\"https:\\\/\\\/interamerica.org\\\/es\\\/\"},{\"@type\":\"ListItem\",\"position\":2,\"name\":\"En Interam\u00e9rica, l\u00edderes y pastores reciben el desaf\u00edo de enfocarse en la retenci\u00f3n de los miembros\"}]},{\"@type\":\"WebSite\",\"@id\":\"https:\\\/\\\/interamerica.org\\\/es\\\/#website\",\"url\":\"https:\\\/\\\/interamerica.org\\\/es\\\/\",\"name\":\"Iglesia Adventista del S\u00e9ptimo D\u00eda - Divisi\u00f3n Interamericana\",\"description\":\"\",\"potentialAction\":[{\"@type\":\"SearchAction\",\"target\":{\"@type\":\"EntryPoint\",\"urlTemplate\":\"https:\\\/\\\/interamerica.org\\\/es\\\/?s={search_term_string}\"},\"query-input\":{\"@type\":\"PropertyValueSpecification\",\"valueRequired\":true,\"valueName\":\"search_term_string\"}}],\"inLanguage\":\"es\"},{\"@type\":\"Person\",\"@id\":\"https:\\\/\\\/interamerica.org\\\/es\\\/#\\\/schema\\\/person\\\/68ede8bdc292885bb76c1e3810e73c39\",\"name\":\"Lorenzo Verduzco\",\"image\":{\"@type\":\"ImageObject\",\"inLanguage\":\"es\",\"@id\":\"https:\\\/\\\/secure.gravatar.com\\\/avatar\\\/fb81a55b6218459490a9c1dc841a34909185b81904c5337b4b27f7a6fd60c49e?s=96&d=mm&r=g\",\"url\":\"https:\\\/\\\/secure.gravatar.com\\\/avatar\\\/fb81a55b6218459490a9c1dc841a34909185b81904c5337b4b27f7a6fd60c49e?s=96&d=mm&r=g\",\"contentUrl\":\"https:\\\/\\\/secure.gravatar.com\\\/avatar\\\/fb81a55b6218459490a9c1dc841a34909185b81904c5337b4b27f7a6fd60c49e?s=96&d=mm&r=g\",\"caption\":\"Lorenzo Verduzco\"}}]}<\/script>\n<!-- \/ Yoast SEO plugin. -->","yoast_head_json":{"title":"En Interam\u00e9rica, l\u00edderes y pastores reciben el desaf\u00edo de enfocarse en la retenci\u00f3n de los miembros - Iglesia Adventista del S\u00e9ptimo D\u00eda - Divisi\u00f3n Interamericana","robots":{"index":"index","follow":"follow","max-snippet":"max-snippet:-1","max-image-preview":"max-image-preview:large","max-video-preview":"max-video-preview:-1"},"canonical":"https:\/\/interamerica.org\/es\/2017\/03\/en-interamerica-lideres-y-pastores-reciben-el-desafio-de-enfocarse-en-la-retencion-de-los-miembros\/","og_locale":"es_ES","og_type":"article","og_title":"En Interam\u00e9rica, l\u00edderes y pastores reciben el desaf\u00edo de enfocarse en la retenci\u00f3n de los miembros - Iglesia Adventista del S\u00e9ptimo D\u00eda - Divisi\u00f3n Interamericana","og_description":"Los l\u00edderes de la Iglesia Adventista del S\u00e9ptimo D\u00eda en el territorio de la Divisi\u00f3n Interamericana quieren asegurarse de que cuando un creyente nuevo se une a una de sus 21 mil congregaciones, reciba alimento espiritual, sea discipulado y se involucre de manera activa en la misi\u00f3n de la iglesia.  El mensaje fue expresado con claridad durante una conferencia especial sobre retenci\u00f3n de los miembros llevada a cabo en el d\u00eda de ayer y dirigida a ministros, evangelistas y miembros activos, mientras miles de campa\u00f1as de evangelizaci\u00f3n est\u00e1n llegando a su fin en el territorio de la Divisi\u00f3n Interamericana esta semana.","og_url":"https:\/\/interamerica.org\/es\/2017\/03\/en-interamerica-lideres-y-pastores-reciben-el-desafio-de-enfocarse-en-la-retencion-de-los-miembros\/","og_site_name":"Iglesia Adventista del S\u00e9ptimo D\u00eda - Divisi\u00f3n Interamericana","article_published_time":"2017-03-29T04:00:00+00:00","article_modified_time":"2017-11-03T20:05:57+00:00","og_image":[{"width":640,"height":427,"url":"https:\/\/interamerica.org\/wp-content\/uploads\/2017\/06\/IADmembersMexicoCity.jpg","type":"image\/jpeg"}],"author":"Lorenzo Verduzco","twitter_card":"summary_large_image","twitter_misc":{"Escrito por":"Lorenzo Verduzco","Tiempo de lectura":"7 minutos"},"schema":{"@context":"https:\/\/schema.org","@graph":[{"@type":"Article","@id":"https:\/\/interamerica.org\/es\/2017\/03\/en-interamerica-lideres-y-pastores-reciben-el-desafio-de-enfocarse-en-la-retencion-de-los-miembros\/#article","isPartOf":{"@id":"https:\/\/interamerica.org\/es\/2017\/03\/en-interamerica-lideres-y-pastores-reciben-el-desafio-de-enfocarse-en-la-retencion-de-los-miembros\/"},"author":{"name":"Lorenzo Verduzco","@id":"https:\/\/interamerica.org\/es\/#\/schema\/person\/68ede8bdc292885bb76c1e3810e73c39"},"headline":"En Interam\u00e9rica, l\u00edderes y pastores reciben el desaf\u00edo de enfocarse en la retenci\u00f3n de los miembros","datePublished":"2017-03-29T04:00:00+00:00","dateModified":"2017-11-03T20:05:57+00:00","mainEntityOfPage":{"@id":"https:\/\/interamerica.org\/es\/2017\/03\/en-interamerica-lideres-y-pastores-reciben-el-desafio-de-enfocarse-en-la-retencion-de-los-miembros\/"},"wordCount":1383,"image":{"@id":"https:\/\/interamerica.org\/es\/2017\/03\/en-interamerica-lideres-y-pastores-reciben-el-desafio-de-enfocarse-en-la-retencion-de-los-miembros\/#primaryimage"},"thumbnailUrl":"https:\/\/interamerica.org\/wp-content\/uploads\/2017\/06\/IADmembersMexicoCity.jpg","articleSection":["Desde la sede","RSS Espa\u00f1ol"],"inLanguage":"es"},{"@type":"WebPage","@id":"https:\/\/interamerica.org\/es\/2017\/03\/en-interamerica-lideres-y-pastores-reciben-el-desafio-de-enfocarse-en-la-retencion-de-los-miembros\/","url":"https:\/\/interamerica.org\/es\/2017\/03\/en-interamerica-lideres-y-pastores-reciben-el-desafio-de-enfocarse-en-la-retencion-de-los-miembros\/","name":"En Interam\u00e9rica, l\u00edderes y pastores reciben el desaf\u00edo de enfocarse en la retenci\u00f3n de los miembros - Iglesia Adventista del S\u00e9ptimo D\u00eda - Divisi\u00f3n Interamericana","isPartOf":{"@id":"https:\/\/interamerica.org\/es\/#website"},"primaryImageOfPage":{"@id":"https:\/\/interamerica.org\/es\/2017\/03\/en-interamerica-lideres-y-pastores-reciben-el-desafio-de-enfocarse-en-la-retencion-de-los-miembros\/#primaryimage"},"image":{"@id":"https:\/\/interamerica.org\/es\/2017\/03\/en-interamerica-lideres-y-pastores-reciben-el-desafio-de-enfocarse-en-la-retencion-de-los-miembros\/#primaryimage"},"thumbnailUrl":"https:\/\/interamerica.org\/wp-content\/uploads\/2017\/06\/IADmembersMexicoCity.jpg","datePublished":"2017-03-29T04:00:00+00:00","dateModified":"2017-11-03T20:05:57+00:00","author":{"@id":"https:\/\/interamerica.org\/es\/#\/schema\/person\/68ede8bdc292885bb76c1e3810e73c39"},"breadcrumb":{"@id":"https:\/\/interamerica.org\/es\/2017\/03\/en-interamerica-lideres-y-pastores-reciben-el-desafio-de-enfocarse-en-la-retencion-de-los-miembros\/#breadcrumb"},"inLanguage":"es","potentialAction":[{"@type":"ReadAction","target":["https:\/\/interamerica.org\/es\/2017\/03\/en-interamerica-lideres-y-pastores-reciben-el-desafio-de-enfocarse-en-la-retencion-de-los-miembros\/"]}]},{"@type":"ImageObject","inLanguage":"es","@id":"https:\/\/interamerica.org\/es\/2017\/03\/en-interamerica-lideres-y-pastores-reciben-el-desafio-de-enfocarse-en-la-retencion-de-los-miembros\/#primaryimage","url":"https:\/\/interamerica.org\/wp-content\/uploads\/2017\/06\/IADmembersMexicoCity.jpg","contentUrl":"https:\/\/interamerica.org\/wp-content\/uploads\/2017\/06\/IADmembersMexicoCity.jpg","width":640,"height":427},{"@type":"BreadcrumbList","@id":"https:\/\/interamerica.org\/es\/2017\/03\/en-interamerica-lideres-y-pastores-reciben-el-desafio-de-enfocarse-en-la-retencion-de-los-miembros\/#breadcrumb","itemListElement":[{"@type":"ListItem","position":1,"name":"Home","item":"https:\/\/interamerica.org\/es\/"},{"@type":"ListItem","position":2,"name":"En Interam\u00e9rica, l\u00edderes y pastores reciben el desaf\u00edo de enfocarse en la retenci\u00f3n de los miembros"}]},{"@type":"WebSite","@id":"https:\/\/interamerica.org\/es\/#website","url":"https:\/\/interamerica.org\/es\/","name":"Iglesia Adventista del S\u00e9ptimo D\u00eda - Divisi\u00f3n Interamericana","description":"","potentialAction":[{"@type":"SearchAction","target":{"@type":"EntryPoint","urlTemplate":"https:\/\/interamerica.org\/es\/?s={search_term_string}"},"query-input":{"@type":"PropertyValueSpecification","valueRequired":true,"valueName":"search_term_string"}}],"inLanguage":"es"},{"@type":"Person","@id":"https:\/\/interamerica.org\/es\/#\/schema\/person\/68ede8bdc292885bb76c1e3810e73c39","name":"Lorenzo Verduzco","image":{"@type":"ImageObject","inLanguage":"es","@id":"https:\/\/secure.gravatar.com\/avatar\/fb81a55b6218459490a9c1dc841a34909185b81904c5337b4b27f7a6fd60c49e?s=96&d=mm&r=g","url":"https:\/\/secure.gravatar.com\/avatar\/fb81a55b6218459490a9c1dc841a34909185b81904c5337b4b27f7a6fd60c49e?s=96&d=mm&r=g","contentUrl":"https:\/\/secure.gravatar.com\/avatar\/fb81a55b6218459490a9c1dc841a34909185b81904c5337b4b27f7a6fd60c49e?s=96&d=mm&r=g","caption":"Lorenzo Verduzco"}}]}},"_links":{"self":[{"href":"https:\/\/interamerica.org\/es\/wp-json\/wp\/v2\/posts\/31375","targetHints":{"allow":["GET"]}}],"collection":[{"href":"https:\/\/interamerica.org\/es\/wp-json\/wp\/v2\/posts"}],"about":[{"href":"https:\/\/interamerica.org\/es\/wp-json\/wp\/v2\/types\/post"}],"author":[{"embeddable":true,"href":"https:\/\/interamerica.org\/es\/wp-json\/wp\/v2\/users\/1"}],"replies":[{"embeddable":true,"href":"https:\/\/interamerica.org\/es\/wp-json\/wp\/v2\/comments?post=31375"}],"version-history":[{"count":0,"href":"https:\/\/interamerica.org\/es\/wp-json\/wp\/v2\/posts\/31375\/revisions"}],"wp:featuredmedia":[{"embeddable":true,"href":"https:\/\/interamerica.org\/es\/wp-json\/wp\/v2\/media\/29484"}],"wp:attachment":[{"href":"https:\/\/interamerica.org\/es\/wp-json\/wp\/v2\/media?parent=31375"}],"wp:term":[{"taxonomy":"category","embeddable":true,"href":"https:\/\/interamerica.org\/es\/wp-json\/wp\/v2\/categories?post=31375"},{"taxonomy":"post_tag","embeddable":true,"href":"https:\/\/interamerica.org\/es\/wp-json\/wp\/v2\/tags?post=31375"}],"curies":[{"name":"wp","href":"https:\/\/api.w.org\/{rel}","templated":true}]}}