{"id":31392,"date":"2017-04-15T00:00:00","date_gmt":"2017-04-15T04:00:00","guid":{"rendered":"http:\/\/192.81.217.108\/interamerica\/2017\/04\/se-recuerda-a-los-conquistadores-su-verdadera-identidad-y-mision\/"},"modified":"2017-11-02T18:10:58","modified_gmt":"2017-11-02T22:10:58","slug":"se-recuerda-a-los-conquistadores-su-verdadera-identidad-y-mision","status":"publish","type":"post","link":"https:\/\/interamerica.org\/es\/2017\/04\/se-recuerda-a-los-conquistadores-su-verdadera-identidad-y-mision\/","title":{"rendered":"Se recuerda a los Conquistadores su verdadera identidad y misi\u00f3n"},"content":{"rendered":"<div id=\"attachment_28187\" style=\"width: 717px\" class=\"wp-caption aligncenter\"><a href=\"\/interamerica\/wp-content\/uploads\/2017\/06\/ANaPatricia-Hernandez.jpg\" rel=\"fancybox\" title=\"Se recuerda a los Conquistadores su verdadera identidad y misi\u00f3n\"><img fetchpriority=\"high\" decoding=\"async\" aria-describedby=\"caption-attachment-28187\" class=\" wp-image-28187\" src=\"\/interamerica\/wp-content\/uploads\/2017\/06\/ANaPatricia-Hernandez.jpg\" alt=\"\" width=\"707\" height=\"471\" \/><\/a><p id=\"caption-attachment-28187\" class=\"wp-caption-text\">Ana Patricia Hern\u00e1ndez de Randeles Malpaso, Chiapas, M\u00e9xico, dice que de buena gana renunci\u00f3 a su Fiesta de Quincea\u00f1era para participar del Camporee de Conquistadores de Interam\u00e9rica en Santo Domingo, Rep\u00fablica Dominicana, del 11 al 15 de abril de 2017. Ella sabe que una fiesta dura unas pocas horas, pero el camporee le dar\u00e1 recuerdos para toda la vida. Imagen de Daniel Gallardo\/DIA<\/p><\/div>\n<p>14 de abril de 2017 | Santo Domingo, Rep\u00fablica Dominicana | Libna Stevens\/DIA<\/p>\n<p>Llegar al IV Camporee de Conquistadores de Interam\u00e9rica es un sue\u00f1o hecho realidad para Ana Patricia Hern\u00e1ndez de Chiapas, M\u00e9xico. El sol, el calor, los miles de otros compa\u00f1eros provenientes de decenas de pa\u00edses son para ella como un gran regalo. Ana cambi\u00f3 su Fiesta de Quincea\u00f1era con la familia y los amigos por un viaje al campamento en Santo Domingo, Rep\u00fablica Dominicana. Su decisi\u00f3n de renunciar a la fiesta tradicional fue la m\u00e1s f\u00e1cil que ella ha tomado.<\/p>\n<p>\u201cUna fiesta de cumplea\u00f1os puede durar solo unas horas, pero un evento como este puede durar para toda la vida\u201d, dijo Ana. Ella ha absorbido cada momento en el Parque Mirador del Este, obteniendo distintivos, intercambiando pines, aprendiendo sobre la historia del movimiento de Conquistadores, haci\u00e9ndose de nuevos amigos y aprendiendo m\u00e1s sobre el legado del personaje b\u00edblico de Rut.<\/p>\n<p>\u201cRut fue una mujer fuerte, y no se dej\u00f3 llevar por las personas pecaminosas que la rodeaban\u201d, dijo Ana. \u201cS\u00e9 que es importante ser firme y ponerse de parte de lo que uno cree\u201d.<\/p>\n<div id=\"attachment_28194\" style=\"width: 459px\" class=\"wp-caption alignleft\"><a href=\"\/interamerica\/wp-content\/uploads\/2017\/06\/PathfinderMuseum.jpg\" rel=\"fancybox\" title=\"Se recuerda a los Conquistadores su verdadera identidad y misi\u00f3n\"><img decoding=\"async\" aria-describedby=\"caption-attachment-28194\" class=\" wp-image-28194\" src=\"\/interamerica\/wp-content\/uploads\/2017\/06\/PathfinderMuseum.jpg\" alt=\"\" width=\"449\" height=\"299\" \/><\/a><p id=\"caption-attachment-28194\" class=\"wp-caption-text\">Un Conquistador mira a algunos distintivos de hace algunas d\u00e9cadas. Imagen de Daniel Gallardo\/DIA<\/p><\/div>\n<p>A los 14 a\u00f1os, ella tiene en claro su identidad y misi\u00f3n como Conquistadora para mantenerse firme en obediencia a las leyes divinas, compartir su amor a un mundo moribundo y esparcir la esperanza del pronto regreso de Jes\u00fas.<\/p>\n<p>Esa clara identidad es lo que los l\u00edderes adventistas quieren que los Conquistadores retengan cuando regresen a sus hogares esta semana.<\/p>\n<p>\u201cEl club de [Conquistadores] enfatiza el compromiso que tienen sus miembros con Cristo y con los que los rodean, y esta identidad les da un compromiso local con una visi\u00f3n local\u201d, explica Ruiz. Y va m\u00e1s all\u00e1 de eso, dice Ruiz, \u201cporque es importante que aprendan a tener una identidad global con otros compa\u00f1eros y creyentes que encuentran su identidad con Cristo porque quieren vivir con \u00e9l por la eternidad\u201d.<\/p>\n<p>El club refuerza las facultades f\u00edsicas, mentales y espirituales que los llevan a Jes\u00fas, el comienzo y el fin de la identidad de ellos, a\u00f1ade Ruiz, quien tiene d\u00e9cadas de experiencia como l\u00edder de Conquistadores y Gu\u00edas Maestros en M\u00e9xico.<\/p>\n<p>Todo lo que se ense\u00f1a en el club tiene un significado y un prop\u00f3sito para el crecimiento del Conquistador, destaca Ruiz. \u201cEs por eso que es importante que conozcan las ra\u00edces y los detalles de c\u00f3mo comenz\u00f3 el club, como una herramienta de evangelismo para llevar a los j\u00f3venes fieles al reino de los cielos\u201d, dice Ruiz.<\/p>\n<p>Los organizadores quisieron asegurarse de que los Conquistadores visitaran el Museo de la Historia del Conquistador durante el camporee.<\/p>\n<div id=\"attachment_28191\" style=\"width: 459px\" class=\"wp-caption alignleft\"><a href=\"\/interamerica\/wp-content\/uploads\/2017\/06\/Museum-pins.jpg\" rel=\"fancybox\" title=\"Se recuerda a los Conquistadores su verdadera identidad y misi\u00f3n\"><img decoding=\"async\" aria-describedby=\"caption-attachment-28191\" class=\" wp-image-28191\" src=\"\/interamerica\/wp-content\/uploads\/2017\/06\/Museum-pins.jpg\" alt=\"\" width=\"449\" height=\"266\" \/><\/a><p id=\"caption-attachment-28191\" class=\"wp-caption-text\">Los Conquistadores ven la muestra de pines en el Museo de la Historia del Conquistador en el Parque Mirador del Este en Santo Domingo.<\/p><\/div>\n<p>El Museo Adventista de Ministerios J\u00f3venes, dirigido por Terry Dodge de Battle Creek, M\u00edchigan, Estados Unidos, reuni\u00f3 artefactos que destacan la iglesia temprana que comenz\u00f3 con los j\u00f3venes, el nacimiento del Club de Conquistadores, su organizaci\u00f3n oficial en la d\u00e9cada de 1950 a cargo de la Asociaci\u00f3n General, y los colores, uniformes, distintivos y pines a lo largo de los a\u00f1os.<\/p>\n<p>Dodge ha estado viajando a camporees en todo el mundo durante d\u00e9cadas, y muestra la importancia de la identidad del Conquistador. \u201cSer Conquistador es un estilo de vida\u201d, dice Dodge. \u201cNuestro voto y la ley del Conquistador dicen c\u00f3mo vivimos, nuestra relaci\u00f3n con Cristo y nuestra tarea de contar al mundo de su pronto regreso\u201d, a\u00f1ade Dodge, que se convirti\u00f3 en Conquistador a los 10 a\u00f1os y jam\u00e1s se perdi\u00f3 un camporee. Dodge ha sido parte del equipo de liderazgo de organizadores del Camporee Internacional de Conquistadores llevado a cabo en Oshkosh desde fines de la d\u00e9cada de 1990.<\/p>\n<p>El museo tambi\u00e9n cuenta con una secci\u00f3n con una muestra completa de arqueolog\u00eda b\u00edblica y el origen del intercambio de pines, as\u00ed como una colecci\u00f3n de pines de Conquistadores.<\/p>\n<p>Ver la fuerza de miles de Conquistadores en el IV Camporee de Conquistadores de Interam\u00e9rica es realmente una bendici\u00f3n, dice Louise Nocandy. \u201cMe siento tan orgullosa de nuestros j\u00f3venes, porque son realmente un linaje de campeones que aguardan la segunda venida gloriosa de nuestro Se\u00f1or y Salvador Jesucristo\u201d, dice Nocandy.<\/p>\n<p>\u201cQueremos que Conquistadores comprendan mejor el prop\u00f3sito del club y su visi\u00f3n de discipularlos para que lleguen a ser l\u00edderes efectivos de la iglesia hoy y en el futuro\u201d, a\u00f1ade Nocandy.<\/p>\n<p>Para ver una galer\u00eda de fotograf\u00edas del camporee, visite <a href=\"https:\/\/www.flickr.com\/photos\/interamerica\/\">flikr.com\/photos\/interamerica<\/a><\/p>\n<p>Cuentas de Facebook: <a href=\"https:\/\/www.facebook.com\/CamporeeDIA\">CamporeeDIA<\/a><\/p>\n<p>Facebook en ingl\u00e9s: <a href=\"https:\/\/www.facebook.com\/interamerica.org\/\">Inter-American Division<\/a><\/p>\n<p>En espa\u00f1ol: <a href=\"https:\/\/www.facebook.com\/divisioninteramericana\/\">Divisi\u00f3n Interamericana<\/a><\/p>\n<p>En franc\u00e9s <a href=\"https:\/\/www.facebook.com\/adventistes\/\">Division Interam\u00e9ricaine<\/a><\/p>\n<p>Instagram: @adventistIAD<\/p>\n<p>Twitter en ingl\u00e9s: @adventistIAD<\/p>\n<p>Twitter en espa\u00f1ol: @adventistasDIA #CampDIA17<\/p>\n<p>Traducci\u00f3n de Marcos Paseggi<\/p>\n","protected":false},"excerpt":{"rendered":"<p>Llegar al IV Camporee de Conquistadores de Interam\u00e9rica es un sue\u00f1o hecho realidad para Ana Patricia Hern\u00e1ndez de Chiapas, M\u00e9xico. El sol, el calor, los miles de otros compa\u00f1eros provenientes de decenas de pa\u00edses son para ella como un gran regalo. Ana cambi\u00f3 su Fiesta de Quincea\u00f1era con la familia y los amigos por un viaje al campamento en Santo Domingo, Rep\u00fablica Dominicana. Su decisi\u00f3n de renunciar a la fiesta tradicional fue la m\u00e1s f\u00e1cil que ella ha tomado.<\/p>\n","protected":false},"author":1,"featured_media":29681,"comment_status":"closed","ping_status":"closed","sticky":false,"template":"","format":"standard","meta":{"_acf_changed":false,"footnotes":""},"categories":[16,15],"tags":[],"class_list":["post-31392","post","type-post","status-publish","format-standard","has-post-thumbnail","hentry","category-desde-la-sede","category-rss-espanol"],"acf":[],"yoast_head":"<!-- This site is optimized with the Yoast SEO plugin v27.3 - https:\/\/yoast.com\/product\/yoast-seo-wordpress\/ -->\n<title>Se recuerda a los Conquistadores su verdadera identidad y misi\u00f3n - Iglesia Adventista del S\u00e9ptimo D\u00eda - Divisi\u00f3n Interamericana<\/title>\n<meta name=\"robots\" content=\"index, follow, max-snippet:-1, max-image-preview:large, max-video-preview:-1\" \/>\n<link rel=\"canonical\" href=\"https:\/\/interamerica.org\/es\/2017\/04\/se-recuerda-a-los-conquistadores-su-verdadera-identidad-y-mision\/\" \/>\n<meta property=\"og:locale\" content=\"es_ES\" \/>\n<meta property=\"og:type\" content=\"article\" \/>\n<meta property=\"og:title\" content=\"Se recuerda a los Conquistadores su verdadera identidad y misi\u00f3n - Iglesia Adventista del S\u00e9ptimo D\u00eda - Divisi\u00f3n Interamericana\" \/>\n<meta property=\"og:description\" content=\"Llegar al IV Camporee de Conquistadores de Interam\u00e9rica es un sue\u00f1o hecho realidad para Ana Patricia Hern\u00e1ndez de Chiapas, M\u00e9xico. El sol, el calor, los miles de otros compa\u00f1eros provenientes de decenas de pa\u00edses son para ella como un gran regalo. Ana cambi\u00f3 su Fiesta de Quincea\u00f1era con la familia y los amigos por un viaje al campamento en Santo Domingo, Rep\u00fablica Dominicana. Su decisi\u00f3n de renunciar a la fiesta tradicional fue la m\u00e1s f\u00e1cil que ella ha tomado.\" \/>\n<meta property=\"og:url\" content=\"https:\/\/interamerica.org\/es\/2017\/04\/se-recuerda-a-los-conquistadores-su-verdadera-identidad-y-mision\/\" \/>\n<meta property=\"og:site_name\" content=\"Iglesia Adventista del S\u00e9ptimo D\u00eda - Divisi\u00f3n Interamericana\" \/>\n<meta property=\"article:published_time\" content=\"2017-04-15T04:00:00+00:00\" \/>\n<meta property=\"article:modified_time\" content=\"2017-11-02T22:10:58+00:00\" \/>\n<meta property=\"og:image\" content=\"https:\/\/interamerica.org\/wp-content\/uploads\/2017\/06\/ANaPatricia-Hernandez.jpg\" \/>\n\t<meta property=\"og:image:width\" content=\"800\" \/>\n\t<meta property=\"og:image:height\" content=\"533\" \/>\n\t<meta property=\"og:image:type\" content=\"image\/jpeg\" \/>\n<meta name=\"author\" content=\"Lorenzo Verduzco\" \/>\n<meta name=\"twitter:card\" content=\"summary_large_image\" \/>\n<meta name=\"twitter:label1\" content=\"Escrito por\" \/>\n\t<meta name=\"twitter:data1\" content=\"Lorenzo Verduzco\" \/>\n\t<meta name=\"twitter:label2\" content=\"Tiempo de lectura\" \/>\n\t<meta name=\"twitter:data2\" content=\"5 minutos\" \/>\n<script type=\"application\/ld+json\" class=\"yoast-schema-graph\">{\"@context\":\"https:\\\/\\\/schema.org\",\"@graph\":[{\"@type\":\"Article\",\"@id\":\"https:\\\/\\\/interamerica.org\\\/es\\\/2017\\\/04\\\/se-recuerda-a-los-conquistadores-su-verdadera-identidad-y-mision\\\/#article\",\"isPartOf\":{\"@id\":\"https:\\\/\\\/interamerica.org\\\/es\\\/2017\\\/04\\\/se-recuerda-a-los-conquistadores-su-verdadera-identidad-y-mision\\\/\"},\"author\":{\"name\":\"Lorenzo Verduzco\",\"@id\":\"https:\\\/\\\/interamerica.org\\\/es\\\/#\\\/schema\\\/person\\\/68ede8bdc292885bb76c1e3810e73c39\"},\"headline\":\"Se recuerda a los Conquistadores su verdadera identidad y misi\u00f3n\",\"datePublished\":\"2017-04-15T04:00:00+00:00\",\"dateModified\":\"2017-11-02T22:10:58+00:00\",\"mainEntityOfPage\":{\"@id\":\"https:\\\/\\\/interamerica.org\\\/es\\\/2017\\\/04\\\/se-recuerda-a-los-conquistadores-su-verdadera-identidad-y-mision\\\/\"},\"wordCount\":950,\"image\":{\"@id\":\"https:\\\/\\\/interamerica.org\\\/es\\\/2017\\\/04\\\/se-recuerda-a-los-conquistadores-su-verdadera-identidad-y-mision\\\/#primaryimage\"},\"thumbnailUrl\":\"https:\\\/\\\/interamerica.org\\\/wp-content\\\/uploads\\\/2017\\\/06\\\/ANaPatricia-Hernandez.jpg\",\"articleSection\":[\"Desde la sede\",\"RSS Espa\u00f1ol\"],\"inLanguage\":\"es\"},{\"@type\":\"WebPage\",\"@id\":\"https:\\\/\\\/interamerica.org\\\/es\\\/2017\\\/04\\\/se-recuerda-a-los-conquistadores-su-verdadera-identidad-y-mision\\\/\",\"url\":\"https:\\\/\\\/interamerica.org\\\/es\\\/2017\\\/04\\\/se-recuerda-a-los-conquistadores-su-verdadera-identidad-y-mision\\\/\",\"name\":\"Se recuerda a los Conquistadores su verdadera identidad y misi\u00f3n - Iglesia Adventista del S\u00e9ptimo D\u00eda - Divisi\u00f3n Interamericana\",\"isPartOf\":{\"@id\":\"https:\\\/\\\/interamerica.org\\\/es\\\/#website\"},\"primaryImageOfPage\":{\"@id\":\"https:\\\/\\\/interamerica.org\\\/es\\\/2017\\\/04\\\/se-recuerda-a-los-conquistadores-su-verdadera-identidad-y-mision\\\/#primaryimage\"},\"image\":{\"@id\":\"https:\\\/\\\/interamerica.org\\\/es\\\/2017\\\/04\\\/se-recuerda-a-los-conquistadores-su-verdadera-identidad-y-mision\\\/#primaryimage\"},\"thumbnailUrl\":\"https:\\\/\\\/interamerica.org\\\/wp-content\\\/uploads\\\/2017\\\/06\\\/ANaPatricia-Hernandez.jpg\",\"datePublished\":\"2017-04-15T04:00:00+00:00\",\"dateModified\":\"2017-11-02T22:10:58+00:00\",\"author\":{\"@id\":\"https:\\\/\\\/interamerica.org\\\/es\\\/#\\\/schema\\\/person\\\/68ede8bdc292885bb76c1e3810e73c39\"},\"breadcrumb\":{\"@id\":\"https:\\\/\\\/interamerica.org\\\/es\\\/2017\\\/04\\\/se-recuerda-a-los-conquistadores-su-verdadera-identidad-y-mision\\\/#breadcrumb\"},\"inLanguage\":\"es\",\"potentialAction\":[{\"@type\":\"ReadAction\",\"target\":[\"https:\\\/\\\/interamerica.org\\\/es\\\/2017\\\/04\\\/se-recuerda-a-los-conquistadores-su-verdadera-identidad-y-mision\\\/\"]}]},{\"@type\":\"ImageObject\",\"inLanguage\":\"es\",\"@id\":\"https:\\\/\\\/interamerica.org\\\/es\\\/2017\\\/04\\\/se-recuerda-a-los-conquistadores-su-verdadera-identidad-y-mision\\\/#primaryimage\",\"url\":\"https:\\\/\\\/interamerica.org\\\/wp-content\\\/uploads\\\/2017\\\/06\\\/ANaPatricia-Hernandez.jpg\",\"contentUrl\":\"https:\\\/\\\/interamerica.org\\\/wp-content\\\/uploads\\\/2017\\\/06\\\/ANaPatricia-Hernandez.jpg\",\"width\":800,\"height\":533},{\"@type\":\"BreadcrumbList\",\"@id\":\"https:\\\/\\\/interamerica.org\\\/es\\\/2017\\\/04\\\/se-recuerda-a-los-conquistadores-su-verdadera-identidad-y-mision\\\/#breadcrumb\",\"itemListElement\":[{\"@type\":\"ListItem\",\"position\":1,\"name\":\"Home\",\"item\":\"https:\\\/\\\/interamerica.org\\\/es\\\/\"},{\"@type\":\"ListItem\",\"position\":2,\"name\":\"Se recuerda a los Conquistadores su verdadera identidad y misi\u00f3n\"}]},{\"@type\":\"WebSite\",\"@id\":\"https:\\\/\\\/interamerica.org\\\/es\\\/#website\",\"url\":\"https:\\\/\\\/interamerica.org\\\/es\\\/\",\"name\":\"Iglesia Adventista del S\u00e9ptimo D\u00eda - Divisi\u00f3n Interamericana\",\"description\":\"\",\"potentialAction\":[{\"@type\":\"SearchAction\",\"target\":{\"@type\":\"EntryPoint\",\"urlTemplate\":\"https:\\\/\\\/interamerica.org\\\/es\\\/?s={search_term_string}\"},\"query-input\":{\"@type\":\"PropertyValueSpecification\",\"valueRequired\":true,\"valueName\":\"search_term_string\"}}],\"inLanguage\":\"es\"},{\"@type\":\"Person\",\"@id\":\"https:\\\/\\\/interamerica.org\\\/es\\\/#\\\/schema\\\/person\\\/68ede8bdc292885bb76c1e3810e73c39\",\"name\":\"Lorenzo Verduzco\",\"image\":{\"@type\":\"ImageObject\",\"inLanguage\":\"es\",\"@id\":\"https:\\\/\\\/secure.gravatar.com\\\/avatar\\\/fb81a55b6218459490a9c1dc841a34909185b81904c5337b4b27f7a6fd60c49e?s=96&d=mm&r=g\",\"url\":\"https:\\\/\\\/secure.gravatar.com\\\/avatar\\\/fb81a55b6218459490a9c1dc841a34909185b81904c5337b4b27f7a6fd60c49e?s=96&d=mm&r=g\",\"contentUrl\":\"https:\\\/\\\/secure.gravatar.com\\\/avatar\\\/fb81a55b6218459490a9c1dc841a34909185b81904c5337b4b27f7a6fd60c49e?s=96&d=mm&r=g\",\"caption\":\"Lorenzo Verduzco\"}}]}<\/script>\n<!-- \/ Yoast SEO plugin. -->","yoast_head_json":{"title":"Se recuerda a los Conquistadores su verdadera identidad y misi\u00f3n - Iglesia Adventista del S\u00e9ptimo D\u00eda - Divisi\u00f3n Interamericana","robots":{"index":"index","follow":"follow","max-snippet":"max-snippet:-1","max-image-preview":"max-image-preview:large","max-video-preview":"max-video-preview:-1"},"canonical":"https:\/\/interamerica.org\/es\/2017\/04\/se-recuerda-a-los-conquistadores-su-verdadera-identidad-y-mision\/","og_locale":"es_ES","og_type":"article","og_title":"Se recuerda a los Conquistadores su verdadera identidad y misi\u00f3n - Iglesia Adventista del S\u00e9ptimo D\u00eda - Divisi\u00f3n Interamericana","og_description":"Llegar al IV Camporee de Conquistadores de Interam\u00e9rica es un sue\u00f1o hecho realidad para Ana Patricia Hern\u00e1ndez de Chiapas, M\u00e9xico. El sol, el calor, los miles de otros compa\u00f1eros provenientes de decenas de pa\u00edses son para ella como un gran regalo. Ana cambi\u00f3 su Fiesta de Quincea\u00f1era con la familia y los amigos por un viaje al campamento en Santo Domingo, Rep\u00fablica Dominicana. Su decisi\u00f3n de renunciar a la fiesta tradicional fue la m\u00e1s f\u00e1cil que ella ha tomado.","og_url":"https:\/\/interamerica.org\/es\/2017\/04\/se-recuerda-a-los-conquistadores-su-verdadera-identidad-y-mision\/","og_site_name":"Iglesia Adventista del S\u00e9ptimo D\u00eda - Divisi\u00f3n Interamericana","article_published_time":"2017-04-15T04:00:00+00:00","article_modified_time":"2017-11-02T22:10:58+00:00","og_image":[{"width":800,"height":533,"url":"https:\/\/interamerica.org\/wp-content\/uploads\/2017\/06\/ANaPatricia-Hernandez.jpg","type":"image\/jpeg"}],"author":"Lorenzo Verduzco","twitter_card":"summary_large_image","twitter_misc":{"Escrito por":"Lorenzo Verduzco","Tiempo de lectura":"5 minutos"},"schema":{"@context":"https:\/\/schema.org","@graph":[{"@type":"Article","@id":"https:\/\/interamerica.org\/es\/2017\/04\/se-recuerda-a-los-conquistadores-su-verdadera-identidad-y-mision\/#article","isPartOf":{"@id":"https:\/\/interamerica.org\/es\/2017\/04\/se-recuerda-a-los-conquistadores-su-verdadera-identidad-y-mision\/"},"author":{"name":"Lorenzo Verduzco","@id":"https:\/\/interamerica.org\/es\/#\/schema\/person\/68ede8bdc292885bb76c1e3810e73c39"},"headline":"Se recuerda a los Conquistadores su verdadera identidad y misi\u00f3n","datePublished":"2017-04-15T04:00:00+00:00","dateModified":"2017-11-02T22:10:58+00:00","mainEntityOfPage":{"@id":"https:\/\/interamerica.org\/es\/2017\/04\/se-recuerda-a-los-conquistadores-su-verdadera-identidad-y-mision\/"},"wordCount":950,"image":{"@id":"https:\/\/interamerica.org\/es\/2017\/04\/se-recuerda-a-los-conquistadores-su-verdadera-identidad-y-mision\/#primaryimage"},"thumbnailUrl":"https:\/\/interamerica.org\/wp-content\/uploads\/2017\/06\/ANaPatricia-Hernandez.jpg","articleSection":["Desde la sede","RSS Espa\u00f1ol"],"inLanguage":"es"},{"@type":"WebPage","@id":"https:\/\/interamerica.org\/es\/2017\/04\/se-recuerda-a-los-conquistadores-su-verdadera-identidad-y-mision\/","url":"https:\/\/interamerica.org\/es\/2017\/04\/se-recuerda-a-los-conquistadores-su-verdadera-identidad-y-mision\/","name":"Se recuerda a los Conquistadores su verdadera identidad y misi\u00f3n - Iglesia Adventista del S\u00e9ptimo D\u00eda - Divisi\u00f3n Interamericana","isPartOf":{"@id":"https:\/\/interamerica.org\/es\/#website"},"primaryImageOfPage":{"@id":"https:\/\/interamerica.org\/es\/2017\/04\/se-recuerda-a-los-conquistadores-su-verdadera-identidad-y-mision\/#primaryimage"},"image":{"@id":"https:\/\/interamerica.org\/es\/2017\/04\/se-recuerda-a-los-conquistadores-su-verdadera-identidad-y-mision\/#primaryimage"},"thumbnailUrl":"https:\/\/interamerica.org\/wp-content\/uploads\/2017\/06\/ANaPatricia-Hernandez.jpg","datePublished":"2017-04-15T04:00:00+00:00","dateModified":"2017-11-02T22:10:58+00:00","author":{"@id":"https:\/\/interamerica.org\/es\/#\/schema\/person\/68ede8bdc292885bb76c1e3810e73c39"},"breadcrumb":{"@id":"https:\/\/interamerica.org\/es\/2017\/04\/se-recuerda-a-los-conquistadores-su-verdadera-identidad-y-mision\/#breadcrumb"},"inLanguage":"es","potentialAction":[{"@type":"ReadAction","target":["https:\/\/interamerica.org\/es\/2017\/04\/se-recuerda-a-los-conquistadores-su-verdadera-identidad-y-mision\/"]}]},{"@type":"ImageObject","inLanguage":"es","@id":"https:\/\/interamerica.org\/es\/2017\/04\/se-recuerda-a-los-conquistadores-su-verdadera-identidad-y-mision\/#primaryimage","url":"https:\/\/interamerica.org\/wp-content\/uploads\/2017\/06\/ANaPatricia-Hernandez.jpg","contentUrl":"https:\/\/interamerica.org\/wp-content\/uploads\/2017\/06\/ANaPatricia-Hernandez.jpg","width":800,"height":533},{"@type":"BreadcrumbList","@id":"https:\/\/interamerica.org\/es\/2017\/04\/se-recuerda-a-los-conquistadores-su-verdadera-identidad-y-mision\/#breadcrumb","itemListElement":[{"@type":"ListItem","position":1,"name":"Home","item":"https:\/\/interamerica.org\/es\/"},{"@type":"ListItem","position":2,"name":"Se recuerda a los Conquistadores su verdadera identidad y misi\u00f3n"}]},{"@type":"WebSite","@id":"https:\/\/interamerica.org\/es\/#website","url":"https:\/\/interamerica.org\/es\/","name":"Iglesia Adventista del S\u00e9ptimo D\u00eda - Divisi\u00f3n Interamericana","description":"","potentialAction":[{"@type":"SearchAction","target":{"@type":"EntryPoint","urlTemplate":"https:\/\/interamerica.org\/es\/?s={search_term_string}"},"query-input":{"@type":"PropertyValueSpecification","valueRequired":true,"valueName":"search_term_string"}}],"inLanguage":"es"},{"@type":"Person","@id":"https:\/\/interamerica.org\/es\/#\/schema\/person\/68ede8bdc292885bb76c1e3810e73c39","name":"Lorenzo Verduzco","image":{"@type":"ImageObject","inLanguage":"es","@id":"https:\/\/secure.gravatar.com\/avatar\/fb81a55b6218459490a9c1dc841a34909185b81904c5337b4b27f7a6fd60c49e?s=96&d=mm&r=g","url":"https:\/\/secure.gravatar.com\/avatar\/fb81a55b6218459490a9c1dc841a34909185b81904c5337b4b27f7a6fd60c49e?s=96&d=mm&r=g","contentUrl":"https:\/\/secure.gravatar.com\/avatar\/fb81a55b6218459490a9c1dc841a34909185b81904c5337b4b27f7a6fd60c49e?s=96&d=mm&r=g","caption":"Lorenzo Verduzco"}}]}},"_links":{"self":[{"href":"https:\/\/interamerica.org\/es\/wp-json\/wp\/v2\/posts\/31392","targetHints":{"allow":["GET"]}}],"collection":[{"href":"https:\/\/interamerica.org\/es\/wp-json\/wp\/v2\/posts"}],"about":[{"href":"https:\/\/interamerica.org\/es\/wp-json\/wp\/v2\/types\/post"}],"author":[{"embeddable":true,"href":"https:\/\/interamerica.org\/es\/wp-json\/wp\/v2\/users\/1"}],"replies":[{"embeddable":true,"href":"https:\/\/interamerica.org\/es\/wp-json\/wp\/v2\/comments?post=31392"}],"version-history":[{"count":0,"href":"https:\/\/interamerica.org\/es\/wp-json\/wp\/v2\/posts\/31392\/revisions"}],"wp:featuredmedia":[{"embeddable":true,"href":"https:\/\/interamerica.org\/es\/wp-json\/wp\/v2\/media\/29681"}],"wp:attachment":[{"href":"https:\/\/interamerica.org\/es\/wp-json\/wp\/v2\/media?parent=31392"}],"wp:term":[{"taxonomy":"category","embeddable":true,"href":"https:\/\/interamerica.org\/es\/wp-json\/wp\/v2\/categories?post=31392"},{"taxonomy":"post_tag","embeddable":true,"href":"https:\/\/interamerica.org\/es\/wp-json\/wp\/v2\/tags?post=31392"}],"curies":[{"name":"wp","href":"https:\/\/api.w.org\/{rel}","templated":true}]}}