{"id":33700,"date":"2017-06-06T00:00:00","date_gmt":"2017-06-06T04:00:00","guid":{"rendered":"http:\/\/192.81.217.108\/2017\/06\/en-panama-pastor-adventista-recuerda-cuando-ministro-a-manuel-noriega\/"},"modified":"2018-03-20T11:22:05","modified_gmt":"2018-03-20T15:22:05","slug":"en-panama-pastor-adventista-recuerda-cuando-ministro-a-manuel-noriega","status":"publish","type":"post","link":"https:\/\/interamerica.org\/es\/2017\/06\/en-panama-pastor-adventista-recuerda-cuando-ministro-a-manuel-noriega\/","title":{"rendered":"En Panam\u00e1, pastor adventista recuerda cuando ministr\u00f3 a Manuel Noriega"},"content":{"rendered":"<p>5 de junio de 2017 | Ciudad de Panam\u00e1, Panam\u00e1 | Libna Stevens\/DIA<\/p>\n<div id=\"attachment_29097\" style=\"width: 445px\" class=\"wp-caption alignright\"><a href=\"\/interamerica\/wp-content\/uploads\/2017\/08\/JoseDanielSanchez.jpg\" rel=\"fancybox\" title=\"En Panam\u00e1, pastor adventista recuerda cuando ministr\u00f3 a Manuel Noriega\"><img fetchpriority=\"high\" decoding=\"async\" aria-describedby=\"caption-attachment-29097\" class=\"wp-image-29097\" src=\"\/interamerica\/wp-content\/uploads\/2017\/08\/JoseDanielSanchez.jpg\" alt=\"\" width=\"435\" height=\"311\" \/><\/a><p id=\"caption-attachment-29097\" class=\"wp-caption-text\">El pastor Jos\u00e9 Daniel S\u00e1nchez ministr\u00f3 a Manuel Noriega mientras estaba en prisi\u00f3n cerca de Ciudad de Panam\u00e1, Panam\u00e1, entre 2012 y 2016. Imagen por cortes\u00eda de Jos\u00e9 Daniel S\u00e1nchez\/DIA<\/p><\/div>\n<p>Desde el momento en que hall\u00f3 que el general Manuel Noriega, exdictador militar de Panam\u00e1 que cumpl\u00eda una sentencia en Francia, iba a ser extraditado de regreso a Panam\u00e1 en 2011, el pastor adventista Jos\u00e9 Daniel S\u00e1nchez supo que quer\u00eda encontrarse con \u00e9l.<\/p>\n<p>Noriega, quien muri\u00f3 de 83 a\u00f1os la semana pasada fue capturado cuando los Estados Unidos invadieron Panam\u00e1 en 1989 y sentenciado a prisi\u00f3n por tr\u00e1fico de drogas, lavado de dinero, y otros cargos. Noriega pas\u00f3 17 a\u00f1os en la Instituci\u00f3n Correccional Federal de Miami hasta 2007, entonces cumpli\u00f3 una sentencia en Francia, y estaba cumpliendo dos sentencias de 20 a\u00f1os por lavado de dinero y el homicidio de sus oponentes en Panam\u00e1.<\/p>\n<p>S\u00e1nchez hab\u00eda le\u00eddo de la conversi\u00f3n y el bautismo de Noriega en la Iglesia Adventista, que fue informado en el libro acompa\u00f1ante del una Lecci\u00f3n de Escuela Sab\u00e1tica de 2011. En ella, su autor Tim Crosby describi\u00f3 detalles que llevaron a Noriega a aceptar a Jes\u00fas como su Salvador en la prisi\u00f3n federal en 1992.<\/p>\n<p>\u201cQuer\u00eda ser testigo de esa transformaci\u00f3n en Jes\u00fas y sent\u00ed deseos de encontrarme con \u00e9l\u201d, dijo S\u00e1nchez en una entrevista telef\u00f3nica, d\u00edas despu\u00e9s de la muerte de Noriega en un hospital el pasado 29 de mayo de 2017.<\/p>\n<p>S\u00e1nchez, que naci\u00f3 en Honduras y es de segunda generaci\u00f3n de adventistas, era pastor distrital en Ciudad de Panam\u00e1 en 2012, y estaba involucrado en los ministerios a las prisiones, al igual que lo hab\u00eda estado su padre.<\/p>\n<p>Despu\u00e9s de recibir autorizaci\u00f3n de los principales l\u00edderes de la iglesia local, S\u00e1nchez, que hab\u00eda estado ministrando en el Centro Penitenciario El Renacer, a 25 kil\u00f3metros al sudeste de Ciudad de Panam\u00e1, se encontr\u00f3 con Noriega.<\/p>\n<p>\u201cHab\u00eda que pasar por tres estaciones de seguridad para llegar a su celda, que ten\u00eda guardias las 24 horas del d\u00eda\u201d, explic\u00f3 S\u00e1nchez. \u201cFue all\u00ed que lo visit\u00e9 decenas de veces para estudiar la Biblia, orar y ministrarle\u201d.<\/p>\n<div id=\"attachment_29103\" style=\"width: 447px\" class=\"wp-caption alignleft\"><a href=\"\/interamerica\/wp-content\/uploads\/2017\/08\/panama-city-panama-2189313_1280.jpeg\" rel=\"fancybox\" title=\"En Panam\u00e1, pastor adventista recuerda cuando ministr\u00f3 a Manuel Noriega\"><img decoding=\"async\" aria-describedby=\"caption-attachment-29103\" class=\"wp-image-29103\" src=\"\/interamerica\/wp-content\/uploads\/2017\/08\/panama-city-panama-2189313_1280.jpeg\" alt=\"\" width=\"437\" height=\"263\" \/><\/a><p id=\"caption-attachment-29103\" class=\"wp-caption-text\">Manuel Noriega fue visitado por el pastor Jos\u00e9 Daniel S\u00e1nchez en la Penitenciar\u00eda El Renacer, a 25 kil\u00f3metros al sudeste de Ciudad de Panam\u00e1, Panam\u00e1. Imagen de Pixabay<\/p><\/div>\n<p>Noriega record\u00f3 c\u00f3mo hab\u00eda pedido ser bautizado despu\u00e9s que\u00a0 dos capellanes adventistas le hab\u00edan visitado y dado estudios b\u00edblicos en prisi\u00f3n en los Estados Unidos por seis meses. Seg\u00fan S\u00e1nchez, a Noriega le encantaba leer los libros de la pionera adventista Elena G. White, como por ejemplo El conflicto de los siglos, El Deseado de todas las gentes, Patriarcas y profetas, Profetas y Reyes, y otros.<\/p>\n<p>\u201cHablamos del verdadero s\u00e1bado, del poder perdonador de Dios y de su misericordia\u201d, dijo S\u00e1nchez.<\/p>\n<p>\u201cNoriega me dijo que le encantaba estudiar y aprender m\u00e1s de Jes\u00fas. \u2018Soy una persona diferente desde que entregu\u00e9 mi vida a Cristo\u2019, sol\u00eda decirme Noriega. \u2018Habl\u00f3 con Dios todos los d\u00edas y s\u00e9 que Cristo es mi Salvador, quien ha perdonado mis muchos pecados; solo a \u00e9l se los confieso\u2019, sol\u00eda decirme\u201d.<\/p>\n<p>Ministrar a Noriega y ser testigo mes a mes de una fe tan s\u00f3lida en Cristo mientras oraban juntos no hizo m\u00e1s que reafirmar el poder de Cristo de transformar a todo aquel que lo busque, dijo S\u00e1nchez.<\/p>\n<p>\u201cA\u00fan hay muchas personas enojadas y heridas por las cosas que hizo Noriega cuando estaba en el poder\u201d, dijo S\u00e1nchez. \u201cTenemos que recordar que nuestra misi\u00f3n es ser instrumentos en las manos de Dios para llevar el evangelio a todas las personas, no importa qu\u00e9 pecados haya cometido la persona, para que puedan ir a Jes\u00fas, y ser restaurados por nuestro Redentor y Salvador\u201d.<\/p>\n<p>S\u00e1nchez est\u00e1 agradecido por la oportunidad que tuvo de ministrar a Noriega. En una declaraci\u00f3n que hizo Noriega desde su celda, pidi\u00f3 p\u00fablicamente perd\u00f3n por los que hab\u00eda herido durante su r\u00e9gimen.<\/p>\n<div id=\"attachment_29106\" style=\"width: 445px\" class=\"wp-caption alignright\"><a href=\"\/interamerica\/wp-content\/uploads\/2017\/08\/JoseDanielSanchez-family-1.jpg\" rel=\"fancybox\" title=\"En Panam\u00e1, pastor adventista recuerda cuando ministr\u00f3 a Manuel Noriega\"><img decoding=\"async\" aria-describedby=\"caption-attachment-29106\" class=\" wp-image-29106\" src=\"\/interamerica\/wp-content\/uploads\/2017\/08\/JoseDanielSanchez-family-1.jpg\" alt=\"\" width=\"435\" height=\"318\" \/><\/a><p id=\"caption-attachment-29106\" class=\"wp-caption-text\">El pastor Jos\u00e9 Daniel S\u00e1nchez con su hijo Jos\u00e9 Daniel Jr. y su esposa Virginia. Imagen por cortes\u00eda de Jos\u00e9 Daniel S\u00e1nnchez.<\/p><\/div>\n<p>La \u00faltima vez que S\u00e1nchez se encontr\u00f3 con Noriega fue a comienzos de 2016. \u201cDespu\u00e9s de estudiar y orar, Noriega me dio un abrazo mientras lloraba y me dec\u00eda: \u2018Ore para que pueda salir y asistir a los cultos en su iglesia\u2019\u201d.<\/p>\n<p>S\u00e1nchez procur\u00f3 visitar otra vez la penitenciar\u00eda en varias ocasiones despu\u00e9s de ser trasladado a otro distrito eclesi\u00e1stico a 250 kil\u00f3metros de Ciudad de Panam\u00e1, pero se le dijo que Noriega estaba luchando con problemas de salud y no pod\u00eda recibir visitas.<\/p>\n<p>Ministrar a los que est\u00e1n en prisi\u00f3n sigue siendo una de las pasiones de S\u00e1nchez como ministro. \u201cPara m\u00ed, los ministerios a las prisiones son un elemento importante de mi ministerio pastoral\u201d, dijo S\u00e1nchez, que tiene 47 a\u00f1os y ha sido pastor por 25. El pastor est\u00e1 casado y tiene un hijo de 10 a\u00f1os.<\/p>\n<p>S\u00e1nchez quiere inspirar a su hijo, para que \u00e9l tambi\u00e9n se interese por los que est\u00e1n en prisi\u00f3n, as\u00ed como lo aprendi\u00f3 \u00e9l de su padre cuando ten\u00eda solo 6 a\u00f1os.<\/p>\n<p>\u201cJes\u00fas puede transformar la vida de cada pecador de la tierra; por ello, debemos ser sus instrumentos\u201d, dijo S\u00e1nchez.<\/p>\n<p>Traducci\u00f3n de Marcos Paseggi<\/p>\n","protected":false},"excerpt":{"rendered":"<p>Desde el momento en que hall\u00f3 que el general Manuel Noriega, exdictador militar de Panam\u00e1 que cumpl\u00eda una sentencia en Francia, iba a ser extraditado de regreso a Panam\u00e1 en 2011, el pastor adventista Jos\u00e9 Daniel S\u00e1nchez supo que quer\u00eda encontrarse con \u00e9l.<\/p>\n<p>Noriega, quien muri\u00f3 de 83 a\u00f1os la semana pasada fue capturado cuando los Estados Unidos invadieron Panam\u00e1 en 1989 y sentenciado a prisi\u00f3n por tr\u00e1fico de drogas, lavado de dinero, y otros cargos. Noriega pas\u00f3 17 a\u00f1os en la Instituci\u00f3n Correccional Federal de Miami hasta 2007, entonces cumpli\u00f3 una sentencia en Fra<\/p>\n","protected":false},"author":1,"featured_media":33303,"comment_status":"closed","ping_status":"closed","sticky":false,"template":"","format":"standard","meta":{"_acf_changed":false,"footnotes":""},"categories":[17,15],"tags":[],"class_list":["post-33700","post","type-post","status-publish","format-standard","has-post-thumbnail","hentry","category-desde-el-campo","category-rss-espanol"],"acf":[],"yoast_head":"<!-- This site is optimized with the Yoast SEO plugin v27.3 - https:\/\/yoast.com\/product\/yoast-seo-wordpress\/ -->\n<title>En Panam\u00e1, pastor adventista recuerda cuando ministr\u00f3 a Manuel Noriega - Iglesia Adventista del S\u00e9ptimo D\u00eda - Divisi\u00f3n Interamericana<\/title>\n<meta name=\"robots\" content=\"index, follow, max-snippet:-1, max-image-preview:large, max-video-preview:-1\" \/>\n<link rel=\"canonical\" href=\"https:\/\/interamerica.org\/es\/2017\/06\/en-panama-pastor-adventista-recuerda-cuando-ministro-a-manuel-noriega\/\" \/>\n<meta property=\"og:locale\" content=\"es_ES\" \/>\n<meta property=\"og:type\" content=\"article\" \/>\n<meta property=\"og:title\" content=\"En Panam\u00e1, pastor adventista recuerda cuando ministr\u00f3 a Manuel Noriega - Iglesia Adventista del S\u00e9ptimo D\u00eda - Divisi\u00f3n Interamericana\" \/>\n<meta property=\"og:description\" content=\"Desde el momento en que hall\u00f3 que el general Manuel Noriega, exdictador militar de Panam\u00e1 que cumpl\u00eda una sentencia en Francia, iba a ser extraditado de regreso a Panam\u00e1 en 2011, el pastor adventista Jos\u00e9 Daniel S\u00e1nchez supo que quer\u00eda encontrarse con \u00e9l.  Noriega, quien muri\u00f3 de 83 a\u00f1os la semana pasada fue capturado cuando los Estados Unidos invadieron Panam\u00e1 en 1989 y sentenciado a prisi\u00f3n por tr\u00e1fico de drogas, lavado de dinero, y otros cargos. Noriega pas\u00f3 17 a\u00f1os en la Instituci\u00f3n Correccional Federal de Miami hasta 2007, entonces cumpli\u00f3 una sentencia en Fra\" \/>\n<meta property=\"og:url\" content=\"https:\/\/interamerica.org\/es\/2017\/06\/en-panama-pastor-adventista-recuerda-cuando-ministro-a-manuel-noriega\/\" \/>\n<meta property=\"og:site_name\" content=\"Iglesia Adventista del S\u00e9ptimo D\u00eda - Divisi\u00f3n Interamericana\" \/>\n<meta property=\"article:published_time\" content=\"2017-06-06T04:00:00+00:00\" \/>\n<meta property=\"article:modified_time\" content=\"2018-03-20T15:22:05+00:00\" \/>\n<meta property=\"og:image\" content=\"https:\/\/interamerica.org\/wp-content\/uploads\/2017\/08\/JoseDanielSanchez.jpg\" \/>\n\t<meta property=\"og:image:width\" content=\"915\" \/>\n\t<meta property=\"og:image:height\" content=\"654\" \/>\n\t<meta property=\"og:image:type\" content=\"image\/jpeg\" \/>\n<meta name=\"author\" content=\"Lorenzo Verduzco\" \/>\n<meta name=\"twitter:card\" content=\"summary_large_image\" \/>\n<meta name=\"twitter:label1\" content=\"Escrito por\" \/>\n\t<meta name=\"twitter:data1\" content=\"Lorenzo Verduzco\" \/>\n\t<meta name=\"twitter:label2\" content=\"Tiempo de lectura\" \/>\n\t<meta name=\"twitter:data2\" content=\"5 minutos\" \/>\n<script type=\"application\/ld+json\" class=\"yoast-schema-graph\">{\"@context\":\"https:\\\/\\\/schema.org\",\"@graph\":[{\"@type\":\"Article\",\"@id\":\"https:\\\/\\\/interamerica.org\\\/es\\\/2017\\\/06\\\/en-panama-pastor-adventista-recuerda-cuando-ministro-a-manuel-noriega\\\/#article\",\"isPartOf\":{\"@id\":\"https:\\\/\\\/interamerica.org\\\/es\\\/2017\\\/06\\\/en-panama-pastor-adventista-recuerda-cuando-ministro-a-manuel-noriega\\\/\"},\"author\":{\"name\":\"Lorenzo Verduzco\",\"@id\":\"https:\\\/\\\/interamerica.org\\\/es\\\/#\\\/schema\\\/person\\\/68ede8bdc292885bb76c1e3810e73c39\"},\"headline\":\"En Panam\u00e1, pastor adventista recuerda cuando ministr\u00f3 a Manuel Noriega\",\"datePublished\":\"2017-06-06T04:00:00+00:00\",\"dateModified\":\"2018-03-20T15:22:05+00:00\",\"mainEntityOfPage\":{\"@id\":\"https:\\\/\\\/interamerica.org\\\/es\\\/2017\\\/06\\\/en-panama-pastor-adventista-recuerda-cuando-ministro-a-manuel-noriega\\\/\"},\"wordCount\":981,\"image\":{\"@id\":\"https:\\\/\\\/interamerica.org\\\/es\\\/2017\\\/06\\\/en-panama-pastor-adventista-recuerda-cuando-ministro-a-manuel-noriega\\\/#primaryimage\"},\"thumbnailUrl\":\"https:\\\/\\\/interamerica.org\\\/wp-content\\\/uploads\\\/2017\\\/08\\\/JoseDanielSanchez.jpg\",\"articleSection\":[\"Desde el campo\",\"RSS Espa\u00f1ol\"],\"inLanguage\":\"es\"},{\"@type\":\"WebPage\",\"@id\":\"https:\\\/\\\/interamerica.org\\\/es\\\/2017\\\/06\\\/en-panama-pastor-adventista-recuerda-cuando-ministro-a-manuel-noriega\\\/\",\"url\":\"https:\\\/\\\/interamerica.org\\\/es\\\/2017\\\/06\\\/en-panama-pastor-adventista-recuerda-cuando-ministro-a-manuel-noriega\\\/\",\"name\":\"En Panam\u00e1, pastor adventista recuerda cuando ministr\u00f3 a Manuel Noriega - Iglesia Adventista del S\u00e9ptimo D\u00eda - Divisi\u00f3n Interamericana\",\"isPartOf\":{\"@id\":\"https:\\\/\\\/interamerica.org\\\/es\\\/#website\"},\"primaryImageOfPage\":{\"@id\":\"https:\\\/\\\/interamerica.org\\\/es\\\/2017\\\/06\\\/en-panama-pastor-adventista-recuerda-cuando-ministro-a-manuel-noriega\\\/#primaryimage\"},\"image\":{\"@id\":\"https:\\\/\\\/interamerica.org\\\/es\\\/2017\\\/06\\\/en-panama-pastor-adventista-recuerda-cuando-ministro-a-manuel-noriega\\\/#primaryimage\"},\"thumbnailUrl\":\"https:\\\/\\\/interamerica.org\\\/wp-content\\\/uploads\\\/2017\\\/08\\\/JoseDanielSanchez.jpg\",\"datePublished\":\"2017-06-06T04:00:00+00:00\",\"dateModified\":\"2018-03-20T15:22:05+00:00\",\"author\":{\"@id\":\"https:\\\/\\\/interamerica.org\\\/es\\\/#\\\/schema\\\/person\\\/68ede8bdc292885bb76c1e3810e73c39\"},\"breadcrumb\":{\"@id\":\"https:\\\/\\\/interamerica.org\\\/es\\\/2017\\\/06\\\/en-panama-pastor-adventista-recuerda-cuando-ministro-a-manuel-noriega\\\/#breadcrumb\"},\"inLanguage\":\"es\",\"potentialAction\":[{\"@type\":\"ReadAction\",\"target\":[\"https:\\\/\\\/interamerica.org\\\/es\\\/2017\\\/06\\\/en-panama-pastor-adventista-recuerda-cuando-ministro-a-manuel-noriega\\\/\"]}]},{\"@type\":\"ImageObject\",\"inLanguage\":\"es\",\"@id\":\"https:\\\/\\\/interamerica.org\\\/es\\\/2017\\\/06\\\/en-panama-pastor-adventista-recuerda-cuando-ministro-a-manuel-noriega\\\/#primaryimage\",\"url\":\"https:\\\/\\\/interamerica.org\\\/wp-content\\\/uploads\\\/2017\\\/08\\\/JoseDanielSanchez.jpg\",\"contentUrl\":\"https:\\\/\\\/interamerica.org\\\/wp-content\\\/uploads\\\/2017\\\/08\\\/JoseDanielSanchez.jpg\",\"width\":915,\"height\":654},{\"@type\":\"BreadcrumbList\",\"@id\":\"https:\\\/\\\/interamerica.org\\\/es\\\/2017\\\/06\\\/en-panama-pastor-adventista-recuerda-cuando-ministro-a-manuel-noriega\\\/#breadcrumb\",\"itemListElement\":[{\"@type\":\"ListItem\",\"position\":1,\"name\":\"Home\",\"item\":\"https:\\\/\\\/interamerica.org\\\/es\\\/\"},{\"@type\":\"ListItem\",\"position\":2,\"name\":\"En Panam\u00e1, pastor adventista recuerda cuando ministr\u00f3 a Manuel Noriega\"}]},{\"@type\":\"WebSite\",\"@id\":\"https:\\\/\\\/interamerica.org\\\/es\\\/#website\",\"url\":\"https:\\\/\\\/interamerica.org\\\/es\\\/\",\"name\":\"Iglesia Adventista del S\u00e9ptimo D\u00eda - Divisi\u00f3n Interamericana\",\"description\":\"\",\"potentialAction\":[{\"@type\":\"SearchAction\",\"target\":{\"@type\":\"EntryPoint\",\"urlTemplate\":\"https:\\\/\\\/interamerica.org\\\/es\\\/?s={search_term_string}\"},\"query-input\":{\"@type\":\"PropertyValueSpecification\",\"valueRequired\":true,\"valueName\":\"search_term_string\"}}],\"inLanguage\":\"es\"},{\"@type\":\"Person\",\"@id\":\"https:\\\/\\\/interamerica.org\\\/es\\\/#\\\/schema\\\/person\\\/68ede8bdc292885bb76c1e3810e73c39\",\"name\":\"Lorenzo Verduzco\",\"image\":{\"@type\":\"ImageObject\",\"inLanguage\":\"es\",\"@id\":\"https:\\\/\\\/secure.gravatar.com\\\/avatar\\\/fb81a55b6218459490a9c1dc841a34909185b81904c5337b4b27f7a6fd60c49e?s=96&d=mm&r=g\",\"url\":\"https:\\\/\\\/secure.gravatar.com\\\/avatar\\\/fb81a55b6218459490a9c1dc841a34909185b81904c5337b4b27f7a6fd60c49e?s=96&d=mm&r=g\",\"contentUrl\":\"https:\\\/\\\/secure.gravatar.com\\\/avatar\\\/fb81a55b6218459490a9c1dc841a34909185b81904c5337b4b27f7a6fd60c49e?s=96&d=mm&r=g\",\"caption\":\"Lorenzo Verduzco\"}}]}<\/script>\n<!-- \/ Yoast SEO plugin. -->","yoast_head_json":{"title":"En Panam\u00e1, pastor adventista recuerda cuando ministr\u00f3 a Manuel Noriega - Iglesia Adventista del S\u00e9ptimo D\u00eda - Divisi\u00f3n Interamericana","robots":{"index":"index","follow":"follow","max-snippet":"max-snippet:-1","max-image-preview":"max-image-preview:large","max-video-preview":"max-video-preview:-1"},"canonical":"https:\/\/interamerica.org\/es\/2017\/06\/en-panama-pastor-adventista-recuerda-cuando-ministro-a-manuel-noriega\/","og_locale":"es_ES","og_type":"article","og_title":"En Panam\u00e1, pastor adventista recuerda cuando ministr\u00f3 a Manuel Noriega - Iglesia Adventista del S\u00e9ptimo D\u00eda - Divisi\u00f3n Interamericana","og_description":"Desde el momento en que hall\u00f3 que el general Manuel Noriega, exdictador militar de Panam\u00e1 que cumpl\u00eda una sentencia en Francia, iba a ser extraditado de regreso a Panam\u00e1 en 2011, el pastor adventista Jos\u00e9 Daniel S\u00e1nchez supo que quer\u00eda encontrarse con \u00e9l.  Noriega, quien muri\u00f3 de 83 a\u00f1os la semana pasada fue capturado cuando los Estados Unidos invadieron Panam\u00e1 en 1989 y sentenciado a prisi\u00f3n por tr\u00e1fico de drogas, lavado de dinero, y otros cargos. Noriega pas\u00f3 17 a\u00f1os en la Instituci\u00f3n Correccional Federal de Miami hasta 2007, entonces cumpli\u00f3 una sentencia en Fra","og_url":"https:\/\/interamerica.org\/es\/2017\/06\/en-panama-pastor-adventista-recuerda-cuando-ministro-a-manuel-noriega\/","og_site_name":"Iglesia Adventista del S\u00e9ptimo D\u00eda - Divisi\u00f3n Interamericana","article_published_time":"2017-06-06T04:00:00+00:00","article_modified_time":"2018-03-20T15:22:05+00:00","og_image":[{"width":915,"height":654,"url":"https:\/\/interamerica.org\/wp-content\/uploads\/2017\/08\/JoseDanielSanchez.jpg","type":"image\/jpeg"}],"author":"Lorenzo Verduzco","twitter_card":"summary_large_image","twitter_misc":{"Escrito por":"Lorenzo Verduzco","Tiempo de lectura":"5 minutos"},"schema":{"@context":"https:\/\/schema.org","@graph":[{"@type":"Article","@id":"https:\/\/interamerica.org\/es\/2017\/06\/en-panama-pastor-adventista-recuerda-cuando-ministro-a-manuel-noriega\/#article","isPartOf":{"@id":"https:\/\/interamerica.org\/es\/2017\/06\/en-panama-pastor-adventista-recuerda-cuando-ministro-a-manuel-noriega\/"},"author":{"name":"Lorenzo Verduzco","@id":"https:\/\/interamerica.org\/es\/#\/schema\/person\/68ede8bdc292885bb76c1e3810e73c39"},"headline":"En Panam\u00e1, pastor adventista recuerda cuando ministr\u00f3 a Manuel Noriega","datePublished":"2017-06-06T04:00:00+00:00","dateModified":"2018-03-20T15:22:05+00:00","mainEntityOfPage":{"@id":"https:\/\/interamerica.org\/es\/2017\/06\/en-panama-pastor-adventista-recuerda-cuando-ministro-a-manuel-noriega\/"},"wordCount":981,"image":{"@id":"https:\/\/interamerica.org\/es\/2017\/06\/en-panama-pastor-adventista-recuerda-cuando-ministro-a-manuel-noriega\/#primaryimage"},"thumbnailUrl":"https:\/\/interamerica.org\/wp-content\/uploads\/2017\/08\/JoseDanielSanchez.jpg","articleSection":["Desde el campo","RSS Espa\u00f1ol"],"inLanguage":"es"},{"@type":"WebPage","@id":"https:\/\/interamerica.org\/es\/2017\/06\/en-panama-pastor-adventista-recuerda-cuando-ministro-a-manuel-noriega\/","url":"https:\/\/interamerica.org\/es\/2017\/06\/en-panama-pastor-adventista-recuerda-cuando-ministro-a-manuel-noriega\/","name":"En Panam\u00e1, pastor adventista recuerda cuando ministr\u00f3 a Manuel Noriega - Iglesia Adventista del S\u00e9ptimo D\u00eda - Divisi\u00f3n Interamericana","isPartOf":{"@id":"https:\/\/interamerica.org\/es\/#website"},"primaryImageOfPage":{"@id":"https:\/\/interamerica.org\/es\/2017\/06\/en-panama-pastor-adventista-recuerda-cuando-ministro-a-manuel-noriega\/#primaryimage"},"image":{"@id":"https:\/\/interamerica.org\/es\/2017\/06\/en-panama-pastor-adventista-recuerda-cuando-ministro-a-manuel-noriega\/#primaryimage"},"thumbnailUrl":"https:\/\/interamerica.org\/wp-content\/uploads\/2017\/08\/JoseDanielSanchez.jpg","datePublished":"2017-06-06T04:00:00+00:00","dateModified":"2018-03-20T15:22:05+00:00","author":{"@id":"https:\/\/interamerica.org\/es\/#\/schema\/person\/68ede8bdc292885bb76c1e3810e73c39"},"breadcrumb":{"@id":"https:\/\/interamerica.org\/es\/2017\/06\/en-panama-pastor-adventista-recuerda-cuando-ministro-a-manuel-noriega\/#breadcrumb"},"inLanguage":"es","potentialAction":[{"@type":"ReadAction","target":["https:\/\/interamerica.org\/es\/2017\/06\/en-panama-pastor-adventista-recuerda-cuando-ministro-a-manuel-noriega\/"]}]},{"@type":"ImageObject","inLanguage":"es","@id":"https:\/\/interamerica.org\/es\/2017\/06\/en-panama-pastor-adventista-recuerda-cuando-ministro-a-manuel-noriega\/#primaryimage","url":"https:\/\/interamerica.org\/wp-content\/uploads\/2017\/08\/JoseDanielSanchez.jpg","contentUrl":"https:\/\/interamerica.org\/wp-content\/uploads\/2017\/08\/JoseDanielSanchez.jpg","width":915,"height":654},{"@type":"BreadcrumbList","@id":"https:\/\/interamerica.org\/es\/2017\/06\/en-panama-pastor-adventista-recuerda-cuando-ministro-a-manuel-noriega\/#breadcrumb","itemListElement":[{"@type":"ListItem","position":1,"name":"Home","item":"https:\/\/interamerica.org\/es\/"},{"@type":"ListItem","position":2,"name":"En Panam\u00e1, pastor adventista recuerda cuando ministr\u00f3 a Manuel Noriega"}]},{"@type":"WebSite","@id":"https:\/\/interamerica.org\/es\/#website","url":"https:\/\/interamerica.org\/es\/","name":"Iglesia Adventista del S\u00e9ptimo D\u00eda - Divisi\u00f3n Interamericana","description":"","potentialAction":[{"@type":"SearchAction","target":{"@type":"EntryPoint","urlTemplate":"https:\/\/interamerica.org\/es\/?s={search_term_string}"},"query-input":{"@type":"PropertyValueSpecification","valueRequired":true,"valueName":"search_term_string"}}],"inLanguage":"es"},{"@type":"Person","@id":"https:\/\/interamerica.org\/es\/#\/schema\/person\/68ede8bdc292885bb76c1e3810e73c39","name":"Lorenzo Verduzco","image":{"@type":"ImageObject","inLanguage":"es","@id":"https:\/\/secure.gravatar.com\/avatar\/fb81a55b6218459490a9c1dc841a34909185b81904c5337b4b27f7a6fd60c49e?s=96&d=mm&r=g","url":"https:\/\/secure.gravatar.com\/avatar\/fb81a55b6218459490a9c1dc841a34909185b81904c5337b4b27f7a6fd60c49e?s=96&d=mm&r=g","contentUrl":"https:\/\/secure.gravatar.com\/avatar\/fb81a55b6218459490a9c1dc841a34909185b81904c5337b4b27f7a6fd60c49e?s=96&d=mm&r=g","caption":"Lorenzo Verduzco"}}]}},"_links":{"self":[{"href":"https:\/\/interamerica.org\/es\/wp-json\/wp\/v2\/posts\/33700","targetHints":{"allow":["GET"]}}],"collection":[{"href":"https:\/\/interamerica.org\/es\/wp-json\/wp\/v2\/posts"}],"about":[{"href":"https:\/\/interamerica.org\/es\/wp-json\/wp\/v2\/types\/post"}],"author":[{"embeddable":true,"href":"https:\/\/interamerica.org\/es\/wp-json\/wp\/v2\/users\/1"}],"replies":[{"embeddable":true,"href":"https:\/\/interamerica.org\/es\/wp-json\/wp\/v2\/comments?post=33700"}],"version-history":[{"count":0,"href":"https:\/\/interamerica.org\/es\/wp-json\/wp\/v2\/posts\/33700\/revisions"}],"wp:featuredmedia":[{"embeddable":true,"href":"https:\/\/interamerica.org\/es\/wp-json\/wp\/v2\/media\/33303"}],"wp:attachment":[{"href":"https:\/\/interamerica.org\/es\/wp-json\/wp\/v2\/media?parent=33700"}],"wp:term":[{"taxonomy":"category","embeddable":true,"href":"https:\/\/interamerica.org\/es\/wp-json\/wp\/v2\/categories?post=33700"},{"taxonomy":"post_tag","embeddable":true,"href":"https:\/\/interamerica.org\/es\/wp-json\/wp\/v2\/tags?post=33700"}],"curies":[{"name":"wp","href":"https:\/\/api.w.org\/{rel}","templated":true}]}}