{"id":33710,"date":"2017-06-15T00:00:00","date_gmt":"2017-06-15T04:00:00","guid":{"rendered":"http:\/\/192.81.217.108\/2017\/06\/usted-tiene-todos-los-sintomas-del-sida\/"},"modified":"2017-10-30T12:44:17","modified_gmt":"2017-10-30T16:44:17","slug":"usted-tiene-todos-los-sintomas-del-sida","status":"publish","type":"post","link":"https:\/\/interamerica.org\/es\/2017\/06\/usted-tiene-todos-los-sintomas-del-sida\/","title":{"rendered":"\u201cUsted tiene todos los s\u00edntomas del sida\u201d"},"content":{"rendered":"<div id=\"attachment_29297\" style=\"width: 778px\" class=\"wp-caption aligncenter\"><a href=\"\/interamerica\/wp-content\/uploads\/2017\/08\/Adventist-Mexico-Ezequiel-Perez-Gongora.jpeg\" rel=\"fancybox\" title=\"\u201cUsted tiene todos los s\u00edntomas del sida\u201d\"><img fetchpriority=\"high\" decoding=\"async\" aria-describedby=\"caption-attachment-29297\" class=\" wp-image-29297\" src=\"\/interamerica\/wp-content\/uploads\/2017\/08\/Adventist-Mexico-Ezequiel-Perez-Gongora.jpeg\" alt=\"\" width=\"768\" height=\"384\" \/><\/a><p id=\"caption-attachment-29297\" class=\"wp-caption-text\">\u201cTengo que advertirle\u201d, le dijo el medico del Hospital Adventista del Sureste a Ezequiel P\u00e9rez G\u00f3ngora, que aparece en la foto. \u201cSolo un milagro puede salvarlo\u201d. Imagen de Andrew McChesney \/ Misi\u00f3n Adventista<\/p><\/div>\n<p>15 de junio de 2017 | Tabasco, M\u00e9xico | Por Ezequiel P\u00e9rez G\u00f3ngora, seg\u00fan se lo cont\u00f3 a Andrew McChesney, Misi\u00f3n Adventista<\/p>\n<p><span class=\"cap\"> Comenc\u00e9 a beber despu\u00e9s de casarme a los 20 a\u00f1os, y entonces comenc\u00e9 a fumar. Pronto era un alcoh\u00f3lico y un fumador empedernido. Me encantaba asistir a fiestas.<\/span><\/p>\n<p>Mi esposa fue bautizada despu\u00e9s de asistir a reuniones de evangelizaci\u00f3n a cargo de un pastor llamado Richard P\u00e9rez, en una iglesia adventista cerca de mi hogar en el estado mexicano de Tabasco. Pero yo rechac\u00e9, en dos ocasiones, el bautismo.<\/p>\n<p>Despu\u00e9s de trece a\u00f1os, mi estilo de vida empez\u00f3 a afectar mi cuerpo, y comenc\u00e9 a tener dolores terribles de espalda. Fui a un hospital cercano, donde me dieron un medicamento que no hizo ning\u00fan efecto. Al d\u00eda siguiente, me dirig\u00ed al Hospital Adventista del Sureste. Los m\u00e9dicos me tomaron varias radiograf\u00edas, me hicieron an\u00e1lisis de sangre y otros ex\u00e1menes, pero no pudieron encontrar nada.<\/p>\n<p>El dolor de mi espalda empeor\u00f3, y comenc\u00e9 a tener fiebre.<\/p>\n<p>Cuando hab\u00eda estado internado por cuatro d\u00edas, el capell\u00e1n del hospital vino a verme. Era el pastor Richard P\u00e9rez. Me reconoci\u00f3 inmediatamente, y me salud\u00f3 por nombre.<\/p>\n<p>\u201cEste es el momento en que usted necesita a Dios\u201d, me dijo.<\/p>\n<p>Tom\u00f3 entonces su guitarra y enton\u00f3 dos c\u00e1nticos. Despu\u00e9s de eso, me ley\u00f3 la Biblia. En ese momento, me di cuenta de que Dios realmente me amaba.<\/p>\n<p>Antes de irme de all\u00ed, el pastor pidi\u00f3 a las enfermeras que tuvieran un culto conmigo el s\u00e1bado siguiente, cosa que ellas hicieron.<\/p>\n<p>Me sent\u00eda muy mal. Los dolores eran intensos, y no me pod\u00edan bajar la fiebre.<\/p>\n<p>Al s\u00e9ptimo d\u00eda, el m\u00e9dico vino a mi habitaci\u00f3n con una expresi\u00f3n preocupada en el rostro. Me dijo que necesitaba hablar conmigo en privado, y le pidi\u00f3 a mi esposa que abandonara la habitaci\u00f3n.<\/p>\n<p>\u201cUsted tiene todos los s\u00edntomas del sida,\u201d dijo el m\u00e9dico. \u201cSolo para confirmarlo, voy a hacerle un estudio\u201d.<\/p>\n<p>Despu\u00e9s del estudio, el m\u00e9dico sali\u00f3 y mi esposa regres\u00f3. Me pregunt\u00f3 qu\u00e9 suced\u00eda, pero no atin\u00e9 a responderle. Yo mismo no estaba seguro. Sab\u00eda que hab\u00eda tenido una mala vida, y acaso esa era la raz\u00f3n de mi enfermedad.<\/p>\n<p>Entonces record\u00e9 las palabras del pastor, que me hab\u00eda dicho: \u201cEste es el momento en que usted necesita a Dios\u201d.<\/p>\n<p>Le ped\u00ed a mi esposa que saliera de la habitaci\u00f3n porque quer\u00eda orar. Or\u00e9 y llor\u00e9. Le ped\u00ed a Dios que me diera otra oportunidad, y le ped\u00ed que me ayudara para que el examen de sida saliera negativo.<\/p>\n<p>Despu\u00e9s de un tiempo, el m\u00e9dico regres\u00f3 a la habitaci\u00f3n.<\/p>\n<p>\u201cTengo buenas y malas noticias\u201d, me dijo. \u201cLa buena noticia es que usted no tiene sida. La mala noticia es que no s\u00e9 qu\u00e9 es lo que tiene\u201d.<\/p>\n<p>Otro examen revel\u00f3 que ten\u00eda un derrame pleural, una acumulaci\u00f3n de fluido entre los tejidos que rodean los pulmones y el pecho. El m\u00e9dico me insert\u00f3 cat\u00e9teres para drenar el fluido, y me dijo que en cinco d\u00edas podr\u00eda regresar a mi casa.<\/p>\n<p>Despu\u00e9s de cinco d\u00edas, sin embargo, segu\u00eda sinti\u00e9ndome muy mal, y ex\u00e1menes subsiguientes detectaron un tumor.<\/p>\n<p>\u201cTengo que advertirle\u201d, dijo el m\u00e9dico, \u201cque solo un milagro puede salvarlo\u201d.<\/p>\n<p>Se program\u00f3 una cirug\u00eda de emergencia para el d\u00eda siguiente. Volv\u00ed a orar. Le rogu\u00e9 a Dios que me diera una chance de redimir mi malgastada vida.<\/p>\n<p>Fui dejado en la sala de operaciones mientras aguardaba que comenzara a actuar la anestesia. Entonces or\u00e9: \u201cSi me dejas vivir, me voy a bautizar y te voy a entregar mi vida\u201d.<\/p>\n<p>La cirug\u00eda dur\u00f3 seis horas. Cuando despert\u00e9, estaba de regreso en mi habitaci\u00f3n. Mi esposa e hijas estaban esperando para conversar conmigo. Yo estaba convencido de que Dios me hab\u00eda dado otra oportunidad.<\/p>\n<p>Despu\u00e9s de 21 d\u00edas, dej\u00e9 finalmente el hospital. Tres semanas despu\u00e9s de eso, la iglesia organiz\u00f3 otras reuniones de evangelizaci\u00f3n, y fui bautizado. Ahora trabajo como guardia de seguridad, y soy el jefe de di\u00e1conos de mi iglesia.<\/p>\n<p>\u00a1Alabado sea Dios por las segundas oportunidades! Tengo 34 a\u00f1os, y pienso servir a Dios por el resto de mi vida.<\/p>\n<p>Traducci\u00f3n de Marcos Paseggi<\/p>\n","protected":false},"excerpt":{"rendered":"<p>Comenc\u00e9 a beber despu\u00e9s de casarme a los 20 a\u00f1os, y entonces comenc\u00e9 a fumar. Pronto era un alcoh\u00f3lico y un fumador empedernido. Me encantaba asistir a fiestas.<\/p>\n<p>Mi esposa fue bautizada despu\u00e9s de asistir a reuniones de evangelizaci\u00f3n a cargo de un pastor llamado Richard P\u00e9rez, en una iglesia adventista cerca de mi hogar en el estado mexicano de Tabasco. Pero yo rechac\u00e9, en dos ocasiones, el bautismo.<\/p>\n","protected":false},"author":1,"featured_media":33337,"comment_status":"closed","ping_status":"closed","sticky":false,"template":"","format":"standard","meta":{"_acf_changed":false,"footnotes":""},"categories":[17,15],"tags":[],"class_list":["post-33710","post","type-post","status-publish","format-standard","has-post-thumbnail","hentry","category-desde-el-campo","category-rss-espanol"],"acf":[],"yoast_head":"<!-- This site is optimized with the Yoast SEO plugin v27.3 - https:\/\/yoast.com\/product\/yoast-seo-wordpress\/ -->\n<title>\u201cUsted tiene todos los s\u00edntomas del sida\u201d - Iglesia Adventista del S\u00e9ptimo D\u00eda - Divisi\u00f3n Interamericana<\/title>\n<meta name=\"robots\" content=\"index, follow, max-snippet:-1, max-image-preview:large, max-video-preview:-1\" \/>\n<link rel=\"canonical\" href=\"https:\/\/interamerica.org\/es\/2017\/06\/usted-tiene-todos-los-sintomas-del-sida\/\" \/>\n<meta property=\"og:locale\" content=\"es_ES\" \/>\n<meta property=\"og:type\" content=\"article\" \/>\n<meta property=\"og:title\" content=\"\u201cUsted tiene todos los s\u00edntomas del sida\u201d - Iglesia Adventista del S\u00e9ptimo D\u00eda - Divisi\u00f3n Interamericana\" \/>\n<meta property=\"og:description\" content=\"Comenc\u00e9 a beber despu\u00e9s de casarme a los 20 a\u00f1os, y entonces comenc\u00e9 a fumar. Pronto era un alcoh\u00f3lico y un fumador empedernido. Me encantaba asistir a fiestas.  Mi esposa fue bautizada despu\u00e9s de asistir a reuniones de evangelizaci\u00f3n a cargo de un pastor llamado Richard P\u00e9rez, en una iglesia adventista cerca de mi hogar en el estado mexicano de Tabasco. Pero yo rechac\u00e9, en dos ocasiones, el bautismo.\" \/>\n<meta property=\"og:url\" content=\"https:\/\/interamerica.org\/es\/2017\/06\/usted-tiene-todos-los-sintomas-del-sida\/\" \/>\n<meta property=\"og:site_name\" content=\"Iglesia Adventista del S\u00e9ptimo D\u00eda - Divisi\u00f3n Interamericana\" \/>\n<meta property=\"article:published_time\" content=\"2017-06-15T04:00:00+00:00\" \/>\n<meta property=\"article:modified_time\" content=\"2017-10-30T16:44:17+00:00\" \/>\n<meta property=\"og:image\" content=\"https:\/\/interamerica.org\/wp-content\/uploads\/2017\/08\/Adventist-Mexico-Ezequiel-Perez-Gongora.jpeg\" \/>\n\t<meta property=\"og:image:width\" content=\"1000\" \/>\n\t<meta property=\"og:image:height\" content=\"500\" \/>\n\t<meta property=\"og:image:type\" content=\"image\/jpeg\" \/>\n<meta name=\"author\" content=\"Lorenzo Verduzco\" \/>\n<meta name=\"twitter:card\" content=\"summary_large_image\" \/>\n<meta name=\"twitter:label1\" content=\"Escrito por\" \/>\n\t<meta name=\"twitter:data1\" content=\"Lorenzo Verduzco\" \/>\n\t<meta name=\"twitter:label2\" content=\"Tiempo de lectura\" \/>\n\t<meta name=\"twitter:data2\" content=\"4 minutos\" \/>\n<script type=\"application\/ld+json\" class=\"yoast-schema-graph\">{\"@context\":\"https:\\\/\\\/schema.org\",\"@graph\":[{\"@type\":\"Article\",\"@id\":\"https:\\\/\\\/interamerica.org\\\/es\\\/2017\\\/06\\\/usted-tiene-todos-los-sintomas-del-sida\\\/#article\",\"isPartOf\":{\"@id\":\"https:\\\/\\\/interamerica.org\\\/es\\\/2017\\\/06\\\/usted-tiene-todos-los-sintomas-del-sida\\\/\"},\"author\":{\"name\":\"Lorenzo Verduzco\",\"@id\":\"https:\\\/\\\/interamerica.org\\\/es\\\/#\\\/schema\\\/person\\\/68ede8bdc292885bb76c1e3810e73c39\"},\"headline\":\"\u201cUsted tiene todos los s\u00edntomas del sida\u201d\",\"datePublished\":\"2017-06-15T04:00:00+00:00\",\"dateModified\":\"2017-10-30T16:44:17+00:00\",\"mainEntityOfPage\":{\"@id\":\"https:\\\/\\\/interamerica.org\\\/es\\\/2017\\\/06\\\/usted-tiene-todos-los-sintomas-del-sida\\\/\"},\"wordCount\":801,\"image\":{\"@id\":\"https:\\\/\\\/interamerica.org\\\/es\\\/2017\\\/06\\\/usted-tiene-todos-los-sintomas-del-sida\\\/#primaryimage\"},\"thumbnailUrl\":\"https:\\\/\\\/interamerica.org\\\/wp-content\\\/uploads\\\/2017\\\/08\\\/Adventist-Mexico-Ezequiel-Perez-Gongora.jpeg\",\"articleSection\":[\"Desde el campo\",\"RSS Espa\u00f1ol\"],\"inLanguage\":\"es\"},{\"@type\":\"WebPage\",\"@id\":\"https:\\\/\\\/interamerica.org\\\/es\\\/2017\\\/06\\\/usted-tiene-todos-los-sintomas-del-sida\\\/\",\"url\":\"https:\\\/\\\/interamerica.org\\\/es\\\/2017\\\/06\\\/usted-tiene-todos-los-sintomas-del-sida\\\/\",\"name\":\"\u201cUsted tiene todos los s\u00edntomas del sida\u201d - Iglesia Adventista del S\u00e9ptimo D\u00eda - Divisi\u00f3n Interamericana\",\"isPartOf\":{\"@id\":\"https:\\\/\\\/interamerica.org\\\/es\\\/#website\"},\"primaryImageOfPage\":{\"@id\":\"https:\\\/\\\/interamerica.org\\\/es\\\/2017\\\/06\\\/usted-tiene-todos-los-sintomas-del-sida\\\/#primaryimage\"},\"image\":{\"@id\":\"https:\\\/\\\/interamerica.org\\\/es\\\/2017\\\/06\\\/usted-tiene-todos-los-sintomas-del-sida\\\/#primaryimage\"},\"thumbnailUrl\":\"https:\\\/\\\/interamerica.org\\\/wp-content\\\/uploads\\\/2017\\\/08\\\/Adventist-Mexico-Ezequiel-Perez-Gongora.jpeg\",\"datePublished\":\"2017-06-15T04:00:00+00:00\",\"dateModified\":\"2017-10-30T16:44:17+00:00\",\"author\":{\"@id\":\"https:\\\/\\\/interamerica.org\\\/es\\\/#\\\/schema\\\/person\\\/68ede8bdc292885bb76c1e3810e73c39\"},\"breadcrumb\":{\"@id\":\"https:\\\/\\\/interamerica.org\\\/es\\\/2017\\\/06\\\/usted-tiene-todos-los-sintomas-del-sida\\\/#breadcrumb\"},\"inLanguage\":\"es\",\"potentialAction\":[{\"@type\":\"ReadAction\",\"target\":[\"https:\\\/\\\/interamerica.org\\\/es\\\/2017\\\/06\\\/usted-tiene-todos-los-sintomas-del-sida\\\/\"]}]},{\"@type\":\"ImageObject\",\"inLanguage\":\"es\",\"@id\":\"https:\\\/\\\/interamerica.org\\\/es\\\/2017\\\/06\\\/usted-tiene-todos-los-sintomas-del-sida\\\/#primaryimage\",\"url\":\"https:\\\/\\\/interamerica.org\\\/wp-content\\\/uploads\\\/2017\\\/08\\\/Adventist-Mexico-Ezequiel-Perez-Gongora.jpeg\",\"contentUrl\":\"https:\\\/\\\/interamerica.org\\\/wp-content\\\/uploads\\\/2017\\\/08\\\/Adventist-Mexico-Ezequiel-Perez-Gongora.jpeg\",\"width\":1000,\"height\":500},{\"@type\":\"BreadcrumbList\",\"@id\":\"https:\\\/\\\/interamerica.org\\\/es\\\/2017\\\/06\\\/usted-tiene-todos-los-sintomas-del-sida\\\/#breadcrumb\",\"itemListElement\":[{\"@type\":\"ListItem\",\"position\":1,\"name\":\"Home\",\"item\":\"https:\\\/\\\/interamerica.org\\\/es\\\/\"},{\"@type\":\"ListItem\",\"position\":2,\"name\":\"\u201cUsted tiene todos los s\u00edntomas del sida\u201d\"}]},{\"@type\":\"WebSite\",\"@id\":\"https:\\\/\\\/interamerica.org\\\/es\\\/#website\",\"url\":\"https:\\\/\\\/interamerica.org\\\/es\\\/\",\"name\":\"Iglesia Adventista del S\u00e9ptimo D\u00eda - Divisi\u00f3n Interamericana\",\"description\":\"\",\"potentialAction\":[{\"@type\":\"SearchAction\",\"target\":{\"@type\":\"EntryPoint\",\"urlTemplate\":\"https:\\\/\\\/interamerica.org\\\/es\\\/?s={search_term_string}\"},\"query-input\":{\"@type\":\"PropertyValueSpecification\",\"valueRequired\":true,\"valueName\":\"search_term_string\"}}],\"inLanguage\":\"es\"},{\"@type\":\"Person\",\"@id\":\"https:\\\/\\\/interamerica.org\\\/es\\\/#\\\/schema\\\/person\\\/68ede8bdc292885bb76c1e3810e73c39\",\"name\":\"Lorenzo Verduzco\",\"image\":{\"@type\":\"ImageObject\",\"inLanguage\":\"es\",\"@id\":\"https:\\\/\\\/secure.gravatar.com\\\/avatar\\\/fb81a55b6218459490a9c1dc841a34909185b81904c5337b4b27f7a6fd60c49e?s=96&d=mm&r=g\",\"url\":\"https:\\\/\\\/secure.gravatar.com\\\/avatar\\\/fb81a55b6218459490a9c1dc841a34909185b81904c5337b4b27f7a6fd60c49e?s=96&d=mm&r=g\",\"contentUrl\":\"https:\\\/\\\/secure.gravatar.com\\\/avatar\\\/fb81a55b6218459490a9c1dc841a34909185b81904c5337b4b27f7a6fd60c49e?s=96&d=mm&r=g\",\"caption\":\"Lorenzo Verduzco\"}}]}<\/script>\n<!-- \/ Yoast SEO plugin. -->","yoast_head_json":{"title":"\u201cUsted tiene todos los s\u00edntomas del sida\u201d - Iglesia Adventista del S\u00e9ptimo D\u00eda - Divisi\u00f3n Interamericana","robots":{"index":"index","follow":"follow","max-snippet":"max-snippet:-1","max-image-preview":"max-image-preview:large","max-video-preview":"max-video-preview:-1"},"canonical":"https:\/\/interamerica.org\/es\/2017\/06\/usted-tiene-todos-los-sintomas-del-sida\/","og_locale":"es_ES","og_type":"article","og_title":"\u201cUsted tiene todos los s\u00edntomas del sida\u201d - Iglesia Adventista del S\u00e9ptimo D\u00eda - Divisi\u00f3n Interamericana","og_description":"Comenc\u00e9 a beber despu\u00e9s de casarme a los 20 a\u00f1os, y entonces comenc\u00e9 a fumar. Pronto era un alcoh\u00f3lico y un fumador empedernido. Me encantaba asistir a fiestas.  Mi esposa fue bautizada despu\u00e9s de asistir a reuniones de evangelizaci\u00f3n a cargo de un pastor llamado Richard P\u00e9rez, en una iglesia adventista cerca de mi hogar en el estado mexicano de Tabasco. Pero yo rechac\u00e9, en dos ocasiones, el bautismo.","og_url":"https:\/\/interamerica.org\/es\/2017\/06\/usted-tiene-todos-los-sintomas-del-sida\/","og_site_name":"Iglesia Adventista del S\u00e9ptimo D\u00eda - Divisi\u00f3n Interamericana","article_published_time":"2017-06-15T04:00:00+00:00","article_modified_time":"2017-10-30T16:44:17+00:00","og_image":[{"width":1000,"height":500,"url":"https:\/\/interamerica.org\/wp-content\/uploads\/2017\/08\/Adventist-Mexico-Ezequiel-Perez-Gongora.jpeg","type":"image\/jpeg"}],"author":"Lorenzo Verduzco","twitter_card":"summary_large_image","twitter_misc":{"Escrito por":"Lorenzo Verduzco","Tiempo de lectura":"4 minutos"},"schema":{"@context":"https:\/\/schema.org","@graph":[{"@type":"Article","@id":"https:\/\/interamerica.org\/es\/2017\/06\/usted-tiene-todos-los-sintomas-del-sida\/#article","isPartOf":{"@id":"https:\/\/interamerica.org\/es\/2017\/06\/usted-tiene-todos-los-sintomas-del-sida\/"},"author":{"name":"Lorenzo Verduzco","@id":"https:\/\/interamerica.org\/es\/#\/schema\/person\/68ede8bdc292885bb76c1e3810e73c39"},"headline":"\u201cUsted tiene todos los s\u00edntomas del sida\u201d","datePublished":"2017-06-15T04:00:00+00:00","dateModified":"2017-10-30T16:44:17+00:00","mainEntityOfPage":{"@id":"https:\/\/interamerica.org\/es\/2017\/06\/usted-tiene-todos-los-sintomas-del-sida\/"},"wordCount":801,"image":{"@id":"https:\/\/interamerica.org\/es\/2017\/06\/usted-tiene-todos-los-sintomas-del-sida\/#primaryimage"},"thumbnailUrl":"https:\/\/interamerica.org\/wp-content\/uploads\/2017\/08\/Adventist-Mexico-Ezequiel-Perez-Gongora.jpeg","articleSection":["Desde el campo","RSS Espa\u00f1ol"],"inLanguage":"es"},{"@type":"WebPage","@id":"https:\/\/interamerica.org\/es\/2017\/06\/usted-tiene-todos-los-sintomas-del-sida\/","url":"https:\/\/interamerica.org\/es\/2017\/06\/usted-tiene-todos-los-sintomas-del-sida\/","name":"\u201cUsted tiene todos los s\u00edntomas del sida\u201d - Iglesia Adventista del S\u00e9ptimo D\u00eda - Divisi\u00f3n Interamericana","isPartOf":{"@id":"https:\/\/interamerica.org\/es\/#website"},"primaryImageOfPage":{"@id":"https:\/\/interamerica.org\/es\/2017\/06\/usted-tiene-todos-los-sintomas-del-sida\/#primaryimage"},"image":{"@id":"https:\/\/interamerica.org\/es\/2017\/06\/usted-tiene-todos-los-sintomas-del-sida\/#primaryimage"},"thumbnailUrl":"https:\/\/interamerica.org\/wp-content\/uploads\/2017\/08\/Adventist-Mexico-Ezequiel-Perez-Gongora.jpeg","datePublished":"2017-06-15T04:00:00+00:00","dateModified":"2017-10-30T16:44:17+00:00","author":{"@id":"https:\/\/interamerica.org\/es\/#\/schema\/person\/68ede8bdc292885bb76c1e3810e73c39"},"breadcrumb":{"@id":"https:\/\/interamerica.org\/es\/2017\/06\/usted-tiene-todos-los-sintomas-del-sida\/#breadcrumb"},"inLanguage":"es","potentialAction":[{"@type":"ReadAction","target":["https:\/\/interamerica.org\/es\/2017\/06\/usted-tiene-todos-los-sintomas-del-sida\/"]}]},{"@type":"ImageObject","inLanguage":"es","@id":"https:\/\/interamerica.org\/es\/2017\/06\/usted-tiene-todos-los-sintomas-del-sida\/#primaryimage","url":"https:\/\/interamerica.org\/wp-content\/uploads\/2017\/08\/Adventist-Mexico-Ezequiel-Perez-Gongora.jpeg","contentUrl":"https:\/\/interamerica.org\/wp-content\/uploads\/2017\/08\/Adventist-Mexico-Ezequiel-Perez-Gongora.jpeg","width":1000,"height":500},{"@type":"BreadcrumbList","@id":"https:\/\/interamerica.org\/es\/2017\/06\/usted-tiene-todos-los-sintomas-del-sida\/#breadcrumb","itemListElement":[{"@type":"ListItem","position":1,"name":"Home","item":"https:\/\/interamerica.org\/es\/"},{"@type":"ListItem","position":2,"name":"\u201cUsted tiene todos los s\u00edntomas del sida\u201d"}]},{"@type":"WebSite","@id":"https:\/\/interamerica.org\/es\/#website","url":"https:\/\/interamerica.org\/es\/","name":"Iglesia Adventista del S\u00e9ptimo D\u00eda - Divisi\u00f3n Interamericana","description":"","potentialAction":[{"@type":"SearchAction","target":{"@type":"EntryPoint","urlTemplate":"https:\/\/interamerica.org\/es\/?s={search_term_string}"},"query-input":{"@type":"PropertyValueSpecification","valueRequired":true,"valueName":"search_term_string"}}],"inLanguage":"es"},{"@type":"Person","@id":"https:\/\/interamerica.org\/es\/#\/schema\/person\/68ede8bdc292885bb76c1e3810e73c39","name":"Lorenzo Verduzco","image":{"@type":"ImageObject","inLanguage":"es","@id":"https:\/\/secure.gravatar.com\/avatar\/fb81a55b6218459490a9c1dc841a34909185b81904c5337b4b27f7a6fd60c49e?s=96&d=mm&r=g","url":"https:\/\/secure.gravatar.com\/avatar\/fb81a55b6218459490a9c1dc841a34909185b81904c5337b4b27f7a6fd60c49e?s=96&d=mm&r=g","contentUrl":"https:\/\/secure.gravatar.com\/avatar\/fb81a55b6218459490a9c1dc841a34909185b81904c5337b4b27f7a6fd60c49e?s=96&d=mm&r=g","caption":"Lorenzo Verduzco"}}]}},"_links":{"self":[{"href":"https:\/\/interamerica.org\/es\/wp-json\/wp\/v2\/posts\/33710","targetHints":{"allow":["GET"]}}],"collection":[{"href":"https:\/\/interamerica.org\/es\/wp-json\/wp\/v2\/posts"}],"about":[{"href":"https:\/\/interamerica.org\/es\/wp-json\/wp\/v2\/types\/post"}],"author":[{"embeddable":true,"href":"https:\/\/interamerica.org\/es\/wp-json\/wp\/v2\/users\/1"}],"replies":[{"embeddable":true,"href":"https:\/\/interamerica.org\/es\/wp-json\/wp\/v2\/comments?post=33710"}],"version-history":[{"count":0,"href":"https:\/\/interamerica.org\/es\/wp-json\/wp\/v2\/posts\/33710\/revisions"}],"wp:featuredmedia":[{"embeddable":true,"href":"https:\/\/interamerica.org\/es\/wp-json\/wp\/v2\/media\/33337"}],"wp:attachment":[{"href":"https:\/\/interamerica.org\/es\/wp-json\/wp\/v2\/media?parent=33710"}],"wp:term":[{"taxonomy":"category","embeddable":true,"href":"https:\/\/interamerica.org\/es\/wp-json\/wp\/v2\/categories?post=33710"},{"taxonomy":"post_tag","embeddable":true,"href":"https:\/\/interamerica.org\/es\/wp-json\/wp\/v2\/tags?post=33710"}],"curies":[{"name":"wp","href":"https:\/\/api.w.org\/{rel}","templated":true}]}}