{"id":33716,"date":"2017-06-23T00:00:00","date_gmt":"2017-06-23T04:00:00","guid":{"rendered":"http:\/\/192.81.217.108\/2017\/06\/honrada-por-la-reina-de-inglaterra-y-el-rey-del-cielo-en-belice\/"},"modified":"2017-10-27T18:13:35","modified_gmt":"2017-10-27T22:13:35","slug":"honrada-por-la-reina-de-inglaterra-y-el-rey-del-cielo-en-belice","status":"publish","type":"post","link":"https:\/\/interamerica.org\/es\/2017\/06\/honrada-por-la-reina-de-inglaterra-y-el-rey-del-cielo-en-belice\/","title":{"rendered":"Honrada por la Reina de Inglaterra y el Rey del Cielo en Belice"},"content":{"rendered":"<div id=\"attachment_29406\" style=\"width: 742px\" class=\"wp-caption aligncenter\"><a href=\"\/interamerica\/wp-content\/uploads\/2017\/08\/Adventist-Belize-Leticia-August-2.jpeg\" rel=\"fancybox\" title=\"Honrada por la Reina de Inglaterra y el Rey del Cielo en Belice\"><img fetchpriority=\"high\" decoding=\"async\" aria-describedby=\"caption-attachment-29406\" class=\" wp-image-29406\" src=\"\/interamerica\/wp-content\/uploads\/2017\/08\/Adventist-Belize-Leticia-August-2.jpeg\" alt=\"\" width=\"732\" height=\"366\" \/><\/a><p id=\"caption-attachment-29406\" class=\"wp-caption-text\">Leticia August, de 60 a\u00f1os, sentada frente a una iglesia adventista en Belmop\u00e1n, la capital de Belice. Imagen de Andrew McChesney \/ Misi\u00f3n Adventista<\/p><\/div>\n<p>21 de junio de 2017 | Andrew McChesney, Misi\u00f3n Adventista<\/p>\n<p><span class=\"cap\"> El d\u00eda m\u00e1s emocionante en la joven vida de Leticia August fue cuando su madre la envi\u00f3 desde Guatemala para vivir con su abuela en el vecino pa\u00eds de Belice.<\/span><\/p>\n<p>Sus padres eran devotos guardadores del domingo, y Leticia estaba cansada de que le dijeran que no pod\u00eda comportarse como las dem\u00e1s chicas.<\/p>\n<p>\u201cCuando me mud\u00e9, me dije: \u2018\u00a1Ahora s\u00ed!\u2019\u201d, dijo Leticia.<\/p>\n<p>Leticia comenz\u00f3 a ir a los bailes y a las fiestas. Al fin se sent\u00eda libre. Pero casi cada d\u00eda se preguntaba preocupada: \u201c\u00bfY si me muero esta noche?\u201d<\/p>\n<p>Despu\u00e9s de cierto tiempo, dos adventistas comenzaron a visitar el hogar de Leticia y a darle estudios b\u00edblicos a su t\u00edo, que tambi\u00e9n viv\u00eda all\u00ed. Leticia, que ten\u00eda 17 a\u00f1os, escuchaba a escondidas desde su habitaci\u00f3n y pensaba: \u201cEso no es lo que ense\u00f1a la Biblia.\u201d Los adventistas hablaban del don de lenguas y le\u00edan del libro de los Hechos, donde dec\u00eda que cuando los disc\u00edpulos predicaban, todos pod\u00edan entenderlos en su propio idioma. Leticia hab\u00eda sido criada para creer que hablar en lenguas produc\u00eda una jerigonza que nadie pod\u00eda entender.<\/p>\n<p>Finalmente, Leticia sali\u00f3 de su habitaci\u00f3n y les dijo sin rodeos a los adventistas: \u201cLo que est\u00e1n ense\u00f1ando no es correcto\u201d.<\/p>\n<p>Trat\u00f3 entonces de compartir lo que pensaba. En medio de la discusi\u00f3n, Leticia comenz\u00f3 a estudiar la Biblia con los adventistas. Entonces comenz\u00f3 a asistir a la iglesia, y decidi\u00f3 que quer\u00eda ser bautizada.<\/p>\n<p>Sus parientes, sin embargo, dec\u00edan que la Iglesia Adventista era una secta, y le advirtieron: \u201cSi tomas la decisi\u00f3n de bautizarte, olv\u00eddate que tienes una familia aqu\u00ed\u201d.<\/p>\n<p>Su bautismo fue una real lucha, y el d\u00eda de la ceremonia, no se present\u00f3. Por el contrario, se fue de fiesta, y decidi\u00f3 que no se bautizar\u00eda.<\/p>\n<p>\u201cPero el Se\u00f1or no me dej\u00f3 hasta que fui y solicit\u00f3 el bautismo, y el pastor me dijo: \u2018\u00bfEst\u00e1s segura?\u2019\u201d, relat\u00f3. \u201cEstaba segura, y a partir de ese momento hasta ahora estoy segura de haber tomado la decisi\u00f3n correcta. Alabado sea el Se\u00f1or por su misericordia y por darme una segunda oportunidad\u201d.<\/p>\n<p>Los parientes de Leticia se pusieron furiosos con su decisi\u00f3n. La presionaron para que renunciara a sus creencias agregando puerco o grasa de puerco en la comida, para que no pudiera comerla. Leticia viv\u00eda comiendo galletas y leche gran parte de la semana. Solo com\u00eda bien los s\u00e1bados, cuando los miembros de iglesia la invitaban a sus hogares.<\/p>\n<p>\u201cAll\u00ed es cuando aprend\u00ed que siempre se deber\u00eda tener la puerta abierta para los miembros reci\u00e9n bautizados, porque uno nunca sabe lo que est\u00e1 sucediendo en sus vidas\u201d, dijo Leticia. \u201cEs necesario conocerlos y amarlos\u201d.<\/p>\n<p>Pronto Leticia regres\u00f3 a Guatemala con su madre. Aun ese traslado fue bendecido por Dios, cont\u00f3. Poco despu\u00e9s de su llegada, conoci\u00f3 a su futuro esposo, y contrajeron matrimonio.<\/p>\n<p>Leticia lleg\u00f3 a ser enfermera y junto con su esposo, estableci\u00f3 tres iglesias en Guatemala y Belice. Juntos, la pareja ha llevado a unas mil personas al bautismo.<\/p>\n<p>El esposo de Leticia ya ha fallecido, pero a sus 60 a\u00f1os, ella sigue siendo una miembro activa de iglesia en Belice. En 2016, la reina Isabel II de Inglaterra la nombre Miembro de la Orden del Imperio Brit\u00e1nico, en reconocimiento por sus tareas comunitarias.<\/p>\n<p>\u201cAlguien envi\u00f3 mi nombre\u201d, dijo Leticia. \u201cPero lo que realmente me inspira para seguir adelante no es las condecoraciones de otras personas. Siempre imagino que Dios est\u00e1 diciendo: \u2018Haz esto por m\u00ed\u2019. Somos sus siervos. \u00c9l nos dice: \u2018Hazlo\u2019. Quiero escucharlo decir: \u2018Bien hecho, buen siervo y fiel\u2019\u201d.<\/p>\n<p>\u201cS\u00e9 que Dios me llam\u00f3 con un prop\u00f3sito\u201d, dijo. \u201cHan pasado 43 a\u00f1os desde que fui llamada a la iglesia, y su amor se hace m\u00e1s y m\u00e1s profundo cada d\u00eda\u201d.<\/p>\n<p>Traducci\u00f3n de Marcos Paseggi<\/p>\n","protected":false},"excerpt":{"rendered":"<p>El d\u00eda m\u00e1s emocionante en la joven vida de Leticia August fue cuando su madre la envi\u00f3 desde Guatemala para vivir con su abuela en el vecino pa\u00eds de Belice.<\/p>\n<p>Sus padres eran devotos guardadores del domingo, y Leticia estaba cansada de que le dijeran que no pod\u00eda comportarse como las dem\u00e1s chicas.<\/p>\n<p>\u201cCuando me mud\u00e9, me dije: \u2018\u00a1Ahora s\u00ed!\u2019\u201d, dijo Leticia.<\/p>\n<p>Leticia comenz\u00f3 a ir a los bailes y a las fiestas. Al fin se sent\u00eda libre. Pero casi cada d\u00eda se preguntaba preocupada: \u201c\u00bfY si me muero esta noche?\u201d<\/p>\n","protected":false},"author":1,"featured_media":33355,"comment_status":"closed","ping_status":"closed","sticky":false,"template":"","format":"standard","meta":{"_acf_changed":false,"footnotes":""},"categories":[17,15],"tags":[],"class_list":["post-33716","post","type-post","status-publish","format-standard","has-post-thumbnail","hentry","category-desde-el-campo","category-rss-espanol"],"acf":[],"yoast_head":"<!-- This site is optimized with the Yoast SEO plugin v27.3 - https:\/\/yoast.com\/product\/yoast-seo-wordpress\/ -->\n<title>Honrada por la Reina de Inglaterra y el Rey del Cielo en Belice - Iglesia Adventista del S\u00e9ptimo D\u00eda - Divisi\u00f3n Interamericana<\/title>\n<meta name=\"robots\" content=\"index, follow, max-snippet:-1, max-image-preview:large, max-video-preview:-1\" \/>\n<link rel=\"canonical\" href=\"https:\/\/interamerica.org\/es\/2017\/06\/honrada-por-la-reina-de-inglaterra-y-el-rey-del-cielo-en-belice\/\" \/>\n<meta property=\"og:locale\" content=\"es_ES\" \/>\n<meta property=\"og:type\" content=\"article\" \/>\n<meta property=\"og:title\" content=\"Honrada por la Reina de Inglaterra y el Rey del Cielo en Belice - Iglesia Adventista del S\u00e9ptimo D\u00eda - Divisi\u00f3n Interamericana\" \/>\n<meta property=\"og:description\" content=\"El d\u00eda m\u00e1s emocionante en la joven vida de Leticia August fue cuando su madre la envi\u00f3 desde Guatemala para vivir con su abuela en el vecino pa\u00eds de Belice.  Sus padres eran devotos guardadores del domingo, y Leticia estaba cansada de que le dijeran que no pod\u00eda comportarse como las dem\u00e1s chicas.  \u201cCuando me mud\u00e9, me dije: \u2018\u00a1Ahora s\u00ed!\u2019\u201d, dijo Leticia.  Leticia comenz\u00f3 a ir a los bailes y a las fiestas. Al fin se sent\u00eda libre. Pero casi cada d\u00eda se preguntaba preocupada: \u201c\u00bfY si me muero esta noche?\u201d\" \/>\n<meta property=\"og:url\" content=\"https:\/\/interamerica.org\/es\/2017\/06\/honrada-por-la-reina-de-inglaterra-y-el-rey-del-cielo-en-belice\/\" \/>\n<meta property=\"og:site_name\" content=\"Iglesia Adventista del S\u00e9ptimo D\u00eda - Divisi\u00f3n Interamericana\" \/>\n<meta property=\"article:published_time\" content=\"2017-06-23T04:00:00+00:00\" \/>\n<meta property=\"article:modified_time\" content=\"2017-10-27T22:13:35+00:00\" \/>\n<meta property=\"og:image\" content=\"https:\/\/interamerica.org\/wp-content\/uploads\/2017\/08\/Adventist-Belize-Leticia-August-2.jpeg\" \/>\n\t<meta property=\"og:image:width\" content=\"1000\" \/>\n\t<meta property=\"og:image:height\" content=\"500\" \/>\n\t<meta property=\"og:image:type\" content=\"image\/jpeg\" \/>\n<meta name=\"author\" content=\"Lorenzo Verduzco\" \/>\n<meta name=\"twitter:card\" content=\"summary_large_image\" \/>\n<meta name=\"twitter:label1\" content=\"Escrito por\" \/>\n\t<meta name=\"twitter:data1\" content=\"Lorenzo Verduzco\" \/>\n\t<meta name=\"twitter:label2\" content=\"Tiempo de lectura\" \/>\n\t<meta name=\"twitter:data2\" content=\"4 minutos\" \/>\n<script type=\"application\/ld+json\" class=\"yoast-schema-graph\">{\"@context\":\"https:\\\/\\\/schema.org\",\"@graph\":[{\"@type\":\"Article\",\"@id\":\"https:\\\/\\\/interamerica.org\\\/es\\\/2017\\\/06\\\/honrada-por-la-reina-de-inglaterra-y-el-rey-del-cielo-en-belice\\\/#article\",\"isPartOf\":{\"@id\":\"https:\\\/\\\/interamerica.org\\\/es\\\/2017\\\/06\\\/honrada-por-la-reina-de-inglaterra-y-el-rey-del-cielo-en-belice\\\/\"},\"author\":{\"name\":\"Lorenzo Verduzco\",\"@id\":\"https:\\\/\\\/interamerica.org\\\/es\\\/#\\\/schema\\\/person\\\/68ede8bdc292885bb76c1e3810e73c39\"},\"headline\":\"Honrada por la Reina de Inglaterra y el Rey del Cielo en Belice\",\"datePublished\":\"2017-06-23T04:00:00+00:00\",\"dateModified\":\"2017-10-27T22:13:35+00:00\",\"mainEntityOfPage\":{\"@id\":\"https:\\\/\\\/interamerica.org\\\/es\\\/2017\\\/06\\\/honrada-por-la-reina-de-inglaterra-y-el-rey-del-cielo-en-belice\\\/\"},\"wordCount\":723,\"image\":{\"@id\":\"https:\\\/\\\/interamerica.org\\\/es\\\/2017\\\/06\\\/honrada-por-la-reina-de-inglaterra-y-el-rey-del-cielo-en-belice\\\/#primaryimage\"},\"thumbnailUrl\":\"https:\\\/\\\/interamerica.org\\\/wp-content\\\/uploads\\\/2017\\\/08\\\/Adventist-Belize-Leticia-August-2.jpeg\",\"articleSection\":[\"Desde el campo\",\"RSS Espa\u00f1ol\"],\"inLanguage\":\"es\"},{\"@type\":\"WebPage\",\"@id\":\"https:\\\/\\\/interamerica.org\\\/es\\\/2017\\\/06\\\/honrada-por-la-reina-de-inglaterra-y-el-rey-del-cielo-en-belice\\\/\",\"url\":\"https:\\\/\\\/interamerica.org\\\/es\\\/2017\\\/06\\\/honrada-por-la-reina-de-inglaterra-y-el-rey-del-cielo-en-belice\\\/\",\"name\":\"Honrada por la Reina de Inglaterra y el Rey del Cielo en Belice - Iglesia Adventista del S\u00e9ptimo D\u00eda - Divisi\u00f3n Interamericana\",\"isPartOf\":{\"@id\":\"https:\\\/\\\/interamerica.org\\\/es\\\/#website\"},\"primaryImageOfPage\":{\"@id\":\"https:\\\/\\\/interamerica.org\\\/es\\\/2017\\\/06\\\/honrada-por-la-reina-de-inglaterra-y-el-rey-del-cielo-en-belice\\\/#primaryimage\"},\"image\":{\"@id\":\"https:\\\/\\\/interamerica.org\\\/es\\\/2017\\\/06\\\/honrada-por-la-reina-de-inglaterra-y-el-rey-del-cielo-en-belice\\\/#primaryimage\"},\"thumbnailUrl\":\"https:\\\/\\\/interamerica.org\\\/wp-content\\\/uploads\\\/2017\\\/08\\\/Adventist-Belize-Leticia-August-2.jpeg\",\"datePublished\":\"2017-06-23T04:00:00+00:00\",\"dateModified\":\"2017-10-27T22:13:35+00:00\",\"author\":{\"@id\":\"https:\\\/\\\/interamerica.org\\\/es\\\/#\\\/schema\\\/person\\\/68ede8bdc292885bb76c1e3810e73c39\"},\"breadcrumb\":{\"@id\":\"https:\\\/\\\/interamerica.org\\\/es\\\/2017\\\/06\\\/honrada-por-la-reina-de-inglaterra-y-el-rey-del-cielo-en-belice\\\/#breadcrumb\"},\"inLanguage\":\"es\",\"potentialAction\":[{\"@type\":\"ReadAction\",\"target\":[\"https:\\\/\\\/interamerica.org\\\/es\\\/2017\\\/06\\\/honrada-por-la-reina-de-inglaterra-y-el-rey-del-cielo-en-belice\\\/\"]}]},{\"@type\":\"ImageObject\",\"inLanguage\":\"es\",\"@id\":\"https:\\\/\\\/interamerica.org\\\/es\\\/2017\\\/06\\\/honrada-por-la-reina-de-inglaterra-y-el-rey-del-cielo-en-belice\\\/#primaryimage\",\"url\":\"https:\\\/\\\/interamerica.org\\\/wp-content\\\/uploads\\\/2017\\\/08\\\/Adventist-Belize-Leticia-August-2.jpeg\",\"contentUrl\":\"https:\\\/\\\/interamerica.org\\\/wp-content\\\/uploads\\\/2017\\\/08\\\/Adventist-Belize-Leticia-August-2.jpeg\",\"width\":1000,\"height\":500},{\"@type\":\"BreadcrumbList\",\"@id\":\"https:\\\/\\\/interamerica.org\\\/es\\\/2017\\\/06\\\/honrada-por-la-reina-de-inglaterra-y-el-rey-del-cielo-en-belice\\\/#breadcrumb\",\"itemListElement\":[{\"@type\":\"ListItem\",\"position\":1,\"name\":\"Home\",\"item\":\"https:\\\/\\\/interamerica.org\\\/es\\\/\"},{\"@type\":\"ListItem\",\"position\":2,\"name\":\"Honrada por la Reina de Inglaterra y el Rey del Cielo en Belice\"}]},{\"@type\":\"WebSite\",\"@id\":\"https:\\\/\\\/interamerica.org\\\/es\\\/#website\",\"url\":\"https:\\\/\\\/interamerica.org\\\/es\\\/\",\"name\":\"Iglesia Adventista del S\u00e9ptimo D\u00eda - Divisi\u00f3n Interamericana\",\"description\":\"\",\"potentialAction\":[{\"@type\":\"SearchAction\",\"target\":{\"@type\":\"EntryPoint\",\"urlTemplate\":\"https:\\\/\\\/interamerica.org\\\/es\\\/?s={search_term_string}\"},\"query-input\":{\"@type\":\"PropertyValueSpecification\",\"valueRequired\":true,\"valueName\":\"search_term_string\"}}],\"inLanguage\":\"es\"},{\"@type\":\"Person\",\"@id\":\"https:\\\/\\\/interamerica.org\\\/es\\\/#\\\/schema\\\/person\\\/68ede8bdc292885bb76c1e3810e73c39\",\"name\":\"Lorenzo Verduzco\",\"image\":{\"@type\":\"ImageObject\",\"inLanguage\":\"es\",\"@id\":\"https:\\\/\\\/secure.gravatar.com\\\/avatar\\\/fb81a55b6218459490a9c1dc841a34909185b81904c5337b4b27f7a6fd60c49e?s=96&d=mm&r=g\",\"url\":\"https:\\\/\\\/secure.gravatar.com\\\/avatar\\\/fb81a55b6218459490a9c1dc841a34909185b81904c5337b4b27f7a6fd60c49e?s=96&d=mm&r=g\",\"contentUrl\":\"https:\\\/\\\/secure.gravatar.com\\\/avatar\\\/fb81a55b6218459490a9c1dc841a34909185b81904c5337b4b27f7a6fd60c49e?s=96&d=mm&r=g\",\"caption\":\"Lorenzo Verduzco\"}}]}<\/script>\n<!-- \/ Yoast SEO plugin. -->","yoast_head_json":{"title":"Honrada por la Reina de Inglaterra y el Rey del Cielo en Belice - Iglesia Adventista del S\u00e9ptimo D\u00eda - Divisi\u00f3n Interamericana","robots":{"index":"index","follow":"follow","max-snippet":"max-snippet:-1","max-image-preview":"max-image-preview:large","max-video-preview":"max-video-preview:-1"},"canonical":"https:\/\/interamerica.org\/es\/2017\/06\/honrada-por-la-reina-de-inglaterra-y-el-rey-del-cielo-en-belice\/","og_locale":"es_ES","og_type":"article","og_title":"Honrada por la Reina de Inglaterra y el Rey del Cielo en Belice - Iglesia Adventista del S\u00e9ptimo D\u00eda - Divisi\u00f3n Interamericana","og_description":"El d\u00eda m\u00e1s emocionante en la joven vida de Leticia August fue cuando su madre la envi\u00f3 desde Guatemala para vivir con su abuela en el vecino pa\u00eds de Belice.  Sus padres eran devotos guardadores del domingo, y Leticia estaba cansada de que le dijeran que no pod\u00eda comportarse como las dem\u00e1s chicas.  \u201cCuando me mud\u00e9, me dije: \u2018\u00a1Ahora s\u00ed!\u2019\u201d, dijo Leticia.  Leticia comenz\u00f3 a ir a los bailes y a las fiestas. Al fin se sent\u00eda libre. Pero casi cada d\u00eda se preguntaba preocupada: \u201c\u00bfY si me muero esta noche?\u201d","og_url":"https:\/\/interamerica.org\/es\/2017\/06\/honrada-por-la-reina-de-inglaterra-y-el-rey-del-cielo-en-belice\/","og_site_name":"Iglesia Adventista del S\u00e9ptimo D\u00eda - Divisi\u00f3n Interamericana","article_published_time":"2017-06-23T04:00:00+00:00","article_modified_time":"2017-10-27T22:13:35+00:00","og_image":[{"width":1000,"height":500,"url":"https:\/\/interamerica.org\/wp-content\/uploads\/2017\/08\/Adventist-Belize-Leticia-August-2.jpeg","type":"image\/jpeg"}],"author":"Lorenzo Verduzco","twitter_card":"summary_large_image","twitter_misc":{"Escrito por":"Lorenzo Verduzco","Tiempo de lectura":"4 minutos"},"schema":{"@context":"https:\/\/schema.org","@graph":[{"@type":"Article","@id":"https:\/\/interamerica.org\/es\/2017\/06\/honrada-por-la-reina-de-inglaterra-y-el-rey-del-cielo-en-belice\/#article","isPartOf":{"@id":"https:\/\/interamerica.org\/es\/2017\/06\/honrada-por-la-reina-de-inglaterra-y-el-rey-del-cielo-en-belice\/"},"author":{"name":"Lorenzo Verduzco","@id":"https:\/\/interamerica.org\/es\/#\/schema\/person\/68ede8bdc292885bb76c1e3810e73c39"},"headline":"Honrada por la Reina de Inglaterra y el Rey del Cielo en Belice","datePublished":"2017-06-23T04:00:00+00:00","dateModified":"2017-10-27T22:13:35+00:00","mainEntityOfPage":{"@id":"https:\/\/interamerica.org\/es\/2017\/06\/honrada-por-la-reina-de-inglaterra-y-el-rey-del-cielo-en-belice\/"},"wordCount":723,"image":{"@id":"https:\/\/interamerica.org\/es\/2017\/06\/honrada-por-la-reina-de-inglaterra-y-el-rey-del-cielo-en-belice\/#primaryimage"},"thumbnailUrl":"https:\/\/interamerica.org\/wp-content\/uploads\/2017\/08\/Adventist-Belize-Leticia-August-2.jpeg","articleSection":["Desde el campo","RSS Espa\u00f1ol"],"inLanguage":"es"},{"@type":"WebPage","@id":"https:\/\/interamerica.org\/es\/2017\/06\/honrada-por-la-reina-de-inglaterra-y-el-rey-del-cielo-en-belice\/","url":"https:\/\/interamerica.org\/es\/2017\/06\/honrada-por-la-reina-de-inglaterra-y-el-rey-del-cielo-en-belice\/","name":"Honrada por la Reina de Inglaterra y el Rey del Cielo en Belice - Iglesia Adventista del S\u00e9ptimo D\u00eda - Divisi\u00f3n Interamericana","isPartOf":{"@id":"https:\/\/interamerica.org\/es\/#website"},"primaryImageOfPage":{"@id":"https:\/\/interamerica.org\/es\/2017\/06\/honrada-por-la-reina-de-inglaterra-y-el-rey-del-cielo-en-belice\/#primaryimage"},"image":{"@id":"https:\/\/interamerica.org\/es\/2017\/06\/honrada-por-la-reina-de-inglaterra-y-el-rey-del-cielo-en-belice\/#primaryimage"},"thumbnailUrl":"https:\/\/interamerica.org\/wp-content\/uploads\/2017\/08\/Adventist-Belize-Leticia-August-2.jpeg","datePublished":"2017-06-23T04:00:00+00:00","dateModified":"2017-10-27T22:13:35+00:00","author":{"@id":"https:\/\/interamerica.org\/es\/#\/schema\/person\/68ede8bdc292885bb76c1e3810e73c39"},"breadcrumb":{"@id":"https:\/\/interamerica.org\/es\/2017\/06\/honrada-por-la-reina-de-inglaterra-y-el-rey-del-cielo-en-belice\/#breadcrumb"},"inLanguage":"es","potentialAction":[{"@type":"ReadAction","target":["https:\/\/interamerica.org\/es\/2017\/06\/honrada-por-la-reina-de-inglaterra-y-el-rey-del-cielo-en-belice\/"]}]},{"@type":"ImageObject","inLanguage":"es","@id":"https:\/\/interamerica.org\/es\/2017\/06\/honrada-por-la-reina-de-inglaterra-y-el-rey-del-cielo-en-belice\/#primaryimage","url":"https:\/\/interamerica.org\/wp-content\/uploads\/2017\/08\/Adventist-Belize-Leticia-August-2.jpeg","contentUrl":"https:\/\/interamerica.org\/wp-content\/uploads\/2017\/08\/Adventist-Belize-Leticia-August-2.jpeg","width":1000,"height":500},{"@type":"BreadcrumbList","@id":"https:\/\/interamerica.org\/es\/2017\/06\/honrada-por-la-reina-de-inglaterra-y-el-rey-del-cielo-en-belice\/#breadcrumb","itemListElement":[{"@type":"ListItem","position":1,"name":"Home","item":"https:\/\/interamerica.org\/es\/"},{"@type":"ListItem","position":2,"name":"Honrada por la Reina de Inglaterra y el Rey del Cielo en Belice"}]},{"@type":"WebSite","@id":"https:\/\/interamerica.org\/es\/#website","url":"https:\/\/interamerica.org\/es\/","name":"Iglesia Adventista del S\u00e9ptimo D\u00eda - Divisi\u00f3n Interamericana","description":"","potentialAction":[{"@type":"SearchAction","target":{"@type":"EntryPoint","urlTemplate":"https:\/\/interamerica.org\/es\/?s={search_term_string}"},"query-input":{"@type":"PropertyValueSpecification","valueRequired":true,"valueName":"search_term_string"}}],"inLanguage":"es"},{"@type":"Person","@id":"https:\/\/interamerica.org\/es\/#\/schema\/person\/68ede8bdc292885bb76c1e3810e73c39","name":"Lorenzo Verduzco","image":{"@type":"ImageObject","inLanguage":"es","@id":"https:\/\/secure.gravatar.com\/avatar\/fb81a55b6218459490a9c1dc841a34909185b81904c5337b4b27f7a6fd60c49e?s=96&d=mm&r=g","url":"https:\/\/secure.gravatar.com\/avatar\/fb81a55b6218459490a9c1dc841a34909185b81904c5337b4b27f7a6fd60c49e?s=96&d=mm&r=g","contentUrl":"https:\/\/secure.gravatar.com\/avatar\/fb81a55b6218459490a9c1dc841a34909185b81904c5337b4b27f7a6fd60c49e?s=96&d=mm&r=g","caption":"Lorenzo Verduzco"}}]}},"_links":{"self":[{"href":"https:\/\/interamerica.org\/es\/wp-json\/wp\/v2\/posts\/33716","targetHints":{"allow":["GET"]}}],"collection":[{"href":"https:\/\/interamerica.org\/es\/wp-json\/wp\/v2\/posts"}],"about":[{"href":"https:\/\/interamerica.org\/es\/wp-json\/wp\/v2\/types\/post"}],"author":[{"embeddable":true,"href":"https:\/\/interamerica.org\/es\/wp-json\/wp\/v2\/users\/1"}],"replies":[{"embeddable":true,"href":"https:\/\/interamerica.org\/es\/wp-json\/wp\/v2\/comments?post=33716"}],"version-history":[{"count":0,"href":"https:\/\/interamerica.org\/es\/wp-json\/wp\/v2\/posts\/33716\/revisions"}],"wp:featuredmedia":[{"embeddable":true,"href":"https:\/\/interamerica.org\/es\/wp-json\/wp\/v2\/media\/33355"}],"wp:attachment":[{"href":"https:\/\/interamerica.org\/es\/wp-json\/wp\/v2\/media?parent=33716"}],"wp:term":[{"taxonomy":"category","embeddable":true,"href":"https:\/\/interamerica.org\/es\/wp-json\/wp\/v2\/categories?post=33716"},{"taxonomy":"post_tag","embeddable":true,"href":"https:\/\/interamerica.org\/es\/wp-json\/wp\/v2\/tags?post=33716"}],"curies":[{"name":"wp","href":"https:\/\/api.w.org\/{rel}","templated":true}]}}