{"id":33724,"date":"2017-07-06T00:00:00","date_gmt":"2017-07-06T04:00:00","guid":{"rendered":"http:\/\/192.81.217.108\/2017\/07\/un-mexicano-dice-que-es-un-milagro-de-dios\/"},"modified":"2018-03-20T11:07:06","modified_gmt":"2018-03-20T15:07:06","slug":"un-mexicano-dice-que-es-un-milagro-de-dios","status":"publish","type":"post","link":"https:\/\/interamerica.org\/es\/2017\/07\/un-mexicano-dice-que-es-un-milagro-de-dios\/","title":{"rendered":"Un mexicano dice que es un milagro de Dios"},"content":{"rendered":"<div id=\"attachment_29548\" style=\"width: 774px\" class=\"wp-caption aligncenter\"><a href=\"\/interamerica\/wp-content\/uploads\/2017\/08\/Adventist-Mexico-Fermin-Espinoza-Marin.jpeg\" rel=\"fancybox\" title=\"Un mexicano dice que es un milagro de Dios\"><img fetchpriority=\"high\" decoding=\"async\" aria-describedby=\"caption-attachment-29548\" class=\" wp-image-29548\" src=\"\/interamerica\/wp-content\/uploads\/2017\/08\/Adventist-Mexico-Fermin-Espinoza-Marin.jpeg\" alt=\"\" width=\"764\" height=\"382\" \/><\/a><p id=\"caption-attachment-29548\" class=\"wp-caption-text\">\u201cYo me veo como un milagro maravilloso de Dios\u201d, dijo Ferm\u00edn Espinoza Mar\u00edn, entre l\u00e1grimas, al contar su historia. Imagen de Andrew McChesney \/ Misi\u00f3n Adventista<\/p><\/div>\n<p class=\"author\">4 de julio de 2017 | M\u00e9xico | Andrew McChesney, Misi\u00f3n Adventista<\/p>\n<p><span class=\"cap\"> \u00bfPuede Dios entrar a un bar? Ferm\u00edn dice que s\u00ed.<\/span><\/p>\n<p>Ferm\u00edn Espinoza Mar\u00edn creci\u00f3 en un hogar adventista en M\u00e9xico, pero de adulto se apart\u00f3 de Dios. Beb\u00eda alcohol y fumaba. Lleg\u00f3 a odiar tanto su vida que tuvo deseos de morir. Les dijo a sus antiguos amigos: \u201cSi un d\u00eda me encuentran muerto, no culpen a nadie, porque es lo que yo quise\u201d.<\/p>\n<p>Entonces Ferm\u00edn busc\u00f3 nuevos amigos. Anduvo con ladrones y otros criminales, pero no los trataba como amigos. Les gritaba. Les gritaba palabrotas. Los amenazaba. Esperaba hacerlos enojar tanto que querr\u00edan matarlo.<\/p>\n<p>\u201cSin embargo,\u201d dijo, \u201cDios no permiti\u00f3 que nadie me hiciera da\u00f1o\u201d.<\/p>\n<p>Cierto d\u00eda, un hombre golpe\u00f3 a la puerta de Ferm\u00edn y le ofreci\u00f3 estudios b\u00edblicos. Ferm\u00edn estaba solo y triste, de manera que invit\u00f3 al hombre a su casa. El hombre vino todos los d\u00edas durante dos semanas.<\/p>\n<p>Entonces, Ferm\u00edn le pidi\u00f3 al visitante que le explicara <a class=\"rtBibleRef\" href=\"https:\/\/biblia.com\/bible\/nkjv\/Rev%2012.17\" target=\"_blank\" rel=\"noopener\"> Apocalipsis 12:17 <\/a>. El vers\u00edculo dice: \u201cEntonces el drag\u00f3n se llen\u00f3 de ira contra la mujer y se fue a hacer la guerra contra el resto de la descendencia de ella, contra los que guardan los mandamientos de Dios y tienen el testimonio de Jesucristo\u201d.<\/p>\n<p>El visitante le dijo que pod\u00eda explicarle el vers\u00edculo, pero que necesitaba quince d\u00edas para preparar la respuesta.<\/p>\n<h3>En busca de una iglesia<\/h3>\n<p>Despu\u00e9s de quince d\u00edas, el hombre regres\u00f3 y dijo: \u201cEl drag\u00f3n airado del vers\u00edculo es Satan\u00e1s, y la mujer es la iglesia. Para ir al cielo, usted necesita hallar una iglesia que guarde todos los mandamientos de Dios\u201d.<\/p>\n<p>Ferm\u00edn pregunt\u00f3 al hombre si su iglesia guardaba todos los mandamientos.<\/p>\n<p>El hombre sacudi\u00f3 la cabeza. \u201cNo, no lo hace\u201d, le dijo. \u201cPero no puedo irme. Promet\u00ed ayudar a los l\u00edderes de la iglesia, y no puedo quebrantar mi promesa\u201d.<\/p>\n<p>Ferm\u00edn le pregunt\u00f3 al hombre si conoc\u00eda una iglesia que guardara todos los mandamientos.<\/p>\n<p>\u201cLe voy a decir la verdad, pero entonces jam\u00e1s regresar\u00e9 a su casa\u201d, replic\u00f3 el hombre. Baj\u00f3 entonces la voz y le susurr\u00f3: \u201cEs la Iglesia Adventista del S\u00e9ptimo D\u00eda\u201d, le dijo.<\/p>\n<p>Sucedi\u00f3 que una iglesia adventista estaba cerca de la casa de Ferm\u00edn, pero el no encontraba tiempo para ir. Su adicci\u00f3n al alcohol y al tabaco lo controlaban.<\/p>\n<p>Cierto d\u00eda, Ferm\u00edn sinti\u00f3 grandes deseos de beber alcohol, y se fue a la tienda a comprar cerveza. Mientras observaba las botellas de cerveza, or\u00f3: \u201cPor favor Se\u00f1or, no quiero hacer esto\u201d. Comenz\u00f3 a derramar l\u00e1grimas al recordar un c\u00e1ntico de su ni\u00f1ez que dec\u00eda \u201cDios es amor\u201d. Ferm\u00edn cant\u00f3 en voz alta all\u00ed en medio de la tienda. Cuando termin\u00f3, su deseo de cerveza hab\u00eda desaparecido, y regres\u00f3 a su casa con las manos vac\u00edas.<\/p>\n<p>\u201cFue un milagro\u201d, dijo Ferm\u00edn. \u201cEra muy dif\u00edcil para m\u00ed resistir las ansias de beber\u201d.<\/p>\n<h3>\u00daltima visita al bar<\/h3>\n<p>Tres meses despu\u00e9s, el deseo de beber regres\u00f3 con fuerza. Ferm\u00edn se dirigi\u00f3 a un bar y pidi\u00f3 una cerveza. Mientras estaba sentado all\u00ed, sinti\u00f3 que algo era diferente. Sinti\u00f3 que Dios estaba con \u00e9l all\u00ed en el bar. Escuch\u00f3 una vez en su cabeza que le dec\u00eda: \u201cHijo, este ya no es tu lugar. Ya no tienes que estar aqu\u00ed\u201d. La voz era tan convincente que no pudo sostener m\u00e1s la cerveza que ten\u00eda en la mano, y la dej\u00f3 all\u00ed en la mesa.<\/p>\n<p>Ferm\u00edn sali\u00f3 del bar y jam\u00e1s regres\u00f3. Seis meses despu\u00e9s, fue bautizado. Muchos miembros de iglesia lo recordaban de cuando era un muchachito, y lo recibieron con los brazos abiertos.<\/p>\n<p>\u00bfObedeces t\u00fa los mandamientos de Dios? Cuando est\u00e9s tentado a hacer el mal, podr\u00eda parecerte dif\u00edcil obedecer a Dios. Pero el Se\u00f1or promete ayudar a todo aquel que se lo pida. <a class=\"rtBibleRef\" href=\"https:\/\/biblia.com\/bible\/nkjv\/James%201.12\" target=\"_blank\" rel=\"noopener\">Santiago 1:12<\/a> says, \u201cBienaventurado el hombre que soporta la tentaci\u00f3n, porque cuando haya resistido la prueba, recibir\u00e1 la corona de vida que Dios ha prometido a los que lo aman\u201d.<\/p>\n<p>Ferm\u00edn dijo que or\u00f3 pidiendo ayuda, y que Dios lo ayud\u00f3 a vencer enormes tentaciones.<\/p>\n<p>\u201cYo me veo como un maravilloso milagro de Dios\u201d, dijo Ferm\u00edn, entre l\u00e1grimas, mientras contaba su historia.<\/p>\n<p>Hoy d\u00eda Ferm\u00edn tiene 52 a\u00f1os, y guarda todos los mandamientos de Jes\u00fas. Ahora aguarda con ansias que Jes\u00fas vuelva y lo lleve al hogar.<\/p>\n<p>Traducci\u00f3n de Marcos Paseggi<\/p>\n","protected":false},"excerpt":{"rendered":"<p>\u00bfPuede Dios entrar a un bar? Ferm\u00edn dice que s\u00ed.<\/p>\n<p>Ferm\u00edn Espinoza Mar\u00edn creci\u00f3 en un hogar adventista en M\u00e9xico, pero de adulto se apart\u00f3 de Dios. Beb\u00eda alcohol y fumaba. Lleg\u00f3 a odiar tanto su vida que tuvo deseos de morir. Les dijo a sus antiguos amigos: \u201cSi un d\u00eda me encuentran muerto, no culpen a nadie, porque es lo que yo quise\u201d.<\/p>\n<p>Entonces Ferm\u00edn busc\u00f3 nuevos amigos. Anduvo con ladrones y otros criminales, pero no los trataba como amigos. Les gritaba. Les gritaba palabrotas. Los amenazaba. Esperaba hacerlos enojar tanto que querr\u00edan matarlo.<\/p>\n","protected":false},"author":1,"featured_media":33381,"comment_status":"closed","ping_status":"closed","sticky":false,"template":"","format":"standard","meta":{"_acf_changed":false,"footnotes":""},"categories":[17,15],"tags":[],"class_list":["post-33724","post","type-post","status-publish","format-standard","has-post-thumbnail","hentry","category-desde-el-campo","category-rss-espanol"],"acf":[],"yoast_head":"<!-- This site is optimized with the Yoast SEO plugin v27.3 - https:\/\/yoast.com\/product\/yoast-seo-wordpress\/ -->\n<title>Un mexicano dice que es un milagro de Dios - Iglesia Adventista del S\u00e9ptimo D\u00eda - Divisi\u00f3n Interamericana<\/title>\n<meta name=\"robots\" content=\"index, follow, max-snippet:-1, max-image-preview:large, max-video-preview:-1\" \/>\n<link rel=\"canonical\" href=\"https:\/\/interamerica.org\/es\/2017\/07\/un-mexicano-dice-que-es-un-milagro-de-dios\/\" \/>\n<meta property=\"og:locale\" content=\"es_ES\" \/>\n<meta property=\"og:type\" content=\"article\" \/>\n<meta property=\"og:title\" content=\"Un mexicano dice que es un milagro de Dios - Iglesia Adventista del S\u00e9ptimo D\u00eda - Divisi\u00f3n Interamericana\" \/>\n<meta property=\"og:description\" content=\"\u00bfPuede Dios entrar a un bar? Ferm\u00edn dice que s\u00ed.  Ferm\u00edn Espinoza Mar\u00edn creci\u00f3 en un hogar adventista en M\u00e9xico, pero de adulto se apart\u00f3 de Dios. Beb\u00eda alcohol y fumaba. Lleg\u00f3 a odiar tanto su vida que tuvo deseos de morir. Les dijo a sus antiguos amigos: \u201cSi un d\u00eda me encuentran muerto, no culpen a nadie, porque es lo que yo quise\u201d.  Entonces Ferm\u00edn busc\u00f3 nuevos amigos. Anduvo con ladrones y otros criminales, pero no los trataba como amigos. Les gritaba. Les gritaba palabrotas. Los amenazaba. Esperaba hacerlos enojar tanto que querr\u00edan matarlo.\" \/>\n<meta property=\"og:url\" content=\"https:\/\/interamerica.org\/es\/2017\/07\/un-mexicano-dice-que-es-un-milagro-de-dios\/\" \/>\n<meta property=\"og:site_name\" content=\"Iglesia Adventista del S\u00e9ptimo D\u00eda - Divisi\u00f3n Interamericana\" \/>\n<meta property=\"article:published_time\" content=\"2017-07-06T04:00:00+00:00\" \/>\n<meta property=\"article:modified_time\" content=\"2018-03-20T15:07:06+00:00\" \/>\n<meta property=\"og:image\" content=\"https:\/\/interamerica.org\/wp-content\/uploads\/2017\/08\/Adventist-Mexico-Fermin-Espinoza-Marin.jpeg\" \/>\n\t<meta property=\"og:image:width\" content=\"1000\" \/>\n\t<meta property=\"og:image:height\" content=\"500\" \/>\n\t<meta property=\"og:image:type\" content=\"image\/jpeg\" \/>\n<meta name=\"author\" content=\"Lorenzo Verduzco\" \/>\n<meta name=\"twitter:card\" content=\"summary_large_image\" \/>\n<meta name=\"twitter:label1\" content=\"Escrito por\" \/>\n\t<meta name=\"twitter:data1\" content=\"Lorenzo Verduzco\" \/>\n\t<meta name=\"twitter:label2\" content=\"Tiempo de lectura\" \/>\n\t<meta name=\"twitter:data2\" content=\"4 minutos\" \/>\n<script type=\"application\/ld+json\" class=\"yoast-schema-graph\">{\"@context\":\"https:\\\/\\\/schema.org\",\"@graph\":[{\"@type\":\"Article\",\"@id\":\"https:\\\/\\\/interamerica.org\\\/es\\\/2017\\\/07\\\/un-mexicano-dice-que-es-un-milagro-de-dios\\\/#article\",\"isPartOf\":{\"@id\":\"https:\\\/\\\/interamerica.org\\\/es\\\/2017\\\/07\\\/un-mexicano-dice-que-es-un-milagro-de-dios\\\/\"},\"author\":{\"name\":\"Lorenzo Verduzco\",\"@id\":\"https:\\\/\\\/interamerica.org\\\/es\\\/#\\\/schema\\\/person\\\/68ede8bdc292885bb76c1e3810e73c39\"},\"headline\":\"Un mexicano dice que es un milagro de Dios\",\"datePublished\":\"2017-07-06T04:00:00+00:00\",\"dateModified\":\"2018-03-20T15:07:06+00:00\",\"mainEntityOfPage\":{\"@id\":\"https:\\\/\\\/interamerica.org\\\/es\\\/2017\\\/07\\\/un-mexicano-dice-que-es-un-milagro-de-dios\\\/\"},\"wordCount\":824,\"image\":{\"@id\":\"https:\\\/\\\/interamerica.org\\\/es\\\/2017\\\/07\\\/un-mexicano-dice-que-es-un-milagro-de-dios\\\/#primaryimage\"},\"thumbnailUrl\":\"https:\\\/\\\/interamerica.org\\\/wp-content\\\/uploads\\\/2017\\\/08\\\/Adventist-Mexico-Fermin-Espinoza-Marin.jpeg\",\"articleSection\":[\"Desde el campo\",\"RSS Espa\u00f1ol\"],\"inLanguage\":\"es\"},{\"@type\":\"WebPage\",\"@id\":\"https:\\\/\\\/interamerica.org\\\/es\\\/2017\\\/07\\\/un-mexicano-dice-que-es-un-milagro-de-dios\\\/\",\"url\":\"https:\\\/\\\/interamerica.org\\\/es\\\/2017\\\/07\\\/un-mexicano-dice-que-es-un-milagro-de-dios\\\/\",\"name\":\"Un mexicano dice que es un milagro de Dios - Iglesia Adventista del S\u00e9ptimo D\u00eda - Divisi\u00f3n Interamericana\",\"isPartOf\":{\"@id\":\"https:\\\/\\\/interamerica.org\\\/es\\\/#website\"},\"primaryImageOfPage\":{\"@id\":\"https:\\\/\\\/interamerica.org\\\/es\\\/2017\\\/07\\\/un-mexicano-dice-que-es-un-milagro-de-dios\\\/#primaryimage\"},\"image\":{\"@id\":\"https:\\\/\\\/interamerica.org\\\/es\\\/2017\\\/07\\\/un-mexicano-dice-que-es-un-milagro-de-dios\\\/#primaryimage\"},\"thumbnailUrl\":\"https:\\\/\\\/interamerica.org\\\/wp-content\\\/uploads\\\/2017\\\/08\\\/Adventist-Mexico-Fermin-Espinoza-Marin.jpeg\",\"datePublished\":\"2017-07-06T04:00:00+00:00\",\"dateModified\":\"2018-03-20T15:07:06+00:00\",\"author\":{\"@id\":\"https:\\\/\\\/interamerica.org\\\/es\\\/#\\\/schema\\\/person\\\/68ede8bdc292885bb76c1e3810e73c39\"},\"breadcrumb\":{\"@id\":\"https:\\\/\\\/interamerica.org\\\/es\\\/2017\\\/07\\\/un-mexicano-dice-que-es-un-milagro-de-dios\\\/#breadcrumb\"},\"inLanguage\":\"es\",\"potentialAction\":[{\"@type\":\"ReadAction\",\"target\":[\"https:\\\/\\\/interamerica.org\\\/es\\\/2017\\\/07\\\/un-mexicano-dice-que-es-un-milagro-de-dios\\\/\"]}]},{\"@type\":\"ImageObject\",\"inLanguage\":\"es\",\"@id\":\"https:\\\/\\\/interamerica.org\\\/es\\\/2017\\\/07\\\/un-mexicano-dice-que-es-un-milagro-de-dios\\\/#primaryimage\",\"url\":\"https:\\\/\\\/interamerica.org\\\/wp-content\\\/uploads\\\/2017\\\/08\\\/Adventist-Mexico-Fermin-Espinoza-Marin.jpeg\",\"contentUrl\":\"https:\\\/\\\/interamerica.org\\\/wp-content\\\/uploads\\\/2017\\\/08\\\/Adventist-Mexico-Fermin-Espinoza-Marin.jpeg\",\"width\":1000,\"height\":500},{\"@type\":\"BreadcrumbList\",\"@id\":\"https:\\\/\\\/interamerica.org\\\/es\\\/2017\\\/07\\\/un-mexicano-dice-que-es-un-milagro-de-dios\\\/#breadcrumb\",\"itemListElement\":[{\"@type\":\"ListItem\",\"position\":1,\"name\":\"Home\",\"item\":\"https:\\\/\\\/interamerica.org\\\/es\\\/\"},{\"@type\":\"ListItem\",\"position\":2,\"name\":\"Un mexicano dice que es un milagro de Dios\"}]},{\"@type\":\"WebSite\",\"@id\":\"https:\\\/\\\/interamerica.org\\\/es\\\/#website\",\"url\":\"https:\\\/\\\/interamerica.org\\\/es\\\/\",\"name\":\"Iglesia Adventista del S\u00e9ptimo D\u00eda - Divisi\u00f3n Interamericana\",\"description\":\"\",\"potentialAction\":[{\"@type\":\"SearchAction\",\"target\":{\"@type\":\"EntryPoint\",\"urlTemplate\":\"https:\\\/\\\/interamerica.org\\\/es\\\/?s={search_term_string}\"},\"query-input\":{\"@type\":\"PropertyValueSpecification\",\"valueRequired\":true,\"valueName\":\"search_term_string\"}}],\"inLanguage\":\"es\"},{\"@type\":\"Person\",\"@id\":\"https:\\\/\\\/interamerica.org\\\/es\\\/#\\\/schema\\\/person\\\/68ede8bdc292885bb76c1e3810e73c39\",\"name\":\"Lorenzo Verduzco\",\"image\":{\"@type\":\"ImageObject\",\"inLanguage\":\"es\",\"@id\":\"https:\\\/\\\/secure.gravatar.com\\\/avatar\\\/fb81a55b6218459490a9c1dc841a34909185b81904c5337b4b27f7a6fd60c49e?s=96&d=mm&r=g\",\"url\":\"https:\\\/\\\/secure.gravatar.com\\\/avatar\\\/fb81a55b6218459490a9c1dc841a34909185b81904c5337b4b27f7a6fd60c49e?s=96&d=mm&r=g\",\"contentUrl\":\"https:\\\/\\\/secure.gravatar.com\\\/avatar\\\/fb81a55b6218459490a9c1dc841a34909185b81904c5337b4b27f7a6fd60c49e?s=96&d=mm&r=g\",\"caption\":\"Lorenzo Verduzco\"}}]}<\/script>\n<!-- \/ Yoast SEO plugin. -->","yoast_head_json":{"title":"Un mexicano dice que es un milagro de Dios - Iglesia Adventista del S\u00e9ptimo D\u00eda - Divisi\u00f3n Interamericana","robots":{"index":"index","follow":"follow","max-snippet":"max-snippet:-1","max-image-preview":"max-image-preview:large","max-video-preview":"max-video-preview:-1"},"canonical":"https:\/\/interamerica.org\/es\/2017\/07\/un-mexicano-dice-que-es-un-milagro-de-dios\/","og_locale":"es_ES","og_type":"article","og_title":"Un mexicano dice que es un milagro de Dios - Iglesia Adventista del S\u00e9ptimo D\u00eda - Divisi\u00f3n Interamericana","og_description":"\u00bfPuede Dios entrar a un bar? Ferm\u00edn dice que s\u00ed.  Ferm\u00edn Espinoza Mar\u00edn creci\u00f3 en un hogar adventista en M\u00e9xico, pero de adulto se apart\u00f3 de Dios. Beb\u00eda alcohol y fumaba. Lleg\u00f3 a odiar tanto su vida que tuvo deseos de morir. Les dijo a sus antiguos amigos: \u201cSi un d\u00eda me encuentran muerto, no culpen a nadie, porque es lo que yo quise\u201d.  Entonces Ferm\u00edn busc\u00f3 nuevos amigos. Anduvo con ladrones y otros criminales, pero no los trataba como amigos. Les gritaba. Les gritaba palabrotas. Los amenazaba. Esperaba hacerlos enojar tanto que querr\u00edan matarlo.","og_url":"https:\/\/interamerica.org\/es\/2017\/07\/un-mexicano-dice-que-es-un-milagro-de-dios\/","og_site_name":"Iglesia Adventista del S\u00e9ptimo D\u00eda - Divisi\u00f3n Interamericana","article_published_time":"2017-07-06T04:00:00+00:00","article_modified_time":"2018-03-20T15:07:06+00:00","og_image":[{"width":1000,"height":500,"url":"https:\/\/interamerica.org\/wp-content\/uploads\/2017\/08\/Adventist-Mexico-Fermin-Espinoza-Marin.jpeg","type":"image\/jpeg"}],"author":"Lorenzo Verduzco","twitter_card":"summary_large_image","twitter_misc":{"Escrito por":"Lorenzo Verduzco","Tiempo de lectura":"4 minutos"},"schema":{"@context":"https:\/\/schema.org","@graph":[{"@type":"Article","@id":"https:\/\/interamerica.org\/es\/2017\/07\/un-mexicano-dice-que-es-un-milagro-de-dios\/#article","isPartOf":{"@id":"https:\/\/interamerica.org\/es\/2017\/07\/un-mexicano-dice-que-es-un-milagro-de-dios\/"},"author":{"name":"Lorenzo Verduzco","@id":"https:\/\/interamerica.org\/es\/#\/schema\/person\/68ede8bdc292885bb76c1e3810e73c39"},"headline":"Un mexicano dice que es un milagro de Dios","datePublished":"2017-07-06T04:00:00+00:00","dateModified":"2018-03-20T15:07:06+00:00","mainEntityOfPage":{"@id":"https:\/\/interamerica.org\/es\/2017\/07\/un-mexicano-dice-que-es-un-milagro-de-dios\/"},"wordCount":824,"image":{"@id":"https:\/\/interamerica.org\/es\/2017\/07\/un-mexicano-dice-que-es-un-milagro-de-dios\/#primaryimage"},"thumbnailUrl":"https:\/\/interamerica.org\/wp-content\/uploads\/2017\/08\/Adventist-Mexico-Fermin-Espinoza-Marin.jpeg","articleSection":["Desde el campo","RSS Espa\u00f1ol"],"inLanguage":"es"},{"@type":"WebPage","@id":"https:\/\/interamerica.org\/es\/2017\/07\/un-mexicano-dice-que-es-un-milagro-de-dios\/","url":"https:\/\/interamerica.org\/es\/2017\/07\/un-mexicano-dice-que-es-un-milagro-de-dios\/","name":"Un mexicano dice que es un milagro de Dios - Iglesia Adventista del S\u00e9ptimo D\u00eda - Divisi\u00f3n Interamericana","isPartOf":{"@id":"https:\/\/interamerica.org\/es\/#website"},"primaryImageOfPage":{"@id":"https:\/\/interamerica.org\/es\/2017\/07\/un-mexicano-dice-que-es-un-milagro-de-dios\/#primaryimage"},"image":{"@id":"https:\/\/interamerica.org\/es\/2017\/07\/un-mexicano-dice-que-es-un-milagro-de-dios\/#primaryimage"},"thumbnailUrl":"https:\/\/interamerica.org\/wp-content\/uploads\/2017\/08\/Adventist-Mexico-Fermin-Espinoza-Marin.jpeg","datePublished":"2017-07-06T04:00:00+00:00","dateModified":"2018-03-20T15:07:06+00:00","author":{"@id":"https:\/\/interamerica.org\/es\/#\/schema\/person\/68ede8bdc292885bb76c1e3810e73c39"},"breadcrumb":{"@id":"https:\/\/interamerica.org\/es\/2017\/07\/un-mexicano-dice-que-es-un-milagro-de-dios\/#breadcrumb"},"inLanguage":"es","potentialAction":[{"@type":"ReadAction","target":["https:\/\/interamerica.org\/es\/2017\/07\/un-mexicano-dice-que-es-un-milagro-de-dios\/"]}]},{"@type":"ImageObject","inLanguage":"es","@id":"https:\/\/interamerica.org\/es\/2017\/07\/un-mexicano-dice-que-es-un-milagro-de-dios\/#primaryimage","url":"https:\/\/interamerica.org\/wp-content\/uploads\/2017\/08\/Adventist-Mexico-Fermin-Espinoza-Marin.jpeg","contentUrl":"https:\/\/interamerica.org\/wp-content\/uploads\/2017\/08\/Adventist-Mexico-Fermin-Espinoza-Marin.jpeg","width":1000,"height":500},{"@type":"BreadcrumbList","@id":"https:\/\/interamerica.org\/es\/2017\/07\/un-mexicano-dice-que-es-un-milagro-de-dios\/#breadcrumb","itemListElement":[{"@type":"ListItem","position":1,"name":"Home","item":"https:\/\/interamerica.org\/es\/"},{"@type":"ListItem","position":2,"name":"Un mexicano dice que es un milagro de Dios"}]},{"@type":"WebSite","@id":"https:\/\/interamerica.org\/es\/#website","url":"https:\/\/interamerica.org\/es\/","name":"Iglesia Adventista del S\u00e9ptimo D\u00eda - Divisi\u00f3n Interamericana","description":"","potentialAction":[{"@type":"SearchAction","target":{"@type":"EntryPoint","urlTemplate":"https:\/\/interamerica.org\/es\/?s={search_term_string}"},"query-input":{"@type":"PropertyValueSpecification","valueRequired":true,"valueName":"search_term_string"}}],"inLanguage":"es"},{"@type":"Person","@id":"https:\/\/interamerica.org\/es\/#\/schema\/person\/68ede8bdc292885bb76c1e3810e73c39","name":"Lorenzo Verduzco","image":{"@type":"ImageObject","inLanguage":"es","@id":"https:\/\/secure.gravatar.com\/avatar\/fb81a55b6218459490a9c1dc841a34909185b81904c5337b4b27f7a6fd60c49e?s=96&d=mm&r=g","url":"https:\/\/secure.gravatar.com\/avatar\/fb81a55b6218459490a9c1dc841a34909185b81904c5337b4b27f7a6fd60c49e?s=96&d=mm&r=g","contentUrl":"https:\/\/secure.gravatar.com\/avatar\/fb81a55b6218459490a9c1dc841a34909185b81904c5337b4b27f7a6fd60c49e?s=96&d=mm&r=g","caption":"Lorenzo Verduzco"}}]}},"_links":{"self":[{"href":"https:\/\/interamerica.org\/es\/wp-json\/wp\/v2\/posts\/33724","targetHints":{"allow":["GET"]}}],"collection":[{"href":"https:\/\/interamerica.org\/es\/wp-json\/wp\/v2\/posts"}],"about":[{"href":"https:\/\/interamerica.org\/es\/wp-json\/wp\/v2\/types\/post"}],"author":[{"embeddable":true,"href":"https:\/\/interamerica.org\/es\/wp-json\/wp\/v2\/users\/1"}],"replies":[{"embeddable":true,"href":"https:\/\/interamerica.org\/es\/wp-json\/wp\/v2\/comments?post=33724"}],"version-history":[{"count":0,"href":"https:\/\/interamerica.org\/es\/wp-json\/wp\/v2\/posts\/33724\/revisions"}],"wp:featuredmedia":[{"embeddable":true,"href":"https:\/\/interamerica.org\/es\/wp-json\/wp\/v2\/media\/33381"}],"wp:attachment":[{"href":"https:\/\/interamerica.org\/es\/wp-json\/wp\/v2\/media?parent=33724"}],"wp:term":[{"taxonomy":"category","embeddable":true,"href":"https:\/\/interamerica.org\/es\/wp-json\/wp\/v2\/categories?post=33724"},{"taxonomy":"post_tag","embeddable":true,"href":"https:\/\/interamerica.org\/es\/wp-json\/wp\/v2\/tags?post=33724"}],"curies":[{"name":"wp","href":"https:\/\/api.w.org\/{rel}","templated":true}]}}