{"id":33742,"date":"2017-07-28T00:00:00","date_gmt":"2017-07-28T04:00:00","guid":{"rendered":"http:\/\/192.81.217.108\/2017\/07\/en-interamerica-la-iglesia-fortalece-ministerios-de-necesidades-especiales-durante-primer-congreso-para-los-hipoacusicos\/"},"modified":"2017-10-26T19:42:34","modified_gmt":"2017-10-26T23:42:34","slug":"en-interamerica-la-iglesia-fortalece-ministerios-de-necesidades-especiales-durante-primer-congreso-para-los-hipoacusicos","status":"publish","type":"post","link":"https:\/\/interamerica.org\/es\/2017\/07\/en-interamerica-la-iglesia-fortalece-ministerios-de-necesidades-especiales-durante-primer-congreso-para-los-hipoacusicos\/","title":{"rendered":"En Interam\u00e9rica, la iglesia fortalece ministerios de necesidades especiales durante primer congreso para los hipoac\u00fasicos"},"content":{"rendered":"<div id=\"attachment_29921\" style=\"width: 785px\" class=\"wp-caption aligncenter\"><a href=\"\/interamerica\/wp-content\/uploads\/2017\/08\/sordos1-1024x670.jpg\" rel=\"fancybox\" title=\"En Interam\u00e9rica, la iglesia fortalece ministerios de necesidades especiales durante primer congreso para los hipoac\u00fasicos\"><img fetchpriority=\"high\" decoding=\"async\" aria-describedby=\"caption-attachment-29921\" class=\" wp-image-29921\" src=\"\/interamerica\/wp-content\/uploads\/2017\/08\/sordos1-1024x670-1024x670.jpg\" alt=\"\" width=\"775\" height=\"507\" \/><\/a><p id=\"caption-attachment-29921\" class=\"wp-caption-text\">Asistentes sordos durante el Congreso de Ministerios a los Sordos de Interam\u00e9rica entonan un c\u00e1nticos especial, durante el evento llevado a cabo en la Universidad de Montemorelos, en la regi\u00f3n Mexicana del Norte, del 12 al 16 de julio de 2017. Imagen de la Universidad de Montemorelos<\/p><\/div>\n<p>27 de julio de 2017 | Montemorelos, Nuevo Le\u00f3n, M\u00e9xico | Universidad de Montemorelos\/Libna Stevens\/DIA<\/p>\n<div id=\"attachment_29925\" style=\"width: 436px\" class=\"wp-caption alignright\"><a href=\"\/interamerica\/wp-content\/uploads\/2017\/08\/Telemaque-UM.jpg\" rel=\"fancybox\" title=\"En Interam\u00e9rica, la iglesia fortalece ministerios de necesidades especiales durante primer congreso para los hipoac\u00fasicos\"><img decoding=\"async\" aria-describedby=\"caption-attachment-29925\" class=\" wp-image-29925\" src=\"\/interamerica\/wp-content\/uploads\/2017\/08\/Telemaque-UM.jpg\" alt=\"\" width=\"426\" height=\"282\" \/><\/a><p id=\"caption-attachment-29925\" class=\"wp-caption-text\">El pastor Samuel Telemaque, director de Ministerios a las Necesidades Especiales de la Iglesia Adventista en Interam\u00e9rica. Imagen de la Universidad de Montemorelos<\/p><\/div>\n<p>M\u00e1s de doscientos sordos o hipoac\u00fasicos, int\u00e9rpretes y directores de ministerios a las necesidades especiales de la Iglesia Adventista en Interam\u00e9rica se dieron cita para el primer Congreso para los Hipoac\u00fasicos en el territorio.<\/p>\n<p>El evento, que dur\u00f3 cinco d\u00edas, que se llev\u00f3 a cabo en la Universidad de Montemorelos, en la regi\u00f3n Mexicana del Norte hace unas semanas, busc\u00f3 brindar la seguridad a los sordos y sus amigos que son valiosos para Dios y la iglesia, y brind\u00f3 capacitaci\u00f3n a los l\u00edderes de la iglesia para fortalecer los ministerios a las necesidades especiales en las iglesias y las comunidades.<\/p>\n<p>\u201cLas discapacidades no son un problema para Dios, porque Dios es el Creador de todos y nos da capacidades\u201d, dijo el pastor Samuel Telemaque, director de Ministerios a las Necesidades Especiales de la Iglesia Adventista en Interam\u00e9rica, al dirigirse a unos 150 sordos en la audiencia. \u201cEsas capacidades que tienen, la iglesia las necesita hoy\u201d.<\/p>\n<p>El congreso, en colaboraci\u00f3n con la Iglesia Adventista de la regi\u00f3n Mexicana del Norte y la Universidad de Montemorelos, fue parte de una iniciativa de Interam\u00e9rica a largo plazo de apoyar los ministerios a las necesidades especiales en el territorio, desde que <a href=\"https:\/\/recursing-golick.147-182-135-0.plesk.page\/es\/2005\/01\/trinidad-y-tobago-primer-ministro-dice-que-la-religion-no-deberia-dividir-a-la-gente\/\"> se estableci\u00f3 hace a\u00f1os<\/a>, dijo Telemaque.<\/p>\n<p>\u201cLa iglesia de Interam\u00e9rica est\u00e1 yendo m\u00e1s all\u00e1 de crear conciencia para crear un nuevo paradigma para ayudar a que los discapacitados aprecien su valor y comprendan qui\u00e9nes son a la vista de Dios, al tomar una parte activa en el crecimiento de la iglesia\u201d, explic\u00f3 Telemaque.<\/p>\n<div id=\"attachment_29928\" style=\"width: 436px\" class=\"wp-caption alignleft\"><a href=\"\/interamerica\/wp-content\/uploads\/2017\/08\/LarryEvans-UM.jpg\" rel=\"fancybox\" title=\"En Interam\u00e9rica, la iglesia fortalece ministerios de necesidades especiales durante primer congreso para los hipoac\u00fasicos\"><img decoding=\"async\" aria-describedby=\"caption-attachment-29928\" class=\" wp-image-29928\" src=\"\/interamerica\/wp-content\/uploads\/2017\/08\/LarryEvans-UM.jpg\" alt=\"\" width=\"426\" height=\"282\" \/><\/a><p id=\"caption-attachment-29928\" class=\"wp-caption-text\">El doctor Larry Evans, director de Ministerios a las Necesidades Especiales de la Iglesia Adventista mundial. Imagen de la Universidad de Montemorelos<\/p><\/div>\n<p>El pastor Larry Evans, director de Ministerios a las Necesidades Especiales de la Iglesia Adventista mundial, habl\u00f3 durante el evento de capacitaci\u00f3n, y volvi\u00f3 a expresar que \u201cel ministerio no se ocupa de discapacidades sino de las posibilidades para los que tienen necesidades especiales\u201d.<\/p>\n<p>Evans celebr\u00f3 la obra de la <a href=\"https:\/\/recursing-golick.147-182-135-0.plesk.page\/es\/2015\/01\/en-republica-dominicana-la-iglesia-lleva-a-cabo-masivos-esfuerzos-de-evangelizacion-en-toda-la-isla\/dr2015campaign-2\/\">iglesia en la regi\u00f3n Mexicana del Norte por su defensa de los ministerios a las necesidades especiales<\/a> con el gobierno local y en cientos de iglesias. Tambi\u00e9n elogi\u00f3 a la Universidad de Montemorelos por ofrecer un curso de interpretaci\u00f3n a sus estudiantes y garantizar que cada estudiante sordo en el campus pueda comprender las clases que toma.<\/p>\n<p>\u201cDeber\u00edamos comenzar en cada universidad adventista, para involucrar a los estudiantes en los ministerios a las necesidades especiales\u201d, dijo Evans. Tambi\u00e9n alab\u00f3 la obra de Interam\u00e9rica, por ser ejemplar en los ministerios a las necesidades especiales en el mundo.<\/p>\n<p>M\u00f3nica Vera es int\u00e9rprete, y ha sido empleada por la Universidad de Montemorelos para ense\u00f1ar a los estudiantes el lenguaje de se\u00f1as y ayudar a los sordos del campus y en las actividades comunitarias locales. Vera se sinti\u00f3 muy feliz de coordinar el evento y de brindar actividades a los sordos y m\u00e1s capacitaci\u00f3n a sus estudiantes int\u00e9rpretes y l\u00edderes de la iglesia, diseminando la noticia de que la Iglesia Adventista es inclusiva de todas las personas con discapacidades.<\/p>\n<p>\u201cQuisimos capacitar a las personas con problemas de audici\u00f3n para que sean evangelistas de otros con la misma discapacidad, y a los int\u00e9rpretes para que adquieran mejores habilidades y sientan entusiasmo por seguir trabajando con ellos\u201d, dijo Vera.<\/p>\n<div id=\"attachment_29931\" style=\"width: 438px\" class=\"wp-caption alignleft\"><a href=\"\/interamerica\/wp-content\/uploads\/2017\/08\/MonicaVera-UM.jpg\" rel=\"fancybox\" title=\"En Interam\u00e9rica, la iglesia fortalece ministerios de necesidades especiales durante primer congreso para los hipoac\u00fasicos\"><img loading=\"lazy\" decoding=\"async\" aria-describedby=\"caption-attachment-29931\" class=\"wp-image-29931\" src=\"\/interamerica\/wp-content\/uploads\/2017\/08\/MonicaVera-UM.jpg\" alt=\"\" width=\"428\" height=\"284\" \/><\/a><p id=\"caption-attachment-29931\" class=\"wp-caption-text\">Monica Vera de la Universidad de Montemorelos interpreta durante el congreso. Imagen de Universidad de Montemorelos<\/p><\/div>\n<p>Los 150 sordos que asistieron provenientes de la Iglesia Adventista en M\u00e9xico participaron de actividades entretenidas, almuerzos especiales, n\u00fameros musicales y un servicio de Santa Cena. Durante el evento, tres fueron bautizados. Asimismo, la Universidad de Montemorelos ofreci\u00f3 una beca completa a tres sordos a partir del pr\u00f3ximo a\u00f1o escolar.<\/p>\n<p>El congreso ofreci\u00f3 seminarios para pastores y l\u00edderes sobre c\u00f3mo desarrollar una cultura de necesidades especiales en la iglesia, desde la teolog\u00eda a los principios y los valores y los m\u00e9todos, c\u00f3mo evangelizar a los sordos de la comunidad, cursos sobre lenguaje de se\u00f1as para los pastores, cuidadores e int\u00e9rpretes, entre otros.<\/p>\n<p>Entre los oradores internacionales estuvieron el pastor Jeffrey Jordan, director asociado de Ministerio a los Sordos de la Iglesia Adventista mundial, y Taida Rovero, directora de Ministerios a los Sordos en Espa\u00f1a.<\/p>\n<p>L\u00edderes de la iglesia de Costa Rica, Trinidad and Tobago, Venezuela, Jamaica, Honduras, Colombia, Espa\u00f1a y los Estados Unidos participaron del evento.<\/p>\n<p>Francisco Javier D\u00edaz, que es la coordinadora laica nacional de los Ministerios Adventistas a los Sordos en M\u00e9xico, ense\u00f1\u00f3 a muchos el lenguaje de se\u00f1as y los himnos que interpret\u00f3 en el video durante el congreso. D\u00edaz trabaja como int\u00e9rprete para los sordos en Chiapas, M\u00e9xico, y se siente feliz de ver que la Iglesia Adventista est\u00e1 avanzando para involucrar a los hipoac\u00fasicos en la vida de la iglesia. D\u00edaz tambi\u00e9n ha traducido \u201cLa fe de Jes\u00fas\u201d al lenguaje de se\u00f1as y capacita a los miembros de iglesia para que usen el lenguaje de se\u00f1as en sus lugares de origen.<\/p>\n<p>Los asistentes trajeron resoluciones y pedidos a la iglesia en relaci\u00f3n con el fortalecimiento de las necesidades especiales, en particular con los ministerios a los sordos. Sus pedidos incluyen la necesidad de un obrero de tiempo completo en cada uni\u00f3n, m\u00e1s recursos b\u00edblicos para los sordos, y la oferta de expertos en lenguaje de se\u00f1as, entre otras cosas.<\/p>\n<p>Los tiempos han cambiado, y la iglesia necesita avanzar, fortaleciendo los ministerios a las necesidades especiales, enfatiz\u00f3 Telemaque.<\/p>\n<p>\u201cLa iglesia tiene que estar comprometida para integrar a los sordos a los cultos y la vida de la iglesia\u201d, dijo Telemaque.<\/p>\n<p>Se est\u00e1n haciendo planes para llevar a cabo un Congreso de Necesidades Especiales de Interam\u00e9rica el a\u00f1o pr\u00f3ximo en el campus de la Universidad Adventista de Colombia, en Medell\u00edn, Colombia.<\/p>\n<p>Por m\u00e1s informaci\u00f3n sobre los Ministerios a las Necesidades Especiales en Interam\u00e9rica, visite <a href=\"https:\/\/recursing-golick.147-182-135-0.plesk.page\/\">interamerica.org<\/a><\/p>\n<p>Para ver un \u00e1lbum de fotograf\u00edas del evento, visite <a href=\"https:\/\/www.flickr.com\/photos\/universidaddemontemorelos\/albums\/72157683917946581\">AQU\u00cd<\/a><\/p>\n<div id=\"attachment_29934\" style=\"width: 793px\" class=\"wp-caption aligncenter\"><a href=\"\/interamerica\/wp-content\/uploads\/2017\/08\/sordos-UM.jpg\" rel=\"fancybox\" title=\"En Interam\u00e9rica, la iglesia fortalece ministerios de necesidades especiales durante primer congreso para los hipoac\u00fasicos\"><img loading=\"lazy\" decoding=\"async\" aria-describedby=\"caption-attachment-29934\" class=\" wp-image-29934\" src=\"\/interamerica\/wp-content\/uploads\/2017\/08\/sordos-UM.jpg\" alt=\"\" width=\"783\" height=\"519\" \/><\/a><p id=\"caption-attachment-29934\" class=\"wp-caption-text\">Foto grupal del evento. Imagen de la Universidad de Montemorelos<\/p><\/div>\n<p>Traducci\u00f3n de Marcos Paseggi<\/p>\n","protected":false},"excerpt":{"rendered":"<p>M\u00e1s de doscientos sordos o hipoac\u00fasicos, int\u00e9rpretes y directores de ministerios a las necesidades especiales de la Iglesia Adventista en Interam\u00e9rica se dieron cita para el primer Congreso para los Hipoac\u00fasicos en el territorio.<\/p>\n<p>El evento, que dur\u00f3 cinco d\u00edas, que se llev\u00f3 a cabo en la Universidad de Montemorelos, en la regi\u00f3n Mexicana del Norte hace unas semanas, busc\u00f3 brindar la seguridad a los sordos y sus amigos que son valiosos para Dios y la iglesia, y brind\u00f3 capacitaci\u00f3n a los l\u00edderes de la iglesia para fortalecer los ministerios a las necesidades especiales en las iglesias y las comunidades.<\/p>\n","protected":false},"author":1,"featured_media":33438,"comment_status":"closed","ping_status":"closed","sticky":false,"template":"","format":"standard","meta":{"_acf_changed":false,"footnotes":""},"categories":[16,15],"tags":[],"class_list":["post-33742","post","type-post","status-publish","format-standard","has-post-thumbnail","hentry","category-desde-la-sede","category-rss-espanol"],"acf":[],"yoast_head":"<!-- This site is optimized with the Yoast SEO plugin v27.3 - https:\/\/yoast.com\/product\/yoast-seo-wordpress\/ -->\n<title>En Interam\u00e9rica, la iglesia fortalece ministerios de necesidades especiales durante primer congreso para los hipoac\u00fasicos - Iglesia Adventista del S\u00e9ptimo D\u00eda - Divisi\u00f3n Interamericana<\/title>\n<meta name=\"robots\" content=\"index, follow, max-snippet:-1, max-image-preview:large, max-video-preview:-1\" \/>\n<link rel=\"canonical\" href=\"https:\/\/interamerica.org\/es\/2017\/07\/en-interamerica-la-iglesia-fortalece-ministerios-de-necesidades-especiales-durante-primer-congreso-para-los-hipoacusicos\/\" \/>\n<meta property=\"og:locale\" content=\"es_ES\" \/>\n<meta property=\"og:type\" content=\"article\" \/>\n<meta property=\"og:title\" content=\"En Interam\u00e9rica, la iglesia fortalece ministerios de necesidades especiales durante primer congreso para los hipoac\u00fasicos - Iglesia Adventista del S\u00e9ptimo D\u00eda - Divisi\u00f3n Interamericana\" \/>\n<meta property=\"og:description\" content=\"M\u00e1s de doscientos sordos o hipoac\u00fasicos, int\u00e9rpretes y directores de ministerios a las necesidades especiales de la Iglesia Adventista en Interam\u00e9rica se dieron cita para el primer Congreso para los Hipoac\u00fasicos en el territorio.  El evento, que dur\u00f3 cinco d\u00edas, que se llev\u00f3 a cabo en la Universidad de Montemorelos, en la regi\u00f3n Mexicana del Norte hace unas semanas, busc\u00f3 brindar la seguridad a los sordos y sus amigos que son valiosos para Dios y la iglesia, y brind\u00f3 capacitaci\u00f3n a los l\u00edderes de la iglesia para fortalecer los ministerios a las necesidades especiales en las iglesias y las comunidades.\" \/>\n<meta property=\"og:url\" content=\"https:\/\/interamerica.org\/es\/2017\/07\/en-interamerica-la-iglesia-fortalece-ministerios-de-necesidades-especiales-durante-primer-congreso-para-los-hipoacusicos\/\" \/>\n<meta property=\"og:site_name\" content=\"Iglesia Adventista del S\u00e9ptimo D\u00eda - Divisi\u00f3n Interamericana\" \/>\n<meta property=\"article:published_time\" content=\"2017-07-28T04:00:00+00:00\" \/>\n<meta property=\"article:modified_time\" content=\"2017-10-26T23:42:34+00:00\" \/>\n<meta property=\"og:image\" content=\"https:\/\/interamerica.org\/wp-content\/uploads\/2017\/08\/sordos1-1024x670.jpg\" \/>\n\t<meta property=\"og:image:width\" content=\"1024\" \/>\n\t<meta property=\"og:image:height\" content=\"670\" \/>\n\t<meta property=\"og:image:type\" content=\"image\/jpeg\" \/>\n<meta name=\"author\" content=\"Lorenzo Verduzco\" \/>\n<meta name=\"twitter:card\" content=\"summary_large_image\" \/>\n<meta name=\"twitter:label1\" content=\"Escrito por\" \/>\n\t<meta name=\"twitter:data1\" content=\"Lorenzo Verduzco\" \/>\n\t<meta name=\"twitter:label2\" content=\"Tiempo de lectura\" \/>\n\t<meta name=\"twitter:data2\" content=\"6 minutos\" \/>\n<script type=\"application\/ld+json\" class=\"yoast-schema-graph\">{\"@context\":\"https:\\\/\\\/schema.org\",\"@graph\":[{\"@type\":\"Article\",\"@id\":\"https:\\\/\\\/interamerica.org\\\/es\\\/2017\\\/07\\\/en-interamerica-la-iglesia-fortalece-ministerios-de-necesidades-especiales-durante-primer-congreso-para-los-hipoacusicos\\\/#article\",\"isPartOf\":{\"@id\":\"https:\\\/\\\/interamerica.org\\\/es\\\/2017\\\/07\\\/en-interamerica-la-iglesia-fortalece-ministerios-de-necesidades-especiales-durante-primer-congreso-para-los-hipoacusicos\\\/\"},\"author\":{\"name\":\"Lorenzo Verduzco\",\"@id\":\"https:\\\/\\\/interamerica.org\\\/es\\\/#\\\/schema\\\/person\\\/68ede8bdc292885bb76c1e3810e73c39\"},\"headline\":\"En Interam\u00e9rica, la iglesia fortalece ministerios de necesidades especiales durante primer congreso para los hipoac\u00fasicos\",\"datePublished\":\"2017-07-28T04:00:00+00:00\",\"dateModified\":\"2017-10-26T23:42:34+00:00\",\"mainEntityOfPage\":{\"@id\":\"https:\\\/\\\/interamerica.org\\\/es\\\/2017\\\/07\\\/en-interamerica-la-iglesia-fortalece-ministerios-de-necesidades-especiales-durante-primer-congreso-para-los-hipoacusicos\\\/\"},\"wordCount\":1185,\"image\":{\"@id\":\"https:\\\/\\\/interamerica.org\\\/es\\\/2017\\\/07\\\/en-interamerica-la-iglesia-fortalece-ministerios-de-necesidades-especiales-durante-primer-congreso-para-los-hipoacusicos\\\/#primaryimage\"},\"thumbnailUrl\":\"https:\\\/\\\/interamerica.org\\\/wp-content\\\/uploads\\\/2017\\\/08\\\/sordos1-1024x670.jpg\",\"articleSection\":[\"Desde la sede\",\"RSS Espa\u00f1ol\"],\"inLanguage\":\"es\"},{\"@type\":\"WebPage\",\"@id\":\"https:\\\/\\\/interamerica.org\\\/es\\\/2017\\\/07\\\/en-interamerica-la-iglesia-fortalece-ministerios-de-necesidades-especiales-durante-primer-congreso-para-los-hipoacusicos\\\/\",\"url\":\"https:\\\/\\\/interamerica.org\\\/es\\\/2017\\\/07\\\/en-interamerica-la-iglesia-fortalece-ministerios-de-necesidades-especiales-durante-primer-congreso-para-los-hipoacusicos\\\/\",\"name\":\"En Interam\u00e9rica, la iglesia fortalece ministerios de necesidades especiales durante primer congreso para los hipoac\u00fasicos - Iglesia Adventista del S\u00e9ptimo D\u00eda - Divisi\u00f3n Interamericana\",\"isPartOf\":{\"@id\":\"https:\\\/\\\/interamerica.org\\\/es\\\/#website\"},\"primaryImageOfPage\":{\"@id\":\"https:\\\/\\\/interamerica.org\\\/es\\\/2017\\\/07\\\/en-interamerica-la-iglesia-fortalece-ministerios-de-necesidades-especiales-durante-primer-congreso-para-los-hipoacusicos\\\/#primaryimage\"},\"image\":{\"@id\":\"https:\\\/\\\/interamerica.org\\\/es\\\/2017\\\/07\\\/en-interamerica-la-iglesia-fortalece-ministerios-de-necesidades-especiales-durante-primer-congreso-para-los-hipoacusicos\\\/#primaryimage\"},\"thumbnailUrl\":\"https:\\\/\\\/interamerica.org\\\/wp-content\\\/uploads\\\/2017\\\/08\\\/sordos1-1024x670.jpg\",\"datePublished\":\"2017-07-28T04:00:00+00:00\",\"dateModified\":\"2017-10-26T23:42:34+00:00\",\"author\":{\"@id\":\"https:\\\/\\\/interamerica.org\\\/es\\\/#\\\/schema\\\/person\\\/68ede8bdc292885bb76c1e3810e73c39\"},\"breadcrumb\":{\"@id\":\"https:\\\/\\\/interamerica.org\\\/es\\\/2017\\\/07\\\/en-interamerica-la-iglesia-fortalece-ministerios-de-necesidades-especiales-durante-primer-congreso-para-los-hipoacusicos\\\/#breadcrumb\"},\"inLanguage\":\"es\",\"potentialAction\":[{\"@type\":\"ReadAction\",\"target\":[\"https:\\\/\\\/interamerica.org\\\/es\\\/2017\\\/07\\\/en-interamerica-la-iglesia-fortalece-ministerios-de-necesidades-especiales-durante-primer-congreso-para-los-hipoacusicos\\\/\"]}]},{\"@type\":\"ImageObject\",\"inLanguage\":\"es\",\"@id\":\"https:\\\/\\\/interamerica.org\\\/es\\\/2017\\\/07\\\/en-interamerica-la-iglesia-fortalece-ministerios-de-necesidades-especiales-durante-primer-congreso-para-los-hipoacusicos\\\/#primaryimage\",\"url\":\"https:\\\/\\\/interamerica.org\\\/wp-content\\\/uploads\\\/2017\\\/08\\\/sordos1-1024x670.jpg\",\"contentUrl\":\"https:\\\/\\\/interamerica.org\\\/wp-content\\\/uploads\\\/2017\\\/08\\\/sordos1-1024x670.jpg\",\"width\":1024,\"height\":670},{\"@type\":\"BreadcrumbList\",\"@id\":\"https:\\\/\\\/interamerica.org\\\/es\\\/2017\\\/07\\\/en-interamerica-la-iglesia-fortalece-ministerios-de-necesidades-especiales-durante-primer-congreso-para-los-hipoacusicos\\\/#breadcrumb\",\"itemListElement\":[{\"@type\":\"ListItem\",\"position\":1,\"name\":\"Home\",\"item\":\"https:\\\/\\\/interamerica.org\\\/es\\\/\"},{\"@type\":\"ListItem\",\"position\":2,\"name\":\"En Interam\u00e9rica, la iglesia fortalece ministerios de necesidades especiales durante primer congreso para los hipoac\u00fasicos\"}]},{\"@type\":\"WebSite\",\"@id\":\"https:\\\/\\\/interamerica.org\\\/es\\\/#website\",\"url\":\"https:\\\/\\\/interamerica.org\\\/es\\\/\",\"name\":\"Iglesia Adventista del S\u00e9ptimo D\u00eda - Divisi\u00f3n Interamericana\",\"description\":\"\",\"potentialAction\":[{\"@type\":\"SearchAction\",\"target\":{\"@type\":\"EntryPoint\",\"urlTemplate\":\"https:\\\/\\\/interamerica.org\\\/es\\\/?s={search_term_string}\"},\"query-input\":{\"@type\":\"PropertyValueSpecification\",\"valueRequired\":true,\"valueName\":\"search_term_string\"}}],\"inLanguage\":\"es\"},{\"@type\":\"Person\",\"@id\":\"https:\\\/\\\/interamerica.org\\\/es\\\/#\\\/schema\\\/person\\\/68ede8bdc292885bb76c1e3810e73c39\",\"name\":\"Lorenzo Verduzco\",\"image\":{\"@type\":\"ImageObject\",\"inLanguage\":\"es\",\"@id\":\"https:\\\/\\\/secure.gravatar.com\\\/avatar\\\/fb81a55b6218459490a9c1dc841a34909185b81904c5337b4b27f7a6fd60c49e?s=96&d=mm&r=g\",\"url\":\"https:\\\/\\\/secure.gravatar.com\\\/avatar\\\/fb81a55b6218459490a9c1dc841a34909185b81904c5337b4b27f7a6fd60c49e?s=96&d=mm&r=g\",\"contentUrl\":\"https:\\\/\\\/secure.gravatar.com\\\/avatar\\\/fb81a55b6218459490a9c1dc841a34909185b81904c5337b4b27f7a6fd60c49e?s=96&d=mm&r=g\",\"caption\":\"Lorenzo Verduzco\"}}]}<\/script>\n<!-- \/ Yoast SEO plugin. -->","yoast_head_json":{"title":"En Interam\u00e9rica, la iglesia fortalece ministerios de necesidades especiales durante primer congreso para los hipoac\u00fasicos - Iglesia Adventista del S\u00e9ptimo D\u00eda - Divisi\u00f3n Interamericana","robots":{"index":"index","follow":"follow","max-snippet":"max-snippet:-1","max-image-preview":"max-image-preview:large","max-video-preview":"max-video-preview:-1"},"canonical":"https:\/\/interamerica.org\/es\/2017\/07\/en-interamerica-la-iglesia-fortalece-ministerios-de-necesidades-especiales-durante-primer-congreso-para-los-hipoacusicos\/","og_locale":"es_ES","og_type":"article","og_title":"En Interam\u00e9rica, la iglesia fortalece ministerios de necesidades especiales durante primer congreso para los hipoac\u00fasicos - Iglesia Adventista del S\u00e9ptimo D\u00eda - Divisi\u00f3n Interamericana","og_description":"M\u00e1s de doscientos sordos o hipoac\u00fasicos, int\u00e9rpretes y directores de ministerios a las necesidades especiales de la Iglesia Adventista en Interam\u00e9rica se dieron cita para el primer Congreso para los Hipoac\u00fasicos en el territorio.  El evento, que dur\u00f3 cinco d\u00edas, que se llev\u00f3 a cabo en la Universidad de Montemorelos, en la regi\u00f3n Mexicana del Norte hace unas semanas, busc\u00f3 brindar la seguridad a los sordos y sus amigos que son valiosos para Dios y la iglesia, y brind\u00f3 capacitaci\u00f3n a los l\u00edderes de la iglesia para fortalecer los ministerios a las necesidades especiales en las iglesias y las comunidades.","og_url":"https:\/\/interamerica.org\/es\/2017\/07\/en-interamerica-la-iglesia-fortalece-ministerios-de-necesidades-especiales-durante-primer-congreso-para-los-hipoacusicos\/","og_site_name":"Iglesia Adventista del S\u00e9ptimo D\u00eda - Divisi\u00f3n Interamericana","article_published_time":"2017-07-28T04:00:00+00:00","article_modified_time":"2017-10-26T23:42:34+00:00","og_image":[{"width":1024,"height":670,"url":"https:\/\/interamerica.org\/wp-content\/uploads\/2017\/08\/sordos1-1024x670.jpg","type":"image\/jpeg"}],"author":"Lorenzo Verduzco","twitter_card":"summary_large_image","twitter_misc":{"Escrito por":"Lorenzo Verduzco","Tiempo de lectura":"6 minutos"},"schema":{"@context":"https:\/\/schema.org","@graph":[{"@type":"Article","@id":"https:\/\/interamerica.org\/es\/2017\/07\/en-interamerica-la-iglesia-fortalece-ministerios-de-necesidades-especiales-durante-primer-congreso-para-los-hipoacusicos\/#article","isPartOf":{"@id":"https:\/\/interamerica.org\/es\/2017\/07\/en-interamerica-la-iglesia-fortalece-ministerios-de-necesidades-especiales-durante-primer-congreso-para-los-hipoacusicos\/"},"author":{"name":"Lorenzo Verduzco","@id":"https:\/\/interamerica.org\/es\/#\/schema\/person\/68ede8bdc292885bb76c1e3810e73c39"},"headline":"En Interam\u00e9rica, la iglesia fortalece ministerios de necesidades especiales durante primer congreso para los hipoac\u00fasicos","datePublished":"2017-07-28T04:00:00+00:00","dateModified":"2017-10-26T23:42:34+00:00","mainEntityOfPage":{"@id":"https:\/\/interamerica.org\/es\/2017\/07\/en-interamerica-la-iglesia-fortalece-ministerios-de-necesidades-especiales-durante-primer-congreso-para-los-hipoacusicos\/"},"wordCount":1185,"image":{"@id":"https:\/\/interamerica.org\/es\/2017\/07\/en-interamerica-la-iglesia-fortalece-ministerios-de-necesidades-especiales-durante-primer-congreso-para-los-hipoacusicos\/#primaryimage"},"thumbnailUrl":"https:\/\/interamerica.org\/wp-content\/uploads\/2017\/08\/sordos1-1024x670.jpg","articleSection":["Desde la sede","RSS Espa\u00f1ol"],"inLanguage":"es"},{"@type":"WebPage","@id":"https:\/\/interamerica.org\/es\/2017\/07\/en-interamerica-la-iglesia-fortalece-ministerios-de-necesidades-especiales-durante-primer-congreso-para-los-hipoacusicos\/","url":"https:\/\/interamerica.org\/es\/2017\/07\/en-interamerica-la-iglesia-fortalece-ministerios-de-necesidades-especiales-durante-primer-congreso-para-los-hipoacusicos\/","name":"En Interam\u00e9rica, la iglesia fortalece ministerios de necesidades especiales durante primer congreso para los hipoac\u00fasicos - Iglesia Adventista del S\u00e9ptimo D\u00eda - Divisi\u00f3n Interamericana","isPartOf":{"@id":"https:\/\/interamerica.org\/es\/#website"},"primaryImageOfPage":{"@id":"https:\/\/interamerica.org\/es\/2017\/07\/en-interamerica-la-iglesia-fortalece-ministerios-de-necesidades-especiales-durante-primer-congreso-para-los-hipoacusicos\/#primaryimage"},"image":{"@id":"https:\/\/interamerica.org\/es\/2017\/07\/en-interamerica-la-iglesia-fortalece-ministerios-de-necesidades-especiales-durante-primer-congreso-para-los-hipoacusicos\/#primaryimage"},"thumbnailUrl":"https:\/\/interamerica.org\/wp-content\/uploads\/2017\/08\/sordos1-1024x670.jpg","datePublished":"2017-07-28T04:00:00+00:00","dateModified":"2017-10-26T23:42:34+00:00","author":{"@id":"https:\/\/interamerica.org\/es\/#\/schema\/person\/68ede8bdc292885bb76c1e3810e73c39"},"breadcrumb":{"@id":"https:\/\/interamerica.org\/es\/2017\/07\/en-interamerica-la-iglesia-fortalece-ministerios-de-necesidades-especiales-durante-primer-congreso-para-los-hipoacusicos\/#breadcrumb"},"inLanguage":"es","potentialAction":[{"@type":"ReadAction","target":["https:\/\/interamerica.org\/es\/2017\/07\/en-interamerica-la-iglesia-fortalece-ministerios-de-necesidades-especiales-durante-primer-congreso-para-los-hipoacusicos\/"]}]},{"@type":"ImageObject","inLanguage":"es","@id":"https:\/\/interamerica.org\/es\/2017\/07\/en-interamerica-la-iglesia-fortalece-ministerios-de-necesidades-especiales-durante-primer-congreso-para-los-hipoacusicos\/#primaryimage","url":"https:\/\/interamerica.org\/wp-content\/uploads\/2017\/08\/sordos1-1024x670.jpg","contentUrl":"https:\/\/interamerica.org\/wp-content\/uploads\/2017\/08\/sordos1-1024x670.jpg","width":1024,"height":670},{"@type":"BreadcrumbList","@id":"https:\/\/interamerica.org\/es\/2017\/07\/en-interamerica-la-iglesia-fortalece-ministerios-de-necesidades-especiales-durante-primer-congreso-para-los-hipoacusicos\/#breadcrumb","itemListElement":[{"@type":"ListItem","position":1,"name":"Home","item":"https:\/\/interamerica.org\/es\/"},{"@type":"ListItem","position":2,"name":"En Interam\u00e9rica, la iglesia fortalece ministerios de necesidades especiales durante primer congreso para los hipoac\u00fasicos"}]},{"@type":"WebSite","@id":"https:\/\/interamerica.org\/es\/#website","url":"https:\/\/interamerica.org\/es\/","name":"Iglesia Adventista del S\u00e9ptimo D\u00eda - Divisi\u00f3n Interamericana","description":"","potentialAction":[{"@type":"SearchAction","target":{"@type":"EntryPoint","urlTemplate":"https:\/\/interamerica.org\/es\/?s={search_term_string}"},"query-input":{"@type":"PropertyValueSpecification","valueRequired":true,"valueName":"search_term_string"}}],"inLanguage":"es"},{"@type":"Person","@id":"https:\/\/interamerica.org\/es\/#\/schema\/person\/68ede8bdc292885bb76c1e3810e73c39","name":"Lorenzo Verduzco","image":{"@type":"ImageObject","inLanguage":"es","@id":"https:\/\/secure.gravatar.com\/avatar\/fb81a55b6218459490a9c1dc841a34909185b81904c5337b4b27f7a6fd60c49e?s=96&d=mm&r=g","url":"https:\/\/secure.gravatar.com\/avatar\/fb81a55b6218459490a9c1dc841a34909185b81904c5337b4b27f7a6fd60c49e?s=96&d=mm&r=g","contentUrl":"https:\/\/secure.gravatar.com\/avatar\/fb81a55b6218459490a9c1dc841a34909185b81904c5337b4b27f7a6fd60c49e?s=96&d=mm&r=g","caption":"Lorenzo Verduzco"}}]}},"_links":{"self":[{"href":"https:\/\/interamerica.org\/es\/wp-json\/wp\/v2\/posts\/33742","targetHints":{"allow":["GET"]}}],"collection":[{"href":"https:\/\/interamerica.org\/es\/wp-json\/wp\/v2\/posts"}],"about":[{"href":"https:\/\/interamerica.org\/es\/wp-json\/wp\/v2\/types\/post"}],"author":[{"embeddable":true,"href":"https:\/\/interamerica.org\/es\/wp-json\/wp\/v2\/users\/1"}],"replies":[{"embeddable":true,"href":"https:\/\/interamerica.org\/es\/wp-json\/wp\/v2\/comments?post=33742"}],"version-history":[{"count":0,"href":"https:\/\/interamerica.org\/es\/wp-json\/wp\/v2\/posts\/33742\/revisions"}],"wp:featuredmedia":[{"embeddable":true,"href":"https:\/\/interamerica.org\/es\/wp-json\/wp\/v2\/media\/33438"}],"wp:attachment":[{"href":"https:\/\/interamerica.org\/es\/wp-json\/wp\/v2\/media?parent=33742"}],"wp:term":[{"taxonomy":"category","embeddable":true,"href":"https:\/\/interamerica.org\/es\/wp-json\/wp\/v2\/categories?post=33742"},{"taxonomy":"post_tag","embeddable":true,"href":"https:\/\/interamerica.org\/es\/wp-json\/wp\/v2\/tags?post=33742"}],"curies":[{"name":"wp","href":"https:\/\/api.w.org\/{rel}","templated":true}]}}