{"id":36104,"date":"2017-09-08T00:00:00","date_gmt":"2017-09-08T04:00:00","guid":{"rendered":"http:\/\/192.81.217.108\/2017\/09\/en-interamerica-primera-conferencia-para-fotografos-adventistas-capacita-a-comunicadores-en-cuba\/"},"modified":"2017-11-16T20:38:55","modified_gmt":"2017-11-17T00:38:55","slug":"en-interamerica-primera-conferencia-para-fotografos-adventistas-capacita-a-comunicadores-en-cuba","status":"publish","type":"post","link":"https:\/\/interamerica.org\/es\/2017\/09\/en-interamerica-primera-conferencia-para-fotografos-adventistas-capacita-a-comunicadores-en-cuba\/","title":{"rendered":"En Interam\u00e9rica, primera conferencia para fot\u00f3grafos adventistas capacita a comunicadores en Cuba"},"content":{"rendered":"<div id=\"attachment_30647\" style=\"width: 783px\" class=\"wp-caption aligncenter\"><a href=\"https:\/\/recursing-golick.147-182-135-0.plesk.page\/wp-content\/uploads\/2017\/09\/Adventist-photographers-group-Cuba.jpg\" rel=\"fancybox\" title=\"En Interam\u00e9rica, primera conferencia para fot\u00f3grafos adventistas capacita a comunicadores en Cuba\"><img fetchpriority=\"high\" decoding=\"async\" aria-describedby=\"caption-attachment-30647\" class=\"wp-image-30647\" src=\"https:\/\/recursing-golick.147-182-135-0.plesk.page\/wp-content\/uploads\/2017\/09\/Adventist-photographers-group-Cuba-1024x590.jpg\" alt=\"\" width=\"773\" height=\"445\" \/><\/a><p id=\"caption-attachment-30647\" class=\"wp-caption-text\">Grupo de fot\u00f3grafos y miembros de iglesia durante el segundo d\u00eda de la Conferencia de Fot\u00f3grafos Adventistas llevada a cabo en la iglesia adventista de C\u00e1rdenas, en C\u00e1rdenas, Matanzas, Cuba, entre el 1 y el 2 de septiembre de 2017. Imagen de Abel M\u00e1rquez\/DIA<\/p><\/div>\n<p>7 de septiembre de 2017 | C\u00e1rdenas, Matanzas, Cuba | Libna Stevens\/DIA<\/p>\n<div id=\"attachment_30641\" style=\"width: 386px\" class=\"wp-caption alignright\"><a href=\"https:\/\/recursing-golick.147-182-135-0.plesk.page\/wp-content\/uploads\/2017\/09\/Abel-Marquez-Dayami-Cuba.jpg\" rel=\"fancybox\" title=\"En Interam\u00e9rica, primera conferencia para fot\u00f3grafos adventistas capacita a comunicadores en Cuba\"><img decoding=\"async\" aria-describedby=\"caption-attachment-30641\" class=\" wp-image-30641\" src=\"https:\/\/recursing-golick.147-182-135-0.plesk.page\/wp-content\/uploads\/2017\/09\/Abel-Marquez-Dayami-Cuba.jpg\" alt=\"\" width=\"376\" height=\"237\" \/><\/a><p id=\"caption-attachment-30641\" class=\"wp-caption-text\">Abel M\u00e1rquez, director de comunicaci\u00f3n de la DIA, habla durante la conferencia junto a Dayami Rodr\u00edguez, directora de comunicaci\u00f3n de la Iglesia Adventista en Cuba. Imagen de Libna Stevens\/DIA<\/p><\/div>\n<p>Decenas de entusiastas adventistas de todo Cuba y Am\u00e9rica Central, M\u00e9xico y el Caribe se dieron cita para la Conferencia de Fot\u00f3grafos Adventistas el fin de semana pasado en la iglesia adventista de C\u00e1rdenas, en C\u00e1rdenas, Matanzas, Cuba.<\/p>\n<p>El evento, primero de su clase patrocinado por el departamento de Comunicaci\u00f3n de la Divisi\u00f3n Interamericana (DIA) en colaboraci\u00f3n con los principales l\u00edderes de la Iglesia Adventista en Cuba, brind\u00f3 capacitaci\u00f3n a los de m\u00e1s ochenta presentes. El objetivo fue ense\u00f1ar a los participantes c\u00f3mo ser m\u00e1s creativos en la comunicaci\u00f3n visual para cumplir la misi\u00f3n en sus iglesias locales y comunidades.<\/p>\n<p>Durante el 1 y el 2 de septiembre de 2017, los dos d\u00edas de la conferencia, hubo presentaciones sobre creatividad, fotoperiodismo, narraci\u00f3n, cinematograf\u00eda, fotograf\u00eda publicitaria y otros temas.<\/p>\n<div id=\"attachment_30656\" style=\"width: 384px\" class=\"wp-caption alignleft\"><a href=\"https:\/\/recursing-golick.147-182-135-0.plesk.page\/wp-content\/uploads\/2017\/09\/DanWeber-Cuba.jpg\" rel=\"fancybox\" title=\"En Interam\u00e9rica, primera conferencia para fot\u00f3grafos adventistas capacita a comunicadores en Cuba\"><img decoding=\"async\" aria-describedby=\"caption-attachment-30656\" class=\" wp-image-30656\" src=\"https:\/\/recursing-golick.147-182-135-0.plesk.page\/wp-content\/uploads\/2017\/09\/DanWeber-Cuba.jpg\" alt=\"\" width=\"374\" height=\"245\" \/><\/a><p id=\"caption-attachment-30656\" class=\"wp-caption-text\">Dan Weber, director de comunicaci\u00f3n de la iglesia en Norteam\u00e9rica. Imagen de Libna Stevens\/DIA<\/p><\/div>\n<p>\u201cNuestro principal objetivo fue brindar capacitaci\u00f3n y un espacio para que los fot\u00f3grafos adventistas de Interam\u00e9rica intercambien ideas con el gran potencial art\u00edstico de fot\u00f3grafos locales en el contexto cultural de la isla\u201d, dijo Abel M\u00e1rquez, director de comunicaci\u00f3n de la DIA y principal organizador del evento. El evento busc\u00f3 apoyar una iniciativa organizada localmente para mejorar el intercambio de fotograf\u00edas en la iglesia de Cuba, dijo.<\/p>\n<p>\u201cPueden ver con sus ojos y aprender junto a fot\u00f3grafos adventistas expertos fuera de Cuba, para as\u00ed contribuir mejor a la iglesia que aman y sirven\u201d, dijo Dayami Rodr\u00edguez, directora de comunicaci\u00f3n de la Iglesia Adventista en Cuba.<\/p>\n<p>Para la mayor\u00eda [del pueblo de Cuba], es casi imposible tener acceso a Internet y aprender fotograf\u00eda y comunicaci\u00f3n visual, dijo Rodr\u00edguez. \u201cNo hay casi lugares disponibles para conexi\u00f3n a Internet, y puede costar 50 pesos solo una hora de conexi\u00f3n\u201d, explic\u00f3.<\/p>\n<p>\u201cCon un sueldo promedio mensual de unos 150 pesos Cubanos, y costos de unos 13 pesos [o unos 10 d\u00f3lares] para enviar una imagen de dos megas por texto, es realmente dif\u00edcil que ellos [los fot\u00f3grafos] compartan y mejoren sus habilidades y aprendan de otros\u201d, dijo Rodr\u00edguez.<\/p>\n<div id=\"attachment_30644\" style=\"width: 382px\" class=\"wp-caption alignleft\"><a href=\"https:\/\/recursing-golick.147-182-135-0.plesk.page\/wp-content\/uploads\/2017\/09\/Adventist-Photographers-Cardenas-Cuba.jpg\" rel=\"fancybox\" title=\"En Interam\u00e9rica, primera conferencia para fot\u00f3grafos adventistas capacita a comunicadores en Cuba\"><img loading=\"lazy\" decoding=\"async\" aria-describedby=\"caption-attachment-30644\" class=\" wp-image-30644\" src=\"https:\/\/recursing-golick.147-182-135-0.plesk.page\/wp-content\/uploads\/2017\/09\/Adventist-Photographers-Cardenas-Cuba-1024x683.jpg\" alt=\"\" width=\"372\" height=\"248\" \/><\/a><p id=\"caption-attachment-30644\" class=\"wp-caption-text\">Los asistentes durante la conferencia, el s\u00e1bado 2 de septiembre de 2017. Imagen de Libna Stevens\/DIA<\/p><\/div>\n<p>La conferencia tambi\u00e9n brind\u00f3 una oportunidad de organizar una asociaci\u00f3n de fot\u00f3grafos adventistas en la isla para apoyar mejor a la iglesia a la hora de comunicar eventos y actividades a los miembros y las comunidades circundantes, explic\u00f3 Rodr\u00edguez.<\/p>\n<p>Carlos Regueiferos viaj\u00f3 casi setecientos kil\u00f3metros desde su hogar en Santiago para asistir a la conferencia. Al igual que muchos otros asistentes, Regueiferos tuvo que viajar hasta veinte horas al evento.<\/p>\n<p>Regueiferos, que tiene 53 a\u00f1os, ha estado sosteni\u00e9ndose y sosteniendo a su familia al tomar fotograf\u00edas desde que recibi\u00f3 una c\u00e1mara \u201cInstamatic\u201d a fines de la d\u00e9cada de 1990. Fue ahorrando dinero y ahora tiene una c\u00e1mara digital Nikon que ha ayudado a su actividad y le ha ayudado a documentar el crecimiento y el impacto comunitario en dos iglesias adventistas de las que es primer anciano en Santiago de Cuba.<\/p>\n<p>\u201cQuiero documentar m\u00e1s programas en la iglesia, no solo con fotograf\u00eda sino tambi\u00e9n con video, as\u00ed como se nos ha desafiado a hacerlo durante esta conferencia\u201d, dijo Regueiferos, a quien le encanta tomar fotograf\u00edas y siente entusiasmo por servir a la iglesia. Ahora tiene planes de formar un equipo para cubrir mejor las iniciativas y actividades de su iglesia y la comunidad que la rodea.<\/p>\n<div id=\"attachment_30650\" style=\"width: 383px\" class=\"wp-caption alignright\"><a href=\"https:\/\/recursing-golick.147-182-135-0.plesk.page\/wp-content\/uploads\/2017\/09\/Carlos-Regueiferos-Cuba.jpg\" rel=\"fancybox\" title=\"En Interam\u00e9rica, primera conferencia para fot\u00f3grafos adventistas capacita a comunicadores en Cuba\"><img loading=\"lazy\" decoding=\"async\" aria-describedby=\"caption-attachment-30650\" class=\" wp-image-30650\" src=\"https:\/\/recursing-golick.147-182-135-0.plesk.page\/wp-content\/uploads\/2017\/09\/Carlos-Regueiferos-Cuba.jpg\" alt=\"\" width=\"373\" height=\"249\" \/><\/a><p id=\"caption-attachment-30650\" class=\"wp-caption-text\">Carlos Regueiferos, de Santiago de Cuba, viaj\u00f3 casi setecientos kil\u00f3metros para asistir a la conferencia en C\u00e1rdenas. Imagen de Libna Stevens\/DIA<\/p><\/div>\n<p>\u201cTiene que ver con usar los talentos y las herramientas que tenemos a mano para beneficiar a la iglesia\u201d, dijo. \u201cSolo quiero seguir siendo un instrumento de Dios y su iglesia\u201d.<\/p>\n<p>Perfeccionar esos talentos es lo que impulsar\u00e1 a la iglesia para que est\u00e9 m\u00e1s informada en toda la isla, dijo Rodr\u00edguez. \u201cPuede que nos lleve un poco m\u00e1s de tiempo comunicarnos, pero contamos con un buen sistema de comunicaci\u00f3n en funcionamiento en nuestras asociaciones e iglesias, y nos sentimos mejor equipados para avanzar con la misi\u00f3n de compartir la esperanza y el amor de Cristo\u201d.<\/p>\n<p>La iglesia de Cuba prepara un bolet\u00edn digital y otro con noticias impresas que es distribuido en la isla cuatro veces al a\u00f1o con los materiales del folleto trimestral de Escuela Sab\u00e1tica.<\/p>\n<p>La asociaci\u00f3n tambi\u00e9n brind\u00f3 la oportunidad de capacitaci\u00f3n para un proyecto adicional de producci\u00f3n televisiva en la isla despu\u00e9s del evento, explic\u00f3 M\u00e1rquez. Hope Channel Interam\u00e9rica, con su iniciativa en colaboraci\u00f3n para apoyar a los centros de medios en todo el territorio de la DIA, est\u00e1 prestando equipos de alta definici\u00f3n al centro de medios de la iglesia en La Habana.<\/p>\n<div id=\"attachment_30653\" style=\"width: 384px\" class=\"wp-caption alignleft\"><a href=\"https:\/\/recursing-golick.147-182-135-0.plesk.page\/wp-content\/uploads\/2017\/09\/Cuba-HC-newequipment.jpg\" rel=\"fancybox\" title=\"En Interam\u00e9rica, primera conferencia para fot\u00f3grafos adventistas capacita a comunicadores en Cuba\"><img loading=\"lazy\" decoding=\"async\" aria-describedby=\"caption-attachment-30653\" class=\" wp-image-30653\" src=\"https:\/\/recursing-golick.147-182-135-0.plesk.page\/wp-content\/uploads\/2017\/09\/Cuba-HC-newequipment.jpg\" alt=\"\" width=\"374\" height=\"284\" \/><\/a><p id=\"caption-attachment-30653\" class=\"wp-caption-text\">Abel M\u00e1rquez (derecha) entrega al pastor Aldo P\u00e9rez, presidente de la Iglesia Adventista en Cuba, y su esposa Dayami Rodr\u00edguez, los nuevos equipos para los pr\u00f3ximos programas de Cuba, que ser\u00e1n transmitidos por la red televisiva Hope Channel Interam\u00e9rica. Jorge D\u00edaz (tercero desde la izquierda) y Lizbeth Elejalde, de Montemorelos University, siguen con atenci\u00f3n la presentaci\u00f3n. Imagen de Libna Stevens\/DIA<\/p><\/div>\n<p>El proyecto televisivo mostrar\u00e1 historias y testimonios de miembros de iglesia en Cuba mediante una producci\u00f3n tipo reality que ser\u00e1 transmitido por la red de Hope Channel Interam\u00e9rica, explic\u00f3 M\u00e1rquez.<\/p>\n<p>Sam Neves, director de comunicaci\u00f3n de la Iglesia Adventista mundial, anim\u00f3 a los fot\u00f3grafos adventistas durante el evento para que respondan al llamado divino de servir a la iglesia.<\/p>\n<p>\u201cTienen que usar el don que tienen para cumplir la misi\u00f3n\u201d, dijo Neves. \u201cNo se crucen de brazos con el don que Dios les ha dado [\u2026]. Ustedes son disc\u00edpulos creativos, de manera que tienen que usar esos dones\u201d. Neves anim\u00f3 a los asistentes para que compartan esa pasi\u00f3n e involucren a m\u00e1s j\u00f3venes y ni\u00f1os de la iglesia, para desarrollar una nueva generaci\u00f3n de disc\u00edpulos creativos.<\/p>\n<p>El desarrollo de una nueva generaci\u00f3n de disc\u00edpulos creativos es lo que el pastor Alexis V\u00e1zquez, de 27 a\u00f1os y proveniente de Costa Rica, se llevar\u00e1 a su hogar despu\u00e9s del evento. V\u00e1zquez atiende tres iglesias y un grupo, y es el director de comunicaci\u00f3n de la iglesia en la regi\u00f3n Norte de Costa Rica, donde adem\u00e1s ayuda como web m\u00e1ster, dise\u00f1ador gr\u00e1fico y editor de video. Conocer las necesidades tecnol\u00f3gicas en Cuba lo hizo darse cuenta c\u00f3mo en su pa\u00eds pueden darse muchas cosas por sentadas.<\/p>\n<div id=\"attachment_30680\" style=\"width: 382px\" class=\"wp-caption alignright\"><a href=\"https:\/\/recursing-golick.147-182-135-0.plesk.page\/wp-content\/uploads\/2017\/09\/SamNeves-Cuba.jpg\" rel=\"fancybox\" title=\"En Interam\u00e9rica, primera conferencia para fot\u00f3grafos adventistas capacita a comunicadores en Cuba\"><img loading=\"lazy\" decoding=\"async\" aria-describedby=\"caption-attachment-30680\" class=\" wp-image-30680\" src=\"https:\/\/recursing-golick.147-182-135-0.plesk.page\/wp-content\/uploads\/2017\/09\/SamNeves-Cuba.jpg\" alt=\"\" width=\"372\" height=\"242\" \/><\/a><p id=\"caption-attachment-30680\" class=\"wp-caption-text\">El pastor Sam Neves, director de comunicaci\u00f3n de la Iglesia Adventista mundial. Imagen de Gregorio V\u00e1zquez\/DIA<\/p><\/div>\n<p>\u201cQuiero llevar la misma visi\u00f3n a los fot\u00f3grafos de mi pa\u00eds, para dedicarnos a transmitir el mensaje de esperanza y salvaci\u00f3n mediante sus fotograf\u00edas y videos\u201d, dijo V\u00e1zquez, uno de los seis que viaj\u00f3 desde Costa Rica para asistir al evento.<\/p>\n<p>\u201cEste evento marca la pauta para eventos futuros similares, que obedecen a la estrategia que tenemos de integraci\u00f3n y convergencia de la comunicaci\u00f3n\u201d, dijo M\u00e1rquez. \u201cImplica motivar a disc\u00edpulos creativos para que usen sus talentos profesionales, t\u00e9cnicos y creativos para cumplir la misi\u00f3n de la iglesia, compartiendo el mensaje por medio de todo tipo de medios de comunicaci\u00f3n\u201d.<\/p>\n<p>Entre los oradores y presentadores destacados durante la conferencia estuvieron Sam Neves, director asociado de comunicaci\u00f3n de la Iglesia Adventista mundial; Dan Weber, director de comunicaci\u00f3n de la Divisi\u00f3n Norteamericana; Abel M\u00e1rquez, director de comunicaci\u00f3n, y Libna Stevens, directora asistente de comunicaci\u00f3n de la DIA; Jorge D\u00edaz y Lizbeth Elejalde, profesores de la Universida de Montemorelos; como as\u00ed tambi\u00e9n Fabricio Rivera, director de comunicaci\u00f3n de la Iglesia Adventista en El Salvador.<\/p>\n<p>Para ver fotograf\u00edas de la Conferencia de Fot\u00f3grafos Adventistas de Interam\u00e9rica, entre a <a href=\"https:\/\/www.flickr.com\/photos\/interamerica\/albums\/72157688682727875\">HERE<\/a><\/p>\n<p>Traducci\u00f3n de Marcos Paseggi<\/p>\n","protected":false},"excerpt":{"rendered":"<p>Decenas de entusiastas adventistas de todo Cuba y Am\u00e9rica Central, M\u00e9xico y el Caribe se dieron cita para la Conferencia de Fot\u00f3grafos Adventistas el fin de semana pasado en la iglesia adventista de C\u00e1rdenas, en C\u00e1rdenas, Matanzas, Cuba.<\/p>\n<p>El evento, primero de su clase patrocinado por el departamento de Comunicaci\u00f3n de la Divisi\u00f3n Interamericana (DIA) en colaboraci\u00f3n con los principales l\u00edderes de la Iglesia Adventista en Cuba, brind\u00f3 capacitaci\u00f3n a los de m\u00e1s ochenta presentes. El objetivo fue ense\u00f1ar a los participantes c\u00f3mo ser m\u00e1s creativos en la comunicaci\u00f3n visual para cumplir la misi\u00f3n en sus iglesias locales y comunidades.<\/p>\n","protected":false},"author":1,"featured_media":36005,"comment_status":"closed","ping_status":"closed","sticky":false,"template":"","format":"standard","meta":{"_acf_changed":false,"footnotes":""},"categories":[16,15],"tags":[],"class_list":["post-36104","post","type-post","status-publish","format-standard","has-post-thumbnail","hentry","category-desde-la-sede","category-rss-espanol"],"acf":[],"yoast_head":"<!-- This site is optimized with the Yoast SEO plugin v27.3 - https:\/\/yoast.com\/product\/yoast-seo-wordpress\/ -->\n<title>En Interam\u00e9rica, primera conferencia para fot\u00f3grafos adventistas capacita a comunicadores en Cuba - Iglesia Adventista del S\u00e9ptimo D\u00eda - Divisi\u00f3n Interamericana<\/title>\n<meta name=\"robots\" content=\"index, follow, max-snippet:-1, max-image-preview:large, max-video-preview:-1\" \/>\n<link rel=\"canonical\" href=\"https:\/\/interamerica.org\/es\/2017\/09\/en-interamerica-primera-conferencia-para-fotografos-adventistas-capacita-a-comunicadores-en-cuba\/\" \/>\n<meta property=\"og:locale\" content=\"es_ES\" \/>\n<meta property=\"og:type\" content=\"article\" \/>\n<meta property=\"og:title\" content=\"En Interam\u00e9rica, primera conferencia para fot\u00f3grafos adventistas capacita a comunicadores en Cuba - Iglesia Adventista del S\u00e9ptimo D\u00eda - Divisi\u00f3n Interamericana\" \/>\n<meta property=\"og:description\" content=\"Decenas de entusiastas adventistas de todo Cuba y Am\u00e9rica Central, M\u00e9xico y el Caribe se dieron cita para la Conferencia de Fot\u00f3grafos Adventistas el fin de semana pasado en la iglesia adventista de C\u00e1rdenas, en C\u00e1rdenas, Matanzas, Cuba.  El evento, primero de su clase patrocinado por el departamento de Comunicaci\u00f3n de la Divisi\u00f3n Interamericana (DIA) en colaboraci\u00f3n con los principales l\u00edderes de la Iglesia Adventista en Cuba, brind\u00f3 capacitaci\u00f3n a los de m\u00e1s ochenta presentes. El objetivo fue ense\u00f1ar a los participantes c\u00f3mo ser m\u00e1s creativos en la comunicaci\u00f3n visual para cumplir la misi\u00f3n en sus iglesias locales y comunidades.\" \/>\n<meta property=\"og:url\" content=\"https:\/\/interamerica.org\/es\/2017\/09\/en-interamerica-primera-conferencia-para-fotografos-adventistas-capacita-a-comunicadores-en-cuba\/\" \/>\n<meta property=\"og:site_name\" content=\"Iglesia Adventista del S\u00e9ptimo D\u00eda - Divisi\u00f3n Interamericana\" \/>\n<meta property=\"article:published_time\" content=\"2017-09-08T04:00:00+00:00\" \/>\n<meta property=\"article:modified_time\" content=\"2017-11-17T00:38:55+00:00\" \/>\n<meta property=\"og:image\" content=\"https:\/\/interamerica.org\/wp-content\/uploads\/2017\/11\/Adventist-photographers-group-Cuba.jpg\" \/>\n\t<meta property=\"og:image:width\" content=\"2048\" \/>\n\t<meta property=\"og:image:height\" content=\"1179\" \/>\n\t<meta property=\"og:image:type\" content=\"image\/jpeg\" \/>\n<meta name=\"author\" content=\"Lorenzo Verduzco\" \/>\n<meta name=\"twitter:card\" content=\"summary_large_image\" \/>\n<meta name=\"twitter:label1\" content=\"Escrito por\" \/>\n\t<meta name=\"twitter:data1\" content=\"Lorenzo Verduzco\" \/>\n\t<meta name=\"twitter:label2\" content=\"Tiempo de lectura\" \/>\n\t<meta name=\"twitter:data2\" content=\"8 minutos\" \/>\n<script type=\"application\/ld+json\" class=\"yoast-schema-graph\">{\"@context\":\"https:\\\/\\\/schema.org\",\"@graph\":[{\"@type\":\"Article\",\"@id\":\"https:\\\/\\\/interamerica.org\\\/es\\\/2017\\\/09\\\/en-interamerica-primera-conferencia-para-fotografos-adventistas-capacita-a-comunicadores-en-cuba\\\/#article\",\"isPartOf\":{\"@id\":\"https:\\\/\\\/interamerica.org\\\/es\\\/2017\\\/09\\\/en-interamerica-primera-conferencia-para-fotografos-adventistas-capacita-a-comunicadores-en-cuba\\\/\"},\"author\":{\"name\":\"Lorenzo Verduzco\",\"@id\":\"https:\\\/\\\/interamerica.org\\\/es\\\/#\\\/schema\\\/person\\\/68ede8bdc292885bb76c1e3810e73c39\"},\"headline\":\"En Interam\u00e9rica, primera conferencia para fot\u00f3grafos adventistas capacita a comunicadores en Cuba\",\"datePublished\":\"2017-09-08T04:00:00+00:00\",\"dateModified\":\"2017-11-17T00:38:55+00:00\",\"mainEntityOfPage\":{\"@id\":\"https:\\\/\\\/interamerica.org\\\/es\\\/2017\\\/09\\\/en-interamerica-primera-conferencia-para-fotografos-adventistas-capacita-a-comunicadores-en-cuba\\\/\"},\"wordCount\":1535,\"image\":{\"@id\":\"https:\\\/\\\/interamerica.org\\\/es\\\/2017\\\/09\\\/en-interamerica-primera-conferencia-para-fotografos-adventistas-capacita-a-comunicadores-en-cuba\\\/#primaryimage\"},\"thumbnailUrl\":\"https:\\\/\\\/interamerica.org\\\/wp-content\\\/uploads\\\/2017\\\/11\\\/Adventist-photographers-group-Cuba.jpg\",\"articleSection\":[\"Desde la sede\",\"RSS Espa\u00f1ol\"],\"inLanguage\":\"es\"},{\"@type\":\"WebPage\",\"@id\":\"https:\\\/\\\/interamerica.org\\\/es\\\/2017\\\/09\\\/en-interamerica-primera-conferencia-para-fotografos-adventistas-capacita-a-comunicadores-en-cuba\\\/\",\"url\":\"https:\\\/\\\/interamerica.org\\\/es\\\/2017\\\/09\\\/en-interamerica-primera-conferencia-para-fotografos-adventistas-capacita-a-comunicadores-en-cuba\\\/\",\"name\":\"En Interam\u00e9rica, primera conferencia para fot\u00f3grafos adventistas capacita a comunicadores en Cuba - Iglesia Adventista del S\u00e9ptimo D\u00eda - Divisi\u00f3n Interamericana\",\"isPartOf\":{\"@id\":\"https:\\\/\\\/interamerica.org\\\/es\\\/#website\"},\"primaryImageOfPage\":{\"@id\":\"https:\\\/\\\/interamerica.org\\\/es\\\/2017\\\/09\\\/en-interamerica-primera-conferencia-para-fotografos-adventistas-capacita-a-comunicadores-en-cuba\\\/#primaryimage\"},\"image\":{\"@id\":\"https:\\\/\\\/interamerica.org\\\/es\\\/2017\\\/09\\\/en-interamerica-primera-conferencia-para-fotografos-adventistas-capacita-a-comunicadores-en-cuba\\\/#primaryimage\"},\"thumbnailUrl\":\"https:\\\/\\\/interamerica.org\\\/wp-content\\\/uploads\\\/2017\\\/11\\\/Adventist-photographers-group-Cuba.jpg\",\"datePublished\":\"2017-09-08T04:00:00+00:00\",\"dateModified\":\"2017-11-17T00:38:55+00:00\",\"author\":{\"@id\":\"https:\\\/\\\/interamerica.org\\\/es\\\/#\\\/schema\\\/person\\\/68ede8bdc292885bb76c1e3810e73c39\"},\"breadcrumb\":{\"@id\":\"https:\\\/\\\/interamerica.org\\\/es\\\/2017\\\/09\\\/en-interamerica-primera-conferencia-para-fotografos-adventistas-capacita-a-comunicadores-en-cuba\\\/#breadcrumb\"},\"inLanguage\":\"es\",\"potentialAction\":[{\"@type\":\"ReadAction\",\"target\":[\"https:\\\/\\\/interamerica.org\\\/es\\\/2017\\\/09\\\/en-interamerica-primera-conferencia-para-fotografos-adventistas-capacita-a-comunicadores-en-cuba\\\/\"]}]},{\"@type\":\"ImageObject\",\"inLanguage\":\"es\",\"@id\":\"https:\\\/\\\/interamerica.org\\\/es\\\/2017\\\/09\\\/en-interamerica-primera-conferencia-para-fotografos-adventistas-capacita-a-comunicadores-en-cuba\\\/#primaryimage\",\"url\":\"https:\\\/\\\/interamerica.org\\\/wp-content\\\/uploads\\\/2017\\\/11\\\/Adventist-photographers-group-Cuba.jpg\",\"contentUrl\":\"https:\\\/\\\/interamerica.org\\\/wp-content\\\/uploads\\\/2017\\\/11\\\/Adventist-photographers-group-Cuba.jpg\",\"width\":2048,\"height\":1179},{\"@type\":\"BreadcrumbList\",\"@id\":\"https:\\\/\\\/interamerica.org\\\/es\\\/2017\\\/09\\\/en-interamerica-primera-conferencia-para-fotografos-adventistas-capacita-a-comunicadores-en-cuba\\\/#breadcrumb\",\"itemListElement\":[{\"@type\":\"ListItem\",\"position\":1,\"name\":\"Home\",\"item\":\"https:\\\/\\\/interamerica.org\\\/es\\\/\"},{\"@type\":\"ListItem\",\"position\":2,\"name\":\"En Interam\u00e9rica, primera conferencia para fot\u00f3grafos adventistas capacita a comunicadores en Cuba\"}]},{\"@type\":\"WebSite\",\"@id\":\"https:\\\/\\\/interamerica.org\\\/es\\\/#website\",\"url\":\"https:\\\/\\\/interamerica.org\\\/es\\\/\",\"name\":\"Iglesia Adventista del S\u00e9ptimo D\u00eda - Divisi\u00f3n Interamericana\",\"description\":\"\",\"potentialAction\":[{\"@type\":\"SearchAction\",\"target\":{\"@type\":\"EntryPoint\",\"urlTemplate\":\"https:\\\/\\\/interamerica.org\\\/es\\\/?s={search_term_string}\"},\"query-input\":{\"@type\":\"PropertyValueSpecification\",\"valueRequired\":true,\"valueName\":\"search_term_string\"}}],\"inLanguage\":\"es\"},{\"@type\":\"Person\",\"@id\":\"https:\\\/\\\/interamerica.org\\\/es\\\/#\\\/schema\\\/person\\\/68ede8bdc292885bb76c1e3810e73c39\",\"name\":\"Lorenzo Verduzco\",\"image\":{\"@type\":\"ImageObject\",\"inLanguage\":\"es\",\"@id\":\"https:\\\/\\\/secure.gravatar.com\\\/avatar\\\/fb81a55b6218459490a9c1dc841a34909185b81904c5337b4b27f7a6fd60c49e?s=96&d=mm&r=g\",\"url\":\"https:\\\/\\\/secure.gravatar.com\\\/avatar\\\/fb81a55b6218459490a9c1dc841a34909185b81904c5337b4b27f7a6fd60c49e?s=96&d=mm&r=g\",\"contentUrl\":\"https:\\\/\\\/secure.gravatar.com\\\/avatar\\\/fb81a55b6218459490a9c1dc841a34909185b81904c5337b4b27f7a6fd60c49e?s=96&d=mm&r=g\",\"caption\":\"Lorenzo Verduzco\"}}]}<\/script>\n<!-- \/ Yoast SEO plugin. -->","yoast_head_json":{"title":"En Interam\u00e9rica, primera conferencia para fot\u00f3grafos adventistas capacita a comunicadores en Cuba - Iglesia Adventista del S\u00e9ptimo D\u00eda - Divisi\u00f3n Interamericana","robots":{"index":"index","follow":"follow","max-snippet":"max-snippet:-1","max-image-preview":"max-image-preview:large","max-video-preview":"max-video-preview:-1"},"canonical":"https:\/\/interamerica.org\/es\/2017\/09\/en-interamerica-primera-conferencia-para-fotografos-adventistas-capacita-a-comunicadores-en-cuba\/","og_locale":"es_ES","og_type":"article","og_title":"En Interam\u00e9rica, primera conferencia para fot\u00f3grafos adventistas capacita a comunicadores en Cuba - Iglesia Adventista del S\u00e9ptimo D\u00eda - Divisi\u00f3n Interamericana","og_description":"Decenas de entusiastas adventistas de todo Cuba y Am\u00e9rica Central, M\u00e9xico y el Caribe se dieron cita para la Conferencia de Fot\u00f3grafos Adventistas el fin de semana pasado en la iglesia adventista de C\u00e1rdenas, en C\u00e1rdenas, Matanzas, Cuba.  El evento, primero de su clase patrocinado por el departamento de Comunicaci\u00f3n de la Divisi\u00f3n Interamericana (DIA) en colaboraci\u00f3n con los principales l\u00edderes de la Iglesia Adventista en Cuba, brind\u00f3 capacitaci\u00f3n a los de m\u00e1s ochenta presentes. El objetivo fue ense\u00f1ar a los participantes c\u00f3mo ser m\u00e1s creativos en la comunicaci\u00f3n visual para cumplir la misi\u00f3n en sus iglesias locales y comunidades.","og_url":"https:\/\/interamerica.org\/es\/2017\/09\/en-interamerica-primera-conferencia-para-fotografos-adventistas-capacita-a-comunicadores-en-cuba\/","og_site_name":"Iglesia Adventista del S\u00e9ptimo D\u00eda - Divisi\u00f3n Interamericana","article_published_time":"2017-09-08T04:00:00+00:00","article_modified_time":"2017-11-17T00:38:55+00:00","og_image":[{"width":2048,"height":1179,"url":"https:\/\/interamerica.org\/wp-content\/uploads\/2017\/11\/Adventist-photographers-group-Cuba.jpg","type":"image\/jpeg"}],"author":"Lorenzo Verduzco","twitter_card":"summary_large_image","twitter_misc":{"Escrito por":"Lorenzo Verduzco","Tiempo de lectura":"8 minutos"},"schema":{"@context":"https:\/\/schema.org","@graph":[{"@type":"Article","@id":"https:\/\/interamerica.org\/es\/2017\/09\/en-interamerica-primera-conferencia-para-fotografos-adventistas-capacita-a-comunicadores-en-cuba\/#article","isPartOf":{"@id":"https:\/\/interamerica.org\/es\/2017\/09\/en-interamerica-primera-conferencia-para-fotografos-adventistas-capacita-a-comunicadores-en-cuba\/"},"author":{"name":"Lorenzo Verduzco","@id":"https:\/\/interamerica.org\/es\/#\/schema\/person\/68ede8bdc292885bb76c1e3810e73c39"},"headline":"En Interam\u00e9rica, primera conferencia para fot\u00f3grafos adventistas capacita a comunicadores en Cuba","datePublished":"2017-09-08T04:00:00+00:00","dateModified":"2017-11-17T00:38:55+00:00","mainEntityOfPage":{"@id":"https:\/\/interamerica.org\/es\/2017\/09\/en-interamerica-primera-conferencia-para-fotografos-adventistas-capacita-a-comunicadores-en-cuba\/"},"wordCount":1535,"image":{"@id":"https:\/\/interamerica.org\/es\/2017\/09\/en-interamerica-primera-conferencia-para-fotografos-adventistas-capacita-a-comunicadores-en-cuba\/#primaryimage"},"thumbnailUrl":"https:\/\/interamerica.org\/wp-content\/uploads\/2017\/11\/Adventist-photographers-group-Cuba.jpg","articleSection":["Desde la sede","RSS Espa\u00f1ol"],"inLanguage":"es"},{"@type":"WebPage","@id":"https:\/\/interamerica.org\/es\/2017\/09\/en-interamerica-primera-conferencia-para-fotografos-adventistas-capacita-a-comunicadores-en-cuba\/","url":"https:\/\/interamerica.org\/es\/2017\/09\/en-interamerica-primera-conferencia-para-fotografos-adventistas-capacita-a-comunicadores-en-cuba\/","name":"En Interam\u00e9rica, primera conferencia para fot\u00f3grafos adventistas capacita a comunicadores en Cuba - Iglesia Adventista del S\u00e9ptimo D\u00eda - Divisi\u00f3n Interamericana","isPartOf":{"@id":"https:\/\/interamerica.org\/es\/#website"},"primaryImageOfPage":{"@id":"https:\/\/interamerica.org\/es\/2017\/09\/en-interamerica-primera-conferencia-para-fotografos-adventistas-capacita-a-comunicadores-en-cuba\/#primaryimage"},"image":{"@id":"https:\/\/interamerica.org\/es\/2017\/09\/en-interamerica-primera-conferencia-para-fotografos-adventistas-capacita-a-comunicadores-en-cuba\/#primaryimage"},"thumbnailUrl":"https:\/\/interamerica.org\/wp-content\/uploads\/2017\/11\/Adventist-photographers-group-Cuba.jpg","datePublished":"2017-09-08T04:00:00+00:00","dateModified":"2017-11-17T00:38:55+00:00","author":{"@id":"https:\/\/interamerica.org\/es\/#\/schema\/person\/68ede8bdc292885bb76c1e3810e73c39"},"breadcrumb":{"@id":"https:\/\/interamerica.org\/es\/2017\/09\/en-interamerica-primera-conferencia-para-fotografos-adventistas-capacita-a-comunicadores-en-cuba\/#breadcrumb"},"inLanguage":"es","potentialAction":[{"@type":"ReadAction","target":["https:\/\/interamerica.org\/es\/2017\/09\/en-interamerica-primera-conferencia-para-fotografos-adventistas-capacita-a-comunicadores-en-cuba\/"]}]},{"@type":"ImageObject","inLanguage":"es","@id":"https:\/\/interamerica.org\/es\/2017\/09\/en-interamerica-primera-conferencia-para-fotografos-adventistas-capacita-a-comunicadores-en-cuba\/#primaryimage","url":"https:\/\/interamerica.org\/wp-content\/uploads\/2017\/11\/Adventist-photographers-group-Cuba.jpg","contentUrl":"https:\/\/interamerica.org\/wp-content\/uploads\/2017\/11\/Adventist-photographers-group-Cuba.jpg","width":2048,"height":1179},{"@type":"BreadcrumbList","@id":"https:\/\/interamerica.org\/es\/2017\/09\/en-interamerica-primera-conferencia-para-fotografos-adventistas-capacita-a-comunicadores-en-cuba\/#breadcrumb","itemListElement":[{"@type":"ListItem","position":1,"name":"Home","item":"https:\/\/interamerica.org\/es\/"},{"@type":"ListItem","position":2,"name":"En Interam\u00e9rica, primera conferencia para fot\u00f3grafos adventistas capacita a comunicadores en Cuba"}]},{"@type":"WebSite","@id":"https:\/\/interamerica.org\/es\/#website","url":"https:\/\/interamerica.org\/es\/","name":"Iglesia Adventista del S\u00e9ptimo D\u00eda - Divisi\u00f3n Interamericana","description":"","potentialAction":[{"@type":"SearchAction","target":{"@type":"EntryPoint","urlTemplate":"https:\/\/interamerica.org\/es\/?s={search_term_string}"},"query-input":{"@type":"PropertyValueSpecification","valueRequired":true,"valueName":"search_term_string"}}],"inLanguage":"es"},{"@type":"Person","@id":"https:\/\/interamerica.org\/es\/#\/schema\/person\/68ede8bdc292885bb76c1e3810e73c39","name":"Lorenzo Verduzco","image":{"@type":"ImageObject","inLanguage":"es","@id":"https:\/\/secure.gravatar.com\/avatar\/fb81a55b6218459490a9c1dc841a34909185b81904c5337b4b27f7a6fd60c49e?s=96&d=mm&r=g","url":"https:\/\/secure.gravatar.com\/avatar\/fb81a55b6218459490a9c1dc841a34909185b81904c5337b4b27f7a6fd60c49e?s=96&d=mm&r=g","contentUrl":"https:\/\/secure.gravatar.com\/avatar\/fb81a55b6218459490a9c1dc841a34909185b81904c5337b4b27f7a6fd60c49e?s=96&d=mm&r=g","caption":"Lorenzo Verduzco"}}]}},"_links":{"self":[{"href":"https:\/\/interamerica.org\/es\/wp-json\/wp\/v2\/posts\/36104","targetHints":{"allow":["GET"]}}],"collection":[{"href":"https:\/\/interamerica.org\/es\/wp-json\/wp\/v2\/posts"}],"about":[{"href":"https:\/\/interamerica.org\/es\/wp-json\/wp\/v2\/types\/post"}],"author":[{"embeddable":true,"href":"https:\/\/interamerica.org\/es\/wp-json\/wp\/v2\/users\/1"}],"replies":[{"embeddable":true,"href":"https:\/\/interamerica.org\/es\/wp-json\/wp\/v2\/comments?post=36104"}],"version-history":[{"count":0,"href":"https:\/\/interamerica.org\/es\/wp-json\/wp\/v2\/posts\/36104\/revisions"}],"wp:featuredmedia":[{"embeddable":true,"href":"https:\/\/interamerica.org\/es\/wp-json\/wp\/v2\/media\/36005"}],"wp:attachment":[{"href":"https:\/\/interamerica.org\/es\/wp-json\/wp\/v2\/media?parent=36104"}],"wp:term":[{"taxonomy":"category","embeddable":true,"href":"https:\/\/interamerica.org\/es\/wp-json\/wp\/v2\/categories?post=36104"},{"taxonomy":"post_tag","embeddable":true,"href":"https:\/\/interamerica.org\/es\/wp-json\/wp\/v2\/tags?post=36104"}],"curies":[{"name":"wp","href":"https:\/\/api.w.org\/{rel}","templated":true}]}}